{"id":6129,"date":"2026-09-06T19:54:58","date_gmt":"2026-09-06T17:54:58","guid":{"rendered":"https:\/\/lascriticas.com\/?p=6129"},"modified":"2026-09-06T19:54:58","modified_gmt":"2026-09-06T17:54:58","slug":"aleteos-vientos-de-carolina-o-fernandez","status":"publish","type":"post","link":"https:\/\/lascriticas.com\/index.php\/2026\/09\/06\/aleteos-vientos-de-carolina-o-fernandez\/","title":{"rendered":"Aleteos &#038; vientos, de Carolina O. Fern\u00e1ndez"},"content":{"rendered":"<p style=\"text-align: justify;\"><span style=\"font-size: 20px; color: #ffffff;\"><i>aleteos &amp; vientos<\/i> de Carolina O. Fern\u00e1ndez<span class=\"Apple-converted-space\">\u00a0<\/span><\/span><\/p>\n<p style=\"text-align: justify;\"><span style=\"font-size: 16px;\"><strong>Carolina O. Fern\u00e1ndez<\/strong> es una de las poetas peruanas contempor\u00e1neas m\u00e1s destacadas. Su trayectoria revela que el recorrido de las escritoras en el Per\u00fa tiende a ser multifac\u00e9tico. Es poeta, ensayista, cr\u00edtica cultural, profesora universitaria, gestora y conductora del encuentro\/taller \u201cPiedras madres\u201d entre marzo y abril de 2024. En 2022 obtuvo una menci\u00f3n honrosa del premio Casa de las Am\u00e9ricas de Cuba, en la categor\u00eda Poes\u00eda por el libro <i>Bordando Quilcas<\/i> (Hipatia, 2023). Desde <i>No queremos cazar la noche<\/i> (Hipocampo Editores, 2019) la po\u00e9tica de Carolina O. Fern\u00e1ndez se ha volcado a la exploraci\u00f3n del v\u00ednculo entre la poes\u00eda y el entorno social, entre el individuo y el universo: el mundo aparece cotidiano, poblado, expandido. Explora escenas en que el universo se constituye por aquellos que no suelen ser \u201cvistos\u201d \u2014enfermos, ancianos, mujeres, dolientes, ni\u00f1os, v\u00edctimas de feminicidio, v\u00edctimas de violencia \u2014 y la naturaleza que resiste. En este modelo en que la poes\u00eda podr\u00eda aludir solo a la an\u00e9cdota, su di\u00e1logo con la realidad excede lo ef\u00edmero. Se establece una circulaci\u00f3n entre el mito y el presente vivido.<span class=\"Apple-converted-space\">\u00a0<\/span><\/span><\/p>\n<p style=\"text-align: justify;\"><span style=\"font-size: 16px;\">Esta perspectiva se materializa, en especial, en el ciclo de <i>Rumikuna del mar<\/i> (Hanan Harawi, 2021), <i>Bordando Quilcas<\/i> (Hipatia, 2023) y esta \u00faltima entrega, <i>aleteos &amp; vientos<\/i> (madr\u00e9pora, 2025), en que se consolida una exploraci\u00f3n de la met\u00e1fora de la \u201cpiedra madre\u201d de <strong>C\u00e9sar Moro<\/strong>. Como se\u00f1ala <strong>Marco Avil\u00e9s<\/strong>, la poes\u00eda de O. Fern\u00e1ndez emprende un proceso de \u201crematriaci\u00f3n\u201d de Lima, a trav\u00e9s de la recuperaci\u00f3n de los elementos m\u00edticos de esta ciudad \u2014a menudo descrita como colonial pese a ser una ciudad milenaria \u2014que se encuentran registrados en los mitos de Huarochir\u00ed. En la poes\u00eda de O. Fern\u00e1ndez las presencias m\u00edticas son textuales y buscan ofrecer un anclaje hist\u00f3rico. Los atributos prehisp\u00e1nicos femeninos de la fertilidad, el disfrute,<span class=\"Apple-converted-space\">\u00a0 <\/span>el cuidado y la maternidad son restituidos hacia un presente ca\u00f3tico, doliente, hu\u00e9rfano. Por ello, en su obra la poes\u00eda restituye el mito desde una urgencia social y pol\u00edtica del presente.<\/span><\/p>\n<p style=\"text-align: justify;\"><span style=\"font-size: 16px;\">Justamente en los a\u00f1os en que aparecen los poemas de este ciclo, desde la pandemia y el ciclo de protestas en Per\u00fa de 2022 hasta el genocidio de Palestina desde 2023, la poes\u00eda ha acompa\u00f1ado las expresiones de protesta y solidaridad. Los poemas pueden circular en las redes sociales, as\u00ed como pueden ser le\u00eddos en espacios de reuniones y plazas. Puede circular de forma gratuita, en formato virtual o impreso. Por estas caracter\u00edsticas, la poes\u00eda, quiz\u00e1 junto con las canciones, ha sido el g\u00e9nero textual que m\u00e1s ha acompa\u00f1ado en estos procesos, lo cual nos emplaza a replantea<b>r<\/b> hoy cu\u00e1l es su funci\u00f3n, cu\u00e1les son sus v\u00ednculos con la sociedad \u2013o c\u00f3mo se configura \u2013 y para qui\u00e9nes se escribe poes\u00eda.<span class=\"Apple-converted-space\">\u00a0<\/span><\/span><\/p>\n<p style=\"text-align: justify;\"><span class=\"Apple-converted-space\" style=\"font-size: 16px;\"> <img loading=\"lazy\" decoding=\"async\" class=\"aligncenter wp-image-6131\" title=\"aleteos &amp; vientos (madr\u00e9pora, 2025)\" src=\"https:\/\/lascriticas.com\/wp-content\/uploads\/2026\/09\/aleteosvientos-couv.jpeg\" alt=\"\" width=\"469\" height=\"322\" \/><\/span><\/p>\n<p style=\"text-align: justify;\"><span style=\"font-size: 16px;\">Parte de <i>aleteos &amp; vientos<\/i> apareci\u00f3 primero como la plaqueta <i>Refugio de los vientos<\/i> (Un pu\u00f1ado de tierra que respira, 2024), y en este poema-plaqueta se articula la forma de composici\u00f3n de <i>aleteos<\/i>. Como se\u00f1ala la poeta <strong>July Sol\u00eds<\/strong> sobre <i>Refugio<\/i>, este se inscribe como \u201cun inventario de hechos hist\u00f3ricos y contempor\u00e1neos, que se siguen repitiendo y que nos laceran de m\u00faltiples formas\u201d. El libro se estructura a partir de este inventario, cuyo estado que destacan dos de sus ep\u00edgrafes: \u201cHuele a quemado\u2026\u201d dice el poema de <strong>Anna Ajm\u00e1tova<\/strong> y \u201cEran unos vientos muy grandes\u2026\u201d dice el ep\u00edgrafe de <strong>Saint-John Perse<\/strong>. As\u00ed, el escenario usual de los poemas de O. Fern\u00e1ndez, el de un mundo saturado de vida, que revela el primer poema, se encadena a escenas de hecatombe bajo la forma de hechos, eventos de un mundo en estado de agon\u00eda: ante el genocidio en Palestina, el desastre forestal en California, en los Andes, en la Amazon\u00eda, en la comunidad campesina de Corosha, la violencia estatal contra los manifestantes del ciclo de protestas peruanos en 2022, entre otros. Estos espacios se vinculan con el presente de la enunciaci\u00f3n del poema, mediante un \u201cyo\u201d po\u00e9tico heterog\u00e9neo y m\u00f3vil, que puede aparecer como un \u201cnosotros\u201d, un \u201cyo\u201d, y que se puede dirigir al lector como un \u201ct\u00fa\u201d o \u201custedes\u201d. As\u00ed, la hecatombe es el lugar desde donde se enuncia el poema. Finalmente \u2013o quiz\u00e1 ineludiblemente \u2013 estos \u201cvientos\u201d que trae la cat\u00e1strofe se prolongan y aterrizan en el cuerpo enfermo del \u201cyo\u201d, lo que revela, como un espejo, c\u00f3mo el desequilibrio c\u00f3smico implica una ruptura entre el mundo y el individuo.<span class=\"Apple-converted-space\">\u00a0<\/span><\/span><\/p>\n<p style=\"text-align: justify;\"><span style=\"font-size: 16px;\">Sin embargo, el poemario no es un artefacto de contemplaci\u00f3n sino de tensi\u00f3n. Enfrenta la hecatombe con la sanaci\u00f3n. La sanaci\u00f3n se proyecta a trav\u00e9s de las figuras m\u00edticas del ciclo de Huarochir\u00ed, a las cuales la poes\u00eda se encuentra vinculada. Algunas figuras, como la huaca Cavillaca, aparecieron ejerciendo el atributo m\u00edtico del cuidado en <i>Bordando quilcas. <\/i>En <i>aleteos, <\/i>las figuras m\u00edticas de Mirahuato y Lautasato, las diosas lime\u00f1as <i>\u00f1amca<\/i>, figuran como presencias cotidianas, insertas en el mundo de la hecatombe. Su posici\u00f3n estrat\u00e9gica, en los primeros poemas, da la pauta de su funci\u00f3n como observadoras y sanadoras. Se lee en los poemas: \u201cMirahuato la que cura los males junto a Lautasato\/ pregunt\u00f3 a un amigo su opini\u00f3n\/sobre la ra\u00edz de las ca\u00eddas y constantes tropiezos\/(\u2026)\u201d, \u201cLos moai tienen cuerpos completos y pensamientos\/como t\u00fa y como yo\/ (musit\u00f3 Mirahuato)\u201d. Ambas presencias observan y <i>dicen<\/i> en el poema, frente a un conjunto de eventos que componen la cat\u00e1strofe que encadena sem\u00e1nticamente los poemas de este libro, sin otro consuelo sino la poes\u00eda y el mito (si acaso no son lo mismo).<\/span><\/p>\n<p style=\"text-align: justify;\"><span style=\"font-size: 16px;\">Es justo se\u00f1alar que este ciclo po\u00e9tico de Carolina O. Fern\u00e1ndez ofrece claves para entender la producci\u00f3n po\u00e9tica en relaci\u00f3n con lo contempor\u00e1neo, lo urgente y lo hist\u00f3rico desde claves distintas de c\u00f3mo se plantea la discusi\u00f3n sobre la llamada \u201cpoes\u00eda social\u201d en el Per\u00fa. Las plataformas desde donde se articulan los libros de este ciclo revelan perspectivas conectadas con lo global, el mito y lo cotidiano, donde las capas hist\u00f3ricas se imbrican con el presente desde la experiencia sentida. As\u00ed, la poes\u00eda de O. Fern\u00e1ndez revela <strong>la experiencia de la heterocron\u00eda<\/strong>, desde la coexistencia de distintos tiempos en un solo espacio, tambi\u00e9n desde la conexi\u00f3n expl\u00edcita con lo <i>humano<\/i> de otros espacios geogr\u00e1ficos, los cuales son procedimientos est\u00e9ticos y pol\u00edticos posibles quiz\u00e1 solo desde este g\u00e9nero. Finalmente, la obra de Carolina O. Fern\u00e1ndez, en este ciclo, nos enfrenta a nuevas im\u00e1genes para pensar Lima, mucho m\u00e1s conectada con la revoluci\u00f3n arqueol\u00f3gica que experimenta la regi\u00f3n desde hace treinta a\u00f1os. Su poes\u00eda transforma el mito en realidad, y esa realidad en las im\u00e1genes de nuestro futuro.<\/span><\/p>\n<p><span style=\"font-size: 16px;\"><strong>O. Fern\u00e1ndez, Carolina.<i> aleteos &amp; vientos, <\/i>madr\u00e9pora, 2025.<\/strong><\/span><\/p>\n<hr \/>\n<p style=\"text-align: justify;\"><span style=\"font-family: 'trebuchet ms', geneva, sans-serif; font-size: 16px;\"><strong>Carolina O. Fern\u00e1ndez<\/strong> es una destacada poeta y acad\u00e9mica peruana. Ha publicado poemas y ensayos, entre los que destacan<em>A tientas<\/em> (2016), finalista en el premio Cop\u00e9 de poes\u00eda 2015, primer premio de los Viernes Literarios; <em>Un gato negro me hace un gui\u00f1o<\/em> (2005), <em>Una vela encendida en el desierto<\/em> (2000) o <i>Bordando quilcas (2022)<\/i>, finalista del Premio Casa de Las Am\u00e9ricas.<\/span><\/p>\n<p><a href=\"https:\/\/lascriticas.com\/index.php\/lascriticas\/miluska-benavides\/\"><span style=\"font-family: 'trebuchet ms', geneva, sans-serif; font-size: 16px;\"><strong>Acerca de Miluska Benavides<\/strong><\/span><\/a><\/p>\n","protected":false},"excerpt":{"rendered":"<p>aleteos &amp; vientos de Carolina O. Fern\u00e1ndez\u00a0 Carolina O. Fern\u00e1ndez es una de las poetas peruanas contempor\u00e1neas m\u00e1s destacadas. Su trayectoria revela que el recorrido de las escritoras en el Per\u00fa tiende a ser multifac\u00e9tico. Es poeta, ensayista, cr\u00edtica cultural, profesora universitaria, gestora y conductora del encuentro\/taller \u201cPiedras madres\u201d entre marzo y abril de 2024&#8230;.<\/p>\n","protected":false},"author":113,"featured_media":6151,"comment_status":"open","ping_status":"open","sticky":false,"template":"","format":"standard","meta":{"footnotes":""},"categories":[45,37],"tags":[154,522,1067,55,419,84,1194,903,87],"yoast_head":"<!-- This site is optimized with the Yoast SEO plugin v23.5 - https:\/\/yoast.com\/wordpress\/plugins\/seo\/ -->\n<title>Aleteos &amp; vientos, de Carolina O. Fern\u00e1ndez - Las Cr\u00edticas<\/title>\n<meta name=\"description\" content=\"Miluska Benavides escribe acerca de aleteos &amp; vientos, de la poeta peruana Carolina O. Fern\u00e1ndez\" \/>\n<meta name=\"robots\" content=\"index, follow, max-snippet:-1, max-image-preview:large, max-video-preview:-1\" \/>\n<link rel=\"canonical\" href=\"https:\/\/lascriticas.com\/index.php\/2026\/09\/06\/aleteos-vientos-de-carolina-o-fernandez\/\" \/>\n<meta property=\"og:locale\" content=\"es_ES\" \/>\n<meta property=\"og:type\" content=\"article\" \/>\n<meta property=\"og:title\" content=\"Aleteos &amp; vientos, de Carolina O. Fern\u00e1ndez - Las Cr\u00edticas\" \/>\n<meta property=\"og:description\" content=\"Miluska Benavides escribe acerca de aleteos &amp; vientos, de la poeta peruana Carolina O. Fern\u00e1ndez\" \/>\n<meta property=\"og:url\" content=\"https:\/\/lascriticas.com\/index.php\/2026\/09\/06\/aleteos-vientos-de-carolina-o-fernandez\/\" \/>\n<meta property=\"og:site_name\" content=\"Las Cr\u00edticas\" \/>\n<meta property=\"article:publisher\" content=\"https:\/\/www.facebook.com\/lascriticas\/\" \/>\n<meta property=\"article:published_time\" content=\"2026-09-06T17:54:58+00:00\" \/>\n<meta property=\"og:image\" content=\"https:\/\/lascriticas.com\/wp-content\/uploads\/2026\/09\/CARO_EN_CASA_DE_TERE_1080x530.jpg\" \/>\n\t<meta property=\"og:image:width\" content=\"1080\" \/>\n\t<meta property=\"og:image:height\" content=\"530\" \/>\n\t<meta property=\"og:image:type\" content=\"image\/jpeg\" \/>\n<meta name=\"author\" content=\"Miluska Benavides\" \/>\n<meta name=\"twitter:card\" content=\"summary_large_image\" \/>\n<meta name=\"twitter:creator\" content=\"@LasCriticas_com\" \/>\n<meta name=\"twitter:site\" content=\"@LasCriticas_com\" \/>\n<meta name=\"twitter:label1\" content=\"Escrito por\" \/>\n\t<meta name=\"twitter:data1\" content=\"Miluska Benavides\" \/>\n\t<meta name=\"twitter:label2\" content=\"Tiempo de lectura\" \/>\n\t<meta name=\"twitter:data2\" content=\"6 minutos\" \/>\n<script type=\"application\/ld+json\" class=\"yoast-schema-graph\">{\"@context\":\"https:\/\/schema.org\",\"@graph\":[{\"@type\":\"Article\",\"@id\":\"https:\/\/lascriticas.com\/index.php\/2026\/09\/06\/aleteos-vientos-de-carolina-o-fernandez\/#article\",\"isPartOf\":{\"@id\":\"https:\/\/lascriticas.com\/index.php\/2026\/09\/06\/aleteos-vientos-de-carolina-o-fernandez\/\"},\"author\":{\"name\":\"Miluska Benavides\",\"@id\":\"https:\/\/lascriticas.com\/#\/schema\/person\/0fd435042fee4025cc75ae68f2e13922\"},\"headline\":\"Aleteos &#038; vientos, de Carolina O. Fern\u00e1ndez\",\"datePublished\":\"2026-09-06T17:54:58+00:00\",\"dateModified\":\"2026-09-06T17:54:58+00:00\",\"mainEntityOfPage\":{\"@id\":\"https:\/\/lascriticas.com\/index.php\/2026\/09\/06\/aleteos-vientos-de-carolina-o-fernandez\/\"},\"wordCount\":1284,\"commentCount\":0,\"publisher\":{\"@id\":\"https:\/\/lascriticas.com\/#organization\"},\"image\":{\"@id\":\"https:\/\/lascriticas.com\/index.php\/2026\/09\/06\/aleteos-vientos-de-carolina-o-fernandez\/#primaryimage\"},\"thumbnailUrl\":\"https:\/\/lascriticas.com\/wp-content\/uploads\/2026\/09\/CARO_EN_CASA_DE_TERE_1080x530.jpg\",\"keywords\":[\"historia\",\"Lima\",\"mito\",\"poes\u00eda\",\"poes\u00eda peruana\",\"pol\u00edtica\",\"protesta\",\"sanaci\u00f3n\",\"violencia\"],\"articleSection\":[\"Poes\u00eda\",\"Rese\u00f1as\"],\"inLanguage\":\"es\",\"potentialAction\":[{\"@type\":\"CommentAction\",\"name\":\"Comment\",\"target\":[\"https:\/\/lascriticas.com\/index.php\/2026\/09\/06\/aleteos-vientos-de-carolina-o-fernandez\/#respond\"]}]},{\"@type\":\"WebPage\",\"@id\":\"https:\/\/lascriticas.com\/index.php\/2026\/09\/06\/aleteos-vientos-de-carolina-o-fernandez\/\",\"url\":\"https:\/\/lascriticas.com\/index.php\/2026\/09\/06\/aleteos-vientos-de-carolina-o-fernandez\/\",\"name\":\"Aleteos & vientos, de Carolina O. Fern\u00e1ndez - Las Cr\u00edticas\",\"isPartOf\":{\"@id\":\"https:\/\/lascriticas.com\/#website\"},\"primaryImageOfPage\":{\"@id\":\"https:\/\/lascriticas.com\/index.php\/2026\/09\/06\/aleteos-vientos-de-carolina-o-fernandez\/#primaryimage\"},\"image\":{\"@id\":\"https:\/\/lascriticas.com\/index.php\/2026\/09\/06\/aleteos-vientos-de-carolina-o-fernandez\/#primaryimage\"},\"thumbnailUrl\":\"https:\/\/lascriticas.com\/wp-content\/uploads\/2026\/09\/CARO_EN_CASA_DE_TERE_1080x530.jpg\",\"datePublished\":\"2026-09-06T17:54:58+00:00\",\"dateModified\":\"2026-09-06T17:54:58+00:00\",\"description\":\"Miluska Benavides escribe acerca de aleteos & vientos, de la poeta peruana Carolina O. Fern\u00e1ndez\",\"breadcrumb\":{\"@id\":\"https:\/\/lascriticas.com\/index.php\/2026\/09\/06\/aleteos-vientos-de-carolina-o-fernandez\/#breadcrumb\"},\"inLanguage\":\"es\",\"potentialAction\":[{\"@type\":\"ReadAction\",\"target\":[\"https:\/\/lascriticas.com\/index.php\/2026\/09\/06\/aleteos-vientos-de-carolina-o-fernandez\/\"]}]},{\"@type\":\"ImageObject\",\"inLanguage\":\"es\",\"@id\":\"https:\/\/lascriticas.com\/index.php\/2026\/09\/06\/aleteos-vientos-de-carolina-o-fernandez\/#primaryimage\",\"url\":\"https:\/\/lascriticas.com\/wp-content\/uploads\/2026\/09\/CARO_EN_CASA_DE_TERE_1080x530.jpg\",\"contentUrl\":\"https:\/\/lascriticas.com\/wp-content\/uploads\/2026\/09\/CARO_EN_CASA_DE_TERE_1080x530.jpg\",\"width\":1080,\"height\":530},{\"@type\":\"BreadcrumbList\",\"@id\":\"https:\/\/lascriticas.com\/index.php\/2026\/09\/06\/aleteos-vientos-de-carolina-o-fernandez\/#breadcrumb\",\"itemListElement\":[{\"@type\":\"ListItem\",\"position\":1,\"name\":\"Inicio\",\"item\":\"https:\/\/lascriticas.com\/\"},{\"@type\":\"ListItem\",\"position\":2,\"name\":\"Aleteos &#038; vientos, de Carolina O. Fern\u00e1ndez\"}]},{\"@type\":\"WebSite\",\"@id\":\"https:\/\/lascriticas.com\/#website\",\"url\":\"https:\/\/lascriticas.com\/\",\"name\":\"Las Cr\u00edticas\",\"description\":\"Cr\u00edtica literaria hecha por mujeres\",\"publisher\":{\"@id\":\"https:\/\/lascriticas.com\/#organization\"},\"potentialAction\":[{\"@type\":\"SearchAction\",\"target\":{\"@type\":\"EntryPoint\",\"urlTemplate\":\"https:\/\/lascriticas.com\/?s={search_term_string}\"},\"query-input\":{\"@type\":\"PropertyValueSpecification\",\"valueRequired\":true,\"valueName\":\"search_term_string\"}}],\"inLanguage\":\"es\"},{\"@type\":\"Organization\",\"@id\":\"https:\/\/lascriticas.com\/#organization\",\"name\":\"Las Cr\u00edticas\",\"url\":\"https:\/\/lascriticas.com\/\",\"logo\":{\"@type\":\"ImageObject\",\"inLanguage\":\"es\",\"@id\":\"https:\/\/lascriticas.com\/#\/schema\/logo\/image\/\",\"url\":\"https:\/\/lascriticas.com\/wp-content\/uploads\/2016\/09\/Las-Cr\u00edticas.png\",\"contentUrl\":\"https:\/\/lascriticas.com\/wp-content\/uploads\/2016\/09\/Las-Cr\u00edticas.png\",\"width\":372,\"height\":201,\"caption\":\"Las Cr\u00edticas\"},\"image\":{\"@id\":\"https:\/\/lascriticas.com\/#\/schema\/logo\/image\/\"},\"sameAs\":[\"https:\/\/www.facebook.com\/lascriticas\/\",\"https:\/\/x.com\/LasCriticas_com\",\"https:\/\/www.instagram.com\/lascriticas_com\/\",\"https:\/\/www.youtube.com\/channel\/UCd7r-H6EJA4sSXGLX33_iHQ\"]},{\"@type\":\"Person\",\"@id\":\"https:\/\/lascriticas.com\/#\/schema\/person\/0fd435042fee4025cc75ae68f2e13922\",\"name\":\"Miluska Benavides\",\"image\":{\"@type\":\"ImageObject\",\"inLanguage\":\"es\",\"@id\":\"https:\/\/lascriticas.com\/#\/schema\/person\/image\/\",\"url\":\"https:\/\/secure.gravatar.com\/avatar\/6a70e6b22427bbc51be69b86b52c1bb1?s=96&d=mm&r=g\",\"contentUrl\":\"https:\/\/secure.gravatar.com\/avatar\/6a70e6b22427bbc51be69b86b52c1bb1?s=96&d=mm&r=g\",\"caption\":\"Miluska Benavides\"},\"url\":\"https:\/\/lascriticas.com\/index.php\/author\/miluska-benavides\/\"}]}<\/script>\n<!-- \/ Yoast SEO plugin. -->","yoast_head_json":{"title":"Aleteos & vientos, de Carolina O. Fern\u00e1ndez - Las Cr\u00edticas","description":"Miluska Benavides escribe acerca de aleteos & vientos, de la poeta peruana Carolina O. Fern\u00e1ndez","robots":{"index":"index","follow":"follow","max-snippet":"max-snippet:-1","max-image-preview":"max-image-preview:large","max-video-preview":"max-video-preview:-1"},"canonical":"https:\/\/lascriticas.com\/index.php\/2026\/09\/06\/aleteos-vientos-de-carolina-o-fernandez\/","og_locale":"es_ES","og_type":"article","og_title":"Aleteos & vientos, de Carolina O. Fern\u00e1ndez - Las Cr\u00edticas","og_description":"Miluska Benavides escribe acerca de aleteos & vientos, de la poeta peruana Carolina O. Fern\u00e1ndez","og_url":"https:\/\/lascriticas.com\/index.php\/2026\/09\/06\/aleteos-vientos-de-carolina-o-fernandez\/","og_site_name":"Las Cr\u00edticas","article_publisher":"https:\/\/www.facebook.com\/lascriticas\/","article_published_time":"2026-09-06T17:54:58+00:00","og_image":[{"width":1080,"height":530,"url":"https:\/\/lascriticas.com\/wp-content\/uploads\/2026\/09\/CARO_EN_CASA_DE_TERE_1080x530.jpg","type":"image\/jpeg"}],"author":"Miluska Benavides","twitter_card":"summary_large_image","twitter_creator":"@LasCriticas_com","twitter_site":"@LasCriticas_com","twitter_misc":{"Escrito por":"Miluska Benavides","Tiempo de lectura":"6 minutos"},"schema":{"@context":"https:\/\/schema.org","@graph":[{"@type":"Article","@id":"https:\/\/lascriticas.com\/index.php\/2026\/09\/06\/aleteos-vientos-de-carolina-o-fernandez\/#article","isPartOf":{"@id":"https:\/\/lascriticas.com\/index.php\/2026\/09\/06\/aleteos-vientos-de-carolina-o-fernandez\/"},"author":{"name":"Miluska Benavides","@id":"https:\/\/lascriticas.com\/#\/schema\/person\/0fd435042fee4025cc75ae68f2e13922"},"headline":"Aleteos &#038; vientos, de Carolina O. Fern\u00e1ndez","datePublished":"2026-09-06T17:54:58+00:00","dateModified":"2026-09-06T17:54:58+00:00","mainEntityOfPage":{"@id":"https:\/\/lascriticas.com\/index.php\/2026\/09\/06\/aleteos-vientos-de-carolina-o-fernandez\/"},"wordCount":1284,"commentCount":0,"publisher":{"@id":"https:\/\/lascriticas.com\/#organization"},"image":{"@id":"https:\/\/lascriticas.com\/index.php\/2026\/09\/06\/aleteos-vientos-de-carolina-o-fernandez\/#primaryimage"},"thumbnailUrl":"https:\/\/lascriticas.com\/wp-content\/uploads\/2026\/09\/CARO_EN_CASA_DE_TERE_1080x530.jpg","keywords":["historia","Lima","mito","poes\u00eda","poes\u00eda peruana","pol\u00edtica","protesta","sanaci\u00f3n","violencia"],"articleSection":["Poes\u00eda","Rese\u00f1as"],"inLanguage":"es","potentialAction":[{"@type":"CommentAction","name":"Comment","target":["https:\/\/lascriticas.com\/index.php\/2026\/09\/06\/aleteos-vientos-de-carolina-o-fernandez\/#respond"]}]},{"@type":"WebPage","@id":"https:\/\/lascriticas.com\/index.php\/2026\/09\/06\/aleteos-vientos-de-carolina-o-fernandez\/","url":"https:\/\/lascriticas.com\/index.php\/2026\/09\/06\/aleteos-vientos-de-carolina-o-fernandez\/","name":"Aleteos & vientos, de Carolina O. Fern\u00e1ndez - Las Cr\u00edticas","isPartOf":{"@id":"https:\/\/lascriticas.com\/#website"},"primaryImageOfPage":{"@id":"https:\/\/lascriticas.com\/index.php\/2026\/09\/06\/aleteos-vientos-de-carolina-o-fernandez\/#primaryimage"},"image":{"@id":"https:\/\/lascriticas.com\/index.php\/2026\/09\/06\/aleteos-vientos-de-carolina-o-fernandez\/#primaryimage"},"thumbnailUrl":"https:\/\/lascriticas.com\/wp-content\/uploads\/2026\/09\/CARO_EN_CASA_DE_TERE_1080x530.jpg","datePublished":"2026-09-06T17:54:58+00:00","dateModified":"2026-09-06T17:54:58+00:00","description":"Miluska Benavides escribe acerca de aleteos & vientos, de la poeta peruana Carolina O. Fern\u00e1ndez","breadcrumb":{"@id":"https:\/\/lascriticas.com\/index.php\/2026\/09\/06\/aleteos-vientos-de-carolina-o-fernandez\/#breadcrumb"},"inLanguage":"es","potentialAction":[{"@type":"ReadAction","target":["https:\/\/lascriticas.com\/index.php\/2026\/09\/06\/aleteos-vientos-de-carolina-o-fernandez\/"]}]},{"@type":"ImageObject","inLanguage":"es","@id":"https:\/\/lascriticas.com\/index.php\/2026\/09\/06\/aleteos-vientos-de-carolina-o-fernandez\/#primaryimage","url":"https:\/\/lascriticas.com\/wp-content\/uploads\/2026\/09\/CARO_EN_CASA_DE_TERE_1080x530.jpg","contentUrl":"https:\/\/lascriticas.com\/wp-content\/uploads\/2026\/09\/CARO_EN_CASA_DE_TERE_1080x530.jpg","width":1080,"height":530},{"@type":"BreadcrumbList","@id":"https:\/\/lascriticas.com\/index.php\/2026\/09\/06\/aleteos-vientos-de-carolina-o-fernandez\/#breadcrumb","itemListElement":[{"@type":"ListItem","position":1,"name":"Inicio","item":"https:\/\/lascriticas.com\/"},{"@type":"ListItem","position":2,"name":"Aleteos &#038; vientos, de Carolina O. Fern\u00e1ndez"}]},{"@type":"WebSite","@id":"https:\/\/lascriticas.com\/#website","url":"https:\/\/lascriticas.com\/","name":"Las Cr\u00edticas","description":"Cr\u00edtica literaria hecha por mujeres","publisher":{"@id":"https:\/\/lascriticas.com\/#organization"},"potentialAction":[{"@type":"SearchAction","target":{"@type":"EntryPoint","urlTemplate":"https:\/\/lascriticas.com\/?s={search_term_string}"},"query-input":{"@type":"PropertyValueSpecification","valueRequired":true,"valueName":"search_term_string"}}],"inLanguage":"es"},{"@type":"Organization","@id":"https:\/\/lascriticas.com\/#organization","name":"Las Cr\u00edticas","url":"https:\/\/lascriticas.com\/","logo":{"@type":"ImageObject","inLanguage":"es","@id":"https:\/\/lascriticas.com\/#\/schema\/logo\/image\/","url":"https:\/\/lascriticas.com\/wp-content\/uploads\/2016\/09\/Las-Cr\u00edticas.png","contentUrl":"https:\/\/lascriticas.com\/wp-content\/uploads\/2016\/09\/Las-Cr\u00edticas.png","width":372,"height":201,"caption":"Las Cr\u00edticas"},"image":{"@id":"https:\/\/lascriticas.com\/#\/schema\/logo\/image\/"},"sameAs":["https:\/\/www.facebook.com\/lascriticas\/","https:\/\/x.com\/LasCriticas_com","https:\/\/www.instagram.com\/lascriticas_com\/","https:\/\/www.youtube.com\/channel\/UCd7r-H6EJA4sSXGLX33_iHQ"]},{"@type":"Person","@id":"https:\/\/lascriticas.com\/#\/schema\/person\/0fd435042fee4025cc75ae68f2e13922","name":"Miluska Benavides","image":{"@type":"ImageObject","inLanguage":"es","@id":"https:\/\/lascriticas.com\/#\/schema\/person\/image\/","url":"https:\/\/secure.gravatar.com\/avatar\/6a70e6b22427bbc51be69b86b52c1bb1?s=96&d=mm&r=g","contentUrl":"https:\/\/secure.gravatar.com\/avatar\/6a70e6b22427bbc51be69b86b52c1bb1?s=96&d=mm&r=g","caption":"Miluska Benavides"},"url":"https:\/\/lascriticas.com\/index.php\/author\/miluska-benavides\/"}]}},"_links":{"self":[{"href":"https:\/\/lascriticas.com\/index.php\/wp-json\/wp\/v2\/posts\/6129"}],"collection":[{"href":"https:\/\/lascriticas.com\/index.php\/wp-json\/wp\/v2\/posts"}],"about":[{"href":"https:\/\/lascriticas.com\/index.php\/wp-json\/wp\/v2\/types\/post"}],"author":[{"embeddable":true,"href":"https:\/\/lascriticas.com\/index.php\/wp-json\/wp\/v2\/users\/113"}],"replies":[{"embeddable":true,"href":"https:\/\/lascriticas.com\/index.php\/wp-json\/wp\/v2\/comments?post=6129"}],"version-history":[{"count":5,"href":"https:\/\/lascriticas.com\/index.php\/wp-json\/wp\/v2\/posts\/6129\/revisions"}],"predecessor-version":[{"id":6157,"href":"https:\/\/lascriticas.com\/index.php\/wp-json\/wp\/v2\/posts\/6129\/revisions\/6157"}],"wp:featuredmedia":[{"embeddable":true,"href":"https:\/\/lascriticas.com\/index.php\/wp-json\/wp\/v2\/media\/6151"}],"wp:attachment":[{"href":"https:\/\/lascriticas.com\/index.php\/wp-json\/wp\/v2\/media?parent=6129"}],"wp:term":[{"taxonomy":"category","embeddable":true,"href":"https:\/\/lascriticas.com\/index.php\/wp-json\/wp\/v2\/categories?post=6129"},{"taxonomy":"post_tag","embeddable":true,"href":"https:\/\/lascriticas.com\/index.php\/wp-json\/wp\/v2\/tags?post=6129"}],"curies":[{"name":"wp","href":"https:\/\/api.w.org\/{rel}","templated":true}]}}