{"id":6109,"date":"2026-09-06T20:02:04","date_gmt":"2026-09-06T18:02:04","guid":{"rendered":"https:\/\/lascriticas.com\/?p=6109"},"modified":"2026-09-06T20:10:17","modified_gmt":"2026-09-06T18:10:17","slug":"el-bosque-de-tu-nombre-de-karina-pacheco-medrano","status":"publish","type":"post","link":"https:\/\/lascriticas.com\/index.php\/2026\/09\/06\/el-bosque-de-tu-nombre-de-karina-pacheco-medrano\/","title":{"rendered":"El bosque de tu nombre, de Karina Pacheco Medrano"},"content":{"rendered":"<h1 style=\"text-align: justify;\"><span style=\"font-size: 20px;\"><b><i>El bosque de tu <\/i><em>nombre<\/em>, trece a\u00f1os despu\u00e9s<\/b><\/span><\/h1>\n<p style=\"text-align: justify;\"><span style=\"font-size: 16px;\"><i>El bosque de tu <\/i>nombre, de Karina Pacheco Medrano, publicada en el 2013, ha sido reeditada este a\u00f1o con un pr\u00f3logo que lleva el hermoso t\u00edtulo <i>Ac\u00e9rquense los del fuego, <\/i>en el que la autora cuenta el origen de este libro.<\/span><\/p>\n<p style=\"text-align: justify;\"><span style=\"font-size: 16px;\">Entrar en esta novela es una aventura literaria compleja y exigente, es la entrada en una inmensidad. Esta es una novela hist\u00f3rica sobre los a\u00f1os sombr\u00edos de un pa\u00eds extranjero, construida a partir de una investigaci\u00f3n seria y minuciosa, y con el suficiente dominio de los recursos literarios para hacer este relato completo y vasto, una historia apasionante y altamente dram\u00e1tica en la que su tarea principal es desvelar lo indecible, y a partir de ello permitirnos acceder en el territorio de la ficci\u00f3n al para\u00edso y tambi\u00e9n al infierno de la naturaleza humana.<\/span><\/p>\n<p style=\"text-align: justify;\"><span style=\"font-size: 16px;\">Hice una primera lectura de este libro hace trece a\u00f1os, y desde entonces es, junto a <i>El polvo, la sangre y la nieve<\/i>, uno de mis libros favoritos de Pacheco. Esta relectura permite confirmar su talento como escritora, su gran sensibilidad literaria, un amor visible por la naturaleza y un inmenso respeto por la integridad del ser humano.<\/span><\/p>\n<p style=\"text-align: justify;\"><span style=\"font-size: 16px;\">Han pasado trece a\u00f1os y las preguntas que este libro nos provoca siguen vigentes, quiz\u00e1s m\u00e1s todav\u00eda hoy, en un mundo que le hace un lugar cada vez m\u00e1s grande al fascismo, al autoritarismo craso, a la p\u00e9rdida del esp\u00edritu cr\u00edtico.<\/span><\/p>\n<p style=\"text-align: justify;\"><span class=\"Apple-converted-space\" style=\"font-size: 16px;\"> <img loading=\"lazy\" decoding=\"async\" class=\"aligncenter wp-image-6111\" title=\"El bosque de tu nombre\" src=\"https:\/\/lascriticas.com\/wp-content\/uploads\/2026\/09\/el-bosque-de-tu-nombre-scaled.jpeg\" alt=\"\" width=\"326\" height=\"519\" srcset=\"https:\/\/lascriticas.com\/wp-content\/uploads\/2026\/09\/el-bosque-de-tu-nombre-scaled.jpeg 1610w, https:\/\/lascriticas.com\/wp-content\/uploads\/2026\/09\/el-bosque-de-tu-nombre-768x1221.jpeg 768w, https:\/\/lascriticas.com\/wp-content\/uploads\/2026\/09\/el-bosque-de-tu-nombre-966x1536.jpeg 966w, https:\/\/lascriticas.com\/wp-content\/uploads\/2026\/09\/el-bosque-de-tu-nombre-1288x2048.jpeg 1288w\" sizes=\"(max-width: 326px) 100vw, 326px\" \/><\/span><\/p>\n<p style=\"text-align: justify;\"><span style=\"font-size: 16px;\">Esta novela comienza en Londres, gracias a la voz de Ariel, un m\u00e9dico que ha crecido lejos de Guatemala, el pa\u00eds de su padre \u2013Guate, lo llama\u2013, un lugar que guarda en su coraz\u00f3n como el para\u00edso perdido de todo heredero del exilio. Ariel vive en un mundo de confort, ha recorrido algunos pa\u00edses como m\u00e9dico humanitario y a sus cuarentaitantos se encuentra nuevamente en el primer mundo, convertido en cirujano de una elegante cl\u00ednica est\u00e9tica. Guatemala es para \u00e9l, como sucede con muchos hijos de latinoamericanos crecidos en el primer mundo, un espacio de belleza nost\u00e1lgica del que guarda hermosos recuerdos de viaje, una vaga idea de su historia y sobre el que no pregunta nada. Hasta que un d\u00eda, por accidente, accede a un secreto familiar despu\u00e9s de la muerte de Le\u00f3n, su padre. Y a trav\u00e9s de ese secreto entra plenamente, como quien es absorbido por un tornado de memoria, a una de las historias pol\u00edticas m\u00e1s violentas del \u00faltimo siglo. Ariel elegir\u00e1 entonces volver a la tierra de su padre y enfrentar ese pasado.<\/span><\/p>\n<p style=\"text-align: justify;\"><span style=\"font-size: 16px;\">Gracias a su viaje comienza tambi\u00e9n para nosotros lectores la inmersi\u00f3n en un mundo dividido, similar al que nosotros los peruanos conocemos, marcado por la dominaci\u00f3n de los blancos y la exclusi\u00f3n del ind\u00edgena. Una exclusi\u00f3n cultural, social, racial y pol\u00edtica absoluta cuya tremenda injusticia se percibe plenamente a trav\u00e9s de la distancia. Una exclusi\u00f3n hist\u00f3rica que alcanza su cl\u00edmax en la d\u00e9cada de los ochenta, con el asesinato sistem\u00e1tico como pol\u00edtica de estado, produciendo en Guatemala alrededor de 200 000 muertos, 83 por ciento de ellos mayas.<span class=\"Apple-converted-space\">\u00a0<\/span><\/span><\/p>\n<p style=\"text-align: justify;\"><span style=\"font-size: 16px;\">El viaje a trav\u00e9s de la historia guatemalteca que hace Ariel va a trastocarlo todo: su vida, la de sus hermanos y su madre. Tambi\u00e9n la del lector. En la historia que Ariel va desgranando, descubrimos la biograf\u00eda de sus padres: su padre un docente universitario y activista guatemalteco, y su madre una profesora de escuela que decide dedicar un periodo de su vida al voluntariado. Su encuentro en Mexico, su c\u00edrculo de amigos, gente sensible a la defensa de la cultura ind\u00edgena, opositores al gobierno autoritario que sucede r\u00e1pidamente a los pocos a\u00f1os de democracia, un grupo de personajes valiosos que en aquellos \u00e1lgidos a\u00f1os trabajaron, de maneras distintas y poniendo en juego su vida, para colmar la brecha que a\u00fan divide a Guatemala.<\/span><\/p>\n<p style=\"text-align: justify;\"><span style=\"font-size: 16px;\">Entramos a la facultad de historia de la Universidad de San Carlos, a los cursos que dicta en los a\u00f1os sesenta Le\u00f3n Cordado, padre de Ariel y profesor; y conocemos progresivamente a Carlos Fonseca, estudiante primero, luego guerrillero; a Abilio Arang\u00fcena, hijo de un poderoso terrateniente y m\u00e1s tarde reconocido historiador; a Pablo Garmendia, joven voluntario en programas de alfabetizaci\u00f3n y liderazgo; a Raquel Gaspar, hija de un maestro opositor del gobierno. A trav\u00e9s de ellos, y de sus recuerdos, se va dibujando el inolvidable retrato de la protagonista ausente, musa y hero\u00edna de esta novela: Coralia del R\u00edo.<\/span><\/p>\n<p style=\"text-align: justify;\"><span style=\"font-size: 16px;\"><i>El bosque de tu nombre<\/i> es un testimonio potente y emotivo que podemos situar entre las mejores novelas que denuncian el terrorismo institucional en Am\u00e9rica Latina. Es un libro acerca del valor y de la manera en que la cada uno se enfrenta a grandes decisiones a trav\u00e9s de actos peque\u00f1os. El coraje aparece en esta novela \u00edntimamente conectado a la verdad. Sus personajes importantes est\u00e1n obligados a tomar posici\u00f3n, algunos rehuyendo la responsabilidad que las circunstancias imponen, otros asumi\u00e9ndolas sin medir las consecuencias, otros\/otras a sabiendas de estar arriesgando sus vidas.<\/span><\/p>\n<p style=\"text-align: justify;\"><span style=\"font-size: 16px;\">Esta es una novela repleta de aventuras dram\u00e1ticas en el sentido pleno que tiene esta palabra: es decir, una suma de acontecimientos extra\u00f1os, de casualidades, una empresa de resultado incierto. Su trama est\u00e1 tejida por las historias individuales de personajes enfrentados a un Estado corrupto y autoritario hasta la m\u00e9dula, historias estructuradas con inteligencia y talento en un solo relato central, tenso y complejo, que nos deja sin aliento hasta el \u00faltimo cap\u00edtulo.<\/span><\/p>\n<p style=\"text-align: justify;\"><span style=\"font-size: 16px;\">Pero no estamos frente a una novela que presenta los hechos de manera maniquea. Sus personajes son complejos, dudan, cambian, se equivocan. Nos encontramos con personas que en un momento de sus vidas pueden o deben elegir y lo hacen respondiendo a su historia familiar, a su dificultades, a sus relaciones ambiguas, nobles o torturadas para con los dem\u00e1s. Est\u00e1n atravesados por contradicciones, por pasiones, por el deber o el amor. Y es as\u00ed como intervienen en la trama que la autora desarrollar\u00e1, y cada uno de ellos jugar\u00e1 un rol en la historia de su pa\u00eds.<\/span><\/p>\n<p style=\"text-align: justify;\"><span style=\"font-size: 16px;\">Esta novela pol\u00edtica y social describe de manera descarnada el destino seguido por Guatemala desde los a\u00f1os cincuenta, cuando se pone fin a la democracia y la ingerencia norteamericana cobra fuerza para desplegar m\u00e1s tarde su efecto destructor. A lo largo de la narraci\u00f3n, Ariel va dando minuciosa cuenta de la sucesi\u00f3n de gobiernos y de su com\u00fan denominador: la concentraci\u00f3n del poder y la cultura del miedo, la violencia y la muerte. Ariel nos cuenta la historia no oficia, la corrige y desmonta la supercher\u00eda de \u00abla guerra civil\u00bb, detallando paso a paso, cada uno de los hechos que condujeron a los m\u00e1s de treinta a\u00f1os de masacre de ind\u00edgenas y de sus defensores.<\/span><\/p>\n<p style=\"text-align: justify;\"><span style=\"font-size: 16px;\">A quien pudiera preguntarse qu\u00e9 relaci\u00f3n puede tenerse desde este lugar con la historia de ese pa\u00eds centroamericano, en qu\u00e9 nos concierne, yo le dir\u00eda que es una novela que cuenta la historia de Am\u00e9rica Latina. Es una novela sobre las dictaduras, el racismo y las memorias fracturadas del continente. Nos permite pensar en pa\u00edses como Argentina, Chile, Colombia, y sobre todo en el nuestro.<\/span><\/p>\n<p style=\"text-align: justify;\"><span style=\"font-size: 16px;\">Para el lector peruano, el drama social guatemalteco es un reflejo extremo de nuestras dos peores d\u00e9cadas de horror, y lo vivido por Guatemala nos muestra que siempre se puede caer m\u00e1s abajo en el abismo. En una realidad social moldeada por el racismo, el pueblo maya es v\u00edctima de un verdadero genocidio y el lector lo ve de cerca en la vida clandestina de Pedro Ixil, ind\u00edgena creador de cooperativas agrarias y \u00faltimo sobreviviente de una l\u00ednea de sacerdotes; o en el martirio sufrido y compartido con otros personajes an\u00f3nimos por Juana Tum K\u00f3toja, personaje extra\u00eddo de la vida real, curandera, feminista ya en esos tiempos y madre de la Premio Nobel Rigoberta Mench\u00fa.<\/span><\/p>\n<p style=\"text-align: justify;\"><span style=\"font-size: 16px;\">Karina nos invita a leer una novela ampliamente documentada y ese es uno de sus mejores logros narrativos. Este libro es tambi\u00e9n una novela detectivesca basada en lecturas de numerosos documentos, testimonios, conversaciones. Construida como un rompecabezas en el que todo se sostiene. Una historia que le da vida a personajes reales e imaginarios y que transpira verdad. Son casi cuatrocientas p\u00e1ginas de una maquinaria narrativa muy bien construida y en la que el suspenso se mantiene del inicio al fin.<\/span><\/p>\n<p style=\"text-align: justify;\"><span style=\"font-size: 16px;\">Como en todas las novelas de Karina, lo que ya es una de las principales caracter\u00edsticas de su obra literaria, la naturaleza es aqu\u00ed un personaje. Es el espacio donde todo nace, donde muchos desaparecen, donde otros se refugian, donde son perseguidos, es el espacio donde se guarda la memoria, donde sobreviven saberes ind\u00edgenas que el Estado intenta destruir. El bosque de Guatemala, sus plantas, p\u00e1jaros, su atm\u00f3sfera, sus r\u00edos, todo est\u00e1 vivo y participa en el desencadenamiento de la tragedia pero tambi\u00e9n del renacimiento.<\/span><\/p>\n<p style=\"text-align: justify;\"><span style=\"font-size: 16px;\">Esta novela habla tambi\u00e9n de la transmisi\u00f3n de la memoria, otro de los grandes temas de la obra de Karina. Ariel no investiga \u00fanicamente el pasado de un pa\u00eds; investiga un vac\u00edo en su propia identidad. <i>El bosque de tu nombre<\/i> nos plantea as\u00ed una pregunta muy actual: \u00bfqu\u00e9 heredan los hijos de quienes callaron?<\/span><\/p>\n<p style=\"text-align: justify;\"><span style=\"font-size: 16px;\">En su novela, la memoria no aparece como un deber moral abstracto sino como una necesidad \u00edntima. Y el verdadero viaje de Ariel adem\u00e1s de descubrir qu\u00e9 ocurri\u00f3 en Guatemala, consiste en comprender qui\u00e9n es \u00e9l despu\u00e9s de descubrir que su propia biograf\u00eda estaba construida sobre un silencio.<\/span><\/p>\n<p style=\"text-align: justify;\"><span style=\"font-size: 16px;\">En el plano simb\u00f3lico, <i>El bosque de tu nombre <\/i>comienza con el descubrimiento de un manuscrito. La novelista le otorga as\u00ed, un valor singular a lo escrito. Y esto resulta a\u00fan m\u00e1s significativo pues en la novela se dibuja una realidad en la que al pueblo maya se le niega la palabra. As\u00ed, en una terrible escena, dos ancianos son sometidos a un interrogatorio b\u00e1rbaro e in\u00fatil, puesto que s\u00f3lo hablan cakchiquel; del mismo modo, los testimonios a los que la novela nos da acceso nunca son contados directamente por los mayas, sino por aquellos personajes que buscan darles voz: los h\u00e9roes de este libro, alfabetizadores, individuos-puente cuya misi\u00f3n inicial, que es la de aproximar al maya de la modernidad, termina convirti\u00e9ndose en un retorno al origen gracias a la figura de Mama Ixchel, la partera, la dadora de vida.<span class=\"Apple-converted-space\">\u00a0<\/span><\/span><\/p>\n<p style=\"text-align: justify;\"><span style=\"font-size: 16px;\">Este simbolismo es tambi\u00e9n onom\u00e1stico: la bella Coralia, cuyo nombre significa a la vez \u201cjoven mujer\u201d y \u201cvocecita\u201d, representa en esta novela, la vocecita creciente de Guatemala, enamorada primero del espejismo de un pa\u00eds en apariencia reconciliado consigo mismo, a trav\u00e9s del apuesto y obsesivo personaje de Jorge Lester; y m\u00e1s tarde, ya l\u00facida y segura de su misi\u00f3n, casada con el periodista y educador radial en lenguas mayas, Fernando Voz.<span class=\"Apple-converted-space\">\u00a0<\/span><\/span><\/p>\n<p style=\"text-align: justify;\"><span style=\"font-size: 16px;\">Pero para recuperar la palabra en un pa\u00eds como \u00e9se, hay que estar dispuesto a dar la vida, y el c\u00edrculo simb\u00f3lico de la novela se cierra alrededor de la idea del valor, con el encuentro final entre Eleonora, hija de Coralia, y Ariel, el narrador, personajes cuyos nombres significan \u201cle\u00f3n\u201d.<\/span><\/p>\n<p style=\"text-align: justify;\"><span style=\"font-size: 16px;\">En esta novela nos encontramos con distintas formas de valent\u00eda femenina. Los personajes femeninos son v\u00edctimas del Estado y de sus esbirros, doblemente heridas por su condici\u00f3n femenina, pero todas plant\u00e1ndoles cara: Coralia, Raquel, Mama Ixchel, Juana, Eleonora. Cada sosteniendo la vida frente a la violencia.<\/span><\/p>\n<p style=\"text-align: justify;\"><span style=\"font-size: 16px;\">Este libro es, de hecho, la historia de un gran amor, genuino e inquebrantable: el que sienten los personajes por una mujer idealista y valiente, y el que los une de manera absoluta a su propia tierra. El personaje de Coralia corresponde a la propia Guatemala.<\/span><\/p>\n<p style=\"text-align: justify;\"><span style=\"font-size: 16px;\">Y para terminar, esta lectura despu\u00e9s de tantos a\u00f1os me permite visualizar lo central que es en esta novela el tema del exilio. Nos encontramos aqu\u00ed no solo con el exilio f\u00edsico de Le\u00f3n y su familia, sino tambi\u00e9n el exilio emocional de quienes dejan su pa\u00eds y se niegan a verlo con lucidez, como sucede con Ariel, exiliado de su propia historia. Pero adem\u00e1s el exilio de quienes sobreviven dentro del pa\u00eds como si ya no pertenecieran a \u00e9l. En estas d\u00e9cadas en que m\u00e1s de dos millones de peruanos vivimos lejos de nuestra patria, en la que muchos de nosotros hemos pasado largas temporadas fuera, en la que otros muchos vivimos compartiendo el mismo espacio pero d\u00e1ndole la espalda a los otros, esta novela nos interpela hondamente y nos recuerda que seguimos viviendo en desigualdad, en racismo, en impunidad, en ataque a la memoria.<\/span><\/p>\n<p style=\"text-align: justify;\"><span style=\"font-size: 16px;\"><i>El bosque de tu nombre<\/i> es una novela de la dignidad y es un desaf\u00edo de talla que la autora enfrenta y gana de la primera a la \u00faltima l\u00ednea.<\/span><\/p>\n<p style=\"text-align: justify;\"><span style=\"font-size: 16px;\">Nos obliga a recordar una tragedia hist\u00f3rica y sobre todo nos obliga a preguntarnos qu\u00e9 hace posible conservar la humanidad cuando la historia parece empe\u00f1ada en destruirla. Esa es, probablemente, la pregunta m\u00e1s profunda de la novela, y tambi\u00e9n una de las preguntas centrales de toda la obra de Karina Pacheco.<\/span><\/p>\n<p><span style=\"font-size: 16px;\"><strong>Pacheco Medrano, Karina.<em> El bosque de tu nombre<\/em>, Alfaguara, 2026.<\/strong><\/span><\/p>\n<p style=\"text-align: right;\"><span style=\"font-size: 12px;\">Fotograf\u00eda de la autora: Adriana Peralta<\/span><\/p>\n<hr \/>\n<p><span style=\"font-family: 'trebuchet ms', geneva, sans-serif; font-size: 16px;\"><strong>Karina Pacheco Medrano<\/strong>, es escritora, editora y antrop\u00f3loga. Con sus numerosas novelas y libros de cuentos, se ha ganado un lugar central en la literatura peruana y continental. Ha merecido el Premio Nacional de Literatura. Sus libros y cuentos han sido traducidos al ingl\u00e9s, franc\u00e9s e italiano. Vive en el Cusco.<\/span><\/p>\n<p><span style=\"font-family: 'trebuchet ms', geneva, sans-serif; font-size: 16px;\"><strong><a href=\"https:\/\/lascriticas.com\/index.php\/lascriticas\/nataly-villena-vega\/\">Acerca de Nataly Villena Vega<\/a><\/strong><\/span><\/p>\n","protected":false},"excerpt":{"rendered":"<p>El bosque de tu nombre, trece a\u00f1os despu\u00e9s El bosque de tu nombre, de Karina Pacheco Medrano, publicada en el 2013, ha sido reeditada este a\u00f1o con un pr\u00f3logo que lleva el hermoso t\u00edtulo Ac\u00e9rquense los del fuego, en el que la autora cuenta el origen de este libro. Entrar en esta novela es una&#8230;<\/p>\n","protected":false},"author":1,"featured_media":6136,"comment_status":"open","ping_status":"open","sticky":false,"template":"","format":"standard","meta":{"footnotes":""},"categories":[43,37],"tags":[1189,170,131,51,204,1187,192,114,407,982,123,163,1188,176,84,108],"yoast_head":"<!-- This site is optimized with the Yoast SEO plugin v23.5 - https:\/\/yoast.com\/wordpress\/plugins\/seo\/ -->\n<title>El bosque de tu nombre, de Karina Pacheco Medrano - Las Cr\u00edticas<\/title>\n<meta name=\"description\" content=\"Nataly Villena Vega escribe acerca del Bosque de tu nombre, de Karina Pacheco Medrano\" \/>\n<meta name=\"robots\" content=\"index, follow, max-snippet:-1, max-image-preview:large, max-video-preview:-1\" \/>\n<link rel=\"canonical\" href=\"https:\/\/lascriticas.com\/index.php\/2026\/09\/06\/el-bosque-de-tu-nombre-de-karina-pacheco-medrano\/\" \/>\n<meta property=\"og:locale\" content=\"es_ES\" \/>\n<meta property=\"og:type\" content=\"article\" \/>\n<meta property=\"og:title\" content=\"El bosque de tu nombre, de Karina Pacheco Medrano - Las Cr\u00edticas\" \/>\n<meta property=\"og:description\" content=\"Nataly Villena Vega escribe acerca del Bosque de tu nombre, de Karina Pacheco Medrano\" \/>\n<meta property=\"og:url\" content=\"https:\/\/lascriticas.com\/index.php\/2026\/09\/06\/el-bosque-de-tu-nombre-de-karina-pacheco-medrano\/\" \/>\n<meta property=\"og:site_name\" content=\"Las Cr\u00edticas\" \/>\n<meta property=\"article:publisher\" content=\"https:\/\/www.facebook.com\/lascriticas\/\" \/>\n<meta property=\"article:published_time\" content=\"2026-09-06T18:02:04+00:00\" \/>\n<meta property=\"article:modified_time\" content=\"2026-09-06T18:10:17+00:00\" \/>\n<meta property=\"og:image\" content=\"https:\/\/lascriticas.com\/wp-content\/uploads\/2026\/09\/Karina-Pacheco-forografia-de-Adriana-Peralta.png\" \/>\n\t<meta property=\"og:image:width\" content=\"1793\" \/>\n\t<meta property=\"og:image:height\" content=\"877\" \/>\n\t<meta property=\"og:image:type\" content=\"image\/png\" \/>\n<meta name=\"author\" content=\"Nataly Villena\" \/>\n<meta name=\"twitter:card\" content=\"summary_large_image\" \/>\n<meta name=\"twitter:creator\" content=\"@LasCriticas_com\" \/>\n<meta name=\"twitter:site\" content=\"@LasCriticas_com\" \/>\n<meta name=\"twitter:label1\" content=\"Escrito por\" \/>\n\t<meta name=\"twitter:data1\" content=\"Nataly Villena\" \/>\n\t<meta name=\"twitter:label2\" content=\"Tiempo de lectura\" \/>\n\t<meta name=\"twitter:data2\" content=\"11 minutos\" \/>\n<script type=\"application\/ld+json\" class=\"yoast-schema-graph\">{\"@context\":\"https:\/\/schema.org\",\"@graph\":[{\"@type\":\"Article\",\"@id\":\"https:\/\/lascriticas.com\/index.php\/2026\/09\/06\/el-bosque-de-tu-nombre-de-karina-pacheco-medrano\/#article\",\"isPartOf\":{\"@id\":\"https:\/\/lascriticas.com\/index.php\/2026\/09\/06\/el-bosque-de-tu-nombre-de-karina-pacheco-medrano\/\"},\"author\":{\"name\":\"Nataly Villena\",\"@id\":\"https:\/\/lascriticas.com\/#\/schema\/person\/d6d6b2c48587ed55bd0f8312241d40b5\"},\"headline\":\"El bosque de tu nombre, de Karina Pacheco Medrano\",\"datePublished\":\"2026-09-06T18:02:04+00:00\",\"dateModified\":\"2026-09-06T18:10:17+00:00\",\"mainEntityOfPage\":{\"@id\":\"https:\/\/lascriticas.com\/index.php\/2026\/09\/06\/el-bosque-de-tu-nombre-de-karina-pacheco-medrano\/\"},\"wordCount\":2384,\"commentCount\":0,\"publisher\":{\"@id\":\"https:\/\/lascriticas.com\/#organization\"},\"image\":{\"@id\":\"https:\/\/lascriticas.com\/index.php\/2026\/09\/06\/el-bosque-de-tu-nombre-de-karina-pacheco-medrano\/#primaryimage\"},\"thumbnailUrl\":\"https:\/\/lascriticas.com\/wp-content\/uploads\/2026\/09\/Karina-Pacheco-forografia-de-Adriana-Peralta.png\",\"keywords\":[\"derechos humanos\",\"Estado\",\"exilio\",\"familia\",\"genocidio\",\"Guatemala\",\"herencia\",\"ind\u00edgena\",\"Latinoam\u00e9rica\",\"literatura Latinoam\u00e9ricana\",\"memoria\",\"naturaleza\",\"novelq\",\"poder\",\"pol\u00edtica\",\"sociedad\"],\"articleSection\":[\"Ficci\u00f3n\",\"Rese\u00f1as\"],\"inLanguage\":\"es\",\"potentialAction\":[{\"@type\":\"CommentAction\",\"name\":\"Comment\",\"target\":[\"https:\/\/lascriticas.com\/index.php\/2026\/09\/06\/el-bosque-de-tu-nombre-de-karina-pacheco-medrano\/#respond\"]}]},{\"@type\":\"WebPage\",\"@id\":\"https:\/\/lascriticas.com\/index.php\/2026\/09\/06\/el-bosque-de-tu-nombre-de-karina-pacheco-medrano\/\",\"url\":\"https:\/\/lascriticas.com\/index.php\/2026\/09\/06\/el-bosque-de-tu-nombre-de-karina-pacheco-medrano\/\",\"name\":\"El bosque de tu nombre, de Karina Pacheco Medrano - Las Cr\u00edticas\",\"isPartOf\":{\"@id\":\"https:\/\/lascriticas.com\/#website\"},\"primaryImageOfPage\":{\"@id\":\"https:\/\/lascriticas.com\/index.php\/2026\/09\/06\/el-bosque-de-tu-nombre-de-karina-pacheco-medrano\/#primaryimage\"},\"image\":{\"@id\":\"https:\/\/lascriticas.com\/index.php\/2026\/09\/06\/el-bosque-de-tu-nombre-de-karina-pacheco-medrano\/#primaryimage\"},\"thumbnailUrl\":\"https:\/\/lascriticas.com\/wp-content\/uploads\/2026\/09\/Karina-Pacheco-forografia-de-Adriana-Peralta.png\",\"datePublished\":\"2026-09-06T18:02:04+00:00\",\"dateModified\":\"2026-09-06T18:10:17+00:00\",\"description\":\"Nataly Villena Vega escribe acerca del Bosque de tu nombre, de Karina Pacheco Medrano\",\"breadcrumb\":{\"@id\":\"https:\/\/lascriticas.com\/index.php\/2026\/09\/06\/el-bosque-de-tu-nombre-de-karina-pacheco-medrano\/#breadcrumb\"},\"inLanguage\":\"es\",\"potentialAction\":[{\"@type\":\"ReadAction\",\"target\":[\"https:\/\/lascriticas.com\/index.php\/2026\/09\/06\/el-bosque-de-tu-nombre-de-karina-pacheco-medrano\/\"]}]},{\"@type\":\"ImageObject\",\"inLanguage\":\"es\",\"@id\":\"https:\/\/lascriticas.com\/index.php\/2026\/09\/06\/el-bosque-de-tu-nombre-de-karina-pacheco-medrano\/#primaryimage\",\"url\":\"https:\/\/lascriticas.com\/wp-content\/uploads\/2026\/09\/Karina-Pacheco-forografia-de-Adriana-Peralta.png\",\"contentUrl\":\"https:\/\/lascriticas.com\/wp-content\/uploads\/2026\/09\/Karina-Pacheco-forografia-de-Adriana-Peralta.png\",\"width\":1793,\"height\":877},{\"@type\":\"BreadcrumbList\",\"@id\":\"https:\/\/lascriticas.com\/index.php\/2026\/09\/06\/el-bosque-de-tu-nombre-de-karina-pacheco-medrano\/#breadcrumb\",\"itemListElement\":[{\"@type\":\"ListItem\",\"position\":1,\"name\":\"Inicio\",\"item\":\"https:\/\/lascriticas.com\/\"},{\"@type\":\"ListItem\",\"position\":2,\"name\":\"El bosque de tu nombre, de Karina Pacheco Medrano\"}]},{\"@type\":\"WebSite\",\"@id\":\"https:\/\/lascriticas.com\/#website\",\"url\":\"https:\/\/lascriticas.com\/\",\"name\":\"Las Cr\u00edticas\",\"description\":\"Cr\u00edtica literaria hecha por mujeres\",\"publisher\":{\"@id\":\"https:\/\/lascriticas.com\/#organization\"},\"potentialAction\":[{\"@type\":\"SearchAction\",\"target\":{\"@type\":\"EntryPoint\",\"urlTemplate\":\"https:\/\/lascriticas.com\/?s={search_term_string}\"},\"query-input\":{\"@type\":\"PropertyValueSpecification\",\"valueRequired\":true,\"valueName\":\"search_term_string\"}}],\"inLanguage\":\"es\"},{\"@type\":\"Organization\",\"@id\":\"https:\/\/lascriticas.com\/#organization\",\"name\":\"Las Cr\u00edticas\",\"url\":\"https:\/\/lascriticas.com\/\",\"logo\":{\"@type\":\"ImageObject\",\"inLanguage\":\"es\",\"@id\":\"https:\/\/lascriticas.com\/#\/schema\/logo\/image\/\",\"url\":\"https:\/\/lascriticas.com\/wp-content\/uploads\/2016\/09\/Las-Cr\u00edticas.png\",\"contentUrl\":\"https:\/\/lascriticas.com\/wp-content\/uploads\/2016\/09\/Las-Cr\u00edticas.png\",\"width\":372,\"height\":201,\"caption\":\"Las Cr\u00edticas\"},\"image\":{\"@id\":\"https:\/\/lascriticas.com\/#\/schema\/logo\/image\/\"},\"sameAs\":[\"https:\/\/www.facebook.com\/lascriticas\/\",\"https:\/\/x.com\/LasCriticas_com\",\"https:\/\/www.instagram.com\/lascriticas_com\/\",\"https:\/\/www.youtube.com\/channel\/UCd7r-H6EJA4sSXGLX33_iHQ\"]},{\"@type\":\"Person\",\"@id\":\"https:\/\/lascriticas.com\/#\/schema\/person\/d6d6b2c48587ed55bd0f8312241d40b5\",\"name\":\"Nataly Villena\",\"image\":{\"@type\":\"ImageObject\",\"inLanguage\":\"es\",\"@id\":\"https:\/\/lascriticas.com\/#\/schema\/person\/image\/\",\"url\":\"https:\/\/secure.gravatar.com\/avatar\/ddb8dc9b399b88ad441934c4e474adba?s=96&d=mm&r=g\",\"contentUrl\":\"https:\/\/secure.gravatar.com\/avatar\/ddb8dc9b399b88ad441934c4e474adba?s=96&d=mm&r=g\",\"caption\":\"Nataly Villena\"},\"url\":\"https:\/\/lascriticas.com\/index.php\/author\/admin4220\/\"}]}<\/script>\n<!-- \/ Yoast SEO plugin. -->","yoast_head_json":{"title":"El bosque de tu nombre, de Karina Pacheco Medrano - Las Cr\u00edticas","description":"Nataly Villena Vega escribe acerca del Bosque de tu nombre, de Karina Pacheco Medrano","robots":{"index":"index","follow":"follow","max-snippet":"max-snippet:-1","max-image-preview":"max-image-preview:large","max-video-preview":"max-video-preview:-1"},"canonical":"https:\/\/lascriticas.com\/index.php\/2026\/09\/06\/el-bosque-de-tu-nombre-de-karina-pacheco-medrano\/","og_locale":"es_ES","og_type":"article","og_title":"El bosque de tu nombre, de Karina Pacheco Medrano - Las Cr\u00edticas","og_description":"Nataly Villena Vega escribe acerca del Bosque de tu nombre, de Karina Pacheco Medrano","og_url":"https:\/\/lascriticas.com\/index.php\/2026\/09\/06\/el-bosque-de-tu-nombre-de-karina-pacheco-medrano\/","og_site_name":"Las Cr\u00edticas","article_publisher":"https:\/\/www.facebook.com\/lascriticas\/","article_published_time":"2026-09-06T18:02:04+00:00","article_modified_time":"2026-09-06T18:10:17+00:00","og_image":[{"width":1793,"height":877,"url":"https:\/\/lascriticas.com\/wp-content\/uploads\/2026\/09\/Karina-Pacheco-forografia-de-Adriana-Peralta.png","type":"image\/png"}],"author":"Nataly Villena","twitter_card":"summary_large_image","twitter_creator":"@LasCriticas_com","twitter_site":"@LasCriticas_com","twitter_misc":{"Escrito por":"Nataly Villena","Tiempo de lectura":"11 minutos"},"schema":{"@context":"https:\/\/schema.org","@graph":[{"@type":"Article","@id":"https:\/\/lascriticas.com\/index.php\/2026\/09\/06\/el-bosque-de-tu-nombre-de-karina-pacheco-medrano\/#article","isPartOf":{"@id":"https:\/\/lascriticas.com\/index.php\/2026\/09\/06\/el-bosque-de-tu-nombre-de-karina-pacheco-medrano\/"},"author":{"name":"Nataly Villena","@id":"https:\/\/lascriticas.com\/#\/schema\/person\/d6d6b2c48587ed55bd0f8312241d40b5"},"headline":"El bosque de tu nombre, de Karina Pacheco Medrano","datePublished":"2026-09-06T18:02:04+00:00","dateModified":"2026-09-06T18:10:17+00:00","mainEntityOfPage":{"@id":"https:\/\/lascriticas.com\/index.php\/2026\/09\/06\/el-bosque-de-tu-nombre-de-karina-pacheco-medrano\/"},"wordCount":2384,"commentCount":0,"publisher":{"@id":"https:\/\/lascriticas.com\/#organization"},"image":{"@id":"https:\/\/lascriticas.com\/index.php\/2026\/09\/06\/el-bosque-de-tu-nombre-de-karina-pacheco-medrano\/#primaryimage"},"thumbnailUrl":"https:\/\/lascriticas.com\/wp-content\/uploads\/2026\/09\/Karina-Pacheco-forografia-de-Adriana-Peralta.png","keywords":["derechos humanos","Estado","exilio","familia","genocidio","Guatemala","herencia","ind\u00edgena","Latinoam\u00e9rica","literatura Latinoam\u00e9ricana","memoria","naturaleza","novelq","poder","pol\u00edtica","sociedad"],"articleSection":["Ficci\u00f3n","Rese\u00f1as"],"inLanguage":"es","potentialAction":[{"@type":"CommentAction","name":"Comment","target":["https:\/\/lascriticas.com\/index.php\/2026\/09\/06\/el-bosque-de-tu-nombre-de-karina-pacheco-medrano\/#respond"]}]},{"@type":"WebPage","@id":"https:\/\/lascriticas.com\/index.php\/2026\/09\/06\/el-bosque-de-tu-nombre-de-karina-pacheco-medrano\/","url":"https:\/\/lascriticas.com\/index.php\/2026\/09\/06\/el-bosque-de-tu-nombre-de-karina-pacheco-medrano\/","name":"El bosque de tu nombre, de Karina Pacheco Medrano - Las Cr\u00edticas","isPartOf":{"@id":"https:\/\/lascriticas.com\/#website"},"primaryImageOfPage":{"@id":"https:\/\/lascriticas.com\/index.php\/2026\/09\/06\/el-bosque-de-tu-nombre-de-karina-pacheco-medrano\/#primaryimage"},"image":{"@id":"https:\/\/lascriticas.com\/index.php\/2026\/09\/06\/el-bosque-de-tu-nombre-de-karina-pacheco-medrano\/#primaryimage"},"thumbnailUrl":"https:\/\/lascriticas.com\/wp-content\/uploads\/2026\/09\/Karina-Pacheco-forografia-de-Adriana-Peralta.png","datePublished":"2026-09-06T18:02:04+00:00","dateModified":"2026-09-06T18:10:17+00:00","description":"Nataly Villena Vega escribe acerca del Bosque de tu nombre, de Karina Pacheco Medrano","breadcrumb":{"@id":"https:\/\/lascriticas.com\/index.php\/2026\/09\/06\/el-bosque-de-tu-nombre-de-karina-pacheco-medrano\/#breadcrumb"},"inLanguage":"es","potentialAction":[{"@type":"ReadAction","target":["https:\/\/lascriticas.com\/index.php\/2026\/09\/06\/el-bosque-de-tu-nombre-de-karina-pacheco-medrano\/"]}]},{"@type":"ImageObject","inLanguage":"es","@id":"https:\/\/lascriticas.com\/index.php\/2026\/09\/06\/el-bosque-de-tu-nombre-de-karina-pacheco-medrano\/#primaryimage","url":"https:\/\/lascriticas.com\/wp-content\/uploads\/2026\/09\/Karina-Pacheco-forografia-de-Adriana-Peralta.png","contentUrl":"https:\/\/lascriticas.com\/wp-content\/uploads\/2026\/09\/Karina-Pacheco-forografia-de-Adriana-Peralta.png","width":1793,"height":877},{"@type":"BreadcrumbList","@id":"https:\/\/lascriticas.com\/index.php\/2026\/09\/06\/el-bosque-de-tu-nombre-de-karina-pacheco-medrano\/#breadcrumb","itemListElement":[{"@type":"ListItem","position":1,"name":"Inicio","item":"https:\/\/lascriticas.com\/"},{"@type":"ListItem","position":2,"name":"El bosque de tu nombre, de Karina Pacheco Medrano"}]},{"@type":"WebSite","@id":"https:\/\/lascriticas.com\/#website","url":"https:\/\/lascriticas.com\/","name":"Las Cr\u00edticas","description":"Cr\u00edtica literaria hecha por mujeres","publisher":{"@id":"https:\/\/lascriticas.com\/#organization"},"potentialAction":[{"@type":"SearchAction","target":{"@type":"EntryPoint","urlTemplate":"https:\/\/lascriticas.com\/?s={search_term_string}"},"query-input":{"@type":"PropertyValueSpecification","valueRequired":true,"valueName":"search_term_string"}}],"inLanguage":"es"},{"@type":"Organization","@id":"https:\/\/lascriticas.com\/#organization","name":"Las Cr\u00edticas","url":"https:\/\/lascriticas.com\/","logo":{"@type":"ImageObject","inLanguage":"es","@id":"https:\/\/lascriticas.com\/#\/schema\/logo\/image\/","url":"https:\/\/lascriticas.com\/wp-content\/uploads\/2016\/09\/Las-Cr\u00edticas.png","contentUrl":"https:\/\/lascriticas.com\/wp-content\/uploads\/2016\/09\/Las-Cr\u00edticas.png","width":372,"height":201,"caption":"Las Cr\u00edticas"},"image":{"@id":"https:\/\/lascriticas.com\/#\/schema\/logo\/image\/"},"sameAs":["https:\/\/www.facebook.com\/lascriticas\/","https:\/\/x.com\/LasCriticas_com","https:\/\/www.instagram.com\/lascriticas_com\/","https:\/\/www.youtube.com\/channel\/UCd7r-H6EJA4sSXGLX33_iHQ"]},{"@type":"Person","@id":"https:\/\/lascriticas.com\/#\/schema\/person\/d6d6b2c48587ed55bd0f8312241d40b5","name":"Nataly Villena","image":{"@type":"ImageObject","inLanguage":"es","@id":"https:\/\/lascriticas.com\/#\/schema\/person\/image\/","url":"https:\/\/secure.gravatar.com\/avatar\/ddb8dc9b399b88ad441934c4e474adba?s=96&d=mm&r=g","contentUrl":"https:\/\/secure.gravatar.com\/avatar\/ddb8dc9b399b88ad441934c4e474adba?s=96&d=mm&r=g","caption":"Nataly Villena"},"url":"https:\/\/lascriticas.com\/index.php\/author\/admin4220\/"}]}},"_links":{"self":[{"href":"https:\/\/lascriticas.com\/index.php\/wp-json\/wp\/v2\/posts\/6109"}],"collection":[{"href":"https:\/\/lascriticas.com\/index.php\/wp-json\/wp\/v2\/posts"}],"about":[{"href":"https:\/\/lascriticas.com\/index.php\/wp-json\/wp\/v2\/types\/post"}],"author":[{"embeddable":true,"href":"https:\/\/lascriticas.com\/index.php\/wp-json\/wp\/v2\/users\/1"}],"replies":[{"embeddable":true,"href":"https:\/\/lascriticas.com\/index.php\/wp-json\/wp\/v2\/comments?post=6109"}],"version-history":[{"count":13,"href":"https:\/\/lascriticas.com\/index.php\/wp-json\/wp\/v2\/posts\/6109\/revisions"}],"predecessor-version":[{"id":6169,"href":"https:\/\/lascriticas.com\/index.php\/wp-json\/wp\/v2\/posts\/6109\/revisions\/6169"}],"wp:featuredmedia":[{"embeddable":true,"href":"https:\/\/lascriticas.com\/index.php\/wp-json\/wp\/v2\/media\/6136"}],"wp:attachment":[{"href":"https:\/\/lascriticas.com\/index.php\/wp-json\/wp\/v2\/media?parent=6109"}],"wp:term":[{"taxonomy":"category","embeddable":true,"href":"https:\/\/lascriticas.com\/index.php\/wp-json\/wp\/v2\/categories?post=6109"},{"taxonomy":"post_tag","embeddable":true,"href":"https:\/\/lascriticas.com\/index.php\/wp-json\/wp\/v2\/tags?post=6109"}],"curies":[{"name":"wp","href":"https:\/\/api.w.org\/{rel}","templated":true}]}}