{"id":6006,"date":"2025-12-07T00:55:56","date_gmt":"2025-12-06T23:55:56","guid":{"rendered":"https:\/\/lascriticas.com\/?p=6006"},"modified":"2025-12-07T01:02:55","modified_gmt":"2025-12-07T00:02:55","slug":"me-gustan-los-atardeceres-tristes-de-carmen-olle","status":"publish","type":"post","link":"https:\/\/lascriticas.com\/index.php\/2025\/12\/07\/me-gustan-los-atardeceres-tristes-de-carmen-olle\/","title":{"rendered":"Me gustan los atardeceres tristes, de Carmen Oll\u00e9"},"content":{"rendered":"<h1 class=\"s4\"><span style=\"font-size: 16px; color: #ffffff;\"><span class=\"s2\"><span class=\"bumpedFont15\">Me gustan los atardeceres <\/span><\/span><span class=\"s2\"><span class=\"bumpedFont15\">tristes, de<\/span><\/span><span class=\"s3\"><span class=\"bumpedFont15\"> Carmen<\/span><\/span><span class=\"s3\"><span class=\"bumpedFont15\"> Oll\u00e9<\/span><\/span><\/span><\/h1>\n<p class=\"s5\" style=\"text-align: justify;\"><span style=\"font-size: 16px;\"><span class=\"s3\"><span class=\"bumpedFont15\">\u00bfC\u00f3mo abordar un libro donde desde el principio la autora declara haberlo escrito <\/span><\/span><span class=\"s2\"><span class=\"bumpedFont15\">sin rumbo<\/span><\/span><span class=\"s3\"><span class=\"bumpedFont15\">?<\/span><\/span><\/span><\/p>\n<p class=\"s5\" style=\"text-align: justify;\"><span style=\"font-size: 16px;\"><span class=\"s3\"><span class=\"bumpedFont15\">El l<\/span><\/span><span class=\"s3\"><span class=\"bumpedFont15\">ibro <\/span><\/span><span class=\"s3\"><span class=\"bumpedFont15\">anterior, <\/span><\/span><strong><em><span class=\"s2\"><span class=\"bumpedFont15\">Destino: vagabunda<\/span><\/span><\/em><\/strong><span class=\"s3\"><span class=\"bumpedFont15\">\u00a0nos habr\u00eda podido <\/span><\/span><span class=\"s3\"><span class=\"bumpedFont15\">dar un <\/span><\/span><span class=\"s3\"><span class=\"bumpedFont15\">a<\/span><\/span><span class=\"s3\"><span class=\"bumpedFont15\">vant-<\/span><\/span><span class=\"s3\"><span class=\"bumpedFont15\">go\u00fbt<\/span><\/span><span class=\"s3\"><span class=\"bumpedFont15\"> (un anticipo) <\/span><\/span><span class=\"s3\"><span class=\"bumpedFont15\">del actual<\/span><\/span><span class=\"s3\"><span class=\"bumpedFont15\">,<\/span><\/span> <span class=\"s3\"><span class=\"bumpedFont15\">dado que<\/span><\/span><span class=\"s3\"><span class=\"bumpedFont15\"> ambos <\/span><\/span><span class=\"s3\"><span class=\"bumpedFont15\">junta<\/span><\/span><span class=\"s3\"><span class=\"bumpedFont15\">n<\/span><\/span><span class=\"s3\"><span class=\"bumpedFont15\"> recuerdos, referencias literarias, <\/span><\/span><span class=\"s3\"><span class=\"bumpedFont15\">art\u00edculos, testimonios, ensayos, <\/span><\/span><span class=\"s3\"><span class=\"bumpedFont15\">fragmentos de <\/span><\/span><span class=\"s3\"><span class=\"bumpedFont15\">la<\/span><\/span> <span class=\"s3\"><span class=\"bumpedFont15\">obra de la <\/span><\/span><span class=\"s3\"><span class=\"bumpedFont15\">propia <\/span><\/span><span class=\"s3\"><span class=\"bumpedFont15\">autora<\/span><\/span><span class=\"s3\"><span class=\"bumpedFont15\">, <\/span><\/span><span class=\"s3\"><span class=\"bumpedFont15\">as\u00ed como <\/span><\/span><span class=\"s3\"><span class=\"bumpedFont15\">reflexiones sobre su evoluci\u00f3n literaria, <\/span><\/span><span class=\"s3\"><span class=\"bumpedFont15\">en un<\/span><\/span><span class=\"s3\"><span class=\"bumpedFont15\"> entramado <\/span><\/span><span class=\"s3\"><span class=\"bumpedFont15\">h\u00edbrido <\/span><\/span><span class=\"s3\"><span class=\"bumpedFont15\">muy a la <\/span><\/span><strong><span class=\"s3\"><span class=\"bumpedFont15\">C<\/span><\/span><span class=\"s3\"><span class=\"bumpedFont15\">armen<\/span><\/span><span class=\"s3\"><span class=\"bumpedFont15\"> O<\/span><\/span><span class=\"s3\"><span class=\"bumpedFont15\">ll\u00e9<\/span><\/span><\/strong><span class=\"s3\"><span class=\"bumpedFont15\">.<\/span><\/span><\/span><\/p>\n<p class=\"s5\" style=\"text-align: justify;\"><span style=\"font-size: 16px;\"><span class=\"s3\"><span class=\"bumpedFont15\">Pero <\/span><\/span><span class=\"s3\"><span class=\"bumpedFont15\">la <\/span><\/span><span class=\"s3\"><span class=\"bumpedFont15\">originalidad de <\/span><\/span><em><strong><span class=\"s2\"><span class=\"bumpedFont15\">Me gustan los atardeceres tristes <\/span><\/span><\/strong><\/em><span class=\"s3\"><span class=\"bumpedFont15\">es que <\/span><\/span><span class=\"s3\"><span class=\"bumpedFont15\">se ci\u00f1e <\/span><\/span><span class=\"s3\"><span class=\"bumpedFont15\">a<\/span><\/span> <span class=\"s3\"><span class=\"bumpedFont15\">un<\/span><\/span> <span class=\"s3\"><span class=\"bumpedFont15\">solo <\/span><\/span><span class=\"s3\"><span class=\"bumpedFont15\">tema<\/span><\/span><span class=\"s3\"><span class=\"bumpedFont15\">,<\/span><\/span><span class=\"s3\"><span class=\"bumpedFont15\"> la muerte<\/span><\/span><span class=\"s3\"><span class=\"bumpedFont15\"> y <\/span><\/span><span class=\"s3\"><span class=\"bumpedFont15\">que<\/span><\/span><span class=\"s3\"><span class=\"bumpedFont15\">,<\/span><\/span><span class=\"s3\"><span class=\"bumpedFont15\">luego de abrir la narraci\u00f3n con<\/span><\/span> <span class=\"s3\"><span class=\"bumpedFont15\">la<\/span><\/span><span class=\"s3\"><span class=\"bumpedFont15\"> muerte <\/span><\/span><span class=\"s3\"><span class=\"bumpedFont15\">de una ni\u00f1a<\/span><\/span><span class=\"s3\"><span class=\"bumpedFont15\">, se <\/span><\/span><span class=\"s3\"><span class=\"bumpedFont15\">extiende <\/span><\/span><span class=\"s3\"><span class=\"bumpedFont15\">a<\/span><\/span> <span class=\"s2\"><span class=\"bumpedFont15\">No una sino muchas muertes, <\/span><\/span><span class=\"s3\"><span class=\"bumpedFont15\">re<\/span><\/span><span class=\"s3\"><span class=\"bumpedFont15\">cordando a <\/span><\/span><strong><span class=\"s3\"><span class=\"bumpedFont15\">Enrique <\/span><\/span><span class=\"s3\"><span class=\"bumpedFont15\">Congrains<\/span><\/span><\/strong><span class=\"s3\"><span class=\"bumpedFont15\">, muertes <\/span><\/span><span class=\"s3\"><span class=\"bumpedFont15\">de personas conocidas y desconocidas, reales <\/span><\/span><span class=\"s3\"><span class=\"bumpedFont15\">y<\/span><\/span><span class=\"s3\"><span class=\"bumpedFont15\"> literarias.<\/span><\/span><\/span><\/p>\n<p><img loading=\"lazy\" decoding=\"async\" class=\"aligncenter wp-image-6036\" title=\"Me gustan los atardeceres tristes\" src=\"https:\/\/lascriticas.com\/wp-content\/uploads\/2025\/12\/Me-gustan-los-atardeceres-tristes.png\" alt=\"\" width=\"309\" height=\"447\" \/><\/p>\n<p class=\"s8\" style=\"text-align: justify;\"><span style=\"font-size: 16px;\"><span class=\"s3\"><span class=\"bumpedFont15\">\u00bf<\/span><\/span><span class=\"s6\"><span class=\"bumpedFont15\">Sin rumbo<\/span><\/span><span class=\"s3\"><span class=\"bumpedFont15\">, entonces? <\/span><\/span><span class=\"s3\"><span class=\"bumpedFont15\">Quiz\u00e1s si entendemos <\/span><\/span><span class=\"s3\"><span class=\"bumpedFont15\">como<\/span><\/span> <span class=\"s3\"><span class=\"bumpedFont15\">\u201c<\/span><\/span><span class=\"s3\"><span class=\"bumpedFont15\">rumbo<\/span><\/span><span class=\"s3\"><span class=\"bumpedFont15\">\u201d<\/span><\/span><span class=\"s3\"><span class=\"bumpedFont15\"> la construcci\u00f3n previa del discurso literario.<\/span><\/span><\/span><\/p>\n<p class=\"s9\" style=\"text-align: justify;\"><span style=\"font-size: 16px;\"><span class=\"s3\"><span class=\"bumpedFont15\">Pero escribir memorias es contar sin <\/span><\/span><span class=\"s3\"><span class=\"bumpedFont15\">la <\/span><\/span><span class=\"s3\"><span class=\"bumpedFont15\">tendencia de la mente a funcionar <\/span><\/span><span class=\"s3\"><span class=\"bumpedFont15\">en piloto autom\u00e1tico, <\/span><\/span><span class=\"s3\"><span class=\"bumpedFont15\">con asociaciones de ideas<\/span><\/span><span class=\"s3\"><span class=\"bumpedFont15\">, <\/span><\/span><span class=\"s3\"><span class=\"bumpedFont15\">con <\/span><\/span><span class=\"s3\"><span class=\"bumpedFont15\">aparente <\/span><\/span><span class=\"s3\"><span class=\"bumpedFont15\">discontinuidad<\/span><\/span> <span class=\"s3\"><span class=\"bumpedFont15\">y <\/span><\/span><span class=\"s3\"><span class=\"bumpedFont15\">fragmentaci\u00f3n<\/span><\/span><span class=\"s3\"><span class=\"bumpedFont15\">,<\/span><\/span><span class=\"s3\"><span class=\"bumpedFont15\"> cuando en realidad <\/span><\/span><span class=\"s3\"><span class=\"bumpedFont15\">el <\/span><\/span><span class=\"s3\"><span class=\"bumpedFont15\">hilo <\/span><\/span><span class=\"s3\"><span class=\"bumpedFont15\">sigue su curso<\/span><\/span><span class=\"s3\"><span class=\"bumpedFont15\"> y <\/span><\/span><span class=\"s3\"><span class=\"bumpedFont15\">se ramifica<\/span><\/span><span class=\"s3\"><span class=\"bumpedFont15\"> en una <\/span><\/span><span class=\"s3\"><span class=\"bumpedFont15\">construcci\u00f3n muy parecida a la de una tela de ara\u00f1a. <\/span><\/span><\/span><\/p>\n<p class=\"s9\" style=\"text-align: justify;\"><span class=\"s3\" style=\"font-size: 16px;\"><span class=\"bumpedFont15\">\u00bfC\u00f3mo teje su tela la ara\u00f1a? \u00a0Primero libera desde su abdomen un hilo pegajoso a partir del cual, desde este centro, teje hilos radiales hacia afuera. <\/span><\/span><\/p>\n<p class=\"s9\" style=\"text-align: justify;\"><span style=\"font-size: 16px;\"><span class=\"s3\"><span class=\"bumpedFont15\">Y luego de sujetar la tela a un objeto, una esquina o una rama, <\/span><\/span><span class=\"s3\"><span class=\"bumpedFont15\">esta <\/span><\/span><span class=\"s3\"><span class=\"bumpedFont15\">ins\u00f3lita <\/span><\/span><span class=\"s3\"><span class=\"bumpedFont15\">arquitecta<\/span><\/span> <span class=\"s3\"><span class=\"bumpedFont15\">elabora una espiral de contorno para unir los hilos radiales. <\/span><\/span><\/span><\/p>\n<p class=\"s9\" style=\"text-align: justify;\"><span style=\"font-size: 16px;\"><span class=\"s3\"><span class=\"bumpedFont15\">Y va y viene, soltando m\u00e1s y m\u00e1s hilos que, por m\u00e1s alejados que est\u00e9n<\/span><\/span><span class=\"s3\"><span class=\"bumpedFont15\"> del centro<\/span><\/span><span class=\"s3\"><span class=\"bumpedFont15\">, siguen todos unidos <\/span><\/span><span class=\"s3\"><span class=\"bumpedFont15\">a \u00e9l y <\/span><\/span><span class=\"s3\"><span class=\"bumpedFont15\">entre s\u00ed. <\/span><\/span><\/span><\/p>\n<p class=\"s5\" style=\"text-align: justify;\"><span style=\"font-size: 16px;\"><span class=\"s3\"><span class=\"bumpedFont15\">Y as\u00ed funciona <\/span><\/span><em><span class=\"s2\"><span class=\"bumpedFont15\">Me gustan los atardeceres tristes<\/span><\/span><\/em><span class=\"s2\"><span class=\"bumpedFont15\">. <\/span><\/span><\/span><\/p>\n<p class=\"s5\" style=\"text-align: justify;\"><span style=\"font-size: 16px;\"><span class=\"s3\"><span class=\"bumpedFont15\">La muerte<\/span><\/span><span class=\"s3\"><span class=\"bumpedFont15\"> es <\/span><\/span><span class=\"s3\"><span class=\"bumpedFont15\">aquel centro<\/span><\/span><span class=\"s3\"><span class=\"bumpedFont15\"> pegajoso <\/span><\/span><span class=\"s3\"><span class=\"bumpedFont15\">que <\/span><\/span><span class=\"s3\"><span class=\"bumpedFont15\">Carmen Oll\u00e9 <\/span><\/span><span class=\"s3\"><span class=\"bumpedFont15\">no soltar\u00e1 en ning\u00fan momento <\/span><\/span><span class=\"s3\"><span class=\"bumpedFont15\">ampl<\/span><\/span><span class=\"s3\"><span class=\"bumpedFont15\">i\u00e1ndolo <\/span><\/span><span class=\"s3\"><span class=\"bumpedFont15\">con<\/span><\/span> <span class=\"s3\"><span class=\"bumpedFont15\">art\u00edculos, <\/span><\/span><span class=\"s3\"><span class=\"bumpedFont15\">recuerdos, correos<\/span><\/span><span class=\"s3\"><span class=\"bumpedFont15\"> personales<\/span><\/span><span class=\"s3\"><span class=\"bumpedFont15\">, <\/span><\/span><span class=\"s3\"><span class=\"bumpedFont15\">escenarios geogr\u00e1ficos<\/span><\/span><span class=\"s3\"><span class=\"bumpedFont15\"> o<\/span><\/span><span class=\"s3\"><span class=\"bumpedFont15\"> hist\u00f3ricos, fragmentos de <\/span><\/span><span class=\"s3\"><span class=\"bumpedFont15\">obras<\/span><\/span><span class=\"s3\"><span class=\"bumpedFont15\"> suyas y ajenas, <\/span><\/span><span class=\"s3\"><span class=\"bumpedFont15\">con los que dialoga, reflexiona<\/span><\/span><span class=\"s3\"><span class=\"bumpedFont15\">, <\/span><\/span><span class=\"s3\"><span class=\"bumpedFont15\">en <\/span><\/span><span class=\"s3\"><span class=\"bumpedFont15\">esta estrecha relaci\u00f3n entre lo personal y lo literario que<\/span><\/span><span class=\"s3\"><span class=\"bumpedFont15\">,<\/span><\/span><span class=\"s3\"><span class=\"bumpedFont15\"> para Carmen, <\/span><\/span><span class=\"s3\"><span class=\"bumpedFont15\">viene a ser <\/span><\/span><span class=\"s3\"><span class=\"bumpedFont15\">lo mismo<\/span><\/span><span class=\"s3\"><span class=\"bumpedFont15\">.<\/span><\/span><\/span><\/p>\n<p class=\"s9\" style=\"text-align: justify;\"><span style=\"font-size: 16px;\"><span class=\"s3\"><span class=\"bumpedFont15\">Y <\/span><\/span><span class=\"s3\"><span class=\"bumpedFont15\">ella, <\/span><\/span><span class=\"s3\"><span class=\"bumpedFont15\">como la ara\u00f1a, hilvana, va tejiendo su hilo narrativo<\/span><\/span> <span class=\"s3\"><span class=\"bumpedFont15\">pasando <\/span><\/span><span class=\"s3\"><span class=\"bumpedFont15\">de vivencias personales<\/span><\/span><span class=\"s3\"><span class=\"bumpedFont15\"> a<\/span><\/span> <span class=\"s3\"><span class=\"bumpedFont15\">muertes reales <\/span><\/span><span class=\"s3\"><span class=\"bumpedFont15\">y<\/span><\/span><span class=\"s3\"><span class=\"bumpedFont15\"> literarias<\/span><\/span><span class=\"s3\"><span class=\"bumpedFont15\">, <\/span><\/span><span class=\"s3\"><span class=\"bumpedFont15\">en un recorrido<\/span><\/span> <span class=\"s3\"><span class=\"bumpedFont15\">polif\u00f3nico <\/span><\/span><span class=\"s3\"><span class=\"bumpedFont15\">art\u00edsticamente <\/span><\/span><span class=\"s3\"><span class=\"bumpedFont15\">necrol\u00f3gico, <\/span><\/span><span class=\"s3\"><span class=\"bumpedFont15\">que la lleva a reflexionar: <\/span><\/span><\/span><\/p>\n<div class=\"s11\" style=\"text-align: justify;\"><span style=\"font-size: 16px; font-family: georgia, palatino, serif;\"><span class=\"s10\">&#8211; <\/span><span class=\"s3\"><span class=\"bumpedFont15\">sobre <\/span><\/span><span class=\"s3\"><span class=\"bumpedFont15\">personas <\/span><\/span><span class=\"s3\"><span class=\"bumpedFont15\">a las que conoci\u00f3 <\/span><\/span><span class=\"s3\"><span class=\"bumpedFont15\">y que murieron <\/span><\/span><span class=\"s3\"><span class=\"bumpedFont15\">antes de tiempo<\/span><\/span><span class=\"s3\"><span class=\"bumpedFont15\"> (<\/span><\/span><span class=\"s3\"><span class=\"bumpedFont15\">en su <\/span><\/span><span class=\"s3\"><span class=\"bumpedFont15\">mayor\u00eda mujeres), <\/span><\/span><span class=\"s3\"><span class=\"bumpedFont15\">sea por enfermedad<\/span><\/span><span class=\"s3\"><span class=\"bumpedFont15\">(su amiga la escritora Pilar <\/span><\/span><span class=\"s3\"><span class=\"bumpedFont15\">D<\/span><\/span><span class=\"s3\"><span class=\"bumpedFont15\">ug<\/span><\/span><span class=\"s3\"><span class=\"bumpedFont15\">h<\/span><\/span><span class=\"s3\"><span class=\"bumpedFont15\">i<\/span><\/span><span class=\"s3\"><span class=\"bumpedFont15\">)<\/span><\/span><span class=\"s3\"><span class=\"bumpedFont15\">, sea por suicidio<\/span><\/span><span class=\"s3\"><span class=\"bumpedFont15\"> (una ex amiga de colegio<\/span><\/span><span class=\"s3\"><span class=\"bumpedFont15\">,<\/span><\/span><span class=\"s3\"><span class=\"bumpedFont15\"> Ada <\/span><\/span><span class=\"s3\"><span class=\"bumpedFont15\">Deb<\/span><\/span><span class=\"s3\"><span class=\"bumpedFont15\">e<\/span><\/span><span class=\"s3\"><span class=\"bumpedFont15\">rnardis<\/span><\/span><span class=\"s3\"><span class=\"bumpedFont15\">;<\/span><\/span><span class=\"s3\"><span class=\"bumpedFont15\"> Beto el hijo <\/span><\/span><span class=\"s3\"><span class=\"bumpedFont15\">de<\/span><\/span><span class=\"s3\"><span class=\"bumpedFont15\"> una <\/span><\/span><span class=\"s3\"><span class=\"bumpedFont15\">alumna<\/span><\/span><span class=\"s3\"><span class=\"bumpedFont15\"> suya<\/span><\/span><span class=\"s3\"><span class=\"bumpedFont15\">)<\/span><\/span><span class=\"s3\"><span class=\"bumpedFont15\">, <\/span><\/span><span class=\"s3\"><span class=\"bumpedFont15\">sea por accidente<\/span><\/span><span class=\"s3\"><span class=\"bumpedFont15\">: \u00a0<\/span><\/span><span class=\"s3\"><span class=\"bumpedFont15\">el ahogamien<\/span><\/span><span class=\"s3\"><span class=\"bumpedFont15\">t<\/span><\/span><span class=\"s3\"><span class=\"bumpedFont15\">o de <\/span><\/span><span class=\"s3\"><span class=\"bumpedFont15\">Pamela de 15 a\u00f1os que <\/span><\/span><span class=\"s3\"><span class=\"bumpedFont15\">se convierte en el alfa<\/span><\/span> <span class=\"s3\"><span class=\"bumpedFont15\">de <\/span><\/span><span class=\"s3\"><span class=\"bumpedFont15\">la narraci\u00f3n<\/span><\/span><span class=\"s3\"><span class=\"bumpedFont15\">, <\/span><\/span><span class=\"s3\"><span class=\"bumpedFont15\">pues con <\/span><\/span><span class=\"s3\"><span class=\"bumpedFont15\">ella empieza el libro<\/span><\/span><span class=\"s3\"><span class=\"bumpedFont15\"> y hacia ella regresa siempre<\/span><\/span><span class=\"s3\"><span class=\"bumpedFont15\">. <\/span><\/span><\/span><\/div>\n<div class=\"s11\" style=\"text-align: justify;\"><span style=\"font-size: 16px; font-family: georgia, palatino, serif;\"><span class=\"s10\">&#8211; <\/span><span class=\"s3\"><span class=\"bumpedFont15\">Reflexiona <\/span><\/span><span class=\"s3\"><span class=\"bumpedFont15\">tambi\u00e9n <\/span><\/span><span class=\"s3\"><span class=\"bumpedFont15\">sobre un desconocido -un joven chino que se suicida al ser rechazado por sus padres- <\/span><\/span><span class=\"s3\"><span class=\"bumpedFont15\">de cuya muerte <\/span><\/span><span class=\"s3\"><span class=\"bumpedFont15\">se entera por el peri\u00f3dico<\/span><\/span><span class=\"s3\"><span class=\"bumpedFont15\">.<\/span><\/span><\/span><\/div>\n<div class=\"s11\" style=\"text-align: justify;\"><span style=\"font-size: 16px; font-family: georgia, palatino, serif;\"><span class=\"s10\">&#8211; <\/span><span class=\"s3\"><span class=\"bumpedFont15\">Y <\/span><\/span><span class=\"s3\"><span class=\"bumpedFont15\">reflexiona <\/span><\/span><span class=\"s3\"><span class=\"bumpedFont15\">s<\/span><\/span><span class=\"s3\"><span class=\"bumpedFont15\">obre <\/span><\/span><span class=\"s3\"><span class=\"bumpedFont15\">muertes relacionadas con la literatura: las de protagonistas sujetos de biograf\u00eda (caso de \u00ab<\/span><\/span><span class=\"s2\"><span class=\"bumpedFont15\">Dora <\/span><\/span><span class=\"s2\"><span class=\"bumpedFont15\">Bruder\u00bb<\/span><\/span><span class=\"s3\"><span class=\"bumpedFont15\"> de Patrick <\/span><\/span><span class=\"s3\"><span class=\"bumpedFont15\">Modiano<\/span><\/span><span class=\"s3\"><span class=\"bumpedFont15\">), <\/span><\/span><span class=\"s3\"><span class=\"bumpedFont15\">las de <\/span><\/span><span class=\"s3\"><span class=\"bumpedFont15\">p<\/span><\/span><span class=\"s3\"><span class=\"bumpedFont15\">ersonajes de ficci\u00f3n (<\/span><\/span><span class=\"s3\"><span class=\"bumpedFont15\">Zilphia<\/span><\/span><span class=\"s3\"><span class=\"bumpedFont15\"> del cuento \u00ab<\/span><\/span><span class=\"s2\"><span class=\"bumpedFont15\">Miss <\/span><\/span><span class=\"s2\"><span class=\"bumpedFont15\">Zilphia<\/span><\/span> <span class=\"s2\"><span class=\"bumpedFont15\">Gant\u00bb<\/span><\/span><span class=\"s3\"><span class=\"bumpedFont15\"> de William Faulkner, \u00ab<\/span><\/span><span class=\"s2\"><span class=\"bumpedFont15\">Se\u00f1orita <\/span><\/span><span class=\"s2\"><span class=\"bumpedFont15\">Farris\u00bb<\/span><\/span><span class=\"s3\"><span class=\"bumpedFont15\"> de Alice Munro, Mina de <\/span><\/span><em><span class=\"s2\"><span class=\"bumpedFont15\">Dr\u00e1cula<\/span><\/span><\/em><span class=\"s3\"><span class=\"bumpedFont15\"> de Bram <\/span><\/span><span class=\"s3\"><span class=\"bumpedFont15\">Stoker<\/span><\/span><span class=\"s3\"><span class=\"bumpedFont15\">), o <\/span><\/span><span class=\"s3\"><span class=\"bumpedFont15\">las <\/span><\/span><span class=\"s3\"><span class=\"bumpedFont15\">de <\/span><\/span><span class=\"s3\"><span class=\"bumpedFont15\">autoras y <\/span><\/span><span class=\"s3\"><span class=\"bumpedFont15\">autores \u00a0(<\/span><\/span><span class=\"s3\"><span class=\"bumpedFont15\">Silvia Plath, Emily Dickinson, Irene <\/span><\/span><span class=\"s3\"><span class=\"bumpedFont15\">Nemirovski<\/span><\/span><span class=\"s3\"><span class=\"bumpedFont15\">, Romain Gary, Sarah Kane) <\/span><\/span><span class=\"s3\"><span class=\"bumpedFont15\">etc<\/span><\/span><span class=\"s3\"><span class=\"bumpedFont15\">\u2026<\/span><\/span><\/span><\/div>\n<p class=\"s9\" style=\"text-align: justify;\"><span style=\"font-size: 16px;\"><span class=\"s3\"><span class=\"bumpedFont15\">M<\/span><\/span><span class=\"s3\"><span class=\"bumpedFont15\">uertes que seg\u00fan dice \u201c<\/span><\/span><span class=\"s2\"><span class=\"bumpedFont15\">fustigan su memoria\u201d <\/span><\/span><span class=\"s3\"><span class=\"bumpedFont15\">y marcan el rumbo de <\/span><\/span><span class=\"s3\"><span class=\"bumpedFont15\">sus <\/span><\/span><span class=\"s3\"><span class=\"bumpedFont15\">reflexiones<\/span><\/span><span class=\"s3\"><span class=\"bumpedFont15\">. <\/span><\/span><\/span><\/p>\n<p class=\"s9\" style=\"text-align: justify;\"><span style=\"font-size: 16px;\"><span class=\"s3\"><span class=\"bumpedFont15\">Volviendo a <\/span><\/span><span class=\"s3\"><span class=\"bumpedFont15\">nuestra tela de ara\u00f1a, e<\/span><\/span><span class=\"s3\"><span class=\"bumpedFont15\">l<\/span><\/span> <span class=\"s3\"><span class=\"bumpedFont15\">punto de partida<\/span><\/span> <span class=\"s3\"><span class=\"bumpedFont15\">es <\/span><\/span><span class=\"s3\"><span class=\"bumpedFont15\">la <\/span><\/span><span class=\"s3\"><span class=\"bumpedFont15\">muerte <\/span><\/span><span class=\"s3\"><span class=\"bumpedFont15\">por ahogamiento <\/span><\/span><span class=\"s3\"><span class=\"bumpedFont15\">de <\/span><\/span><span class=\"s3\"><span class=\"bumpedFont15\">Pamela, <\/span><\/span><span class=\"s3\"><span class=\"bumpedFont15\">una <\/span><\/span><span class=\"s3\"><span class=\"bumpedFont15\">adolescente <\/span><\/span><span class=\"s3\"><span class=\"bumpedFont15\">de 15 a\u00f1os, <\/span><\/span><span class=\"s3\"><span class=\"bumpedFont15\">conocida por la autora, <\/span><\/span><span class=\"s3\"><span class=\"bumpedFont15\">muerte <\/span><\/span><span class=\"s3\"><span class=\"bumpedFont15\">que <\/span><\/span><span class=\"s3\"><span class=\"bumpedFont15\">va pegada<\/span><\/span><span class=\"s3\"><span class=\"bumpedFont15\"> al recuerdo de <strong>Pilar <\/strong><\/span><\/span><strong><span class=\"s3\"><span class=\"bumpedFont15\">Dug<\/span><\/span><span class=\"s3\"><span class=\"bumpedFont15\">h<\/span><\/span><span class=\"s3\"><span class=\"bumpedFont15\">i<\/span><\/span><\/strong><span class=\"s3\"><span class=\"bumpedFont15\">, <\/span><\/span><span class=\"s3\"><span class=\"bumpedFont15\">para <\/span><\/span><span class=\"s3\"><span class=\"bumpedFont15\">luego <\/span><\/span><span class=\"s3\"><span class=\"bumpedFont15\">pegarse <\/span><\/span><span class=\"s3\"><span class=\"bumpedFont15\">a lo literario<\/span><\/span><span class=\"s3\"><span class=\"bumpedFont15\"> en una multi<\/span><\/span><span class=\"s3\"><span class=\"bumpedFont15\">p<\/span><\/span><span class=\"s3\"><span class=\"bumpedFont15\">licidad <\/span><\/span><span class=\"s3\"><span class=\"bumpedFont15\">de<\/span><\/span><span class=\"s3\"><span class=\"bumpedFont15\"> hilos radiales <\/span><\/span><span class=\"s3\"><span class=\"bumpedFont15\">que cuentan otras muertes.<\/span><\/span><\/span><\/p>\n<p class=\"s9\" style=\"text-align: justify;\"><span style=\"font-size: 16px;\"><span class=\"s3\"><span class=\"bumpedFont15\">Y <\/span><\/span><span class=\"s3\"><span class=\"bumpedFont15\">de <\/span><\/span><span class=\"s3\"><span class=\"bumpedFont15\">esos hilos radiales, <\/span><\/span><span class=\"s3\"><span class=\"bumpedFont15\">parten l<\/span><\/span><span class=\"s3\"><span class=\"bumpedFont15\">os hilos <\/span><\/span><span class=\"s3\"><span class=\"bumpedFont15\">de<\/span><\/span><span class=\"s3\"><span class=\"bumpedFont15\"> espiral que <\/span><\/span><span class=\"s3\"><span class=\"bumpedFont15\">colocan<\/span><\/span><span class=\"s3\"><span class=\"bumpedFont15\"> l<\/span><\/span><span class=\"s3\"><span class=\"bumpedFont15\">as muertes <\/span><\/span><span class=\"s3\"><span class=\"bumpedFont15\">en sus contextos<\/span><\/span><span class=\"s3\"><span class=\"bumpedFont15\"> tanto geogr\u00e1ficos como hist\u00f3ricos. <\/span><\/span><\/span><\/p>\n<p class=\"s5\" style=\"text-align: justify;\"><span style=\"font-size: 16px;\"><span class=\"s3\"><span class=\"bumpedFont15\">La muerte accidental de Pamela ahogada en la playa la Chira lleva a<\/span><\/span><span class=\"s3\"><span class=\"bumpedFont15\"> una espiral de <\/span><\/span><span class=\"s3\"><span class=\"bumpedFont15\">playas, tanto la de la Herradura adonde su madre la llevaba con sus hermanos en verano, como las playas <\/span><\/span><span class=\"s3\"><span class=\"bumpedFont15\">de <\/span><\/span><span class=\"s3\"><span class=\"bumpedFont15\">espacios literarios: la de Pucusana, la de Punta Negra, <\/span><\/span><span class=\"s3\"><span class=\"bumpedFont15\">la <\/span><\/span><span class=\"s3\"><span class=\"bumpedFont15\">de Punta Sal en el norte, con sus respectivos autores: Mariella Sala, Carlos Calder\u00f3n Fajardo, Julio Ram\u00f3n Ribeyro, Pilar <\/span><\/span><span class=\"s3\"><span class=\"bumpedFont15\">Dug<\/span><\/span><span class=\"s3\"><span class=\"bumpedFont15\">h<\/span><\/span><span class=\"s3\"><span class=\"bumpedFont15\">i<\/span><\/span><span class=\"s3\"><span class=\"bumpedFont15\">, <\/span><\/span><span class=\"s3\"><span class=\"bumpedFont15\">todas<\/span><\/span> <span class=\"s3\"><span class=\"bumpedFont15\">asociadas <\/span><\/span><span class=\"s3\"><span class=\"bumpedFont15\">a contextos sociales,<\/span><\/span> <span class=\"s3\"><span class=\"bumpedFont15\">pues<\/span><\/span><span class=\"s3\"><span class=\"bumpedFont15\"> no es lo mismo la playa de Agua dulce que la del <\/span><\/span><span class=\"s3\"><span class=\"bumpedFont15\">Club <\/span><\/span><span class=\"s3\"><span class=\"bumpedFont15\">Regatas<\/span><\/span><span class=\"s3\"><span class=\"bumpedFont15\">. <\/span><\/span><\/span><\/p>\n<p class=\"s5\" style=\"text-align: justify;\"><span style=\"font-size: 16px;\"><span class=\"s3\"><span class=\"bumpedFont15\">Desde las primeras l\u00edneas, al mencionar el ahogamiento de Pamela, C<\/span><\/span><span class=\"s3\"><span class=\"bumpedFont15\">armen<\/span><\/span> <span class=\"s3\"><span class=\"bumpedFont15\">Oll\u00e9 pregunta \u00bf<\/span><\/span><span class=\"s2\"><span class=\"bumpedFont15\">Qu\u00e9 significa la muerte? <\/span><\/span><span class=\"s2\"><span class=\"bumpedFont15\">Y, sobre todo, en qu\u00e9 consiste el acto de morir?<\/span><\/span><span class=\"s3\"><span class=\"bumpedFont15\"> \u00a0 \u00a0 \u00a0 <\/span><\/span><\/span><\/p>\n<p class=\"s5\" style=\"text-align: justify;\"><span style=\"font-size: 16px;\"><span class=\"s3\"><span class=\"bumpedFont15\">Interpela <\/span><\/span><span class=\"s3\"><span class=\"bumpedFont15\">la<\/span><\/span><span class=\"s3\"><span class=\"bumpedFont15\"> necesidad de entender la muerte<\/span><\/span><span class=\"s3\"><span class=\"bumpedFont15\">, de <\/span><\/span><span class=\"s3\"><span class=\"bumpedFont15\">domesticar esas muertes ocurridas en la soledad <\/span><\/span><span class=\"s3\"><span class=\"bumpedFont15\">buscando el detalle que <\/span><\/span><span class=\"s3\"><span class=\"bumpedFont15\">permitir\u00eda <\/span><\/span><span class=\"s3\"><span class=\"bumpedFont15\">acercarse<\/span><\/span> <span class=\"s3\"><span class=\"bumpedFont15\">lo m\u00e1s posible a quienes fallecieron<\/span><\/span><span class=\"s3\"><span class=\"bumpedFont15\">: <\/span><\/span><span class=\"s3\"><span class=\"bumpedFont15\">\u201c<\/span><\/span><span class=\"s2\"><span class=\"bumpedFont15\">Lo peor es olvidarse de los detalles<\/span><\/span><span class=\"s2\"><span class=\"bumpedFont15\">, por <\/span><\/span><span class=\"s2\"><span class=\"bumpedFont15\">ejemplo<\/span><\/span><span class=\"s2\"><span class=\"bumpedFont15\"> el timbre de la voz, la marca de una colonia<\/span><\/span><span class=\"s2\"><span class=\"bumpedFont15\">\u201d<\/span><\/span><span class=\"s3\"><span class=\"bumpedFont15\">. <\/span><\/span><span class=\"s3\"><span class=\"bumpedFont15\">Y hablando de su amiga de colegio Ada, dice \u201c<\/span><\/span><span class=\"s2\"><span class=\"bumpedFont15\">tal vez si hago 1 esfuerzo consiga evocar la sensaci\u00f3n que o\u00edrla me provocaba\u201d.<\/span><\/span><\/span><\/p>\n<p class=\"s5\" style=\"text-align: justify;\"><span style=\"font-size: 16px;\"><span class=\"s3\"><span class=\"bumpedFont15\">A<\/span><\/span> <span class=\"s3\"><span class=\"bumpedFont15\">falta de detalle<\/span><\/span><span class=\"s3\"><span class=\"bumpedFont15\">, queda <\/span><\/span><span class=\"s3\"><span class=\"bumpedFont15\">imaginar <\/span><\/span><span class=\"s3\"><span class=\"bumpedFont15\">lo <\/span><\/span><span class=\"s3\"><span class=\"bumpedFont15\">desconocido<\/span><\/span><span class=\"s3\"><span class=\"bumpedFont15\">, <\/span><\/span><span class=\"s3\"><span class=\"bumpedFont15\">lo <\/span><\/span><span class=\"s3\"><span class=\"bumpedFont15\">que sintieron, <\/span><\/span><span class=\"s3\"><span class=\"bumpedFont15\">el clima de aquel d\u00eda, <\/span><\/span><span class=\"s3\"><span class=\"bumpedFont15\">tal como <\/span><\/span><span class=\"s3\"><span class=\"bumpedFont15\">lo <\/span><\/span><span class=\"s3\"><span class=\"bumpedFont15\">hace Patrick <\/span><\/span><span class=\"s3\"><span class=\"bumpedFont15\">Modiano<\/span><\/span><span class=\"s3\"><span class=\"bumpedFont15\"> en su novela <\/span><\/span><span class=\"s3\"><span class=\"bumpedFont15\">tanto biogr\u00e1fica como <\/span><\/span><span class=\"s3\"><span class=\"bumpedFont15\">autobiogr\u00e1fica <\/span><\/span><em><span class=\"s2\"><span class=\"bumpedFont15\">Dora <\/span><\/span><span class=\"s2\"><span class=\"bumpedFont15\">Bruder<\/span><\/span><\/em><span class=\"s2\"><span class=\"bumpedFont15\">,<\/span><\/span> <span class=\"s3\"><span class=\"bumpedFont15\">al investigar <\/span><\/span><span class=\"s3\"><span class=\"bumpedFont15\">sobre <\/span><\/span><span class=\"s3\"><span class=\"bumpedFont15\">Dora, una adolescente jud\u00eda de 15 a\u00f1os, desapareci<\/span><\/span><span class=\"s3\"><span class=\"bumpedFont15\">da<\/span><\/span><span class=\"s3\"><span class=\"bumpedFont15\"> en 1941, en una Francia ocupada por los nazis.<\/span><\/span> <span class=\"s3\"><span class=\"bumpedFont15\">Y <\/span><\/span><span class=\"s3\"><span class=\"bumpedFont15\">de la misma manera que <\/span><\/span><span class=\"s3\"><span class=\"bumpedFont15\">Modiano<\/span><\/span><span class=\"s3\"><span class=\"bumpedFont15\"> se pregunta<\/span><\/span> <span class=\"s3\"><span class=\"bumpedFont15\">por <\/span><\/span><span class=\"s3\"><span class=\"bumpedFont15\">el <\/span><\/span><span class=\"s3\"><span class=\"bumpedFont15\">tiempo el <\/span><\/span><span class=\"s3\"><span class=\"bumpedFont15\">d\u00eda <\/span><\/span><span class=\"s3\"><span class=\"bumpedFont15\">de<\/span><\/span><span class=\"s3\"><span class=\"bumpedFont15\"> la fuga <\/span><\/span><span class=\"s3\"><span class=\"bumpedFont15\">de<\/span><\/span><span class=\"s3\"><span class=\"bumpedFont15\"> Dora,<\/span><\/span><span class=\"s3\"><span class=\"bumpedFont15\"> C<\/span><\/span><span class=\"s3\"><span class=\"bumpedFont15\">armen <\/span><\/span><span class=\"s3\"><span class=\"bumpedFont15\">Oll\u00e9 declara<\/span><\/span><span class=\"s3\"><span class=\"bumpedFont15\"> \u201c<\/span><\/span><span class=\"s2\"><span class=\"bumpedFont15\">Yo misma me he preguntado sobre el tiempo que hizo el d\u00eda en que Pamela se ahog\u00f3<\/span><\/span><span class=\"s3\"><span class=\"bumpedFont15\">\u201d<\/span><\/span><span class=\"s3\"><span class=\"bumpedFont15\">. <\/span><\/span><\/span><\/p>\n<p class=\"s5\" style=\"text-align: justify;\"><span style=\"font-size: 16px;\"><span class=\"s3\"><span class=\"bumpedFont15\">Tambi\u00e9n se plante\u00f3 la pregunta <\/span><\/span><span class=\"s3\"><span class=\"bumpedFont15\">la escritora Irene <\/span><\/span><span class=\"s3\"><span class=\"bumpedFont15\">Nemirovsky<\/span><\/span><span class=\"s3\"><span class=\"bumpedFont15\">, tambi\u00e9n jud\u00eda, tambi\u00e9n muerta en deportaci\u00f3n como Dora, al imaginar <\/span><\/span><span class=\"s3\"><span class=\"bumpedFont15\">en su novela <\/span><\/span><em><span class=\"s2\"><span class=\"bumpedFont15\">Nieve en oto\u00f1o<\/span><\/span><\/em><span class=\"s3\"><span class=\"bumpedFont15\">, la muerte por ahogamiento <\/span><\/span><span class=\"s3\"><span class=\"bumpedFont15\">en el r\u00edo Sena <\/span><\/span><span class=\"s3\"><span class=\"bumpedFont15\">de su <\/span><\/span><span class=\"s3\"><span class=\"bumpedFont15\">vieja <\/span><\/span><span class=\"s3\"><span class=\"bumpedFont15\">n<\/span><\/span><span class=\"s3\"><span class=\"bumpedFont15\">i<\/span><\/span><span class=\"s3\"><span class=\"bumpedFont15\">\u00f1era<\/span><\/span><span class=\"s3\"><span class=\"bumpedFont15\">.<\/span><\/span><span class=\"s2\"><span class=\"bumpedFont15\"> \u00a0<\/span><\/span><\/span><\/p>\n<p class=\"s9\" style=\"text-align: justify;\"><span style=\"font-size: 16px;\"><span class=\"s3\"><span class=\"bumpedFont15\">E<\/span><\/span><span class=\"s3\"><span class=\"bumpedFont15\">ntrar en detalles<\/span><\/span> <span class=\"s3\"><span class=\"bumpedFont15\">c<\/span><\/span><span class=\"s3\"><span class=\"bumpedFont15\">oncretiza <\/span><\/span><span class=\"s3\"><span class=\"bumpedFont15\">los <\/span><\/span><span class=\"s3\"><span class=\"bumpedFont15\">momentos previos e incluso el instante <\/span><\/span><span class=\"s3\"><span class=\"bumpedFont15\">mismo <\/span><\/span><span class=\"s3\"><span class=\"bumpedFont15\">de la muerte<\/span><\/span><span class=\"s3\"><span class=\"bumpedFont15\"> y<\/span><\/span> <span class=\"s3\"><span class=\"bumpedFont15\">facilita entrar en <\/span><\/span><span class=\"s3\"><span class=\"bumpedFont15\">conexi\u00f3n <\/span><\/span><span class=\"s3\"><span class=\"bumpedFont15\">y empat\u00eda <\/span><\/span><span class=\"s3\"><span class=\"bumpedFont15\">con las <\/span><\/span><span class=\"s3\"><span class=\"bumpedFont15\">personas <\/span><\/span><span class=\"s3\"><span class=\"bumpedFont15\">mencionadas<\/span><\/span><span class=\"s3\"><span class=\"bumpedFont15\">. <\/span><\/span><\/span><\/p>\n<p class=\"s9\" style=\"text-align: justify;\"><span style=\"font-size: 16px;\"><span class=\"s3\"><span class=\"bumpedFont15\">En <\/span><\/span><em><span class=\"s2\"><span class=\"bumpedFont15\">Me gustan los atardeceres tristes<\/span><\/span><\/em><span class=\"s3\"><span class=\"bumpedFont15\">, Carmen Oll\u00e9 <\/span><\/span><span class=\"s3\"><span class=\"bumpedFont15\">humaniza <\/span><\/span><span class=\"s3\"><span class=\"bumpedFont15\">la muerte<\/span><\/span><span class=\"s3\"><span class=\"bumpedFont15\">, <\/span><\/span><span class=\"s3\"><span class=\"bumpedFont15\">le resta dramatismo <\/span><\/span><span class=\"s3\"><span class=\"bumpedFont15\">incorporando an\u00e9cdotas al punto de que aparezca como un suceso m\u00e1s<\/span><\/span><span class=\"s3\"><span class=\"bumpedFont15\">. <\/span><\/span><\/span><\/p>\n<p class=\"s9\" style=\"text-align: justify;\"><span style=\"font-size: 16px;\"><span class=\"s3\"><span class=\"bumpedFont15\">Por haberl<\/span><\/span><span class=\"s3\"><span class=\"bumpedFont15\">o<\/span><\/span><span class=\"s3\"><span class=\"bumpedFont15\"> experimentado, <\/span><\/span><span class=\"s3\"><span class=\"bumpedFont15\">sabe del vac\u00edo de la p\u00e9rdida<\/span><\/span><span class=\"s3\"><span class=\"bumpedFont15\">, de los <\/span><\/span><span class=\"s3\"><span class=\"bumpedFont15\">recuerdos <\/span><\/span><span class=\"s3\"><span class=\"bumpedFont15\">que <\/span><\/span><span class=\"s3\"><span class=\"bumpedFont15\">nos confrontan a nosotros mismos y <\/span><\/span><span class=\"s3\"><span class=\"bumpedFont15\">a <\/span><\/span><span class=\"s3\"><span class=\"bumpedFont15\">c\u00f3mo <\/span><\/span><span class=\"s3\"><span class=\"bumpedFont15\">reacci<\/span><\/span><span class=\"s3\"><span class=\"bumpedFont15\">onamos<\/span><\/span> <span class=\"s3\"><span class=\"bumpedFont15\">frente a la <\/span><\/span><span class=\"s3\"><span class=\"bumpedFont15\">enfermedad y <\/span><\/span><span class=\"s3\"><span class=\"bumpedFont15\">p\u00e9rdida de <\/span><\/span><span class=\"s3\"><span class=\"bumpedFont15\">seres cercanos<\/span><\/span><span class=\"s3\"><span class=\"bumpedFont15\">. <\/span><\/span><\/span><\/p>\n<p class=\"s9\" style=\"text-align: justify;\"><span style=\"font-size: 16px;\"><span class=\"s3\"><span class=\"bumpedFont15\">Inherente al tema central, y habiendo ya fallecido los progenitores, <\/span><\/span><span class=\"s3\"><span class=\"bumpedFont15\">la autora <\/span><\/span><span class=\"s3\"><span class=\"bumpedFont15\">aborda tambi\u00e9n el tema \u00e1lgido de las relaciones padres \/ hijos<\/span><\/span><span class=\"s3\"><span class=\"bumpedFont15\"> en sus <\/span><\/span><span class=\"s3\"><span class=\"bumpedFont15\">correos<\/span><\/span><span class=\"s3\"><span class=\"bumpedFont15\"> con Pilar <\/span><\/span><span class=\"s3\"><span class=\"bumpedFont15\">Dug<\/span><\/span><span class=\"s3\"><span class=\"bumpedFont15\">h<\/span><\/span><span class=\"s3\"><span class=\"bumpedFont15\">i<\/span><\/span> <span class=\"s3\"><span class=\"bumpedFont15\">y <\/span><\/span><span class=\"s3\"><span class=\"bumpedFont15\">al hacer <\/span><\/span><span class=\"s3\"><span class=\"bumpedFont15\">el recuento de <\/span><\/span><span class=\"s3\"><span class=\"bumpedFont15\">la corta infancia de Pamela<\/span><\/span><span class=\"s3\"><span class=\"bumpedFont15\">.<\/span><\/span><\/span><\/p>\n<p class=\"s9\" style=\"text-align: justify;\"><span style=\"font-size: 16px;\"><span class=\"s3\"><span class=\"bumpedFont15\">Pero <\/span><\/span><span class=\"s3\"><span class=\"bumpedFont15\">por m\u00e1s que <\/span><\/span><span class=\"s3\"><span class=\"bumpedFont15\">su reflexi\u00f3n <\/span><\/span><span class=\"s3\"><span class=\"bumpedFont15\">enfoque <\/span><\/span><span class=\"s3\"><span class=\"bumpedFont15\">sucesos personales<\/span><\/span><span class=\"s3\"><span class=\"bumpedFont15\">, familiares, amorosos<\/span><\/span><span class=\"s3\"><span class=\"bumpedFont15\"> reales o so\u00f1ados <\/span><\/span><span class=\"s3\"><span class=\"bumpedFont15\">(<\/span><\/span><span class=\"s3\"><span class=\"bumpedFont15\">estos<\/span><\/span><span class=\"s3\"><span class=\"bumpedFont15\">\u00faltimos s<\/span><\/span><span class=\"s3\"><span class=\"bumpedFont15\">iem<\/span><\/span><span class=\"s3\"><span class=\"bumpedFont15\">pre <\/span><\/span><span class=\"s3\"><span class=\"bumpedFont15\">fallidos<\/span><\/span><span class=\"s3\"><span class=\"bumpedFont15\">)<\/span><\/span><span class=\"s3\"><span class=\"bumpedFont15\">, <\/span><\/span><span class=\"s3\"><span class=\"bumpedFont15\">termina <\/span><\/span><span class=\"s3\"><span class=\"bumpedFont15\">des<\/span><\/span><span class=\"s3\"><span class=\"bumpedFont15\">e<\/span><\/span><span class=\"s3\"><span class=\"bumpedFont15\">mboca<\/span><\/span><span class=\"s3\"><span class=\"bumpedFont15\">ndo inevitablemente <\/span><\/span><span class=\"s3\"><span class=\"bumpedFont15\">en la liter<\/span><\/span><span class=\"s3\"><span class=\"bumpedFont15\">a<\/span><\/span><span class=\"s3\"><span class=\"bumpedFont15\">tura. <\/span><\/span><\/span><\/p>\n<p class=\"s9\" style=\"text-align: justify;\"><span style=\"font-size: 16px;\"><span class=\"s3\"><span class=\"bumpedFont15\">S<\/span><\/span><span class=\"s3\"><span class=\"bumpedFont15\">on muchas las muertes <\/span><\/span><span class=\"s3\"><span class=\"bumpedFont15\">propias de la literatura rom\u00e1ntica<\/span><\/span><span class=\"s3\"><span class=\"bumpedFont15\">,<\/span><\/span><span class=\"s3\"><span class=\"bumpedFont15\"> mayormente por suicidio. B<\/span><\/span><span class=\"s3\"><span class=\"bumpedFont15\">asta con <\/span><\/span><span class=\"s3\"><span class=\"bumpedFont15\">mencionar a <\/span><\/span><span class=\"s3\"><span class=\"bumpedFont15\">Emma Bovary, Ana Karenina<\/span><\/span><span class=\"s3\"><span class=\"bumpedFont15\">, <\/span><\/span><span class=\"s3\"><span class=\"bumpedFont15\">etc<\/span><\/span><span class=\"s3\"><span class=\"bumpedFont15\">\u2026<\/span><\/span><span class=\"s3\"><span class=\"bumpedFont15\">), <\/span><\/span><span class=\"s3\"><span class=\"bumpedFont15\">as\u00ed como <\/span><\/span><span class=\"s3\"><span class=\"bumpedFont15\">la<\/span><\/span><span class=\"s3\"><span class=\"bumpedFont15\">s<\/span><\/span><span class=\"s3\"><span class=\"bumpedFont15\">muertes posteriores <\/span><\/span><span class=\"s3\"><span class=\"bumpedFont15\">de autores<\/span><\/span><span class=\"s3\"><span class=\"bumpedFont15\">: <\/span><\/span><span class=\"s3\"><span class=\"bumpedFont15\">Sylvia Plath, Romain Gary, <\/span><\/span><span class=\"s3\"><span class=\"bumpedFont15\">Alejandra Pizarnik, Alfonsina Storni, Hemingway, Virginia Woolf<\/span><\/span><span class=\"s3\"><span class=\"bumpedFont15\">; y la<\/span><\/span><span class=\"s3\"><span class=\"bumpedFont15\">s<\/span><\/span> <span class=\"s3\"><span class=\"bumpedFont15\">muertes <\/span><\/span><span class=\"s3\"><span class=\"bumpedFont15\">precoces <\/span><\/span><span class=\"s3\"><span class=\"bumpedFont15\">de seres geniales <\/span><\/span><span class=\"s3\"><span class=\"bumpedFont15\">desarraigados y marginales <\/span><\/span><span class=\"s3\"><span class=\"bumpedFont15\">como <\/span><\/span><span class=\"s3\"><span class=\"bumpedFont15\">Modigliani o <\/span><\/span><span class=\"s3\"><span class=\"bumpedFont15\">Arthur Rimbaud <\/span><\/span><span class=\"s3\"><span class=\"bumpedFont15\">que ejerce sobre <\/span><\/span><span class=\"s3\"><span class=\"bumpedFont15\">C<\/span><\/span><span class=\"s3\"><span class=\"bumpedFont15\">armen una fascinaci\u00f3n especial al punto <\/span><\/span><span class=\"s3\"><span class=\"bumpedFont15\">de<\/span><\/span> <span class=\"s3\"><span class=\"bumpedFont15\">concluir<\/span><\/span> <span class=\"s3\"><span class=\"bumpedFont15\">el libro con el <\/span><\/span><span class=\"s3\"><span class=\"bumpedFont15\">bell\u00edsimo <\/span><\/span><span class=\"s3\"><span class=\"bumpedFont15\">poema \u201c<\/span><\/span><span class=\"s3\"><span class=\"bumpedFont15\">Le <\/span><\/span><span class=\"s3\"><span class=\"bumpedFont15\">dormeur<\/span><\/span><span class=\"s3\"><span class=\"bumpedFont15\"> du val\u201d (El durmiente del valle)<\/span><\/span><span class=\"s3\"><span class=\"bumpedFont15\">.<\/span><\/span><\/span><\/p>\n<p class=\"s9\" style=\"text-align: justify;\"><span style=\"font-size: 16px;\"><span class=\"s3\"><span class=\"bumpedFont15\">En ese fluir constante entre muertes reales y muertes literarias aparece el tema del mal. <\/span><\/span><span class=\"s2\"><span class=\"bumpedFont15\">\u00bfQu\u00e9 es el mal para nosotros?<\/span><\/span> <span class=\"s3\"><span class=\"bumpedFont15\">pregunta Carmen. <\/span><\/span><\/span><\/p>\n<p class=\"s9\" style=\"text-align: justify;\"><span style=\"font-size: 16px;\"><span class=\"s3\"><span class=\"bumpedFont15\">El mal<\/span><\/span><span class=\"s3\"><span class=\"bumpedFont15\">,<\/span><\/span> <span class=\"s3\"><span class=\"bumpedFont15\">inspir<\/span><\/span><span class=\"s3\"><span class=\"bumpedFont15\">aci\u00f3n<\/span><\/span> <span class=\"s3\"><span class=\"bumpedFont15\">de <\/span><\/span><span class=\"s3\"><span class=\"bumpedFont15\">obras literarias en siglos pasados, especialmente <\/span><\/span><span class=\"s3\"><span class=\"bumpedFont15\">el XIX<\/span><\/span><span class=\"s3\"><span class=\"bumpedFont15\">, con <\/span><\/span><em><span class=\"s2\"><span class=\"bumpedFont15\">La piel <\/span><\/span><span class=\"s2\"><span class=\"bumpedFont15\">de<\/span><\/span><span class=\"s2\"><span class=\"bumpedFont15\"> Zapa<\/span><\/span><\/em><span class=\"s3\"><span class=\"bumpedFont15\"> de Balzac, <\/span><\/span><span class=\"s2\"><span class=\"bumpedFont15\">El retrato de <\/span><\/span><em><span class=\"s2\"><span class=\"bumpedFont15\">Dori\u00e1n<\/span><\/span><span class=\"s2\"><span class=\"bumpedFont15\"> Grey<\/span><\/span><\/em><span class=\"s3\"><span class=\"bumpedFont15\"> de <\/span><\/span><span class=\"s3\"><span class=\"bumpedFont15\">Wilde<\/span><\/span><span class=\"s3\"><span class=\"bumpedFont15\">, el <\/span><\/span><em><span class=\"s2\"><span class=\"bumpedFont15\">Fausto <\/span><\/span><\/em><span class=\"s3\"><span class=\"bumpedFont15\">de Goethe, <\/span><\/span><span class=\"s3\"><span class=\"bumpedFont15\">pierde en el <\/span><\/span><span class=\"s3\"><span class=\"bumpedFont15\">siglo XX su car\u00e1cter m\u00edtico y <\/span><\/span><span class=\"s3\"><span class=\"bumpedFont15\">cobra cuerpo con <\/span><\/span><span class=\"s3\"><span class=\"bumpedFont15\">los totalitarismos y el <\/span><\/span><span class=\"s3\"><span class=\"bumpedFont15\">nazismo. <\/span><\/span><\/span><\/p>\n<p class=\"s9\" style=\"text-align: justify;\"><span style=\"font-size: 16px;\"><span class=\"s3\"><span class=\"bumpedFont15\">L<\/span><\/span><span class=\"s3\"><span class=\"bumpedFont15\">a referencia al libro de <\/span><\/span><span class=\"s3\"><span class=\"bumpedFont15\">Modiano<\/span><\/span> <span class=\"s3\"><span class=\"bumpedFont15\">y <\/span><\/span><span class=\"s3\"><span class=\"bumpedFont15\">el paralelismo entre Pamela y Dora <\/span><\/span><span class=\"s3\"><span class=\"bumpedFont15\">lleva a Carmen Oll\u00e9 a <\/span><\/span><span class=\"s3\"><span class=\"bumpedFont15\">recordar <\/span><\/span><span class=\"s3\"><span class=\"bumpedFont15\">a escritores v\u00edctimas <\/span><\/span><span class=\"s3\"><span class=\"bumpedFont15\">de la <\/span><\/span><span class=\"s3\"><span class=\"bumpedFont15\">ocupaci\u00f3n<\/span><\/span><span class=\"s3\"><span class=\"bumpedFont15\"> nazi<\/span><\/span><span class=\"s3\"><span class=\"bumpedFont15\">:<\/span><\/span><\/span><\/p>\n<div class=\"s11\" style=\"text-align: justify;\"><span style=\"font-size: 16px; font-family: georgia, palatino, serif;\"><span class=\"s10\">&#8211; <\/span><span class=\"s3\"><span class=\"bumpedFont15\">la escritora Irene <\/span><\/span><span class=\"s3\"><span class=\"bumpedFont15\">Nemirovsky<\/span><\/span><span class=\"s3\"><span class=\"bumpedFont15\"> que, igual que Dora <\/span><\/span><span class=\"s3\"><span class=\"bumpedFont15\">Bruder <\/span><\/span><span class=\"s3\"><span class=\"bumpedFont15\">muere en campo de concentraci\u00f3n; <\/span><\/span><\/span><\/div>\n<div class=\"s13\" style=\"text-align: justify;\"><span style=\"font-size: 16px; font-family: georgia, palatino, serif;\"><span class=\"s12\">&#8211; <\/span><span class=\"s3\"><span class=\"bumpedFont15\">Walter Benjam\u00edn que se suicida camino al exilio<\/span><\/span><\/span><\/div>\n<div class=\"s11\" style=\"text-align: justify;\"><span style=\"font-size: 16px; font-family: georgia, palatino, serif;\"><span class=\"s10\">&#8211; <\/span><span class=\"s3\"><span class=\"bumpedFont15\">a<\/span><\/span><span class=\"s3\"><span class=\"bumpedFont15\">s\u00ed como <\/span><\/span><span class=\"s3\"><span class=\"bumpedFont15\">a <\/span><\/span><span class=\"s3\"><span class=\"bumpedFont15\">los que <\/span><\/span><span class=\"s3\"><span class=\"bumpedFont15\">sobrevivieron a un holocausto <\/span><\/span><span class=\"s3\"><span class=\"bumpedFont15\">grabado en su <\/span><\/span><span class=\"s3\"><span class=\"bumpedFont15\">piel<\/span><\/span><span class=\"s3\"><span class=\"bumpedFont15\">: <\/span><\/span><span class=\"s3\"><span class=\"bumpedFont15\">entre otros <\/span><\/span><span class=\"s3\"><span class=\"bumpedFont15\">Joseph Roth e <\/span><\/span><span class=\"s3\"><span class=\"bumpedFont15\">Imr\u00e9 <\/span><\/span><span class=\"s3\"><span class=\"bumpedFont15\">Kertesz<\/span><\/span><span class=\"s3\"><span class=\"bumpedFont15\"> escritor h\u00fangaro, preso en Auschwitz. <\/span><\/span><\/span><\/div>\n<p class=\"s9\" style=\"text-align: justify;\"><span style=\"font-size: 16px;\"><span class=\"s3\"><span class=\"bumpedFont15\">En <\/span><\/span><em><span class=\"s2\"><span class=\"bumpedFont15\">Destino: vagabunda<\/span><\/span><\/em><span class=\"s3\"><span class=\"bumpedFont15\"> Carmen <\/span><\/span><span class=\"s3\"><span class=\"bumpedFont15\">confiesa que <\/span><\/span><span class=\"s3\"><span class=\"bumpedFont15\">de joven ten\u00eda<\/span><\/span><span class=\"s3\"><span class=\"bumpedFont15\"> mucho <\/span><\/span><span class=\"s3\"><span class=\"bumpedFont15\">miedo a morir<\/span><\/span><span class=\"s3\"><span class=\"bumpedFont15\">. <\/span><\/span><\/span><\/p>\n<p class=\"s9\" style=\"text-align: justify;\"><span style=\"font-size: 16px;\"><span class=\"s3\"><span class=\"bumpedFont15\">No s\u00e9 <\/span><\/span><span class=\"s3\"><span class=\"bumpedFont15\">si <\/span><\/span><span class=\"s3\"><span class=\"bumpedFont15\">logr\u00f3 exorcizar <\/span><\/span><span class=\"s3\"><span class=\"bumpedFont15\">su<\/span><\/span><span class=\"s3\"><span class=\"bumpedFont15\"> miedo con<\/span><\/span> <em><span class=\"s2\"><span class=\"bumpedFont15\">Me gustan los atardeceres tristes<\/span><\/span><\/em><span class=\"s2\"><span class=\"bumpedFont15\">,<\/span><\/span> <span class=\"s3\"><span class=\"bumpedFont15\">pero <\/span><\/span><span class=\"s3\"><span class=\"bumpedFont15\">su<\/span><\/span><span class=\"s3\"><span class=\"bumpedFont15\"> manera no convencional de <\/span><\/span><span class=\"s3\"><span class=\"bumpedFont15\">hablar de la muerte<\/span><\/span><span class=\"s3\"><span class=\"bumpedFont15\">, como si, misma Alicia en un mundo sin maravillas, quisiera pasar del otro lado del espejo para acercarse a <\/span><\/span><span class=\"s3\"><span class=\"bumpedFont15\">tantos <\/span><\/span><span class=\"s3\"><span class=\"bumpedFont15\">fallecidos<\/span><\/span><span class=\"s3\"><span class=\"bumpedFont15\">, <\/span><\/span><span class=\"s3\"><span class=\"bumpedFont15\">es <\/span><\/span><span class=\"s3\"><span class=\"bumpedFont15\">una manera de devolverles <\/span><\/span><span class=\"s3\"><span class=\"bumpedFont15\">vida<\/span><\/span><span class=\"s3\"><span class=\"bumpedFont15\"> porque <\/span><\/span><span class=\"s3\"><span class=\"bumpedFont15\">mientras se hable de los muertos, no mueren del todo.<\/span><\/span><\/span><\/p>\n<p class=\"s9\" style=\"text-align: justify;\"><span style=\"font-size: 16px;\"><span class=\"s3\"><span class=\"bumpedFont15\">M<\/span><\/span><span class=\"s3\"><span class=\"bumpedFont15\">arguerite Yourcenar <\/span><\/span><span class=\"s3\"><span class=\"bumpedFont15\">dijo: <\/span><\/span><span class=\"s2\"><span class=\"bumpedFont15\">Uno solo muere cuando est\u00e1 solo<\/span><\/span><span class=\"s3\"><span class=\"bumpedFont15\">. <\/span><\/span><\/span><\/p>\n<p class=\"s5\" style=\"text-align: justify;\"><span style=\"font-size: 16px;\"><span class=\"s3\"><span class=\"bumpedFont15\">Por ello, a<\/span><\/span><span class=\"s3\"><span class=\"bumpedFont15\">l recordarlos<\/span><\/span><span class=\"s3\"><span class=\"bumpedFont15\"> y juntarlos <\/span><\/span><span class=\"s3\"><span class=\"bumpedFont15\">en <\/span><\/span><span class=\"s3\"><span class=\"bumpedFont15\">este<\/span><\/span><span class=\"s3\"><span class=\"bumpedFont15\"> libro lleno de sensibilidad y agudeza literaria, Carmen Oll\u00e9 <\/span><\/span><span class=\"s3\"><span class=\"bumpedFont15\">le<\/span><\/span><span class=\"s3\"><span class=\"bumpedFont15\">s<\/span><\/span><span class=\"s3\"><span class=\"bumpedFont15\"> da <\/span><\/span><span class=\"s3\"><span class=\"bumpedFont15\">una <\/span><\/span><span class=\"s3\"><span class=\"bumpedFont15\">segunda<\/span><\/span><span class=\"s3\"><span class=\"bumpedFont15\"> vida a <\/span><\/span><span class=\"s3\"><span class=\"bumpedFont15\">Pilar <\/span><\/span><span class=\"s3\"><span class=\"bumpedFont15\">Dug<\/span><\/span><span class=\"s3\"><span class=\"bumpedFont15\">h<\/span><\/span><span class=\"s3\"><span class=\"bumpedFont15\">i<\/span><\/span><span class=\"s3\"><span class=\"bumpedFont15\">, <\/span><\/span><span class=\"s3\"><span class=\"bumpedFont15\">a <\/span><\/span><span class=\"s3\"><span class=\"bumpedFont15\">Pamela, <\/span><\/span><span class=\"s3\"><span class=\"bumpedFont15\">a <\/span><\/span><span class=\"s3\"><span class=\"bumpedFont15\">Ada, <\/span><\/span><span class=\"s3\"><span class=\"bumpedFont15\">a <\/span><\/span><span class=\"s3\"><span class=\"bumpedFont15\">Beto<\/span><\/span><span class=\"s3\"><span class=\"bumpedFont15\">, <\/span><\/span><span class=\"s3\"><span class=\"bumpedFont15\">a <\/span><\/span><span class=\"s3\"><span class=\"bumpedFont15\">Dora<\/span><\/span> <span class=\"s3\"><span class=\"bumpedFont15\">Bruder<\/span><\/span><span class=\"s3\"><span class=\"bumpedFont15\">, <\/span><\/span><span class=\"s3\"><span class=\"bumpedFont15\">a <\/span><\/span><span class=\"s3\"><span class=\"bumpedFont15\">Irene <\/span><\/span><span class=\"s3\"><span class=\"bumpedFont15\">Nemirovsky<\/span><\/span><span class=\"s3\"><span class=\"bumpedFont15\"> y <\/span><\/span><span class=\"s3\"><span class=\"bumpedFont15\">a <\/span><\/span><span class=\"s3\"><span class=\"bumpedFont15\">tantos otros<\/span><\/span><span class=\"s3\"><span class=\"bumpedFont15\">.<\/span><\/span><\/span><\/p>\n<p style=\"text-align: justify;\"><span style=\"font-size: 16px;\"><strong>Oll\u00e9, Carmen. <em>Me gustan los atardeceres tristes<\/em>. Peisa, 2025.<\/strong><\/span><\/p>\n<hr \/>\n<p style=\"text-align: justify;\"><span style=\"font-family: 'trebuchet ms', geneva, sans-serif; font-size: 16px;\"><strong>Carmen Oll\u00e9, <\/strong>narradora y poeta, autora de una obra rica y potente,\u00a0es una de las voces narrativas y po\u00e9ticas m\u00e1s importantes del Per\u00fa.<\/span><\/p>\n<p><a href=\"https:\/\/lascriticas.com\/index.php\/lascriticas\/christiane-felip\/\"><strong><span style=\"font-family: 'trebuchet ms', geneva, sans-serif; font-size: 16px;\">Acerca de Christiane F\u00e9lip-Vidal<\/span><\/strong><\/a><\/p>\n<p>&nbsp;<\/p>\n","protected":false},"excerpt":{"rendered":"<p>Me gustan los atardeceres tristes, de Carmen Oll\u00e9 \u00bfC\u00f3mo abordar un libro donde desde el principio la autora declara haberlo escrito sin rumbo? El libro anterior, Destino: vagabunda\u00a0nos habr\u00eda podido dar un avant-go\u00fbt (un anticipo) del actual, dado que ambos juntan recuerdos, referencias literarias, art\u00edculos, testimonios, ensayos, fragmentos de la obra de la propia autora,&#8230;<\/p>\n","protected":false},"author":35,"featured_media":6065,"comment_status":"open","ping_status":"open","sticky":false,"template":"","format":"standard","meta":{"footnotes":""},"categories":[849,37],"tags":[685,1175,219,338,622,110,88,745,805,1176,1177],"yoast_head":"<!-- This site is optimized with the Yoast SEO plugin v23.5 - https:\/\/yoast.com\/wordpress\/plugins\/seo\/ -->\n<title>Me gustan los atardeceres tristes, de Carmen Oll\u00e9 - Las Cr\u00edticas<\/title>\n<meta name=\"description\" content=\"Christiane F\u00e9lip escribe acerca del libro de memorias de Carmen Oll\u00e9.\" \/>\n<meta name=\"robots\" content=\"index, follow, max-snippet:-1, max-image-preview:large, max-video-preview:-1\" \/>\n<link rel=\"canonical\" href=\"https:\/\/lascriticas.com\/index.php\/2025\/12\/07\/me-gustan-los-atardeceres-tristes-de-carmen-olle\/\" \/>\n<meta property=\"og:locale\" content=\"es_ES\" \/>\n<meta property=\"og:type\" content=\"article\" \/>\n<meta property=\"og:title\" content=\"Me gustan los atardeceres tristes, de Carmen Oll\u00e9 - Las Cr\u00edticas\" \/>\n<meta property=\"og:description\" content=\"Christiane F\u00e9lip escribe acerca del libro de memorias de Carmen Oll\u00e9.\" \/>\n<meta property=\"og:url\" content=\"https:\/\/lascriticas.com\/index.php\/2025\/12\/07\/me-gustan-los-atardeceres-tristes-de-carmen-olle\/\" \/>\n<meta property=\"og:site_name\" content=\"Las Cr\u00edticas\" \/>\n<meta property=\"article:publisher\" content=\"https:\/\/www.facebook.com\/lascriticas\/\" \/>\n<meta property=\"article:published_time\" content=\"2025-12-06T23:55:56+00:00\" \/>\n<meta property=\"article:modified_time\" content=\"2025-12-07T00:02:55+00:00\" \/>\n<meta property=\"og:image\" content=\"https:\/\/lascriticas.com\/wp-content\/uploads\/2025\/12\/Carmen-Olle.jpeg\" \/>\n\t<meta property=\"og:image:width\" content=\"600\" \/>\n\t<meta property=\"og:image:height\" content=\"314\" \/>\n\t<meta property=\"og:image:type\" content=\"image\/jpeg\" \/>\n<meta name=\"author\" content=\"Christiane F\u00e9lip Vidal\" \/>\n<meta name=\"twitter:card\" content=\"summary_large_image\" \/>\n<meta name=\"twitter:creator\" content=\"@LasCriticas_com\" \/>\n<meta name=\"twitter:site\" content=\"@LasCriticas_com\" \/>\n<meta name=\"twitter:label1\" content=\"Escrito por\" \/>\n\t<meta name=\"twitter:data1\" content=\"Christiane F\u00e9lip Vidal\" \/>\n\t<meta name=\"twitter:label2\" content=\"Tiempo de lectura\" \/>\n\t<meta name=\"twitter:data2\" content=\"8 minutos\" \/>\n<script type=\"application\/ld+json\" class=\"yoast-schema-graph\">{\"@context\":\"https:\/\/schema.org\",\"@graph\":[{\"@type\":\"Article\",\"@id\":\"https:\/\/lascriticas.com\/index.php\/2025\/12\/07\/me-gustan-los-atardeceres-tristes-de-carmen-olle\/#article\",\"isPartOf\":{\"@id\":\"https:\/\/lascriticas.com\/index.php\/2025\/12\/07\/me-gustan-los-atardeceres-tristes-de-carmen-olle\/\"},\"author\":{\"name\":\"Christiane F\u00e9lip Vidal\",\"@id\":\"https:\/\/lascriticas.com\/#\/schema\/person\/659bc9dbab20f54469fa43dec245bf3a\"},\"headline\":\"Me gustan los atardeceres tristes, de Carmen Oll\u00e9\",\"datePublished\":\"2025-12-06T23:55:56+00:00\",\"dateModified\":\"2025-12-07T00:02:55+00:00\",\"mainEntityOfPage\":{\"@id\":\"https:\/\/lascriticas.com\/index.php\/2025\/12\/07\/me-gustan-los-atardeceres-tristes-de-carmen-olle\/\"},\"wordCount\":1602,\"commentCount\":0,\"publisher\":{\"@id\":\"https:\/\/lascriticas.com\/#organization\"},\"image\":{\"@id\":\"https:\/\/lascriticas.com\/index.php\/2025\/12\/07\/me-gustan-los-atardeceres-tristes-de-carmen-olle\/#primaryimage\"},\"thumbnailUrl\":\"https:\/\/lascriticas.com\/wp-content\/uploads\/2025\/12\/Carmen-Olle.jpeg\",\"keywords\":[\"agua\",\"destino\",\"hijos\",\"mal\",\"memorias\",\"muerte\",\"mujer\",\"padres\",\"personajes\",\"Pilar Dughi\",\"playa\"],\"articleSection\":[\"No ficci\u00f3n\",\"Rese\u00f1as\"],\"inLanguage\":\"es\",\"potentialAction\":[{\"@type\":\"CommentAction\",\"name\":\"Comment\",\"target\":[\"https:\/\/lascriticas.com\/index.php\/2025\/12\/07\/me-gustan-los-atardeceres-tristes-de-carmen-olle\/#respond\"]}]},{\"@type\":\"WebPage\",\"@id\":\"https:\/\/lascriticas.com\/index.php\/2025\/12\/07\/me-gustan-los-atardeceres-tristes-de-carmen-olle\/\",\"url\":\"https:\/\/lascriticas.com\/index.php\/2025\/12\/07\/me-gustan-los-atardeceres-tristes-de-carmen-olle\/\",\"name\":\"Me gustan los atardeceres tristes, de Carmen Oll\u00e9 - Las Cr\u00edticas\",\"isPartOf\":{\"@id\":\"https:\/\/lascriticas.com\/#website\"},\"primaryImageOfPage\":{\"@id\":\"https:\/\/lascriticas.com\/index.php\/2025\/12\/07\/me-gustan-los-atardeceres-tristes-de-carmen-olle\/#primaryimage\"},\"image\":{\"@id\":\"https:\/\/lascriticas.com\/index.php\/2025\/12\/07\/me-gustan-los-atardeceres-tristes-de-carmen-olle\/#primaryimage\"},\"thumbnailUrl\":\"https:\/\/lascriticas.com\/wp-content\/uploads\/2025\/12\/Carmen-Olle.jpeg\",\"datePublished\":\"2025-12-06T23:55:56+00:00\",\"dateModified\":\"2025-12-07T00:02:55+00:00\",\"description\":\"Christiane F\u00e9lip escribe acerca del libro de memorias de Carmen Oll\u00e9.\",\"breadcrumb\":{\"@id\":\"https:\/\/lascriticas.com\/index.php\/2025\/12\/07\/me-gustan-los-atardeceres-tristes-de-carmen-olle\/#breadcrumb\"},\"inLanguage\":\"es\",\"potentialAction\":[{\"@type\":\"ReadAction\",\"target\":[\"https:\/\/lascriticas.com\/index.php\/2025\/12\/07\/me-gustan-los-atardeceres-tristes-de-carmen-olle\/\"]}]},{\"@type\":\"ImageObject\",\"inLanguage\":\"es\",\"@id\":\"https:\/\/lascriticas.com\/index.php\/2025\/12\/07\/me-gustan-los-atardeceres-tristes-de-carmen-olle\/#primaryimage\",\"url\":\"https:\/\/lascriticas.com\/wp-content\/uploads\/2025\/12\/Carmen-Olle.jpeg\",\"contentUrl\":\"https:\/\/lascriticas.com\/wp-content\/uploads\/2025\/12\/Carmen-Olle.jpeg\",\"width\":600,\"height\":314},{\"@type\":\"BreadcrumbList\",\"@id\":\"https:\/\/lascriticas.com\/index.php\/2025\/12\/07\/me-gustan-los-atardeceres-tristes-de-carmen-olle\/#breadcrumb\",\"itemListElement\":[{\"@type\":\"ListItem\",\"position\":1,\"name\":\"Inicio\",\"item\":\"https:\/\/lascriticas.com\/\"},{\"@type\":\"ListItem\",\"position\":2,\"name\":\"Me gustan los atardeceres tristes, de Carmen Oll\u00e9\"}]},{\"@type\":\"WebSite\",\"@id\":\"https:\/\/lascriticas.com\/#website\",\"url\":\"https:\/\/lascriticas.com\/\",\"name\":\"Las Cr\u00edticas\",\"description\":\"Cr\u00edtica literaria hecha por mujeres\",\"publisher\":{\"@id\":\"https:\/\/lascriticas.com\/#organization\"},\"potentialAction\":[{\"@type\":\"SearchAction\",\"target\":{\"@type\":\"EntryPoint\",\"urlTemplate\":\"https:\/\/lascriticas.com\/?s={search_term_string}\"},\"query-input\":{\"@type\":\"PropertyValueSpecification\",\"valueRequired\":true,\"valueName\":\"search_term_string\"}}],\"inLanguage\":\"es\"},{\"@type\":\"Organization\",\"@id\":\"https:\/\/lascriticas.com\/#organization\",\"name\":\"Las Cr\u00edticas\",\"url\":\"https:\/\/lascriticas.com\/\",\"logo\":{\"@type\":\"ImageObject\",\"inLanguage\":\"es\",\"@id\":\"https:\/\/lascriticas.com\/#\/schema\/logo\/image\/\",\"url\":\"https:\/\/lascriticas.com\/wp-content\/uploads\/2016\/09\/Las-Cr\u00edticas.png\",\"contentUrl\":\"https:\/\/lascriticas.com\/wp-content\/uploads\/2016\/09\/Las-Cr\u00edticas.png\",\"width\":372,\"height\":201,\"caption\":\"Las Cr\u00edticas\"},\"image\":{\"@id\":\"https:\/\/lascriticas.com\/#\/schema\/logo\/image\/\"},\"sameAs\":[\"https:\/\/www.facebook.com\/lascriticas\/\",\"https:\/\/x.com\/LasCriticas_com\",\"https:\/\/www.instagram.com\/lascriticas_com\/\",\"https:\/\/www.youtube.com\/channel\/UCd7r-H6EJA4sSXGLX33_iHQ\"]},{\"@type\":\"Person\",\"@id\":\"https:\/\/lascriticas.com\/#\/schema\/person\/659bc9dbab20f54469fa43dec245bf3a\",\"name\":\"Christiane F\u00e9lip Vidal\",\"image\":{\"@type\":\"ImageObject\",\"inLanguage\":\"es\",\"@id\":\"https:\/\/lascriticas.com\/#\/schema\/person\/image\/\",\"url\":\"https:\/\/secure.gravatar.com\/avatar\/ab32eddd597c21af3a697949c8bf384f?s=96&d=mm&r=g\",\"contentUrl\":\"https:\/\/secure.gravatar.com\/avatar\/ab32eddd597c21af3a697949c8bf384f?s=96&d=mm&r=g\",\"caption\":\"Christiane F\u00e9lip Vidal\"},\"url\":\"https:\/\/lascriticas.com\/index.php\/author\/christiane-felip-vidal\/\"}]}<\/script>\n<!-- \/ Yoast SEO plugin. -->","yoast_head_json":{"title":"Me gustan los atardeceres tristes, de Carmen Oll\u00e9 - Las Cr\u00edticas","description":"Christiane F\u00e9lip escribe acerca del libro de memorias de Carmen Oll\u00e9.","robots":{"index":"index","follow":"follow","max-snippet":"max-snippet:-1","max-image-preview":"max-image-preview:large","max-video-preview":"max-video-preview:-1"},"canonical":"https:\/\/lascriticas.com\/index.php\/2025\/12\/07\/me-gustan-los-atardeceres-tristes-de-carmen-olle\/","og_locale":"es_ES","og_type":"article","og_title":"Me gustan los atardeceres tristes, de Carmen Oll\u00e9 - Las Cr\u00edticas","og_description":"Christiane F\u00e9lip escribe acerca del libro de memorias de Carmen Oll\u00e9.","og_url":"https:\/\/lascriticas.com\/index.php\/2025\/12\/07\/me-gustan-los-atardeceres-tristes-de-carmen-olle\/","og_site_name":"Las Cr\u00edticas","article_publisher":"https:\/\/www.facebook.com\/lascriticas\/","article_published_time":"2025-12-06T23:55:56+00:00","article_modified_time":"2025-12-07T00:02:55+00:00","og_image":[{"width":600,"height":314,"url":"https:\/\/lascriticas.com\/wp-content\/uploads\/2025\/12\/Carmen-Olle.jpeg","type":"image\/jpeg"}],"author":"Christiane F\u00e9lip Vidal","twitter_card":"summary_large_image","twitter_creator":"@LasCriticas_com","twitter_site":"@LasCriticas_com","twitter_misc":{"Escrito por":"Christiane F\u00e9lip Vidal","Tiempo de lectura":"8 minutos"},"schema":{"@context":"https:\/\/schema.org","@graph":[{"@type":"Article","@id":"https:\/\/lascriticas.com\/index.php\/2025\/12\/07\/me-gustan-los-atardeceres-tristes-de-carmen-olle\/#article","isPartOf":{"@id":"https:\/\/lascriticas.com\/index.php\/2025\/12\/07\/me-gustan-los-atardeceres-tristes-de-carmen-olle\/"},"author":{"name":"Christiane F\u00e9lip Vidal","@id":"https:\/\/lascriticas.com\/#\/schema\/person\/659bc9dbab20f54469fa43dec245bf3a"},"headline":"Me gustan los atardeceres tristes, de Carmen Oll\u00e9","datePublished":"2025-12-06T23:55:56+00:00","dateModified":"2025-12-07T00:02:55+00:00","mainEntityOfPage":{"@id":"https:\/\/lascriticas.com\/index.php\/2025\/12\/07\/me-gustan-los-atardeceres-tristes-de-carmen-olle\/"},"wordCount":1602,"commentCount":0,"publisher":{"@id":"https:\/\/lascriticas.com\/#organization"},"image":{"@id":"https:\/\/lascriticas.com\/index.php\/2025\/12\/07\/me-gustan-los-atardeceres-tristes-de-carmen-olle\/#primaryimage"},"thumbnailUrl":"https:\/\/lascriticas.com\/wp-content\/uploads\/2025\/12\/Carmen-Olle.jpeg","keywords":["agua","destino","hijos","mal","memorias","muerte","mujer","padres","personajes","Pilar Dughi","playa"],"articleSection":["No ficci\u00f3n","Rese\u00f1as"],"inLanguage":"es","potentialAction":[{"@type":"CommentAction","name":"Comment","target":["https:\/\/lascriticas.com\/index.php\/2025\/12\/07\/me-gustan-los-atardeceres-tristes-de-carmen-olle\/#respond"]}]},{"@type":"WebPage","@id":"https:\/\/lascriticas.com\/index.php\/2025\/12\/07\/me-gustan-los-atardeceres-tristes-de-carmen-olle\/","url":"https:\/\/lascriticas.com\/index.php\/2025\/12\/07\/me-gustan-los-atardeceres-tristes-de-carmen-olle\/","name":"Me gustan los atardeceres tristes, de Carmen Oll\u00e9 - Las Cr\u00edticas","isPartOf":{"@id":"https:\/\/lascriticas.com\/#website"},"primaryImageOfPage":{"@id":"https:\/\/lascriticas.com\/index.php\/2025\/12\/07\/me-gustan-los-atardeceres-tristes-de-carmen-olle\/#primaryimage"},"image":{"@id":"https:\/\/lascriticas.com\/index.php\/2025\/12\/07\/me-gustan-los-atardeceres-tristes-de-carmen-olle\/#primaryimage"},"thumbnailUrl":"https:\/\/lascriticas.com\/wp-content\/uploads\/2025\/12\/Carmen-Olle.jpeg","datePublished":"2025-12-06T23:55:56+00:00","dateModified":"2025-12-07T00:02:55+00:00","description":"Christiane F\u00e9lip escribe acerca del libro de memorias de Carmen Oll\u00e9.","breadcrumb":{"@id":"https:\/\/lascriticas.com\/index.php\/2025\/12\/07\/me-gustan-los-atardeceres-tristes-de-carmen-olle\/#breadcrumb"},"inLanguage":"es","potentialAction":[{"@type":"ReadAction","target":["https:\/\/lascriticas.com\/index.php\/2025\/12\/07\/me-gustan-los-atardeceres-tristes-de-carmen-olle\/"]}]},{"@type":"ImageObject","inLanguage":"es","@id":"https:\/\/lascriticas.com\/index.php\/2025\/12\/07\/me-gustan-los-atardeceres-tristes-de-carmen-olle\/#primaryimage","url":"https:\/\/lascriticas.com\/wp-content\/uploads\/2025\/12\/Carmen-Olle.jpeg","contentUrl":"https:\/\/lascriticas.com\/wp-content\/uploads\/2025\/12\/Carmen-Olle.jpeg","width":600,"height":314},{"@type":"BreadcrumbList","@id":"https:\/\/lascriticas.com\/index.php\/2025\/12\/07\/me-gustan-los-atardeceres-tristes-de-carmen-olle\/#breadcrumb","itemListElement":[{"@type":"ListItem","position":1,"name":"Inicio","item":"https:\/\/lascriticas.com\/"},{"@type":"ListItem","position":2,"name":"Me gustan los atardeceres tristes, de Carmen Oll\u00e9"}]},{"@type":"WebSite","@id":"https:\/\/lascriticas.com\/#website","url":"https:\/\/lascriticas.com\/","name":"Las Cr\u00edticas","description":"Cr\u00edtica literaria hecha por mujeres","publisher":{"@id":"https:\/\/lascriticas.com\/#organization"},"potentialAction":[{"@type":"SearchAction","target":{"@type":"EntryPoint","urlTemplate":"https:\/\/lascriticas.com\/?s={search_term_string}"},"query-input":{"@type":"PropertyValueSpecification","valueRequired":true,"valueName":"search_term_string"}}],"inLanguage":"es"},{"@type":"Organization","@id":"https:\/\/lascriticas.com\/#organization","name":"Las Cr\u00edticas","url":"https:\/\/lascriticas.com\/","logo":{"@type":"ImageObject","inLanguage":"es","@id":"https:\/\/lascriticas.com\/#\/schema\/logo\/image\/","url":"https:\/\/lascriticas.com\/wp-content\/uploads\/2016\/09\/Las-Cr\u00edticas.png","contentUrl":"https:\/\/lascriticas.com\/wp-content\/uploads\/2016\/09\/Las-Cr\u00edticas.png","width":372,"height":201,"caption":"Las Cr\u00edticas"},"image":{"@id":"https:\/\/lascriticas.com\/#\/schema\/logo\/image\/"},"sameAs":["https:\/\/www.facebook.com\/lascriticas\/","https:\/\/x.com\/LasCriticas_com","https:\/\/www.instagram.com\/lascriticas_com\/","https:\/\/www.youtube.com\/channel\/UCd7r-H6EJA4sSXGLX33_iHQ"]},{"@type":"Person","@id":"https:\/\/lascriticas.com\/#\/schema\/person\/659bc9dbab20f54469fa43dec245bf3a","name":"Christiane F\u00e9lip Vidal","image":{"@type":"ImageObject","inLanguage":"es","@id":"https:\/\/lascriticas.com\/#\/schema\/person\/image\/","url":"https:\/\/secure.gravatar.com\/avatar\/ab32eddd597c21af3a697949c8bf384f?s=96&d=mm&r=g","contentUrl":"https:\/\/secure.gravatar.com\/avatar\/ab32eddd597c21af3a697949c8bf384f?s=96&d=mm&r=g","caption":"Christiane F\u00e9lip Vidal"},"url":"https:\/\/lascriticas.com\/index.php\/author\/christiane-felip-vidal\/"}]}},"_links":{"self":[{"href":"https:\/\/lascriticas.com\/index.php\/wp-json\/wp\/v2\/posts\/6006"}],"collection":[{"href":"https:\/\/lascriticas.com\/index.php\/wp-json\/wp\/v2\/posts"}],"about":[{"href":"https:\/\/lascriticas.com\/index.php\/wp-json\/wp\/v2\/types\/post"}],"author":[{"embeddable":true,"href":"https:\/\/lascriticas.com\/index.php\/wp-json\/wp\/v2\/users\/35"}],"replies":[{"embeddable":true,"href":"https:\/\/lascriticas.com\/index.php\/wp-json\/wp\/v2\/comments?post=6006"}],"version-history":[{"count":11,"href":"https:\/\/lascriticas.com\/index.php\/wp-json\/wp\/v2\/posts\/6006\/revisions"}],"predecessor-version":[{"id":6083,"href":"https:\/\/lascriticas.com\/index.php\/wp-json\/wp\/v2\/posts\/6006\/revisions\/6083"}],"wp:featuredmedia":[{"embeddable":true,"href":"https:\/\/lascriticas.com\/index.php\/wp-json\/wp\/v2\/media\/6065"}],"wp:attachment":[{"href":"https:\/\/lascriticas.com\/index.php\/wp-json\/wp\/v2\/media?parent=6006"}],"wp:term":[{"taxonomy":"category","embeddable":true,"href":"https:\/\/lascriticas.com\/index.php\/wp-json\/wp\/v2\/categories?post=6006"},{"taxonomy":"post_tag","embeddable":true,"href":"https:\/\/lascriticas.com\/index.php\/wp-json\/wp\/v2\/tags?post=6006"}],"curies":[{"name":"wp","href":"https:\/\/api.w.org\/{rel}","templated":true}]}}