{"id":5991,"date":"2025-05-30T13:12:41","date_gmt":"2025-05-30T11:12:41","guid":{"rendered":"https:\/\/lascriticas.com\/?p=5991"},"modified":"2025-05-31T11:32:17","modified_gmt":"2025-05-31T09:32:17","slug":"julia-y-sus-dobles","status":"publish","type":"post","link":"https:\/\/lascriticas.com\/index.php\/2025\/05\/30\/julia-y-sus-dobles\/","title":{"rendered":"Julia y sus dobles"},"content":{"rendered":"<h1><span style=\"font-size: 24px; color: #ffffff;\">Julia y sus dobles<\/span><\/h1>\n<p style=\"text-align: justify;\"><span style=\"font-size: 16px;\">Cuanto se diga de Julia siempre resultar\u00e1 parcial, y, l\u00f3gicamente, subjetivo.<span class=\"Apple-converted-space\">\u00a0<\/span><\/span><\/p>\n<p style=\"text-align: justify;\"><span style=\"font-size: 16px;\">Por ello, se me ocurri\u00f3 que lo m\u00e1s conveniente era dejarle la palabra, convencida de que ella es la voz m\u00e1s apropiada para hablar de s\u00ed misma.<span class=\"Apple-converted-space\">\u00a0<\/span><\/span><\/p>\n<p style=\"text-align: justify;\"><span style=\"font-size: 16px;\">Con ese fin, y como una manera de dejarla completar por su cuenta el boceto de s\u00ed misma, he seleccionado tanto en sus obras como en las entrevistas que dio, lo que mejor refleja su personalidad, sus inquietudes, su b\u00fasqueda identitaria, la imagen que ten\u00eda de s\u00ed, su nomadismo, y su relaci\u00f3n con la escritura.<\/span><\/p>\n<p style=\"text-align: justify;\"><span style=\"font-size: 16px;\">Respecto a su obra narrativa: Julia siempre insisti\u00f3 en el proceso autoficcional pero reconoci\u00f3 tambi\u00e9n la importancia del protagonismo autobiogr\u00e1fico o semi autobiogr\u00e1fico de sus personajes femeninos.<span class=\"Apple-converted-space\">\u00a0<\/span><\/span><\/p>\n<p style=\"text-align: justify;\"><span style=\"font-size: 16px;\">Julia fue tantas veces Julia que no es casualidad si la fascin\u00f3 tanto<span class=\"Apple-converted-space\">\u00a0<\/span>Pessoa, con sus m\u00faltiples heter\u00f3nimos, Y si bien ella no us\u00f3 heter\u00f3nimos, fue siempre juntando fragmentos de sus distintos yoes,<span class=\"Apple-converted-space\">\u00a0 <\/span>en una suerte de proceso de construcci\u00f3n. Por ello, en parte:<span class=\"Apple-converted-space\">\u00a0<\/span><\/span><\/p>\n<p style=\"text-align: justify;\"><span style=\"font-size: 16px;\">Julia es Fausta en <b><em>Los papeles rotos<\/em>, <\/b>aplicando el consejo de Almagro: \u201c<i>No te quedes en Lima. Y si puedes irte del Per\u00fa es mejor que te vayas\u201d.<\/i><b> <\/b><span class=\"Apple-converted-space\">\u00a0 \u00a0<\/span><\/span><\/p>\n<p style=\"text-align: justify;\"><span style=\"font-size: 16px;\">Julia es Cristina de <em><b>Aquello que perdimos en la arena<\/b><\/em>,<span class=\"Apple-converted-space\">\u00a0<\/span>aquella que \u201c<i>parece haber perdido el rastro entre sus protagonistas inventados y su propio ser. \u00bfEs ella? \u00bfSoy yo? \u00bfEs un personaje?<span class=\"Apple-converted-space\">\u00a0<\/span><\/i><\/span><\/p>\n<p style=\"text-align: justify;\"><span style=\"font-size: 16px;\">Y constata que<i> \u201cNinguno de nosotros aprendi\u00f3 a despedirse\u201d.<span class=\"Apple-converted-space\">\u00a0<\/span><\/i><\/span><\/p>\n<p style=\"text-align: justify;\"><span style=\"font-size: 16px;\">Julia es la Sof\u00eda de <em><b>Doble felicidad<\/b><\/em> \u201c<i>con 1 hambre de existencia + grande que todo el peso del mar\u201d<\/i> \u201c<i>A Sof\u00eda le atra\u00eda<span class=\"Apple-converted-space\">\u00a0 <\/span>sobre todo la idea de la reencarnaci\u00f3n\u201d<span class=\"Apple-converted-space\">\u00a0<\/span><\/i><\/span><\/p>\n<p style=\"text-align: justify;\"><span style=\"font-size: 16px;\">y pensando en la vida en Macao con su padre:<i> \u201casumi\u00f3 con delicadez que su padre<span class=\"Apple-converted-space\">\u00a0 <\/span>tambi\u00e9n era una especie de madre para ella\u201d.<\/i><\/span><\/p>\n<p style=\"text-align: justify;\"><span style=\"font-size: 16px;\">Julia es Belinda en <em><b>Mongolia <\/b><\/em>pregunt\u00e1ndose: <i>\u201c\u00bfCu\u00e1nto de lo que cargo es m\u00edo?<\/i><span class=\"Apple-converted-space\">\u00a0<\/span><\/span><\/p>\n<p style=\"text-align: justify;\"><span style=\"font-size: 16px;\">Es Mar\u00eda I\u00f1\u00e9s en <em><b>Bocetos para 1 cuadro de familia y otros relatos<\/b><\/em>, declarando: <i>\u201cJam\u00e1s me he tomado la atribuci\u00f3n de llamar arte a lo que hago, creo que solo expulso mis fantasmas\u201d.<\/i><span class=\"Apple-converted-space\">\u00a0<\/span><\/span><\/p>\n<p style=\"text-align: justify;\"><span style=\"font-size: 16px;\">Y a\u00f1ade: \u201c<i>He so\u00f1ado que lograr\u00e9 pintar un hermoso cuadro. Pintar\u00e9 un cuadro casi fotogr\u00e1fico que hable de soledad y de mi cuerpo\u201d<span class=\"Apple-converted-space\">\u00a0<\/span><\/i><\/span><\/p>\n<p style=\"text-align: justify;\"><span style=\"font-size: 16px;\">Julia es Alicia Li en <b><em>Cuaderno negro de Almada<\/em>, <\/b>convencida de que \u201c<i>las personas podemos ser muchas cosas a la vez\u201d.<span class=\"Apple-converted-space\">\u00a0<\/span><\/i><\/span><\/p>\n<p style=\"text-align: justify;\"><span style=\"font-size: 16px;\">Es \u00c1ngela en <em><b>Oc\u00e9ano al rev\u00e9s<\/b><\/em>, aquella ni\u00f1a china que (cito): \u201c<i>parec\u00eda tener la energ\u00eda de 3 continentes<\/i>\u201d y para quien \u201c<i>las palabras eran las \u00fanicas que abr\u00edan los caminos\u201d<span class=\"Apple-converted-space\">\u00a0<\/span><\/i><\/span><\/p>\n<p style=\"text-align: justify;\"><span style=\"font-size: 16px;\">Julia es ella misma en <em><b>Pessoa por Wong<\/b><\/em><i>,<\/i> \u201c<i>crec\u00ed cambi\u00e1ndome de pa\u00eds,<\/i> <i>con una necesidad apremiante de movimiento, un navegar entre distintos yoes<\/i>\u201d Y concluye diciendo: \u201d<i>Nunca s\u00e9 qui\u00e9n soy, mi yo es muy fracturado\u201d.<\/i><span class=\"Apple-converted-space\">\u00a0<\/span><\/span><\/p>\n<p style=\"text-align: justify;\"><span style=\"font-size: 16px;\">En <em><b>11 palabras<\/b><\/em> sigue siendo ella con su amor materno en <em><b>Desapego<\/b><\/em>: \u201c<i>Cada minuto de ella dentro de m\u00ed fue un dibujo y una plegaria al universo\u201d<\/i><\/span><\/p>\n<p style=\"text-align: justify;\"><span style=\"font-size: 16px;\">As\u00ed como en <b><em>Era 1 dios de la guerra<\/em><\/b>, pidiendo 1 misa de difunto para quien le hizo da\u00f1o y de salud para ella: \u201c<i>para m\u00ed, 1 de salud, por favor, le rogu\u00e9- Si puede poner salud mental, mejor.<span class=\"Apple-converted-space\">\u00a0<\/span><\/i><\/span><\/p>\n<ul style=\"text-align: justify;\">\n<li><span style=\"font-size: 16px;\"><i>No hay misa para salud mental, me respondi\u00f3. Y usted \u00bfc\u00f3mo se llama?<\/i><\/span><\/li>\n<li><span style=\"font-size: 16px;\"><i>Julia Wong<\/i><\/span><\/li>\n<\/ul>\n<p style=\"text-align: justify;\"><span style=\"font-size: 16px;\">En las entrevistas, Julia abord\u00f3 as\u00ed los siguientes temas:<span class=\"Apple-converted-space\">\u00a0<\/span><\/span><\/p>\n<p style=\"text-align: justify;\"><span style=\"font-size: 16px;\"><b>Su identidad:<\/b><span class=\"Apple-converted-space\">\u00a0<\/span><\/span><\/p>\n<p style=\"text-align: justify;\"><span style=\"font-size: 16px;\">Entrevista con Carlos Sotomayor: \u201c<i>El hecho de<span class=\"Apple-converted-space\">\u00a0 <\/span>crear un t\u00fa dividido en varias posibilidades me parec\u00eda que solucionaba mi propia fragmentaci\u00f3n\u201d<\/i> .<span class=\"Apple-converted-space\">\u00a0<\/span><\/span><\/p>\n<p style=\"text-align: justify;\"><span style=\"font-size: 16px;\">Con Nilt\u00f3n Maa: \u201c<i>\u2026. He ido rompiendo par\u00e1metros: la de ahorita no es la de antes ni ser\u00e1 la de despu\u00e9s. Nunca tendr\u00e9 una identidad \u00fanica. Sent\u00eda que la Julia de Chep\u00e9n, la de Lima, la de Alemania, y la Julia hija de chinos, eran personas que no se pod\u00edan vincular. Hacia afuera era yo, pero hacia adentro ten\u00eda esa gran fragmentaci\u00f3n\u201d<\/i><\/span><\/p>\n<p style=\"text-align: justify;\"><span style=\"font-size: 16px;\">con Julio Villanueva Chang: \u201c<i>Nada hay lineal en mi vida: no tuve una familia tradicional, no tuve formas tradicionales de crecer (Colegio, universidad, trabajo), entonces quiz\u00e1s mi escritura sea reflejo de lo m\u00edo en comparaci\u00f3n con lo que es normal, pero, para m\u00ed, s\u00ed era normal. Mi normalidad es otra\u201d<\/i><\/span><\/p>\n<p style=\"text-align: justify;\"><span style=\"font-size: 16px;\">Entrevista con Jordi Bataill\u00e9 De RFI (Radio Francia Internacional) : \u201c<i>Tiendo a valorizar cosas desde el espa\u00f1ol, pero dadas mis vivencias con chinos, simbolizo la vida desde los chinos. Entonces tengo que elegir constantemente<span class=\"Apple-converted-space\">\u00a0 <\/span>entre 2 par\u00e1metros que a veces se mezclan, a veces no, y tengo que tomar decisiones culturales antes que personales\u201d. <span class=\"Apple-converted-space\">\u00a0<\/span><\/i><\/span><\/p>\n<p style=\"text-align: justify;\"><span style=\"font-size: 16px;\"><b>Sobre La escritura<\/b> :<\/span><\/p>\n<p style=\"text-align: justify;\"><span style=\"font-size: 16px;\">Entrevista con Jordi Batall\u00e9: \u201c<i>La escritura fue 1 de las<span class=\"Apple-converted-space\">\u00a0 <\/span>herramientas m\u00e1s emblem\u00e1ticas que me ayud\u00f3 a entender c\u00f3mo me iba ubicando\u201d<span class=\"Apple-converted-space\">\u00a0<\/span><\/i><\/span><\/p>\n<p style=\"text-align: justify;\"><span style=\"font-size: 16px;\">Con Diego Bardales: \u201c<b><i>11 palabras<\/i><\/b><i>\u00a0era la intenci\u00f3n de superar la desesperaci\u00f3n. El libro es tambi\u00e9n un modo de interrebelarse contra la muerte. Fue un proceso doloroso que me volvi\u00f3 m\u00e1s humilde respecto al lenguaje\u201d.<span class=\"Apple-converted-space\">\u00a0<\/span><\/i><\/span><\/p>\n<p style=\"text-align: justify;\"><span style=\"font-size: 16px;\">Con Nilton Maa: \u201c<i>hay mil Julias\u2026 La idea de la literatura<span class=\"Apple-converted-space\">\u00a0 <\/span>se ha ido construyendo a trav\u00e9s de los a\u00f1os porque para escribir tienes que leer mucho<\/i><span class=\"Apple-converted-space\">\u00a0<\/span><\/span><\/p>\n<p style=\"text-align: justify;\"><span style=\"font-size: 16px;\"><b>Su nomadismo<\/b>:<span class=\"Apple-converted-space\">\u00a0<\/span><\/span><\/p>\n<p style=\"text-align: justify;\"><span style=\"font-size: 16px;\">En art\u00edculo suyo, titulado \u201c<i>Escribir a la distancia<\/i>\u201d, declara: \u201c<i>Soy un ejemplo terrible de movilizaci\u00f3n constante con m\u00faltiples identidades y visiones fragmentadas de la vida. Siempre tuve problemas con<span class=\"Apple-converted-space\">\u00a0 <\/span>la territorialidad y las fronteras.<\/i><i> <\/i><i>Moverse es vivir, decirse es sobrevivir\u201d.<\/i><\/span><\/p>\n<p style=\"text-align: justify;\"><span class=\"Apple-converted-space\" style=\"font-size: 16px;\">\u00a0<\/span><span style=\"font-size: 16px;\">En otro art\u00edculo sobre <em><b>Pessoa por Wong<\/b><\/em>, escribi\u00f3: <i>\u201cMientras vuelo, pierdo todo, dejo todo atr\u00e1s, las cosas y las palabras ya no son m\u00e1s por lo que significan sino por lo que dejan en mi recuerdo, por la emoci\u00f3n o la afectividad que evocan. Solo la impermanencia trae felicidad\u201d<span class=\"Apple-converted-space\">\u00a0<\/span><\/i><\/span><\/p>\n<p style=\"text-align: justify;\"><span style=\"font-size: 16px;\">Con Jordi Bataill\u00e9: \u201c<i>Creo que viajar se volvi\u00f3 un vicio, me gusta tanto que lo hago porque descubro muchas m\u00e1s cosas a trav\u00e9s del viaje que incluso a trav\u00e9s de la literatura\u201d.<span class=\"Apple-converted-space\">\u00a0<\/span><\/i><\/span><\/p>\n<p style=\"text-align: justify;\"><span style=\"font-size: 16px;\">Y dentro de ese nomadismo: <b>los espacios predilectos<\/b>: <i>\u201cAmo Lisboa, Hong Kong, y Macao. <\/i>y su relaci\u00f3n ambigua con <em><b>El desierto<\/b><\/em>: Por un lado: \u201c<i>Me dediqu\u00e9 a tratar de entender al desierto y culparlo de las tragedias y las desapariciones\u201d.<span class=\"Apple-converted-space\">\u00a0<\/span><\/i><\/span><\/p>\n<p style=\"text-align: justify;\"><span style=\"font-size: 16px;\">Y por otro en una entrevista con Bruno Polack: \u201c<i>Nac\u00ed revolc\u00e1ndome en la arena. Creo que el sentir de las personas en medio de la arena es de gran belleza. El desierto es para m\u00ed un espacio sagrado\u201d.<span class=\"Apple-converted-space\">\u00a0<\/span><\/i><\/span><\/p>\n<p style=\"text-align: justify;\"><span style=\"font-size: 16px;\"><b>Sobre su concepto budista de la muerte y de la intemporalidad<\/b>: (entrevista con Carlos Sotomayor) \u201c<i>Hay que saber en qu\u00e9 momentos las cosas se tienen que ir que dejar, para tomar otros movimientos espirituales. En <\/i><b><i>Lo que perdimos en la arena,<\/i><\/b><i> decid\u00ed<span class=\"Apple-converted-space\">\u00a0 <\/span>hablar de lo que perdemos, de todas las muertes que no podemos comprender, y encarar la muerte de manera m\u00e1s po\u00e9tica, y no con el dolor que nos inculcan desde peque\u00f1os<\/i>\u201d.<span class=\"Apple-converted-space\">\u00a0<\/span><\/span><\/p>\n<p style=\"text-align: justify;\"><span style=\"font-size: 16px;\"><i>\u201cSi hablas desde el lado budista y dices que la muerte solo es transformaci\u00f3n, que lo que se va, solo es el cuerpo, y que tu esp\u00edritu se va a reencarnar en otro, te van a decir que est\u00e1s loca\u201d<span class=\"Apple-converted-space\">\u00a0<\/span><\/i><\/span><\/p>\n<p style=\"text-align: justify;\"><span style=\"font-size: 16px;\">Terminando con este tema, retomo otra vez su declaraci\u00f3n: <i>\u201cSolo la impermanencia trae felicidad\u201d.<span class=\"Apple-converted-space\">\u00a0<\/span><\/i><\/span><\/p>\n<p style=\"text-align: justify;\"><span style=\"font-size: 16px;\">Esa es la Julia que quise rescatar, una Julia hecha palabras, a la que, l\u00f3gicamente, quienes la conocieron de manera m\u00e1s \u00edntima, ir\u00e1n a\u00f1adiendo sus Julias personales, aquellas que surgieron en las confidencias y que guardamos secretas, pero, de cu\u00e1nto hayamos conocido de Julia, tal como lo dijo ella: \u201c<i>Lo que queda, es lo que se deja, restos de una biograf\u00eda\u201d<\/i><\/span><\/p>\n<p style=\"text-align: justify;\"><span style=\"font-size: 16px;\">Gracias Julia, por ser \u00fanica y tantas Julias a la vez.<span class=\"Apple-converted-space\">\u00a0<\/span><\/span><\/p>\n<p style=\"text-align: justify;\">\n","protected":false},"excerpt":{"rendered":"<p>Julia y sus dobles Cuanto se diga de Julia siempre resultar\u00e1 parcial, y, l\u00f3gicamente, subjetivo.\u00a0 Por ello, se me ocurri\u00f3 que lo m\u00e1s conveniente era dejarle la palabra, convencida de que ella es la voz m\u00e1s apropiada para hablar de s\u00ed misma.\u00a0 Con ese fin, y como una manera de dejarla completar por su cuenta&#8230;<\/p>\n","protected":false},"author":35,"featured_media":2039,"comment_status":"open","ping_status":"open","sticky":false,"template":"","format":"standard","meta":{"footnotes":""},"categories":[44,1],"tags":[592,998],"yoast_head":"<!-- This site is optimized with the Yoast SEO plugin v23.5 - https:\/\/yoast.com\/wordpress\/plugins\/seo\/ -->\n<title>Julia y sus dobles - Las Cr\u00edticas<\/title>\n<meta name=\"description\" content=\"Julia y sus dobles Cuanto se diga de Julia siempre resultar\u00e1 parcial, y, l\u00f3gicamente, subjetivo.\u00a0 Por ello, se me ocurri\u00f3 que lo m\u00e1s conveniente era\" \/>\n<meta name=\"robots\" content=\"index, follow, max-snippet:-1, max-image-preview:large, max-video-preview:-1\" \/>\n<link rel=\"canonical\" href=\"https:\/\/lascriticas.com\/index.php\/2025\/05\/30\/julia-y-sus-dobles\/\" \/>\n<meta property=\"og:locale\" content=\"es_ES\" \/>\n<meta property=\"og:type\" content=\"article\" \/>\n<meta property=\"og:title\" content=\"Julia y sus dobles - Las Cr\u00edticas\" \/>\n<meta property=\"og:description\" content=\"Julia y sus dobles Cuanto se diga de Julia siempre resultar\u00e1 parcial, y, l\u00f3gicamente, subjetivo.\u00a0 Por ello, se me ocurri\u00f3 que lo m\u00e1s conveniente era\" \/>\n<meta property=\"og:url\" content=\"https:\/\/lascriticas.com\/index.php\/2025\/05\/30\/julia-y-sus-dobles\/\" \/>\n<meta property=\"og:site_name\" content=\"Las Cr\u00edticas\" \/>\n<meta property=\"article:publisher\" content=\"https:\/\/www.facebook.com\/lascriticas\/\" \/>\n<meta property=\"article:published_time\" content=\"2025-05-30T11:12:41+00:00\" \/>\n<meta property=\"article:modified_time\" content=\"2025-05-31T09:32:17+00:00\" \/>\n<meta property=\"og:image\" content=\"https:\/\/lascriticas.com\/wp-content\/uploads\/2017\/11\/julia-wong.gif\" \/>\n\t<meta property=\"og:image:width\" content=\"1079\" \/>\n\t<meta property=\"og:image:height\" content=\"530\" \/>\n\t<meta property=\"og:image:type\" content=\"image\/gif\" \/>\n<meta name=\"author\" content=\"Christiane F\u00e9lip Vidal\" \/>\n<meta name=\"twitter:card\" content=\"summary_large_image\" \/>\n<meta name=\"twitter:creator\" content=\"@LasCriticas_com\" \/>\n<meta name=\"twitter:site\" content=\"@LasCriticas_com\" \/>\n<meta name=\"twitter:label1\" content=\"Escrito por\" \/>\n\t<meta name=\"twitter:data1\" content=\"Christiane F\u00e9lip Vidal\" \/>\n\t<meta name=\"twitter:label2\" content=\"Tiempo de lectura\" \/>\n\t<meta name=\"twitter:data2\" content=\"12 minutos\" \/>\n<script type=\"application\/ld+json\" class=\"yoast-schema-graph\">{\"@context\":\"https:\/\/schema.org\",\"@graph\":[{\"@type\":\"Article\",\"@id\":\"https:\/\/lascriticas.com\/index.php\/2025\/05\/30\/julia-y-sus-dobles\/#article\",\"isPartOf\":{\"@id\":\"https:\/\/lascriticas.com\/index.php\/2025\/05\/30\/julia-y-sus-dobles\/\"},\"author\":{\"name\":\"Christiane F\u00e9lip Vidal\",\"@id\":\"https:\/\/lascriticas.com\/#\/schema\/person\/659bc9dbab20f54469fa43dec245bf3a\"},\"headline\":\"Julia y sus dobles\",\"datePublished\":\"2025-05-30T11:12:41+00:00\",\"dateModified\":\"2025-05-31T09:32:17+00:00\",\"mainEntityOfPage\":{\"@id\":\"https:\/\/lascriticas.com\/index.php\/2025\/05\/30\/julia-y-sus-dobles\/\"},\"wordCount\":1293,\"commentCount\":0,\"publisher\":{\"@id\":\"https:\/\/lascriticas.com\/#organization\"},\"image\":{\"@id\":\"https:\/\/lascriticas.com\/index.php\/2025\/05\/30\/julia-y-sus-dobles\/#primaryimage\"},\"thumbnailUrl\":\"https:\/\/lascriticas.com\/wp-content\/uploads\/2017\/11\/julia-wong.gif\",\"keywords\":[\"homenaje\",\"Julia Wong\"],\"articleSection\":[\"Arte y ensayo\",\"Non class\u00e9\"],\"inLanguage\":\"es\",\"potentialAction\":[{\"@type\":\"CommentAction\",\"name\":\"Comment\",\"target\":[\"https:\/\/lascriticas.com\/index.php\/2025\/05\/30\/julia-y-sus-dobles\/#respond\"]}]},{\"@type\":\"WebPage\",\"@id\":\"https:\/\/lascriticas.com\/index.php\/2025\/05\/30\/julia-y-sus-dobles\/\",\"url\":\"https:\/\/lascriticas.com\/index.php\/2025\/05\/30\/julia-y-sus-dobles\/\",\"name\":\"Julia y sus dobles - Las Cr\u00edticas\",\"isPartOf\":{\"@id\":\"https:\/\/lascriticas.com\/#website\"},\"primaryImageOfPage\":{\"@id\":\"https:\/\/lascriticas.com\/index.php\/2025\/05\/30\/julia-y-sus-dobles\/#primaryimage\"},\"image\":{\"@id\":\"https:\/\/lascriticas.com\/index.php\/2025\/05\/30\/julia-y-sus-dobles\/#primaryimage\"},\"thumbnailUrl\":\"https:\/\/lascriticas.com\/wp-content\/uploads\/2017\/11\/julia-wong.gif\",\"datePublished\":\"2025-05-30T11:12:41+00:00\",\"dateModified\":\"2025-05-31T09:32:17+00:00\",\"description\":\"Julia y sus dobles Cuanto se diga de Julia siempre resultar\u00e1 parcial, y, l\u00f3gicamente, subjetivo.\u00a0 Por ello, se me ocurri\u00f3 que lo m\u00e1s conveniente era\",\"breadcrumb\":{\"@id\":\"https:\/\/lascriticas.com\/index.php\/2025\/05\/30\/julia-y-sus-dobles\/#breadcrumb\"},\"inLanguage\":\"es\",\"potentialAction\":[{\"@type\":\"ReadAction\",\"target\":[\"https:\/\/lascriticas.com\/index.php\/2025\/05\/30\/julia-y-sus-dobles\/\"]}]},{\"@type\":\"ImageObject\",\"inLanguage\":\"es\",\"@id\":\"https:\/\/lascriticas.com\/index.php\/2025\/05\/30\/julia-y-sus-dobles\/#primaryimage\",\"url\":\"https:\/\/lascriticas.com\/wp-content\/uploads\/2017\/11\/julia-wong.gif\",\"contentUrl\":\"https:\/\/lascriticas.com\/wp-content\/uploads\/2017\/11\/julia-wong.gif\",\"width\":1079,\"height\":530,\"caption\":\"Julia Wong\"},{\"@type\":\"BreadcrumbList\",\"@id\":\"https:\/\/lascriticas.com\/index.php\/2025\/05\/30\/julia-y-sus-dobles\/#breadcrumb\",\"itemListElement\":[{\"@type\":\"ListItem\",\"position\":1,\"name\":\"Inicio\",\"item\":\"https:\/\/lascriticas.com\/\"},{\"@type\":\"ListItem\",\"position\":2,\"name\":\"Julia y sus dobles\"}]},{\"@type\":\"WebSite\",\"@id\":\"https:\/\/lascriticas.com\/#website\",\"url\":\"https:\/\/lascriticas.com\/\",\"name\":\"Las Cr\u00edticas\",\"description\":\"Cr\u00edtica literaria hecha por mujeres\",\"publisher\":{\"@id\":\"https:\/\/lascriticas.com\/#organization\"},\"potentialAction\":[{\"@type\":\"SearchAction\",\"target\":{\"@type\":\"EntryPoint\",\"urlTemplate\":\"https:\/\/lascriticas.com\/?s={search_term_string}\"},\"query-input\":{\"@type\":\"PropertyValueSpecification\",\"valueRequired\":true,\"valueName\":\"search_term_string\"}}],\"inLanguage\":\"es\"},{\"@type\":\"Organization\",\"@id\":\"https:\/\/lascriticas.com\/#organization\",\"name\":\"Las Cr\u00edticas\",\"url\":\"https:\/\/lascriticas.com\/\",\"logo\":{\"@type\":\"ImageObject\",\"inLanguage\":\"es\",\"@id\":\"https:\/\/lascriticas.com\/#\/schema\/logo\/image\/\",\"url\":\"https:\/\/lascriticas.com\/wp-content\/uploads\/2016\/09\/Las-Cr\u00edticas.png\",\"contentUrl\":\"https:\/\/lascriticas.com\/wp-content\/uploads\/2016\/09\/Las-Cr\u00edticas.png\",\"width\":372,\"height\":201,\"caption\":\"Las Cr\u00edticas\"},\"image\":{\"@id\":\"https:\/\/lascriticas.com\/#\/schema\/logo\/image\/\"},\"sameAs\":[\"https:\/\/www.facebook.com\/lascriticas\/\",\"https:\/\/x.com\/LasCriticas_com\",\"https:\/\/www.instagram.com\/lascriticas_com\/\",\"https:\/\/www.youtube.com\/channel\/UCd7r-H6EJA4sSXGLX33_iHQ\"]},{\"@type\":\"Person\",\"@id\":\"https:\/\/lascriticas.com\/#\/schema\/person\/659bc9dbab20f54469fa43dec245bf3a\",\"name\":\"Christiane F\u00e9lip Vidal\",\"image\":{\"@type\":\"ImageObject\",\"inLanguage\":\"es\",\"@id\":\"https:\/\/lascriticas.com\/#\/schema\/person\/image\/\",\"url\":\"https:\/\/secure.gravatar.com\/avatar\/ab32eddd597c21af3a697949c8bf384f?s=96&d=mm&r=g\",\"contentUrl\":\"https:\/\/secure.gravatar.com\/avatar\/ab32eddd597c21af3a697949c8bf384f?s=96&d=mm&r=g\",\"caption\":\"Christiane F\u00e9lip Vidal\"},\"url\":\"https:\/\/lascriticas.com\/index.php\/author\/christiane-felip-vidal\/\"}]}<\/script>\n<!-- \/ Yoast SEO plugin. -->","yoast_head_json":{"title":"Julia y sus dobles - Las Cr\u00edticas","description":"Julia y sus dobles Cuanto se diga de Julia siempre resultar\u00e1 parcial, y, l\u00f3gicamente, subjetivo.\u00a0 Por ello, se me ocurri\u00f3 que lo m\u00e1s conveniente era","robots":{"index":"index","follow":"follow","max-snippet":"max-snippet:-1","max-image-preview":"max-image-preview:large","max-video-preview":"max-video-preview:-1"},"canonical":"https:\/\/lascriticas.com\/index.php\/2025\/05\/30\/julia-y-sus-dobles\/","og_locale":"es_ES","og_type":"article","og_title":"Julia y sus dobles - Las Cr\u00edticas","og_description":"Julia y sus dobles Cuanto se diga de Julia siempre resultar\u00e1 parcial, y, l\u00f3gicamente, subjetivo.\u00a0 Por ello, se me ocurri\u00f3 que lo m\u00e1s conveniente era","og_url":"https:\/\/lascriticas.com\/index.php\/2025\/05\/30\/julia-y-sus-dobles\/","og_site_name":"Las Cr\u00edticas","article_publisher":"https:\/\/www.facebook.com\/lascriticas\/","article_published_time":"2025-05-30T11:12:41+00:00","article_modified_time":"2025-05-31T09:32:17+00:00","og_image":[{"width":1079,"height":530,"url":"https:\/\/lascriticas.com\/wp-content\/uploads\/2017\/11\/julia-wong.gif","type":"image\/gif"}],"author":"Christiane F\u00e9lip Vidal","twitter_card":"summary_large_image","twitter_creator":"@LasCriticas_com","twitter_site":"@LasCriticas_com","twitter_misc":{"Escrito por":"Christiane F\u00e9lip Vidal","Tiempo de lectura":"12 minutos"},"schema":{"@context":"https:\/\/schema.org","@graph":[{"@type":"Article","@id":"https:\/\/lascriticas.com\/index.php\/2025\/05\/30\/julia-y-sus-dobles\/#article","isPartOf":{"@id":"https:\/\/lascriticas.com\/index.php\/2025\/05\/30\/julia-y-sus-dobles\/"},"author":{"name":"Christiane F\u00e9lip Vidal","@id":"https:\/\/lascriticas.com\/#\/schema\/person\/659bc9dbab20f54469fa43dec245bf3a"},"headline":"Julia y sus dobles","datePublished":"2025-05-30T11:12:41+00:00","dateModified":"2025-05-31T09:32:17+00:00","mainEntityOfPage":{"@id":"https:\/\/lascriticas.com\/index.php\/2025\/05\/30\/julia-y-sus-dobles\/"},"wordCount":1293,"commentCount":0,"publisher":{"@id":"https:\/\/lascriticas.com\/#organization"},"image":{"@id":"https:\/\/lascriticas.com\/index.php\/2025\/05\/30\/julia-y-sus-dobles\/#primaryimage"},"thumbnailUrl":"https:\/\/lascriticas.com\/wp-content\/uploads\/2017\/11\/julia-wong.gif","keywords":["homenaje","Julia Wong"],"articleSection":["Arte y ensayo","Non class\u00e9"],"inLanguage":"es","potentialAction":[{"@type":"CommentAction","name":"Comment","target":["https:\/\/lascriticas.com\/index.php\/2025\/05\/30\/julia-y-sus-dobles\/#respond"]}]},{"@type":"WebPage","@id":"https:\/\/lascriticas.com\/index.php\/2025\/05\/30\/julia-y-sus-dobles\/","url":"https:\/\/lascriticas.com\/index.php\/2025\/05\/30\/julia-y-sus-dobles\/","name":"Julia y sus dobles - Las Cr\u00edticas","isPartOf":{"@id":"https:\/\/lascriticas.com\/#website"},"primaryImageOfPage":{"@id":"https:\/\/lascriticas.com\/index.php\/2025\/05\/30\/julia-y-sus-dobles\/#primaryimage"},"image":{"@id":"https:\/\/lascriticas.com\/index.php\/2025\/05\/30\/julia-y-sus-dobles\/#primaryimage"},"thumbnailUrl":"https:\/\/lascriticas.com\/wp-content\/uploads\/2017\/11\/julia-wong.gif","datePublished":"2025-05-30T11:12:41+00:00","dateModified":"2025-05-31T09:32:17+00:00","description":"Julia y sus dobles Cuanto se diga de Julia siempre resultar\u00e1 parcial, y, l\u00f3gicamente, subjetivo.\u00a0 Por ello, se me ocurri\u00f3 que lo m\u00e1s conveniente era","breadcrumb":{"@id":"https:\/\/lascriticas.com\/index.php\/2025\/05\/30\/julia-y-sus-dobles\/#breadcrumb"},"inLanguage":"es","potentialAction":[{"@type":"ReadAction","target":["https:\/\/lascriticas.com\/index.php\/2025\/05\/30\/julia-y-sus-dobles\/"]}]},{"@type":"ImageObject","inLanguage":"es","@id":"https:\/\/lascriticas.com\/index.php\/2025\/05\/30\/julia-y-sus-dobles\/#primaryimage","url":"https:\/\/lascriticas.com\/wp-content\/uploads\/2017\/11\/julia-wong.gif","contentUrl":"https:\/\/lascriticas.com\/wp-content\/uploads\/2017\/11\/julia-wong.gif","width":1079,"height":530,"caption":"Julia Wong"},{"@type":"BreadcrumbList","@id":"https:\/\/lascriticas.com\/index.php\/2025\/05\/30\/julia-y-sus-dobles\/#breadcrumb","itemListElement":[{"@type":"ListItem","position":1,"name":"Inicio","item":"https:\/\/lascriticas.com\/"},{"@type":"ListItem","position":2,"name":"Julia y sus dobles"}]},{"@type":"WebSite","@id":"https:\/\/lascriticas.com\/#website","url":"https:\/\/lascriticas.com\/","name":"Las Cr\u00edticas","description":"Cr\u00edtica literaria hecha por mujeres","publisher":{"@id":"https:\/\/lascriticas.com\/#organization"},"potentialAction":[{"@type":"SearchAction","target":{"@type":"EntryPoint","urlTemplate":"https:\/\/lascriticas.com\/?s={search_term_string}"},"query-input":{"@type":"PropertyValueSpecification","valueRequired":true,"valueName":"search_term_string"}}],"inLanguage":"es"},{"@type":"Organization","@id":"https:\/\/lascriticas.com\/#organization","name":"Las Cr\u00edticas","url":"https:\/\/lascriticas.com\/","logo":{"@type":"ImageObject","inLanguage":"es","@id":"https:\/\/lascriticas.com\/#\/schema\/logo\/image\/","url":"https:\/\/lascriticas.com\/wp-content\/uploads\/2016\/09\/Las-Cr\u00edticas.png","contentUrl":"https:\/\/lascriticas.com\/wp-content\/uploads\/2016\/09\/Las-Cr\u00edticas.png","width":372,"height":201,"caption":"Las Cr\u00edticas"},"image":{"@id":"https:\/\/lascriticas.com\/#\/schema\/logo\/image\/"},"sameAs":["https:\/\/www.facebook.com\/lascriticas\/","https:\/\/x.com\/LasCriticas_com","https:\/\/www.instagram.com\/lascriticas_com\/","https:\/\/www.youtube.com\/channel\/UCd7r-H6EJA4sSXGLX33_iHQ"]},{"@type":"Person","@id":"https:\/\/lascriticas.com\/#\/schema\/person\/659bc9dbab20f54469fa43dec245bf3a","name":"Christiane F\u00e9lip Vidal","image":{"@type":"ImageObject","inLanguage":"es","@id":"https:\/\/lascriticas.com\/#\/schema\/person\/image\/","url":"https:\/\/secure.gravatar.com\/avatar\/ab32eddd597c21af3a697949c8bf384f?s=96&d=mm&r=g","contentUrl":"https:\/\/secure.gravatar.com\/avatar\/ab32eddd597c21af3a697949c8bf384f?s=96&d=mm&r=g","caption":"Christiane F\u00e9lip Vidal"},"url":"https:\/\/lascriticas.com\/index.php\/author\/christiane-felip-vidal\/"}]}},"_links":{"self":[{"href":"https:\/\/lascriticas.com\/index.php\/wp-json\/wp\/v2\/posts\/5991"}],"collection":[{"href":"https:\/\/lascriticas.com\/index.php\/wp-json\/wp\/v2\/posts"}],"about":[{"href":"https:\/\/lascriticas.com\/index.php\/wp-json\/wp\/v2\/types\/post"}],"author":[{"embeddable":true,"href":"https:\/\/lascriticas.com\/index.php\/wp-json\/wp\/v2\/users\/35"}],"replies":[{"embeddable":true,"href":"https:\/\/lascriticas.com\/index.php\/wp-json\/wp\/v2\/comments?post=5991"}],"version-history":[{"count":4,"href":"https:\/\/lascriticas.com\/index.php\/wp-json\/wp\/v2\/posts\/5991\/revisions"}],"predecessor-version":[{"id":5995,"href":"https:\/\/lascriticas.com\/index.php\/wp-json\/wp\/v2\/posts\/5991\/revisions\/5995"}],"wp:featuredmedia":[{"embeddable":true,"href":"https:\/\/lascriticas.com\/index.php\/wp-json\/wp\/v2\/media\/2039"}],"wp:attachment":[{"href":"https:\/\/lascriticas.com\/index.php\/wp-json\/wp\/v2\/media?parent=5991"}],"wp:term":[{"taxonomy":"category","embeddable":true,"href":"https:\/\/lascriticas.com\/index.php\/wp-json\/wp\/v2\/categories?post=5991"},{"taxonomy":"post_tag","embeddable":true,"href":"https:\/\/lascriticas.com\/index.php\/wp-json\/wp\/v2\/tags?post=5991"}],"curies":[{"name":"wp","href":"https:\/\/api.w.org\/{rel}","templated":true}]}}