{"id":592,"date":"2016-10-31T06:40:54","date_gmt":"2016-10-31T05:40:54","guid":{"rendered":"http:\/\/lascriticas.com\/?p=592"},"modified":"2016-11-15T11:37:47","modified_gmt":"2016-11-15T10:37:47","slug":"la-flor-artificial-christiane-felip-sophie-canal","status":"publish","type":"post","link":"https:\/\/lascriticas.com\/index.php\/2016\/10\/31\/la-flor-artificial-christiane-felip-sophie-canal\/","title":{"rendered":"La flor artificial, de Christiane F\u00e9lip y Sophie Canal"},"content":{"rendered":"<h1><span style=\"font-family: georgia,palatino,serif; color: #808080; font-size: 20px;\"><b>Bio <\/b><b>iconograf\u00eda<\/b><b> de Silvia Li y la b\u00fasqueda de la quinta mano<\/b><\/span><\/h1>\n<p style=\"text-align: justify;\"><span style=\"font-family: georgia,palatino,serif; font-size: 16px;\"><em>La flor artificial<\/em>, libro escrito por dos autoras francesas casi enraizadas como flores en Lima, Per\u00fa, editado y publicado por <a href=\"https:\/\/www.facebook.com\/cocodriloediciones\/\">Cocodrilo Ediciones<\/a> a mediados de este a\u00f1o 2016, es un manual de iconograf\u00eda fina que no ha dejado de desafiarme desde que cay\u00f3 en mi mano, la quinta.<\/span><\/p>\n<p style=\"text-align: justify;\"><span style=\"font-family: georgia,palatino,serif; font-size: 16px;\"><img loading=\"lazy\" decoding=\"async\" class=\" wp-image-594 alignright\" src=\"http:\/\/lascriticas.com\/wp-content\/uploads\/2016\/10\/La-flor-artificial-279x400.jpg\" alt=\"La flor artificial \" width=\"303\" height=\"434\" \/>Hago esta par\u00e1frasis de la quinta mano, porque <strong>Christiane F\u00e9lip Vidal<\/strong> y <strong>Sophie Canal<\/strong> han puesto mucho \u00e9nfasis en cosechar esta flor, poniendo en absoluta relevancia que fueron dos jardineras con sus cuatro experimentadas manos las que trajeron a la luz de invernadero y con respiraci\u00f3n de archivo artificial, la memoria de lo que ha sido una lucha lib\u00e9rrima y constante de la mujer peruana por florecer con todo el aroma que la academia, la iglesia, el canon, las estructuras patriarcales y el fascismo econ\u00f3mico de la oligarqu\u00eda peruana los primeros 50 a\u00f1os de 1900, negaron en la expresividad y creatividad femenina de un pa\u00eds que hab\u00eda aprendido a menospreciar sus propios or\u00edgenes \u00e9tnicos y a\u00fan m\u00e1s despreciaba la luminosidad de cualquier cerebro femenino. Peor a\u00fan si ten\u00eda\u00a0 alg\u00fan rasgo ind\u00edgena o v\u00ednculo ancestral con una cultura que hab\u00eda venido a ser devastada por una serie de barbaridades llamadas civilizaci\u00f3n.<\/span><\/p>\n<p style=\"text-align: justify;\"><span style=\"font-family: georgia,palatino,serif; font-size: 16px;\"><i>De acuerdo a Wikipedia La iconograf\u00eda es la descripci\u00f3n del tema o asunto representado en las im\u00e1genes art\u00edsticas, as\u00ed como de su simbolog\u00eda y los atributos que identifican a los personajes representados. El t\u00e9rmino est\u00e1 construido por las ra\u00edces griegas \u03b5\u1f30\u03ba\u03ce\u03bd (eik\u00f3n, imagen) y \u03b3\u03c1\u03ac\u03c6\u03b5\u03b9\u03bd (graphe\u00efn, escribir). Aunque el DRAE recoge la existencia de la palabra latina iconograph\u012da proveniente de la griega \u03b5\u1f30\u03ba\u03bf\u03bd\u03bf\u03b3\u03c1\u03b1\u03c6\u03af\u03b1, tales t\u00e9rminos no pod\u00edan tener el sentido con el que se usa por la bibliograf\u00eda actual, sino otro, similar pero no id\u00e9ntico: Descripci\u00f3n de im\u00e1genes, retratos, cuadros, estatuas o monumentos, y especialmente de los antiguos. Tratado descriptivo, o colecci\u00f3n de im\u00e1genes o retratos.<\/i><\/span><\/p>\n<p style=\"text-align: justify;\"><span style=\"font-family: georgia,palatino,serif; font-size: 16px;\">Por obvias razones no he pedido encontrar otra descripci\u00f3n mejor para <i>La flor artificial<\/i>, que es casi una enciclopedia de geograf\u00eda\u00a0 y literatura peruanas de los novecientos, encuentro que es m\u00e1s una Bio iconograf\u00eda. Bio por biograf\u00eda, descripci\u00f3n de una vida cronometrada con datos hist\u00f3ricos basados en un proceso real, pero tambi\u00e9n por la biofilia imperecedera que se manifiesta en el trasladar al universo femenino como un equivalente al mundo biol\u00f3gico vegetal, equiparando una flor con cada uno de sus p\u00e9talos, casi al cerebro de inteligencias m\u00faltiples de una mujer, deshojada en su propia\u00a0 embriaguez, catarsis y genio, como es <strong>Silvia Li<\/strong>. Y agrego lo de iconograf\u00eda por lo descrito anteriormente.<\/span><\/p>\n<p style=\"text-align: justify;\"><span style=\"font-family: georgia,palatino,serif; font-size: 16px;\">Yo misma he sido Silvia Li en cada fragmento expuesto por las autoras. No solo por ciertos paralelos c\u00f3micos y obvios con indudable orientalismo y capacidad juglar para movilizarse en el complicado mundo de los hombres. Tambi\u00e9n por la lectura de la interesante y vanguardista obra teatral de Silvia, <i>Los Mirliflores<\/i>, y la suculenta vida llena de recovecos er\u00f3ticos, viajes al fondo del abismo y tambi\u00e9n el consumo de ayahuasca y la descripci\u00f3n tan tierna de una sicodelia natural, estos aspectos logran que el volumen de todos las corolas reunidas, sumadas a los gatos, pistilos, Man Ray, Breton y los sue\u00f1os terribles (en el sentido de <i>Unheimlich<\/i>) de la autora, logren un perfume traducido a escritura\u00a0 dif\u00edcilmente igualable en la historia de una mujer artista, salvo quiz\u00e1s la rimbombante Frida Kahlo, que logr\u00f3 tanta tinta derramada. La espectacular Silvia Li deja abierta la pregunta de la ficci\u00f3n, la realidad y la capacidad de los lectores, espectadores para entender la complejidad del mundo interior de una artista en tiempos de c\u00f3lera.<\/span><\/p>\n<p style=\"text-align: justify;\"><span style=\"font-family: georgia,palatino,serif; font-size: 16px;\">Sin embargo, m\u00e1s all\u00e1 de todo lo descrito, el coraz\u00f3n de esta flor creada artificialmente para m\u00ed tiene un par\u00e1metro mucho m\u00e1s complejo, mucho m\u00e1s adecuado que la creaci\u00f3n de un \u00edcono y s\u00edmbolo moderno de la mujer latinoamericana que logra elevarse de la ra\u00edz patriarcal que la compele al suelo y sale airosa tratando de treparse en el viento, y sobre todo dejar la semilla de sus im\u00e1genes grabada en la intemperie. Ese modelo basado en la tradici\u00f3n de la mujer multifac\u00e9tica, sanadora, creativa, natural y profunda, amante y art\u00edstica, noble y cadenciosa, se me ocurre pensar que es Hildegard von Bingen (Alemania 1098-1179), la quinta mano que sopla semillas a Silvia Li. Aunque la santa era religiosa y de noble cuna, tiene todos los elementos de Silvia, a pesar de sus ideas pol\u00edticas particulares (esa belleza selv\u00e1tica que propone un nuevo llamado a lo org\u00e1nico), su militancia con una intelectualidad m\u00e1s all\u00e1 del g\u00e9nero, mas el uso directo y activo de su cuerpo sumado a esta efervescente cosmovisi\u00f3n universalista, ecol\u00f3gica y fr\u00e1gil en la armonizaci\u00f3n de capacidades. En este aspecto, m\u00e1s all\u00e1 de Dios, dos mujeres en 837 a\u00f1os de diferencias comparten su m\u00fasica interior, su amor a la humanidad, a la naturaleza y la expresividad femenina. Esp\u00edritu de dos mujeres que m\u00e1s all\u00e1 de su g\u00e9nero y su verdadera existencia logran construir dentro de un universo con espacios para que la mente y el coraz\u00f3n controlador y econ\u00f3mico humano, manejado mayormente por hombres\u2026 se abra. Nuestras escritoras provocadoras, cada una a su manera sabe rociar el perfume curativo de una intensa flor, violenta o enclaustrada, pero con la capacidad de deshojarse para el bien de todo el que la rodea.<\/span><\/p>\n<p style=\"text-align: justify;\"><span style=\"font-family: georgia,palatino,serif; font-size: 16px;\">Esta quinta mano de la santa alemana es la que perfecciona la \u00f3pera prima a cuatro manos de estas dos fascinantes francesas abriendo una trocha en un piano literario con una nueva mirada hacia el Per\u00fa y a la escritura hecha por mujeres.<\/span><\/p>\n<p style=\"text-align: justify;\"><span style=\"font-family: georgia,palatino,serif; font-size: 16px;\"><strong>Christiane F\u00e9lip Vidal y Sophie Canal, <em>La flor artificial<\/em>, Cocodrilo ediciones, 2016.<\/strong><\/span><\/p>\n<hr \/>\n<div id=\"yui_3_16_0_ym19_1_1476996012373_4642\" style=\"text-align: justify;\"><span style=\"font-family: georgia,palatino,serif; font-size: 16px;\">(&#8230;)\u00a0<i id=\"yui_3_16_0_ym19_1_1476996012373_4864\">Al fin y al cabo, quien cuente la historia de Silvia Li tendr\u00e1 que decidir (&#8230;) que empezar\u00e1 con una casualidad objetiva que ya lo contiene todo, suerte de madrina c\u00f3smica \u00a0que los padres se olvidaron de invitar al bautizo, como en los cuentos de hadas, y que impondr\u00e1 su sello en la vida de la peque\u00f1a Silvia (&#8230;).\u00a0<\/i><\/span><\/div>\n<div id=\"yui_3_16_0_ym19_1_1476996012373_4642\" dir=\"ltr\" style=\"text-align: justify;\"><span id=\"yui_3_16_0_ym19_1_1476996012373_4964\" style=\"font-family: georgia,palatino,serif; font-size: 16px;\"><span id=\"yui_3_16_0_ym19_1_1476996012373_5139\">Entrevista de B\u00e1rbara Rom\u00e1n (traductora de la obra de Silvia Li) a S\u00e9raphine le Pi\u00e8ge (albacea de Silvia Li). 1era sesi\u00f3n.<\/span><\/span><\/div>\n<div id=\"yui_3_16_0_ym19_1_1476996012373_4642\" style=\"text-align: justify;\"><span style=\"font-family: georgia,palatino,serif; font-size: 16px;\">\u00a0<\/span><\/div>\n<div id=\"yui_3_16_0_ym19_1_1476996012373_4642\" dir=\"ltr\" style=\"text-align: justify;\"><span style=\"font-family: georgia,palatino,serif; font-size: 16px;\"><i id=\"yui_3_16_0_ym19_1_1476996012373_4969\">(&#8230;) \u00bfC\u00f3mo pretende usted dar a conocer a la gran Silvia Li a trav\u00e9s de rejas tan ajustadas como pueden ser los espacios entre fecha y fecha? \u00bfC\u00f3mo puede usted cometer el error de confundir \u00a0la esencia cualitativa del tiempo creativo con la esencia cuantitativa de un gui\u00f3n?\u00a0<\/i><\/span><\/div>\n<div id=\"yui_3_16_0_ym19_1_1476996012373_4642\" dir=\"ltr\" style=\"text-align: justify;\"><span id=\"yui_3_16_0_ym19_1_1476996012373_5138\" style=\"font-family: georgia,palatino,serif; font-size: 16px;\">Idem. 2da sesi\u00f3n.<\/span><\/div>\n<div id=\"yui_3_16_0_ym19_1_1476996012373_4642\" dir=\"ltr\" style=\"text-align: justify;\"><span style=\"font-family: georgia,palatino,serif; font-size: 16px;\">\u00a0<\/span><\/div>\n<div id=\"yui_3_16_0_ym19_1_1476996012373_4642\" dir=\"ltr\" style=\"text-align: justify;\"><span id=\"yui_3_16_0_ym19_1_1476996012373_5188\" style=\"font-size: 16px; font-family: georgia,palatino,serif;\"><span id=\"yui_3_16_0_ym19_1_1476996012373_5137\"><i id=\"yui_3_16_0_ym19_1_1476996012373_5412\">26 de noviembre de 1932<\/i><\/span><\/span><\/div>\n<div id=\"yui_3_16_0_ym19_1_1476996012373_4642\" dir=\"ltr\" style=\"text-align: justify;\"><span id=\"yui_3_16_0_ym19_1_1476996012373_5309\" style=\"font-size: 16px; font-family: georgia,palatino,serif;\"><i id=\"yui_3_16_0_ym19_1_1476996012373_5411\"><span id=\"yui_3_16_0_ym19_1_1476996012373_5404\">La<\/span><span id=\"yui_3_16_0_ym19_1_1476996012373_5169\">\u00a0pesca es un ejercicio fascinante. Hace que uno se hunda en una disposici\u00f3n \u00a0interior, la de la espera silenciosa de un posible milagro. Nos reconcilia con nuestra infancia mediante un hilo.\u00a0<\/span><\/i><\/span><\/div>\n<div id=\"yui_3_16_0_ym19_1_1476996012373_4642\" dir=\"ltr\" style=\"text-align: justify;\"><span id=\"yui_3_16_0_ym19_1_1476996012373_5280\" style=\"font-size: 16px; font-family: georgia,palatino,serif;\"><span id=\"yui_3_16_0_ym19_1_1476996012373_5279\"><i id=\"yui_3_16_0_ym19_1_1476996012373_5410\">Luego surge la idea de que todo es pesca y que la vida consiste en buscar la ca\u00f1a de pescar adecuada, el sitio m\u00e1s apropiado, la distancia exacta, el cebo universal y las orillas de un silencio. Y entonces uno se instala en la espera.\u00a0<\/i><\/span><\/span><\/div>\n<div id=\"yui_3_16_0_ym19_1_1476996012373_4642\" dir=\"ltr\" style=\"text-align: justify;\"><span id=\"yui_3_16_0_ym19_1_1476996012373_5092\" style=\"font-family: georgia,palatino,serif; font-size: 16px;\">Cuadernos de Silvia Li.\u00a0<\/span><\/div>\n<div id=\"yui_3_16_0_ym19_1_1476996012373_4642\" dir=\"ltr\"><span style=\"font-family: georgia,palatino,serif; font-size: 16px;\">\u00a0<\/span><\/div>\n<div id=\"yui_3_16_0_ym19_1_1476996012373_4642\" dir=\"ltr\"><span style=\"font-family: georgia,palatino,serif; font-size: 16px;\"><span id=\"yui_3_16_0_ym19_1_1476996012373_5320\"><i id=\"yui_3_16_0_ym19_1_1476996012373_5457\">Mayo de 1934.\u00a0<\/i><\/span><i id=\"yui_3_16_0_ym19_1_1476996012373_5417\">Bit\u00e1cora de una asilada.\u00a0<\/i><\/span><\/div>\n<div id=\"yui_3_16_0_ym19_1_1476996012373_4642\" dir=\"ltr\" style=\"text-align: justify;\"><span id=\"yui_3_16_0_ym19_1_1476996012373_5373\" style=\"font-family: georgia,palatino,serif; font-size: 16px;\"><i id=\"yui_3_16_0_ym19_1_1476996012373_5416\">(&#8230;) Hoy, al mediod\u00eda, he le\u00eddo que se necesitaba mucho m\u00e1s valor para vivir deseando la muerte que, cicuta casera de por medio, huir cobardemente hacia la nada.<\/i><\/span><\/div>\n<div id=\"yui_3_16_0_ym19_1_1476996012373_4642\" dir=\"ltr\" style=\"text-align: justify;\"><span id=\"yui_3_16_0_ym19_1_1476996012373_5396\" style=\"font-family: georgia,palatino,serif; font-size: 16px;\">Idem.\u00a0<\/span><\/div>\n<div id=\"yui_3_16_0_ym19_1_1476996012373_4642\" dir=\"ltr\" style=\"text-align: justify;\"><span style=\"font-family: georgia,palatino,serif; font-size: 16px;\">\u00a0<\/span><\/div>\n<div id=\"yui_3_16_0_ym19_1_1476996012373_4642\" dir=\"ltr\" style=\"text-align: justify;\"><span id=\"yui_3_16_0_ym19_1_1476996012373_5441\" style=\"font-family: georgia,palatino,serif; font-size: 16px;\"><i id=\"yui_3_16_0_ym19_1_1476996012373_5618\">Conflictos y crisis. Surrealismo temprano. 1934-1935<\/i><\/span><\/div>\n<div id=\"yui_3_16_0_ym19_1_1476996012373_4642\" dir=\"ltr\" style=\"text-align: justify;\"><span style=\"font-family: georgia,palatino,serif; font-size: 16px;\"><i id=\"yui_3_16_0_ym19_1_1476996012373_5614\"><span id=\"yui_3_16_0_ym19_1_1476996012373_5592\">\u00a0(&#8230;)\u00a0<\/span>Entre los pocos documentos que quedan \u00a0de este per\u00edodo \u00a0est\u00e1 una carta con fecha del 4 de junio de 1934, en la que la ilustradora y pintora Valentine Hugo, lamentando el poco espacio vital \u00a0y creativo que los surrealistas le conceden a la mujer, insta a Silvia Li a partir y le pregunta, en una clara alusi\u00f3n \u00a0a sus recientes trastornos mentales: \u00ab<\/i>Voulez-vous \u00eatre une autre Nadja?<i id=\"yui_3_16_0_ym19_1_1476996012373_5614\">\u00bb\u00a0<\/i><\/span><\/div>\n<div id=\"yui_3_16_0_ym19_1_1476996012373_4642\" dir=\"ltr\" style=\"text-align: justify;\"><span id=\"yui_3_16_0_ym19_1_1476996012373_5807\" style=\"font-family: georgia,palatino,serif; font-size: 16px;\"><em>Silvia Li o las peregrinaciones de una paria<\/em>. Biograf\u00eda por B\u00e1rbara Rom\u00e1n.\u00a0<\/span><\/div>\n<div id=\"yui_3_16_0_ym19_1_1476996012373_4642\" dir=\"ltr\" style=\"text-align: justify;\"><span style=\"font-family: georgia,palatino,serif; font-size: 16px;\">\u00a0<\/span><\/div>\n<div id=\"yui_3_16_0_ym19_1_1476996012373_4642\" dir=\"ltr\" style=\"text-align: justify;\"><span style=\"font-family: georgia,palatino,serif; font-size: 16px;\"><i id=\"yui_3_16_0_ym19_1_1476996012373_5794\">Entrevistado: Alfonso \u00a0Malatesta (ex amante de Silvia Li). 21 de julio de 1999.<\/i><\/span><\/div>\n<div id=\"yui_3_16_0_ym19_1_1476996012373_4642\" dir=\"ltr\" style=\"text-align: justify;\"><span style=\"font-family: georgia,palatino,serif; font-size: 16px;\"><i id=\"yui_3_16_0_ym19_1_1476996012373_5793\">Yo la am\u00e9, s\u00ed. hasta que no pude m\u00e1s. Si ella me quiso o no, pienso poder afirmar ahora, con certeza, que no. (&#8230;) Ella hab\u00eda tenido en Par\u00eds una relaci\u00f3n muy intensa con el fot\u00f3grafo surrealista Man Ray quien la dej\u00f3 por otra, y sigo pensando que, en realidad, lo que Silvia buscaba en sus relaciones amorosas o simplemente sexuales era volver a vivir aquella pasi\u00f3n. A veces me he preguntado si \u00a0todos los que tuvimos relaciones con ella no hemos sido simples sustitutos de Man Ray.<\/i><\/span><\/div>\n<div id=\"yui_3_16_0_ym19_1_1476996012373_4642\" dir=\"ltr\"><span id=\"yui_3_16_0_ym19_1_1476996012373_5835\" style=\"font-family: georgia,palatino,serif; font-size: 16px;\">Entrevistas hechas por B\u00e1rbara Rom\u00e1n. 1999.<\/span><\/div>\n<div dir=\"ltr\"><span style=\"font-family: georgia,palatino,serif;\">\u00a0<\/span><\/div>\n<div dir=\"ltr\"><span style=\"font-family: 'trebuchet ms', geneva, sans-serif; font-size: 12px;\">Fotograf\u00eda de las autoras: Inti Vidal<\/span><\/div>\n<div dir=\"ltr\">\n<hr \/>\n<\/div>\n<div dir=\"ltr\" style=\"text-align: justify;\"><span style=\"font-family: trebuchet ms,geneva,sans-serif;\"><strong>Christiane F\u00e9lip-Vidal<\/strong>, escritora, traductora y profesora de espa\u00f1ol, nacida en Francia. Es autora de dos novelas, un libro de cuentos y otro de proverbios. Vive en el Per\u00fa.<\/span><\/div>\n<div dir=\"ltr\" style=\"text-align: justify;\"><span style=\"font-family: trebuchet ms,geneva,sans-serif;\"><strong>Sophie Canal<\/strong> es escritora, editora y profesora de filosof\u00eda. Es autora de novelas, una obra de teatro y un libro de cuentos. Miembro fundador de la editorial \u00abMatalamanga\u00bb. Tambi\u00e9n vive en el Per\u00fa.<\/span><\/div>\n<div dir=\"ltr\"><\/div>\n<div dir=\"ltr\"><strong><a href=\"http:\/\/lascriticas.com\/index.php\/lascriticas\/julia-wong\/\">Acerca de Julia Wong<\/a><\/strong><\/div>\n","protected":false},"excerpt":{"rendered":"<p>Bio iconograf\u00eda de Silvia Li y la b\u00fasqueda de la quinta mano La flor artificial, libro escrito por dos autoras francesas casi enraizadas como flores en Lima, Per\u00fa, editado y publicado por Cocodrilo Ediciones a mediados de este a\u00f1o 2016, es un manual de iconograf\u00eda fina que no ha dejado de desafiarme desde que cay\u00f3&#8230;<\/p>\n","protected":false},"author":12,"featured_media":651,"comment_status":"open","ping_status":"open","sticky":false,"template":"","format":"standard","meta":{"footnotes":""},"categories":[43,37],"tags":[95,97,88,62,96],"yoast_head":"<!-- This site is optimized with the Yoast SEO plugin v23.5 - https:\/\/yoast.com\/wordpress\/plugins\/seo\/ -->\n<title>La flor artificial, de Christiane F\u00e9lip y Sophie Canal - Las Cr\u00edticas<\/title>\n<meta name=\"description\" content=\"Escrito por dos autoras francesas casi enraizadas, esta novela es un manual de iconograf\u00eda fina del universo de Silvia Li\" \/>\n<meta name=\"robots\" content=\"index, follow, max-snippet:-1, max-image-preview:large, max-video-preview:-1\" \/>\n<link rel=\"canonical\" href=\"https:\/\/lascriticas.com\/index.php\/2016\/10\/31\/la-flor-artificial-christiane-felip-sophie-canal\/\" \/>\n<meta property=\"og:locale\" content=\"es_ES\" \/>\n<meta property=\"og:type\" content=\"article\" \/>\n<meta property=\"og:title\" content=\"La flor artificial, de Christiane F\u00e9lip y Sophie Canal - Las Cr\u00edticas\" \/>\n<meta property=\"og:description\" content=\"Escrito por dos autoras francesas casi enraizadas, esta novela es un manual de iconograf\u00eda fina del universo de Silvia Li\" \/>\n<meta property=\"og:url\" content=\"https:\/\/lascriticas.com\/index.php\/2016\/10\/31\/la-flor-artificial-christiane-felip-sophie-canal\/\" \/>\n<meta property=\"og:site_name\" content=\"Las Cr\u00edticas\" \/>\n<meta property=\"article:publisher\" content=\"https:\/\/www.facebook.com\/lascriticas\/\" \/>\n<meta property=\"article:published_time\" content=\"2016-10-31T05:40:54+00:00\" \/>\n<meta property=\"article:modified_time\" content=\"2016-11-15T10:37:47+00:00\" \/>\n<meta property=\"og:image\" content=\"https:\/\/lascriticas.com\/wp-content\/uploads\/2016\/10\/Canal-Felip-2.jpg\" \/>\n\t<meta property=\"og:image:width\" content=\"940\" \/>\n\t<meta property=\"og:image:height\" content=\"795\" \/>\n\t<meta property=\"og:image:type\" content=\"image\/jpeg\" \/>\n<meta name=\"author\" content=\"Julia Wong\" \/>\n<meta name=\"twitter:card\" content=\"summary_large_image\" \/>\n<meta name=\"twitter:creator\" content=\"@LasCriticas_com\" \/>\n<meta name=\"twitter:site\" content=\"@LasCriticas_com\" \/>\n<meta name=\"twitter:label1\" content=\"Escrito por\" \/>\n\t<meta name=\"twitter:data1\" content=\"Julia Wong\" \/>\n\t<meta name=\"twitter:label2\" content=\"Tiempo de lectura\" \/>\n\t<meta name=\"twitter:data2\" content=\"8 minutos\" \/>\n<script type=\"application\/ld+json\" class=\"yoast-schema-graph\">{\"@context\":\"https:\/\/schema.org\",\"@graph\":[{\"@type\":\"Article\",\"@id\":\"https:\/\/lascriticas.com\/index.php\/2016\/10\/31\/la-flor-artificial-christiane-felip-sophie-canal\/#article\",\"isPartOf\":{\"@id\":\"https:\/\/lascriticas.com\/index.php\/2016\/10\/31\/la-flor-artificial-christiane-felip-sophie-canal\/\"},\"author\":{\"name\":\"Julia Wong\",\"@id\":\"https:\/\/lascriticas.com\/#\/schema\/person\/1a1d1da1e273ed112607e61092386186\"},\"headline\":\"La flor artificial, de Christiane F\u00e9lip y Sophie Canal\",\"datePublished\":\"2016-10-31T05:40:54+00:00\",\"dateModified\":\"2016-11-15T10:37:47+00:00\",\"mainEntityOfPage\":{\"@id\":\"https:\/\/lascriticas.com\/index.php\/2016\/10\/31\/la-flor-artificial-christiane-felip-sophie-canal\/\"},\"wordCount\":1570,\"commentCount\":3,\"publisher\":{\"@id\":\"https:\/\/lascriticas.com\/#organization\"},\"image\":{\"@id\":\"https:\/\/lascriticas.com\/index.php\/2016\/10\/31\/la-flor-artificial-christiane-felip-sophie-canal\/#primaryimage\"},\"thumbnailUrl\":\"https:\/\/lascriticas.com\/wp-content\/uploads\/2016\/10\/Canal-Felip-2.jpg\",\"keywords\":[\"biograf\u00eda\",\"iconograf\u00eda\",\"mujer\",\"Per\u00fa\",\"surrealismo\"],\"articleSection\":[\"Ficci\u00f3n\",\"Rese\u00f1as\"],\"inLanguage\":\"es\",\"potentialAction\":[{\"@type\":\"CommentAction\",\"name\":\"Comment\",\"target\":[\"https:\/\/lascriticas.com\/index.php\/2016\/10\/31\/la-flor-artificial-christiane-felip-sophie-canal\/#respond\"]}]},{\"@type\":\"WebPage\",\"@id\":\"https:\/\/lascriticas.com\/index.php\/2016\/10\/31\/la-flor-artificial-christiane-felip-sophie-canal\/\",\"url\":\"https:\/\/lascriticas.com\/index.php\/2016\/10\/31\/la-flor-artificial-christiane-felip-sophie-canal\/\",\"name\":\"La flor artificial, de Christiane F\u00e9lip y Sophie Canal - Las Cr\u00edticas\",\"isPartOf\":{\"@id\":\"https:\/\/lascriticas.com\/#website\"},\"primaryImageOfPage\":{\"@id\":\"https:\/\/lascriticas.com\/index.php\/2016\/10\/31\/la-flor-artificial-christiane-felip-sophie-canal\/#primaryimage\"},\"image\":{\"@id\":\"https:\/\/lascriticas.com\/index.php\/2016\/10\/31\/la-flor-artificial-christiane-felip-sophie-canal\/#primaryimage\"},\"thumbnailUrl\":\"https:\/\/lascriticas.com\/wp-content\/uploads\/2016\/10\/Canal-Felip-2.jpg\",\"datePublished\":\"2016-10-31T05:40:54+00:00\",\"dateModified\":\"2016-11-15T10:37:47+00:00\",\"description\":\"Escrito por dos autoras francesas casi enraizadas, esta novela es un manual de iconograf\u00eda fina del universo de Silvia Li\",\"breadcrumb\":{\"@id\":\"https:\/\/lascriticas.com\/index.php\/2016\/10\/31\/la-flor-artificial-christiane-felip-sophie-canal\/#breadcrumb\"},\"inLanguage\":\"es\",\"potentialAction\":[{\"@type\":\"ReadAction\",\"target\":[\"https:\/\/lascriticas.com\/index.php\/2016\/10\/31\/la-flor-artificial-christiane-felip-sophie-canal\/\"]}]},{\"@type\":\"ImageObject\",\"inLanguage\":\"es\",\"@id\":\"https:\/\/lascriticas.com\/index.php\/2016\/10\/31\/la-flor-artificial-christiane-felip-sophie-canal\/#primaryimage\",\"url\":\"https:\/\/lascriticas.com\/wp-content\/uploads\/2016\/10\/Canal-Felip-2.jpg\",\"contentUrl\":\"https:\/\/lascriticas.com\/wp-content\/uploads\/2016\/10\/Canal-Felip-2.jpg\",\"width\":940,\"height\":795,\"caption\":\"Foto: Inti Vidal\"},{\"@type\":\"BreadcrumbList\",\"@id\":\"https:\/\/lascriticas.com\/index.php\/2016\/10\/31\/la-flor-artificial-christiane-felip-sophie-canal\/#breadcrumb\",\"itemListElement\":[{\"@type\":\"ListItem\",\"position\":1,\"name\":\"Inicio\",\"item\":\"https:\/\/lascriticas.com\/\"},{\"@type\":\"ListItem\",\"position\":2,\"name\":\"La flor artificial, de Christiane F\u00e9lip y Sophie Canal\"}]},{\"@type\":\"WebSite\",\"@id\":\"https:\/\/lascriticas.com\/#website\",\"url\":\"https:\/\/lascriticas.com\/\",\"name\":\"Las Cr\u00edticas\",\"description\":\"Cr\u00edtica literaria hecha por mujeres\",\"publisher\":{\"@id\":\"https:\/\/lascriticas.com\/#organization\"},\"potentialAction\":[{\"@type\":\"SearchAction\",\"target\":{\"@type\":\"EntryPoint\",\"urlTemplate\":\"https:\/\/lascriticas.com\/?s={search_term_string}\"},\"query-input\":{\"@type\":\"PropertyValueSpecification\",\"valueRequired\":true,\"valueName\":\"search_term_string\"}}],\"inLanguage\":\"es\"},{\"@type\":\"Organization\",\"@id\":\"https:\/\/lascriticas.com\/#organization\",\"name\":\"Las Cr\u00edticas\",\"url\":\"https:\/\/lascriticas.com\/\",\"logo\":{\"@type\":\"ImageObject\",\"inLanguage\":\"es\",\"@id\":\"https:\/\/lascriticas.com\/#\/schema\/logo\/image\/\",\"url\":\"https:\/\/lascriticas.com\/wp-content\/uploads\/2016\/09\/Las-Cr\u00edticas.png\",\"contentUrl\":\"https:\/\/lascriticas.com\/wp-content\/uploads\/2016\/09\/Las-Cr\u00edticas.png\",\"width\":372,\"height\":201,\"caption\":\"Las Cr\u00edticas\"},\"image\":{\"@id\":\"https:\/\/lascriticas.com\/#\/schema\/logo\/image\/\"},\"sameAs\":[\"https:\/\/www.facebook.com\/lascriticas\/\",\"https:\/\/x.com\/LasCriticas_com\",\"https:\/\/www.instagram.com\/lascriticas_com\/\",\"https:\/\/www.youtube.com\/channel\/UCd7r-H6EJA4sSXGLX33_iHQ\"]},{\"@type\":\"Person\",\"@id\":\"https:\/\/lascriticas.com\/#\/schema\/person\/1a1d1da1e273ed112607e61092386186\",\"name\":\"Julia Wong\",\"image\":{\"@type\":\"ImageObject\",\"inLanguage\":\"es\",\"@id\":\"https:\/\/lascriticas.com\/#\/schema\/person\/image\/\",\"url\":\"https:\/\/secure.gravatar.com\/avatar\/d513dc4e3f6b0bec1dfed5d367952e0a?s=96&d=mm&r=g\",\"contentUrl\":\"https:\/\/secure.gravatar.com\/avatar\/d513dc4e3f6b0bec1dfed5d367952e0a?s=96&d=mm&r=g\",\"caption\":\"Julia Wong\"},\"url\":\"https:\/\/lascriticas.com\/index.php\/author\/julia-wong\/\"}]}<\/script>\n<!-- \/ Yoast SEO plugin. -->","yoast_head_json":{"title":"La flor artificial, de Christiane F\u00e9lip y Sophie Canal - Las Cr\u00edticas","description":"Escrito por dos autoras francesas casi enraizadas, esta novela es un manual de iconograf\u00eda fina del universo de Silvia Li","robots":{"index":"index","follow":"follow","max-snippet":"max-snippet:-1","max-image-preview":"max-image-preview:large","max-video-preview":"max-video-preview:-1"},"canonical":"https:\/\/lascriticas.com\/index.php\/2016\/10\/31\/la-flor-artificial-christiane-felip-sophie-canal\/","og_locale":"es_ES","og_type":"article","og_title":"La flor artificial, de Christiane F\u00e9lip y Sophie Canal - Las Cr\u00edticas","og_description":"Escrito por dos autoras francesas casi enraizadas, esta novela es un manual de iconograf\u00eda fina del universo de Silvia Li","og_url":"https:\/\/lascriticas.com\/index.php\/2016\/10\/31\/la-flor-artificial-christiane-felip-sophie-canal\/","og_site_name":"Las Cr\u00edticas","article_publisher":"https:\/\/www.facebook.com\/lascriticas\/","article_published_time":"2016-10-31T05:40:54+00:00","article_modified_time":"2016-11-15T10:37:47+00:00","og_image":[{"width":940,"height":795,"url":"https:\/\/lascriticas.com\/wp-content\/uploads\/2016\/10\/Canal-Felip-2.jpg","type":"image\/jpeg"}],"author":"Julia Wong","twitter_card":"summary_large_image","twitter_creator":"@LasCriticas_com","twitter_site":"@LasCriticas_com","twitter_misc":{"Escrito por":"Julia Wong","Tiempo de lectura":"8 minutos"},"schema":{"@context":"https:\/\/schema.org","@graph":[{"@type":"Article","@id":"https:\/\/lascriticas.com\/index.php\/2016\/10\/31\/la-flor-artificial-christiane-felip-sophie-canal\/#article","isPartOf":{"@id":"https:\/\/lascriticas.com\/index.php\/2016\/10\/31\/la-flor-artificial-christiane-felip-sophie-canal\/"},"author":{"name":"Julia Wong","@id":"https:\/\/lascriticas.com\/#\/schema\/person\/1a1d1da1e273ed112607e61092386186"},"headline":"La flor artificial, de Christiane F\u00e9lip y Sophie Canal","datePublished":"2016-10-31T05:40:54+00:00","dateModified":"2016-11-15T10:37:47+00:00","mainEntityOfPage":{"@id":"https:\/\/lascriticas.com\/index.php\/2016\/10\/31\/la-flor-artificial-christiane-felip-sophie-canal\/"},"wordCount":1570,"commentCount":3,"publisher":{"@id":"https:\/\/lascriticas.com\/#organization"},"image":{"@id":"https:\/\/lascriticas.com\/index.php\/2016\/10\/31\/la-flor-artificial-christiane-felip-sophie-canal\/#primaryimage"},"thumbnailUrl":"https:\/\/lascriticas.com\/wp-content\/uploads\/2016\/10\/Canal-Felip-2.jpg","keywords":["biograf\u00eda","iconograf\u00eda","mujer","Per\u00fa","surrealismo"],"articleSection":["Ficci\u00f3n","Rese\u00f1as"],"inLanguage":"es","potentialAction":[{"@type":"CommentAction","name":"Comment","target":["https:\/\/lascriticas.com\/index.php\/2016\/10\/31\/la-flor-artificial-christiane-felip-sophie-canal\/#respond"]}]},{"@type":"WebPage","@id":"https:\/\/lascriticas.com\/index.php\/2016\/10\/31\/la-flor-artificial-christiane-felip-sophie-canal\/","url":"https:\/\/lascriticas.com\/index.php\/2016\/10\/31\/la-flor-artificial-christiane-felip-sophie-canal\/","name":"La flor artificial, de Christiane F\u00e9lip y Sophie Canal - Las Cr\u00edticas","isPartOf":{"@id":"https:\/\/lascriticas.com\/#website"},"primaryImageOfPage":{"@id":"https:\/\/lascriticas.com\/index.php\/2016\/10\/31\/la-flor-artificial-christiane-felip-sophie-canal\/#primaryimage"},"image":{"@id":"https:\/\/lascriticas.com\/index.php\/2016\/10\/31\/la-flor-artificial-christiane-felip-sophie-canal\/#primaryimage"},"thumbnailUrl":"https:\/\/lascriticas.com\/wp-content\/uploads\/2016\/10\/Canal-Felip-2.jpg","datePublished":"2016-10-31T05:40:54+00:00","dateModified":"2016-11-15T10:37:47+00:00","description":"Escrito por dos autoras francesas casi enraizadas, esta novela es un manual de iconograf\u00eda fina del universo de Silvia Li","breadcrumb":{"@id":"https:\/\/lascriticas.com\/index.php\/2016\/10\/31\/la-flor-artificial-christiane-felip-sophie-canal\/#breadcrumb"},"inLanguage":"es","potentialAction":[{"@type":"ReadAction","target":["https:\/\/lascriticas.com\/index.php\/2016\/10\/31\/la-flor-artificial-christiane-felip-sophie-canal\/"]}]},{"@type":"ImageObject","inLanguage":"es","@id":"https:\/\/lascriticas.com\/index.php\/2016\/10\/31\/la-flor-artificial-christiane-felip-sophie-canal\/#primaryimage","url":"https:\/\/lascriticas.com\/wp-content\/uploads\/2016\/10\/Canal-Felip-2.jpg","contentUrl":"https:\/\/lascriticas.com\/wp-content\/uploads\/2016\/10\/Canal-Felip-2.jpg","width":940,"height":795,"caption":"Foto: Inti Vidal"},{"@type":"BreadcrumbList","@id":"https:\/\/lascriticas.com\/index.php\/2016\/10\/31\/la-flor-artificial-christiane-felip-sophie-canal\/#breadcrumb","itemListElement":[{"@type":"ListItem","position":1,"name":"Inicio","item":"https:\/\/lascriticas.com\/"},{"@type":"ListItem","position":2,"name":"La flor artificial, de Christiane F\u00e9lip y Sophie Canal"}]},{"@type":"WebSite","@id":"https:\/\/lascriticas.com\/#website","url":"https:\/\/lascriticas.com\/","name":"Las Cr\u00edticas","description":"Cr\u00edtica literaria hecha por mujeres","publisher":{"@id":"https:\/\/lascriticas.com\/#organization"},"potentialAction":[{"@type":"SearchAction","target":{"@type":"EntryPoint","urlTemplate":"https:\/\/lascriticas.com\/?s={search_term_string}"},"query-input":{"@type":"PropertyValueSpecification","valueRequired":true,"valueName":"search_term_string"}}],"inLanguage":"es"},{"@type":"Organization","@id":"https:\/\/lascriticas.com\/#organization","name":"Las Cr\u00edticas","url":"https:\/\/lascriticas.com\/","logo":{"@type":"ImageObject","inLanguage":"es","@id":"https:\/\/lascriticas.com\/#\/schema\/logo\/image\/","url":"https:\/\/lascriticas.com\/wp-content\/uploads\/2016\/09\/Las-Cr\u00edticas.png","contentUrl":"https:\/\/lascriticas.com\/wp-content\/uploads\/2016\/09\/Las-Cr\u00edticas.png","width":372,"height":201,"caption":"Las Cr\u00edticas"},"image":{"@id":"https:\/\/lascriticas.com\/#\/schema\/logo\/image\/"},"sameAs":["https:\/\/www.facebook.com\/lascriticas\/","https:\/\/x.com\/LasCriticas_com","https:\/\/www.instagram.com\/lascriticas_com\/","https:\/\/www.youtube.com\/channel\/UCd7r-H6EJA4sSXGLX33_iHQ"]},{"@type":"Person","@id":"https:\/\/lascriticas.com\/#\/schema\/person\/1a1d1da1e273ed112607e61092386186","name":"Julia Wong","image":{"@type":"ImageObject","inLanguage":"es","@id":"https:\/\/lascriticas.com\/#\/schema\/person\/image\/","url":"https:\/\/secure.gravatar.com\/avatar\/d513dc4e3f6b0bec1dfed5d367952e0a?s=96&d=mm&r=g","contentUrl":"https:\/\/secure.gravatar.com\/avatar\/d513dc4e3f6b0bec1dfed5d367952e0a?s=96&d=mm&r=g","caption":"Julia Wong"},"url":"https:\/\/lascriticas.com\/index.php\/author\/julia-wong\/"}]}},"_links":{"self":[{"href":"https:\/\/lascriticas.com\/index.php\/wp-json\/wp\/v2\/posts\/592"}],"collection":[{"href":"https:\/\/lascriticas.com\/index.php\/wp-json\/wp\/v2\/posts"}],"about":[{"href":"https:\/\/lascriticas.com\/index.php\/wp-json\/wp\/v2\/types\/post"}],"author":[{"embeddable":true,"href":"https:\/\/lascriticas.com\/index.php\/wp-json\/wp\/v2\/users\/12"}],"replies":[{"embeddable":true,"href":"https:\/\/lascriticas.com\/index.php\/wp-json\/wp\/v2\/comments?post=592"}],"version-history":[{"count":17,"href":"https:\/\/lascriticas.com\/index.php\/wp-json\/wp\/v2\/posts\/592\/revisions"}],"predecessor-version":[{"id":901,"href":"https:\/\/lascriticas.com\/index.php\/wp-json\/wp\/v2\/posts\/592\/revisions\/901"}],"wp:featuredmedia":[{"embeddable":true,"href":"https:\/\/lascriticas.com\/index.php\/wp-json\/wp\/v2\/media\/651"}],"wp:attachment":[{"href":"https:\/\/lascriticas.com\/index.php\/wp-json\/wp\/v2\/media?parent=592"}],"wp:term":[{"taxonomy":"category","embeddable":true,"href":"https:\/\/lascriticas.com\/index.php\/wp-json\/wp\/v2\/categories?post=592"},{"taxonomy":"post_tag","embeddable":true,"href":"https:\/\/lascriticas.com\/index.php\/wp-json\/wp\/v2\/tags?post=592"}],"curies":[{"name":"wp","href":"https:\/\/api.w.org\/{rel}","templated":true}]}}