{"id":5838,"date":"2024-10-12T20:58:52","date_gmt":"2024-10-12T18:58:52","guid":{"rendered":"https:\/\/lascriticas.com\/?p=5838"},"modified":"2024-10-13T20:01:39","modified_gmt":"2024-10-13T18:01:39","slug":"kuna-de-tierras-altas-de-edith-vega-centeno-chavez","status":"publish","type":"post","link":"https:\/\/lascriticas.com\/index.php\/2024\/10\/12\/kuna-de-tierras-altas-de-edith-vega-centeno-chavez\/","title":{"rendered":"Kuna de tierras altas, de Edith Vega-Centeno Ch\u00e1vez"},"content":{"rendered":"<h1><span style=\"color: #ffffff; font-size: 20px;\">Kuna de tierras altas, de Edith Vega-Centeno Ch\u00e1vez<\/span><\/h1>\n<p style=\"text-align: justify;\"><span style=\"font-size: 16px;\"><strong><i>Kuna de tierras altas<\/i><\/strong> (Hanan Harawi, 2024), primer libro publicado por <strong>Edith Vega-Centeno Ch\u00e1vez<\/strong>, consta de cuatro secciones: Willka kuna (relativo a lo sagrado), Kawsaykuna (vidas, vivencias), Sirkakuna (venas) y Munaykuna (abrir los corazones)<\/span><\/p>\n<p style=\"text-align: justify; padding-left: 40px;\"><span style=\"font-size: 16px;\">El libro est\u00e1 dedicado a todos los miembros de su familia\/ayllu: su madre, padre, hija, hermanos y, de manera especial a su mamita Mar\u00eda y a todo su ayllu Apaza,<span class=\"Apple-converted-space\">\u00a0<\/span>\u201cpor abrirme los ojos y el coraz\u00f3n\u201d, frase que remarca la<span class=\"Apple-converted-space\">\u00a0 <\/span>presencia y reconocimiento por la compa\u00f1\u00eda y aprendizaje de las y los hermanxs de tierras altas, sobre todo de <strong>Mar\u00eda Apaza<\/strong> abuela sabia de 95 a\u00f1os de edad, Altomisayoq, autoridad espiritual, de la <strong>naci\u00f3n Quero<\/strong>.<\/span><\/p>\n<p><img loading=\"lazy\" decoding=\"async\" class=\"wp-image-5883 size-full alignleft\" title=\"Kuna de tierras altas\" src=\"https:\/\/lascriticas.com\/wp-content\/uploads\/2024\/10\/d3228ca7-0aec-486b-b69f-b724e012c39b.jpeg\" alt=\"\" width=\"489\" height=\"683\" \/><\/p>\n<p style=\"text-align: justify;\"><span style=\"font-size: 16px;\">El poemario se inicia con un ep\u00edgrafe de Borges: \u201cEl tiempo es la sustancia de la que estoy hecho,\/ es un r\u00edo que me arrebata,\/pero yo soy el r\u00edo;\/ es un tigre que me destroza,\/ pero yo soy el tigre;\/es un fuego que me consume,\/pero yo soy el fuego.\u201d<\/span><\/p>\n<p style=\"text-align: justify;\"><span style=\"font-size: 16px;\">Este ep\u00edgrafe orienta mi lectura, que en esta ocasi\u00f3n se dedica a la primera secci\u00f3n titulada \u201c<i>Willkakuna\u201d.<\/i> En el primer poema, el yo po\u00e9tico es el tiempo que nos habita y que habita todo ser, porque el tiempo es memoria y olvido: \u201cAh\u00ed donde se encienden el sol y la luna.\/ Ah\u00ed donde las miradas perdidas buscan los olvidos.\u201d<span class=\"Apple-converted-space\">\u00a0<\/span><\/span><\/p>\n<p style=\"text-align: justify;\"><span style=\"font-size: 16px;\">Si bien lo inmaterial, hecho tiempo, nos arraiga, la piedra en su materialidad y memoria, tambi\u00e9n nos habita, como nos habita el r\u00edo, un gato pardo, el fuego. En \u201cPoema de piedra\u201d, el sujeto colectivo nocanchiq,<span class=\"Apple-converted-space\">\u00a0 <\/span>yo plural, cuestiona la destrucci\u00f3n de esa memoria y de los cuerpos<span class=\"Apple-converted-space\">\u00a0 <\/span>territorios en nombre del progreso: \u201calimentar\u00e1n a nuestros hijos de cemento, de hambre y de sed\/ reverdecer\u00e1n nuestros pastos con resinas obscenas\/ invernaderos de cristal har\u00e1n las veces de matrices de la tierra\/ y sin embargo t\u00fa, le llamar\u00e1s progreso.\u201d<\/span><\/p>\n<p style=\"text-align: justify;\"><span style=\"font-size: 16px;\">En esta misma secci\u00f3n, el poema \u201cHaywarikuy<i>\u201d<\/i> (La ofrenda) constituye un homenaje al maestro Tito La Rosa, curandero por medio de la m\u00fasica y un homenaje a la intima conexi\u00f3n entre el poema y la cadencia musical. El maestro<span class=\"Apple-converted-space\">\u00a0 <\/span>dibuja con notas musicales y desde el silencio ese \u00edntimo v\u00ednculo: \u201cUn sonido emerge como una flor desde la oscuridad del silencio\u201d, ambas tienen un poder curativo.<\/span><\/p>\n<p style=\"text-align: justify;\"><span style=\"font-size: 16px;\">La enunciante se nutre de las monta\u00f1as, del runasimi, aprende las amorosas ense\u00f1anzas de la abuela Mar\u00eda Apaza, a quien dedica el poema titulado \u201cDe tierras altas\u201d. La abuela quechua, cose, la abuela ense\u00f1a, la abuela cura. Con ella aprende el lenguaje de la tierra. La abuela es tambi\u00e9n \u201cMama Simona\u201d,<span class=\"Apple-converted-space\">\u00a0 <\/span>apu tutelar femenino de Cusco, ubicado cerca al Santuario de Sacsayhuam\u00e1n, a medio camino del distrito de Ccorca. La conexi\u00f3n del sujeto po\u00e9tico con la Madre tierra es ajena al canon dominante. Esa conexi\u00f3n le permite dialogar con los \u00e1rboles, con la lluvia, con las rocas: \u201cHe llegado entonces hasta la monta\u00f1a, \/sin cita previa me ha abierto sus faldas.\/ He penetrado en sus profundas cavidades h\u00famedas\u201d. El encuentro con Mam\u00e1 Simona es un reencuentro consigo misma, se ve en ella.<\/span><\/p>\n<p style=\"text-align: justify;\"><span style=\"font-size: 16px;\">El yo po\u00e9tico \u201cnoqa\u201d individual se transforma en plural, incorpora a quienes disfrutamos sentir en nuestros cuerpos el viento, el fuego del sol, a quienes amamos escalar las monta\u00f1as, conocer e internarnos en las lagunas. Estos seres y nuestros actos al relacionarnos con ellos, en un v\u00ednculo<span class=\"Apple-converted-space\">\u00a0 <\/span>cuerpo territorio, nos recuerdan quienes somos y de d\u00f3nde venimos. Y as\u00ed,<span class=\"Apple-converted-space\">\u00a0 <\/span>se reafirma la individualidad, la urgencia de ser Noqan kani (ser yo), atravesados rotundamente por un episteme otro. Ah\u00ed donde<span class=\"Apple-converted-space\">\u00a0 <\/span>se encienden el sol y la luna.<span class=\"Apple-converted-space\">\u00a0<\/span><\/span><\/p>\n<p style=\"text-align: justify;\"><span style=\"font-size: 16px;\">y \u201clas miradas perdidas buscan los olvidos\u201d: \u201cEl agua nos recuerda quienes somos\/ la monta\u00f1a nos recuerda quienes somos\/ el viento nos recuerda quienes somos\/ la laguna nos recuerda quienes somos,\/ el fuego nos calienta la piel hasta reventarnos la cara \/ y mostrarnos en sus llamas quienes somos.\u201d<\/span><\/p>\n<p><span style=\"font-size: 16px;\"><strong>Vega-Centeno Ch\u00e1vez, Edith. <i>Kuna de tierras altas. <\/i>Hanan Harawi, 2024.<\/strong><\/span><\/p>\n<hr \/>\n<p style=\"text-align: justify;\"><span style=\"font-family: 'trebuchet ms', geneva, sans-serif; font-size: 16px;\"><b><strong>Edith <\/strong><strong>Vega-Centeno Ch\u00e1vez <\/strong>(Cusco\/Lima 1973) <\/b>Naci\u00f3 en Lima por casualidad, creci\u00f3 en un Cusco de d\u00edas lluviosos y cielos azules donde la infancia hac\u00eda grandes concesiones y se abr\u00eda por entre ecos de coches bombas y olor a tierra mojada. Estudi\u00f3 Ciencias de la Comunicaci\u00f3n y Publicidad como revancha o para sacarle partido, de alguna manera, a la creatividad enjaulada en tantos a\u00f1os en un colegio de filosof\u00eda medieval. Su compa\u00f1era de camino es una hija de 22 a\u00f1os a la que ya tiene que mirar frente a frente y que le recuerda que la vida es hermosa, aun en esos d\u00edas en que los nubarrones rosas achinan la visi\u00f3n. Escribir y leer son para ella dos intentos de ser feliz.<\/span><\/p>\n<p style=\"text-align: justify;\"><a href=\"https:\/\/lascriticas.com\/index.php\/lascriticas\/carolina-ortiz-fernandez\/\"><strong><span style=\"font-family: 'trebuchet ms', geneva, sans-serif;\">Acerca de Carolina Ortiz<\/span><\/strong><\/a><\/p>\n","protected":false},"excerpt":{"rendered":"<p>Kuna de tierras altas, de Edith Vega-Centeno Ch\u00e1vez Kuna de tierras altas (Hanan Harawi, 2024), primer libro publicado por Edith Vega-Centeno Ch\u00e1vez, consta de cuatro secciones: Willka kuna (relativo a lo sagrado), Kawsaykuna (vidas, vivencias), Sirkakuna (venas) y Munaykuna (abrir los corazones) El libro est\u00e1 dedicado a todos los miembros de su familia\/ayllu: su madre,&#8230;<\/p>\n","protected":false},"author":67,"featured_media":5857,"comment_status":"open","ping_status":"open","sticky":false,"template":"","format":"standard","meta":{"footnotes":""},"categories":[45,37],"tags":[1145,195,1148,1146,163,1147,55,419,867,161],"yoast_head":"<!-- This site is optimized with the Yoast SEO plugin v23.5 - https:\/\/yoast.com\/wordpress\/plugins\/seo\/ -->\n<title>Kuna de tierras altas, de Edith Vega-Centeno Ch\u00e1vez - Las Cr\u00edticas<\/title>\n<meta name=\"description\" content=\"Carolina Ortiz escribe acerca de Kuna de tierras altas, de Edith Vega-Centeno Ch\u00e1vez.\" \/>\n<meta name=\"robots\" content=\"index, follow, max-snippet:-1, max-image-preview:large, max-video-preview:-1\" \/>\n<link rel=\"canonical\" href=\"https:\/\/lascriticas.com\/index.php\/2024\/10\/12\/kuna-de-tierras-altas-de-edith-vega-centeno-chavez\/\" \/>\n<meta property=\"og:locale\" content=\"es_ES\" \/>\n<meta property=\"og:type\" content=\"article\" \/>\n<meta property=\"og:title\" content=\"Kuna de tierras altas, de Edith Vega-Centeno Ch\u00e1vez - Las Cr\u00edticas\" \/>\n<meta property=\"og:description\" content=\"Carolina Ortiz escribe acerca de Kuna de tierras altas, de Edith Vega-Centeno Ch\u00e1vez.\" \/>\n<meta property=\"og:url\" content=\"https:\/\/lascriticas.com\/index.php\/2024\/10\/12\/kuna-de-tierras-altas-de-edith-vega-centeno-chavez\/\" \/>\n<meta property=\"og:site_name\" content=\"Las Cr\u00edticas\" \/>\n<meta property=\"article:publisher\" content=\"https:\/\/www.facebook.com\/lascriticas\/\" \/>\n<meta property=\"article:published_time\" content=\"2024-10-12T18:58:52+00:00\" \/>\n<meta property=\"article:modified_time\" content=\"2024-10-13T18:01:39+00:00\" \/>\n<meta property=\"og:image\" content=\"https:\/\/lascriticas.com\/wp-content\/uploads\/2024\/10\/Edith-Vega-Centeno.jpg\" \/>\n\t<meta property=\"og:image:width\" content=\"1080\" \/>\n\t<meta property=\"og:image:height\" content=\"530\" \/>\n\t<meta property=\"og:image:type\" content=\"image\/jpeg\" \/>\n<meta name=\"author\" content=\"Carolina Ortiz Fernandez\" \/>\n<meta name=\"twitter:card\" content=\"summary_large_image\" \/>\n<meta name=\"twitter:creator\" content=\"@LasCriticas_com\" \/>\n<meta name=\"twitter:site\" content=\"@LasCriticas_com\" \/>\n<meta name=\"twitter:label1\" content=\"Escrito por\" \/>\n\t<meta name=\"twitter:data1\" content=\"Carolina Ortiz Fernandez\" \/>\n\t<meta name=\"twitter:label2\" content=\"Tiempo de lectura\" \/>\n\t<meta name=\"twitter:data2\" content=\"4 minutos\" \/>\n<script type=\"application\/ld+json\" class=\"yoast-schema-graph\">{\"@context\":\"https:\/\/schema.org\",\"@graph\":[{\"@type\":\"Article\",\"@id\":\"https:\/\/lascriticas.com\/index.php\/2024\/10\/12\/kuna-de-tierras-altas-de-edith-vega-centeno-chavez\/#article\",\"isPartOf\":{\"@id\":\"https:\/\/lascriticas.com\/index.php\/2024\/10\/12\/kuna-de-tierras-altas-de-edith-vega-centeno-chavez\/\"},\"author\":{\"name\":\"Carolina Ortiz Fernandez\",\"@id\":\"https:\/\/lascriticas.com\/#\/schema\/person\/0a246e49260c1eaf73aea7cb440cf600\"},\"headline\":\"Kuna de tierras altas, de Edith Vega-Centeno Ch\u00e1vez\",\"datePublished\":\"2024-10-12T18:58:52+00:00\",\"dateModified\":\"2024-10-13T18:01:39+00:00\",\"mainEntityOfPage\":{\"@id\":\"https:\/\/lascriticas.com\/index.php\/2024\/10\/12\/kuna-de-tierras-altas-de-edith-vega-centeno-chavez\/\"},\"wordCount\":844,\"commentCount\":0,\"publisher\":{\"@id\":\"https:\/\/lascriticas.com\/#organization\"},\"image\":{\"@id\":\"https:\/\/lascriticas.com\/index.php\/2024\/10\/12\/kuna-de-tierras-altas-de-edith-vega-centeno-chavez\/#primaryimage\"},\"thumbnailUrl\":\"https:\/\/lascriticas.com\/wp-content\/uploads\/2024\/10\/Edith-Vega-Centeno.jpg\",\"keywords\":[\"curaci\u00f3n\",\"Cusco\",\"madre tierra\",\"naci\u00f3n Quero\",\"naturaleza\",\"pachamama\",\"poes\u00eda\",\"poes\u00eda peruana\",\"quechua\",\"tierra\"],\"articleSection\":[\"Poes\u00eda\",\"Rese\u00f1as\"],\"inLanguage\":\"es\",\"potentialAction\":[{\"@type\":\"CommentAction\",\"name\":\"Comment\",\"target\":[\"https:\/\/lascriticas.com\/index.php\/2024\/10\/12\/kuna-de-tierras-altas-de-edith-vega-centeno-chavez\/#respond\"]}]},{\"@type\":\"WebPage\",\"@id\":\"https:\/\/lascriticas.com\/index.php\/2024\/10\/12\/kuna-de-tierras-altas-de-edith-vega-centeno-chavez\/\",\"url\":\"https:\/\/lascriticas.com\/index.php\/2024\/10\/12\/kuna-de-tierras-altas-de-edith-vega-centeno-chavez\/\",\"name\":\"Kuna de tierras altas, de Edith Vega-Centeno Ch\u00e1vez - Las Cr\u00edticas\",\"isPartOf\":{\"@id\":\"https:\/\/lascriticas.com\/#website\"},\"primaryImageOfPage\":{\"@id\":\"https:\/\/lascriticas.com\/index.php\/2024\/10\/12\/kuna-de-tierras-altas-de-edith-vega-centeno-chavez\/#primaryimage\"},\"image\":{\"@id\":\"https:\/\/lascriticas.com\/index.php\/2024\/10\/12\/kuna-de-tierras-altas-de-edith-vega-centeno-chavez\/#primaryimage\"},\"thumbnailUrl\":\"https:\/\/lascriticas.com\/wp-content\/uploads\/2024\/10\/Edith-Vega-Centeno.jpg\",\"datePublished\":\"2024-10-12T18:58:52+00:00\",\"dateModified\":\"2024-10-13T18:01:39+00:00\",\"description\":\"Carolina Ortiz escribe acerca de Kuna de tierras altas, de Edith Vega-Centeno Ch\u00e1vez.\",\"breadcrumb\":{\"@id\":\"https:\/\/lascriticas.com\/index.php\/2024\/10\/12\/kuna-de-tierras-altas-de-edith-vega-centeno-chavez\/#breadcrumb\"},\"inLanguage\":\"es\",\"potentialAction\":[{\"@type\":\"ReadAction\",\"target\":[\"https:\/\/lascriticas.com\/index.php\/2024\/10\/12\/kuna-de-tierras-altas-de-edith-vega-centeno-chavez\/\"]}]},{\"@type\":\"ImageObject\",\"inLanguage\":\"es\",\"@id\":\"https:\/\/lascriticas.com\/index.php\/2024\/10\/12\/kuna-de-tierras-altas-de-edith-vega-centeno-chavez\/#primaryimage\",\"url\":\"https:\/\/lascriticas.com\/wp-content\/uploads\/2024\/10\/Edith-Vega-Centeno.jpg\",\"contentUrl\":\"https:\/\/lascriticas.com\/wp-content\/uploads\/2024\/10\/Edith-Vega-Centeno.jpg\",\"width\":1080,\"height\":530},{\"@type\":\"BreadcrumbList\",\"@id\":\"https:\/\/lascriticas.com\/index.php\/2024\/10\/12\/kuna-de-tierras-altas-de-edith-vega-centeno-chavez\/#breadcrumb\",\"itemListElement\":[{\"@type\":\"ListItem\",\"position\":1,\"name\":\"Inicio\",\"item\":\"https:\/\/lascriticas.com\/\"},{\"@type\":\"ListItem\",\"position\":2,\"name\":\"Kuna de tierras altas, de Edith Vega-Centeno Ch\u00e1vez\"}]},{\"@type\":\"WebSite\",\"@id\":\"https:\/\/lascriticas.com\/#website\",\"url\":\"https:\/\/lascriticas.com\/\",\"name\":\"Las Cr\u00edticas\",\"description\":\"Cr\u00edtica literaria hecha por mujeres\",\"publisher\":{\"@id\":\"https:\/\/lascriticas.com\/#organization\"},\"potentialAction\":[{\"@type\":\"SearchAction\",\"target\":{\"@type\":\"EntryPoint\",\"urlTemplate\":\"https:\/\/lascriticas.com\/?s={search_term_string}\"},\"query-input\":{\"@type\":\"PropertyValueSpecification\",\"valueRequired\":true,\"valueName\":\"search_term_string\"}}],\"inLanguage\":\"es\"},{\"@type\":\"Organization\",\"@id\":\"https:\/\/lascriticas.com\/#organization\",\"name\":\"Las Cr\u00edticas\",\"url\":\"https:\/\/lascriticas.com\/\",\"logo\":{\"@type\":\"ImageObject\",\"inLanguage\":\"es\",\"@id\":\"https:\/\/lascriticas.com\/#\/schema\/logo\/image\/\",\"url\":\"https:\/\/lascriticas.com\/wp-content\/uploads\/2016\/09\/Las-Cr\u00edticas.png\",\"contentUrl\":\"https:\/\/lascriticas.com\/wp-content\/uploads\/2016\/09\/Las-Cr\u00edticas.png\",\"width\":372,\"height\":201,\"caption\":\"Las Cr\u00edticas\"},\"image\":{\"@id\":\"https:\/\/lascriticas.com\/#\/schema\/logo\/image\/\"},\"sameAs\":[\"https:\/\/www.facebook.com\/lascriticas\/\",\"https:\/\/x.com\/LasCriticas_com\",\"https:\/\/www.instagram.com\/lascriticas_com\/\",\"https:\/\/www.youtube.com\/channel\/UCd7r-H6EJA4sSXGLX33_iHQ\"]},{\"@type\":\"Person\",\"@id\":\"https:\/\/lascriticas.com\/#\/schema\/person\/0a246e49260c1eaf73aea7cb440cf600\",\"name\":\"Carolina Ortiz Fernandez\",\"image\":{\"@type\":\"ImageObject\",\"inLanguage\":\"es\",\"@id\":\"https:\/\/lascriticas.com\/#\/schema\/person\/image\/\",\"url\":\"https:\/\/secure.gravatar.com\/avatar\/87ea789eb35079118a5e4f4aa26caea5?s=96&d=mm&r=g\",\"contentUrl\":\"https:\/\/secure.gravatar.com\/avatar\/87ea789eb35079118a5e4f4aa26caea5?s=96&d=mm&r=g\",\"caption\":\"Carolina Ortiz Fernandez\"},\"url\":\"https:\/\/lascriticas.com\/index.php\/author\/carolina-fernandez\/\"}]}<\/script>\n<!-- \/ Yoast SEO plugin. -->","yoast_head_json":{"title":"Kuna de tierras altas, de Edith Vega-Centeno Ch\u00e1vez - Las Cr\u00edticas","description":"Carolina Ortiz escribe acerca de Kuna de tierras altas, de Edith Vega-Centeno Ch\u00e1vez.","robots":{"index":"index","follow":"follow","max-snippet":"max-snippet:-1","max-image-preview":"max-image-preview:large","max-video-preview":"max-video-preview:-1"},"canonical":"https:\/\/lascriticas.com\/index.php\/2024\/10\/12\/kuna-de-tierras-altas-de-edith-vega-centeno-chavez\/","og_locale":"es_ES","og_type":"article","og_title":"Kuna de tierras altas, de Edith Vega-Centeno Ch\u00e1vez - Las Cr\u00edticas","og_description":"Carolina Ortiz escribe acerca de Kuna de tierras altas, de Edith Vega-Centeno Ch\u00e1vez.","og_url":"https:\/\/lascriticas.com\/index.php\/2024\/10\/12\/kuna-de-tierras-altas-de-edith-vega-centeno-chavez\/","og_site_name":"Las Cr\u00edticas","article_publisher":"https:\/\/www.facebook.com\/lascriticas\/","article_published_time":"2024-10-12T18:58:52+00:00","article_modified_time":"2024-10-13T18:01:39+00:00","og_image":[{"width":1080,"height":530,"url":"https:\/\/lascriticas.com\/wp-content\/uploads\/2024\/10\/Edith-Vega-Centeno.jpg","type":"image\/jpeg"}],"author":"Carolina Ortiz Fernandez","twitter_card":"summary_large_image","twitter_creator":"@LasCriticas_com","twitter_site":"@LasCriticas_com","twitter_misc":{"Escrito por":"Carolina Ortiz Fernandez","Tiempo de lectura":"4 minutos"},"schema":{"@context":"https:\/\/schema.org","@graph":[{"@type":"Article","@id":"https:\/\/lascriticas.com\/index.php\/2024\/10\/12\/kuna-de-tierras-altas-de-edith-vega-centeno-chavez\/#article","isPartOf":{"@id":"https:\/\/lascriticas.com\/index.php\/2024\/10\/12\/kuna-de-tierras-altas-de-edith-vega-centeno-chavez\/"},"author":{"name":"Carolina Ortiz Fernandez","@id":"https:\/\/lascriticas.com\/#\/schema\/person\/0a246e49260c1eaf73aea7cb440cf600"},"headline":"Kuna de tierras altas, de Edith Vega-Centeno Ch\u00e1vez","datePublished":"2024-10-12T18:58:52+00:00","dateModified":"2024-10-13T18:01:39+00:00","mainEntityOfPage":{"@id":"https:\/\/lascriticas.com\/index.php\/2024\/10\/12\/kuna-de-tierras-altas-de-edith-vega-centeno-chavez\/"},"wordCount":844,"commentCount":0,"publisher":{"@id":"https:\/\/lascriticas.com\/#organization"},"image":{"@id":"https:\/\/lascriticas.com\/index.php\/2024\/10\/12\/kuna-de-tierras-altas-de-edith-vega-centeno-chavez\/#primaryimage"},"thumbnailUrl":"https:\/\/lascriticas.com\/wp-content\/uploads\/2024\/10\/Edith-Vega-Centeno.jpg","keywords":["curaci\u00f3n","Cusco","madre tierra","naci\u00f3n Quero","naturaleza","pachamama","poes\u00eda","poes\u00eda peruana","quechua","tierra"],"articleSection":["Poes\u00eda","Rese\u00f1as"],"inLanguage":"es","potentialAction":[{"@type":"CommentAction","name":"Comment","target":["https:\/\/lascriticas.com\/index.php\/2024\/10\/12\/kuna-de-tierras-altas-de-edith-vega-centeno-chavez\/#respond"]}]},{"@type":"WebPage","@id":"https:\/\/lascriticas.com\/index.php\/2024\/10\/12\/kuna-de-tierras-altas-de-edith-vega-centeno-chavez\/","url":"https:\/\/lascriticas.com\/index.php\/2024\/10\/12\/kuna-de-tierras-altas-de-edith-vega-centeno-chavez\/","name":"Kuna de tierras altas, de Edith Vega-Centeno Ch\u00e1vez - Las Cr\u00edticas","isPartOf":{"@id":"https:\/\/lascriticas.com\/#website"},"primaryImageOfPage":{"@id":"https:\/\/lascriticas.com\/index.php\/2024\/10\/12\/kuna-de-tierras-altas-de-edith-vega-centeno-chavez\/#primaryimage"},"image":{"@id":"https:\/\/lascriticas.com\/index.php\/2024\/10\/12\/kuna-de-tierras-altas-de-edith-vega-centeno-chavez\/#primaryimage"},"thumbnailUrl":"https:\/\/lascriticas.com\/wp-content\/uploads\/2024\/10\/Edith-Vega-Centeno.jpg","datePublished":"2024-10-12T18:58:52+00:00","dateModified":"2024-10-13T18:01:39+00:00","description":"Carolina Ortiz escribe acerca de Kuna de tierras altas, de Edith Vega-Centeno Ch\u00e1vez.","breadcrumb":{"@id":"https:\/\/lascriticas.com\/index.php\/2024\/10\/12\/kuna-de-tierras-altas-de-edith-vega-centeno-chavez\/#breadcrumb"},"inLanguage":"es","potentialAction":[{"@type":"ReadAction","target":["https:\/\/lascriticas.com\/index.php\/2024\/10\/12\/kuna-de-tierras-altas-de-edith-vega-centeno-chavez\/"]}]},{"@type":"ImageObject","inLanguage":"es","@id":"https:\/\/lascriticas.com\/index.php\/2024\/10\/12\/kuna-de-tierras-altas-de-edith-vega-centeno-chavez\/#primaryimage","url":"https:\/\/lascriticas.com\/wp-content\/uploads\/2024\/10\/Edith-Vega-Centeno.jpg","contentUrl":"https:\/\/lascriticas.com\/wp-content\/uploads\/2024\/10\/Edith-Vega-Centeno.jpg","width":1080,"height":530},{"@type":"BreadcrumbList","@id":"https:\/\/lascriticas.com\/index.php\/2024\/10\/12\/kuna-de-tierras-altas-de-edith-vega-centeno-chavez\/#breadcrumb","itemListElement":[{"@type":"ListItem","position":1,"name":"Inicio","item":"https:\/\/lascriticas.com\/"},{"@type":"ListItem","position":2,"name":"Kuna de tierras altas, de Edith Vega-Centeno Ch\u00e1vez"}]},{"@type":"WebSite","@id":"https:\/\/lascriticas.com\/#website","url":"https:\/\/lascriticas.com\/","name":"Las Cr\u00edticas","description":"Cr\u00edtica literaria hecha por mujeres","publisher":{"@id":"https:\/\/lascriticas.com\/#organization"},"potentialAction":[{"@type":"SearchAction","target":{"@type":"EntryPoint","urlTemplate":"https:\/\/lascriticas.com\/?s={search_term_string}"},"query-input":{"@type":"PropertyValueSpecification","valueRequired":true,"valueName":"search_term_string"}}],"inLanguage":"es"},{"@type":"Organization","@id":"https:\/\/lascriticas.com\/#organization","name":"Las Cr\u00edticas","url":"https:\/\/lascriticas.com\/","logo":{"@type":"ImageObject","inLanguage":"es","@id":"https:\/\/lascriticas.com\/#\/schema\/logo\/image\/","url":"https:\/\/lascriticas.com\/wp-content\/uploads\/2016\/09\/Las-Cr\u00edticas.png","contentUrl":"https:\/\/lascriticas.com\/wp-content\/uploads\/2016\/09\/Las-Cr\u00edticas.png","width":372,"height":201,"caption":"Las Cr\u00edticas"},"image":{"@id":"https:\/\/lascriticas.com\/#\/schema\/logo\/image\/"},"sameAs":["https:\/\/www.facebook.com\/lascriticas\/","https:\/\/x.com\/LasCriticas_com","https:\/\/www.instagram.com\/lascriticas_com\/","https:\/\/www.youtube.com\/channel\/UCd7r-H6EJA4sSXGLX33_iHQ"]},{"@type":"Person","@id":"https:\/\/lascriticas.com\/#\/schema\/person\/0a246e49260c1eaf73aea7cb440cf600","name":"Carolina Ortiz Fernandez","image":{"@type":"ImageObject","inLanguage":"es","@id":"https:\/\/lascriticas.com\/#\/schema\/person\/image\/","url":"https:\/\/secure.gravatar.com\/avatar\/87ea789eb35079118a5e4f4aa26caea5?s=96&d=mm&r=g","contentUrl":"https:\/\/secure.gravatar.com\/avatar\/87ea789eb35079118a5e4f4aa26caea5?s=96&d=mm&r=g","caption":"Carolina Ortiz Fernandez"},"url":"https:\/\/lascriticas.com\/index.php\/author\/carolina-fernandez\/"}]}},"_links":{"self":[{"href":"https:\/\/lascriticas.com\/index.php\/wp-json\/wp\/v2\/posts\/5838"}],"collection":[{"href":"https:\/\/lascriticas.com\/index.php\/wp-json\/wp\/v2\/posts"}],"about":[{"href":"https:\/\/lascriticas.com\/index.php\/wp-json\/wp\/v2\/types\/post"}],"author":[{"embeddable":true,"href":"https:\/\/lascriticas.com\/index.php\/wp-json\/wp\/v2\/users\/67"}],"replies":[{"embeddable":true,"href":"https:\/\/lascriticas.com\/index.php\/wp-json\/wp\/v2\/comments?post=5838"}],"version-history":[{"count":5,"href":"https:\/\/lascriticas.com\/index.php\/wp-json\/wp\/v2\/posts\/5838\/revisions"}],"predecessor-version":[{"id":5884,"href":"https:\/\/lascriticas.com\/index.php\/wp-json\/wp\/v2\/posts\/5838\/revisions\/5884"}],"wp:featuredmedia":[{"embeddable":true,"href":"https:\/\/lascriticas.com\/index.php\/wp-json\/wp\/v2\/media\/5857"}],"wp:attachment":[{"href":"https:\/\/lascriticas.com\/index.php\/wp-json\/wp\/v2\/media?parent=5838"}],"wp:term":[{"taxonomy":"category","embeddable":true,"href":"https:\/\/lascriticas.com\/index.php\/wp-json\/wp\/v2\/categories?post=5838"},{"taxonomy":"post_tag","embeddable":true,"href":"https:\/\/lascriticas.com\/index.php\/wp-json\/wp\/v2\/tags?post=5838"}],"curies":[{"name":"wp","href":"https:\/\/api.w.org\/{rel}","templated":true}]}}