{"id":5817,"date":"2024-10-12T21:47:29","date_gmt":"2024-10-12T19:47:29","guid":{"rendered":"https:\/\/lascriticas.com\/?p=5817"},"modified":"2024-10-13T20:02:33","modified_gmt":"2024-10-13T18:02:33","slug":"en-la-ruta-de-ary-malaver","status":"publish","type":"post","link":"https:\/\/lascriticas.com\/index.php\/2024\/10\/12\/en-la-ruta-de-ary-malaver\/","title":{"rendered":"En la ruta, de Ary Malaver"},"content":{"rendered":"<h1><span style=\"color: #ffffff; font-size: 16px;\">En la ruta, de Ary Malaver<\/span><\/h1>\n<p style=\"text-align: justify;\"><span style=\"font-size: 16px;\"><strong><em>En la ruta<\/em><\/strong> se presenta como un libro de cuentos cortos, con narradoras-protagonistas en la mayor\u00eda de los casos, aunque la escasa irrupci\u00f3n de lo masculino no desvirt\u00fae la esencia del libro cuya voz principal es la de la mujer.<\/span><\/p>\n<p style=\"text-align: justify;\"><span style=\"font-size: 16px;\"><em>En la ruta<\/em> cuenta los viajes en solitario de protagonistas que van trazando su camino al azar de encuentros que las llevan a reflexionar no solo sobre s\u00ed mismas sino sobre ritos y valores que las sociedades han olvidado, borrando as\u00ed la esencia profunda del ser bajo el barniz de la modernidad.<\/span><\/p>\n<p style=\"text-align: justify;\"><span style=\"font-size: 16px;\">Por ello, las rutas recorridas por esas mujeres evitan el desorden, brillo y ruido de las grandes ciudades y pasan por espacios mayormente rurales a los que llegan mediante todo tipo de transporte: bus, avi\u00f3n, tren, furgoneta, bicicleta, ferry, o lancha.<\/span><\/p>\n<p><img loading=\"lazy\" decoding=\"async\" class=\"aligncenter wp-image-5868 \" title=\"En la ruta\" src=\"https:\/\/lascriticas.com\/wp-content\/uploads\/2024\/10\/en-la-ruta.jpeg\" alt=\"\" width=\"419\" height=\"576\" \/><\/p>\n<p style=\"text-align: justify;\"><span style=\"font-size: 16px;\">Se trata de espacios desprovistos de top\u00f3nimos que solo se definen mediante una especificaci\u00f3n respecto a su extensi\u00f3n o localizaci\u00f3n: \u201c<em>isla naci\u00f3n, gran isla con lago en el medio, pueblo fronterizo, puertos, ciudad peque\u00f1a con canales y puentes, gruta milagrosa<\/em>\u201d, una suerte de \u201canonimato\u201d geogr\u00e1fico que les confiere un valor universal.<\/span><\/p>\n<p style=\"text-align: justify;\"><span style=\"font-size: 16px;\">Si bien tanto las viajeras como sus interlocutores var\u00edan en cada cap\u00edtulo, todas son mujeres activas, profesionales o no, lo cual, seg\u00fan los encuentros e intercambios, permite abordar temas distintos. \u00a0Pese a dicha variedad, da la impresi\u00f3n de que la narradora fuese siempre una misma mujer, pues todas ellas se manejan con los mismos criterios de independencia, curiosidad, deseo de entender y aprender. \u00a0\u201c<em>Cada mujer es todas \/ ninguna es una\u201d <\/em>declara una de ellas.<\/span><\/p>\n<p style=\"text-align: justify;\"><span style=\"font-size: 16px;\">Las mujeres de <strong>Ary Malaver<\/strong> son como las mujeres de <strong>Clarissa Pinkola Est\u00e9s<\/strong> que \u201ccorren con los lobos\u201d: tienen la misma ansia de libertad, de autodeterminaci\u00f3n, de conocimiento y est\u00e1n dispuestas a asimilar cuanto las acerque a su mundo m\u00e1s original, a su sentido primario, m\u00e1s \u00edntimo.<\/span><\/p>\n<p style=\"text-align: justify;\"><span style=\"font-size: 16px;\">Por ello los territorios por los que deambulan son cercanos a la naturaleza. Son los espacios tradicionales de los cuentos: pueblitos aislados, lagos, ruinas, grutas, caba\u00f1as, bosques, cuyos moradores hablan verdades elementales disfrazadas de mitos y leyendas, haciendo que los recorridos se conviertan en un viaje inici\u00e1tico a la vez que en un viaje interior pues las reflexiones y dudas que despiertan en ellas sus encuentros y descubrimientos son una manera metaf\u00f3rica de se\u00f1alarles si el rumbo que le est\u00e1n dando a su vida es correcto o no.<\/span><\/p>\n<p style=\"text-align: justify;\"><span style=\"font-size: 16px;\">Frente a una zorra que lee la mente en el m\u00e1s puro estilo socr\u00e1tico, frente a una estatuilla prehisp\u00e1nica, un dolmen, un quipu, que remiten a creencias ancestrales y a la sabidur\u00eda milenaria de culturas diversas, frente a referencias literarias o canciones, frente a interlocutores que transmiten saberes olvidados, las protagonistas y las distintas personas \u00a0aludidas, ficticias o reales -como en el caso de Ana Mendieta-, van as\u00ed avanzando hacia una mejor comprensi\u00f3n y aceptaci\u00f3n no solo de s\u00ed mismas sino tambi\u00e9n, de los dem\u00e1s.<\/span><\/p>\n<p style=\"text-align: justify;\"><span style=\"font-size: 16px;\">Pero lograrlo supone salirse de la pista, caminar en las orillas, deambular a campo travieso.<\/span><\/p>\n<p style=\"text-align: justify;\"><span style=\"font-size: 16px;\">Y esa es tambi\u00e9n la forma literaria que ha escogido el autor haciendo que el lector se enfrente a las mismas enigmas e interrogantes que las protagonistas.<\/span><\/p>\n<p style=\"text-align: justify;\"><span style=\"font-size: 16px;\">Tal como ellas tienen que aprender a librarse de prejuicios y desenredar los hilos de las convenciones sociales, el lector de <em>En la ruta<\/em> se enfrenta a una madeja de textos cortos en los que se entremezclan g\u00e9neros distintos \u2013narraciones, sue\u00f1os, cartas, di\u00e1logos, citas, haikus, s\u00edmbolos, dibujos, rupturas tipogr\u00e1ficas \u2013 cuya ruptura con las normas de la cuent\u00edstica interpelan.<\/span><\/p>\n<p style=\"text-align: justify;\"><span style=\"font-size: 16px;\">En efecto, si bien los textos son presentados como cuentos &#8211; g\u00e9nero cl\u00e1sico con valor inici\u00e1tico-, su construcci\u00f3n h\u00edbrida y la originalidad de la escritura que mezcla lo descriptivo con lo l\u00edrico o lo conversacional les confiere un inter\u00e9s y una fuerza particular.<\/span><\/p>\n<p style=\"text-align: justify;\"><span style=\"font-size: 16px;\">Gracias a ello, Ary Malaver hace de la transgresi\u00f3n narrativa una arma potente que le permite abordar h\u00e1bilmente, con sensibilidad y de forma amena, el siempre delicado tema de las reflexiones existenciales d\u00e1ndole voz a la mujer desde una perspectiva que cuestiona el g\u00e9nero: \u201c<em>ni mujer \/ ni hombre \/\u00bflo puedes imaginar?\u201d<\/em>\u00a0 siendo al mismo tiempo un canto a la libertad de andar sola \u201c<em>En la ruta<\/em>\u201d.<\/span><\/p>\n<p style=\"text-align: justify;\"><span style=\"font-size: 16px;\"><strong>Malaver, Ary. <em>En la ruta<\/em>. Valpara\u00edso ediciones, 2024.<\/strong><\/span><\/p>\n<hr \/>\n<p style=\"text-align: justify;\"><span style=\"font-size: 16px; font-family: 'trebuchet ms', geneva, sans-serif;\"><strong>Ary Malaver<\/strong> es escritor y acad\u00e9mico peruano. Ha publicado los libros de textos breves <em>Incidentes<\/em> (2019), <em>La brevedad como po\u00e9tica<\/em> (2019) y <em>Espejos<\/em> (2022).<\/span><\/p>\n<p style=\"text-align: justify;\"><a href=\"https:\/\/lascriticas.com\/index.php\/lascriticas\/christiane-felip\/\"><span style=\"font-size: 16px;\"><strong><span style=\"font-family: 'trebuchet ms', geneva, sans-serif;\">Acerca de Christiane F\u00e9lip Vidal<\/span><\/strong><\/span><\/a><\/p>\n","protected":false},"excerpt":{"rendered":"<p>En la ruta, de Ary Malaver En la ruta se presenta como un libro de cuentos cortos, con narradoras-protagonistas en la mayor\u00eda de los casos, aunque la escasa irrupci\u00f3n de lo masculino no desvirt\u00fae la esencia del libro cuya voz principal es la de la mujer. En la ruta cuenta los viajes en solitario de&#8230;<\/p>\n","protected":false},"author":35,"featured_media":5882,"comment_status":"open","ping_status":"open","sticky":false,"template":"","format":"standard","meta":{"footnotes":""},"categories":[43,37],"tags":[529,148,88,59,491,162],"yoast_head":"<!-- This site is optimized with the Yoast SEO plugin v23.5 - https:\/\/yoast.com\/wordpress\/plugins\/seo\/ -->\n<title>En la ruta, de Ary Malaver - Las Cr\u00edticas<\/title>\n<meta name=\"description\" content=\"Christiane F\u00e9lip escribe acerca del libro En la ruta, de Ary Malaver\" \/>\n<meta name=\"robots\" content=\"index, follow, max-snippet:-1, max-image-preview:large, max-video-preview:-1\" \/>\n<link rel=\"canonical\" href=\"https:\/\/lascriticas.com\/index.php\/2024\/10\/12\/en-la-ruta-de-ary-malaver\/\" \/>\n<meta property=\"og:locale\" content=\"es_ES\" \/>\n<meta property=\"og:type\" content=\"article\" \/>\n<meta property=\"og:title\" content=\"En la ruta, de Ary Malaver - Las Cr\u00edticas\" \/>\n<meta property=\"og:description\" content=\"Christiane F\u00e9lip escribe acerca del libro En la ruta, de Ary Malaver\" \/>\n<meta property=\"og:url\" content=\"https:\/\/lascriticas.com\/index.php\/2024\/10\/12\/en-la-ruta-de-ary-malaver\/\" \/>\n<meta property=\"og:site_name\" content=\"Las Cr\u00edticas\" \/>\n<meta property=\"article:publisher\" content=\"https:\/\/www.facebook.com\/lascriticas\/\" \/>\n<meta property=\"article:published_time\" content=\"2024-10-12T19:47:29+00:00\" \/>\n<meta property=\"article:modified_time\" content=\"2024-10-13T18:02:33+00:00\" \/>\n<meta property=\"og:image\" content=\"https:\/\/lascriticas.com\/wp-content\/uploads\/2024\/10\/FLBA-23.png\" \/>\n\t<meta property=\"og:image:width\" content=\"1800\" \/>\n\t<meta property=\"og:image:height\" content=\"1200\" \/>\n\t<meta property=\"og:image:type\" content=\"image\/png\" \/>\n<meta name=\"author\" content=\"Christiane F\u00e9lip Vidal\" \/>\n<meta name=\"twitter:card\" content=\"summary_large_image\" \/>\n<meta name=\"twitter:creator\" content=\"@LasCriticas_com\" \/>\n<meta name=\"twitter:site\" content=\"@LasCriticas_com\" \/>\n<meta name=\"twitter:label1\" content=\"Escrito por\" \/>\n\t<meta name=\"twitter:data1\" content=\"Christiane F\u00e9lip Vidal\" \/>\n\t<meta name=\"twitter:label2\" content=\"Tiempo de lectura\" \/>\n\t<meta name=\"twitter:data2\" content=\"4 minutos\" \/>\n<script type=\"application\/ld+json\" class=\"yoast-schema-graph\">{\"@context\":\"https:\/\/schema.org\",\"@graph\":[{\"@type\":\"Article\",\"@id\":\"https:\/\/lascriticas.com\/index.php\/2024\/10\/12\/en-la-ruta-de-ary-malaver\/#article\",\"isPartOf\":{\"@id\":\"https:\/\/lascriticas.com\/index.php\/2024\/10\/12\/en-la-ruta-de-ary-malaver\/\"},\"author\":{\"name\":\"Christiane F\u00e9lip Vidal\",\"@id\":\"https:\/\/lascriticas.com\/#\/schema\/person\/659bc9dbab20f54469fa43dec245bf3a\"},\"headline\":\"En la ruta, de Ary Malaver\",\"datePublished\":\"2024-10-12T19:47:29+00:00\",\"dateModified\":\"2024-10-13T18:02:33+00:00\",\"mainEntityOfPage\":{\"@id\":\"https:\/\/lascriticas.com\/index.php\/2024\/10\/12\/en-la-ruta-de-ary-malaver\/\"},\"wordCount\":787,\"commentCount\":0,\"publisher\":{\"@id\":\"https:\/\/lascriticas.com\/#organization\"},\"image\":{\"@id\":\"https:\/\/lascriticas.com\/index.php\/2024\/10\/12\/en-la-ruta-de-ary-malaver\/#primaryimage\"},\"thumbnailUrl\":\"https:\/\/lascriticas.com\/wp-content\/uploads\/2024\/10\/FLBA-23.png\",\"keywords\":[\"cuentos\",\"migraci\u00f3n\",\"mujer\",\"mujeres\",\"relatos\",\"viaje\"],\"articleSection\":[\"Ficci\u00f3n\",\"Rese\u00f1as\"],\"inLanguage\":\"es\",\"potentialAction\":[{\"@type\":\"CommentAction\",\"name\":\"Comment\",\"target\":[\"https:\/\/lascriticas.com\/index.php\/2024\/10\/12\/en-la-ruta-de-ary-malaver\/#respond\"]}]},{\"@type\":\"WebPage\",\"@id\":\"https:\/\/lascriticas.com\/index.php\/2024\/10\/12\/en-la-ruta-de-ary-malaver\/\",\"url\":\"https:\/\/lascriticas.com\/index.php\/2024\/10\/12\/en-la-ruta-de-ary-malaver\/\",\"name\":\"En la ruta, de Ary Malaver - Las Cr\u00edticas\",\"isPartOf\":{\"@id\":\"https:\/\/lascriticas.com\/#website\"},\"primaryImageOfPage\":{\"@id\":\"https:\/\/lascriticas.com\/index.php\/2024\/10\/12\/en-la-ruta-de-ary-malaver\/#primaryimage\"},\"image\":{\"@id\":\"https:\/\/lascriticas.com\/index.php\/2024\/10\/12\/en-la-ruta-de-ary-malaver\/#primaryimage\"},\"thumbnailUrl\":\"https:\/\/lascriticas.com\/wp-content\/uploads\/2024\/10\/FLBA-23.png\",\"datePublished\":\"2024-10-12T19:47:29+00:00\",\"dateModified\":\"2024-10-13T18:02:33+00:00\",\"description\":\"Christiane F\u00e9lip escribe acerca del libro En la ruta, de Ary Malaver\",\"breadcrumb\":{\"@id\":\"https:\/\/lascriticas.com\/index.php\/2024\/10\/12\/en-la-ruta-de-ary-malaver\/#breadcrumb\"},\"inLanguage\":\"es\",\"potentialAction\":[{\"@type\":\"ReadAction\",\"target\":[\"https:\/\/lascriticas.com\/index.php\/2024\/10\/12\/en-la-ruta-de-ary-malaver\/\"]}]},{\"@type\":\"ImageObject\",\"inLanguage\":\"es\",\"@id\":\"https:\/\/lascriticas.com\/index.php\/2024\/10\/12\/en-la-ruta-de-ary-malaver\/#primaryimage\",\"url\":\"https:\/\/lascriticas.com\/wp-content\/uploads\/2024\/10\/FLBA-23.png\",\"contentUrl\":\"https:\/\/lascriticas.com\/wp-content\/uploads\/2024\/10\/FLBA-23.png\",\"width\":1800,\"height\":1200},{\"@type\":\"BreadcrumbList\",\"@id\":\"https:\/\/lascriticas.com\/index.php\/2024\/10\/12\/en-la-ruta-de-ary-malaver\/#breadcrumb\",\"itemListElement\":[{\"@type\":\"ListItem\",\"position\":1,\"name\":\"Inicio\",\"item\":\"https:\/\/lascriticas.com\/\"},{\"@type\":\"ListItem\",\"position\":2,\"name\":\"En la ruta, de Ary Malaver\"}]},{\"@type\":\"WebSite\",\"@id\":\"https:\/\/lascriticas.com\/#website\",\"url\":\"https:\/\/lascriticas.com\/\",\"name\":\"Las Cr\u00edticas\",\"description\":\"Cr\u00edtica literaria hecha por mujeres\",\"publisher\":{\"@id\":\"https:\/\/lascriticas.com\/#organization\"},\"potentialAction\":[{\"@type\":\"SearchAction\",\"target\":{\"@type\":\"EntryPoint\",\"urlTemplate\":\"https:\/\/lascriticas.com\/?s={search_term_string}\"},\"query-input\":{\"@type\":\"PropertyValueSpecification\",\"valueRequired\":true,\"valueName\":\"search_term_string\"}}],\"inLanguage\":\"es\"},{\"@type\":\"Organization\",\"@id\":\"https:\/\/lascriticas.com\/#organization\",\"name\":\"Las Cr\u00edticas\",\"url\":\"https:\/\/lascriticas.com\/\",\"logo\":{\"@type\":\"ImageObject\",\"inLanguage\":\"es\",\"@id\":\"https:\/\/lascriticas.com\/#\/schema\/logo\/image\/\",\"url\":\"https:\/\/lascriticas.com\/wp-content\/uploads\/2016\/09\/Las-Cr\u00edticas.png\",\"contentUrl\":\"https:\/\/lascriticas.com\/wp-content\/uploads\/2016\/09\/Las-Cr\u00edticas.png\",\"width\":372,\"height\":201,\"caption\":\"Las Cr\u00edticas\"},\"image\":{\"@id\":\"https:\/\/lascriticas.com\/#\/schema\/logo\/image\/\"},\"sameAs\":[\"https:\/\/www.facebook.com\/lascriticas\/\",\"https:\/\/x.com\/LasCriticas_com\",\"https:\/\/www.instagram.com\/lascriticas_com\/\",\"https:\/\/www.youtube.com\/channel\/UCd7r-H6EJA4sSXGLX33_iHQ\"]},{\"@type\":\"Person\",\"@id\":\"https:\/\/lascriticas.com\/#\/schema\/person\/659bc9dbab20f54469fa43dec245bf3a\",\"name\":\"Christiane F\u00e9lip Vidal\",\"image\":{\"@type\":\"ImageObject\",\"inLanguage\":\"es\",\"@id\":\"https:\/\/lascriticas.com\/#\/schema\/person\/image\/\",\"url\":\"https:\/\/secure.gravatar.com\/avatar\/ab32eddd597c21af3a697949c8bf384f?s=96&d=mm&r=g\",\"contentUrl\":\"https:\/\/secure.gravatar.com\/avatar\/ab32eddd597c21af3a697949c8bf384f?s=96&d=mm&r=g\",\"caption\":\"Christiane F\u00e9lip Vidal\"},\"url\":\"https:\/\/lascriticas.com\/index.php\/author\/christiane-felip-vidal\/\"}]}<\/script>\n<!-- \/ Yoast SEO plugin. -->","yoast_head_json":{"title":"En la ruta, de Ary Malaver - Las Cr\u00edticas","description":"Christiane F\u00e9lip escribe acerca del libro En la ruta, de Ary Malaver","robots":{"index":"index","follow":"follow","max-snippet":"max-snippet:-1","max-image-preview":"max-image-preview:large","max-video-preview":"max-video-preview:-1"},"canonical":"https:\/\/lascriticas.com\/index.php\/2024\/10\/12\/en-la-ruta-de-ary-malaver\/","og_locale":"es_ES","og_type":"article","og_title":"En la ruta, de Ary Malaver - Las Cr\u00edticas","og_description":"Christiane F\u00e9lip escribe acerca del libro En la ruta, de Ary Malaver","og_url":"https:\/\/lascriticas.com\/index.php\/2024\/10\/12\/en-la-ruta-de-ary-malaver\/","og_site_name":"Las Cr\u00edticas","article_publisher":"https:\/\/www.facebook.com\/lascriticas\/","article_published_time":"2024-10-12T19:47:29+00:00","article_modified_time":"2024-10-13T18:02:33+00:00","og_image":[{"width":1800,"height":1200,"url":"https:\/\/lascriticas.com\/wp-content\/uploads\/2024\/10\/FLBA-23.png","type":"image\/png"}],"author":"Christiane F\u00e9lip Vidal","twitter_card":"summary_large_image","twitter_creator":"@LasCriticas_com","twitter_site":"@LasCriticas_com","twitter_misc":{"Escrito por":"Christiane F\u00e9lip Vidal","Tiempo de lectura":"4 minutos"},"schema":{"@context":"https:\/\/schema.org","@graph":[{"@type":"Article","@id":"https:\/\/lascriticas.com\/index.php\/2024\/10\/12\/en-la-ruta-de-ary-malaver\/#article","isPartOf":{"@id":"https:\/\/lascriticas.com\/index.php\/2024\/10\/12\/en-la-ruta-de-ary-malaver\/"},"author":{"name":"Christiane F\u00e9lip Vidal","@id":"https:\/\/lascriticas.com\/#\/schema\/person\/659bc9dbab20f54469fa43dec245bf3a"},"headline":"En la ruta, de Ary Malaver","datePublished":"2024-10-12T19:47:29+00:00","dateModified":"2024-10-13T18:02:33+00:00","mainEntityOfPage":{"@id":"https:\/\/lascriticas.com\/index.php\/2024\/10\/12\/en-la-ruta-de-ary-malaver\/"},"wordCount":787,"commentCount":0,"publisher":{"@id":"https:\/\/lascriticas.com\/#organization"},"image":{"@id":"https:\/\/lascriticas.com\/index.php\/2024\/10\/12\/en-la-ruta-de-ary-malaver\/#primaryimage"},"thumbnailUrl":"https:\/\/lascriticas.com\/wp-content\/uploads\/2024\/10\/FLBA-23.png","keywords":["cuentos","migraci\u00f3n","mujer","mujeres","relatos","viaje"],"articleSection":["Ficci\u00f3n","Rese\u00f1as"],"inLanguage":"es","potentialAction":[{"@type":"CommentAction","name":"Comment","target":["https:\/\/lascriticas.com\/index.php\/2024\/10\/12\/en-la-ruta-de-ary-malaver\/#respond"]}]},{"@type":"WebPage","@id":"https:\/\/lascriticas.com\/index.php\/2024\/10\/12\/en-la-ruta-de-ary-malaver\/","url":"https:\/\/lascriticas.com\/index.php\/2024\/10\/12\/en-la-ruta-de-ary-malaver\/","name":"En la ruta, de Ary Malaver - Las Cr\u00edticas","isPartOf":{"@id":"https:\/\/lascriticas.com\/#website"},"primaryImageOfPage":{"@id":"https:\/\/lascriticas.com\/index.php\/2024\/10\/12\/en-la-ruta-de-ary-malaver\/#primaryimage"},"image":{"@id":"https:\/\/lascriticas.com\/index.php\/2024\/10\/12\/en-la-ruta-de-ary-malaver\/#primaryimage"},"thumbnailUrl":"https:\/\/lascriticas.com\/wp-content\/uploads\/2024\/10\/FLBA-23.png","datePublished":"2024-10-12T19:47:29+00:00","dateModified":"2024-10-13T18:02:33+00:00","description":"Christiane F\u00e9lip escribe acerca del libro En la ruta, de Ary Malaver","breadcrumb":{"@id":"https:\/\/lascriticas.com\/index.php\/2024\/10\/12\/en-la-ruta-de-ary-malaver\/#breadcrumb"},"inLanguage":"es","potentialAction":[{"@type":"ReadAction","target":["https:\/\/lascriticas.com\/index.php\/2024\/10\/12\/en-la-ruta-de-ary-malaver\/"]}]},{"@type":"ImageObject","inLanguage":"es","@id":"https:\/\/lascriticas.com\/index.php\/2024\/10\/12\/en-la-ruta-de-ary-malaver\/#primaryimage","url":"https:\/\/lascriticas.com\/wp-content\/uploads\/2024\/10\/FLBA-23.png","contentUrl":"https:\/\/lascriticas.com\/wp-content\/uploads\/2024\/10\/FLBA-23.png","width":1800,"height":1200},{"@type":"BreadcrumbList","@id":"https:\/\/lascriticas.com\/index.php\/2024\/10\/12\/en-la-ruta-de-ary-malaver\/#breadcrumb","itemListElement":[{"@type":"ListItem","position":1,"name":"Inicio","item":"https:\/\/lascriticas.com\/"},{"@type":"ListItem","position":2,"name":"En la ruta, de Ary Malaver"}]},{"@type":"WebSite","@id":"https:\/\/lascriticas.com\/#website","url":"https:\/\/lascriticas.com\/","name":"Las Cr\u00edticas","description":"Cr\u00edtica literaria hecha por mujeres","publisher":{"@id":"https:\/\/lascriticas.com\/#organization"},"potentialAction":[{"@type":"SearchAction","target":{"@type":"EntryPoint","urlTemplate":"https:\/\/lascriticas.com\/?s={search_term_string}"},"query-input":{"@type":"PropertyValueSpecification","valueRequired":true,"valueName":"search_term_string"}}],"inLanguage":"es"},{"@type":"Organization","@id":"https:\/\/lascriticas.com\/#organization","name":"Las Cr\u00edticas","url":"https:\/\/lascriticas.com\/","logo":{"@type":"ImageObject","inLanguage":"es","@id":"https:\/\/lascriticas.com\/#\/schema\/logo\/image\/","url":"https:\/\/lascriticas.com\/wp-content\/uploads\/2016\/09\/Las-Cr\u00edticas.png","contentUrl":"https:\/\/lascriticas.com\/wp-content\/uploads\/2016\/09\/Las-Cr\u00edticas.png","width":372,"height":201,"caption":"Las Cr\u00edticas"},"image":{"@id":"https:\/\/lascriticas.com\/#\/schema\/logo\/image\/"},"sameAs":["https:\/\/www.facebook.com\/lascriticas\/","https:\/\/x.com\/LasCriticas_com","https:\/\/www.instagram.com\/lascriticas_com\/","https:\/\/www.youtube.com\/channel\/UCd7r-H6EJA4sSXGLX33_iHQ"]},{"@type":"Person","@id":"https:\/\/lascriticas.com\/#\/schema\/person\/659bc9dbab20f54469fa43dec245bf3a","name":"Christiane F\u00e9lip Vidal","image":{"@type":"ImageObject","inLanguage":"es","@id":"https:\/\/lascriticas.com\/#\/schema\/person\/image\/","url":"https:\/\/secure.gravatar.com\/avatar\/ab32eddd597c21af3a697949c8bf384f?s=96&d=mm&r=g","contentUrl":"https:\/\/secure.gravatar.com\/avatar\/ab32eddd597c21af3a697949c8bf384f?s=96&d=mm&r=g","caption":"Christiane F\u00e9lip Vidal"},"url":"https:\/\/lascriticas.com\/index.php\/author\/christiane-felip-vidal\/"}]}},"_links":{"self":[{"href":"https:\/\/lascriticas.com\/index.php\/wp-json\/wp\/v2\/posts\/5817"}],"collection":[{"href":"https:\/\/lascriticas.com\/index.php\/wp-json\/wp\/v2\/posts"}],"about":[{"href":"https:\/\/lascriticas.com\/index.php\/wp-json\/wp\/v2\/types\/post"}],"author":[{"embeddable":true,"href":"https:\/\/lascriticas.com\/index.php\/wp-json\/wp\/v2\/users\/35"}],"replies":[{"embeddable":true,"href":"https:\/\/lascriticas.com\/index.php\/wp-json\/wp\/v2\/comments?post=5817"}],"version-history":[{"count":5,"href":"https:\/\/lascriticas.com\/index.php\/wp-json\/wp\/v2\/posts\/5817\/revisions"}],"predecessor-version":[{"id":5885,"href":"https:\/\/lascriticas.com\/index.php\/wp-json\/wp\/v2\/posts\/5817\/revisions\/5885"}],"wp:featuredmedia":[{"embeddable":true,"href":"https:\/\/lascriticas.com\/index.php\/wp-json\/wp\/v2\/media\/5882"}],"wp:attachment":[{"href":"https:\/\/lascriticas.com\/index.php\/wp-json\/wp\/v2\/media?parent=5817"}],"wp:term":[{"taxonomy":"category","embeddable":true,"href":"https:\/\/lascriticas.com\/index.php\/wp-json\/wp\/v2\/categories?post=5817"},{"taxonomy":"post_tag","embeddable":true,"href":"https:\/\/lascriticas.com\/index.php\/wp-json\/wp\/v2\/tags?post=5817"}],"curies":[{"name":"wp","href":"https:\/\/api.w.org\/{rel}","templated":true}]}}