{"id":5653,"date":"2024-01-12T23:13:53","date_gmt":"2024-01-12T22:13:53","guid":{"rendered":"https:\/\/lascriticas.com\/?p=5653"},"modified":"2024-01-12T23:13:53","modified_gmt":"2024-01-12T22:13:53","slug":"todos-los-santos-de-marcela-cossios","status":"publish","type":"post","link":"https:\/\/lascriticas.com\/index.php\/2024\/01\/12\/todos-los-santos-de-marcela-cossios\/","title":{"rendered":"Todos los santos, de\u00a0Marcela Coss\u00edos"},"content":{"rendered":"<h1><span style=\"font-size: 16px; color: #ffffff;\"><i>Todos los santos<\/i>, de<span class=\"Apple-converted-space\">\u00a0<\/span>Marcela Coss\u00edos<\/span><\/h1>\n<p style=\"text-align: justify;\"><span style=\"font-size: 16px;\">En su primera novela, <strong><i>Todos los santos<\/i><\/strong>, <strong>Marcela Coss\u00edos<\/strong> nos pasea constantemente.\u00a0<\/span><\/p>\n<p style=\"text-align: justify;\"><span style=\"font-size: 16px;\">Nos pasea geogr\u00e1ficamente, de norte a sur: de Montreal en Canad\u00e1, a Andarapa, en la provincia peruana de Andahuaylas.<span class=\"Apple-converted-space\">\u00a0<\/span><\/span><\/p>\n<p style=\"text-align: justify;\"><span style=\"font-size: 16px;\">Nos pasea temporal y socialmente, de una amenaza latente que termina explotando en los Andes, a la paz social y vida aparentemente holgada canadiense. Hay un antes, un despu\u00e9s pero, desde el presente, se avizora un futuro a\u00fan embrionario.<span class=\"Apple-converted-space\">\u00a0<\/span><\/span><\/p>\n<p style=\"text-align: justify;\"><span style=\"font-size: 16px;\">Las pistas espacio-temporales se dan a nivel verbal alternando los tiempos presente y pasado, as\u00ed como al inicio de los cap\u00edtulos y mientras el presente se limita al a\u00f1o 2012 en Montreal, el pasado cubre los a\u00f1os 1989 y 1990, en Andarapa y Andahuaylas respectivamente.<\/span><\/p>\n<p><img loading=\"lazy\" decoding=\"async\" class=\"wp-image-5667 aligncenter\" title=\"Todos los santos\" src=\"https:\/\/lascriticas.com\/wp-content\/uploads\/2024\/01\/Portada-Todos-los-santos-02.jpeg\" alt=\"\" width=\"338\" height=\"479\" srcset=\"https:\/\/lascriticas.com\/wp-content\/uploads\/2024\/01\/Portada-Todos-los-santos-02.jpeg 1712w, https:\/\/lascriticas.com\/wp-content\/uploads\/2024\/01\/Portada-Todos-los-santos-02-768x1086.jpeg 768w, https:\/\/lascriticas.com\/wp-content\/uploads\/2024\/01\/Portada-Todos-los-santos-02-1086x1536.jpeg 1086w, https:\/\/lascriticas.com\/wp-content\/uploads\/2024\/01\/Portada-Todos-los-santos-02-1448x2048.jpeg 1448w\" sizes=\"(max-width: 338px) 100vw, 338px\" \/><\/p>\n<p style=\"text-align: justify;\"><span style=\"font-size: 16px;\">La autora nos pasea tambi\u00e9n literariamente, de una voz a otra, hablando en primera persona, con personajes complejos que piensan y afirman ser de una sola pieza cuando no son sino el reflejo de la complejidad de todo ser humano.<span class=\"Apple-converted-space\">\u00a0<\/span><\/span><\/p>\n<p style=\"text-align: justify;\"><span style=\"font-size: 16px;\">Marcela Coss\u00edos alterna estos puntos de vista, tiempos y espacios en cap\u00edtulos breves, evitando descripciones, di\u00e1logos o mon\u00f3logos explicativos in\u00fatiles: los personajes se definen mientras act\u00faan a la par que llevan un mon\u00f3logo interior a veces en desfase con sus actos.<span class=\"Apple-converted-space\">\u00a0<\/span><\/span><\/p>\n<p style=\"text-align: justify;\"><span style=\"font-size: 16px;\">Pero tanto comportamientos como pensamientos carecen de dramatismo y la historia fluye con una sobriedad que le proporciona a la novela una densidad particular.<span class=\"Apple-converted-space\">\u00a0<\/span><\/span><\/p>\n<p style=\"text-align: justify;\"><span style=\"font-size: 16px;\">La autora templa la cuerda de la emoci\u00f3n con frases cortas, y surge la imagen, precisa, n\u00edtida, sin necesidad de adjetivos que la sobrecarguen.<span class=\"Apple-converted-space\">\u00a0<\/span><\/span><\/p>\n<p style=\"text-align: justify;\"><span style=\"font-size: 16px;\">Normal. Lo suyo es la imagen, producto de su formaci\u00f3n inicial como guionista a la que sigui\u00f3 una formaci\u00f3n en escritura narrativa. Pero la imagen domina y la autora cuenta tan visualmente que <i>Todos los santos<\/i> se parece a una novela gr\u00e1fica sin ilustraciones.<span class=\"Apple-converted-space\">\u00a0<\/span><\/span><\/p>\n<p style=\"text-align: justify;\"><span style=\"font-size: 16px;\">Quiz\u00e1s la fuerza visual con la que escribe Marcela Cossios se deba tambi\u00e9n al hecho de que inicialmente <i>Todos los santos<\/i> haya sido un gui\u00f3n que no prosper\u00f3. Caso original<span class=\"Apple-converted-space\">\u00a0 <\/span>ya que, usualmente, es al rev\u00e9s: la pel\u00edcula parte de una obra literaria.<span class=\"Apple-converted-space\">\u00a0<\/span><\/span><\/p>\n<p style=\"text-align: justify;\"><span style=\"font-size: 16px;\">Ser\u00eda interesante saber qu\u00e9 cambios supuso para la autora el pasar de la escritura cinematogr\u00e1fica a la escritura narrativa, si la novela es fiel adaptaci\u00f3n del gui\u00f3n o si hubo cambios en la trama, teniendo en cuenta escenarios geogr\u00e1ficos tan distantes y el uso de tan variados puntos de vista.\u00a0Pero no dudo que, de prosperar el proyecto f\u00edlmico, habr\u00eda impactado tanto como la novela dado el tema del exilio en que se basa la historia, en una \u00e9poca de crisis mundial que multiplica las migraciones y la forma c\u00f3mo los migrantes se enfrentan al cambio. <span class=\"Apple-converted-space\">\u00a0<\/span><\/span><\/p>\n<p style=\"text-align: justify;\"><span style=\"font-size: 16px;\"><i>Todos los santos<\/i> se construye en especial en torno al exilio de aquellos migrantes que no sienten la necesidad de amoldarse al pa\u00eds de acogida, adaptarse a su idioma, a sus costumbres, no entienden y aun menos comparten su escala de valores.<span class=\"Apple-converted-space\">\u00a0 <\/span>Buscan vivir en barrios donde se concentran sus cong\u00e9neres lo cual les permite mantener sus tradiciones festivas, culinarias, relacionales, hablar su idioma y suavizar as\u00ed el destierro.<span class=\"Apple-converted-space\">\u00a0<\/span><\/span><\/p>\n<p style=\"text-align: justify;\"><span style=\"font-size: 16px;\">Ese es el contexto en que se desarrolla la historia de una pareja peruana de origen andino, Rosa y Zacar\u00edas, que migr\u00f3 a Canad\u00e1 con un hijo peque\u00f1o, Luis, a ra\u00edz del conflicto armado en el Per\u00fa.<span class=\"Apple-converted-space\">\u00a0 <\/span>Una migraci\u00f3n deseada por el esposo y aceptada a rega\u00f1adientes por una Rosa que, seg\u00fan palabras del hijo, nunca se adapt\u00f3 ni intent\u00f3 hacerlo y \u201c<i>quiere que su casa y su vida aqu\u00ed sean una extensi\u00f3n de lo vivido en su tierra<\/i>\u201d.<span class=\"Apple-converted-space\">\u00a0<\/span><\/span><\/p>\n<p style=\"text-align: justify;\"><span style=\"font-size: 16px;\">Rosa vive el presente canadiense con su pasado a cuestas, con su trenza de siempre, su comida de siempre, sus frases de siempre y sus ritos de siempre.<span class=\"Apple-converted-space\">\u00a0<\/span><\/span><\/p>\n<p style=\"text-align: justify;\"><span style=\"font-size: 16px;\">De ser la esposa de Loth, se habr\u00eda convertido en estatua de sal apenas salida de Andarapa. Aunque no est\u00e9 de m\u00e1s rendirle tributo a aquella mujer del G\u00e9nesis cuya fatal desobediencia reflejaba su apego a los seres que dejaba en Sodoma. Lo mismo pasa con Rosa cuyos pensamientos vuelan hacia los seres de su pasado andahuaylino. <span class=\"Apple-converted-space\">\u00a0<\/span><\/span><\/p>\n<p style=\"text-align: justify;\"><span style=\"font-size: 16px;\">Tanto las reiteradas referencias de Rosa a este pasado que colmaba sus sencillas necesidades, como los recuerdos del esposo que, inicialmente partidario del exilio, reconoce que ahora no son \u201c<i>nadie<\/i>\u201d, introducen el tema de la memoria.<span class=\"Apple-converted-space\">\u00a0<\/span><\/span><\/p>\n<p style=\"text-align: justify;\"><span style=\"font-size: 16px;\">Sin embargo, pese a que <i>Todos los santos<\/i> haga referencias con fechas y lugares precisos a los a\u00f1os de guerra interna en el Per\u00fa, la novela no enfoca la Historia de estas dos d\u00e9cadas y no trata el tema de la memoria colectiva.<span class=\"Apple-converted-space\">\u00a0<\/span><\/span><\/p>\n<p style=\"text-align: justify;\"><span style=\"font-size: 16px;\">Los hechos hist\u00f3ricos, apenas esbozados, son un simple escenario, un tel\u00f3n de fondo<span class=\"Apple-converted-space\">\u00a0 <\/span>destinado a reflejar el porqu\u00e9 del apego de Rosa a su tierra y las razones que llevar\u00e1n a Zacar\u00edas a optar por el exilio.<span class=\"Apple-converted-space\">\u00a0 \u00a0<\/span><\/span><\/p>\n<p style=\"text-align: justify;\"><span style=\"font-size: 16px;\">El tratamiento de la memoria es por lo tanto individual y difiere seg\u00fan los personajes:<span class=\"Apple-converted-space\">\u00a0<\/span><\/span><\/p>\n<ul style=\"text-align: justify;\">\n<li><span style=\"font-size: 16px;\">para la esposa es una falsa burbuja que le da la impresi\u00f3n de no haber dejado del todo su lugar de origen y se convierte en su \u201cnorte\u201d para enfrentar ese otro norte hostil al que la han catapultado. Rosa es el eslab\u00f3n de una cadena que ella no est\u00e1 dispuesta a romper.<\/span><\/li>\n<li><span style=\"font-size: 16px;\">para el esposo, quien incentiv\u00f3 la partida, los recuerdos justifican el exilio. Y si bien le agradan las fiestas con sus compatriotas porque le permiten recuperar su identidad perdida de violinista reconocido en su comarca andina e ignorado en Qu\u00e9bec, \u00e9l apunta hacia un futuro que no se atreve a confesar.<span class=\"Apple-converted-space\">\u00a0<\/span><\/span><\/li>\n<li><span style=\"font-size: 16px;\">por su parte, el hijo, que lleg\u00f3 a la edad de un a\u00f1o a Montreal, se considera canadiense y ve con ojo cr\u00edtico la obsesi\u00f3n de sus padres por las costumbres de un pa\u00eds al que no conoci\u00f3: \u201c<i>El piso est\u00e1 sucio porque mis padres y sus amigos nunca se quitan los zapatos al entrar. Esa es una de las tantas costumbres canadienses que no logran adoptar<\/i>\u201d.<span class=\"Apple-converted-space\">\u00a0<\/span><\/span><\/li>\n<\/ul>\n<p style=\"text-align: justify;\"><span style=\"font-size: 16px;\">Pese a sus defectos, los personajes se nos vuelven entra\u00f1ables gracias a la manera de retratarlos desde adentro, en mon\u00f3logos interiores cuyos pensamientos no se atreven a comunicar a sus seres m\u00e1s cercanos resquebrajando as\u00ed la uni\u00f3n familiar y a\u00f1adiendo al exilio geogr\u00e1fico su propio exilio interior.<span class=\"Apple-converted-space\">\u00a0<\/span><\/span><\/p>\n<p style=\"text-align: justify;\"><span style=\"font-size: 16px;\"><i>Todos los santos<\/i> es por lo tanto una novela de contrastes, de contradicciones, de fracasos negados y de dolores callados que cuenta la realidad a la que se enfrentan los migrantes y pone en evidencia los mecanismos que cada individuo pone en marcha, seg\u00fan sus objetivos de adaptaci\u00f3n o de rechazo al cambio.<span class=\"Apple-converted-space\">\u00a0<\/span><\/span><\/p>\n<p style=\"text-align: justify;\"><span style=\"font-size: 16px;\">Dura y tierna a la vez, la novela conmueve porque muestra cu\u00e1n importante es el reconocimiento de las ra\u00edces para la construcci\u00f3n de la identidad y cu\u00e1n dif\u00edcil es lograr un equilibrio emocional frente a la adversidad, elementos que<span class=\"Apple-converted-space\">\u00a0 <\/span>m\u00e1s all\u00e1 del enfoque particular que cobran en la novela son v\u00e1lidos para cualquier ser humano.<\/span><\/p>\n<p><span style=\"font-size: 16px;\"><strong>Coss\u00edos, Marcela. <em>Todos los santos<\/em>. Hipatia ediciones, 2023.<\/strong><\/span><\/p>\n<hr \/>\n<p><span style=\"font-size: 16px;\"><strong><span style=\"font-family: 'trebuchet ms', geneva, sans-serif;\">Marcela Coss\u00edos<\/span><\/strong><span style=\"font-family: 'trebuchet ms', geneva, sans-serif;\">, guionista, directora de cine, traductora y escritora peruana, ha merecido una menci\u00f3n especial en cuento en el Premio Cop\u00e9 2022 por su cuento \u00abUna madrugada de verano\u00bb. Ha dirigido numerosos cortometrajes entre ellos\u00a0<em>Bajo el balc\u00f3n<\/em>, merecedor de premios internacionales. Vive en Suiza.<\/span><\/span><\/p>\n<p><a href=\"https:\/\/lascriticas.com\/index.php\/lascriticas\/christiane-felip\/\"><span style=\"font-size: 16px;\"><strong><span style=\"font-family: 'trebuchet ms', geneva, sans-serif;\">Acerca de Christiane F\u00e9lip<\/span><\/strong><\/span><\/a><\/p>\n","protected":false},"excerpt":{"rendered":"<p>Todos los santos, de\u00a0Marcela Coss\u00edos En su primera novela, Todos los santos, Marcela Coss\u00edos nos pasea constantemente.\u00a0 Nos pasea geogr\u00e1ficamente, de norte a sur: de Montreal en Canad\u00e1, a Andarapa, en la provincia peruana de Andahuaylas.\u00a0 Nos pasea temporal y socialmente, de una amenaza latente que termina explotando en los Andes, a la paz social&#8230;<\/p>\n","protected":false},"author":35,"featured_media":5704,"comment_status":"open","ping_status":"open","sticky":false,"template":"","format":"standard","meta":{"footnotes":""},"categories":[43,37],"tags":[1121,131,396,51,201,148,314,53,62,162,642],"yoast_head":"<!-- This site is optimized with the Yoast SEO plugin v23.5 - https:\/\/yoast.com\/wordpress\/plugins\/seo\/ -->\n<title>Todos los santos, de\u00a0Marcela Coss\u00edos - Las Cr\u00edticas<\/title>\n<meta name=\"description\" content=\"Todos los santos, de\u00a0Marcela Coss\u00edos En su primera novela, Todos los santos, Marcela Coss\u00edos nos pasea constantemente.\u00a0 Nos pasea geogr\u00e1ficamente, de\" \/>\n<meta name=\"robots\" content=\"index, follow, max-snippet:-1, max-image-preview:large, max-video-preview:-1\" \/>\n<link rel=\"canonical\" href=\"https:\/\/lascriticas.com\/index.php\/2024\/01\/12\/todos-los-santos-de-marcela-cossios\/\" \/>\n<meta property=\"og:locale\" content=\"es_ES\" \/>\n<meta property=\"og:type\" content=\"article\" \/>\n<meta property=\"og:title\" content=\"Todos los santos, de\u00a0Marcela Coss\u00edos - Las Cr\u00edticas\" \/>\n<meta property=\"og:description\" content=\"Todos los santos, de\u00a0Marcela Coss\u00edos En su primera novela, Todos los santos, Marcela Coss\u00edos nos pasea constantemente.\u00a0 Nos pasea geogr\u00e1ficamente, de\" \/>\n<meta property=\"og:url\" content=\"https:\/\/lascriticas.com\/index.php\/2024\/01\/12\/todos-los-santos-de-marcela-cossios\/\" \/>\n<meta property=\"og:site_name\" content=\"Las Cr\u00edticas\" \/>\n<meta property=\"article:publisher\" content=\"https:\/\/www.facebook.com\/lascriticas\/\" \/>\n<meta property=\"article:published_time\" content=\"2024-01-12T22:13:53+00:00\" \/>\n<meta property=\"og:image\" content=\"https:\/\/lascriticas.com\/wp-content\/uploads\/2024\/01\/Marcela-Cossios-V.jpg\" \/>\n\t<meta property=\"og:image:width\" content=\"1440\" \/>\n\t<meta property=\"og:image:height\" content=\"707\" \/>\n\t<meta property=\"og:image:type\" content=\"image\/jpeg\" \/>\n<meta name=\"author\" content=\"Christiane F\u00e9lip Vidal\" \/>\n<meta name=\"twitter:card\" content=\"summary_large_image\" \/>\n<meta name=\"twitter:creator\" content=\"@LasCriticas_com\" \/>\n<meta name=\"twitter:site\" content=\"@LasCriticas_com\" \/>\n<meta name=\"twitter:label1\" content=\"Escrito por\" \/>\n\t<meta name=\"twitter:data1\" content=\"Christiane F\u00e9lip Vidal\" \/>\n\t<meta name=\"twitter:label2\" content=\"Tiempo de lectura\" \/>\n\t<meta name=\"twitter:data2\" content=\"6 minutos\" \/>\n<script type=\"application\/ld+json\" class=\"yoast-schema-graph\">{\"@context\":\"https:\/\/schema.org\",\"@graph\":[{\"@type\":\"Article\",\"@id\":\"https:\/\/lascriticas.com\/index.php\/2024\/01\/12\/todos-los-santos-de-marcela-cossios\/#article\",\"isPartOf\":{\"@id\":\"https:\/\/lascriticas.com\/index.php\/2024\/01\/12\/todos-los-santos-de-marcela-cossios\/\"},\"author\":{\"name\":\"Christiane F\u00e9lip Vidal\",\"@id\":\"https:\/\/lascriticas.com\/#\/schema\/person\/659bc9dbab20f54469fa43dec245bf3a\"},\"headline\":\"Todos los santos, de\u00a0Marcela Coss\u00edos\",\"datePublished\":\"2024-01-12T22:13:53+00:00\",\"dateModified\":\"2024-01-12T22:13:53+00:00\",\"mainEntityOfPage\":{\"@id\":\"https:\/\/lascriticas.com\/index.php\/2024\/01\/12\/todos-los-santos-de-marcela-cossios\/\"},\"wordCount\":1262,\"commentCount\":0,\"publisher\":{\"@id\":\"https:\/\/lascriticas.com\/#organization\"},\"image\":{\"@id\":\"https:\/\/lascriticas.com\/index.php\/2024\/01\/12\/todos-los-santos-de-marcela-cossios\/#primaryimage\"},\"thumbnailUrl\":\"https:\/\/lascriticas.com\/wp-content\/uploads\/2024\/01\/Marcela-Cossios-V.jpg\",\"keywords\":[\"Canad\u00e1\",\"exilio\",\"expatriaci\u00f3n\",\"familia\",\"inmigraci\u00f3n\",\"migraci\u00f3n\",\"nostalgia\",\"novela\",\"Per\u00fa\",\"viaje\",\"vida familiar\"],\"articleSection\":[\"Ficci\u00f3n\",\"Rese\u00f1as\"],\"inLanguage\":\"es\",\"potentialAction\":[{\"@type\":\"CommentAction\",\"name\":\"Comment\",\"target\":[\"https:\/\/lascriticas.com\/index.php\/2024\/01\/12\/todos-los-santos-de-marcela-cossios\/#respond\"]}]},{\"@type\":\"WebPage\",\"@id\":\"https:\/\/lascriticas.com\/index.php\/2024\/01\/12\/todos-los-santos-de-marcela-cossios\/\",\"url\":\"https:\/\/lascriticas.com\/index.php\/2024\/01\/12\/todos-los-santos-de-marcela-cossios\/\",\"name\":\"Todos los santos, de\u00a0Marcela Coss\u00edos - Las Cr\u00edticas\",\"isPartOf\":{\"@id\":\"https:\/\/lascriticas.com\/#website\"},\"primaryImageOfPage\":{\"@id\":\"https:\/\/lascriticas.com\/index.php\/2024\/01\/12\/todos-los-santos-de-marcela-cossios\/#primaryimage\"},\"image\":{\"@id\":\"https:\/\/lascriticas.com\/index.php\/2024\/01\/12\/todos-los-santos-de-marcela-cossios\/#primaryimage\"},\"thumbnailUrl\":\"https:\/\/lascriticas.com\/wp-content\/uploads\/2024\/01\/Marcela-Cossios-V.jpg\",\"datePublished\":\"2024-01-12T22:13:53+00:00\",\"dateModified\":\"2024-01-12T22:13:53+00:00\",\"description\":\"Todos los santos, de\u00a0Marcela Coss\u00edos En su primera novela, Todos los santos, Marcela Coss\u00edos nos pasea constantemente.\u00a0 Nos pasea geogr\u00e1ficamente, de\",\"breadcrumb\":{\"@id\":\"https:\/\/lascriticas.com\/index.php\/2024\/01\/12\/todos-los-santos-de-marcela-cossios\/#breadcrumb\"},\"inLanguage\":\"es\",\"potentialAction\":[{\"@type\":\"ReadAction\",\"target\":[\"https:\/\/lascriticas.com\/index.php\/2024\/01\/12\/todos-los-santos-de-marcela-cossios\/\"]}]},{\"@type\":\"ImageObject\",\"inLanguage\":\"es\",\"@id\":\"https:\/\/lascriticas.com\/index.php\/2024\/01\/12\/todos-los-santos-de-marcela-cossios\/#primaryimage\",\"url\":\"https:\/\/lascriticas.com\/wp-content\/uploads\/2024\/01\/Marcela-Cossios-V.jpg\",\"contentUrl\":\"https:\/\/lascriticas.com\/wp-content\/uploads\/2024\/01\/Marcela-Cossios-V.jpg\",\"width\":1440,\"height\":707},{\"@type\":\"BreadcrumbList\",\"@id\":\"https:\/\/lascriticas.com\/index.php\/2024\/01\/12\/todos-los-santos-de-marcela-cossios\/#breadcrumb\",\"itemListElement\":[{\"@type\":\"ListItem\",\"position\":1,\"name\":\"Inicio\",\"item\":\"https:\/\/lascriticas.com\/\"},{\"@type\":\"ListItem\",\"position\":2,\"name\":\"Todos los santos, de\u00a0Marcela Coss\u00edos\"}]},{\"@type\":\"WebSite\",\"@id\":\"https:\/\/lascriticas.com\/#website\",\"url\":\"https:\/\/lascriticas.com\/\",\"name\":\"Las Cr\u00edticas\",\"description\":\"Cr\u00edtica literaria hecha por mujeres\",\"publisher\":{\"@id\":\"https:\/\/lascriticas.com\/#organization\"},\"potentialAction\":[{\"@type\":\"SearchAction\",\"target\":{\"@type\":\"EntryPoint\",\"urlTemplate\":\"https:\/\/lascriticas.com\/?s={search_term_string}\"},\"query-input\":{\"@type\":\"PropertyValueSpecification\",\"valueRequired\":true,\"valueName\":\"search_term_string\"}}],\"inLanguage\":\"es\"},{\"@type\":\"Organization\",\"@id\":\"https:\/\/lascriticas.com\/#organization\",\"name\":\"Las Cr\u00edticas\",\"url\":\"https:\/\/lascriticas.com\/\",\"logo\":{\"@type\":\"ImageObject\",\"inLanguage\":\"es\",\"@id\":\"https:\/\/lascriticas.com\/#\/schema\/logo\/image\/\",\"url\":\"https:\/\/lascriticas.com\/wp-content\/uploads\/2016\/09\/Las-Cr\u00edticas.png\",\"contentUrl\":\"https:\/\/lascriticas.com\/wp-content\/uploads\/2016\/09\/Las-Cr\u00edticas.png\",\"width\":372,\"height\":201,\"caption\":\"Las Cr\u00edticas\"},\"image\":{\"@id\":\"https:\/\/lascriticas.com\/#\/schema\/logo\/image\/\"},\"sameAs\":[\"https:\/\/www.facebook.com\/lascriticas\/\",\"https:\/\/x.com\/LasCriticas_com\",\"https:\/\/www.instagram.com\/lascriticas_com\/\",\"https:\/\/www.youtube.com\/channel\/UCd7r-H6EJA4sSXGLX33_iHQ\"]},{\"@type\":\"Person\",\"@id\":\"https:\/\/lascriticas.com\/#\/schema\/person\/659bc9dbab20f54469fa43dec245bf3a\",\"name\":\"Christiane F\u00e9lip Vidal\",\"image\":{\"@type\":\"ImageObject\",\"inLanguage\":\"es\",\"@id\":\"https:\/\/lascriticas.com\/#\/schema\/person\/image\/\",\"url\":\"https:\/\/secure.gravatar.com\/avatar\/ab32eddd597c21af3a697949c8bf384f?s=96&d=mm&r=g\",\"contentUrl\":\"https:\/\/secure.gravatar.com\/avatar\/ab32eddd597c21af3a697949c8bf384f?s=96&d=mm&r=g\",\"caption\":\"Christiane F\u00e9lip Vidal\"},\"url\":\"https:\/\/lascriticas.com\/index.php\/author\/christiane-felip-vidal\/\"}]}<\/script>\n<!-- \/ Yoast SEO plugin. -->","yoast_head_json":{"title":"Todos los santos, de\u00a0Marcela Coss\u00edos - Las Cr\u00edticas","description":"Todos los santos, de\u00a0Marcela Coss\u00edos En su primera novela, Todos los santos, Marcela Coss\u00edos nos pasea constantemente.\u00a0 Nos pasea geogr\u00e1ficamente, de","robots":{"index":"index","follow":"follow","max-snippet":"max-snippet:-1","max-image-preview":"max-image-preview:large","max-video-preview":"max-video-preview:-1"},"canonical":"https:\/\/lascriticas.com\/index.php\/2024\/01\/12\/todos-los-santos-de-marcela-cossios\/","og_locale":"es_ES","og_type":"article","og_title":"Todos los santos, de\u00a0Marcela Coss\u00edos - Las Cr\u00edticas","og_description":"Todos los santos, de\u00a0Marcela Coss\u00edos En su primera novela, Todos los santos, Marcela Coss\u00edos nos pasea constantemente.\u00a0 Nos pasea geogr\u00e1ficamente, de","og_url":"https:\/\/lascriticas.com\/index.php\/2024\/01\/12\/todos-los-santos-de-marcela-cossios\/","og_site_name":"Las Cr\u00edticas","article_publisher":"https:\/\/www.facebook.com\/lascriticas\/","article_published_time":"2024-01-12T22:13:53+00:00","og_image":[{"width":1440,"height":707,"url":"https:\/\/lascriticas.com\/wp-content\/uploads\/2024\/01\/Marcela-Cossios-V.jpg","type":"image\/jpeg"}],"author":"Christiane F\u00e9lip Vidal","twitter_card":"summary_large_image","twitter_creator":"@LasCriticas_com","twitter_site":"@LasCriticas_com","twitter_misc":{"Escrito por":"Christiane F\u00e9lip Vidal","Tiempo de lectura":"6 minutos"},"schema":{"@context":"https:\/\/schema.org","@graph":[{"@type":"Article","@id":"https:\/\/lascriticas.com\/index.php\/2024\/01\/12\/todos-los-santos-de-marcela-cossios\/#article","isPartOf":{"@id":"https:\/\/lascriticas.com\/index.php\/2024\/01\/12\/todos-los-santos-de-marcela-cossios\/"},"author":{"name":"Christiane F\u00e9lip Vidal","@id":"https:\/\/lascriticas.com\/#\/schema\/person\/659bc9dbab20f54469fa43dec245bf3a"},"headline":"Todos los santos, de\u00a0Marcela Coss\u00edos","datePublished":"2024-01-12T22:13:53+00:00","dateModified":"2024-01-12T22:13:53+00:00","mainEntityOfPage":{"@id":"https:\/\/lascriticas.com\/index.php\/2024\/01\/12\/todos-los-santos-de-marcela-cossios\/"},"wordCount":1262,"commentCount":0,"publisher":{"@id":"https:\/\/lascriticas.com\/#organization"},"image":{"@id":"https:\/\/lascriticas.com\/index.php\/2024\/01\/12\/todos-los-santos-de-marcela-cossios\/#primaryimage"},"thumbnailUrl":"https:\/\/lascriticas.com\/wp-content\/uploads\/2024\/01\/Marcela-Cossios-V.jpg","keywords":["Canad\u00e1","exilio","expatriaci\u00f3n","familia","inmigraci\u00f3n","migraci\u00f3n","nostalgia","novela","Per\u00fa","viaje","vida familiar"],"articleSection":["Ficci\u00f3n","Rese\u00f1as"],"inLanguage":"es","potentialAction":[{"@type":"CommentAction","name":"Comment","target":["https:\/\/lascriticas.com\/index.php\/2024\/01\/12\/todos-los-santos-de-marcela-cossios\/#respond"]}]},{"@type":"WebPage","@id":"https:\/\/lascriticas.com\/index.php\/2024\/01\/12\/todos-los-santos-de-marcela-cossios\/","url":"https:\/\/lascriticas.com\/index.php\/2024\/01\/12\/todos-los-santos-de-marcela-cossios\/","name":"Todos los santos, de\u00a0Marcela Coss\u00edos - Las Cr\u00edticas","isPartOf":{"@id":"https:\/\/lascriticas.com\/#website"},"primaryImageOfPage":{"@id":"https:\/\/lascriticas.com\/index.php\/2024\/01\/12\/todos-los-santos-de-marcela-cossios\/#primaryimage"},"image":{"@id":"https:\/\/lascriticas.com\/index.php\/2024\/01\/12\/todos-los-santos-de-marcela-cossios\/#primaryimage"},"thumbnailUrl":"https:\/\/lascriticas.com\/wp-content\/uploads\/2024\/01\/Marcela-Cossios-V.jpg","datePublished":"2024-01-12T22:13:53+00:00","dateModified":"2024-01-12T22:13:53+00:00","description":"Todos los santos, de\u00a0Marcela Coss\u00edos En su primera novela, Todos los santos, Marcela Coss\u00edos nos pasea constantemente.\u00a0 Nos pasea geogr\u00e1ficamente, de","breadcrumb":{"@id":"https:\/\/lascriticas.com\/index.php\/2024\/01\/12\/todos-los-santos-de-marcela-cossios\/#breadcrumb"},"inLanguage":"es","potentialAction":[{"@type":"ReadAction","target":["https:\/\/lascriticas.com\/index.php\/2024\/01\/12\/todos-los-santos-de-marcela-cossios\/"]}]},{"@type":"ImageObject","inLanguage":"es","@id":"https:\/\/lascriticas.com\/index.php\/2024\/01\/12\/todos-los-santos-de-marcela-cossios\/#primaryimage","url":"https:\/\/lascriticas.com\/wp-content\/uploads\/2024\/01\/Marcela-Cossios-V.jpg","contentUrl":"https:\/\/lascriticas.com\/wp-content\/uploads\/2024\/01\/Marcela-Cossios-V.jpg","width":1440,"height":707},{"@type":"BreadcrumbList","@id":"https:\/\/lascriticas.com\/index.php\/2024\/01\/12\/todos-los-santos-de-marcela-cossios\/#breadcrumb","itemListElement":[{"@type":"ListItem","position":1,"name":"Inicio","item":"https:\/\/lascriticas.com\/"},{"@type":"ListItem","position":2,"name":"Todos los santos, de\u00a0Marcela Coss\u00edos"}]},{"@type":"WebSite","@id":"https:\/\/lascriticas.com\/#website","url":"https:\/\/lascriticas.com\/","name":"Las Cr\u00edticas","description":"Cr\u00edtica literaria hecha por mujeres","publisher":{"@id":"https:\/\/lascriticas.com\/#organization"},"potentialAction":[{"@type":"SearchAction","target":{"@type":"EntryPoint","urlTemplate":"https:\/\/lascriticas.com\/?s={search_term_string}"},"query-input":{"@type":"PropertyValueSpecification","valueRequired":true,"valueName":"search_term_string"}}],"inLanguage":"es"},{"@type":"Organization","@id":"https:\/\/lascriticas.com\/#organization","name":"Las Cr\u00edticas","url":"https:\/\/lascriticas.com\/","logo":{"@type":"ImageObject","inLanguage":"es","@id":"https:\/\/lascriticas.com\/#\/schema\/logo\/image\/","url":"https:\/\/lascriticas.com\/wp-content\/uploads\/2016\/09\/Las-Cr\u00edticas.png","contentUrl":"https:\/\/lascriticas.com\/wp-content\/uploads\/2016\/09\/Las-Cr\u00edticas.png","width":372,"height":201,"caption":"Las Cr\u00edticas"},"image":{"@id":"https:\/\/lascriticas.com\/#\/schema\/logo\/image\/"},"sameAs":["https:\/\/www.facebook.com\/lascriticas\/","https:\/\/x.com\/LasCriticas_com","https:\/\/www.instagram.com\/lascriticas_com\/","https:\/\/www.youtube.com\/channel\/UCd7r-H6EJA4sSXGLX33_iHQ"]},{"@type":"Person","@id":"https:\/\/lascriticas.com\/#\/schema\/person\/659bc9dbab20f54469fa43dec245bf3a","name":"Christiane F\u00e9lip Vidal","image":{"@type":"ImageObject","inLanguage":"es","@id":"https:\/\/lascriticas.com\/#\/schema\/person\/image\/","url":"https:\/\/secure.gravatar.com\/avatar\/ab32eddd597c21af3a697949c8bf384f?s=96&d=mm&r=g","contentUrl":"https:\/\/secure.gravatar.com\/avatar\/ab32eddd597c21af3a697949c8bf384f?s=96&d=mm&r=g","caption":"Christiane F\u00e9lip Vidal"},"url":"https:\/\/lascriticas.com\/index.php\/author\/christiane-felip-vidal\/"}]}},"_links":{"self":[{"href":"https:\/\/lascriticas.com\/index.php\/wp-json\/wp\/v2\/posts\/5653"}],"collection":[{"href":"https:\/\/lascriticas.com\/index.php\/wp-json\/wp\/v2\/posts"}],"about":[{"href":"https:\/\/lascriticas.com\/index.php\/wp-json\/wp\/v2\/types\/post"}],"author":[{"embeddable":true,"href":"https:\/\/lascriticas.com\/index.php\/wp-json\/wp\/v2\/users\/35"}],"replies":[{"embeddable":true,"href":"https:\/\/lascriticas.com\/index.php\/wp-json\/wp\/v2\/comments?post=5653"}],"version-history":[{"count":5,"href":"https:\/\/lascriticas.com\/index.php\/wp-json\/wp\/v2\/posts\/5653\/revisions"}],"predecessor-version":[{"id":5706,"href":"https:\/\/lascriticas.com\/index.php\/wp-json\/wp\/v2\/posts\/5653\/revisions\/5706"}],"wp:featuredmedia":[{"embeddable":true,"href":"https:\/\/lascriticas.com\/index.php\/wp-json\/wp\/v2\/media\/5704"}],"wp:attachment":[{"href":"https:\/\/lascriticas.com\/index.php\/wp-json\/wp\/v2\/media?parent=5653"}],"wp:term":[{"taxonomy":"category","embeddable":true,"href":"https:\/\/lascriticas.com\/index.php\/wp-json\/wp\/v2\/categories?post=5653"},{"taxonomy":"post_tag","embeddable":true,"href":"https:\/\/lascriticas.com\/index.php\/wp-json\/wp\/v2\/tags?post=5653"}],"curies":[{"name":"wp","href":"https:\/\/api.w.org\/{rel}","templated":true}]}}