{"id":5641,"date":"2024-01-12T22:43:34","date_gmt":"2024-01-12T21:43:34","guid":{"rendered":"https:\/\/lascriticas.com\/?p=5641"},"modified":"2024-01-12T22:43:34","modified_gmt":"2024-01-12T21:43:34","slug":"bordando_quilcas","status":"publish","type":"post","link":"https:\/\/lascriticas.com\/index.php\/2024\/01\/12\/bordando_quilcas\/","title":{"rendered":"Bordando quilcas, de Carolina O. Fern\u00e1ndez"},"content":{"rendered":"<h1 class=\"s4\"><span style=\"font-size: 16px; color: #ffffff;\"><span class=\"s2\">Bordando <\/span><span class=\"s2\">quilcas<\/span><span class=\"s3\">, de Carolina O. Fern\u00e1ndez<\/span><\/span><\/h1>\n<p class=\"s7\" style=\"text-align: justify;\"><span style=\"font-size: 16px;\"><strong><span class=\"s5\">Hipatia Ediciones<\/span><\/strong> <span class=\"s5\">ha publicado recientemente<\/span><span class=\"s5\">, en una bella edici\u00f3n, el <\/span><span class=\"s5\">poemario <\/span><em><span class=\"s6\">Bordando <\/span><span class=\"s6\">quilcas<\/span><\/em> <span class=\"s5\">de <strong>Carolina O<\/strong><\/span><strong><span class=\"s5\">.<\/span><span class=\"s5\"> Fern\u00e1ndez<\/span><\/strong><span class=\"s5\">, texto que recibi\u00f3 una merecida menci\u00f3n <\/span><span class=\"s5\">especial<\/span><span class=\"s5\"> en el prestigioso premio internacional Casa de las Am\u00e9ricas 2022. <\/span><\/span><\/p>\n<p class=\"s7\" style=\"text-align: justify;\"><span style=\"font-size: 16px;\"><span class=\"s5\">Carolina es poeta y ensayista<\/span><span class=\"s5\">.<\/span> <span class=\"s5\">H<\/span><span class=\"s5\">a publicado los poemarios <\/span><em><span class=\"s6\">Rumikuna del mar<\/span><\/em><span class=\"s5\"> (2021)<\/span><span class=\"s5\">,<\/span> <span class=\"s6\"><em>No queremos cazar la noche<\/em>\u00a0<\/span><span class=\"s5\">(2019)<\/span><span class=\"s5\">,<\/span> <em><span class=\"s6\">A tientas<\/span><\/em><span class=\"s5\"> (2016)<\/span><span class=\"s5\">,<\/span><span class=\"s5\"> entre otros<\/span><span class=\"s5\">,<\/span> <span class=\"s5\">y <\/span><span class=\"s5\">el libro <\/span><em><span class=\"s6\">La letra y los cuerpos subyugados: heterogeneidad, colonialidad y subalternidad en cuatro novelas latinoamericanas<\/span><\/em> <span class=\"s5\">(1999)<\/span><span class=\"s5\">. E<\/span><span class=\"s5\">ste \u00faltimo es un e<\/span><span class=\"s5\">studio<\/span><span class=\"s5\"> cr\u00edtico sobre <\/span><em><span class=\"s6\">Aves sin nido<\/span><\/em><span class=\"s5\"> de Clorinda Matto, <\/span><em><span class=\"s6\">Ximena de dos caminos<\/span><\/em><span class=\"s5\"> de Laura Riesco<\/span><span class=\"s5\">,\u00a0<\/span><em><span class=\"s6\">Juyungo<\/span><\/em> <span class=\"s5\">de Adalberto Ortiz <\/span><span class=\"s5\">y <\/span><em><span class=\"s6\">Canto de sirena<\/span><\/em><span class=\"s5\"> de<\/span><em><span class=\"s5\"> Gregorio\u00a0<\/span><\/em><span class=\"s5\">(<\/span><span class=\"s5\">Goyo<\/span><span class=\"s5\">)<\/span><span class=\"s5\"> Mart\u00ednez.<\/span><\/span><\/p>\n<p><span style=\"font-size: 16px;\"><img loading=\"lazy\" decoding=\"async\" class=\"aligncenter wp-image-5685 \" title=\"Bordando quilcas\" src=\"https:\/\/lascriticas.com\/wp-content\/uploads\/2024\/01\/portada-Bordando-quilcas.jpg\" alt=\"\" width=\"320\" height=\"452\" srcset=\"https:\/\/lascriticas.com\/wp-content\/uploads\/2024\/01\/portada-Bordando-quilcas.jpg 1713w, https:\/\/lascriticas.com\/wp-content\/uploads\/2024\/01\/portada-Bordando-quilcas-768x1085.jpg 768w, https:\/\/lascriticas.com\/wp-content\/uploads\/2024\/01\/portada-Bordando-quilcas-1087x1536.jpg 1087w, https:\/\/lascriticas.com\/wp-content\/uploads\/2024\/01\/portada-Bordando-quilcas-1449x2048.jpg 1449w\" sizes=\"(max-width: 320px) 100vw, 320px\" \/><\/span><\/p>\n<p class=\"s7\" style=\"text-align: justify;\"><span style=\"font-size: 16px;\"><span class=\"s5\">En los dos \u00e1mbitos creativos<\/span><span class=\"s5\">,<\/span><span class=\"s5\"> su objetivo ha sido develar las complejas relaciones entre la literatura y las representaciones de desigualdad, <\/span><span class=\"s5\">de <\/span><span class=\"s5\">heterogeneidad y<\/span><span class=\"s5\"> de<\/span><span class=\"s5\">las relaciones inter\u00e9tnicas, interculturales, sociales y de g\u00e9nero. Urdimbre de perspectivas que tambi\u00e9n se <\/span><span class=\"s5\">muestra en su m\u00e1s reciente poemario. <\/span><\/span><\/p>\n<p class=\"s7\" style=\"text-align: justify;\"><span style=\"font-size: 16px;\"><span class=\"s5\">Comenzando<\/span><span class=\"s5\"> por el t\u00edtulo<\/span><span class=\"s5\">, <\/span><em><span class=\"s6\">Bordando <\/span><span class=\"s6\">quilcas<\/span><\/em><span class=\"s5\"> es toda una propuesta po\u00e9tica. <strong>Bordar<\/strong>, <strong>hilar<\/strong>, <strong>tejer<\/strong> es <\/span><span class=\"s5\">la <\/span><span class=\"s5\">pr\u00e1ctica ancestral y contempor\u00e1nea en nuestras comunidades de entrelazar hilos diversos para formar un<\/span><span class=\"s5\"> tejido<\/span><span class=\"s5\"> en el telar<\/span><span class=\"s5\">. Con<\/span><span class=\"s5\"> es<\/span><span class=\"s5\">os hilos<\/span><span class=\"s5\">, <\/span><span class=\"s5\">hebras delgadas<\/span><span class=\"s5\">,<\/span><span class=\"s5\"> se unen diversos pedazos de tela, que finalmente se adorna con figuras o bordad<\/span><span class=\"s5\">os<\/span><span class=\"s5\">. <\/span><span class=\"s5\">No obstante, <\/span><span class=\"s5\">todas estas palabras tienen otras acepciones<\/span><span class=\"s5\">; <\/span><span class=\"s5\">el bordar implica tambi\u00e9n ejecutar algo con arte y con primor, el coser supone unir una cosa con otra de manera que queden muy juntas<\/span><span class=\"s5\">,<\/span><span class=\"s5\"> y el hilar se <\/span><span class=\"s5\">vincula<\/span><span class=\"s5\"> a lo dicho de algo a partir de inferencias. <\/span><\/span><\/p>\n<p class=\"s7\" style=\"text-align: justify;\"><span style=\"font-size: 16px;\"><span class=\"s5\">En suma, son t\u00e9rminos polis\u00e9micos<\/span><span class=\"s5\"> que, por un lado, se asocian tradicionalmente al trabajo femenino<\/span><span class=\"s5\">;<\/span><span class=\"s5\"> pero, por otro lado, aluden a acciones l\u00f3gicas o est\u00e9ticas. En este caso<\/span><span class=\"s5\">,<\/span><span class=\"s5\"> se <\/span><span class=\"s5\">recurre al uso del gerundio, un verboide impersonal<\/span><span class=\"s5\">, <\/span><span class=\"s5\">\u00ab<\/span><span class=\"s5\">bordando<\/span><span class=\"s5\">\u00bb<\/span><span class=\"s5\">,<\/span><span class=\"s5\"> que muestra la continuidad de un hacer, para presentar la funci\u00f3n del lenguaje po\u00e9tico: entrelazar, unir, adornar las <\/span><span class=\"s5\">quilcas<\/span><span class=\"s5\">; <\/span><span class=\"s5\">es decir, <\/span><span class=\"s5\">realizar <\/span><span class=\"s5\">incisiones en las piedras <\/span><span class=\"s5\">y transforma<\/span><span class=\"s5\">rlas<\/span><span class=\"s5\"> en objeto est\u00e9tico, <\/span><span class=\"s5\">en<\/span><span class=\"s5\"> signo<\/span><span class=\"s5\">s<\/span> <span class=\"s5\">colectivos <\/span><span class=\"s5\">que actualizan<\/span><span class=\"s5\"> figuras o <\/span><span class=\"s5\">mitos. La poes\u00eda<\/span><span class=\"s5\">,<\/span><span class=\"s5\"> para Carolina<\/span><span class=\"s5\">,<\/span><span class=\"s5\"> es esa piedra desasida que se despoja de cualquier significado convencional, para actualizarl<\/span><span class=\"s5\">a<\/span><span class=\"s5\"> como un nuevo elemento m\u00edtico de nuestra cultura<\/span><span class=\"s5\"> en permanente continuidad de su hacer<\/span><span class=\"s5\">. <\/span><span class=\"s5\">Lenguaje de piedra previo a la escritura, oralidad propia de las culturas precolombinas, actualizado en su capacidad de aprehender y descifrar las complejidades de la posmodernidad.<\/span><\/span><\/p>\n<p class=\"s7\" style=\"text-align: justify;\"><span style=\"font-size: 16px;\"><span class=\"s5\">Su voz se suma a la gran tradici\u00f3n po<\/span><span class=\"s5\">\u00e9tica <\/span><span class=\"s5\">de \u00abpiedras\u00bb: <\/span><span class=\"s5\">\u00ab<\/span><span class=\"s5\">Piedra madre<\/span><span class=\"s5\">\u00bb<\/span><span class=\"s5\"> de C\u00e9sar Moro, <\/span><span class=\"s5\">\u00ab<\/span><span class=\"s5\">Piedra <\/span><span class=\"s5\">de <\/span><span class=\"s5\">sol<\/span><span class=\"s5\">\u00bb<\/span><span class=\"s5\"> de Octavio Paz, <\/span><span class=\"s5\">\u00abLa p<\/span><span class=\"s5\">iedra absoluta<\/span><span class=\"s5\">\u00bb<\/span><span class=\"s5\"> de Mart\u00edn Ad\u00e1n, <\/span><em><span class=\"s6\">La piedra cansada<\/span><\/em><span class=\"s5\"> de Vallejo, la <\/span><span class=\"s5\">\u00ab<\/span><span class=\"s5\">piedra de sangre hirviendo<\/span><span class=\"s5\">\u00bb<\/span><span class=\"s5\">de Arguedas, las piedras de Machu Picchu de Neruda. <\/span><span class=\"s5\">E<\/span><span class=\"s5\">n este caso<\/span><span class=\"s5\">,<\/span><span class=\"s5\"> se trata de la voz colectiva <\/span><span class=\"s5\">que se encarna en<\/span><span class=\"s5\"> la imagen de una huaca mujer llamada <\/span><span class=\"s5\">Cahuillaca, una voz <\/span><span class=\"s5\">de mujer <\/span><span class=\"s5\">que nos hace redescubrir nuestra vigencia p\u00e9trea, voz po\u00e9tica que nos deja marcas<\/span><span class=\"s5\">,<\/span><span class=\"s5\"> y <\/span><span class=\"s5\">revela los<\/span><span class=\"s5\"> pictogramas<\/span><span class=\"s5\">y <\/span><span class=\"s5\">petroglifos <\/span><span class=\"s5\">cristalinos<\/span><span class=\"s5\"> de la cultura de matriz andina<\/span><span class=\"s5\">. <\/span><\/span><\/p>\n<p class=\"s7\" style=\"text-align: justify;\"><span style=\"font-size: 16px;\"><span class=\"s5\">Otro<\/span><span class=\"s5\"> aspecto que considerar es el uso de la lengua, <\/span><span class=\"s5\">la conciencia po\u00e9tica de la importancia de la problem\u00e1tica ling\u00fc\u00edstica y cultural<\/span><span class=\"s5\">,<\/span><span class=\"s5\"> de las lenguas en las que se expresan las literaturas <\/span><span class=\"s5\">latinoamericanas<\/span><span class=\"s5\">,<\/span> <span class=\"s5\">sean estas<\/span> <span class=\"s5\">el <\/span><span class=\"s5\">quechua, <\/span><span class=\"s5\">el <\/span><span class=\"s5\">aimara <\/span><span class=\"s5\">o <\/span><span class=\"s5\">el <\/span><span class=\"s5\">cam<\/span><span class=\"s5\">\u00eb<\/span><span class=\"s5\">nt\u0161\u00e1<\/span><span class=\"s5\">,<\/span><span class=\"s5\"> como materia prima del arte verbal y de toda reflexi\u00f3n metaliteraria. <\/span><\/span><\/p>\n<p class=\"s7\" style=\"text-align: justify;\"><span style=\"font-size: 16px;\"><span class=\"s5\">El <em>runasimi<\/em> <\/span><span class=\"s5\">funciona <\/span><span class=\"s5\">como evocaci\u00f3n de la madre y la lengua madre, pero tambi\u00e9n como paradigma actual de interpretaci\u00f3n del mundo.<\/span><span class=\"s5\"> No se trata de un castellano quechuizado, sino de la<\/span><span class=\"s5\"> presencia <\/span><span class=\"s5\">e incorporaci\u00f3n de elementos aislados <\/span><span class=\"s5\">de<\/span><span class=\"s5\">l<\/span><span class=\"s5\"> quechua <\/span><span class=\"s5\">que dialogan <\/span><span class=\"s5\">l\u00edricamente con el castellano<\/span><span class=\"s5\">; <\/span><span class=\"s5\">el<\/span><span class=\"s5\"> contacto <\/span><span class=\"s5\">po\u00e9tico de lenguas reorganiza el sistema de relaci\u00f3n interling\u00fc\u00edstica y crea nuevos significados pragm\u00e1ticos de relaci\u00f3n cultural. <\/span><span class=\"s5\">E<\/span><span class=\"s5\">l poemario <\/span><span class=\"s5\">revela<\/span><span class=\"s5\"> las m\u00faltiples posibilidades de las <\/span><span class=\"s5\">relaciones <\/span><span class=\"s5\">interling\u00fc\u00edsticas e interculturales<\/span><span class=\"s5\">;<\/span><span class=\"s5\"> y<\/span><span class=\"s5\">,<\/span> <span class=\"s5\">a partir de esos peque\u00f1os t\u00e9rminos labrados en la piedra, descentra los universos semi\u00f3ticos estables <\/span><span class=\"s5\">del castellano <\/span><span class=\"s5\">desde <\/span><span class=\"s5\">los <\/span><span class=\"s5\">m\u00e1rgenes, creando<\/span><span class=\"s5\"> un nuevo tejido social y cultural<\/span><span class=\"s5\">.<\/span><span class=\"s5\"> Son las piedras de una antigua civilizaci\u00f3n convertida en arte rupestre gracias al bordado de los artesanos.<\/span><\/span><\/p>\n<p class=\"s7\" style=\"text-align: justify;\"><span style=\"font-size: 16px;\"><span class=\"s5\">La estructura del poemario es tambi\u00e9n significativa <\/span><span class=\"s5\">en<\/span> <span class=\"s5\">la propuesta. Comienza con<\/span><span class=\"s5\"> el poema<\/span> <span class=\"s5\">\u00ab<\/span><span class=\"s5\">V\u00eda L\u00e1ctea<\/span><span class=\"s5\">\u00bb<\/span><span class=\"s5\">, esa nebulosa formada <\/span><span class=\"s5\">por<\/span><span class=\"s5\"> millones de estrellas unidas por la banda sonora de<\/span><span class=\"s5\">l eco de<\/span><span class=\"s5\"> un lenguaje, el ru<\/span><span class=\"s5\">na<\/span><span class=\"s5\">simi <\/span><span class=\"s5\">po\u00e9tico de su madre, de Cahuillaca, de Garcilaso y Gamaliel<\/span><span class=\"s5\">;\u00a0<\/span><span class=\"s5\">lengua que ahora es piedra viva y nos interpela <\/span><span class=\"s5\">transculturalmente <\/span><span class=\"s5\">con un contundente <\/span><span class=\"s5\">\u00ab<\/span><span class=\"s5\">\u00bfescuchas?<\/span><span class=\"s5\">\u00bb.<\/span><\/span><\/p>\n<p class=\"s7\" style=\"text-align: justify;\"><span style=\"font-size: 16px;\"><span class=\"s5\">En la primera secci\u00f3n, <\/span><span class=\"s5\">\u00ab<\/span><span class=\"s5\">Rumikuna del mar<\/span><span class=\"s5\">\u00bb<\/span><span class=\"s5\">, se inicia la traves\u00eda <\/span><span class=\"s5\">de las piedras en el mar, navegando <\/span><span class=\"s5\">en sentido inverso al de un antiguo velero que cruz\u00f3 el Atl\u00e1ntico, <\/span><span class=\"s5\">trayectoria que <\/span><span class=\"s5\">configura un nuevo horizonte de enunciaci\u00f3n. E<\/span><span class=\"s5\">n la segunda<\/span><span class=\"s5\">,<\/span> <span class=\"s5\">\u00ab<\/span><span class=\"s5\">Qantu<\/span><span class=\"s5\">\u00bb<\/span><span class=\"s5\">, la flor sagrada de los incas descubre que sus viajes ya no son los mismos<\/span><span class=\"s5\">;<\/span> <span class=\"s5\">se vuelve ave, \u00e1rbol, arbusto para abrazar la fotos\u00edntesis de su continente prieto<\/span><span class=\"s5\">,<\/span><span class=\"s5\"> para llegar finalmente a una ciudad, recorrerla y descubrir en ella sus m\u00faltiples miradas.<\/span><\/span><\/p>\n<p class=\"s7\" style=\"text-align: justify;\"><span style=\"font-size: 16px;\"><span class=\"s5\">La tercera, <\/span><span class=\"s5\">\u00ab<\/span><span class=\"s5\">Khuyay<\/span><span class=\"s5\">\u00bb<\/span><span class=\"s5\"> (&#8216;<\/span><span class=\"s5\">ternura<\/span><span class=\"s5\">&#8216;)<\/span><span class=\"s5\">, se anuncia con un ep\u00edgrafe de la versi\u00f3n de Arguedas de <\/span><span class=\"s6\">Dioses y hombres de Huarochir\u00ed<\/span><span class=\"s6\">,<\/span> <span class=\"s5\">y<\/span><span class=\"s5\"> nos trae las voces de las huacas, la ilusi\u00f3n<\/span><span class=\"s5\">que implica <\/span><span class=\"s5\">la conquista de todos los espacios y las voces<\/span><span class=\"s5\">por el runasimi<\/span><span class=\"s5\">, convirtiendo en piedra el <\/span><span class=\"s6\">Altazor<\/span><span class=\"s5\">, haciendo compartir a Clarice y Chuquisuso, reafirmando orgullosa <\/span><span class=\"s5\">la<\/span><span class=\"s5\"> identidad de Estrella Chaupi\u00f1amca Cahuillaca<\/span><span class=\"s5\">. Lengua originaria y lengua transcultural que descifran la coexistencia <\/span><span class=\"s5\">espaciotemporal <\/span><span class=\"s5\">de complejas realidades y signos <\/span><span class=\"s5\">ancestrales y contempor\u00e1neos <\/span><span class=\"s5\">para hacernos saber lo que ya sabemos<\/span><span class=\"s5\">,<\/span><span class=\"s5\"> que no todos tiene<\/span><span class=\"s5\">n<\/span><span class=\"s5\"> su pan debajo del brazo<\/span><span class=\"s5\">. P<\/span><span class=\"s5\">or eso le canta a <\/span><span class=\"s5\">Solsiret<\/span><span class=\"s5\">, a Ximena, a Inti y Bryan,<\/span><span class=\"s5\"> y <\/span><span class=\"s5\">a todo <\/span><span class=\"s5\">el alu<\/span><span class=\"s5\">d<\/span><span class=\"s5\"> de p\u00e1jaras que forman barricadas<\/span><span class=\"s5\">. El hambre del runasimi es el hambre de recuperar <\/span><span class=\"s5\">desde otras lenguas <\/span><span class=\"s5\">la ternura de esa lengua.<\/span><\/span><\/p>\n<p class=\"s7\" style=\"text-align: justify;\"><span style=\"font-size: 16px;\"><span class=\"s5\">La cuarta parte, <\/span><span class=\"s5\">\u00ab<\/span><span class=\"s5\">Sir<\/span><span class=\"s5\">k\u2019<\/span><span class=\"s5\">akuna<\/span><span class=\"s5\">\u00bb<\/span><span class=\"s5\">, nos traslada al viaje por las venas y las arterias de la<strong> colonialidad<\/strong>, de la mirada de aquellos que dicen que no somos gente, que somos b\u00e1rbaros y las estrellas no nos pertenecen<\/span><span class=\"s5\">, que no entienden la lengua ni la visi\u00f3n del mundo runasimi.<\/span> <span class=\"s5\">Pero los vasos comunicantes de la poes\u00eda nos hacen<\/span><span class=\"s5\"> escuchar el bramido de Micaela, Mar<\/span><span class=\"s5\">\u00ed<\/span><span class=\"s5\">a Emilia y Mam<\/span><span class=\"s5\">\u00e1<\/span><span class=\"s5\"> Ang\u00e9lica para comprender por qu\u00e9 Col\u00f3n fue derribado en el <\/span><span class=\"s5\">c<\/span><span class=\"s5\">apitolio, que ya no habr\u00e1 baile en la <\/span><span class=\"s5\">C<\/span><span class=\"s5\">asa Blanca y que el taki ser\u00e1 el basti\u00f3n rebelde de los sue\u00f1os. El canto que viene de las rocas es tambi\u00e9n una letan\u00eda de preguntas<\/span><span class=\"s5\">:<\/span> <span class=\"s5\">\u00ab<\/span><span class=\"s5\">\u00bfC\u00f3mo es la vida all\u00e1?<\/span><span class=\"s5\">,<\/span> <span class=\"s5\">\u00ab<\/span><span class=\"s5\">\u00bfEst\u00e1n calmados los buitres?<\/span><span class=\"s5\">\u00bb,<\/span> <span class=\"s5\">\u00ab<\/span><span class=\"s5\">\u00bfExiste el cielo<\/span><span class=\"s5\">?<\/span> <span class=\"s5\">\u00bfL<\/span><span class=\"s5\">a nostalgia?<\/span><span class=\"s5\">\u00bb,<\/span> <span class=\"s5\">\u00ab<\/span><span class=\"s5\">\u00bfSe escucha el canto del p\u00e1jaro?<\/span><span class=\"s5\">\u00bb,<\/span><span class=\"s5\">\u00ab<\/span><span class=\"s5\">\u00bfExisten las semanas?<\/span><span class=\"s5\">\u00bb,<\/span> <span class=\"s5\">\u00ab<\/span><span class=\"s5\">\u00bfEl verso libre?<\/span><span class=\"s5\">\u00bb<\/span><span class=\"s5\"> (p<\/span><span class=\"s5\">p<\/span><span class=\"s5\">. <\/span><span class=\"s5\">34<\/span><span class=\"s5\">-35<\/span><span class=\"s5\">)<\/span><span class=\"s5\">.<\/span><span class=\"s5\">El recurso de las preguntas ret\u00f3ricas no busca expresar incertidumbre, sino reafirmar las inquietudes del universo cultural y po\u00e9tico de las quilcas y de quienes bordan en ellas.<\/span><\/span><\/p>\n<p class=\"s7\" style=\"text-align: justify;\"><span style=\"font-size: 16px;\"><span class=\"s5\">Hay tambi\u00e9n una numeraci\u00f3n particular de los poemas<\/span><span class=\"s5\">; <\/span><span class=\"s5\">en <\/span><span class=\"s5\">la primera secci\u00f3n<\/span><span class=\"s5\">,<\/span><span class=\"s5\"> estos aparecen numerados en quechua<\/span><span class=\"s5\">;<\/span><span class=\"s5\">en la segunda<\/span><span class=\"s5\">,<\/span><span class=\"s5\"> no tienen t\u00edtulo y adquieren el nombre del primer verso del poema<\/span><span class=\"s5\">;<\/span><span class=\"s5\"> en la tercera<\/span><span class=\"s5\">,<\/span> <span class=\"s5\">se nombran<\/span><span class=\"s5\"> en castellano<\/span><span class=\"s5\">;<\/span><span class=\"s5\"> y <\/span><span class=\"s5\">la \u00faltima<\/span><span class=\"s5\"> secci\u00f3n est\u00e1 encabezada por n\u00fameros romanos, salvo el poema <\/span><span class=\"s5\">\u00abO<\/span><span class=\"s5\">h<\/span><span class=\"s5\">,<\/span><span class=\"s5\"> bosque<\/span><span class=\"s5\">s<\/span><span class=\"s5\"> de <\/span><span class=\"s5\">lo<\/span><span class=\"s5\">s deseos<\/span><span class=\"s5\">\u00bb<\/span><span class=\"s5\">. <\/span><span class=\"s5\">Tambi\u00e9n aqu\u00ed se ve la progresi\u00f3n que inicia con el runasimi<\/span><span class=\"s5\">, nos muestra el trayecto de la traves\u00eda, y luego traslada su ternura al castellano,<\/span> <span class=\"s5\">para mostrar en <\/span><span class=\"s5\">la<\/span><span class=\"s5\"> \u00faltim<\/span><span class=\"s5\">a secci\u00f3n<\/span><span class=\"s5\"> la numeraci\u00f3n romana, pilar de la cultura occidental que nos clasifica como b\u00e1rbaros<\/span><span class=\"s5\">. Sin embargo,<\/span><span class=\"s5\">los <\/span><span class=\"s5\">encabezado<\/span><span class=\"s5\">s<\/span><span class=\"s5\"> romano<\/span><span class=\"s5\">s,<\/span><span class=\"s5\"> patr<\/span><span class=\"s5\">ones abstractos<\/span><span class=\"s5\"> de los signos occidentales<\/span><span class=\"s5\">,<\/span><span class=\"s5\"> son cuestionados<\/span> <span class=\"s5\">de la mano <\/span><span class=\"s5\">de<\/span><span class=\"s5\">Vallejo<\/span><span class=\"s5\">,<\/span><span class=\"s5\"> dotados de un contenido po\u00e9tico<\/span> <span class=\"s5\">que<\/span><span class=\"s5\"> remece todos los cimientos y produce un <\/span><span class=\"s5\">pacha<\/span><span class=\"s5\">k<\/span><span class=\"s5\">uti<\/span><span class=\"s5\">, p<\/span><span class=\"s5\">orque la lengua de los <\/span><span class=\"s5\">quilcas<\/span> <span class=\"s5\">e<\/span><span class=\"s5\">s una lengua de ternura<\/span><span class=\"s5\">, <\/span><span class=\"s5\">de conceptualizaci\u00f3n<\/span><span class=\"s5\">y de rebeli\u00f3n<\/span><span class=\"s5\">. <\/span><\/span><\/p>\n<p class=\"s7\" style=\"text-align: justify;\"><span style=\"font-size: 16px;\"><span class=\"s5\">Cahuillaca es el personaje que reinterpreta el mundo desde la perspectiva de un pensamiento andino, feminista y decolonial. Ella y su wawa se arrojan al mar y se <\/span><span class=\"s5\">transforman<\/span> <span class=\"s5\">en islotes de piedra<\/span><span class=\"s5\">,<\/span><span class=\"s5\"> y su <\/span><span class=\"s6\">performance<\/span> <span class=\"s5\">crea marcas culturales sobre las rocas. <\/span><span class=\"s5\">Cahuillaca se convierte en poes\u00eda y por eso Carolina afirma<\/span><span class=\"s5\">: \u00abM<\/span><span class=\"s5\">is palabras se deslizan como piedras en el mar<\/span><span class=\"s5\">\u00bb.<\/span><\/span><\/p>\n<p class=\"s7\" style=\"text-align: justify;\"><span style=\"font-size: 16px;\"><span class=\"s5\">Ya no es <\/span><span class=\"s5\">Cuniraya<\/span><span class=\"s5\"> quien la persigue y quiere deslumbrarla con sus atav\u00edos dorados y su reci\u00e9n revelado resplandor,<\/span><span class=\"s5\">sino que<\/span><span class=\"s5\"> las nuevas <\/span><span class=\"s5\">Cahuillacas<\/span><span class=\"s5\"> se enfrentan a los buitres que privatizan el respiro y clavan las u\u00f1as corro\u00eddas<\/span><span class=\"s5\">; <\/span><span class=\"s5\">ellas siguen el camino inverso de los conquistadores y<\/span><span class=\"s5\">,<\/span><span class=\"s5\"> en esa <\/span><span class=\"s5\">traves\u00eda<\/span><span class=\"s5\">,<\/span><span class=\"s5\"> se encuentran con los migrantes <\/span><span class=\"s5\">africanos y asi\u00e1ticos <\/span><span class=\"s5\">en boyas de goma o balsas<\/span><span class=\"s5\">,<\/span><span class=\"s5\"> siendo disparados en el Mediterr\u00e1neo y <\/span><span class=\"s5\">en <\/span><span class=\"s5\">el <\/span><span class=\"s5\">c<\/span><span class=\"s5\">anal de la Mancha. <\/span><\/span><\/p>\n<p class=\"s7\" style=\"text-align: justify;\"><span style=\"font-size: 16px;\"><span class=\"s5\">La<\/span><span class=\"s5\">s voces<\/span><span class=\"s5\"> de <\/span><span class=\"s5\">Cahuillaca<\/span><span class=\"s5\"> y su wawa se dejan escuchar en el Paititi, cantan con la energ\u00eda del <\/span><span class=\"s5\">aimara<\/span><span class=\"s5\">, la ilusi\u00f3n del <\/span><span class=\"s6\">spanglish<\/span><span class=\"s5\">, la comuni\u00f3n del <\/span><span class=\"s5\">cam<\/span><span class=\"s5\">\u00eb<\/span><span class=\"s5\">nt\u0161\u00e1<\/span><span class=\"s5\">. <\/span><span class=\"s5\">Sin embargo, <\/span><span class=\"s5\">sus quilcas viajan a lugares que no conocen y se <\/span><span class=\"s5\">hermana<\/span><span class=\"s5\">n con las j\u00f3venes turcas <\/span><span class=\"s5\">y las traves\u00edas<\/span><span class=\"s5\"> de<\/span><span class=\"s5\"> n\u00e1ufragos en llamas<\/span><span class=\"s5\"> y v\u00edctimas de misiles supers\u00f3nicos.<\/span><span class=\"s5\"> La poes\u00eda es transcontinental y hermana a los pueblos del Sur-Sur<\/span><span class=\"s5\">, sean estos Turqu\u00eda, el Per\u00fa o Palestina.<\/span> <span class=\"s5\">La voz de Carolina<\/span><span class=\"s5\">,\u00a0<\/span><span class=\"s5\">personificando la de Cahuillaca<\/span><span class=\"s5\">,<\/span><span class=\"s5\"> logra su m\u00e1xima potencialidad expresiva y originalidad en los poemas de mayor contenido l\u00edrico. <\/span><\/span><\/p>\n<p class=\"s7\" style=\"text-align: justify;\"><span style=\"font-size: 16px;\"><span class=\"s5\">En el bosque de los deseos<\/span><span class=\"s5\">,<\/span><span class=\"s5\"> Cahuillaca y Carolina se buscan a s\u00ed mismas en el canto de las rocas. Y realmente nosotras queremos <\/span><span class=\"s5\">que ella<\/span><span class=\"s5\">s<\/span><span class=\"s5\"> siga<\/span><span class=\"s5\">n<\/span><span class=\"s5\"> cantando y poder <\/span><span class=\"s5\">cantar <\/span><span class=\"s5\">todos <\/span><span class=\"s5\">con ella<\/span><span class=\"s5\">s<\/span><span class=\"s5\">. <\/span><\/span><\/p>\n<p class=\"s4\" style=\"text-align: justify;\"><span style=\"font-size: 16px;\"><strong><span class=\"s5\">Fern\u00e1ndez, Carolina O. <\/span><em><span class=\"s6\">Bordando <\/span><span class=\"s6\">quilcas<\/span><\/em><span class=\"s5\">. Hipatia Ediciones, 2023.<\/span><\/strong><\/span><\/p>\n<hr \/>\n<p class=\"s7\" style=\"text-align: justify;\"><span style=\"font-size: 16px; font-family: 'trebuchet ms', geneva, sans-serif;\"><span class=\"s3\"><strong>Carolina O. Fern\u00e1ndez<\/strong> (Lima\/\u00c1ncash).<\/span> <span class=\"s5\">Poeta y ensayista. Ha publicado los<\/span> <span class=\"s5\">poemarios <\/span><em><span class=\"s6\">Rumikuna<\/span><span class=\"s6\"> del mar\u00a0<\/span><\/em><span class=\"s5\">(2021);<\/span> <em><span class=\"s6\">No queremos cazar la noche<\/span><\/em><span class=\"s5\"> (2019);<\/span> <span class=\"s6\"><em>A tientas<\/em>\u00a0<\/span><span class=\"s5\">(2016), finalista en el Premio<\/span> <span class=\"s5\">Cop\u00e9 de Poes\u00eda 2015 y primer<\/span> <span class=\"s5\">premio de los Viernes Literarios 2014;<\/span> <em><span class=\"s6\">Un gato negro me hace un gui\u00f1o<\/span><\/em><span class=\"s5\"> (2005);<\/span> <span class=\"s6\"><em>Cuando la luna crece<\/em>\u00a0<\/span><span class=\"s5\">(1996), entre otros.<\/span> <span class=\"s5\">Su obra po\u00e9tica y sus ensayos han sido\u00a0<\/span><span class=\"s5\">publicados en algunas revistas y antolog\u00edas.<\/span> <span class=\"s5\">Es profesora e investigadora<\/span> <span class=\"s5\">de la Universidad Nacional Mayor de<\/span> <span class=\"s5\">San Marcos (UNMSM). En 2022, Carolina O. Fern\u00e1ndez\u00a0<\/span><span class=\"s5\">obtuvo una menci\u00f3n especial en el Premio<\/span> <span class=\"s5\">Casa de las Am\u00e9ricas, en la categor\u00eda<\/span> <span class=\"s5\">de poes\u00eda, por <\/span><em><span class=\"s6\">Bordando <\/span><span class=\"s6\">quilcas<\/span><\/em><span class=\"s5\">.\u00a0<\/span><span class=\"s5\">Un adelanto de esta obra se public\u00f3 en<\/span> <span class=\"s5\">2021 bajo el t\u00edtulo <\/span><em><span class=\"s6\">Rumikuna<\/span><span class=\"s6\"> del mar<\/span><\/em> <span class=\"s5\">con el sello Hanan Harawi.<\/span><\/span><\/p>\n<p><a href=\"https:\/\/lascriticas.com\/index.php\/lascriticas\/carolina-ortiz-fernandez\/\"><span style=\"font-size: 16px; font-family: 'trebuchet ms', geneva, sans-serif;\"><strong>Acerca de Yolanda Westphalen<\/strong><\/span><\/a><\/p>\n<p class=\"s4\">\n","protected":false},"excerpt":{"rendered":"<p>Bordando quilcas, de Carolina O. Fern\u00e1ndez Hipatia Ediciones ha publicado recientemente, en una bella edici\u00f3n, el poemario Bordando quilcas de Carolina O. Fern\u00e1ndez, texto que recibi\u00f3 una merecida menci\u00f3n especial en el prestigioso premio internacional Casa de las Am\u00e9ricas 2022. Carolina es poeta y ensayista. Ha publicado los poemarios Rumikuna del mar (2021), No queremos&#8230;<\/p>\n","protected":false},"author":92,"featured_media":5700,"comment_status":"open","ping_status":"open","sticky":false,"template":"","format":"standard","meta":{"footnotes":""},"categories":[45,37],"tags":[1125,1129,1130,47,1127,1128,127,55,419,1126,867,292,873,559],"yoast_head":"<!-- This site is optimized with the Yoast SEO plugin v23.5 - https:\/\/yoast.com\/wordpress\/plugins\/seo\/ -->\n<title>Bordando quilcas, de Carolina O. Fern\u00e1ndez - Las Cr\u00edticas<\/title>\n<meta name=\"description\" content=\"Bordando quilcas, de Carolina O. Fern\u00e1ndez Hipatia Ediciones ha publicado recientemente, en una bella edici\u00f3n, el poemario Bordando quilcas de Carolina O.\" \/>\n<meta name=\"robots\" content=\"index, follow, max-snippet:-1, max-image-preview:large, max-video-preview:-1\" \/>\n<link rel=\"canonical\" href=\"https:\/\/lascriticas.com\/index.php\/2024\/01\/12\/bordando_quilcas\/\" \/>\n<meta property=\"og:locale\" content=\"es_ES\" \/>\n<meta property=\"og:type\" content=\"article\" \/>\n<meta property=\"og:title\" content=\"Bordando quilcas, de Carolina O. Fern\u00e1ndez - Las Cr\u00edticas\" \/>\n<meta property=\"og:description\" content=\"Bordando quilcas, de Carolina O. Fern\u00e1ndez Hipatia Ediciones ha publicado recientemente, en una bella edici\u00f3n, el poemario Bordando quilcas de Carolina O.\" \/>\n<meta property=\"og:url\" content=\"https:\/\/lascriticas.com\/index.php\/2024\/01\/12\/bordando_quilcas\/\" \/>\n<meta property=\"og:site_name\" content=\"Las Cr\u00edticas\" \/>\n<meta property=\"article:publisher\" content=\"https:\/\/www.facebook.com\/lascriticas\/\" \/>\n<meta property=\"article:published_time\" content=\"2024-01-12T21:43:34+00:00\" \/>\n<meta property=\"og:image\" content=\"https:\/\/lascriticas.com\/wp-content\/uploads\/2024\/01\/Carolina-O-Fernandez-1.jpg\" \/>\n\t<meta property=\"og:image:width\" content=\"1440\" \/>\n\t<meta property=\"og:image:height\" content=\"707\" \/>\n\t<meta property=\"og:image:type\" content=\"image\/jpeg\" \/>\n<meta name=\"author\" content=\"Yolanda Westphalen\" \/>\n<meta name=\"twitter:card\" content=\"summary_large_image\" \/>\n<meta name=\"twitter:creator\" content=\"@LasCriticas_com\" \/>\n<meta name=\"twitter:site\" content=\"@LasCriticas_com\" \/>\n<meta name=\"twitter:label1\" content=\"Escrito por\" \/>\n\t<meta name=\"twitter:data1\" content=\"Yolanda Westphalen\" \/>\n\t<meta name=\"twitter:label2\" content=\"Tiempo de lectura\" \/>\n\t<meta name=\"twitter:data2\" content=\"8 minutos\" \/>\n<script type=\"application\/ld+json\" class=\"yoast-schema-graph\">{\"@context\":\"https:\/\/schema.org\",\"@graph\":[{\"@type\":\"Article\",\"@id\":\"https:\/\/lascriticas.com\/index.php\/2024\/01\/12\/bordando_quilcas\/#article\",\"isPartOf\":{\"@id\":\"https:\/\/lascriticas.com\/index.php\/2024\/01\/12\/bordando_quilcas\/\"},\"author\":{\"name\":\"Yolanda Westphalen\",\"@id\":\"https:\/\/lascriticas.com\/#\/schema\/person\/7e057f7ca119ed451d249a6f364dff62\"},\"headline\":\"Bordando quilcas, de Carolina O. Fern\u00e1ndez\",\"datePublished\":\"2024-01-12T21:43:34+00:00\",\"dateModified\":\"2024-01-12T21:43:34+00:00\",\"mainEntityOfPage\":{\"@id\":\"https:\/\/lascriticas.com\/index.php\/2024\/01\/12\/bordando_quilcas\/\"},\"wordCount\":1834,\"commentCount\":0,\"publisher\":{\"@id\":\"https:\/\/lascriticas.com\/#organization\"},\"image\":{\"@id\":\"https:\/\/lascriticas.com\/index.php\/2024\/01\/12\/bordando_quilcas\/#primaryimage\"},\"thumbnailUrl\":\"https:\/\/lascriticas.com\/wp-content\/uploads\/2024\/01\/Carolina-O-Fernandez-1.jpg\",\"keywords\":[\"bordado\",\"colonialidad\",\"decolonial\",\"feminismo\",\"incas\",\"lengua originaria\",\"lenguaje\",\"poes\u00eda\",\"poes\u00eda peruana\",\"polisemia\",\"quechua\",\"trabajo\",\"trabajo dom\u00e9stico\",\"universo\"],\"articleSection\":[\"Poes\u00eda\",\"Rese\u00f1as\"],\"inLanguage\":\"es\",\"potentialAction\":[{\"@type\":\"CommentAction\",\"name\":\"Comment\",\"target\":[\"https:\/\/lascriticas.com\/index.php\/2024\/01\/12\/bordando_quilcas\/#respond\"]}]},{\"@type\":\"WebPage\",\"@id\":\"https:\/\/lascriticas.com\/index.php\/2024\/01\/12\/bordando_quilcas\/\",\"url\":\"https:\/\/lascriticas.com\/index.php\/2024\/01\/12\/bordando_quilcas\/\",\"name\":\"Bordando quilcas, de Carolina O. Fern\u00e1ndez - Las Cr\u00edticas\",\"isPartOf\":{\"@id\":\"https:\/\/lascriticas.com\/#website\"},\"primaryImageOfPage\":{\"@id\":\"https:\/\/lascriticas.com\/index.php\/2024\/01\/12\/bordando_quilcas\/#primaryimage\"},\"image\":{\"@id\":\"https:\/\/lascriticas.com\/index.php\/2024\/01\/12\/bordando_quilcas\/#primaryimage\"},\"thumbnailUrl\":\"https:\/\/lascriticas.com\/wp-content\/uploads\/2024\/01\/Carolina-O-Fernandez-1.jpg\",\"datePublished\":\"2024-01-12T21:43:34+00:00\",\"dateModified\":\"2024-01-12T21:43:34+00:00\",\"description\":\"Bordando quilcas, de Carolina O. Fern\u00e1ndez Hipatia Ediciones ha publicado recientemente, en una bella edici\u00f3n, el poemario Bordando quilcas de Carolina O.\",\"breadcrumb\":{\"@id\":\"https:\/\/lascriticas.com\/index.php\/2024\/01\/12\/bordando_quilcas\/#breadcrumb\"},\"inLanguage\":\"es\",\"potentialAction\":[{\"@type\":\"ReadAction\",\"target\":[\"https:\/\/lascriticas.com\/index.php\/2024\/01\/12\/bordando_quilcas\/\"]}]},{\"@type\":\"ImageObject\",\"inLanguage\":\"es\",\"@id\":\"https:\/\/lascriticas.com\/index.php\/2024\/01\/12\/bordando_quilcas\/#primaryimage\",\"url\":\"https:\/\/lascriticas.com\/wp-content\/uploads\/2024\/01\/Carolina-O-Fernandez-1.jpg\",\"contentUrl\":\"https:\/\/lascriticas.com\/wp-content\/uploads\/2024\/01\/Carolina-O-Fernandez-1.jpg\",\"width\":1440,\"height\":707},{\"@type\":\"BreadcrumbList\",\"@id\":\"https:\/\/lascriticas.com\/index.php\/2024\/01\/12\/bordando_quilcas\/#breadcrumb\",\"itemListElement\":[{\"@type\":\"ListItem\",\"position\":1,\"name\":\"Inicio\",\"item\":\"https:\/\/lascriticas.com\/\"},{\"@type\":\"ListItem\",\"position\":2,\"name\":\"Bordando quilcas, de Carolina O. Fern\u00e1ndez\"}]},{\"@type\":\"WebSite\",\"@id\":\"https:\/\/lascriticas.com\/#website\",\"url\":\"https:\/\/lascriticas.com\/\",\"name\":\"Las Cr\u00edticas\",\"description\":\"Cr\u00edtica literaria hecha por mujeres\",\"publisher\":{\"@id\":\"https:\/\/lascriticas.com\/#organization\"},\"potentialAction\":[{\"@type\":\"SearchAction\",\"target\":{\"@type\":\"EntryPoint\",\"urlTemplate\":\"https:\/\/lascriticas.com\/?s={search_term_string}\"},\"query-input\":{\"@type\":\"PropertyValueSpecification\",\"valueRequired\":true,\"valueName\":\"search_term_string\"}}],\"inLanguage\":\"es\"},{\"@type\":\"Organization\",\"@id\":\"https:\/\/lascriticas.com\/#organization\",\"name\":\"Las Cr\u00edticas\",\"url\":\"https:\/\/lascriticas.com\/\",\"logo\":{\"@type\":\"ImageObject\",\"inLanguage\":\"es\",\"@id\":\"https:\/\/lascriticas.com\/#\/schema\/logo\/image\/\",\"url\":\"https:\/\/lascriticas.com\/wp-content\/uploads\/2016\/09\/Las-Cr\u00edticas.png\",\"contentUrl\":\"https:\/\/lascriticas.com\/wp-content\/uploads\/2016\/09\/Las-Cr\u00edticas.png\",\"width\":372,\"height\":201,\"caption\":\"Las Cr\u00edticas\"},\"image\":{\"@id\":\"https:\/\/lascriticas.com\/#\/schema\/logo\/image\/\"},\"sameAs\":[\"https:\/\/www.facebook.com\/lascriticas\/\",\"https:\/\/x.com\/LasCriticas_com\",\"https:\/\/www.instagram.com\/lascriticas_com\/\",\"https:\/\/www.youtube.com\/channel\/UCd7r-H6EJA4sSXGLX33_iHQ\"]},{\"@type\":\"Person\",\"@id\":\"https:\/\/lascriticas.com\/#\/schema\/person\/7e057f7ca119ed451d249a6f364dff62\",\"name\":\"Yolanda Westphalen\",\"image\":{\"@type\":\"ImageObject\",\"inLanguage\":\"es\",\"@id\":\"https:\/\/lascriticas.com\/#\/schema\/person\/image\/\",\"url\":\"https:\/\/secure.gravatar.com\/avatar\/8f48c2a3cae5aee6733c9b12a262343f?s=96&d=mm&r=g\",\"contentUrl\":\"https:\/\/secure.gravatar.com\/avatar\/8f48c2a3cae5aee6733c9b12a262343f?s=96&d=mm&r=g\",\"caption\":\"Yolanda Westphalen\"},\"url\":\"https:\/\/lascriticas.com\/index.php\/author\/yolanda-westphalen\/\"}]}<\/script>\n<!-- \/ Yoast SEO plugin. -->","yoast_head_json":{"title":"Bordando quilcas, de Carolina O. Fern\u00e1ndez - Las Cr\u00edticas","description":"Bordando quilcas, de Carolina O. Fern\u00e1ndez Hipatia Ediciones ha publicado recientemente, en una bella edici\u00f3n, el poemario Bordando quilcas de Carolina O.","robots":{"index":"index","follow":"follow","max-snippet":"max-snippet:-1","max-image-preview":"max-image-preview:large","max-video-preview":"max-video-preview:-1"},"canonical":"https:\/\/lascriticas.com\/index.php\/2024\/01\/12\/bordando_quilcas\/","og_locale":"es_ES","og_type":"article","og_title":"Bordando quilcas, de Carolina O. Fern\u00e1ndez - Las Cr\u00edticas","og_description":"Bordando quilcas, de Carolina O. Fern\u00e1ndez Hipatia Ediciones ha publicado recientemente, en una bella edici\u00f3n, el poemario Bordando quilcas de Carolina O.","og_url":"https:\/\/lascriticas.com\/index.php\/2024\/01\/12\/bordando_quilcas\/","og_site_name":"Las Cr\u00edticas","article_publisher":"https:\/\/www.facebook.com\/lascriticas\/","article_published_time":"2024-01-12T21:43:34+00:00","og_image":[{"width":1440,"height":707,"url":"https:\/\/lascriticas.com\/wp-content\/uploads\/2024\/01\/Carolina-O-Fernandez-1.jpg","type":"image\/jpeg"}],"author":"Yolanda Westphalen","twitter_card":"summary_large_image","twitter_creator":"@LasCriticas_com","twitter_site":"@LasCriticas_com","twitter_misc":{"Escrito por":"Yolanda Westphalen","Tiempo de lectura":"8 minutos"},"schema":{"@context":"https:\/\/schema.org","@graph":[{"@type":"Article","@id":"https:\/\/lascriticas.com\/index.php\/2024\/01\/12\/bordando_quilcas\/#article","isPartOf":{"@id":"https:\/\/lascriticas.com\/index.php\/2024\/01\/12\/bordando_quilcas\/"},"author":{"name":"Yolanda Westphalen","@id":"https:\/\/lascriticas.com\/#\/schema\/person\/7e057f7ca119ed451d249a6f364dff62"},"headline":"Bordando quilcas, de Carolina O. Fern\u00e1ndez","datePublished":"2024-01-12T21:43:34+00:00","dateModified":"2024-01-12T21:43:34+00:00","mainEntityOfPage":{"@id":"https:\/\/lascriticas.com\/index.php\/2024\/01\/12\/bordando_quilcas\/"},"wordCount":1834,"commentCount":0,"publisher":{"@id":"https:\/\/lascriticas.com\/#organization"},"image":{"@id":"https:\/\/lascriticas.com\/index.php\/2024\/01\/12\/bordando_quilcas\/#primaryimage"},"thumbnailUrl":"https:\/\/lascriticas.com\/wp-content\/uploads\/2024\/01\/Carolina-O-Fernandez-1.jpg","keywords":["bordado","colonialidad","decolonial","feminismo","incas","lengua originaria","lenguaje","poes\u00eda","poes\u00eda peruana","polisemia","quechua","trabajo","trabajo dom\u00e9stico","universo"],"articleSection":["Poes\u00eda","Rese\u00f1as"],"inLanguage":"es","potentialAction":[{"@type":"CommentAction","name":"Comment","target":["https:\/\/lascriticas.com\/index.php\/2024\/01\/12\/bordando_quilcas\/#respond"]}]},{"@type":"WebPage","@id":"https:\/\/lascriticas.com\/index.php\/2024\/01\/12\/bordando_quilcas\/","url":"https:\/\/lascriticas.com\/index.php\/2024\/01\/12\/bordando_quilcas\/","name":"Bordando quilcas, de Carolina O. Fern\u00e1ndez - Las Cr\u00edticas","isPartOf":{"@id":"https:\/\/lascriticas.com\/#website"},"primaryImageOfPage":{"@id":"https:\/\/lascriticas.com\/index.php\/2024\/01\/12\/bordando_quilcas\/#primaryimage"},"image":{"@id":"https:\/\/lascriticas.com\/index.php\/2024\/01\/12\/bordando_quilcas\/#primaryimage"},"thumbnailUrl":"https:\/\/lascriticas.com\/wp-content\/uploads\/2024\/01\/Carolina-O-Fernandez-1.jpg","datePublished":"2024-01-12T21:43:34+00:00","dateModified":"2024-01-12T21:43:34+00:00","description":"Bordando quilcas, de Carolina O. Fern\u00e1ndez Hipatia Ediciones ha publicado recientemente, en una bella edici\u00f3n, el poemario Bordando quilcas de Carolina O.","breadcrumb":{"@id":"https:\/\/lascriticas.com\/index.php\/2024\/01\/12\/bordando_quilcas\/#breadcrumb"},"inLanguage":"es","potentialAction":[{"@type":"ReadAction","target":["https:\/\/lascriticas.com\/index.php\/2024\/01\/12\/bordando_quilcas\/"]}]},{"@type":"ImageObject","inLanguage":"es","@id":"https:\/\/lascriticas.com\/index.php\/2024\/01\/12\/bordando_quilcas\/#primaryimage","url":"https:\/\/lascriticas.com\/wp-content\/uploads\/2024\/01\/Carolina-O-Fernandez-1.jpg","contentUrl":"https:\/\/lascriticas.com\/wp-content\/uploads\/2024\/01\/Carolina-O-Fernandez-1.jpg","width":1440,"height":707},{"@type":"BreadcrumbList","@id":"https:\/\/lascriticas.com\/index.php\/2024\/01\/12\/bordando_quilcas\/#breadcrumb","itemListElement":[{"@type":"ListItem","position":1,"name":"Inicio","item":"https:\/\/lascriticas.com\/"},{"@type":"ListItem","position":2,"name":"Bordando quilcas, de Carolina O. Fern\u00e1ndez"}]},{"@type":"WebSite","@id":"https:\/\/lascriticas.com\/#website","url":"https:\/\/lascriticas.com\/","name":"Las Cr\u00edticas","description":"Cr\u00edtica literaria hecha por mujeres","publisher":{"@id":"https:\/\/lascriticas.com\/#organization"},"potentialAction":[{"@type":"SearchAction","target":{"@type":"EntryPoint","urlTemplate":"https:\/\/lascriticas.com\/?s={search_term_string}"},"query-input":{"@type":"PropertyValueSpecification","valueRequired":true,"valueName":"search_term_string"}}],"inLanguage":"es"},{"@type":"Organization","@id":"https:\/\/lascriticas.com\/#organization","name":"Las Cr\u00edticas","url":"https:\/\/lascriticas.com\/","logo":{"@type":"ImageObject","inLanguage":"es","@id":"https:\/\/lascriticas.com\/#\/schema\/logo\/image\/","url":"https:\/\/lascriticas.com\/wp-content\/uploads\/2016\/09\/Las-Cr\u00edticas.png","contentUrl":"https:\/\/lascriticas.com\/wp-content\/uploads\/2016\/09\/Las-Cr\u00edticas.png","width":372,"height":201,"caption":"Las Cr\u00edticas"},"image":{"@id":"https:\/\/lascriticas.com\/#\/schema\/logo\/image\/"},"sameAs":["https:\/\/www.facebook.com\/lascriticas\/","https:\/\/x.com\/LasCriticas_com","https:\/\/www.instagram.com\/lascriticas_com\/","https:\/\/www.youtube.com\/channel\/UCd7r-H6EJA4sSXGLX33_iHQ"]},{"@type":"Person","@id":"https:\/\/lascriticas.com\/#\/schema\/person\/7e057f7ca119ed451d249a6f364dff62","name":"Yolanda Westphalen","image":{"@type":"ImageObject","inLanguage":"es","@id":"https:\/\/lascriticas.com\/#\/schema\/person\/image\/","url":"https:\/\/secure.gravatar.com\/avatar\/8f48c2a3cae5aee6733c9b12a262343f?s=96&d=mm&r=g","contentUrl":"https:\/\/secure.gravatar.com\/avatar\/8f48c2a3cae5aee6733c9b12a262343f?s=96&d=mm&r=g","caption":"Yolanda Westphalen"},"url":"https:\/\/lascriticas.com\/index.php\/author\/yolanda-westphalen\/"}]}},"_links":{"self":[{"href":"https:\/\/lascriticas.com\/index.php\/wp-json\/wp\/v2\/posts\/5641"}],"collection":[{"href":"https:\/\/lascriticas.com\/index.php\/wp-json\/wp\/v2\/posts"}],"about":[{"href":"https:\/\/lascriticas.com\/index.php\/wp-json\/wp\/v2\/types\/post"}],"author":[{"embeddable":true,"href":"https:\/\/lascriticas.com\/index.php\/wp-json\/wp\/v2\/users\/92"}],"replies":[{"embeddable":true,"href":"https:\/\/lascriticas.com\/index.php\/wp-json\/wp\/v2\/comments?post=5641"}],"version-history":[{"count":7,"href":"https:\/\/lascriticas.com\/index.php\/wp-json\/wp\/v2\/posts\/5641\/revisions"}],"predecessor-version":[{"id":5688,"href":"https:\/\/lascriticas.com\/index.php\/wp-json\/wp\/v2\/posts\/5641\/revisions\/5688"}],"wp:featuredmedia":[{"embeddable":true,"href":"https:\/\/lascriticas.com\/index.php\/wp-json\/wp\/v2\/media\/5700"}],"wp:attachment":[{"href":"https:\/\/lascriticas.com\/index.php\/wp-json\/wp\/v2\/media?parent=5641"}],"wp:term":[{"taxonomy":"category","embeddable":true,"href":"https:\/\/lascriticas.com\/index.php\/wp-json\/wp\/v2\/categories?post=5641"},{"taxonomy":"post_tag","embeddable":true,"href":"https:\/\/lascriticas.com\/index.php\/wp-json\/wp\/v2\/tags?post=5641"}],"curies":[{"name":"wp","href":"https:\/\/api.w.org\/{rel}","templated":true}]}}