{"id":5582,"date":"2023-10-07T19:36:04","date_gmt":"2023-10-07T17:36:04","guid":{"rendered":"https:\/\/lascriticas.com\/?p=5582"},"modified":"2023-10-07T19:36:04","modified_gmt":"2023-10-07T17:36:04","slug":"la-piel-del-murcielago-de-diego-otero","status":"publish","type":"post","link":"https:\/\/lascriticas.com\/index.php\/2023\/10\/07\/la-piel-del-murcielago-de-diego-otero\/","title":{"rendered":"La piel del murci\u00e9lago, de Diego Otero"},"content":{"rendered":"<h1><span style=\"color: #ffffff; font-size: 16px;\">La piel del murci\u00e9lago, de Diego Otero<\/span><\/h1>\n<h2><b>El <em>Irma Vep<\/em> lime\u00f1o<\/b><\/h2>\n<p style=\"text-align: justify;\"><span style=\"font-size: 16px;\"><b><i>Irma Vep<\/i><\/b>\u00a0tambi\u00e9n es una pel\u00edcula de 1996 dirigida por el director franc\u00e9s <strong>Olivier Assayas<\/strong>\u00a0con la protagonista de Hong Kong: Maggie Cheung interpret\u00e1ndose a ella misma. En esta pel\u00edcula<span class=\"Apple-converted-space\">\u00a0<\/span>se muestran las dificultades de un director de cine<span class=\"Apple-converted-space\">\u00a0<\/span>(interpretado por Jean-Pierre L\u00e9aud), quien quiere a toda costa rehacer<span class=\"Apple-converted-space\">\u00a0<\/span>el cl\u00e1sico del<span class=\"Apple-converted-space\">\u00a0 <\/span>cinema mudo de Louis Feuillade, <em>Les Vampires<\/em>.<span class=\"Apple-converted-space\">\u00a0<\/span><\/span><\/p>\n<p style=\"text-align: justify;\"><span style=\"font-size: 16px;\"><i>Irma Vep<\/i>\u00a0tambi\u00e9n es un anagrama de vampiro, una serie que fue creada en 1915 por el director Louis Feuillade, quien ten\u00eda en su haber ya 20 a\u00f1os de creatividad cinem\u00e1tica, con unos 700 films dirigidos. Justamente, en una era considerada como el <em>Wild West<\/em>\u00a0de los esenciales del cine en Europa que se quebrajaba con la primera guerra mundial donde se romp\u00edan las reglas por doquier, esta serie de cine mudo se convirti\u00f3 extremadamente popular.<\/span><\/p>\n<p style=\"text-align: justify;\"><span style=\"font-size: 16px;\">Se podr\u00eda decir que <em>Irma Vep<\/em> est\u00e1 inspirada en una Musidora, y es el personaje que consigue que <em>Les Vampires<\/em> tenga un \u00e9xito rotundo, pero es Irma Vep,<span class=\"Apple-converted-space\">\u00a0<\/span>quien sin disculpas, <em>queer<\/em>, molesta , \u201crarita\u201d y super sensual<span class=\"Apple-converted-space\">\u00a0<\/span>logra una puesta en escena espectacular.<\/span><\/p>\n<p style=\"text-align: justify;\"><span style=\"font-size: 16px;\"><i>Irma vep<\/i>\u00a0tambi\u00e9n resulta ser Mira Harberg (Alicia Vikander), una<span class=\"Apple-converted-space\">\u00a0 <\/span>actriz<span class=\"Apple-converted-space\">\u00a0 <\/span>que atraviesa Paris en su auto despu\u00e9s de la premi\u00e8re de su \u00faltimo triunfo mientras conversa con su ex amante. <em>Irma Vep<\/em> (Sky Atlantic\/Now), la serie de ocho cap\u00edtulos hecha para HBO en 2022, tambi\u00e9n trata de recrear al personaje <em>queer<\/em>, hiper sexy, entre l\u00e9sbico y gatuno (pero que es en efecto un vampiro) y se encarama por los techos de su hotel parisino, en busca de m\u00e1s adrenalina.<\/span><\/p>\n<p><img loading=\"lazy\" decoding=\"async\" class=\"wp-image-5586 aligncenter\" title=\"La piel del murci\u00e9lago\" src=\"https:\/\/lascriticas.com\/wp-content\/uploads\/2023\/10\/Piel-del-murcielago.jpeg\" alt=\"\" width=\"425\" height=\"643\" \/><\/p>\n<p style=\"text-align: justify;\"><span style=\"font-size: 16px;\"><strong>Diego Otero<\/strong>, publica entonces en el 2023 un gran acierto con sus<span class=\"Apple-converted-space\">\u00a0<\/span>puntos d\u00e9biles, para la editorial Peisa en Lima:<span class=\"Apple-converted-space\">\u00a0<\/span><b><i>La piel del murci\u00e9lago<\/i><\/b>, libro<span class=\"Apple-converted-space\">\u00a0<\/span>de veintitantos cap\u00edtulos que te regresan a esa Lima adrenal\u00ednica, arrecha, <em>queer<\/em>, llena de mafias<span class=\"Apple-converted-space\">\u00a0 <\/span>inescrupulosas que han hecho de la capital peruana<span class=\"Apple-converted-space\">\u00a0<\/span>tanto la capital mon\u00e1stica<span class=\"Apple-converted-space\">\u00a0 <\/span>hiper<span class=\"Apple-converted-space\">\u00a0 <\/span>hip\u00f3crita,<span class=\"Apple-converted-space\">\u00a0 <\/span>de Sudam\u00e9rica, con su moral de t\u00e9<span class=\"Apple-converted-space\">\u00a0<\/span>de bolsita, pan con palta y drogas<span class=\"Apple-converted-space\">\u00a0<\/span>cada vez m\u00e1s modernas, y que sit\u00faan a los<span class=\"Apple-converted-space\">\u00a0 <\/span>personajes<span class=\"Apple-converted-space\">\u00a0 <\/span>en un thriller, que no puedes parar de leer de principio a fin. <em>L<\/em><i>a piel del murci\u00e9lago<\/i>\u00a0es un libro con varias partes, entre principios, finales y casas inconclusas, que te atrapan como<span class=\"Apple-converted-space\">\u00a0<\/span>un vuelo nocturno de vampiros a los que no puedes temer, porque son perfectamente sensibles, pero emanan de una realidad on\u00edrica que Otero aterriza en una realidad geogr\u00e1fica del mapa urbano<span class=\"Apple-converted-space\">\u00a0<\/span>y la imaginaci\u00f3n salta en los veinticuatro cap\u00edtulos, de tal manera que viajas en taxi y por los techos de varios barrios, sin temor a caerte.<span class=\"Apple-converted-space\">\u00a0<\/span><\/span><\/p>\n<p style=\"text-align: justify;\"><span style=\"font-size: 16px;\">Salvo la aparici\u00f3n de <strong>William Blake<\/strong> en persona<span class=\"Apple-converted-space\">\u00a0<\/span>(que me parece un poquito <em>weird<\/em> y algo<span class=\"Apple-converted-space\">\u00a0 <\/span>jalada de los pelos), Otero se lanza a la piel ambivalente y transcultural y pansexual peruana, heredada de los erotismos tempranos de los moches y chim\u00fas con sus cultos erotizados<span class=\"Apple-converted-space\">\u00a0<\/span>por la muerte, el oriente lejano, y las armas de fuego. Aclaro que nada tengo contra la necesidad po\u00e9tica de Blake, lo que me hizo ruido fue que apareciera y mantuviera un di\u00e1logo con Elisa.<\/span><\/p>\n<p style=\"text-align: justify;\"><span style=\"font-size: 16px;\"><i>La piel del murci\u00e9lago<\/i>\u00a0tiene<span class=\"Apple-converted-space\">\u00a0<\/span>varias posibles lecturas, desde sociol\u00f3gicas, literarias, hist\u00f3ricas, interdisciplinarias,<span class=\"Apple-converted-space\">\u00a0<\/span>hasta<span class=\"Apple-converted-space\">\u00a0<\/span>ligeras y banales, que hacen de un Otero un poeta que sabe<span class=\"Apple-converted-space\">\u00a0 <\/span>narrar.<\/span><\/p>\n<p style=\"text-align: justify;\"><span style=\"font-size: 16px;\">Como repito, la figura de Blake caminando por all\u00ed y conversando como si ya fuera lime\u00f1o me incomoda un poco, pero la idea que Elisa es \u201cThe Sick Rose\u201d of Blake, la rosa enferma, me emociona hasta<span class=\"Apple-converted-space\">\u00a0 <\/span>redimirlo.<\/span><\/p>\n<p style=\"text-align: justify;\"><span style=\"font-size: 16px;\">No he podido evitar pensar en Irma Vep y en The sick Rose, durante toda la lectura.<\/span><\/p>\n<p style=\"text-align: justify;\"><span style=\"font-size: 16px;\">Hay otras cositas que a una lectora pesada como yo le hacen bulla, como que las escenas en la playa y en los techos podr\u00edan representarse m\u00e1s Kung Fucianas (no confucianas), por algo Ling Yu Kang, excelente personaje del libro y su relaci\u00f3n con Elisa hacen la magia total de esta piel.<\/span><\/p>\n<p style=\"text-align: justify;\"><span style=\"font-size: 16px;\">Para m\u00ed, Otero hace un remake peruano de <em>I<\/em><i>rma Vep<\/i>\u00a0lime\u00f1o, porque al final de leer el libro y con todo el esfuerzo, pericia literaria de Otero para introducirse en<span class=\"Apple-converted-space\">\u00a0 <\/span>la piel del murci\u00e9lago, acaba siendo \u00e9l,<span class=\"Apple-converted-space\">\u00a0<\/span>un escritor masculino que sabe<span class=\"Apple-converted-space\">\u00a0<\/span>bastante de pol\u00edtica peruana, centralismo perucho y erotismo selv\u00e1tico. Incluso la necesidad del personaje adicto del taxista se muestra necesario para el escritor, obstaculizando de alguna forma sutil que los personajes femeninos: Elisa y su hermana Ling Yukan sean las protagonistas totales. Masculinidades lime\u00f1as pero con enorme dosis de sensibilidad<span class=\"Apple-converted-space\">\u00a0<\/span>elocuente y tratando de entender qu\u00e9 pasa<span class=\"Apple-converted-space\">\u00a0 <\/span>bajo las agallas y los huevos que tenemos las mujeres.<\/span><\/p>\n<p style=\"text-align: justify;\"><span style=\"font-size: 16px;\">\u00a1Bien jugada Peisa!<\/span><\/p>\n<p style=\"text-align: justify;\"><span style=\"font-size: 16px;\">Lima , agosto, 2023.<\/span><\/p>\n<p style=\"text-align: justify;\"><span style=\"font-size: 16px;\"><b>Otero, Diego. <i>La piel del Murci\u00e9lago.<\/i> Serie del Rio Hablador, Peisa, 2023.<\/b><\/span><\/p>\n<p style=\"text-align: right;\">foto (c) Carlos Sotomayor<\/p>\n<hr \/>\n<p style=\"text-align: justify;\"><span style=\"font-size: 16px; font-family: 'trebuchet ms', geneva, sans-serif;\"><strong>Diego Otero<\/strong> es un\u00a0poeta y narrador nacido en Lima, Per\u00fa, en 1973. Ha publicado los poemarios <em>Cinema Fulgor<\/em> (Colmillo Blanco, 1998), <em>Temporal<\/em> (Solar, 2005), y <em>Nocturama<\/em> (AUB, 2009), as\u00ed como la novela corta <em>D\u00edas laborables.<\/em><\/span><\/p>\n<p style=\"text-align: justify;\"><span style=\"font-size: 16px; font-family: 'trebuchet ms', geneva, sans-serif;\"><a href=\"https:\/\/lascriticas.com\/index.php\/lascriticas\/julia-wong\/\">Acerca de Julia Wong<\/a><\/span><\/p>\n","protected":false},"excerpt":{"rendered":"<p>La piel del murci\u00e9lago, de Diego Otero El Irma Vep lime\u00f1o Irma Vep\u00a0tambi\u00e9n es una pel\u00edcula de 1996 dirigida por el director franc\u00e9s Olivier Assayas\u00a0con la protagonista de Hong Kong: Maggie Cheung interpret\u00e1ndose a ella misma. En esta pel\u00edcula\u00a0se muestran las dificultades de un director de cine\u00a0(interpretado por Jean-Pierre L\u00e9aud), quien quiere a toda costa&#8230;<\/p>\n","protected":false},"author":12,"featured_media":5587,"comment_status":"open","ping_status":"open","sticky":false,"template":"","format":"standard","meta":{"footnotes":""},"categories":[43,37],"tags":[150,522,1115,1116,1114,55,1117,271,1113,1030,1112],"yoast_head":"<!-- This site is optimized with the Yoast SEO plugin v23.5 - https:\/\/yoast.com\/wordpress\/plugins\/seo\/ -->\n<title>La piel del murci\u00e9lago, de Diego Otero - Las Cr\u00edticas<\/title>\n<meta name=\"description\" content=\"La piel del murci\u00e9lago, de Diego Otero El Irma Vep lime\u00f1o Irma Vep\u00a0tambi\u00e9n es una pel\u00edcula de 1996 dirigida por el director franc\u00e9s Olivier Assayas\u00a0con la\" \/>\n<meta name=\"robots\" content=\"index, follow, max-snippet:-1, max-image-preview:large, max-video-preview:-1\" \/>\n<link rel=\"canonical\" href=\"https:\/\/lascriticas.com\/index.php\/2023\/10\/07\/la-piel-del-murcielago-de-diego-otero\/\" \/>\n<meta property=\"og:locale\" content=\"es_ES\" \/>\n<meta property=\"og:type\" content=\"article\" \/>\n<meta property=\"og:title\" content=\"La piel del murci\u00e9lago, de Diego Otero - Las Cr\u00edticas\" \/>\n<meta property=\"og:description\" content=\"La piel del murci\u00e9lago, de Diego Otero El Irma Vep lime\u00f1o Irma Vep\u00a0tambi\u00e9n es una pel\u00edcula de 1996 dirigida por el director franc\u00e9s Olivier Assayas\u00a0con la\" \/>\n<meta property=\"og:url\" content=\"https:\/\/lascriticas.com\/index.php\/2023\/10\/07\/la-piel-del-murcielago-de-diego-otero\/\" \/>\n<meta property=\"og:site_name\" content=\"Las Cr\u00edticas\" \/>\n<meta property=\"article:publisher\" content=\"https:\/\/www.facebook.com\/lascriticas\/\" \/>\n<meta property=\"article:published_time\" content=\"2023-10-07T17:36:04+00:00\" \/>\n<meta property=\"og:image\" content=\"https:\/\/lascriticas.com\/wp-content\/uploads\/2023\/10\/Diego-Otero.jpg\" \/>\n\t<meta property=\"og:image:width\" content=\"1440\" \/>\n\t<meta property=\"og:image:height\" content=\"707\" \/>\n\t<meta property=\"og:image:type\" content=\"image\/jpeg\" \/>\n<meta name=\"author\" content=\"Julia Wong\" \/>\n<meta name=\"twitter:card\" content=\"summary_large_image\" \/>\n<meta name=\"twitter:creator\" content=\"@LasCriticas_com\" \/>\n<meta name=\"twitter:site\" content=\"@LasCriticas_com\" \/>\n<meta name=\"twitter:label1\" content=\"Escrito por\" \/>\n\t<meta name=\"twitter:data1\" content=\"Julia Wong\" \/>\n\t<meta name=\"twitter:label2\" content=\"Tiempo de lectura\" \/>\n\t<meta name=\"twitter:data2\" content=\"4 minutos\" \/>\n<script type=\"application\/ld+json\" class=\"yoast-schema-graph\">{\"@context\":\"https:\/\/schema.org\",\"@graph\":[{\"@type\":\"Article\",\"@id\":\"https:\/\/lascriticas.com\/index.php\/2023\/10\/07\/la-piel-del-murcielago-de-diego-otero\/#article\",\"isPartOf\":{\"@id\":\"https:\/\/lascriticas.com\/index.php\/2023\/10\/07\/la-piel-del-murcielago-de-diego-otero\/\"},\"author\":{\"name\":\"Julia Wong\",\"@id\":\"https:\/\/lascriticas.com\/#\/schema\/person\/1a1d1da1e273ed112607e61092386186\"},\"headline\":\"La piel del murci\u00e9lago, de Diego Otero\",\"datePublished\":\"2023-10-07T17:36:04+00:00\",\"dateModified\":\"2023-10-07T17:36:04+00:00\",\"mainEntityOfPage\":{\"@id\":\"https:\/\/lascriticas.com\/index.php\/2023\/10\/07\/la-piel-del-murcielago-de-diego-otero\/\"},\"wordCount\":876,\"commentCount\":0,\"publisher\":{\"@id\":\"https:\/\/lascriticas.com\/#organization\"},\"image\":{\"@id\":\"https:\/\/lascriticas.com\/index.php\/2023\/10\/07\/la-piel-del-murcielago-de-diego-otero\/#primaryimage\"},\"thumbnailUrl\":\"https:\/\/lascriticas.com\/wp-content\/uploads\/2023\/10\/Diego-Otero.jpg\",\"keywords\":[\"fant\u00e1stico\",\"Lima\",\"mafia\",\"noche\",\"piel\",\"poes\u00eda\",\"po\u00e9tica urbana\",\"queer\",\"remake\",\"urbe\",\"vampiros\"],\"articleSection\":[\"Ficci\u00f3n\",\"Rese\u00f1as\"],\"inLanguage\":\"es\",\"potentialAction\":[{\"@type\":\"CommentAction\",\"name\":\"Comment\",\"target\":[\"https:\/\/lascriticas.com\/index.php\/2023\/10\/07\/la-piel-del-murcielago-de-diego-otero\/#respond\"]}]},{\"@type\":\"WebPage\",\"@id\":\"https:\/\/lascriticas.com\/index.php\/2023\/10\/07\/la-piel-del-murcielago-de-diego-otero\/\",\"url\":\"https:\/\/lascriticas.com\/index.php\/2023\/10\/07\/la-piel-del-murcielago-de-diego-otero\/\",\"name\":\"La piel del murci\u00e9lago, de Diego Otero - Las Cr\u00edticas\",\"isPartOf\":{\"@id\":\"https:\/\/lascriticas.com\/#website\"},\"primaryImageOfPage\":{\"@id\":\"https:\/\/lascriticas.com\/index.php\/2023\/10\/07\/la-piel-del-murcielago-de-diego-otero\/#primaryimage\"},\"image\":{\"@id\":\"https:\/\/lascriticas.com\/index.php\/2023\/10\/07\/la-piel-del-murcielago-de-diego-otero\/#primaryimage\"},\"thumbnailUrl\":\"https:\/\/lascriticas.com\/wp-content\/uploads\/2023\/10\/Diego-Otero.jpg\",\"datePublished\":\"2023-10-07T17:36:04+00:00\",\"dateModified\":\"2023-10-07T17:36:04+00:00\",\"description\":\"La piel del murci\u00e9lago, de Diego Otero El Irma Vep lime\u00f1o Irma Vep\u00a0tambi\u00e9n es una pel\u00edcula de 1996 dirigida por el director franc\u00e9s Olivier Assayas\u00a0con la\",\"breadcrumb\":{\"@id\":\"https:\/\/lascriticas.com\/index.php\/2023\/10\/07\/la-piel-del-murcielago-de-diego-otero\/#breadcrumb\"},\"inLanguage\":\"es\",\"potentialAction\":[{\"@type\":\"ReadAction\",\"target\":[\"https:\/\/lascriticas.com\/index.php\/2023\/10\/07\/la-piel-del-murcielago-de-diego-otero\/\"]}]},{\"@type\":\"ImageObject\",\"inLanguage\":\"es\",\"@id\":\"https:\/\/lascriticas.com\/index.php\/2023\/10\/07\/la-piel-del-murcielago-de-diego-otero\/#primaryimage\",\"url\":\"https:\/\/lascriticas.com\/wp-content\/uploads\/2023\/10\/Diego-Otero.jpg\",\"contentUrl\":\"https:\/\/lascriticas.com\/wp-content\/uploads\/2023\/10\/Diego-Otero.jpg\",\"width\":1440,\"height\":707},{\"@type\":\"BreadcrumbList\",\"@id\":\"https:\/\/lascriticas.com\/index.php\/2023\/10\/07\/la-piel-del-murcielago-de-diego-otero\/#breadcrumb\",\"itemListElement\":[{\"@type\":\"ListItem\",\"position\":1,\"name\":\"Inicio\",\"item\":\"https:\/\/lascriticas.com\/\"},{\"@type\":\"ListItem\",\"position\":2,\"name\":\"La piel del murci\u00e9lago, de Diego Otero\"}]},{\"@type\":\"WebSite\",\"@id\":\"https:\/\/lascriticas.com\/#website\",\"url\":\"https:\/\/lascriticas.com\/\",\"name\":\"Las Cr\u00edticas\",\"description\":\"Cr\u00edtica literaria hecha por mujeres\",\"publisher\":{\"@id\":\"https:\/\/lascriticas.com\/#organization\"},\"potentialAction\":[{\"@type\":\"SearchAction\",\"target\":{\"@type\":\"EntryPoint\",\"urlTemplate\":\"https:\/\/lascriticas.com\/?s={search_term_string}\"},\"query-input\":{\"@type\":\"PropertyValueSpecification\",\"valueRequired\":true,\"valueName\":\"search_term_string\"}}],\"inLanguage\":\"es\"},{\"@type\":\"Organization\",\"@id\":\"https:\/\/lascriticas.com\/#organization\",\"name\":\"Las Cr\u00edticas\",\"url\":\"https:\/\/lascriticas.com\/\",\"logo\":{\"@type\":\"ImageObject\",\"inLanguage\":\"es\",\"@id\":\"https:\/\/lascriticas.com\/#\/schema\/logo\/image\/\",\"url\":\"https:\/\/lascriticas.com\/wp-content\/uploads\/2016\/09\/Las-Cr\u00edticas.png\",\"contentUrl\":\"https:\/\/lascriticas.com\/wp-content\/uploads\/2016\/09\/Las-Cr\u00edticas.png\",\"width\":372,\"height\":201,\"caption\":\"Las Cr\u00edticas\"},\"image\":{\"@id\":\"https:\/\/lascriticas.com\/#\/schema\/logo\/image\/\"},\"sameAs\":[\"https:\/\/www.facebook.com\/lascriticas\/\",\"https:\/\/x.com\/LasCriticas_com\",\"https:\/\/www.instagram.com\/lascriticas_com\/\",\"https:\/\/www.youtube.com\/channel\/UCd7r-H6EJA4sSXGLX33_iHQ\"]},{\"@type\":\"Person\",\"@id\":\"https:\/\/lascriticas.com\/#\/schema\/person\/1a1d1da1e273ed112607e61092386186\",\"name\":\"Julia Wong\",\"image\":{\"@type\":\"ImageObject\",\"inLanguage\":\"es\",\"@id\":\"https:\/\/lascriticas.com\/#\/schema\/person\/image\/\",\"url\":\"https:\/\/secure.gravatar.com\/avatar\/d513dc4e3f6b0bec1dfed5d367952e0a?s=96&d=mm&r=g\",\"contentUrl\":\"https:\/\/secure.gravatar.com\/avatar\/d513dc4e3f6b0bec1dfed5d367952e0a?s=96&d=mm&r=g\",\"caption\":\"Julia Wong\"},\"url\":\"https:\/\/lascriticas.com\/index.php\/author\/julia-wong\/\"}]}<\/script>\n<!-- \/ Yoast SEO plugin. -->","yoast_head_json":{"title":"La piel del murci\u00e9lago, de Diego Otero - Las Cr\u00edticas","description":"La piel del murci\u00e9lago, de Diego Otero El Irma Vep lime\u00f1o Irma Vep\u00a0tambi\u00e9n es una pel\u00edcula de 1996 dirigida por el director franc\u00e9s Olivier Assayas\u00a0con la","robots":{"index":"index","follow":"follow","max-snippet":"max-snippet:-1","max-image-preview":"max-image-preview:large","max-video-preview":"max-video-preview:-1"},"canonical":"https:\/\/lascriticas.com\/index.php\/2023\/10\/07\/la-piel-del-murcielago-de-diego-otero\/","og_locale":"es_ES","og_type":"article","og_title":"La piel del murci\u00e9lago, de Diego Otero - Las Cr\u00edticas","og_description":"La piel del murci\u00e9lago, de Diego Otero El Irma Vep lime\u00f1o Irma Vep\u00a0tambi\u00e9n es una pel\u00edcula de 1996 dirigida por el director franc\u00e9s Olivier Assayas\u00a0con la","og_url":"https:\/\/lascriticas.com\/index.php\/2023\/10\/07\/la-piel-del-murcielago-de-diego-otero\/","og_site_name":"Las Cr\u00edticas","article_publisher":"https:\/\/www.facebook.com\/lascriticas\/","article_published_time":"2023-10-07T17:36:04+00:00","og_image":[{"width":1440,"height":707,"url":"https:\/\/lascriticas.com\/wp-content\/uploads\/2023\/10\/Diego-Otero.jpg","type":"image\/jpeg"}],"author":"Julia Wong","twitter_card":"summary_large_image","twitter_creator":"@LasCriticas_com","twitter_site":"@LasCriticas_com","twitter_misc":{"Escrito por":"Julia Wong","Tiempo de lectura":"4 minutos"},"schema":{"@context":"https:\/\/schema.org","@graph":[{"@type":"Article","@id":"https:\/\/lascriticas.com\/index.php\/2023\/10\/07\/la-piel-del-murcielago-de-diego-otero\/#article","isPartOf":{"@id":"https:\/\/lascriticas.com\/index.php\/2023\/10\/07\/la-piel-del-murcielago-de-diego-otero\/"},"author":{"name":"Julia Wong","@id":"https:\/\/lascriticas.com\/#\/schema\/person\/1a1d1da1e273ed112607e61092386186"},"headline":"La piel del murci\u00e9lago, de Diego Otero","datePublished":"2023-10-07T17:36:04+00:00","dateModified":"2023-10-07T17:36:04+00:00","mainEntityOfPage":{"@id":"https:\/\/lascriticas.com\/index.php\/2023\/10\/07\/la-piel-del-murcielago-de-diego-otero\/"},"wordCount":876,"commentCount":0,"publisher":{"@id":"https:\/\/lascriticas.com\/#organization"},"image":{"@id":"https:\/\/lascriticas.com\/index.php\/2023\/10\/07\/la-piel-del-murcielago-de-diego-otero\/#primaryimage"},"thumbnailUrl":"https:\/\/lascriticas.com\/wp-content\/uploads\/2023\/10\/Diego-Otero.jpg","keywords":["fant\u00e1stico","Lima","mafia","noche","piel","poes\u00eda","po\u00e9tica urbana","queer","remake","urbe","vampiros"],"articleSection":["Ficci\u00f3n","Rese\u00f1as"],"inLanguage":"es","potentialAction":[{"@type":"CommentAction","name":"Comment","target":["https:\/\/lascriticas.com\/index.php\/2023\/10\/07\/la-piel-del-murcielago-de-diego-otero\/#respond"]}]},{"@type":"WebPage","@id":"https:\/\/lascriticas.com\/index.php\/2023\/10\/07\/la-piel-del-murcielago-de-diego-otero\/","url":"https:\/\/lascriticas.com\/index.php\/2023\/10\/07\/la-piel-del-murcielago-de-diego-otero\/","name":"La piel del murci\u00e9lago, de Diego Otero - Las Cr\u00edticas","isPartOf":{"@id":"https:\/\/lascriticas.com\/#website"},"primaryImageOfPage":{"@id":"https:\/\/lascriticas.com\/index.php\/2023\/10\/07\/la-piel-del-murcielago-de-diego-otero\/#primaryimage"},"image":{"@id":"https:\/\/lascriticas.com\/index.php\/2023\/10\/07\/la-piel-del-murcielago-de-diego-otero\/#primaryimage"},"thumbnailUrl":"https:\/\/lascriticas.com\/wp-content\/uploads\/2023\/10\/Diego-Otero.jpg","datePublished":"2023-10-07T17:36:04+00:00","dateModified":"2023-10-07T17:36:04+00:00","description":"La piel del murci\u00e9lago, de Diego Otero El Irma Vep lime\u00f1o Irma Vep\u00a0tambi\u00e9n es una pel\u00edcula de 1996 dirigida por el director franc\u00e9s Olivier Assayas\u00a0con la","breadcrumb":{"@id":"https:\/\/lascriticas.com\/index.php\/2023\/10\/07\/la-piel-del-murcielago-de-diego-otero\/#breadcrumb"},"inLanguage":"es","potentialAction":[{"@type":"ReadAction","target":["https:\/\/lascriticas.com\/index.php\/2023\/10\/07\/la-piel-del-murcielago-de-diego-otero\/"]}]},{"@type":"ImageObject","inLanguage":"es","@id":"https:\/\/lascriticas.com\/index.php\/2023\/10\/07\/la-piel-del-murcielago-de-diego-otero\/#primaryimage","url":"https:\/\/lascriticas.com\/wp-content\/uploads\/2023\/10\/Diego-Otero.jpg","contentUrl":"https:\/\/lascriticas.com\/wp-content\/uploads\/2023\/10\/Diego-Otero.jpg","width":1440,"height":707},{"@type":"BreadcrumbList","@id":"https:\/\/lascriticas.com\/index.php\/2023\/10\/07\/la-piel-del-murcielago-de-diego-otero\/#breadcrumb","itemListElement":[{"@type":"ListItem","position":1,"name":"Inicio","item":"https:\/\/lascriticas.com\/"},{"@type":"ListItem","position":2,"name":"La piel del murci\u00e9lago, de Diego Otero"}]},{"@type":"WebSite","@id":"https:\/\/lascriticas.com\/#website","url":"https:\/\/lascriticas.com\/","name":"Las Cr\u00edticas","description":"Cr\u00edtica literaria hecha por mujeres","publisher":{"@id":"https:\/\/lascriticas.com\/#organization"},"potentialAction":[{"@type":"SearchAction","target":{"@type":"EntryPoint","urlTemplate":"https:\/\/lascriticas.com\/?s={search_term_string}"},"query-input":{"@type":"PropertyValueSpecification","valueRequired":true,"valueName":"search_term_string"}}],"inLanguage":"es"},{"@type":"Organization","@id":"https:\/\/lascriticas.com\/#organization","name":"Las Cr\u00edticas","url":"https:\/\/lascriticas.com\/","logo":{"@type":"ImageObject","inLanguage":"es","@id":"https:\/\/lascriticas.com\/#\/schema\/logo\/image\/","url":"https:\/\/lascriticas.com\/wp-content\/uploads\/2016\/09\/Las-Cr\u00edticas.png","contentUrl":"https:\/\/lascriticas.com\/wp-content\/uploads\/2016\/09\/Las-Cr\u00edticas.png","width":372,"height":201,"caption":"Las Cr\u00edticas"},"image":{"@id":"https:\/\/lascriticas.com\/#\/schema\/logo\/image\/"},"sameAs":["https:\/\/www.facebook.com\/lascriticas\/","https:\/\/x.com\/LasCriticas_com","https:\/\/www.instagram.com\/lascriticas_com\/","https:\/\/www.youtube.com\/channel\/UCd7r-H6EJA4sSXGLX33_iHQ"]},{"@type":"Person","@id":"https:\/\/lascriticas.com\/#\/schema\/person\/1a1d1da1e273ed112607e61092386186","name":"Julia Wong","image":{"@type":"ImageObject","inLanguage":"es","@id":"https:\/\/lascriticas.com\/#\/schema\/person\/image\/","url":"https:\/\/secure.gravatar.com\/avatar\/d513dc4e3f6b0bec1dfed5d367952e0a?s=96&d=mm&r=g","contentUrl":"https:\/\/secure.gravatar.com\/avatar\/d513dc4e3f6b0bec1dfed5d367952e0a?s=96&d=mm&r=g","caption":"Julia Wong"},"url":"https:\/\/lascriticas.com\/index.php\/author\/julia-wong\/"}]}},"_links":{"self":[{"href":"https:\/\/lascriticas.com\/index.php\/wp-json\/wp\/v2\/posts\/5582"}],"collection":[{"href":"https:\/\/lascriticas.com\/index.php\/wp-json\/wp\/v2\/posts"}],"about":[{"href":"https:\/\/lascriticas.com\/index.php\/wp-json\/wp\/v2\/types\/post"}],"author":[{"embeddable":true,"href":"https:\/\/lascriticas.com\/index.php\/wp-json\/wp\/v2\/users\/12"}],"replies":[{"embeddable":true,"href":"https:\/\/lascriticas.com\/index.php\/wp-json\/wp\/v2\/comments?post=5582"}],"version-history":[{"count":5,"href":"https:\/\/lascriticas.com\/index.php\/wp-json\/wp\/v2\/posts\/5582\/revisions"}],"predecessor-version":[{"id":5590,"href":"https:\/\/lascriticas.com\/index.php\/wp-json\/wp\/v2\/posts\/5582\/revisions\/5590"}],"wp:featuredmedia":[{"embeddable":true,"href":"https:\/\/lascriticas.com\/index.php\/wp-json\/wp\/v2\/media\/5587"}],"wp:attachment":[{"href":"https:\/\/lascriticas.com\/index.php\/wp-json\/wp\/v2\/media?parent=5582"}],"wp:term":[{"taxonomy":"category","embeddable":true,"href":"https:\/\/lascriticas.com\/index.php\/wp-json\/wp\/v2\/categories?post=5582"},{"taxonomy":"post_tag","embeddable":true,"href":"https:\/\/lascriticas.com\/index.php\/wp-json\/wp\/v2\/tags?post=5582"}],"curies":[{"name":"wp","href":"https:\/\/api.w.org\/{rel}","templated":true}]}}