{"id":5556,"date":"2023-10-07T19:34:56","date_gmt":"2023-10-07T17:34:56","guid":{"rendered":"https:\/\/lascriticas.com\/?p=5556"},"modified":"2023-10-12T11:39:35","modified_gmt":"2023-10-12T09:39:35","slug":"hacedores-de-espanto-de-christiane-felip-vidal","status":"publish","type":"post","link":"https:\/\/lascriticas.com\/index.php\/2023\/10\/07\/hacedores-de-espanto-de-christiane-felip-vidal\/","title":{"rendered":"Hacedores de espanto, de Christiane F\u00e9lip Vidal"},"content":{"rendered":"<h1><span style=\"color: #ffffff; font-size: 16px;\">Hacedores de espanto, de Christiane F\u00e9lip Vidal<\/span><\/h1>\n<p style=\"text-align: justify;\"><span style=\"font-size: 16px;\">La gran literatura latinoamericana, hace varios a\u00f1os lleva un estandarte flameando ic\u00f3nico, seguro y flexible a la vez, gracias a los textos de la escritora franco peruana <strong>Christiane F\u00e9lip Vidal<\/strong>.<\/span><\/p>\n<p style=\"text-align: justify;\"><span style=\"font-size: 16px;\">No es ninguna sorpresa que cada a\u00f1o, cuando aparece una entrega de esta detallista investigadora, con acervo literario como muy pocas otras escritoras gozan en la regi\u00f3n, el lector se queda embebido por su meticulosidad, certeza, y gran trabajo did\u00e1ctico en la elaboraci\u00f3n de textos.<\/span><\/p>\n<p style=\"text-align: justify;\"><span style=\"font-size: 16px;\">En sus libros aparecen <strong>cr\u00f3nicas literarias<\/strong> con una base hist\u00f3rica importante, la estructura que ampara sus diatribas y referencias vuela alto. En sus \u00faltimos libros, vemos que se entrega al \u00a0cien por ciento a hechos fidedignos, haciendo el tejido o <em>craft<\/em>\u00a0de sus argumentos, una bien entrelazada tarea de informaci\u00f3n hist\u00f3rica, \u00a0literatura cl\u00e1sica, en un macram\u00e9 sofisticado con el\u00a0<\/span><span style=\"font-size: 16px;\"><em>Zeitgeist.<\/em>\u00a0Sin embargo, lo m\u00e1s notable en todo esto es el punto cardinal con el que sabe usar la m\u00e1quina de ideas conjugando \u00e9tica, pensamiento cr\u00edtico, discurso de-constructor \u00a0y modernidad pop en sus propuestas.<\/span><\/p>\n<p><img loading=\"lazy\" decoding=\"async\" class=\"wp-image-5620  aligncenter\" title=\"Hacedores de espanto\" src=\"https:\/\/lascriticas.com\/wp-content\/uploads\/2023\/10\/26_standalone-image-1683609.jpg\" alt=\"\" width=\"358\" height=\"506\" \/><\/p>\n<p style=\"text-align: justify;\"><span style=\"font-size: 16px;\">F\u00e9lip Vidal, por tanto, dif\u00edcilmente va a pasar de moda. Tiene mucho que contar sobre su inter\u00e9s y observaci\u00f3n sobre la injusticia para retratarla y denunciarla de tal manera que haya un triple efecto en el lector: esa primera llamada de atenci\u00f3n sobre la gravedad de los problemas que nos acosan, la visibilidad de lo que muchos quieren barrer bajo la alfombra o esconder en anales oscurantistas de la historia oficial mal contada, pero sobre todo su inter\u00e9s en la intertextualidad con sus propias\u00a0 pasiones literarias y musicales.<\/span><\/p>\n<p style=\"text-align: justify;\"><span style=\"font-size: 16px;\">Un trabajo que viene elaborando desde hace varios a\u00f1os como un arte mayor.<\/span><\/p>\n<p style=\"text-align: justify;\"><span style=\"font-size: 16px;\">En <em>Hacedores de Espanto<\/em>, nos encontramos con <em>portraits<\/em>\u00a0de dictadores latinoamericanos de diferentes pa\u00edses , ya sea en la misma o diferentes \u00e9pocas: Chile, Argentina, Uruguay, Paraguay, Hait\u00ed, Nicaragua, Rep\u00fablica Dominicana, Nicaragua o Per\u00fa. Estos pa\u00edses estaban manejados por dictadores que esgrim\u00edan los hilos no solo en el mundo hispano sino en latitudes donde el franc\u00e9s (como Hait\u00ed), detentaba el poder pol\u00edtico como un canal para subyugar y abusar de su supuestamente pr\u00f3jimo. No es que la lengua materna tenga algo que ver con los dictadores, ni que sean los descendientes de criollos hispanos los que\u00a0 ejercitaron la barbarie de las \u00faltimas seis d\u00e9cadas en Am\u00e9rica latina, sino m\u00e1s bien parecer\u00eda que el continente latinoamericano ostenta una colecci\u00f3n museol\u00f3gica de la barbarie territorial con diferentes matices.<\/span><\/p>\n<p style=\"text-align: justify;\"><span style=\"font-size: 16px;\">\u00a0Etnia y\/o biotipo, idioma o tradici\u00f3n religiosa no son una variable fija para entender c\u00f3mo se construye el horror. Por ejemplo Fujimori no tiene ni un \u00e1pice de sangre hispana en las venas; como dice Roc\u00edo Silva Santisteban en el pr\u00f3logo: \u201c<em>todos los dictadores de este libro creen en Dios. Todos\u00a0 asesinaron, masacraron pueblos enteros, arrasaron aldeas y desaparecieron a miles de personas&#8230;\u201d<\/em><\/span><\/p>\n<p style=\"text-align: justify;\"><span style=\"font-size: 16px;\">Quiz\u00e1s el horror tiene una excusa en el momento de crearse, y es que los dictadores se sienten llamados por un poder divino, poder que al ser ejercitado en sus territorios desencadena al Homo Faber como art\u00edfice de lo sagrado en el sill\u00f3n presidencial. Appius Claudius Caecus (340 a. C.-273 a. C.) us\u00f3 en su obra <em>Sententi\u00e6<\/em>, la expresi\u00f3n Homo Faber\u00a0 por primera vez, refiri\u00e9ndose a la capacidad humana de ejercer su sabidur\u00eda para controlar su destino y su entorno: <em>Homo Faber suae quisque fortunae<\/em> (cada persona es art\u00edfice de su propio destino).<\/span><\/p>\n<p style=\"text-align: justify;\"><span style=\"font-size: 16px;\">As\u00ed los dictadores latinoamericanos que F\u00e9lip Vidal retrata en el tejido apropiado de su literatura e investigaci\u00f3n period\u00edstica (de las m\u00e1s acertadas), quieren controlar no s\u00f3lo su destino, sino de los que consideran sus s\u00fabditos, seres supuestamente menos capaces de ser ese \u00a0Homo Faber con soplo divino, \u00a0por el poder autoritario que quieren ejercer sobre ellos. Representan, entonces, a alg\u00fan dios en sus geograf\u00edas salvajes.<\/span><\/p>\n<p style=\"text-align: justify;\"><span style=\"font-size: 16px;\">No hemos tenido ninguna mujer dictadora que haya causado tales barbaries comparadas a las de sus pares, quiz\u00e1s porque el <em>Faber<\/em>\u00a0o la capacidad de \u201chacer\u201d ha estado casi siempre y hasta hace poco en manos masculinas, d\u00e1ndoles a los caballeros casi la exclusividad de generar espanto, de tal manera que cuando hacemos el recorrido por los personajes, que lamentablemente no son literarios sino reales, pensamos que la maldad es baluarte solamente del vigor en el var\u00f3n.<\/span><\/p>\n<p style=\"text-align: justify;\"><span style=\"font-size: 16px;\">Lamentablemente los \u00faltimos a\u00f1os de la historia, nos muestran que la f\u00e9mina Faber, tambi\u00e9n est\u00e1 aprendiendo c\u00f3mo fabricar horror y pronto tal vez no tenga que envidiarles nada a sus antecesores.<\/span><\/p>\n<p style=\"text-align: justify;\"><span style=\"font-size: 16px;\">Otra de mis hip\u00f3tesis es que Faber y el espanto, son conceptos cruciales en Am\u00e9rica latina. Antes que la f\u00e9mina y el homo, quiz\u00e1s el Faber es el concepto que caracteriza a la raza humana y que deber\u00eda acercarla a la divinidad en sabidur\u00eda y bondad, pero no en violencia y horror.<\/span><\/p>\n<p style=\"text-align: justify;\"><span style=\"font-size: 16px;\"><em>Hacedores de espanto\u00a0<\/em>es un texto que deber\u00eda ser de lectura obligatoria en colegios y universidades, para abrir ese di\u00e1logo nunca terminado de la historia oficial y las v\u00edctimas silenciosas que fueron impedidas de denunciar directamente en el tiempo en que sufrieron el agravio.<\/span><\/p>\n<p style=\"text-align: justify;\"><span style=\"font-size: 16px;\">Por suerte tarde o temprano, hay quien destapa el caj\u00f3n del horror y sabe que es necesario escribir este tipo de libros para la salud mental de los pueblos.<\/span><\/p>\n<p style=\"text-align: justify;\"><strong><span style=\"font-size: 16px;\">F\u00e9lip Vidal, Christiane. <em>Hacedores de Espanto: Un recorrido por las dictaduras latinoamericanas. <\/em>Cocodrilo ediciones. 2022.<\/span><\/strong><\/p>\n<p style=\"text-align: right;\">foto (c) El Comercio<\/p>\n<hr \/>\n<p><span style=\"font-size: 16px; font-family: 'trebuchet ms', geneva, sans-serif;\"><strong>Christiane F\u00e9lip-Vidal<\/strong> es una escritora franco-peruana. Ha publicado entre otros la novela <em>El silencio de la estrella,<\/em>\u00a0<em>El canto de los ahogados,\u00a0<\/em>la antolog\u00eda de mini ficciones <em>Basta, 100 mujeres contra la violencia de g\u00e9nero,\u00a0<\/em>la novela <i>La flor artificial <\/i>con\u00a0Sophie Canal, <em>Los espejos\u00a0<\/em><i>opacos<\/i>\u00a0y la cr\u00f3nica <em>Mujeres en conflicto.<\/em><\/span><\/p>\n<p><a href=\"https:\/\/lascriticas.com\/index.php\/lascriticas\/julia-wong\/\"><strong><span style=\"font-size: 16px; font-family: 'trebuchet ms', geneva, sans-serif;\">Acerca de Julia Wong<\/span><\/strong><\/a><\/p>\n","protected":false},"excerpt":{"rendered":"<p>Hacedores de espanto, de Christiane F\u00e9lip Vidal La gran literatura latinoamericana, hace varios a\u00f1os lleva un estandarte flameando ic\u00f3nico, seguro y flexible a la vez, gracias a los textos de la escritora franco peruana Christiane F\u00e9lip Vidal. No es ninguna sorpresa que cada a\u00f1o, cuando aparece una entrega de esta detallista investigadora, con acervo literario&#8230;<\/p>\n","protected":false},"author":12,"featured_media":5575,"comment_status":"open","ping_status":"open","sticky":false,"template":"","format":"standard","meta":{"footnotes":""},"categories":[849,37],"tags":[360,119,1111,356,407],"yoast_head":"<!-- This site is optimized with the Yoast SEO plugin v23.5 - https:\/\/yoast.com\/wordpress\/plugins\/seo\/ -->\n<title>Hacedores de espanto, de Christiane F\u00e9lip Vidal - Las Cr\u00edticas<\/title>\n<meta name=\"description\" content=\"Julia Wong escribe acerca de la cr\u00f3nica literaria Hacedores de espanto, de Christiane F\u00e9lip Vidal\" \/>\n<meta name=\"robots\" content=\"index, follow, max-snippet:-1, max-image-preview:large, max-video-preview:-1\" \/>\n<link rel=\"canonical\" href=\"https:\/\/lascriticas.com\/index.php\/2023\/10\/07\/hacedores-de-espanto-de-christiane-felip-vidal\/\" \/>\n<meta property=\"og:locale\" content=\"es_ES\" \/>\n<meta property=\"og:type\" content=\"article\" \/>\n<meta property=\"og:title\" content=\"Hacedores de espanto, de Christiane F\u00e9lip Vidal - Las Cr\u00edticas\" \/>\n<meta property=\"og:description\" content=\"Julia Wong escribe acerca de la cr\u00f3nica literaria Hacedores de espanto, de Christiane F\u00e9lip Vidal\" \/>\n<meta property=\"og:url\" content=\"https:\/\/lascriticas.com\/index.php\/2023\/10\/07\/hacedores-de-espanto-de-christiane-felip-vidal\/\" \/>\n<meta property=\"og:site_name\" content=\"Las Cr\u00edticas\" \/>\n<meta property=\"article:publisher\" content=\"https:\/\/www.facebook.com\/lascriticas\/\" \/>\n<meta property=\"article:published_time\" content=\"2023-10-07T17:34:56+00:00\" \/>\n<meta property=\"article:modified_time\" content=\"2023-10-12T09:39:35+00:00\" \/>\n<meta property=\"og:image\" content=\"https:\/\/lascriticas.com\/wp-content\/uploads\/2023\/10\/Christiane-Felip.jpg\" \/>\n\t<meta property=\"og:image:width\" content=\"1440\" \/>\n\t<meta property=\"og:image:height\" content=\"707\" \/>\n\t<meta property=\"og:image:type\" content=\"image\/jpeg\" \/>\n<meta name=\"author\" content=\"Julia Wong\" \/>\n<meta name=\"twitter:card\" content=\"summary_large_image\" \/>\n<meta name=\"twitter:creator\" content=\"@LasCriticas_com\" \/>\n<meta name=\"twitter:site\" content=\"@LasCriticas_com\" \/>\n<meta name=\"twitter:label1\" content=\"Escrito por\" \/>\n\t<meta name=\"twitter:data1\" content=\"Julia Wong\" \/>\n\t<meta name=\"twitter:label2\" content=\"Tiempo de lectura\" \/>\n\t<meta name=\"twitter:data2\" content=\"5 minutos\" \/>\n<script type=\"application\/ld+json\" class=\"yoast-schema-graph\">{\"@context\":\"https:\/\/schema.org\",\"@graph\":[{\"@type\":\"Article\",\"@id\":\"https:\/\/lascriticas.com\/index.php\/2023\/10\/07\/hacedores-de-espanto-de-christiane-felip-vidal\/#article\",\"isPartOf\":{\"@id\":\"https:\/\/lascriticas.com\/index.php\/2023\/10\/07\/hacedores-de-espanto-de-christiane-felip-vidal\/\"},\"author\":{\"name\":\"Julia Wong\",\"@id\":\"https:\/\/lascriticas.com\/#\/schema\/person\/1a1d1da1e273ed112607e61092386186\"},\"headline\":\"Hacedores de espanto, de Christiane F\u00e9lip Vidal\",\"datePublished\":\"2023-10-07T17:34:56+00:00\",\"dateModified\":\"2023-10-12T09:39:35+00:00\",\"mainEntityOfPage\":{\"@id\":\"https:\/\/lascriticas.com\/index.php\/2023\/10\/07\/hacedores-de-espanto-de-christiane-felip-vidal\/\"},\"wordCount\":1014,\"commentCount\":0,\"publisher\":{\"@id\":\"https:\/\/lascriticas.com\/#organization\"},\"image\":{\"@id\":\"https:\/\/lascriticas.com\/index.php\/2023\/10\/07\/hacedores-de-espanto-de-christiane-felip-vidal\/#primaryimage\"},\"thumbnailUrl\":\"https:\/\/lascriticas.com\/wp-content\/uploads\/2023\/10\/Christiane-Felip.jpg\",\"keywords\":[\"Am\u00e9rica Latina\",\"cr\u00f3nica\",\"dictador\",\"dictadura\",\"Latinoam\u00e9rica\"],\"articleSection\":[\"No ficci\u00f3n\",\"Rese\u00f1as\"],\"inLanguage\":\"es\",\"potentialAction\":[{\"@type\":\"CommentAction\",\"name\":\"Comment\",\"target\":[\"https:\/\/lascriticas.com\/index.php\/2023\/10\/07\/hacedores-de-espanto-de-christiane-felip-vidal\/#respond\"]}]},{\"@type\":\"WebPage\",\"@id\":\"https:\/\/lascriticas.com\/index.php\/2023\/10\/07\/hacedores-de-espanto-de-christiane-felip-vidal\/\",\"url\":\"https:\/\/lascriticas.com\/index.php\/2023\/10\/07\/hacedores-de-espanto-de-christiane-felip-vidal\/\",\"name\":\"Hacedores de espanto, de Christiane F\u00e9lip Vidal - Las Cr\u00edticas\",\"isPartOf\":{\"@id\":\"https:\/\/lascriticas.com\/#website\"},\"primaryImageOfPage\":{\"@id\":\"https:\/\/lascriticas.com\/index.php\/2023\/10\/07\/hacedores-de-espanto-de-christiane-felip-vidal\/#primaryimage\"},\"image\":{\"@id\":\"https:\/\/lascriticas.com\/index.php\/2023\/10\/07\/hacedores-de-espanto-de-christiane-felip-vidal\/#primaryimage\"},\"thumbnailUrl\":\"https:\/\/lascriticas.com\/wp-content\/uploads\/2023\/10\/Christiane-Felip.jpg\",\"datePublished\":\"2023-10-07T17:34:56+00:00\",\"dateModified\":\"2023-10-12T09:39:35+00:00\",\"description\":\"Julia Wong escribe acerca de la cr\u00f3nica literaria Hacedores de espanto, de Christiane F\u00e9lip Vidal\",\"breadcrumb\":{\"@id\":\"https:\/\/lascriticas.com\/index.php\/2023\/10\/07\/hacedores-de-espanto-de-christiane-felip-vidal\/#breadcrumb\"},\"inLanguage\":\"es\",\"potentialAction\":[{\"@type\":\"ReadAction\",\"target\":[\"https:\/\/lascriticas.com\/index.php\/2023\/10\/07\/hacedores-de-espanto-de-christiane-felip-vidal\/\"]}]},{\"@type\":\"ImageObject\",\"inLanguage\":\"es\",\"@id\":\"https:\/\/lascriticas.com\/index.php\/2023\/10\/07\/hacedores-de-espanto-de-christiane-felip-vidal\/#primaryimage\",\"url\":\"https:\/\/lascriticas.com\/wp-content\/uploads\/2023\/10\/Christiane-Felip.jpg\",\"contentUrl\":\"https:\/\/lascriticas.com\/wp-content\/uploads\/2023\/10\/Christiane-Felip.jpg\",\"width\":1440,\"height\":707},{\"@type\":\"BreadcrumbList\",\"@id\":\"https:\/\/lascriticas.com\/index.php\/2023\/10\/07\/hacedores-de-espanto-de-christiane-felip-vidal\/#breadcrumb\",\"itemListElement\":[{\"@type\":\"ListItem\",\"position\":1,\"name\":\"Inicio\",\"item\":\"https:\/\/lascriticas.com\/\"},{\"@type\":\"ListItem\",\"position\":2,\"name\":\"Hacedores de espanto, de Christiane F\u00e9lip Vidal\"}]},{\"@type\":\"WebSite\",\"@id\":\"https:\/\/lascriticas.com\/#website\",\"url\":\"https:\/\/lascriticas.com\/\",\"name\":\"Las Cr\u00edticas\",\"description\":\"Cr\u00edtica literaria hecha por mujeres\",\"publisher\":{\"@id\":\"https:\/\/lascriticas.com\/#organization\"},\"potentialAction\":[{\"@type\":\"SearchAction\",\"target\":{\"@type\":\"EntryPoint\",\"urlTemplate\":\"https:\/\/lascriticas.com\/?s={search_term_string}\"},\"query-input\":{\"@type\":\"PropertyValueSpecification\",\"valueRequired\":true,\"valueName\":\"search_term_string\"}}],\"inLanguage\":\"es\"},{\"@type\":\"Organization\",\"@id\":\"https:\/\/lascriticas.com\/#organization\",\"name\":\"Las Cr\u00edticas\",\"url\":\"https:\/\/lascriticas.com\/\",\"logo\":{\"@type\":\"ImageObject\",\"inLanguage\":\"es\",\"@id\":\"https:\/\/lascriticas.com\/#\/schema\/logo\/image\/\",\"url\":\"https:\/\/lascriticas.com\/wp-content\/uploads\/2016\/09\/Las-Cr\u00edticas.png\",\"contentUrl\":\"https:\/\/lascriticas.com\/wp-content\/uploads\/2016\/09\/Las-Cr\u00edticas.png\",\"width\":372,\"height\":201,\"caption\":\"Las Cr\u00edticas\"},\"image\":{\"@id\":\"https:\/\/lascriticas.com\/#\/schema\/logo\/image\/\"},\"sameAs\":[\"https:\/\/www.facebook.com\/lascriticas\/\",\"https:\/\/x.com\/LasCriticas_com\",\"https:\/\/www.instagram.com\/lascriticas_com\/\",\"https:\/\/www.youtube.com\/channel\/UCd7r-H6EJA4sSXGLX33_iHQ\"]},{\"@type\":\"Person\",\"@id\":\"https:\/\/lascriticas.com\/#\/schema\/person\/1a1d1da1e273ed112607e61092386186\",\"name\":\"Julia Wong\",\"image\":{\"@type\":\"ImageObject\",\"inLanguage\":\"es\",\"@id\":\"https:\/\/lascriticas.com\/#\/schema\/person\/image\/\",\"url\":\"https:\/\/secure.gravatar.com\/avatar\/d513dc4e3f6b0bec1dfed5d367952e0a?s=96&d=mm&r=g\",\"contentUrl\":\"https:\/\/secure.gravatar.com\/avatar\/d513dc4e3f6b0bec1dfed5d367952e0a?s=96&d=mm&r=g\",\"caption\":\"Julia Wong\"},\"url\":\"https:\/\/lascriticas.com\/index.php\/author\/julia-wong\/\"}]}<\/script>\n<!-- \/ Yoast SEO plugin. -->","yoast_head_json":{"title":"Hacedores de espanto, de Christiane F\u00e9lip Vidal - Las Cr\u00edticas","description":"Julia Wong escribe acerca de la cr\u00f3nica literaria Hacedores de espanto, de Christiane F\u00e9lip Vidal","robots":{"index":"index","follow":"follow","max-snippet":"max-snippet:-1","max-image-preview":"max-image-preview:large","max-video-preview":"max-video-preview:-1"},"canonical":"https:\/\/lascriticas.com\/index.php\/2023\/10\/07\/hacedores-de-espanto-de-christiane-felip-vidal\/","og_locale":"es_ES","og_type":"article","og_title":"Hacedores de espanto, de Christiane F\u00e9lip Vidal - Las Cr\u00edticas","og_description":"Julia Wong escribe acerca de la cr\u00f3nica literaria Hacedores de espanto, de Christiane F\u00e9lip Vidal","og_url":"https:\/\/lascriticas.com\/index.php\/2023\/10\/07\/hacedores-de-espanto-de-christiane-felip-vidal\/","og_site_name":"Las Cr\u00edticas","article_publisher":"https:\/\/www.facebook.com\/lascriticas\/","article_published_time":"2023-10-07T17:34:56+00:00","article_modified_time":"2023-10-12T09:39:35+00:00","og_image":[{"width":1440,"height":707,"url":"https:\/\/lascriticas.com\/wp-content\/uploads\/2023\/10\/Christiane-Felip.jpg","type":"image\/jpeg"}],"author":"Julia Wong","twitter_card":"summary_large_image","twitter_creator":"@LasCriticas_com","twitter_site":"@LasCriticas_com","twitter_misc":{"Escrito por":"Julia Wong","Tiempo de lectura":"5 minutos"},"schema":{"@context":"https:\/\/schema.org","@graph":[{"@type":"Article","@id":"https:\/\/lascriticas.com\/index.php\/2023\/10\/07\/hacedores-de-espanto-de-christiane-felip-vidal\/#article","isPartOf":{"@id":"https:\/\/lascriticas.com\/index.php\/2023\/10\/07\/hacedores-de-espanto-de-christiane-felip-vidal\/"},"author":{"name":"Julia Wong","@id":"https:\/\/lascriticas.com\/#\/schema\/person\/1a1d1da1e273ed112607e61092386186"},"headline":"Hacedores de espanto, de Christiane F\u00e9lip Vidal","datePublished":"2023-10-07T17:34:56+00:00","dateModified":"2023-10-12T09:39:35+00:00","mainEntityOfPage":{"@id":"https:\/\/lascriticas.com\/index.php\/2023\/10\/07\/hacedores-de-espanto-de-christiane-felip-vidal\/"},"wordCount":1014,"commentCount":0,"publisher":{"@id":"https:\/\/lascriticas.com\/#organization"},"image":{"@id":"https:\/\/lascriticas.com\/index.php\/2023\/10\/07\/hacedores-de-espanto-de-christiane-felip-vidal\/#primaryimage"},"thumbnailUrl":"https:\/\/lascriticas.com\/wp-content\/uploads\/2023\/10\/Christiane-Felip.jpg","keywords":["Am\u00e9rica Latina","cr\u00f3nica","dictador","dictadura","Latinoam\u00e9rica"],"articleSection":["No ficci\u00f3n","Rese\u00f1as"],"inLanguage":"es","potentialAction":[{"@type":"CommentAction","name":"Comment","target":["https:\/\/lascriticas.com\/index.php\/2023\/10\/07\/hacedores-de-espanto-de-christiane-felip-vidal\/#respond"]}]},{"@type":"WebPage","@id":"https:\/\/lascriticas.com\/index.php\/2023\/10\/07\/hacedores-de-espanto-de-christiane-felip-vidal\/","url":"https:\/\/lascriticas.com\/index.php\/2023\/10\/07\/hacedores-de-espanto-de-christiane-felip-vidal\/","name":"Hacedores de espanto, de Christiane F\u00e9lip Vidal - Las Cr\u00edticas","isPartOf":{"@id":"https:\/\/lascriticas.com\/#website"},"primaryImageOfPage":{"@id":"https:\/\/lascriticas.com\/index.php\/2023\/10\/07\/hacedores-de-espanto-de-christiane-felip-vidal\/#primaryimage"},"image":{"@id":"https:\/\/lascriticas.com\/index.php\/2023\/10\/07\/hacedores-de-espanto-de-christiane-felip-vidal\/#primaryimage"},"thumbnailUrl":"https:\/\/lascriticas.com\/wp-content\/uploads\/2023\/10\/Christiane-Felip.jpg","datePublished":"2023-10-07T17:34:56+00:00","dateModified":"2023-10-12T09:39:35+00:00","description":"Julia Wong escribe acerca de la cr\u00f3nica literaria Hacedores de espanto, de Christiane F\u00e9lip Vidal","breadcrumb":{"@id":"https:\/\/lascriticas.com\/index.php\/2023\/10\/07\/hacedores-de-espanto-de-christiane-felip-vidal\/#breadcrumb"},"inLanguage":"es","potentialAction":[{"@type":"ReadAction","target":["https:\/\/lascriticas.com\/index.php\/2023\/10\/07\/hacedores-de-espanto-de-christiane-felip-vidal\/"]}]},{"@type":"ImageObject","inLanguage":"es","@id":"https:\/\/lascriticas.com\/index.php\/2023\/10\/07\/hacedores-de-espanto-de-christiane-felip-vidal\/#primaryimage","url":"https:\/\/lascriticas.com\/wp-content\/uploads\/2023\/10\/Christiane-Felip.jpg","contentUrl":"https:\/\/lascriticas.com\/wp-content\/uploads\/2023\/10\/Christiane-Felip.jpg","width":1440,"height":707},{"@type":"BreadcrumbList","@id":"https:\/\/lascriticas.com\/index.php\/2023\/10\/07\/hacedores-de-espanto-de-christiane-felip-vidal\/#breadcrumb","itemListElement":[{"@type":"ListItem","position":1,"name":"Inicio","item":"https:\/\/lascriticas.com\/"},{"@type":"ListItem","position":2,"name":"Hacedores de espanto, de Christiane F\u00e9lip Vidal"}]},{"@type":"WebSite","@id":"https:\/\/lascriticas.com\/#website","url":"https:\/\/lascriticas.com\/","name":"Las Cr\u00edticas","description":"Cr\u00edtica literaria hecha por mujeres","publisher":{"@id":"https:\/\/lascriticas.com\/#organization"},"potentialAction":[{"@type":"SearchAction","target":{"@type":"EntryPoint","urlTemplate":"https:\/\/lascriticas.com\/?s={search_term_string}"},"query-input":{"@type":"PropertyValueSpecification","valueRequired":true,"valueName":"search_term_string"}}],"inLanguage":"es"},{"@type":"Organization","@id":"https:\/\/lascriticas.com\/#organization","name":"Las Cr\u00edticas","url":"https:\/\/lascriticas.com\/","logo":{"@type":"ImageObject","inLanguage":"es","@id":"https:\/\/lascriticas.com\/#\/schema\/logo\/image\/","url":"https:\/\/lascriticas.com\/wp-content\/uploads\/2016\/09\/Las-Cr\u00edticas.png","contentUrl":"https:\/\/lascriticas.com\/wp-content\/uploads\/2016\/09\/Las-Cr\u00edticas.png","width":372,"height":201,"caption":"Las Cr\u00edticas"},"image":{"@id":"https:\/\/lascriticas.com\/#\/schema\/logo\/image\/"},"sameAs":["https:\/\/www.facebook.com\/lascriticas\/","https:\/\/x.com\/LasCriticas_com","https:\/\/www.instagram.com\/lascriticas_com\/","https:\/\/www.youtube.com\/channel\/UCd7r-H6EJA4sSXGLX33_iHQ"]},{"@type":"Person","@id":"https:\/\/lascriticas.com\/#\/schema\/person\/1a1d1da1e273ed112607e61092386186","name":"Julia Wong","image":{"@type":"ImageObject","inLanguage":"es","@id":"https:\/\/lascriticas.com\/#\/schema\/person\/image\/","url":"https:\/\/secure.gravatar.com\/avatar\/d513dc4e3f6b0bec1dfed5d367952e0a?s=96&d=mm&r=g","contentUrl":"https:\/\/secure.gravatar.com\/avatar\/d513dc4e3f6b0bec1dfed5d367952e0a?s=96&d=mm&r=g","caption":"Julia Wong"},"url":"https:\/\/lascriticas.com\/index.php\/author\/julia-wong\/"}]}},"_links":{"self":[{"href":"https:\/\/lascriticas.com\/index.php\/wp-json\/wp\/v2\/posts\/5556"}],"collection":[{"href":"https:\/\/lascriticas.com\/index.php\/wp-json\/wp\/v2\/posts"}],"about":[{"href":"https:\/\/lascriticas.com\/index.php\/wp-json\/wp\/v2\/types\/post"}],"author":[{"embeddable":true,"href":"https:\/\/lascriticas.com\/index.php\/wp-json\/wp\/v2\/users\/12"}],"replies":[{"embeddable":true,"href":"https:\/\/lascriticas.com\/index.php\/wp-json\/wp\/v2\/comments?post=5556"}],"version-history":[{"count":6,"href":"https:\/\/lascriticas.com\/index.php\/wp-json\/wp\/v2\/posts\/5556\/revisions"}],"predecessor-version":[{"id":5621,"href":"https:\/\/lascriticas.com\/index.php\/wp-json\/wp\/v2\/posts\/5556\/revisions\/5621"}],"wp:featuredmedia":[{"embeddable":true,"href":"https:\/\/lascriticas.com\/index.php\/wp-json\/wp\/v2\/media\/5575"}],"wp:attachment":[{"href":"https:\/\/lascriticas.com\/index.php\/wp-json\/wp\/v2\/media?parent=5556"}],"wp:term":[{"taxonomy":"category","embeddable":true,"href":"https:\/\/lascriticas.com\/index.php\/wp-json\/wp\/v2\/categories?post=5556"},{"taxonomy":"post_tag","embeddable":true,"href":"https:\/\/lascriticas.com\/index.php\/wp-json\/wp\/v2\/tags?post=5556"}],"curies":[{"name":"wp","href":"https:\/\/api.w.org\/{rel}","templated":true}]}}