{"id":5485,"date":"2023-08-02T16:27:54","date_gmt":"2023-08-02T14:27:54","guid":{"rendered":"https:\/\/lascriticas.com\/?p=5485"},"modified":"2023-08-04T18:55:28","modified_gmt":"2023-08-04T16:55:28","slug":"pietra-viva-de-leonor-de-recondo","status":"publish","type":"post","link":"https:\/\/lascriticas.com\/index.php\/2023\/08\/02\/pietra-viva-de-leonor-de-recondo\/","title":{"rendered":"Pietra viva, de L\u00e9onor de R\u00e9condo"},"content":{"rendered":"<h1><span style=\"color: #ffffff; font-size: 16px;\">Pietra viva, de\u00a0L\u00e9onor de R\u00e9condo<\/span><\/h1>\n<p style=\"text-align: justify;\"><span style=\"font-size: 16px;\">Empec\u00e9 a leer la novela de L\u00e9onor de R\u00e9condo <em>Pietra viva<\/em>\u00a0tal vez por una cierta familiaridad tem\u00e1tica con la novela <em>H\u00e1blales de batallas, de reyes y de elefantes<\/em>, de otro narrador franc\u00e9s, <strong>Mathias Enard<\/strong>, que da cuenta del viaje de <strong>Miguel \u00c1ngel Buonarroti<\/strong> a Constantinopla, en mayo de 1506.<\/span><\/p>\n<p><img loading=\"lazy\" decoding=\"async\" class=\"aligncenter wp-image-5491\" title=\"Pietra viva\" src=\"https:\/\/lascriticas.com\/wp-content\/uploads\/2023\/08\/Pietra-viva.webp\" alt=\"\" width=\"344\" height=\"518\" \/><\/p>\n<p style=\"text-align: justify;\"><span style=\"font-size: 16px;\"><em>Pietra viva<\/em> se ocupa de la vida del gran escultor unos pocos meses antes, en la primavera de 1505, cuando emprende el viaje a Carrara en busca de los preciados bloques de m\u00e1rmol que requiere para esculpir la tumba desu mecenas, el papa Julio II. Miguel \u00c1ngel deja Roma abatido por la repentina muerte de Andrea, un joven monje cuya belleza evocar\u00e1 en el encierro de un cuarto de pensi\u00f3n en Carrera. Llevar\u00e1 consigo un libro de Pietra viva y la biblia del religioso.<\/span><\/p>\n<p style=\"text-align: justify;\"><span style=\"font-size: 16px;\">Dispensa a los laboriosos pobladores de Carrara un trato seco y un \u00e1nimo arisco, irritable. A pesar de todo y de s\u00ed mismo traba amistad con personajes del pueblo, Cavalino, un loco amable enamorado de una yegua y Michele, un ni\u00f1o que ha perdido a su madre.<\/span><\/p>\n<p style=\"text-align: justify;\"><span style=\"font-size: 16px;\">En la soledad de su habitaci\u00f3n se refugia en el recuerdo del ausente. Cuando se decide a abrir la Biblia en el evangelio de Juan, se topa con el vers\u00edculo marcado por su due\u00f1o, \u201cel Verbo se hizo carne y habit\u00f3 entre nosotros\u201d. Una revelaci\u00f3n se abre a Miguel \u00c1ngel, el paradero espiritual del monje; intuye que ha tocado un p\u00e1lpito.<\/span><\/p>\n<p style=\"text-align: justify;\"><span style=\"font-size: 16px;\">La novela de L\u00e9onor de R\u00e9condo se empe\u00f1a en explorar los grises de Miguel \u00c1ngel, una subjetividad desgarrada por ausencias, la de Andrea y otra, esquiva en el tiempo, de su madre que muri\u00f3 cuando \u00e9l era apenas un ni\u00f1o.<\/span><\/p>\n<p style=\"text-align: justify;\"><span style=\"font-size: 16px;\">La prosa en R\u00e9condo es laboriosa y penetrante, tallo y espina de un jard\u00edn que cultiva con esmero. El suyo es un relato que discurre a ras del suelo, ocupado en desbrozarlos instantes, describiendo con esmero artesanal la tierna evocaci\u00f3n que produce el olor del pan reci\u00e9n horneado o el gozo s\u00f3rdido del doliente que invoca el cuerpo m\u00f3rbido de Andrea.<\/span><\/p>\n<p style=\"text-align: justify;\"><span style=\"font-size: 16px;\">En <em>Pietra viva<\/em> opera un delicado trasvase de texturas, la mano tosca, cascada que sujeta el cincel es la mano pertinaz que anhela rozar la cabellera de su madre; la misma mano cuyos dedos acarician al descuido la tapa de cuero que cubre la Santa Biblia que fue de Andrea. Una novela que juega a transustanciar lo sensible y lo material.<\/span><\/p>\n<p style=\"text-align: justify;\"><span style=\"font-size: 16px;\">Muy recomendable.<\/span><\/p>\n<p><strong><span style=\"font-size: 16px;\">De R\u00e9condo, L\u00e9onor. <em>Pietra viva<\/em>. Traducci\u00f3n de Mar\u00eda Todo. Editorial Min\u00fascula, 2014.<\/span><\/strong><\/p>\n<hr \/>\n<p style=\"text-align: justify;\"><span style=\"font-size: 16px; font-family: 'trebuchet ms', geneva, sans-serif;\"><strong>L\u00e9onor de R\u00e9condo<\/strong> es una escritora y violinista francesa, autora de numerosas novelas que le han valido el reconocimiento de la cr\u00edtica. <em>Pietra viva<\/em> es su tercera novela.<\/span><\/p>\n<p style=\"text-align: justify;\"><a href=\"https:\/\/lascriticas.com\/index.php\/lascriticas\/irma-del-aguila\/\"><strong><span style=\"font-size: 16px; font-family: 'trebuchet ms', geneva, sans-serif;\">Acerca de Irma del Aguila<\/span><\/strong><\/a><\/p>\n","protected":false},"excerpt":{"rendered":"<p>Pietra viva, de\u00a0L\u00e9onor de R\u00e9condo Empec\u00e9 a leer la novela de L\u00e9onor de R\u00e9condo Pietra viva\u00a0tal vez por una cierta familiaridad tem\u00e1tica con la novela H\u00e1blales de batallas, de reyes y de elefantes, de otro narrador franc\u00e9s, Mathias Enard, que da cuenta del viaje de Miguel \u00c1ngel Buonarroti a Constantinopla, en mayo de 1506. Pietra&#8230;<\/p>\n","protected":false},"author":32,"featured_media":5489,"comment_status":"open","ping_status":"open","sticky":false,"template":"","format":"standard","meta":{"footnotes":""},"categories":[43,37],"tags":[312,969,310,1097,663,1098,53],"yoast_head":"<!-- This site is optimized with the Yoast SEO plugin v23.5 - https:\/\/yoast.com\/wordpress\/plugins\/seo\/ -->\n<title>Pietra viva, de L\u00e9onor de R\u00e9condo - Las Cr\u00edticas<\/title>\n<meta name=\"description\" content=\"Irma del Aguila escribe acerca de la novela Pietra viva de la escritora francesa L\u00e9onor de R\u00e9condo.\" \/>\n<meta name=\"robots\" content=\"index, follow, max-snippet:-1, max-image-preview:large, max-video-preview:-1\" \/>\n<link rel=\"canonical\" href=\"https:\/\/lascriticas.com\/index.php\/2023\/08\/02\/pietra-viva-de-leonor-de-recondo\/\" \/>\n<meta property=\"og:locale\" content=\"es_ES\" \/>\n<meta property=\"og:type\" content=\"article\" \/>\n<meta property=\"og:title\" content=\"Pietra viva, de L\u00e9onor de R\u00e9condo - Las Cr\u00edticas\" \/>\n<meta property=\"og:description\" content=\"Irma del Aguila escribe acerca de la novela Pietra viva de la escritora francesa L\u00e9onor de R\u00e9condo.\" \/>\n<meta property=\"og:url\" content=\"https:\/\/lascriticas.com\/index.php\/2023\/08\/02\/pietra-viva-de-leonor-de-recondo\/\" \/>\n<meta property=\"og:site_name\" content=\"Las Cr\u00edticas\" \/>\n<meta property=\"article:publisher\" content=\"https:\/\/www.facebook.com\/lascriticas\/\" \/>\n<meta property=\"article:published_time\" content=\"2023-08-02T14:27:54+00:00\" \/>\n<meta property=\"article:modified_time\" content=\"2023-08-04T16:55:28+00:00\" \/>\n<meta property=\"og:image\" content=\"https:\/\/lascriticas.com\/wp-content\/uploads\/2023\/08\/Leonor-de-Recondo-1.jpg\" \/>\n\t<meta property=\"og:image:width\" content=\"1440\" \/>\n\t<meta property=\"og:image:height\" content=\"707\" \/>\n\t<meta property=\"og:image:type\" content=\"image\/jpeg\" \/>\n<meta name=\"author\" content=\"Irma del \u00c1guila\" \/>\n<meta name=\"twitter:card\" content=\"summary_large_image\" \/>\n<meta name=\"twitter:creator\" content=\"@LasCriticas_com\" \/>\n<meta name=\"twitter:site\" content=\"@LasCriticas_com\" \/>\n<meta name=\"twitter:label1\" content=\"Escrito por\" \/>\n\t<meta name=\"twitter:data1\" content=\"Irma del \u00c1guila\" \/>\n\t<meta name=\"twitter:label2\" content=\"Tiempo de lectura\" \/>\n\t<meta name=\"twitter:data2\" content=\"3 minutos\" \/>\n<script type=\"application\/ld+json\" class=\"yoast-schema-graph\">{\"@context\":\"https:\/\/schema.org\",\"@graph\":[{\"@type\":\"Article\",\"@id\":\"https:\/\/lascriticas.com\/index.php\/2023\/08\/02\/pietra-viva-de-leonor-de-recondo\/#article\",\"isPartOf\":{\"@id\":\"https:\/\/lascriticas.com\/index.php\/2023\/08\/02\/pietra-viva-de-leonor-de-recondo\/\"},\"author\":{\"name\":\"Irma del \u00c1guila\",\"@id\":\"https:\/\/lascriticas.com\/#\/schema\/person\/226f22c6d57f371aa66568fef4436db9\"},\"headline\":\"Pietra viva, de L\u00e9onor de R\u00e9condo\",\"datePublished\":\"2023-08-02T14:27:54+00:00\",\"dateModified\":\"2023-08-04T16:55:28+00:00\",\"mainEntityOfPage\":{\"@id\":\"https:\/\/lascriticas.com\/index.php\/2023\/08\/02\/pietra-viva-de-leonor-de-recondo\/\"},\"wordCount\":495,\"commentCount\":0,\"publisher\":{\"@id\":\"https:\/\/lascriticas.com\/#organization\"},\"image\":{\"@id\":\"https:\/\/lascriticas.com\/index.php\/2023\/08\/02\/pietra-viva-de-leonor-de-recondo\/#primaryimage\"},\"thumbnailUrl\":\"https:\/\/lascriticas.com\/wp-content\/uploads\/2023\/08\/Leonor-de-Recondo-1.jpg\",\"keywords\":[\"arte\",\"artista\",\"creaci\u00f3n\",\"escultura\",\"espiritualidad\",\"estilo\",\"novela\"],\"articleSection\":[\"Ficci\u00f3n\",\"Rese\u00f1as\"],\"inLanguage\":\"es\",\"potentialAction\":[{\"@type\":\"CommentAction\",\"name\":\"Comment\",\"target\":[\"https:\/\/lascriticas.com\/index.php\/2023\/08\/02\/pietra-viva-de-leonor-de-recondo\/#respond\"]}]},{\"@type\":\"WebPage\",\"@id\":\"https:\/\/lascriticas.com\/index.php\/2023\/08\/02\/pietra-viva-de-leonor-de-recondo\/\",\"url\":\"https:\/\/lascriticas.com\/index.php\/2023\/08\/02\/pietra-viva-de-leonor-de-recondo\/\",\"name\":\"Pietra viva, de L\u00e9onor de R\u00e9condo - Las Cr\u00edticas\",\"isPartOf\":{\"@id\":\"https:\/\/lascriticas.com\/#website\"},\"primaryImageOfPage\":{\"@id\":\"https:\/\/lascriticas.com\/index.php\/2023\/08\/02\/pietra-viva-de-leonor-de-recondo\/#primaryimage\"},\"image\":{\"@id\":\"https:\/\/lascriticas.com\/index.php\/2023\/08\/02\/pietra-viva-de-leonor-de-recondo\/#primaryimage\"},\"thumbnailUrl\":\"https:\/\/lascriticas.com\/wp-content\/uploads\/2023\/08\/Leonor-de-Recondo-1.jpg\",\"datePublished\":\"2023-08-02T14:27:54+00:00\",\"dateModified\":\"2023-08-04T16:55:28+00:00\",\"description\":\"Irma del Aguila escribe acerca de la novela Pietra viva de la escritora francesa L\u00e9onor de R\u00e9condo.\",\"breadcrumb\":{\"@id\":\"https:\/\/lascriticas.com\/index.php\/2023\/08\/02\/pietra-viva-de-leonor-de-recondo\/#breadcrumb\"},\"inLanguage\":\"es\",\"potentialAction\":[{\"@type\":\"ReadAction\",\"target\":[\"https:\/\/lascriticas.com\/index.php\/2023\/08\/02\/pietra-viva-de-leonor-de-recondo\/\"]}]},{\"@type\":\"ImageObject\",\"inLanguage\":\"es\",\"@id\":\"https:\/\/lascriticas.com\/index.php\/2023\/08\/02\/pietra-viva-de-leonor-de-recondo\/#primaryimage\",\"url\":\"https:\/\/lascriticas.com\/wp-content\/uploads\/2023\/08\/Leonor-de-Recondo-1.jpg\",\"contentUrl\":\"https:\/\/lascriticas.com\/wp-content\/uploads\/2023\/08\/Leonor-de-Recondo-1.jpg\",\"width\":1440,\"height\":707},{\"@type\":\"BreadcrumbList\",\"@id\":\"https:\/\/lascriticas.com\/index.php\/2023\/08\/02\/pietra-viva-de-leonor-de-recondo\/#breadcrumb\",\"itemListElement\":[{\"@type\":\"ListItem\",\"position\":1,\"name\":\"Inicio\",\"item\":\"https:\/\/lascriticas.com\/\"},{\"@type\":\"ListItem\",\"position\":2,\"name\":\"Pietra viva, de L\u00e9onor de R\u00e9condo\"}]},{\"@type\":\"WebSite\",\"@id\":\"https:\/\/lascriticas.com\/#website\",\"url\":\"https:\/\/lascriticas.com\/\",\"name\":\"Las Cr\u00edticas\",\"description\":\"Cr\u00edtica literaria hecha por mujeres\",\"publisher\":{\"@id\":\"https:\/\/lascriticas.com\/#organization\"},\"potentialAction\":[{\"@type\":\"SearchAction\",\"target\":{\"@type\":\"EntryPoint\",\"urlTemplate\":\"https:\/\/lascriticas.com\/?s={search_term_string}\"},\"query-input\":{\"@type\":\"PropertyValueSpecification\",\"valueRequired\":true,\"valueName\":\"search_term_string\"}}],\"inLanguage\":\"es\"},{\"@type\":\"Organization\",\"@id\":\"https:\/\/lascriticas.com\/#organization\",\"name\":\"Las Cr\u00edticas\",\"url\":\"https:\/\/lascriticas.com\/\",\"logo\":{\"@type\":\"ImageObject\",\"inLanguage\":\"es\",\"@id\":\"https:\/\/lascriticas.com\/#\/schema\/logo\/image\/\",\"url\":\"https:\/\/lascriticas.com\/wp-content\/uploads\/2016\/09\/Las-Cr\u00edticas.png\",\"contentUrl\":\"https:\/\/lascriticas.com\/wp-content\/uploads\/2016\/09\/Las-Cr\u00edticas.png\",\"width\":372,\"height\":201,\"caption\":\"Las Cr\u00edticas\"},\"image\":{\"@id\":\"https:\/\/lascriticas.com\/#\/schema\/logo\/image\/\"},\"sameAs\":[\"https:\/\/www.facebook.com\/lascriticas\/\",\"https:\/\/x.com\/LasCriticas_com\",\"https:\/\/www.instagram.com\/lascriticas_com\/\",\"https:\/\/www.youtube.com\/channel\/UCd7r-H6EJA4sSXGLX33_iHQ\"]},{\"@type\":\"Person\",\"@id\":\"https:\/\/lascriticas.com\/#\/schema\/person\/226f22c6d57f371aa66568fef4436db9\",\"name\":\"Irma del \u00c1guila\",\"image\":{\"@type\":\"ImageObject\",\"inLanguage\":\"es\",\"@id\":\"https:\/\/lascriticas.com\/#\/schema\/person\/image\/\",\"url\":\"https:\/\/secure.gravatar.com\/avatar\/42479b6f3211fe259dd24e1c44810d77?s=96&d=mm&r=g\",\"contentUrl\":\"https:\/\/secure.gravatar.com\/avatar\/42479b6f3211fe259dd24e1c44810d77?s=96&d=mm&r=g\",\"caption\":\"Irma del \u00c1guila\"},\"url\":\"https:\/\/lascriticas.com\/index.php\/author\/irma-del-aguila\/\"}]}<\/script>\n<!-- \/ Yoast SEO plugin. -->","yoast_head_json":{"title":"Pietra viva, de L\u00e9onor de R\u00e9condo - Las Cr\u00edticas","description":"Irma del Aguila escribe acerca de la novela Pietra viva de la escritora francesa L\u00e9onor de R\u00e9condo.","robots":{"index":"index","follow":"follow","max-snippet":"max-snippet:-1","max-image-preview":"max-image-preview:large","max-video-preview":"max-video-preview:-1"},"canonical":"https:\/\/lascriticas.com\/index.php\/2023\/08\/02\/pietra-viva-de-leonor-de-recondo\/","og_locale":"es_ES","og_type":"article","og_title":"Pietra viva, de L\u00e9onor de R\u00e9condo - Las Cr\u00edticas","og_description":"Irma del Aguila escribe acerca de la novela Pietra viva de la escritora francesa L\u00e9onor de R\u00e9condo.","og_url":"https:\/\/lascriticas.com\/index.php\/2023\/08\/02\/pietra-viva-de-leonor-de-recondo\/","og_site_name":"Las Cr\u00edticas","article_publisher":"https:\/\/www.facebook.com\/lascriticas\/","article_published_time":"2023-08-02T14:27:54+00:00","article_modified_time":"2023-08-04T16:55:28+00:00","og_image":[{"width":1440,"height":707,"url":"https:\/\/lascriticas.com\/wp-content\/uploads\/2023\/08\/Leonor-de-Recondo-1.jpg","type":"image\/jpeg"}],"author":"Irma del \u00c1guila","twitter_card":"summary_large_image","twitter_creator":"@LasCriticas_com","twitter_site":"@LasCriticas_com","twitter_misc":{"Escrito por":"Irma del \u00c1guila","Tiempo de lectura":"3 minutos"},"schema":{"@context":"https:\/\/schema.org","@graph":[{"@type":"Article","@id":"https:\/\/lascriticas.com\/index.php\/2023\/08\/02\/pietra-viva-de-leonor-de-recondo\/#article","isPartOf":{"@id":"https:\/\/lascriticas.com\/index.php\/2023\/08\/02\/pietra-viva-de-leonor-de-recondo\/"},"author":{"name":"Irma del \u00c1guila","@id":"https:\/\/lascriticas.com\/#\/schema\/person\/226f22c6d57f371aa66568fef4436db9"},"headline":"Pietra viva, de L\u00e9onor de R\u00e9condo","datePublished":"2023-08-02T14:27:54+00:00","dateModified":"2023-08-04T16:55:28+00:00","mainEntityOfPage":{"@id":"https:\/\/lascriticas.com\/index.php\/2023\/08\/02\/pietra-viva-de-leonor-de-recondo\/"},"wordCount":495,"commentCount":0,"publisher":{"@id":"https:\/\/lascriticas.com\/#organization"},"image":{"@id":"https:\/\/lascriticas.com\/index.php\/2023\/08\/02\/pietra-viva-de-leonor-de-recondo\/#primaryimage"},"thumbnailUrl":"https:\/\/lascriticas.com\/wp-content\/uploads\/2023\/08\/Leonor-de-Recondo-1.jpg","keywords":["arte","artista","creaci\u00f3n","escultura","espiritualidad","estilo","novela"],"articleSection":["Ficci\u00f3n","Rese\u00f1as"],"inLanguage":"es","potentialAction":[{"@type":"CommentAction","name":"Comment","target":["https:\/\/lascriticas.com\/index.php\/2023\/08\/02\/pietra-viva-de-leonor-de-recondo\/#respond"]}]},{"@type":"WebPage","@id":"https:\/\/lascriticas.com\/index.php\/2023\/08\/02\/pietra-viva-de-leonor-de-recondo\/","url":"https:\/\/lascriticas.com\/index.php\/2023\/08\/02\/pietra-viva-de-leonor-de-recondo\/","name":"Pietra viva, de L\u00e9onor de R\u00e9condo - Las Cr\u00edticas","isPartOf":{"@id":"https:\/\/lascriticas.com\/#website"},"primaryImageOfPage":{"@id":"https:\/\/lascriticas.com\/index.php\/2023\/08\/02\/pietra-viva-de-leonor-de-recondo\/#primaryimage"},"image":{"@id":"https:\/\/lascriticas.com\/index.php\/2023\/08\/02\/pietra-viva-de-leonor-de-recondo\/#primaryimage"},"thumbnailUrl":"https:\/\/lascriticas.com\/wp-content\/uploads\/2023\/08\/Leonor-de-Recondo-1.jpg","datePublished":"2023-08-02T14:27:54+00:00","dateModified":"2023-08-04T16:55:28+00:00","description":"Irma del Aguila escribe acerca de la novela Pietra viva de la escritora francesa L\u00e9onor de R\u00e9condo.","breadcrumb":{"@id":"https:\/\/lascriticas.com\/index.php\/2023\/08\/02\/pietra-viva-de-leonor-de-recondo\/#breadcrumb"},"inLanguage":"es","potentialAction":[{"@type":"ReadAction","target":["https:\/\/lascriticas.com\/index.php\/2023\/08\/02\/pietra-viva-de-leonor-de-recondo\/"]}]},{"@type":"ImageObject","inLanguage":"es","@id":"https:\/\/lascriticas.com\/index.php\/2023\/08\/02\/pietra-viva-de-leonor-de-recondo\/#primaryimage","url":"https:\/\/lascriticas.com\/wp-content\/uploads\/2023\/08\/Leonor-de-Recondo-1.jpg","contentUrl":"https:\/\/lascriticas.com\/wp-content\/uploads\/2023\/08\/Leonor-de-Recondo-1.jpg","width":1440,"height":707},{"@type":"BreadcrumbList","@id":"https:\/\/lascriticas.com\/index.php\/2023\/08\/02\/pietra-viva-de-leonor-de-recondo\/#breadcrumb","itemListElement":[{"@type":"ListItem","position":1,"name":"Inicio","item":"https:\/\/lascriticas.com\/"},{"@type":"ListItem","position":2,"name":"Pietra viva, de L\u00e9onor de R\u00e9condo"}]},{"@type":"WebSite","@id":"https:\/\/lascriticas.com\/#website","url":"https:\/\/lascriticas.com\/","name":"Las Cr\u00edticas","description":"Cr\u00edtica literaria hecha por mujeres","publisher":{"@id":"https:\/\/lascriticas.com\/#organization"},"potentialAction":[{"@type":"SearchAction","target":{"@type":"EntryPoint","urlTemplate":"https:\/\/lascriticas.com\/?s={search_term_string}"},"query-input":{"@type":"PropertyValueSpecification","valueRequired":true,"valueName":"search_term_string"}}],"inLanguage":"es"},{"@type":"Organization","@id":"https:\/\/lascriticas.com\/#organization","name":"Las Cr\u00edticas","url":"https:\/\/lascriticas.com\/","logo":{"@type":"ImageObject","inLanguage":"es","@id":"https:\/\/lascriticas.com\/#\/schema\/logo\/image\/","url":"https:\/\/lascriticas.com\/wp-content\/uploads\/2016\/09\/Las-Cr\u00edticas.png","contentUrl":"https:\/\/lascriticas.com\/wp-content\/uploads\/2016\/09\/Las-Cr\u00edticas.png","width":372,"height":201,"caption":"Las Cr\u00edticas"},"image":{"@id":"https:\/\/lascriticas.com\/#\/schema\/logo\/image\/"},"sameAs":["https:\/\/www.facebook.com\/lascriticas\/","https:\/\/x.com\/LasCriticas_com","https:\/\/www.instagram.com\/lascriticas_com\/","https:\/\/www.youtube.com\/channel\/UCd7r-H6EJA4sSXGLX33_iHQ"]},{"@type":"Person","@id":"https:\/\/lascriticas.com\/#\/schema\/person\/226f22c6d57f371aa66568fef4436db9","name":"Irma del \u00c1guila","image":{"@type":"ImageObject","inLanguage":"es","@id":"https:\/\/lascriticas.com\/#\/schema\/person\/image\/","url":"https:\/\/secure.gravatar.com\/avatar\/42479b6f3211fe259dd24e1c44810d77?s=96&d=mm&r=g","contentUrl":"https:\/\/secure.gravatar.com\/avatar\/42479b6f3211fe259dd24e1c44810d77?s=96&d=mm&r=g","caption":"Irma del \u00c1guila"},"url":"https:\/\/lascriticas.com\/index.php\/author\/irma-del-aguila\/"}]}},"_links":{"self":[{"href":"https:\/\/lascriticas.com\/index.php\/wp-json\/wp\/v2\/posts\/5485"}],"collection":[{"href":"https:\/\/lascriticas.com\/index.php\/wp-json\/wp\/v2\/posts"}],"about":[{"href":"https:\/\/lascriticas.com\/index.php\/wp-json\/wp\/v2\/types\/post"}],"author":[{"embeddable":true,"href":"https:\/\/lascriticas.com\/index.php\/wp-json\/wp\/v2\/users\/32"}],"replies":[{"embeddable":true,"href":"https:\/\/lascriticas.com\/index.php\/wp-json\/wp\/v2\/comments?post=5485"}],"version-history":[{"count":6,"href":"https:\/\/lascriticas.com\/index.php\/wp-json\/wp\/v2\/posts\/5485\/revisions"}],"predecessor-version":[{"id":5513,"href":"https:\/\/lascriticas.com\/index.php\/wp-json\/wp\/v2\/posts\/5485\/revisions\/5513"}],"wp:featuredmedia":[{"embeddable":true,"href":"https:\/\/lascriticas.com\/index.php\/wp-json\/wp\/v2\/media\/5489"}],"wp:attachment":[{"href":"https:\/\/lascriticas.com\/index.php\/wp-json\/wp\/v2\/media?parent=5485"}],"wp:term":[{"taxonomy":"category","embeddable":true,"href":"https:\/\/lascriticas.com\/index.php\/wp-json\/wp\/v2\/categories?post=5485"},{"taxonomy":"post_tag","embeddable":true,"href":"https:\/\/lascriticas.com\/index.php\/wp-json\/wp\/v2\/tags?post=5485"}],"curies":[{"name":"wp","href":"https:\/\/api.w.org\/{rel}","templated":true}]}}