{"id":5442,"date":"2023-08-02T16:25:36","date_gmt":"2023-08-02T14:25:36","guid":{"rendered":"https:\/\/lascriticas.com\/?p=5442"},"modified":"2023-08-02T16:25:36","modified_gmt":"2023-08-02T14:25:36","slug":"el-norte-ya-no-existe-de-alina-gadea","status":"publish","type":"post","link":"https:\/\/lascriticas.com\/index.php\/2023\/08\/02\/el-norte-ya-no-existe-de-alina-gadea\/","title":{"rendered":"El norte ya no existe, de Alina Gadea"},"content":{"rendered":"\r\n<h1><span style=\"font-size: 16px; color: #ffffff;\">El norte ya no existe, de Alina Gadea<\/span><\/h1>\r\n\r\n\r\n\r\n<div class=\"wp-block-group is-layout-constrained wp-block-group-is-layout-constrained\"><div class=\"wp-block-group__inner-container\">\r\n<p style=\"text-align: justify;\"><span style=\"font-size: 16px;\"><strong><em>El norte ya no existe<\/em><\/strong>. Este es el t\u00edtulo del libro de Alina Gadea, reci\u00e9n publicado por Cocodrilo ediciones. Novela breve, 92 p\u00e1ginas repartidas en 11 cap\u00edtulos. Dos ep\u00edgrafes y una dedicatoria anteceden al texto.<\/span><\/p>\r\n<span style=\"font-size: 16px;\">\r\n\r\n<\/span>\r\n<p style=\"text-align: justify;\"><span style=\"font-size: 16px;\">Pero, antes de hablar de la novela, quisiera proponer un juego interpretativo. Imaginemos por unos instantes que la novela nos es completamente desconocida, que no sabemos de su existencia y no hemos escuchado ni su t\u00edtulo. Imaginemos que solo tenemos una frase en la portada de un \u00e1lbum de fotograf\u00edas o un diario que dice: \u201cel norte ya no existe\u201d.\u00a0<\/span><\/p>\r\n<span style=\"font-size: 16px;\">\r\n\r\n<\/span>\r\n<p style=\"text-align: justify;\"><span style=\"font-size: 16px;\">\u00bfQu\u00e9 pensamos sobre esta afirmaci\u00f3n? \u00bfC\u00f3mo la explicamos? \u00bfQu\u00e9 significados o im\u00e1genes podemos atribuirle? \u00bfA d\u00f3nde nos llevar\u00eda?<\/span><\/p>\r\n<p><img loading=\"lazy\" decoding=\"async\" class=\"aligncenter wp-image-5449 \" title=\"El norte ya no existe\" src=\"https:\/\/lascriticas.com\/wp-content\/uploads\/2023\/07\/El-norte-ya-no-existe.png\" alt=\"\" width=\"344\" height=\"484\" \/><\/p>\r\n<span style=\"font-size: 16px;\">\r\n\r\n<\/span>\r\n<p style=\"text-align: justify;\"><span style=\"font-size: 16px;\">\u201cEl norte ya no existe\u201d, en la materialidad de su lenguaje, me lleva hacia un referente desconocido, melanc\u00f3lico, sin duda po\u00e9tico, que debiera estar compuesto por algo de resignaci\u00f3n, pero tambi\u00e9n de cinismo, es decir, de rechazo a los convencionalismos y a la moral com\u00fanmente aceptada. Tambi\u00e9n me remite a un referente omitido: ausencia de ser, carencia de raz\u00f3n, vac\u00edo irrecuperable.<\/span><\/p>\r\n<span style=\"font-size: 16px;\">\r\n\r\n<\/span>\r\n<p style=\"text-align: justify;\"><span style=\"font-size: 16px;\">\u201cEl norte ya no existe\u201d, en su dimensi\u00f3n espacial, me hace pensar en que una parte de nuestro territorio ya no est\u00e1 m\u00e1s. Una porci\u00f3n del planeta tierra, incluso, podr\u00eda reportarse desaparecida, perdida para siempre. \u00bfTal vez por un cataclismo? \u00bfUna peste? \u00bfUna guerra? Me lleva a creer que estamos frente a una cat\u00e1strofe, un hecho postapocal\u00edptico, un radicalismo de ausencia, un precipicio insuperable.\u00a0<\/span><\/p>\r\n<span style=\"font-size: 16px;\">\r\n\r\n<\/span>\r\n<p style=\"text-align: justify;\"><span style=\"font-size: 16px;\">Cuando pienso en \u201cEl norte ya no existe\u201d en su dimensi\u00f3n temporal, temo por el ocaso del futuro, que \u2013de eclipsarse\u2013 arrasar\u00eda tambi\u00e9n con nuestro pasado y nuestro presente. Temer\u00eda por la desaparici\u00f3n de los derroteros a los que nos aferramos para avanzar en la historia personal o colectiva, la carta de navegaci\u00f3n para el paso a paso cotidiano. Estancamiento, entonces. Fin de los tiempos. Escatolog\u00eda.\u00a0<\/span><\/p>\r\n<span style=\"font-size: 16px;\">\r\n\r\n<\/span>\r\n<p style=\"text-align: justify;\"><span style=\"font-size: 16px;\">\u00bfY \u201cEl norte ya no existe\u201d en lo simb\u00f3lico? Pues, privaci\u00f3n del centro y del origen. Desorientaci\u00f3n. Merma de sentido. Navegantes y viajeros en estado de extrav\u00edo. Oc\u00e9ano sin faros. Algo se resquebraja en nuestra mirada: los ojos no saben d\u00f3nde posarse pues con el norte se pierden tambi\u00e9n los otros puntos cardinales. Laberinto. Mar de oscuridad. Arribo del invierno, del fr\u00edo polar, de la vejez y la muerte.\u00a0<\/span><\/p>\r\n<span style=\"font-size: 16px;\">\r\n\r\n<\/span>\r\n<p style=\"text-align: justify;\"><span style=\"font-size: 16px;\">Todos los elementos mencionados \u2013que se han activado en mi imaginaci\u00f3n con la sola lectura de la frase en cuesti\u00f3n\u2013 forman parte de este libro. Lo constituyen. Por ello, celebro, en primer lugar, este sugerente t\u00edtulo que moviliza los sentidos y sinsentidos que la trama propone a sus lectores.<\/span><\/p>\r\n<span style=\"font-size: 16px;\">\r\n\r\n<\/span>\r\n<p style=\"text-align: justify;\"><span style=\"font-size: 16px;\">Porque <em>El norte ya no existe<\/em> es el territorio y el tiempo de sujetos que, dadas ciertas circunstancias de excepcionalidad, se ven enfrentados a sus propios cuestionamientos existenciales, a las p\u00e9rdidas de sus propios nortes. En la mayor\u00eda de los casos, el rumbo de sus vidas se trastoca o altera de manera radical. \u00bfEl contexto? La pandemia y el confinamiento. Un hecho que, al igual que a los personajes, nos agarr\u00f3 a todos de sorpresa, sin preparaci\u00f3n ni programaci\u00f3n ni herramientas suficientes para sobrellevarlo.\u00a0<\/span><\/p>\r\n<span style=\"font-size: 16px;\">\r\n\r\n<\/span>\r\n<p style=\"text-align: justify;\"><span style=\"font-size: 16px;\">En esta coyuntura, encontramos en primer lugar a Gonzalo, un peruano radicado en Madrid, que acaba de jubilarse. Tiene todo planeado para retornar al Per\u00fa, en busca de un amor de juventud que no pudo ser, su amada Sof\u00eda. De un d\u00eda a otro, llegan las prohibiciones del COVID y el hombre, pasaje en mano, no puede viajar. Su frustraci\u00f3n es tan grande que lo lleva a cuestionar el sentido de su vida, pero tambi\u00e9n a identificar una serie de prejuicios y condicionamientos sociales que en su momento lo atraparon y cancelaron otras opciones de vivir, otros mundos posibles que nunca desarroll\u00f3, entre ellos, su relaci\u00f3n con Sof\u00eda. Pero no todo es malo en esta ecuaci\u00f3n. \u201cSu c\u00e1rcel personal, de renuncia a la libertad [nos dice la narradora], se est\u00e1 abriendo, a causa del encierro real. \/ Conforme pasan los d\u00edas, su mente, al igual que el aire, va quedando cada vez m\u00e1s limpia. Una repentina primavera se abre frente a su ventana\u201d (31).<\/span><\/p>\r\n<span style=\"font-size: 16px;\">\r\n\r\n<\/span>\r\n<p style=\"text-align: justify;\"><span style=\"font-size: 16px;\">Gonzalo no es el \u00fanico que vive esta toma de conciencia, esta apertura psicol\u00f3gica dentro del encierro f\u00edsico. Otros personajes se construyen en direcciones equivalentes. Por ejemplo, Iris, 46 a\u00f1os, esposa y madre, amante de la m\u00fasica. Su relaci\u00f3n de pareja se deteriora profundamente con la pandemia. Antes de la cuarentena, dice la novela, \u201cpod\u00edas soportar a\u00fan la presencia de Mariano [su esposo]. \u00c9l ocupaba un lugar accesorio y pasaba inadvertido. Un amor de segunda que era llevadero, hasta que tuviste que verlo las veinticuatro horas del d\u00eda, sin parar, durante casi dos a\u00f1os. La cuarentena aclar\u00f3 tu mente y tu vocaci\u00f3n de libertad\u201d (41). Iris tomar\u00e1 decisiones respecto de su futuro a partir de esta reflexi\u00f3n, y de la m\u00fasica, que es lo que verdaderamente le apasiona.\u00a0<\/span><\/p>\r\n<span style=\"font-size: 16px;\">\r\n\r\n<\/span>\r\n<p style=\"text-align: justify;\"><span style=\"font-size: 16px;\">La pregunta de fondo es, entonces: cu\u00e1nto peso tiene ese confinamiento concreto y material que mantiene a los personajes \u2013y a las personas del mundo real\u2013 adentro de sus habitaciones y viviendas, por un lado, frente al peso de los encierros y limitaciones derivadas de las estructuras mentales propias, autoencarcelamientos adoptados a partir de malas decisiones, de p\u00e9simos influjos, de perseguir ambiciones que poco o nada ten\u00edan que ver con el \u00e1mbito del deseo y la pasi\u00f3n, que fueron desorientadoras y que terminaron por eliminar cada \u201cnorte\u201d de cada vida. \u00a0<\/span><\/p>\r\n<span style=\"font-size: 16px;\">\r\n\r\n<\/span>\r\n<p style=\"text-align: justify;\"><span style=\"font-size: 16px;\">As\u00ed, en la historia narrada, concurren una serie de elementos que, a la manera de virus, producen sus respectivos encierros. Uno de los ep\u00edgrafes de la novela, de <strong>Albert Camus<\/strong>, viene a confirmar esta lectura. Dice Camus: \u201cLo peor de las pestes no es que mate los cuerpos, es que desnuda las almas y ese espect\u00e1culo es horroroso\u201d (7).\u00a0<\/span><\/p>\r\n<span style=\"font-size: 16px;\">\r\n\r\n<\/span>\r\n<p style=\"text-align: justify;\"><span style=\"font-size: 16px;\">\u00bfQu\u00e9 hay de horroroso en esta novela? \u00bfCu\u00e1les son las pestes que ocasionan las clausuras interiores?<\/span><\/p>\r\n<span style=\"font-size: 16px;\">\r\n\r\n<\/span>\r\n<p style=\"text-align: justify;\"><span style=\"font-size: 16px;\">Gioconda, por ejemplo, la madre de Gonzalo, representa el da\u00f1o que puede causar una madre narcisista, controladora, dominante, posesiva. Un virus que infect\u00f3 al hijo protagonista, con una din\u00e1mica que excedi\u00f3 con creces lo que corresponde al rol materno.\u00a0<\/span><\/p>\r\n<span style=\"font-size: 16px;\">\r\n\r\n<\/span>\r\n<p style=\"text-align: justify;\"><span style=\"font-size: 16px;\">Gonzalo, por su parte, que no supo marcar l\u00edmites a su madre y se someti\u00f3 irreflexivamente a sus manipulaciones, como un t\u00edtere de hilos. \u201cEra verdad lo que sent\u00eda durante la cuarentena [se plantea Gonzalo en la novela]. Hab\u00eda estado preso toda su vida. Bajo los tent\u00e1culos maternos. El cord\u00f3n umbilical nunca cortado. Todo hab\u00eda resultado distinto de lo que ella dec\u00eda\u201d (70).\u00a0<\/span><\/p>\r\n<span style=\"font-size: 16px;\">\r\n\r\n<\/span>\r\n<p style=\"text-align: justify;\"><span style=\"font-size: 16px;\">\u00bfHay peor encierro que el de no poder dar rienda suelta a los impulsos dictados desde el coraz\u00f3n?, parece preguntarnos la narradora por medio de Gonzalo. Un encierro que lleg\u00f3 desde las convenciones de clase, desde la pretensi\u00f3n de arribismo social: \u201cel colegio Maristas. Su madre. El entorno social. Hab\u00eda que casarse y tener hijos, trabajar sin parar, acumular bienes, viajar, comprar casas y carros. Enviar a los hijos a excelentes colegios y universidades\u201d (13). En el contexto del confinamiento y la edad madura, nada de esto resiste a una crisis de sentido.<\/span><\/p>\r\n<span style=\"font-size: 16px;\">\r\n\r\n<\/span>\r\n<p style=\"text-align: justify;\"><span style=\"font-size: 16px;\">Otro horror es el de la propia Sof\u00eda, la amada inalcanzada, la eterna Pen\u00e9lope. Ella se da cuenta que ha vivido su vida paralizada por el r\u00e9gimen de espera que le ha impuesto Gonzalo. \u201cSu orgullo de mujer le [ha impedido] hacerle reproches\u201d (27). Le ha tomado m\u00e1s de cuarenta a\u00f1os pensar en salir de la c\u00e1rcel de la postergaci\u00f3n, plantearse la posibilidad de dejar de ser un personaje secundario y tomar las riendas en busca de un nuevo norte para su vida.<\/span><\/p>\r\n<span style=\"font-size: 16px;\">\r\n\r\n<\/span>\r\n<p style=\"text-align: justify;\"><span style=\"font-size: 16px;\">Por otro lado, la novela sit\u00faa estas tomas de conciencia cuando estos personajes han llegado a la madurez de la vida. Hay, pues, algo de crisis de mediana edad en ellos. Ante el evento catastr\u00f3fico y con potencial terminal de la pandemia, la necesidad de hacer un giro radical aparece con fuerza imperativa. Gonzalo, dice el texto, \u201cIntuye que las \u00faltimas balas de su fogoso pasado se acabar\u00e1n pronto. Que sus \u00faltimos br\u00edos de libido terminar\u00e1n por apagarse en el confinamiento. Sesenta y cinco a\u00f1os. \u00bfD\u00f3nde hab\u00edan ido a parar los \u00faltimos cuarenta? El mundo hab\u00eda cambiado tanto. \u00bfD\u00f3nde se hab\u00eda ido la vida?\u201d (24).<\/span><\/p>\r\n<span style=\"font-size: 16px;\">\r\n\r\n<\/span>\r\n<p style=\"text-align: justify;\"><span style=\"font-size: 16px;\">Leemos algo de cinismo en estos giros, pues ellos se llevan a cabo sin considerar en profundidad la dimensi\u00f3n relacional o intersubjetiva de la vida. Sin responsabilidad afectiva, es decir, sin experimentar mayor conflicto o empat\u00eda respecto de las personas que quedan atr\u00e1s.<\/span><\/p>\r\n<span style=\"font-size: 16px;\">\r\n\r\n<\/span>\r\n<p style=\"text-align: justify;\"><span style=\"font-size: 16px;\">Por \u00faltimo, algo que me hubiera gustado encontrar en la novela es un poco m\u00e1s de espacio para m\u00ed en tanto lectora, para poder llegar a las interpretaciones que la trama sugiere u ofrece, y no que estas aparezcan conformando el propio texto.\u00a0<\/span><\/p>\r\n<span style=\"font-size: 16px;\">\r\n\r\n<\/span>\r\n<p style=\"text-align: justify;\"><span style=\"font-size: 16px;\">Es dif\u00edcil quedar fuera de esta novela, cuyo lenguaje explora principalmente el mundo interior de los sujetos, las idas y venidas de la vida puesta en perspectiva, mirada hacia atr\u00e1s y con el prisma de la urgencia que nos imponen las crisis, la de no perder ni un d\u00eda m\u00e1s pues este podr\u00eda ser el \u00faltimo.<\/span><\/p>\r\n<span style=\"font-size: 16px;\">\r\n\r\n<\/span>\r\n<p style=\"text-align: justify;\"><strong><span style=\"font-size: 16px;\">Gadea, Alina. <em>El norte ya no existe.<\/em> Cocodrilo ediciones, 2023.<\/span><\/strong><\/p>\r\n<hr \/>\r\n<p style=\"text-align: justify;\"><span style=\"font-family: 'trebuchet ms', geneva, sans-serif; font-size: 16px;\"><strong>Alina Gadea<\/strong>, es escritora y\u00a0abogada peruana. Ha publicado las novelas <em>Otra vida para Doris Kaplan<\/em>, <em>Obsesi\u00f3n<\/em>, <em>Destierro<\/em> y <em>Todo menos morir<\/em>.<\/span><\/p>\r\n<p style=\"text-align: justify;\"><a href=\"https:\/\/lascriticas.com\/index.php\/lascriticas\/lucero-de-vivanco\/\"><strong><span style=\"font-family: 'trebuchet ms', geneva, sans-serif; font-size: 16px;\">Acerca de Lucero de Vivanco<\/span><\/strong><\/a><\/p>\r\n<\/div><\/div>\r\n","protected":false},"excerpt":{"rendered":"<p>El norte ya no existe, de Alina Gadea El norte ya no existe. Este es el t\u00edtulo del libro de Alina Gadea, reci\u00e9n publicado por Cocodrilo ediciones. Novela breve, 92 p\u00e1ginas repartidas en 11 cap\u00edtulos. Dos ep\u00edgrafes y una dedicatoria anteceden al texto. Pero, antes de hablar de la novela, quisiera proponer un juego interpretativo&#8230;.<\/p>\n","protected":false},"author":99,"featured_media":5459,"comment_status":"open","ping_status":"open","sticky":false,"template":"","format":"standard","meta":{"footnotes":""},"categories":[43,37],"tags":[1092,582,503,178,51,53,1091,227,62],"yoast_head":"<!-- This site is optimized with the Yoast SEO plugin v23.5 - https:\/\/yoast.com\/wordpress\/plugins\/seo\/ -->\n<title>El norte ya no existe, de Alina Gadea - Las Cr\u00edticas<\/title>\n<meta name=\"description\" content=\"Lucero de Vivanco escribe una rese\u00f1a acerca de la nueva novela de la escritora peruana Alina Gadea\" \/>\n<meta name=\"robots\" content=\"index, follow, max-snippet:-1, max-image-preview:large, max-video-preview:-1\" \/>\n<link rel=\"canonical\" href=\"https:\/\/lascriticas.com\/index.php\/2023\/08\/02\/el-norte-ya-no-existe-de-alina-gadea\/\" \/>\n<meta property=\"og:locale\" content=\"es_ES\" \/>\n<meta property=\"og:type\" content=\"article\" \/>\n<meta property=\"og:title\" content=\"El norte ya no existe, de Alina Gadea - Las Cr\u00edticas\" \/>\n<meta property=\"og:description\" content=\"Lucero de Vivanco escribe una rese\u00f1a acerca de la nueva novela de la escritora peruana Alina Gadea\" \/>\n<meta property=\"og:url\" content=\"https:\/\/lascriticas.com\/index.php\/2023\/08\/02\/el-norte-ya-no-existe-de-alina-gadea\/\" \/>\n<meta property=\"og:site_name\" content=\"Las Cr\u00edticas\" \/>\n<meta property=\"article:publisher\" content=\"https:\/\/www.facebook.com\/lascriticas\/\" \/>\n<meta property=\"article:published_time\" content=\"2023-08-02T14:25:36+00:00\" \/>\n<meta property=\"og:image\" content=\"https:\/\/lascriticas.com\/wp-content\/uploads\/2023\/07\/Alina-Gadea.jpeg\" \/>\n\t<meta property=\"og:image:width\" content=\"1614\" \/>\n\t<meta property=\"og:image:height\" content=\"932\" \/>\n\t<meta property=\"og:image:type\" content=\"image\/jpeg\" \/>\n<meta name=\"author\" content=\"Lucero de Vivanco\" \/>\n<meta name=\"twitter:card\" content=\"summary_large_image\" \/>\n<meta name=\"twitter:creator\" content=\"@LasCriticas_com\" \/>\n<meta name=\"twitter:site\" content=\"@LasCriticas_com\" \/>\n<meta name=\"twitter:label1\" content=\"Escrito por\" \/>\n\t<meta name=\"twitter:data1\" content=\"Lucero de Vivanco\" \/>\n\t<meta name=\"twitter:label2\" content=\"Tiempo de lectura\" \/>\n\t<meta name=\"twitter:data2\" content=\"8 minutos\" \/>\n<script type=\"application\/ld+json\" class=\"yoast-schema-graph\">{\"@context\":\"https:\/\/schema.org\",\"@graph\":[{\"@type\":\"Article\",\"@id\":\"https:\/\/lascriticas.com\/index.php\/2023\/08\/02\/el-norte-ya-no-existe-de-alina-gadea\/#article\",\"isPartOf\":{\"@id\":\"https:\/\/lascriticas.com\/index.php\/2023\/08\/02\/el-norte-ya-no-existe-de-alina-gadea\/\"},\"author\":{\"name\":\"Lucero de Vivanco\",\"@id\":\"https:\/\/lascriticas.com\/#\/schema\/person\/b417a0adb28d01b32266eacc30996adf\"},\"headline\":\"El norte ya no existe, de Alina Gadea\",\"datePublished\":\"2023-08-02T14:25:36+00:00\",\"dateModified\":\"2023-08-02T14:25:36+00:00\",\"mainEntityOfPage\":{\"@id\":\"https:\/\/lascriticas.com\/index.php\/2023\/08\/02\/el-norte-ya-no-existe-de-alina-gadea\/\"},\"wordCount\":1647,\"commentCount\":0,\"publisher\":{\"@id\":\"https:\/\/lascriticas.com\/#organization\"},\"image\":{\"@id\":\"https:\/\/lascriticas.com\/index.php\/2023\/08\/02\/el-norte-ya-no-existe-de-alina-gadea\/#primaryimage\"},\"thumbnailUrl\":\"https:\/\/lascriticas.com\/wp-content\/uploads\/2023\/07\/Alina-Gadea.jpeg\",\"keywords\":[\"COVID\",\"crisis\",\"encierro\",\"Espa\u00f1a\",\"familia\",\"novela\",\"novela peruana\",\"pareja\",\"Per\u00fa\"],\"articleSection\":[\"Ficci\u00f3n\",\"Rese\u00f1as\"],\"inLanguage\":\"es\",\"potentialAction\":[{\"@type\":\"CommentAction\",\"name\":\"Comment\",\"target\":[\"https:\/\/lascriticas.com\/index.php\/2023\/08\/02\/el-norte-ya-no-existe-de-alina-gadea\/#respond\"]}]},{\"@type\":\"WebPage\",\"@id\":\"https:\/\/lascriticas.com\/index.php\/2023\/08\/02\/el-norte-ya-no-existe-de-alina-gadea\/\",\"url\":\"https:\/\/lascriticas.com\/index.php\/2023\/08\/02\/el-norte-ya-no-existe-de-alina-gadea\/\",\"name\":\"El norte ya no existe, de Alina Gadea - Las Cr\u00edticas\",\"isPartOf\":{\"@id\":\"https:\/\/lascriticas.com\/#website\"},\"primaryImageOfPage\":{\"@id\":\"https:\/\/lascriticas.com\/index.php\/2023\/08\/02\/el-norte-ya-no-existe-de-alina-gadea\/#primaryimage\"},\"image\":{\"@id\":\"https:\/\/lascriticas.com\/index.php\/2023\/08\/02\/el-norte-ya-no-existe-de-alina-gadea\/#primaryimage\"},\"thumbnailUrl\":\"https:\/\/lascriticas.com\/wp-content\/uploads\/2023\/07\/Alina-Gadea.jpeg\",\"datePublished\":\"2023-08-02T14:25:36+00:00\",\"dateModified\":\"2023-08-02T14:25:36+00:00\",\"description\":\"Lucero de Vivanco escribe una rese\u00f1a acerca de la nueva novela de la escritora peruana Alina Gadea\",\"breadcrumb\":{\"@id\":\"https:\/\/lascriticas.com\/index.php\/2023\/08\/02\/el-norte-ya-no-existe-de-alina-gadea\/#breadcrumb\"},\"inLanguage\":\"es\",\"potentialAction\":[{\"@type\":\"ReadAction\",\"target\":[\"https:\/\/lascriticas.com\/index.php\/2023\/08\/02\/el-norte-ya-no-existe-de-alina-gadea\/\"]}]},{\"@type\":\"ImageObject\",\"inLanguage\":\"es\",\"@id\":\"https:\/\/lascriticas.com\/index.php\/2023\/08\/02\/el-norte-ya-no-existe-de-alina-gadea\/#primaryimage\",\"url\":\"https:\/\/lascriticas.com\/wp-content\/uploads\/2023\/07\/Alina-Gadea.jpeg\",\"contentUrl\":\"https:\/\/lascriticas.com\/wp-content\/uploads\/2023\/07\/Alina-Gadea.jpeg\",\"width\":1614,\"height\":932},{\"@type\":\"BreadcrumbList\",\"@id\":\"https:\/\/lascriticas.com\/index.php\/2023\/08\/02\/el-norte-ya-no-existe-de-alina-gadea\/#breadcrumb\",\"itemListElement\":[{\"@type\":\"ListItem\",\"position\":1,\"name\":\"Inicio\",\"item\":\"https:\/\/lascriticas.com\/\"},{\"@type\":\"ListItem\",\"position\":2,\"name\":\"El norte ya no existe, de Alina Gadea\"}]},{\"@type\":\"WebSite\",\"@id\":\"https:\/\/lascriticas.com\/#website\",\"url\":\"https:\/\/lascriticas.com\/\",\"name\":\"Las Cr\u00edticas\",\"description\":\"Cr\u00edtica literaria hecha por mujeres\",\"publisher\":{\"@id\":\"https:\/\/lascriticas.com\/#organization\"},\"potentialAction\":[{\"@type\":\"SearchAction\",\"target\":{\"@type\":\"EntryPoint\",\"urlTemplate\":\"https:\/\/lascriticas.com\/?s={search_term_string}\"},\"query-input\":{\"@type\":\"PropertyValueSpecification\",\"valueRequired\":true,\"valueName\":\"search_term_string\"}}],\"inLanguage\":\"es\"},{\"@type\":\"Organization\",\"@id\":\"https:\/\/lascriticas.com\/#organization\",\"name\":\"Las Cr\u00edticas\",\"url\":\"https:\/\/lascriticas.com\/\",\"logo\":{\"@type\":\"ImageObject\",\"inLanguage\":\"es\",\"@id\":\"https:\/\/lascriticas.com\/#\/schema\/logo\/image\/\",\"url\":\"https:\/\/lascriticas.com\/wp-content\/uploads\/2016\/09\/Las-Cr\u00edticas.png\",\"contentUrl\":\"https:\/\/lascriticas.com\/wp-content\/uploads\/2016\/09\/Las-Cr\u00edticas.png\",\"width\":372,\"height\":201,\"caption\":\"Las Cr\u00edticas\"},\"image\":{\"@id\":\"https:\/\/lascriticas.com\/#\/schema\/logo\/image\/\"},\"sameAs\":[\"https:\/\/www.facebook.com\/lascriticas\/\",\"https:\/\/x.com\/LasCriticas_com\",\"https:\/\/www.instagram.com\/lascriticas_com\/\",\"https:\/\/www.youtube.com\/channel\/UCd7r-H6EJA4sSXGLX33_iHQ\"]},{\"@type\":\"Person\",\"@id\":\"https:\/\/lascriticas.com\/#\/schema\/person\/b417a0adb28d01b32266eacc30996adf\",\"name\":\"Lucero de Vivanco\",\"image\":{\"@type\":\"ImageObject\",\"inLanguage\":\"es\",\"@id\":\"https:\/\/lascriticas.com\/#\/schema\/person\/image\/\",\"url\":\"https:\/\/secure.gravatar.com\/avatar\/5b8359488b752095d2ad8784213f07c0?s=96&d=mm&r=g\",\"contentUrl\":\"https:\/\/secure.gravatar.com\/avatar\/5b8359488b752095d2ad8784213f07c0?s=96&d=mm&r=g\",\"caption\":\"Lucero de Vivanco\"},\"url\":\"https:\/\/lascriticas.com\/index.php\/author\/lucero-de-vivanco\/\"}]}<\/script>\n<!-- \/ Yoast SEO plugin. -->","yoast_head_json":{"title":"El norte ya no existe, de Alina Gadea - Las Cr\u00edticas","description":"Lucero de Vivanco escribe una rese\u00f1a acerca de la nueva novela de la escritora peruana Alina Gadea","robots":{"index":"index","follow":"follow","max-snippet":"max-snippet:-1","max-image-preview":"max-image-preview:large","max-video-preview":"max-video-preview:-1"},"canonical":"https:\/\/lascriticas.com\/index.php\/2023\/08\/02\/el-norte-ya-no-existe-de-alina-gadea\/","og_locale":"es_ES","og_type":"article","og_title":"El norte ya no existe, de Alina Gadea - Las Cr\u00edticas","og_description":"Lucero de Vivanco escribe una rese\u00f1a acerca de la nueva novela de la escritora peruana Alina Gadea","og_url":"https:\/\/lascriticas.com\/index.php\/2023\/08\/02\/el-norte-ya-no-existe-de-alina-gadea\/","og_site_name":"Las Cr\u00edticas","article_publisher":"https:\/\/www.facebook.com\/lascriticas\/","article_published_time":"2023-08-02T14:25:36+00:00","og_image":[{"width":1614,"height":932,"url":"https:\/\/lascriticas.com\/wp-content\/uploads\/2023\/07\/Alina-Gadea.jpeg","type":"image\/jpeg"}],"author":"Lucero de Vivanco","twitter_card":"summary_large_image","twitter_creator":"@LasCriticas_com","twitter_site":"@LasCriticas_com","twitter_misc":{"Escrito por":"Lucero de Vivanco","Tiempo de lectura":"8 minutos"},"schema":{"@context":"https:\/\/schema.org","@graph":[{"@type":"Article","@id":"https:\/\/lascriticas.com\/index.php\/2023\/08\/02\/el-norte-ya-no-existe-de-alina-gadea\/#article","isPartOf":{"@id":"https:\/\/lascriticas.com\/index.php\/2023\/08\/02\/el-norte-ya-no-existe-de-alina-gadea\/"},"author":{"name":"Lucero de Vivanco","@id":"https:\/\/lascriticas.com\/#\/schema\/person\/b417a0adb28d01b32266eacc30996adf"},"headline":"El norte ya no existe, de Alina Gadea","datePublished":"2023-08-02T14:25:36+00:00","dateModified":"2023-08-02T14:25:36+00:00","mainEntityOfPage":{"@id":"https:\/\/lascriticas.com\/index.php\/2023\/08\/02\/el-norte-ya-no-existe-de-alina-gadea\/"},"wordCount":1647,"commentCount":0,"publisher":{"@id":"https:\/\/lascriticas.com\/#organization"},"image":{"@id":"https:\/\/lascriticas.com\/index.php\/2023\/08\/02\/el-norte-ya-no-existe-de-alina-gadea\/#primaryimage"},"thumbnailUrl":"https:\/\/lascriticas.com\/wp-content\/uploads\/2023\/07\/Alina-Gadea.jpeg","keywords":["COVID","crisis","encierro","Espa\u00f1a","familia","novela","novela peruana","pareja","Per\u00fa"],"articleSection":["Ficci\u00f3n","Rese\u00f1as"],"inLanguage":"es","potentialAction":[{"@type":"CommentAction","name":"Comment","target":["https:\/\/lascriticas.com\/index.php\/2023\/08\/02\/el-norte-ya-no-existe-de-alina-gadea\/#respond"]}]},{"@type":"WebPage","@id":"https:\/\/lascriticas.com\/index.php\/2023\/08\/02\/el-norte-ya-no-existe-de-alina-gadea\/","url":"https:\/\/lascriticas.com\/index.php\/2023\/08\/02\/el-norte-ya-no-existe-de-alina-gadea\/","name":"El norte ya no existe, de Alina Gadea - Las Cr\u00edticas","isPartOf":{"@id":"https:\/\/lascriticas.com\/#website"},"primaryImageOfPage":{"@id":"https:\/\/lascriticas.com\/index.php\/2023\/08\/02\/el-norte-ya-no-existe-de-alina-gadea\/#primaryimage"},"image":{"@id":"https:\/\/lascriticas.com\/index.php\/2023\/08\/02\/el-norte-ya-no-existe-de-alina-gadea\/#primaryimage"},"thumbnailUrl":"https:\/\/lascriticas.com\/wp-content\/uploads\/2023\/07\/Alina-Gadea.jpeg","datePublished":"2023-08-02T14:25:36+00:00","dateModified":"2023-08-02T14:25:36+00:00","description":"Lucero de Vivanco escribe una rese\u00f1a acerca de la nueva novela de la escritora peruana Alina Gadea","breadcrumb":{"@id":"https:\/\/lascriticas.com\/index.php\/2023\/08\/02\/el-norte-ya-no-existe-de-alina-gadea\/#breadcrumb"},"inLanguage":"es","potentialAction":[{"@type":"ReadAction","target":["https:\/\/lascriticas.com\/index.php\/2023\/08\/02\/el-norte-ya-no-existe-de-alina-gadea\/"]}]},{"@type":"ImageObject","inLanguage":"es","@id":"https:\/\/lascriticas.com\/index.php\/2023\/08\/02\/el-norte-ya-no-existe-de-alina-gadea\/#primaryimage","url":"https:\/\/lascriticas.com\/wp-content\/uploads\/2023\/07\/Alina-Gadea.jpeg","contentUrl":"https:\/\/lascriticas.com\/wp-content\/uploads\/2023\/07\/Alina-Gadea.jpeg","width":1614,"height":932},{"@type":"BreadcrumbList","@id":"https:\/\/lascriticas.com\/index.php\/2023\/08\/02\/el-norte-ya-no-existe-de-alina-gadea\/#breadcrumb","itemListElement":[{"@type":"ListItem","position":1,"name":"Inicio","item":"https:\/\/lascriticas.com\/"},{"@type":"ListItem","position":2,"name":"El norte ya no existe, de Alina Gadea"}]},{"@type":"WebSite","@id":"https:\/\/lascriticas.com\/#website","url":"https:\/\/lascriticas.com\/","name":"Las Cr\u00edticas","description":"Cr\u00edtica literaria hecha por mujeres","publisher":{"@id":"https:\/\/lascriticas.com\/#organization"},"potentialAction":[{"@type":"SearchAction","target":{"@type":"EntryPoint","urlTemplate":"https:\/\/lascriticas.com\/?s={search_term_string}"},"query-input":{"@type":"PropertyValueSpecification","valueRequired":true,"valueName":"search_term_string"}}],"inLanguage":"es"},{"@type":"Organization","@id":"https:\/\/lascriticas.com\/#organization","name":"Las Cr\u00edticas","url":"https:\/\/lascriticas.com\/","logo":{"@type":"ImageObject","inLanguage":"es","@id":"https:\/\/lascriticas.com\/#\/schema\/logo\/image\/","url":"https:\/\/lascriticas.com\/wp-content\/uploads\/2016\/09\/Las-Cr\u00edticas.png","contentUrl":"https:\/\/lascriticas.com\/wp-content\/uploads\/2016\/09\/Las-Cr\u00edticas.png","width":372,"height":201,"caption":"Las Cr\u00edticas"},"image":{"@id":"https:\/\/lascriticas.com\/#\/schema\/logo\/image\/"},"sameAs":["https:\/\/www.facebook.com\/lascriticas\/","https:\/\/x.com\/LasCriticas_com","https:\/\/www.instagram.com\/lascriticas_com\/","https:\/\/www.youtube.com\/channel\/UCd7r-H6EJA4sSXGLX33_iHQ"]},{"@type":"Person","@id":"https:\/\/lascriticas.com\/#\/schema\/person\/b417a0adb28d01b32266eacc30996adf","name":"Lucero de Vivanco","image":{"@type":"ImageObject","inLanguage":"es","@id":"https:\/\/lascriticas.com\/#\/schema\/person\/image\/","url":"https:\/\/secure.gravatar.com\/avatar\/5b8359488b752095d2ad8784213f07c0?s=96&d=mm&r=g","contentUrl":"https:\/\/secure.gravatar.com\/avatar\/5b8359488b752095d2ad8784213f07c0?s=96&d=mm&r=g","caption":"Lucero de Vivanco"},"url":"https:\/\/lascriticas.com\/index.php\/author\/lucero-de-vivanco\/"}]}},"_links":{"self":[{"href":"https:\/\/lascriticas.com\/index.php\/wp-json\/wp\/v2\/posts\/5442"}],"collection":[{"href":"https:\/\/lascriticas.com\/index.php\/wp-json\/wp\/v2\/posts"}],"about":[{"href":"https:\/\/lascriticas.com\/index.php\/wp-json\/wp\/v2\/types\/post"}],"author":[{"embeddable":true,"href":"https:\/\/lascriticas.com\/index.php\/wp-json\/wp\/v2\/users\/99"}],"replies":[{"embeddable":true,"href":"https:\/\/lascriticas.com\/index.php\/wp-json\/wp\/v2\/comments?post=5442"}],"version-history":[{"count":3,"href":"https:\/\/lascriticas.com\/index.php\/wp-json\/wp\/v2\/posts\/5442\/revisions"}],"predecessor-version":[{"id":5451,"href":"https:\/\/lascriticas.com\/index.php\/wp-json\/wp\/v2\/posts\/5442\/revisions\/5451"}],"wp:featuredmedia":[{"embeddable":true,"href":"https:\/\/lascriticas.com\/index.php\/wp-json\/wp\/v2\/media\/5459"}],"wp:attachment":[{"href":"https:\/\/lascriticas.com\/index.php\/wp-json\/wp\/v2\/media?parent=5442"}],"wp:term":[{"taxonomy":"category","embeddable":true,"href":"https:\/\/lascriticas.com\/index.php\/wp-json\/wp\/v2\/categories?post=5442"},{"taxonomy":"post_tag","embeddable":true,"href":"https:\/\/lascriticas.com\/index.php\/wp-json\/wp\/v2\/tags?post=5442"}],"curies":[{"name":"wp","href":"https:\/\/api.w.org\/{rel}","templated":true}]}}