{"id":5345,"date":"2023-05-19T16:41:44","date_gmt":"2023-05-19T14:41:44","guid":{"rendered":"https:\/\/lascriticas.com\/?p=5345"},"modified":"2023-05-24T00:08:00","modified_gmt":"2023-05-23T22:08:00","slug":"la-voluntad-del-molle-de-karina-pacheco-medrano","status":"publish","type":"post","link":"https:\/\/lascriticas.com\/index.php\/2023\/05\/19\/la-voluntad-del-molle-de-karina-pacheco-medrano\/","title":{"rendered":"La voluntad del molle, de Karina Pacheco Medrano"},"content":{"rendered":"<div class=\"page\" title=\"Page 1\">\n<div class=\"layoutArea\">\n<div class=\"column\">\n<h1><span style=\"font-size: 16px; color: #ffffff;\">La voluntad del Molle, de Karina Pacheco Medrano<\/span><\/h1>\n<p style=\"text-align: justify;\"><span style=\"font-size: 16px;\">La madre ha muerto. Ha muerto su\u0301bitamente. La madre habi\u0301a anticipado a sus hijas que queri\u0301a morir de esa manera&#8230; \u201cpara que en su ausencia por fin se descubriera todo lo que habi\u0301a callado y callado\u201d. (p. 9)<\/span><br \/>\n<span style=\"font-size: 16px;\">Las hijas encuentran un bau\u0301l rojo con documentos, cartas y fotografi\u0301as. La madre ha dejado a las hijas en herencia la historia de su pasado.<\/span><\/p>\n<p style=\"text-align: justify;\"><span style=\"font-size: 16px;\">El bau\u0301l contiene todo lo callado, lo que no se pudo decir, ni gritar, ni cambiar.<\/span><\/p>\n<p style=\"text-align: justify;\"><span style=\"font-size: 16px;\">No puede haber un comienzo ma\u0301s sugerente para una psicoanalista.<\/span><\/p>\n<p style=\"text-align: justify;\"><span style=\"font-size: 16px;\"><strong>Freud<\/strong> nos ensen\u0303o\u0301 que el pasado y lo desconocido tiene vigencia y eficacia en nuestro presente. Solo volviendo a e\u0301l, enfrenta\u0301ndolo y desentran\u0303a\u0301ndolo es que podremos liberarnos de su repeticio\u0301n. Solo volviendo a e\u0301l podremos repararlo y asi\u0301 crear para nosotros una historia nueva.<\/span><\/p>\n<p style=\"text-align: justify;\"><span style=\"font-size: 16px;\">Y ese recorrido hacia nuestro pasado es a lo que nos enfrenta <strong><em>La voluntad del Molle<\/em><\/strong>.<\/span><\/p>\n<p>&nbsp;<\/p>\n<p><img loading=\"lazy\" decoding=\"async\" class=\"aligncenter wp-image-5390 \" title=\"La voluntad del molle\" src=\"https:\/\/lascriticas.com\/wp-content\/uploads\/2023\/05\/portada_la-voluntad-del-molle_karina-pacheco_202212192153-scaled.jpeg\" alt=\"\" width=\"379\" height=\"646\" srcset=\"https:\/\/lascriticas.com\/wp-content\/uploads\/2023\/05\/portada_la-voluntad-del-molle_karina-pacheco_202212192153-scaled.jpeg 1502w, https:\/\/lascriticas.com\/wp-content\/uploads\/2023\/05\/portada_la-voluntad-del-molle_karina-pacheco_202212192153-768x1309.jpeg 768w, https:\/\/lascriticas.com\/wp-content\/uploads\/2023\/05\/portada_la-voluntad-del-molle_karina-pacheco_202212192153-901x1536.jpeg 901w, https:\/\/lascriticas.com\/wp-content\/uploads\/2023\/05\/portada_la-voluntad-del-molle_karina-pacheco_202212192153-1202x2048.jpeg 1202w\" sizes=\"(max-width: 379px) 100vw, 379px\" \/><\/p>\n<p style=\"text-align: justify;\"><span style=\"font-size: 16px;\"><em>La voluntad del molle<\/em> nos encara con un pasado comu\u0301n, que nos involucra y nos define. Una historia de racismo, discriminacio\u0301n y de violencia.<\/span><\/p>\n<blockquote>\n<p style=\"text-align: justify;\"><span style=\"font-size: 16px;\">&#8211; \u00bfAcaso hay a\u0301ngeles con cara de cholo? -me espeto\u0301-. Los angelitos siempre son blanquitos, como yo. (p176)<\/span><\/p>\n<\/blockquote>\n<p style=\"text-align: justify;\"><span style=\"font-size: 16px;\">Una historia de personas que por su poder disponen de la vida de los otros. Donde esta\u0301 normalizado el ejercicio del desprecio y la disposicio\u0301n del otro a conveniencia.<\/span><br \/>\n<span style=\"font-size: 16px;\">Un ci\u0301rculo de horror donde \u201chumanos\u201d y \u201cprotohumanos\u201d (ambas palabras en comillas) perpetuamos la violencia que genera la ausencia de reconocimiento.<\/span><\/p>\n<\/div>\n<\/div>\n<\/div>\n<div class=\"page\" style=\"text-align: justify;\" title=\"Page 2\">\n<div class=\"layoutArea\">\n<div class=\"column\">\n<blockquote><p><span style=\"font-size: 16px;\">Empece\u0301 a preguntarme cua\u0301ntos parientes consangui\u0301neos habi\u0301an sido desaparecidos, cua\u0301ntos ma\u0301s habri\u0301an vivido bajo las sombras. (&#8230;)<\/span><br \/>\n<span style=\"font-size: 16px;\">&#8230; desde tiempos remotos se emplazaban dos mundos, el de los visibles y el de los invisibilizados. (p216)<\/span><\/p><\/blockquote>\n<p><span style=\"font-size: 16px;\">Una historia cargada del ejercicio de lo que en psicoana\u0301lisis se conoce como <strong>narcisismo maligno<\/strong>. Vi\u0301nculos perversos donde el otro no es reconocido como humano. Donde el otro, despojado de su subjetividad, es utilizable, despreciable, descartable. Y se ejerce la agresio\u0301n y las consecuencias que ella trae no son reconocidas por aquellos que la causaron. No hay reflexio\u0301n y menos au\u0301n, propuestas de reparacio\u0301n. Aquel otro, si reacciona, es nuevamente negado. Doblemente desconocido. Y surgen todas aquellas etiquetas de descalificacio\u0301n que conocemos tanto (\u201cResentidos\u201d, \u201cTerroristas\u201d). Etiquetas que esta\u0301n destinadas, nuevamente, a perpetuar la discriminacio\u0301n.<\/span><\/p>\n<p><span style=\"font-size: 16px;\">Las hijas, capi\u0301tulo a capi\u0301tulo, enfrentan los nuevos contenidos del bau\u0301l rojo. Contenidos, que como venimos viendo e intuyendo, no son muy diferentes a nuestra historia hoy en di\u0301a.<\/span><\/p>\n<p><span style=\"font-size: 16px;\">\u00bfEs acaso ese pasado muy distinto a nuestro presente?<\/span><\/p>\n<p><span style=\"font-size: 16px;\">Freud en sus reflexiones acerca de las causas de la guerra, nos habla de la necesidad de una identidad comu\u0301n como requisito para postergar nuestras pulsiones agresivas.<\/span><br \/>\n<span style=\"font-size: 16px;\">Que lejos parecemos estar de esa identidad comu\u0301n; en este Peru\u0301 escindido, el de esos dos mundos mencionados por Karina Pacheco.<\/span><\/p>\n<p><span style=\"font-size: 16px;\">Es imposible no recordar en este momento aquella terrible frase: \u201cPuno no es el Peru\u0301\u201d.<\/span><\/p>\n<p><span style=\"font-size: 16px;\">La revelacio\u0301n de ese bau\u0301l nos enfrenta a la constatacio\u0301n de que seguimos escribiendo nuestra historia con los mismos ingredientes.<\/span><br \/>\n<span style=\"font-size: 16px;\">Es indispensable por ello la reedicio\u0301n de nuestra historia, asi\u0301 como lo es la reedicio\u0301n de esta primera novela de Karina Pacheco Medrano.<\/span><\/p>\n<p><span style=\"font-size: 16px;\">Hay una propuesta en sus pa\u0301ginas que no debemos pasar por alto.<\/span><\/p>\n<\/div>\n<\/div>\n<\/div>\n<div class=\"page\" style=\"text-align: justify;\" title=\"Page 3\">\n<div class=\"layoutArea\">\n<div class=\"column\">\n<p><span style=\"font-size: 16px;\">Las hijas enfrentadas al horror de su historia no caen en la tentacio\u0301n de culpabilizar, de hacer deslindes, de saberse diferentes, de poner en al afuera toda la responsabilidad. La negacio\u0301n como recurso defensivo no es el que ellas utilizan.<\/span><\/p>\n<blockquote><p><span style=\"font-size: 16px;\">Aquella lectura habi\u0301a devuelto a mi memoria la figura del horror, incluso intensificado. Tantos an\u0303os ma\u0301s tarde, tambie\u0301n trajo el cuestionamiento de mi manera de sobrepasarlo mientras estaba teniendo lugar.<\/span><\/p>\n<p><span style=\"font-size: 16px;\">Muy pocos se atrevi\u0301an a protestar por vi\u0301ctimas ajenas. Yo no fui una excepcio\u0301n. \u00bfEra por miedo? \u00bfo era, sobre todo por indiferencia? (p.157)<\/span><\/p><\/blockquote>\n<p><span style=\"font-size: 16px;\">Karina Pacheco, logra con este libro, que nos hagamos nuevamente esas preguntas. Nuestro trabajo no se limita al conocimiento de nuestra historia, sino que, a partir de ello, surjan reflexiones acerca de nuestra responsabilidad y de nuestra capacidad de transformacio\u0301n.<\/span><\/p>\n<blockquote><p><span style=\"font-size: 16px;\">Los tiros en la nuca, el estallido de coches bomba, la continua aparicio\u0301n de fosas comunes (&#8230;) se convirtieron en parte natural del paisaje nacional. (&#8230;) pero intenta\u0301bamos mirar a otro lado, creyendo que eso era imprescindible si pretendi\u0301amos vivir una vida buena. (pp. 224, 225)<\/span><\/p><\/blockquote>\n<p><span style=\"font-size: 16px;\">\u00bfEs que seguiremos eligiendo \u201cmirar hacia otro lado\u201d?<\/span><br \/>\n<span style=\"font-size: 16px;\">\u00bfEs que es sostenible, en base a esa negacio\u0301n, \u201cvivir una vida buena\u201d?<\/span><\/p>\n<p><span style=\"font-size: 16px;\">Que preguntas tan grandes, nos dejas, querida Karina.<\/span><\/p>\n<p><span style=\"font-size: 16px;\"><strong>Max Herna\u0301ndez<\/strong>, psicoanalista y compatriota nuestro, realizo\u0301 hace un tiempo una encuesta sobre el racismo.<\/span><br \/>\n<span style=\"font-size: 16px;\">Dicha encuesta teni\u0301a tan solo dos preguntas:<\/span><br \/>\n<span style=\"font-size: 16px;\">La primera pregunta era \u00bfConsidera Ud. que el Peru\u0301 es un pai\u0301s racista? El 95% de los encuestados contesto\u0301 que si\u0301.<\/span><\/p>\n<p><span style=\"font-size: 16px;\">La segunda pregunta era: \u00bfEs usted racista? El 95 % de los encuestados contesto\u0301 que no.<\/span><br \/>\n<span style=\"font-size: 16px;\">Esto es evidentemente un serio problema. Si no revisamos nuestros bau\u0301les y los dejamos con candados para el futuro, perpetuamos un problema que nos corresponde a nosotros, y con urgencia, reparar.<\/span><\/p>\n<\/div>\n<\/div>\n<\/div>\n<div class=\"page\" style=\"text-align: justify;\" title=\"Page 4\">\n<div class=\"layoutArea\">\n<div class=\"column\">\n<p><span style=\"font-size: 16px;\">Vivimos en una tensio\u0301n permanente sintiendo que la violencia viene de fuera. Sentimos que la violencia viene de la mano de aquel otro al que no reconocemos como semejante. Y negamos y somos ciegos ante el ejercicio de nuestra propia violencia.<\/span><\/p>\n<p><span style=\"font-size: 16px;\">La esperanza solo puede surgir si dejamos de repetir la violencia de la que todos somos capaces.<\/span><br \/>\n<span style=\"font-size: 16px;\">Una accio\u0301n transformadora solo sera\u0301 posible si reconocemos el dan\u0303o causado. Si nos hacemos cargo de nuestra histo\u0301rica herencia de injusticias.<\/span><\/p>\n<p><span style=\"font-size: 16px;\">Un dia\u0301logo eficiente solo puede darse a partir de un reconocimiento mutuo y la constatacio\u0301n de nuestra interdependencia. La interdependencia de compartir un pai\u0301s comu\u0301n y diverso del cual todos formamos parte. Solo asi\u0301 sera\u0301 posible construir aquella Identidad comu\u0301n a la que Freud apela y que nos viene siendo, desde hace dos siglos, tan esquiva.<\/span><\/p>\n<p><span style=\"font-size: 16px;\">Para esta posible transformacio\u0301n debemos afrontar el rechazo y la violencia que ejercemos hacia el otro. Ese seri\u0301a el primer paso necesario para dar lugar al respeto y al reconocimiento.<\/span><\/p>\n<p><span style=\"font-size: 16px;\">Hoy se reedita <em>La voluntad del molle<\/em> un libro escrito en el 2006, 15 an\u0303os antes de la publicacio\u0301n del entran\u0303able <em>An\u0303o del viento<\/em>. Son libros que dialogan y lloran con dolores similares. Libros actuales, necesarios, imprescindibles.<\/span><br \/>\n<span style=\"font-size: 16px;\">Y es que Nena y Nina nos siguen interpelando.<\/span><\/p>\n<p><span style=\"font-size: 16px;\">La ficcio\u0301n magistral de Karina Pacheco nos lleva desprevenidos e indefensos hacia realidades que usualmente queremos evadir. Sus historias nos envuelven y de la mano de sus personajes, la evitacio\u0301n y la huida ya no son posibles.<\/span><\/p>\n<p><span style=\"font-size: 16px;\">El bau\u0301l nos espera capi\u0301tulo a capi\u0301tulo. Acompan\u0303amos a los personajes en su travesi\u0301a y como ellas y con ellas, nos sorprendemos, nos indignamos, sufrimos y las acompan\u0303amos. Karina Pacheco, logra como siempre, cautivarnos y atraparnos. Sus pa\u0301ginas, nos pueblan de paisajes, de poesi\u0301a, de vi\u0301nculos de amor entran\u0303ables, todo ello entrelazado con la tristeza, el dolor y la injusticia. Los personajes crecen y se transforman, lo mismo nos pasa a los lectores.<\/span><\/p>\n<p><span style=\"font-size: 16px;\">Los personajes reciben una herencia de la que van a hacerse cargo. Dependera\u0301 de nosotros, seguir su ejemplo.<\/span><\/p>\n<\/div>\n<\/div>\n<\/div>\n<div class=\"page\" title=\"Page 5\">\n<div class=\"layoutArea\">\n<div class=\"column\" style=\"text-align: justify;\">\n<blockquote><p><span style=\"font-size: 16px;\">Tuvo que llegar ese momento para que me diera cuenta de que\u0301 manera insondable ese desencuentro que yo habi\u0301a elegido me impedi\u0301a la comunicacio\u0301n con una de las pocas personas, quiza\u0301s la u\u0301nica, que podri\u0301a explicarme de do\u0301nde veni\u0301a yo, quie\u0301n era yo. (p.172)<\/span><\/p><\/blockquote>\n<p><span style=\"font-size: 16px;\">\u00bfQuie\u0301n era yo? \u00bfQuie\u0301nes somos? Preguntas que nos remiten a la consciencia de una <strong>identidad<\/strong> que tantas veces negamos y rechazamos.<\/span><br \/>\n<span style=\"font-size: 16px;\">\u00bfEs que acaso no tenemos insumos para crear esa Identidad comu\u0301n, que Freud nos propone como ideal de paz?<\/span><\/p>\n<p><span style=\"font-size: 16px;\">Es urgente gestionar insumos que superen el dolor y el desencuentro. Y sobre este tema, Karina Pacheco nos deja otra pista fundamental. Porque de lo que se trata, tambie\u0301n, es de voluntad.<\/span><br \/>\n<span style=\"font-size: 16px;\">La voluntad de romper nuestros propios candados, de revisar los bau\u0301les pendientes y hacernos cargo del pasado del que somos parte. Y asi\u0301 dejar una mejor herencia a nuestros hijos.<\/span><\/p>\n<p><span style=\"font-size: 16px;\">La voluntad de abonar ese Molle con insumos de paz y no de muerte. Gran tarea la que tenemos pendiente.<\/span><br \/>\n<span style=\"font-size: 16px;\">La lectura de <em>La voluntad del Molle<\/em> es definitivamente un gran comienzo.<\/span><\/p>\n<p><span style=\"font-size: 16px;\"><strong>Pacheco Medrano, Karina. <em>La voluntad del molle.<\/em> Planeta, 2022.<\/strong><\/span><\/p>\n<hr \/>\n<p><span style=\"font-family: 'trebuchet ms', geneva, sans-serif; font-size: 16px;\"><strong>Karina Pacheco Medrano<\/strong> es escritora, antrop\u00f3loga y editora. Es actualmente una de las escritoras m\u00e1s relevantes de la literatura peruana. Ha publicado numerosas novelas y libros de cuentos. <em>La voluntad del molle<\/em> es su primera novela.<\/span><\/p>\n<\/div>\n<p style=\"text-align: justify;\"><a href=\"https:\/\/lascriticas.com\/index.php\/lascriticas\/olga-montero-rose\/\"><span style=\"font-family: 'trebuchet ms', geneva, sans-serif; font-size: 16px;\"><strong>Acerca de Olga Montero Rose<\/strong><\/span><\/a><\/p>\n<\/div>\n<\/div>\n","protected":false},"excerpt":{"rendered":"<p>La voluntad del Molle, de Karina Pacheco Medrano La madre ha muerto. Ha muerto su\u0301bitamente. La madre habi\u0301a anticipado a sus hijas que queri\u0301a morir de esa manera&#8230; \u201cpara que en su ausencia por fin se descubriera todo lo que habi\u0301a callado y callado\u201d. (p. 9) Las hijas encuentran un bau\u0301l rojo con documentos, cartas&#8230;<\/p>\n","protected":false},"author":97,"featured_media":1805,"comment_status":"open","ping_status":"open","sticky":false,"template":"","format":"standard","meta":{"footnotes":""},"categories":[43,37],"tags":[51,62,129,257,87],"yoast_head":"<!-- This site is optimized with the Yoast SEO plugin v23.5 - https:\/\/yoast.com\/wordpress\/plugins\/seo\/ -->\n<title>La voluntad del molle, de Karina Pacheco Medrano - Las Cr\u00edticas<\/title>\n<meta name=\"description\" content=\"Olga Montero escribe acerca de La voluntad del molle, primera novela de Karina Pacheco\" \/>\n<meta name=\"robots\" content=\"index, follow, max-snippet:-1, max-image-preview:large, max-video-preview:-1\" \/>\n<link rel=\"canonical\" href=\"https:\/\/lascriticas.com\/index.php\/2023\/05\/19\/la-voluntad-del-molle-de-karina-pacheco-medrano\/\" \/>\n<meta property=\"og:locale\" content=\"es_ES\" \/>\n<meta property=\"og:type\" content=\"article\" \/>\n<meta property=\"og:title\" content=\"La voluntad del molle, de Karina Pacheco Medrano - Las Cr\u00edticas\" \/>\n<meta property=\"og:description\" content=\"Olga Montero escribe acerca de La voluntad del molle, primera novela de Karina Pacheco\" \/>\n<meta property=\"og:url\" content=\"https:\/\/lascriticas.com\/index.php\/2023\/05\/19\/la-voluntad-del-molle-de-karina-pacheco-medrano\/\" \/>\n<meta property=\"og:site_name\" content=\"Las Cr\u00edticas\" \/>\n<meta property=\"article:publisher\" content=\"https:\/\/www.facebook.com\/lascriticas\/\" \/>\n<meta property=\"article:published_time\" content=\"2023-05-19T14:41:44+00:00\" \/>\n<meta property=\"article:modified_time\" content=\"2023-05-23T22:08:00+00:00\" \/>\n<meta property=\"og:image\" content=\"https:\/\/lascriticas.com\/wp-content\/uploads\/2017\/09\/Karina.jpeg\" \/>\n\t<meta property=\"og:image:width\" content=\"1080\" \/>\n\t<meta property=\"og:image:height\" content=\"540\" \/>\n\t<meta property=\"og:image:type\" content=\"image\/jpeg\" \/>\n<meta name=\"author\" content=\"Olga Montero Rose\" \/>\n<meta name=\"twitter:card\" content=\"summary_large_image\" \/>\n<meta name=\"twitter:creator\" content=\"@LasCriticas_com\" \/>\n<meta name=\"twitter:site\" content=\"@LasCriticas_com\" \/>\n<meta name=\"twitter:label1\" content=\"Escrito por\" \/>\n\t<meta name=\"twitter:data1\" content=\"Olga Montero Rose\" \/>\n\t<meta name=\"twitter:label2\" content=\"Tiempo de lectura\" \/>\n\t<meta name=\"twitter:data2\" content=\"7 minutos\" \/>\n<script type=\"application\/ld+json\" class=\"yoast-schema-graph\">{\"@context\":\"https:\/\/schema.org\",\"@graph\":[{\"@type\":\"Article\",\"@id\":\"https:\/\/lascriticas.com\/index.php\/2023\/05\/19\/la-voluntad-del-molle-de-karina-pacheco-medrano\/#article\",\"isPartOf\":{\"@id\":\"https:\/\/lascriticas.com\/index.php\/2023\/05\/19\/la-voluntad-del-molle-de-karina-pacheco-medrano\/\"},\"author\":{\"name\":\"Olga Montero Rose\",\"@id\":\"https:\/\/lascriticas.com\/#\/schema\/person\/0b62c697321278a17dafb1a07cc1da51\"},\"headline\":\"La voluntad del molle, de Karina Pacheco Medrano\",\"datePublished\":\"2023-05-19T14:41:44+00:00\",\"dateModified\":\"2023-05-23T22:08:00+00:00\",\"mainEntityOfPage\":{\"@id\":\"https:\/\/lascriticas.com\/index.php\/2023\/05\/19\/la-voluntad-del-molle-de-karina-pacheco-medrano\/\"},\"wordCount\":1505,\"commentCount\":0,\"publisher\":{\"@id\":\"https:\/\/lascriticas.com\/#organization\"},\"image\":{\"@id\":\"https:\/\/lascriticas.com\/index.php\/2023\/05\/19\/la-voluntad-del-molle-de-karina-pacheco-medrano\/#primaryimage\"},\"thumbnailUrl\":\"https:\/\/lascriticas.com\/wp-content\/uploads\/2017\/09\/Karina.jpeg\",\"keywords\":[\"familia\",\"Per\u00fa\",\"racismo\",\"secreto\",\"violencia\"],\"articleSection\":[\"Ficci\u00f3n\",\"Rese\u00f1as\"],\"inLanguage\":\"es\",\"potentialAction\":[{\"@type\":\"CommentAction\",\"name\":\"Comment\",\"target\":[\"https:\/\/lascriticas.com\/index.php\/2023\/05\/19\/la-voluntad-del-molle-de-karina-pacheco-medrano\/#respond\"]}]},{\"@type\":\"WebPage\",\"@id\":\"https:\/\/lascriticas.com\/index.php\/2023\/05\/19\/la-voluntad-del-molle-de-karina-pacheco-medrano\/\",\"url\":\"https:\/\/lascriticas.com\/index.php\/2023\/05\/19\/la-voluntad-del-molle-de-karina-pacheco-medrano\/\",\"name\":\"La voluntad del molle, de Karina Pacheco Medrano - Las Cr\u00edticas\",\"isPartOf\":{\"@id\":\"https:\/\/lascriticas.com\/#website\"},\"primaryImageOfPage\":{\"@id\":\"https:\/\/lascriticas.com\/index.php\/2023\/05\/19\/la-voluntad-del-molle-de-karina-pacheco-medrano\/#primaryimage\"},\"image\":{\"@id\":\"https:\/\/lascriticas.com\/index.php\/2023\/05\/19\/la-voluntad-del-molle-de-karina-pacheco-medrano\/#primaryimage\"},\"thumbnailUrl\":\"https:\/\/lascriticas.com\/wp-content\/uploads\/2017\/09\/Karina.jpeg\",\"datePublished\":\"2023-05-19T14:41:44+00:00\",\"dateModified\":\"2023-05-23T22:08:00+00:00\",\"description\":\"Olga Montero escribe acerca de La voluntad del molle, primera novela de Karina Pacheco\",\"breadcrumb\":{\"@id\":\"https:\/\/lascriticas.com\/index.php\/2023\/05\/19\/la-voluntad-del-molle-de-karina-pacheco-medrano\/#breadcrumb\"},\"inLanguage\":\"es\",\"potentialAction\":[{\"@type\":\"ReadAction\",\"target\":[\"https:\/\/lascriticas.com\/index.php\/2023\/05\/19\/la-voluntad-del-molle-de-karina-pacheco-medrano\/\"]}]},{\"@type\":\"ImageObject\",\"inLanguage\":\"es\",\"@id\":\"https:\/\/lascriticas.com\/index.php\/2023\/05\/19\/la-voluntad-del-molle-de-karina-pacheco-medrano\/#primaryimage\",\"url\":\"https:\/\/lascriticas.com\/wp-content\/uploads\/2017\/09\/Karina.jpeg\",\"contentUrl\":\"https:\/\/lascriticas.com\/wp-content\/uploads\/2017\/09\/Karina.jpeg\",\"width\":1080,\"height\":540,\"caption\":\"Karina Pacheco\"},{\"@type\":\"BreadcrumbList\",\"@id\":\"https:\/\/lascriticas.com\/index.php\/2023\/05\/19\/la-voluntad-del-molle-de-karina-pacheco-medrano\/#breadcrumb\",\"itemListElement\":[{\"@type\":\"ListItem\",\"position\":1,\"name\":\"Inicio\",\"item\":\"https:\/\/lascriticas.com\/\"},{\"@type\":\"ListItem\",\"position\":2,\"name\":\"La voluntad del molle, de Karina Pacheco Medrano\"}]},{\"@type\":\"WebSite\",\"@id\":\"https:\/\/lascriticas.com\/#website\",\"url\":\"https:\/\/lascriticas.com\/\",\"name\":\"Las Cr\u00edticas\",\"description\":\"Cr\u00edtica literaria hecha por mujeres\",\"publisher\":{\"@id\":\"https:\/\/lascriticas.com\/#organization\"},\"potentialAction\":[{\"@type\":\"SearchAction\",\"target\":{\"@type\":\"EntryPoint\",\"urlTemplate\":\"https:\/\/lascriticas.com\/?s={search_term_string}\"},\"query-input\":{\"@type\":\"PropertyValueSpecification\",\"valueRequired\":true,\"valueName\":\"search_term_string\"}}],\"inLanguage\":\"es\"},{\"@type\":\"Organization\",\"@id\":\"https:\/\/lascriticas.com\/#organization\",\"name\":\"Las Cr\u00edticas\",\"url\":\"https:\/\/lascriticas.com\/\",\"logo\":{\"@type\":\"ImageObject\",\"inLanguage\":\"es\",\"@id\":\"https:\/\/lascriticas.com\/#\/schema\/logo\/image\/\",\"url\":\"https:\/\/lascriticas.com\/wp-content\/uploads\/2016\/09\/Las-Cr\u00edticas.png\",\"contentUrl\":\"https:\/\/lascriticas.com\/wp-content\/uploads\/2016\/09\/Las-Cr\u00edticas.png\",\"width\":372,\"height\":201,\"caption\":\"Las Cr\u00edticas\"},\"image\":{\"@id\":\"https:\/\/lascriticas.com\/#\/schema\/logo\/image\/\"},\"sameAs\":[\"https:\/\/www.facebook.com\/lascriticas\/\",\"https:\/\/x.com\/LasCriticas_com\",\"https:\/\/www.instagram.com\/lascriticas_com\/\",\"https:\/\/www.youtube.com\/channel\/UCd7r-H6EJA4sSXGLX33_iHQ\"]},{\"@type\":\"Person\",\"@id\":\"https:\/\/lascriticas.com\/#\/schema\/person\/0b62c697321278a17dafb1a07cc1da51\",\"name\":\"Olga Montero Rose\",\"image\":{\"@type\":\"ImageObject\",\"inLanguage\":\"es\",\"@id\":\"https:\/\/lascriticas.com\/#\/schema\/person\/image\/\",\"url\":\"https:\/\/secure.gravatar.com\/avatar\/d2b224345015f8be504f14d7167fe88e?s=96&d=mm&r=g\",\"contentUrl\":\"https:\/\/secure.gravatar.com\/avatar\/d2b224345015f8be504f14d7167fe88e?s=96&d=mm&r=g\",\"caption\":\"Olga Montero Rose\"},\"url\":\"https:\/\/lascriticas.com\/index.php\/author\/olga-montero-rose\/\"}]}<\/script>\n<!-- \/ Yoast SEO plugin. -->","yoast_head_json":{"title":"La voluntad del molle, de Karina Pacheco Medrano - Las Cr\u00edticas","description":"Olga Montero escribe acerca de La voluntad del molle, primera novela de Karina Pacheco","robots":{"index":"index","follow":"follow","max-snippet":"max-snippet:-1","max-image-preview":"max-image-preview:large","max-video-preview":"max-video-preview:-1"},"canonical":"https:\/\/lascriticas.com\/index.php\/2023\/05\/19\/la-voluntad-del-molle-de-karina-pacheco-medrano\/","og_locale":"es_ES","og_type":"article","og_title":"La voluntad del molle, de Karina Pacheco Medrano - Las Cr\u00edticas","og_description":"Olga Montero escribe acerca de La voluntad del molle, primera novela de Karina Pacheco","og_url":"https:\/\/lascriticas.com\/index.php\/2023\/05\/19\/la-voluntad-del-molle-de-karina-pacheco-medrano\/","og_site_name":"Las Cr\u00edticas","article_publisher":"https:\/\/www.facebook.com\/lascriticas\/","article_published_time":"2023-05-19T14:41:44+00:00","article_modified_time":"2023-05-23T22:08:00+00:00","og_image":[{"width":1080,"height":540,"url":"https:\/\/lascriticas.com\/wp-content\/uploads\/2017\/09\/Karina.jpeg","type":"image\/jpeg"}],"author":"Olga Montero Rose","twitter_card":"summary_large_image","twitter_creator":"@LasCriticas_com","twitter_site":"@LasCriticas_com","twitter_misc":{"Escrito por":"Olga Montero Rose","Tiempo de lectura":"7 minutos"},"schema":{"@context":"https:\/\/schema.org","@graph":[{"@type":"Article","@id":"https:\/\/lascriticas.com\/index.php\/2023\/05\/19\/la-voluntad-del-molle-de-karina-pacheco-medrano\/#article","isPartOf":{"@id":"https:\/\/lascriticas.com\/index.php\/2023\/05\/19\/la-voluntad-del-molle-de-karina-pacheco-medrano\/"},"author":{"name":"Olga Montero Rose","@id":"https:\/\/lascriticas.com\/#\/schema\/person\/0b62c697321278a17dafb1a07cc1da51"},"headline":"La voluntad del molle, de Karina Pacheco Medrano","datePublished":"2023-05-19T14:41:44+00:00","dateModified":"2023-05-23T22:08:00+00:00","mainEntityOfPage":{"@id":"https:\/\/lascriticas.com\/index.php\/2023\/05\/19\/la-voluntad-del-molle-de-karina-pacheco-medrano\/"},"wordCount":1505,"commentCount":0,"publisher":{"@id":"https:\/\/lascriticas.com\/#organization"},"image":{"@id":"https:\/\/lascriticas.com\/index.php\/2023\/05\/19\/la-voluntad-del-molle-de-karina-pacheco-medrano\/#primaryimage"},"thumbnailUrl":"https:\/\/lascriticas.com\/wp-content\/uploads\/2017\/09\/Karina.jpeg","keywords":["familia","Per\u00fa","racismo","secreto","violencia"],"articleSection":["Ficci\u00f3n","Rese\u00f1as"],"inLanguage":"es","potentialAction":[{"@type":"CommentAction","name":"Comment","target":["https:\/\/lascriticas.com\/index.php\/2023\/05\/19\/la-voluntad-del-molle-de-karina-pacheco-medrano\/#respond"]}]},{"@type":"WebPage","@id":"https:\/\/lascriticas.com\/index.php\/2023\/05\/19\/la-voluntad-del-molle-de-karina-pacheco-medrano\/","url":"https:\/\/lascriticas.com\/index.php\/2023\/05\/19\/la-voluntad-del-molle-de-karina-pacheco-medrano\/","name":"La voluntad del molle, de Karina Pacheco Medrano - Las Cr\u00edticas","isPartOf":{"@id":"https:\/\/lascriticas.com\/#website"},"primaryImageOfPage":{"@id":"https:\/\/lascriticas.com\/index.php\/2023\/05\/19\/la-voluntad-del-molle-de-karina-pacheco-medrano\/#primaryimage"},"image":{"@id":"https:\/\/lascriticas.com\/index.php\/2023\/05\/19\/la-voluntad-del-molle-de-karina-pacheco-medrano\/#primaryimage"},"thumbnailUrl":"https:\/\/lascriticas.com\/wp-content\/uploads\/2017\/09\/Karina.jpeg","datePublished":"2023-05-19T14:41:44+00:00","dateModified":"2023-05-23T22:08:00+00:00","description":"Olga Montero escribe acerca de La voluntad del molle, primera novela de Karina Pacheco","breadcrumb":{"@id":"https:\/\/lascriticas.com\/index.php\/2023\/05\/19\/la-voluntad-del-molle-de-karina-pacheco-medrano\/#breadcrumb"},"inLanguage":"es","potentialAction":[{"@type":"ReadAction","target":["https:\/\/lascriticas.com\/index.php\/2023\/05\/19\/la-voluntad-del-molle-de-karina-pacheco-medrano\/"]}]},{"@type":"ImageObject","inLanguage":"es","@id":"https:\/\/lascriticas.com\/index.php\/2023\/05\/19\/la-voluntad-del-molle-de-karina-pacheco-medrano\/#primaryimage","url":"https:\/\/lascriticas.com\/wp-content\/uploads\/2017\/09\/Karina.jpeg","contentUrl":"https:\/\/lascriticas.com\/wp-content\/uploads\/2017\/09\/Karina.jpeg","width":1080,"height":540,"caption":"Karina Pacheco"},{"@type":"BreadcrumbList","@id":"https:\/\/lascriticas.com\/index.php\/2023\/05\/19\/la-voluntad-del-molle-de-karina-pacheco-medrano\/#breadcrumb","itemListElement":[{"@type":"ListItem","position":1,"name":"Inicio","item":"https:\/\/lascriticas.com\/"},{"@type":"ListItem","position":2,"name":"La voluntad del molle, de Karina Pacheco Medrano"}]},{"@type":"WebSite","@id":"https:\/\/lascriticas.com\/#website","url":"https:\/\/lascriticas.com\/","name":"Las Cr\u00edticas","description":"Cr\u00edtica literaria hecha por mujeres","publisher":{"@id":"https:\/\/lascriticas.com\/#organization"},"potentialAction":[{"@type":"SearchAction","target":{"@type":"EntryPoint","urlTemplate":"https:\/\/lascriticas.com\/?s={search_term_string}"},"query-input":{"@type":"PropertyValueSpecification","valueRequired":true,"valueName":"search_term_string"}}],"inLanguage":"es"},{"@type":"Organization","@id":"https:\/\/lascriticas.com\/#organization","name":"Las Cr\u00edticas","url":"https:\/\/lascriticas.com\/","logo":{"@type":"ImageObject","inLanguage":"es","@id":"https:\/\/lascriticas.com\/#\/schema\/logo\/image\/","url":"https:\/\/lascriticas.com\/wp-content\/uploads\/2016\/09\/Las-Cr\u00edticas.png","contentUrl":"https:\/\/lascriticas.com\/wp-content\/uploads\/2016\/09\/Las-Cr\u00edticas.png","width":372,"height":201,"caption":"Las Cr\u00edticas"},"image":{"@id":"https:\/\/lascriticas.com\/#\/schema\/logo\/image\/"},"sameAs":["https:\/\/www.facebook.com\/lascriticas\/","https:\/\/x.com\/LasCriticas_com","https:\/\/www.instagram.com\/lascriticas_com\/","https:\/\/www.youtube.com\/channel\/UCd7r-H6EJA4sSXGLX33_iHQ"]},{"@type":"Person","@id":"https:\/\/lascriticas.com\/#\/schema\/person\/0b62c697321278a17dafb1a07cc1da51","name":"Olga Montero Rose","image":{"@type":"ImageObject","inLanguage":"es","@id":"https:\/\/lascriticas.com\/#\/schema\/person\/image\/","url":"https:\/\/secure.gravatar.com\/avatar\/d2b224345015f8be504f14d7167fe88e?s=96&d=mm&r=g","contentUrl":"https:\/\/secure.gravatar.com\/avatar\/d2b224345015f8be504f14d7167fe88e?s=96&d=mm&r=g","caption":"Olga Montero Rose"},"url":"https:\/\/lascriticas.com\/index.php\/author\/olga-montero-rose\/"}]}},"_links":{"self":[{"href":"https:\/\/lascriticas.com\/index.php\/wp-json\/wp\/v2\/posts\/5345"}],"collection":[{"href":"https:\/\/lascriticas.com\/index.php\/wp-json\/wp\/v2\/posts"}],"about":[{"href":"https:\/\/lascriticas.com\/index.php\/wp-json\/wp\/v2\/types\/post"}],"author":[{"embeddable":true,"href":"https:\/\/lascriticas.com\/index.php\/wp-json\/wp\/v2\/users\/97"}],"replies":[{"embeddable":true,"href":"https:\/\/lascriticas.com\/index.php\/wp-json\/wp\/v2\/comments?post=5345"}],"version-history":[{"count":9,"href":"https:\/\/lascriticas.com\/index.php\/wp-json\/wp\/v2\/posts\/5345\/revisions"}],"predecessor-version":[{"id":5425,"href":"https:\/\/lascriticas.com\/index.php\/wp-json\/wp\/v2\/posts\/5345\/revisions\/5425"}],"wp:featuredmedia":[{"embeddable":true,"href":"https:\/\/lascriticas.com\/index.php\/wp-json\/wp\/v2\/media\/1805"}],"wp:attachment":[{"href":"https:\/\/lascriticas.com\/index.php\/wp-json\/wp\/v2\/media?parent=5345"}],"wp:term":[{"taxonomy":"category","embeddable":true,"href":"https:\/\/lascriticas.com\/index.php\/wp-json\/wp\/v2\/categories?post=5345"},{"taxonomy":"post_tag","embeddable":true,"href":"https:\/\/lascriticas.com\/index.php\/wp-json\/wp\/v2\/tags?post=5345"}],"curies":[{"name":"wp","href":"https:\/\/api.w.org\/{rel}","templated":true}]}}