{"id":5112,"date":"2022-08-26T21:41:25","date_gmt":"2022-08-26T19:41:25","guid":{"rendered":"https:\/\/lascriticas.com\/?p=5112"},"modified":"2022-08-26T21:44:09","modified_gmt":"2022-08-26T19:44:09","slug":"herida-de-mi-herida-de-carlos-lopez-degregori","status":"publish","type":"post","link":"https:\/\/lascriticas.com\/index.php\/2022\/08\/26\/herida-de-mi-herida-de-carlos-lopez-degregori\/","title":{"rendered":"Herida de mi herida, de Carlos L\u00f3pez Degregori"},"content":{"rendered":"<p style=\"text-align: justify;\"><span style=\"font-size: 16px;\"><b>Carlos L\u00f3pez Degregori<\/b> (Per\u00fa 1952) es un insigne poeta y maestro universitario. Pertenece a la generaci\u00f3n del 70. Ha publicado poemarios ejemplares como <i>Lejos de todas partes<\/i>, <i>Un buen d\u00eda<\/i>, y otros nueve. El municipio de Lima ha recopilado sus mejores poemas en el volumen <b><i>Herida de mi herida<\/i><\/b>, (2022, Lima) bajo la serie Poes\u00eda peruana contempor\u00e1nea. De este poemario, de descarga gratuita (<a href=\"https:\/\/descubrelima.pe\">descubrelima.pe<\/a>), explorar\u00e9 la f\u00e1cil lectura y analizar\u00e9 un poema.<\/span><\/p>\n<p style=\"text-align: justify;\"><span style=\"font-size: 16px;\">Para iniciarnos en la lectura de <b><i>Herida de mi herida<\/i><\/b>, parto del significado. Curiosamente, hay clases de \u00ab<b>herida\u00bb<\/b>: Contusa, la producida por golpe; penetrante es la que llega al interior y punzante la causada con un arma. Pero, en t\u00e9rminos m\u00e9dicos es una cavidad (o piel) da\u00f1ada [Ref. RAE].<\/span><\/p>\n<p style=\"text-align: justify;\"><span style=\"font-size: 16px;\">\u00bfC\u00f3mo son las alusiones a <b>heridas<\/b> a nivel textual en el poemario? \u00abuna <b>herida <\/b>enorme de amor\u00bb (p\u00e1g. 66), \u00abte dejo un <b>hoyo<\/b> como un cuerpo\u00bb (p\u00e1g. 73). Y podemos citar expresiones aisladas como \u00abla cerradura era de sangre\u00bb, o la voz on\u00edrica que punza \u00abcomo aguja\u00bb, y golpea estruendosamente tal \u00abgolpe de mar\u00bb con persistencia. Estos enunciados nos remiten visualmente a una abertura de piel u \u00f3rgano.<\/span><\/p>\n<p style=\"text-align: justify;\"><span style=\"font-size: 16px;\">En varios poemas aparece la constante que algo se sesgar\u00e1 o est\u00e1 abierto y necesita cerrarse con los pies, con la misma sangre o alg\u00fan agente. De otro lado, el yo po\u00e9tico se manifiesta, en el poema \u00abDos madrastras\u00bb, intercalando el plano subjetivo y el plano objetivo en <i>Esta ma\u00f1ana vinieron a buscarme dos Madrastras. Llamaron a la puerta \u2026: No tenemos donde ir, \u2026 <\/i><i>Sabemos<\/i><i> cocinar platos\u2026 de madrastras\u2026 Ustedes, \u2026 son mi error\u2026 y me arropan con \u2026 dedos llenos de <\/i><i>agujas<\/i><i> para <\/i>[\u2026]. A partir de \u201csabemos\u201d se enfatiza el plano subjetivo que produce <b>heridas<\/b>.<\/span><\/p>\n<p style=\"text-align: justify;\"><span style=\"font-size: 16px;\">Ahora me ocupar\u00e9 del poema \u00ab<b>Como el m\u00e1s largo y solo camino<\/b>\u00bb. Este me fascin\u00f3 desde que lo le\u00ed. Parto de que la buena literatura duele como lo dicen muchos cr\u00edticos. Las evocaciones de dolor en este poema y en casi todos los compilados, seg\u00fan nuestra biblioteca cognitiva, nos evoca a <strong>Fernando Pessoa<\/strong>, los cuentos de <strong>Valeria Correa Fiz<\/strong> \u2013 por citar algo\u00a0\u2013 o las transidas apreciaciones de <strong>Susan Sontag<\/strong> sobre el dolor\u2026<\/span><\/p>\n<p style=\"text-align: justify;\"><span style=\"font-size: 16px;\">El poema<b><i> Como el m\u00e1s largo y solo camino<\/i><\/b> presenta una equivocaci\u00f3n \u00abtengo dos corazones\u00bb que son manipulados: extendidos, mirados y volteados. Entonces, aparece el verbo \u00abquerer\u00bb mediante \u00abquise ofrecerles aire y agua\u00bb y \u00abquise besarlos\u00bb. Ambos corazones son comparados en sus vueltas \u00abcomo dos cajas\u00bb de contenido desconocido, o \u00abcomo dos p\u00e1jaros\u00bb a los que hay que extirparles \u00abla espina\u00bb que los une, o \u00abcomo dos imanes\u00bb completamente locos. Adem\u00e1s, ante este periplo, cotejamos que los ofrecimientos de \u00abaire y agua\u00bb perecen ante la ausencia de \u00abboca\u00bb.<\/span><\/p>\n<p style=\"text-align: justify;\"><span style=\"font-size: 16px;\">En la segunda parte del poema, los corazones unidos \u00absalieron por mi espalda\u00bb, n\u00f3tese la carga sem\u00e1ntica (significado) de <b>\/<\/b>expulsi\u00f3n<b>\/<\/b>. Por tanto, se produce la \/abertura\/ mediante \u00ababriendo la carne\u00bb, para luego enfatizar la comparaci\u00f3n en \u00abcomo un remordimiento o una revocaci\u00f3n\u00bb, de donde deducimos marcas de \/arrepentimiento\/ y \/anulaci\u00f3n\/.<span class=\"Apple-converted-space\">\u00a0 <\/span>A continuaci\u00f3n, vemos el tramo de \u00abperderse abrazados\u00bb en dos paisajes: \u00abniebla\u00bb y \u00abcharcos fosforescentes\u00bb; apreciemos \/opacidad\/ m\u00e1s \/refulgir\/, panoramas que impiden visualizar algo en su totalidad. Y, posteriormente, \u00ablos vi perderse abrazados\u00bb. En esa ruta, los corazones \u00abdejaban un reguero de sangre\u00bb. El final \u00ab<b><i>como el m\u00e1s largo y solo camino<\/i><\/b>\u00bb est\u00e1 cargado del \u00fanico \/contenido\/ posible: regar y\/o dejar huellas de sangre.<\/span><\/p>\n<p style=\"text-align: justify;\"><span style=\"font-size: 16px;\">Concluimos que es una formidable pieza po\u00e9tica, la cual puede estudiarse en talleres de poes\u00eda. Por lo rese\u00f1ado, ser\u00eda imperdonable aducir que \u00e9ste u otros poemas no encajan en el canon, que no se parecen a nadie, a nadie de una generaci\u00f3n o comparsa literaria. Es m\u00e1s, no hay motivo para compararlo. Si pensara en cotejarlo o establecer una filiaci\u00f3n forzada con su generaci\u00f3n, tendr\u00eda que triturar mi empolvado t\u00edtulo, el sumiso intelecto con el que disfruto im\u00e1genes visuales y sonoras, y enroscar\u00eda mi identidad al intentar destituir la suya. Elevo la poes\u00eda \u00fanica de <b>Carlos L\u00f3pez Degregori<\/b>. Me adelanto a la fiesta por sus 70 a\u00f1os, para que cualquiera pueda leer al maestro, al gran poeta.<\/span><\/p>\n<p><img loading=\"lazy\" decoding=\"async\" class=\"aligncenter wp-image-5113 \" title=\"Con el m\u00e1s largo y solo camino, de Carlos Lopez Degregori\" src=\"https:\/\/lascriticas.com\/wp-content\/uploads\/2022\/08\/Poema-Carlos-Lopez-Degregori.png\" alt=\"\" width=\"803\" height=\"405\" \/><\/p>\n<p><strong><span style=\"font-size: 16px;\">L\u00f3pez Degregori, Carlos. <i>Herida de mi herida<\/i>, Municipalidad de Lima, 2022.<\/span><\/strong><\/p>\n<hr \/>\n<p style=\"text-align: justify;\"><span style=\"font-family: 'trebuchet ms', geneva, sans-serif; font-size: 16px;\"><strong>Carlos L\u00f3pez Degregori <\/strong>(Lima, 1952), escritor y poeta peruano. Ha publicado numerosos poemarios como <i>Una casa en la sombra<\/i>,\u00a0<i>Aqu\u00ed descansa nadie<\/i>,\u00a0<i>Flama y respiraci\u00f3n. Cielo forzado\u00a0<\/i>le vali\u00f3 el reconocimiento como uno de los poetas m\u00e1s interesantes de los ochenta. Ha recibido premios y reconocimientos a su trabajo.<\/span><\/p>\n<p><span style=\"font-size: 16px;\"><a href=\"https:\/\/lascriticas.com\/index.php\/lascriticas\/carmen-concha-nolte\/\"><strong>Acerca de Carmen Concha-Nolte<\/strong><\/a><\/span><\/p>\n","protected":false},"excerpt":{"rendered":"<p>Carlos L\u00f3pez Degregori (Per\u00fa 1952) es un insigne poeta y maestro universitario. Pertenece a la generaci\u00f3n del 70. Ha publicado poemarios ejemplares como Lejos de todas partes, Un buen d\u00eda, y otros nueve. El municipio de Lima ha recopilado sus mejores poemas en el volumen Herida de mi herida, (2022, Lima) bajo la serie Poes\u00eda&#8230;<\/p>\n","protected":false},"author":89,"featured_media":5117,"comment_status":"open","ping_status":"open","sticky":false,"template":"","format":"standard","meta":{"footnotes":""},"categories":[45,37],"tags":[71,347,100,1061,55,419],"yoast_head":"<!-- This site is optimized with the Yoast SEO plugin v23.5 - https:\/\/yoast.com\/wordpress\/plugins\/seo\/ -->\n<title>Herida de mi herida, de Carlos L\u00f3pez Degregori - Las Cr\u00edticas<\/title>\n<meta name=\"description\" content=\"Carmen Concha-Nolte escribe acerca de Herida de mi herida, del poeta peruano Carlos L\u00f3pez Degregori\" \/>\n<meta name=\"robots\" content=\"index, follow, max-snippet:-1, max-image-preview:large, max-video-preview:-1\" \/>\n<link rel=\"canonical\" href=\"https:\/\/lascriticas.com\/index.php\/2022\/08\/26\/herida-de-mi-herida-de-carlos-lopez-degregori\/\" \/>\n<meta property=\"og:locale\" content=\"es_ES\" \/>\n<meta property=\"og:type\" content=\"article\" \/>\n<meta property=\"og:title\" content=\"Herida de mi herida, de Carlos L\u00f3pez Degregori - Las Cr\u00edticas\" \/>\n<meta property=\"og:description\" content=\"Carmen Concha-Nolte escribe acerca de Herida de mi herida, del poeta peruano Carlos L\u00f3pez Degregori\" \/>\n<meta property=\"og:url\" content=\"https:\/\/lascriticas.com\/index.php\/2022\/08\/26\/herida-de-mi-herida-de-carlos-lopez-degregori\/\" \/>\n<meta property=\"og:site_name\" content=\"Las Cr\u00edticas\" \/>\n<meta property=\"article:publisher\" content=\"https:\/\/www.facebook.com\/lascriticas\/\" \/>\n<meta property=\"article:published_time\" content=\"2022-08-26T19:41:25+00:00\" \/>\n<meta property=\"article:modified_time\" content=\"2022-08-26T19:44:09+00:00\" \/>\n<meta property=\"og:image\" content=\"https:\/\/lascriticas.com\/wp-content\/uploads\/2022\/08\/Carlos-Lopez-Degregori.jpg\" \/>\n\t<meta property=\"og:image:width\" content=\"1080\" \/>\n\t<meta property=\"og:image:height\" content=\"530\" \/>\n\t<meta property=\"og:image:type\" content=\"image\/jpeg\" \/>\n<meta name=\"author\" content=\"Carmen Concha-Nolte\" \/>\n<meta name=\"twitter:card\" content=\"summary_large_image\" \/>\n<meta name=\"twitter:creator\" content=\"@LasCriticas_com\" \/>\n<meta name=\"twitter:site\" content=\"@LasCriticas_com\" \/>\n<meta name=\"twitter:label1\" content=\"Escrito por\" \/>\n\t<meta name=\"twitter:data1\" content=\"Carmen Concha-Nolte\" \/>\n\t<meta name=\"twitter:label2\" content=\"Tiempo de lectura\" \/>\n\t<meta name=\"twitter:data2\" content=\"4 minutos\" \/>\n<script type=\"application\/ld+json\" class=\"yoast-schema-graph\">{\"@context\":\"https:\/\/schema.org\",\"@graph\":[{\"@type\":\"Article\",\"@id\":\"https:\/\/lascriticas.com\/index.php\/2022\/08\/26\/herida-de-mi-herida-de-carlos-lopez-degregori\/#article\",\"isPartOf\":{\"@id\":\"https:\/\/lascriticas.com\/index.php\/2022\/08\/26\/herida-de-mi-herida-de-carlos-lopez-degregori\/\"},\"author\":{\"name\":\"Carmen Concha-Nolte\",\"@id\":\"https:\/\/lascriticas.com\/#\/schema\/person\/fcf204c26033f1a0d7322acf32c33c3c\"},\"headline\":\"Herida de mi herida, de Carlos L\u00f3pez Degregori\",\"datePublished\":\"2022-08-26T19:41:25+00:00\",\"dateModified\":\"2022-08-26T19:44:09+00:00\",\"mainEntityOfPage\":{\"@id\":\"https:\/\/lascriticas.com\/index.php\/2022\/08\/26\/herida-de-mi-herida-de-carlos-lopez-degregori\/\"},\"wordCount\":791,\"commentCount\":0,\"publisher\":{\"@id\":\"https:\/\/lascriticas.com\/#organization\"},\"image\":{\"@id\":\"https:\/\/lascriticas.com\/index.php\/2022\/08\/26\/herida-de-mi-herida-de-carlos-lopez-degregori\/#primaryimage\"},\"thumbnailUrl\":\"https:\/\/lascriticas.com\/wp-content\/uploads\/2022\/08\/Carlos-Lopez-Degregori.jpg\",\"keywords\":[\"cuerpo\",\"dolor\",\"escritura\",\"herida\",\"poes\u00eda\",\"poes\u00eda peruana\"],\"articleSection\":[\"Poes\u00eda\",\"Rese\u00f1as\"],\"inLanguage\":\"es\",\"potentialAction\":[{\"@type\":\"CommentAction\",\"name\":\"Comment\",\"target\":[\"https:\/\/lascriticas.com\/index.php\/2022\/08\/26\/herida-de-mi-herida-de-carlos-lopez-degregori\/#respond\"]}]},{\"@type\":\"WebPage\",\"@id\":\"https:\/\/lascriticas.com\/index.php\/2022\/08\/26\/herida-de-mi-herida-de-carlos-lopez-degregori\/\",\"url\":\"https:\/\/lascriticas.com\/index.php\/2022\/08\/26\/herida-de-mi-herida-de-carlos-lopez-degregori\/\",\"name\":\"Herida de mi herida, de Carlos L\u00f3pez Degregori - Las Cr\u00edticas\",\"isPartOf\":{\"@id\":\"https:\/\/lascriticas.com\/#website\"},\"primaryImageOfPage\":{\"@id\":\"https:\/\/lascriticas.com\/index.php\/2022\/08\/26\/herida-de-mi-herida-de-carlos-lopez-degregori\/#primaryimage\"},\"image\":{\"@id\":\"https:\/\/lascriticas.com\/index.php\/2022\/08\/26\/herida-de-mi-herida-de-carlos-lopez-degregori\/#primaryimage\"},\"thumbnailUrl\":\"https:\/\/lascriticas.com\/wp-content\/uploads\/2022\/08\/Carlos-Lopez-Degregori.jpg\",\"datePublished\":\"2022-08-26T19:41:25+00:00\",\"dateModified\":\"2022-08-26T19:44:09+00:00\",\"description\":\"Carmen Concha-Nolte escribe acerca de Herida de mi herida, del poeta peruano Carlos L\u00f3pez Degregori\",\"breadcrumb\":{\"@id\":\"https:\/\/lascriticas.com\/index.php\/2022\/08\/26\/herida-de-mi-herida-de-carlos-lopez-degregori\/#breadcrumb\"},\"inLanguage\":\"es\",\"potentialAction\":[{\"@type\":\"ReadAction\",\"target\":[\"https:\/\/lascriticas.com\/index.php\/2022\/08\/26\/herida-de-mi-herida-de-carlos-lopez-degregori\/\"]}]},{\"@type\":\"ImageObject\",\"inLanguage\":\"es\",\"@id\":\"https:\/\/lascriticas.com\/index.php\/2022\/08\/26\/herida-de-mi-herida-de-carlos-lopez-degregori\/#primaryimage\",\"url\":\"https:\/\/lascriticas.com\/wp-content\/uploads\/2022\/08\/Carlos-Lopez-Degregori.jpg\",\"contentUrl\":\"https:\/\/lascriticas.com\/wp-content\/uploads\/2022\/08\/Carlos-Lopez-Degregori.jpg\",\"width\":1080,\"height\":530},{\"@type\":\"BreadcrumbList\",\"@id\":\"https:\/\/lascriticas.com\/index.php\/2022\/08\/26\/herida-de-mi-herida-de-carlos-lopez-degregori\/#breadcrumb\",\"itemListElement\":[{\"@type\":\"ListItem\",\"position\":1,\"name\":\"Inicio\",\"item\":\"https:\/\/lascriticas.com\/\"},{\"@type\":\"ListItem\",\"position\":2,\"name\":\"Herida de mi herida, de Carlos L\u00f3pez Degregori\"}]},{\"@type\":\"WebSite\",\"@id\":\"https:\/\/lascriticas.com\/#website\",\"url\":\"https:\/\/lascriticas.com\/\",\"name\":\"Las Cr\u00edticas\",\"description\":\"Cr\u00edtica literaria hecha por mujeres\",\"publisher\":{\"@id\":\"https:\/\/lascriticas.com\/#organization\"},\"potentialAction\":[{\"@type\":\"SearchAction\",\"target\":{\"@type\":\"EntryPoint\",\"urlTemplate\":\"https:\/\/lascriticas.com\/?s={search_term_string}\"},\"query-input\":{\"@type\":\"PropertyValueSpecification\",\"valueRequired\":true,\"valueName\":\"search_term_string\"}}],\"inLanguage\":\"es\"},{\"@type\":\"Organization\",\"@id\":\"https:\/\/lascriticas.com\/#organization\",\"name\":\"Las Cr\u00edticas\",\"url\":\"https:\/\/lascriticas.com\/\",\"logo\":{\"@type\":\"ImageObject\",\"inLanguage\":\"es\",\"@id\":\"https:\/\/lascriticas.com\/#\/schema\/logo\/image\/\",\"url\":\"https:\/\/lascriticas.com\/wp-content\/uploads\/2016\/09\/Las-Cr\u00edticas.png\",\"contentUrl\":\"https:\/\/lascriticas.com\/wp-content\/uploads\/2016\/09\/Las-Cr\u00edticas.png\",\"width\":372,\"height\":201,\"caption\":\"Las Cr\u00edticas\"},\"image\":{\"@id\":\"https:\/\/lascriticas.com\/#\/schema\/logo\/image\/\"},\"sameAs\":[\"https:\/\/www.facebook.com\/lascriticas\/\",\"https:\/\/x.com\/LasCriticas_com\",\"https:\/\/www.instagram.com\/lascriticas_com\/\",\"https:\/\/www.youtube.com\/channel\/UCd7r-H6EJA4sSXGLX33_iHQ\"]},{\"@type\":\"Person\",\"@id\":\"https:\/\/lascriticas.com\/#\/schema\/person\/fcf204c26033f1a0d7322acf32c33c3c\",\"name\":\"Carmen Concha-Nolte\",\"image\":{\"@type\":\"ImageObject\",\"inLanguage\":\"es\",\"@id\":\"https:\/\/lascriticas.com\/#\/schema\/person\/image\/\",\"url\":\"https:\/\/secure.gravatar.com\/avatar\/1c71087269b47f6358dfb9070be07ca8?s=96&d=mm&r=g\",\"contentUrl\":\"https:\/\/secure.gravatar.com\/avatar\/1c71087269b47f6358dfb9070be07ca8?s=96&d=mm&r=g\",\"caption\":\"Carmen Concha-Nolte\"},\"url\":\"https:\/\/lascriticas.com\/index.php\/author\/carmen-concha-nolte\/\"}]}<\/script>\n<!-- \/ Yoast SEO plugin. -->","yoast_head_json":{"title":"Herida de mi herida, de Carlos L\u00f3pez Degregori - Las Cr\u00edticas","description":"Carmen Concha-Nolte escribe acerca de Herida de mi herida, del poeta peruano Carlos L\u00f3pez Degregori","robots":{"index":"index","follow":"follow","max-snippet":"max-snippet:-1","max-image-preview":"max-image-preview:large","max-video-preview":"max-video-preview:-1"},"canonical":"https:\/\/lascriticas.com\/index.php\/2022\/08\/26\/herida-de-mi-herida-de-carlos-lopez-degregori\/","og_locale":"es_ES","og_type":"article","og_title":"Herida de mi herida, de Carlos L\u00f3pez Degregori - Las Cr\u00edticas","og_description":"Carmen Concha-Nolte escribe acerca de Herida de mi herida, del poeta peruano Carlos L\u00f3pez Degregori","og_url":"https:\/\/lascriticas.com\/index.php\/2022\/08\/26\/herida-de-mi-herida-de-carlos-lopez-degregori\/","og_site_name":"Las Cr\u00edticas","article_publisher":"https:\/\/www.facebook.com\/lascriticas\/","article_published_time":"2022-08-26T19:41:25+00:00","article_modified_time":"2022-08-26T19:44:09+00:00","og_image":[{"width":1080,"height":530,"url":"https:\/\/lascriticas.com\/wp-content\/uploads\/2022\/08\/Carlos-Lopez-Degregori.jpg","type":"image\/jpeg"}],"author":"Carmen Concha-Nolte","twitter_card":"summary_large_image","twitter_creator":"@LasCriticas_com","twitter_site":"@LasCriticas_com","twitter_misc":{"Escrito por":"Carmen Concha-Nolte","Tiempo de lectura":"4 minutos"},"schema":{"@context":"https:\/\/schema.org","@graph":[{"@type":"Article","@id":"https:\/\/lascriticas.com\/index.php\/2022\/08\/26\/herida-de-mi-herida-de-carlos-lopez-degregori\/#article","isPartOf":{"@id":"https:\/\/lascriticas.com\/index.php\/2022\/08\/26\/herida-de-mi-herida-de-carlos-lopez-degregori\/"},"author":{"name":"Carmen Concha-Nolte","@id":"https:\/\/lascriticas.com\/#\/schema\/person\/fcf204c26033f1a0d7322acf32c33c3c"},"headline":"Herida de mi herida, de Carlos L\u00f3pez Degregori","datePublished":"2022-08-26T19:41:25+00:00","dateModified":"2022-08-26T19:44:09+00:00","mainEntityOfPage":{"@id":"https:\/\/lascriticas.com\/index.php\/2022\/08\/26\/herida-de-mi-herida-de-carlos-lopez-degregori\/"},"wordCount":791,"commentCount":0,"publisher":{"@id":"https:\/\/lascriticas.com\/#organization"},"image":{"@id":"https:\/\/lascriticas.com\/index.php\/2022\/08\/26\/herida-de-mi-herida-de-carlos-lopez-degregori\/#primaryimage"},"thumbnailUrl":"https:\/\/lascriticas.com\/wp-content\/uploads\/2022\/08\/Carlos-Lopez-Degregori.jpg","keywords":["cuerpo","dolor","escritura","herida","poes\u00eda","poes\u00eda peruana"],"articleSection":["Poes\u00eda","Rese\u00f1as"],"inLanguage":"es","potentialAction":[{"@type":"CommentAction","name":"Comment","target":["https:\/\/lascriticas.com\/index.php\/2022\/08\/26\/herida-de-mi-herida-de-carlos-lopez-degregori\/#respond"]}]},{"@type":"WebPage","@id":"https:\/\/lascriticas.com\/index.php\/2022\/08\/26\/herida-de-mi-herida-de-carlos-lopez-degregori\/","url":"https:\/\/lascriticas.com\/index.php\/2022\/08\/26\/herida-de-mi-herida-de-carlos-lopez-degregori\/","name":"Herida de mi herida, de Carlos L\u00f3pez Degregori - Las Cr\u00edticas","isPartOf":{"@id":"https:\/\/lascriticas.com\/#website"},"primaryImageOfPage":{"@id":"https:\/\/lascriticas.com\/index.php\/2022\/08\/26\/herida-de-mi-herida-de-carlos-lopez-degregori\/#primaryimage"},"image":{"@id":"https:\/\/lascriticas.com\/index.php\/2022\/08\/26\/herida-de-mi-herida-de-carlos-lopez-degregori\/#primaryimage"},"thumbnailUrl":"https:\/\/lascriticas.com\/wp-content\/uploads\/2022\/08\/Carlos-Lopez-Degregori.jpg","datePublished":"2022-08-26T19:41:25+00:00","dateModified":"2022-08-26T19:44:09+00:00","description":"Carmen Concha-Nolte escribe acerca de Herida de mi herida, del poeta peruano Carlos L\u00f3pez Degregori","breadcrumb":{"@id":"https:\/\/lascriticas.com\/index.php\/2022\/08\/26\/herida-de-mi-herida-de-carlos-lopez-degregori\/#breadcrumb"},"inLanguage":"es","potentialAction":[{"@type":"ReadAction","target":["https:\/\/lascriticas.com\/index.php\/2022\/08\/26\/herida-de-mi-herida-de-carlos-lopez-degregori\/"]}]},{"@type":"ImageObject","inLanguage":"es","@id":"https:\/\/lascriticas.com\/index.php\/2022\/08\/26\/herida-de-mi-herida-de-carlos-lopez-degregori\/#primaryimage","url":"https:\/\/lascriticas.com\/wp-content\/uploads\/2022\/08\/Carlos-Lopez-Degregori.jpg","contentUrl":"https:\/\/lascriticas.com\/wp-content\/uploads\/2022\/08\/Carlos-Lopez-Degregori.jpg","width":1080,"height":530},{"@type":"BreadcrumbList","@id":"https:\/\/lascriticas.com\/index.php\/2022\/08\/26\/herida-de-mi-herida-de-carlos-lopez-degregori\/#breadcrumb","itemListElement":[{"@type":"ListItem","position":1,"name":"Inicio","item":"https:\/\/lascriticas.com\/"},{"@type":"ListItem","position":2,"name":"Herida de mi herida, de Carlos L\u00f3pez Degregori"}]},{"@type":"WebSite","@id":"https:\/\/lascriticas.com\/#website","url":"https:\/\/lascriticas.com\/","name":"Las Cr\u00edticas","description":"Cr\u00edtica literaria hecha por mujeres","publisher":{"@id":"https:\/\/lascriticas.com\/#organization"},"potentialAction":[{"@type":"SearchAction","target":{"@type":"EntryPoint","urlTemplate":"https:\/\/lascriticas.com\/?s={search_term_string}"},"query-input":{"@type":"PropertyValueSpecification","valueRequired":true,"valueName":"search_term_string"}}],"inLanguage":"es"},{"@type":"Organization","@id":"https:\/\/lascriticas.com\/#organization","name":"Las Cr\u00edticas","url":"https:\/\/lascriticas.com\/","logo":{"@type":"ImageObject","inLanguage":"es","@id":"https:\/\/lascriticas.com\/#\/schema\/logo\/image\/","url":"https:\/\/lascriticas.com\/wp-content\/uploads\/2016\/09\/Las-Cr\u00edticas.png","contentUrl":"https:\/\/lascriticas.com\/wp-content\/uploads\/2016\/09\/Las-Cr\u00edticas.png","width":372,"height":201,"caption":"Las Cr\u00edticas"},"image":{"@id":"https:\/\/lascriticas.com\/#\/schema\/logo\/image\/"},"sameAs":["https:\/\/www.facebook.com\/lascriticas\/","https:\/\/x.com\/LasCriticas_com","https:\/\/www.instagram.com\/lascriticas_com\/","https:\/\/www.youtube.com\/channel\/UCd7r-H6EJA4sSXGLX33_iHQ"]},{"@type":"Person","@id":"https:\/\/lascriticas.com\/#\/schema\/person\/fcf204c26033f1a0d7322acf32c33c3c","name":"Carmen Concha-Nolte","image":{"@type":"ImageObject","inLanguage":"es","@id":"https:\/\/lascriticas.com\/#\/schema\/person\/image\/","url":"https:\/\/secure.gravatar.com\/avatar\/1c71087269b47f6358dfb9070be07ca8?s=96&d=mm&r=g","contentUrl":"https:\/\/secure.gravatar.com\/avatar\/1c71087269b47f6358dfb9070be07ca8?s=96&d=mm&r=g","caption":"Carmen Concha-Nolte"},"url":"https:\/\/lascriticas.com\/index.php\/author\/carmen-concha-nolte\/"}]}},"_links":{"self":[{"href":"https:\/\/lascriticas.com\/index.php\/wp-json\/wp\/v2\/posts\/5112"}],"collection":[{"href":"https:\/\/lascriticas.com\/index.php\/wp-json\/wp\/v2\/posts"}],"about":[{"href":"https:\/\/lascriticas.com\/index.php\/wp-json\/wp\/v2\/types\/post"}],"author":[{"embeddable":true,"href":"https:\/\/lascriticas.com\/index.php\/wp-json\/wp\/v2\/users\/89"}],"replies":[{"embeddable":true,"href":"https:\/\/lascriticas.com\/index.php\/wp-json\/wp\/v2\/comments?post=5112"}],"version-history":[{"count":5,"href":"https:\/\/lascriticas.com\/index.php\/wp-json\/wp\/v2\/posts\/5112\/revisions"}],"predecessor-version":[{"id":5119,"href":"https:\/\/lascriticas.com\/index.php\/wp-json\/wp\/v2\/posts\/5112\/revisions\/5119"}],"wp:featuredmedia":[{"embeddable":true,"href":"https:\/\/lascriticas.com\/index.php\/wp-json\/wp\/v2\/media\/5117"}],"wp:attachment":[{"href":"https:\/\/lascriticas.com\/index.php\/wp-json\/wp\/v2\/media?parent=5112"}],"wp:term":[{"taxonomy":"category","embeddable":true,"href":"https:\/\/lascriticas.com\/index.php\/wp-json\/wp\/v2\/categories?post=5112"},{"taxonomy":"post_tag","embeddable":true,"href":"https:\/\/lascriticas.com\/index.php\/wp-json\/wp\/v2\/tags?post=5112"}],"curies":[{"name":"wp","href":"https:\/\/api.w.org\/{rel}","templated":true}]}}