{"id":5106,"date":"2022-08-26T20:25:49","date_gmt":"2022-08-26T18:25:49","guid":{"rendered":"https:\/\/lascriticas.com\/?p=5106"},"modified":"2022-09-08T23:38:56","modified_gmt":"2022-09-08T21:38:56","slug":"13o-festival-de-poesia-en-chepen-chepen","status":"publish","type":"post","link":"https:\/\/lascriticas.com\/index.php\/2022\/08\/26\/13o-festival-de-poesia-en-chepen-chepen\/","title":{"rendered":"13\u00ba Festival Internacional de Poes\u00eda en Chep\u00e9n Chep\u00e9n, versi\u00f3n 2022"},"content":{"rendered":"<h1 style=\"text-align: justify;\"><span style=\"font-size: 16px; color: #ffffff;\"><b><span style=\"color: #333333;\">Las variaciones de un cr\u00e1neo desbordado y la po\u00e9tica resplandeciente despu\u00e9s de la tragedia, propuestas que nos iluminan en el 13\u00ba\u00a0Festival Internacional de Poes\u00eda de Chep\u00e9n Chep\u00e9n<\/span>\u00a0Chep\u00e9n Chep\u00e9n, versi\u00f3n 2022.<\/b><\/span><\/h1>\n<p style=\"text-align: justify;\"><span style=\"font-size: 16px;\">Las enfermedades respiratorias siempre estuvieron rondando nuestros quehaceres creativos, y la literatura ha estado unida a la respiraci\u00f3n, desde el primer \u00abbla\u00bb pronunciado por un hom\u00ednido, as\u00ed que sin lugar a dudas apenas se nos ha permitido exponernos a la intemperie hemos querido volver; por suerte la Poes\u00eda no ha sucumbido con la pandemia. Este a\u00f1o volvemos de Forma Presencial con el <strong>13\u00ba\u00a0Festival de Poes\u00eda en Chep\u00e9n Chep\u00e9n<\/strong>, con invitados que nos entibien y curen los \u00f3rganos conectados al aire, pero sobre todo el alma hacia la recuperaci\u00f3n o salvaci\u00f3n del lenguaje de lo invisible.<\/span><\/p>\n<p style=\"text-align: justify;\"><span style=\"font-size: 16px;\">Queremos hacer un homenaje a <strong>Doris Bayly<\/strong>, poeta no muy difundida en su trabajo personal sobre lenguaje, pero s\u00ed por otros de sus muchos talentos, fallecida este verano en un lamentable accidente en el norte del Per\u00fa, pero muy querida en los medios de comunicaci\u00f3n.<\/span><\/p>\n<p style=\"text-align: justify;\"><span style=\"font-size: 16px;\">Desde Brasil, aunque habita el espacio lisboeta en Portugal y despu\u00e9s de una estad\u00eda larga e \u00edntima en Paris, <strong>Mauricio Vieira<\/strong> viene para enso\u00f1arnos con sus manuales on\u00edricos de Jardiner\u00eda. Desde Ecuador, una de las voces m\u00e1s potentes en espa\u00f1ol suramericano, seguras de s\u00ed misma y su poder en la regi\u00f3n, tambi\u00e9n nos acompa\u00f1ara <strong>Mar\u00eda Auxiliadora Balladares<\/strong>.<\/span><\/p>\n<p style=\"text-align: justify;\"><span style=\"font-size: 16px;\">Pero los peruanos que se animaron a cruzar los l\u00edmites de Lima gris y pretenciosa para llevar sus po\u00e9ticas<span class=\"Apple-converted-space\">\u00a0<\/span>cinceladas y<span class=\"Apple-converted-space\">\u00a0 <\/span>elucubradas con elaboraci\u00f3n meditativa<span class=\"Apple-converted-space\">\u00a0 <\/span>desde la l\u00edrica m\u00e1s alta de su habla personal, trabajado con ah\u00ednco, dolor,<span class=\"Apple-converted-space\">\u00a0<\/span><b><i>expertise<\/i><\/b> vital y sangrante, son el Maestro <strong>Carlos L\u00f3pez Degregori<\/strong> quien acaba de publicar con Maquina Pur\u00edsima un bell\u00edsimo libro , titulado <em><b>Variaciones Victoria<\/b><\/em><span class=\"Apple-converted-space\">\u00a0\u00a0<\/span>un conjunto de textos<span class=\"Apple-converted-space\">\u00a0<\/span>que es m\u00fasica pura para la sangre<span class=\"Apple-converted-space\">\u00a0<\/span>adormecida, con una versificaci\u00f3n<span class=\"Apple-converted-space\">\u00a0 <\/span>libre y<span class=\"Apple-converted-space\">\u00a0 <\/span>simbolismo propio, con collages de propia imaginer\u00eda conceptual y <span class=\"Apple-converted-space\">\u00a0<\/span>la suma de su fe po\u00e9tica, inagotable y victoriosa. Una caja, un caracol o un cr\u00e1neo, todo eso y mucho m\u00e1s en la evoluci\u00f3n de CLD hacia una construcci\u00f3n hist\u00f3rico-m\u00edstica sobre la capacidad humana de sentir y dialogar con lo desconocido en su paso por la existencia, CDL iniciales de un maestro que ha ido elevando su libro victorioso y desbordado hacia el canon de la poes\u00eda peruana e hisp\u00e1nica, para ense\u00f1arnos lo que se logra a punta de volar como c\u00f3ndor sobre los l\u00e1tigos inmisericordes, demoledores, cauc\u00e1sicos e intermitentes.<\/span><\/p>\n<p style=\"text-align: justify;\"><span style=\"font-size: 16px;\">La otra<span class=\"Apple-converted-space\">\u00a0 <\/span>voz que viajar\u00e1 al norte con nuestra maleta<span class=\"Apple-converted-space\">\u00a0<\/span>po\u00e9tica,<span class=\"Apple-converted-space\">\u00a0<\/span>es <strong>Rodrigo Luque<\/strong>, un joven<span class=\"Apple-converted-space\">\u00a0<\/span>poeta<span class=\"Apple-converted-space\">\u00a0<\/span>que en sus a\u00f1os arequipenses, lime\u00f1os, entre Abu Dhabi y la pen\u00ednsula ib\u00e9rica,<span class=\"Apple-converted-space\">\u00a0<\/span>haciendo operaciones y ejercicios bell\u00edsimos, ha conseguido con<span class=\"Apple-converted-space\">\u00a0<\/span>sus lecturas griegas y \u00e1rabes, latinas y angl\u00f3fonas<span class=\"Apple-converted-space\">\u00a0<\/span>llegar al coraz\u00f3n creador y lector ; con<span class=\"Apple-converted-space\">\u00a0 <\/span>su esquirla<span class=\"Apple-converted-space\">\u00a0 <\/span>extirpada de su propia orfandad para<span class=\"Apple-converted-space\">\u00a0 <\/span>llevarnos palabra<span class=\"Apple-converted-space\">\u00a0<\/span>a palabra al encuentro del<span class=\"Apple-converted-space\">\u00a0<\/span>amor vol\u00e1til e iluminado, pero con una inesperada capacidad para digerir la<span class=\"Apple-converted-space\">\u00a0 <\/span>tragedia en la poes\u00eda y en la vida real, con su<span class=\"Apple-converted-space\">\u00a0<\/span>poemario <b><em>Una esquirla basta<\/em><\/b>, destapa las turbinas eclesiales para mostrarnos <span class=\"Apple-converted-space\">\u00a0 <\/span>su intuici\u00f3n<span class=\"Apple-converted-space\">\u00a0 <\/span>humana y sagrada sobre <span class=\"Apple-converted-space\">\u00a0<\/span>la experiencia<span class=\"Apple-converted-space\">\u00a0 <\/span>de observaci\u00f3n y del lenguaje.<\/span><\/p>\n<p style=\"text-align: justify;\"><span style=\"font-size: 16px;\"><strong>Gloria Alvitres<\/strong> tambi\u00e9n estar\u00e1 acompa\u00f1\u00e1ndonos. Gloria es una poeta que tambi\u00e9n escribe en torno al periodismo, la memoria hist\u00f3rica, el medioambiente y el feminismo.<span class=\"Apple-converted-space\">\u00a0<\/span>Con un arte que se va delineando cada vez m\u00e1s exacto, personal y definido, <strong>Juliane \u00c1ngeles<\/strong> se suma contundente con un exquisito eco a otras voces femeninas de primer orden en habla hispana, demostrando que la creaci\u00f3n po\u00e9tica precisa de una mirada aguda, una palabra precisa y un toque exacto en el \u00e1ngulo imprevisto para lograr el efecto y la belleza que ella sutilmente convoca. <strong>Joe Guzm\u00e1n,<\/strong> representando a la regi\u00f3n, es docente, estudi\u00f3<span class=\"Apple-converted-space\">\u00a0 <\/span>en la Universidad Nacional de Trujillo y ha ganado diversos premios.<\/span><\/p>\n<p style=\"text-align: justify;\"><span style=\"font-size: 16px;\">Bienvenidas<span class=\"Apple-converted-space\">\u00a0 <\/span>sorpresas, invitados e invitadas<span class=\"Apple-converted-space\">\u00a0<\/span>al <strong>Chep\u00e9n Chep\u00e9n 2022<\/strong>.<\/span><\/p>\n","protected":false},"excerpt":{"rendered":"<p>Las variaciones de un cr\u00e1neo desbordado y la po\u00e9tica resplandeciente despu\u00e9s de la tragedia, propuestas que nos iluminan en el 13\u00ba\u00a0Festival Internacional de Poes\u00eda de Chep\u00e9n Chep\u00e9n\u00a0Chep\u00e9n Chep\u00e9n, versi\u00f3n 2022. Las enfermedades respiratorias siempre estuvieron rondando nuestros quehaceres creativos, y la literatura ha estado unida a la respiraci\u00f3n, desde el primer \u00abbla\u00bb pronunciado por un&#8230;<\/p>\n","protected":false},"author":12,"featured_media":5109,"comment_status":"open","ping_status":"open","sticky":false,"template":"","format":"standard","meta":{"footnotes":""},"categories":[240,45],"tags":[950,1060,100,949,62,55],"yoast_head":"<!-- This site is optimized with the Yoast SEO plugin v23.5 - https:\/\/yoast.com\/wordpress\/plugins\/seo\/ -->\n<title>13\u00ba Festival Internacional de Poes\u00eda en Chep\u00e9n Chep\u00e9n, versi\u00f3n 2022 - Las Cr\u00edticas<\/title>\n<meta name=\"description\" content=\"Las variaciones de un cr\u00e1neo desbordado y la po\u00e9tica resplandeciente despu\u00e9s de la tragedia, propuestas del 13\u00ba Festival Internacional de Poes\u00eda en Chep\u00e9n Chep\u00e9n\" \/>\n<meta name=\"robots\" content=\"index, follow, max-snippet:-1, max-image-preview:large, max-video-preview:-1\" \/>\n<link rel=\"canonical\" href=\"https:\/\/lascriticas.com\/index.php\/2022\/08\/26\/13o-festival-de-poesia-en-chepen-chepen\/\" \/>\n<meta property=\"og:locale\" content=\"es_ES\" \/>\n<meta property=\"og:type\" content=\"article\" \/>\n<meta property=\"og:title\" content=\"13\u00ba Festival Internacional de Poes\u00eda en Chep\u00e9n Chep\u00e9n, versi\u00f3n 2022 - Las Cr\u00edticas\" \/>\n<meta property=\"og:description\" content=\"Las variaciones de un cr\u00e1neo desbordado y la po\u00e9tica resplandeciente despu\u00e9s de la tragedia, propuestas del 13\u00ba Festival Internacional de Poes\u00eda en Chep\u00e9n Chep\u00e9n\" \/>\n<meta property=\"og:url\" content=\"https:\/\/lascriticas.com\/index.php\/2022\/08\/26\/13o-festival-de-poesia-en-chepen-chepen\/\" \/>\n<meta property=\"og:site_name\" content=\"Las Cr\u00edticas\" \/>\n<meta property=\"article:publisher\" content=\"https:\/\/www.facebook.com\/lascriticas\/\" \/>\n<meta property=\"article:published_time\" content=\"2022-08-26T18:25:49+00:00\" \/>\n<meta property=\"article:modified_time\" content=\"2022-09-08T21:38:56+00:00\" \/>\n<meta property=\"og:image\" content=\"https:\/\/lascriticas.com\/wp-content\/uploads\/2022\/08\/festival-poesia-en-chepen.png\" \/>\n\t<meta property=\"og:image:width\" content=\"3365\" \/>\n\t<meta property=\"og:image:height\" content=\"1245\" \/>\n\t<meta property=\"og:image:type\" content=\"image\/png\" \/>\n<meta name=\"author\" content=\"Julia Wong\" \/>\n<meta name=\"twitter:card\" content=\"summary_large_image\" \/>\n<meta name=\"twitter:creator\" content=\"@LasCriticas_com\" \/>\n<meta name=\"twitter:site\" content=\"@LasCriticas_com\" \/>\n<meta name=\"twitter:label1\" content=\"Escrito por\" \/>\n\t<meta name=\"twitter:data1\" content=\"Julia Wong\" \/>\n\t<meta name=\"twitter:label2\" content=\"Tiempo de lectura\" \/>\n\t<meta name=\"twitter:data2\" content=\"3 minutos\" \/>\n<script type=\"application\/ld+json\" class=\"yoast-schema-graph\">{\"@context\":\"https:\/\/schema.org\",\"@graph\":[{\"@type\":\"Article\",\"@id\":\"https:\/\/lascriticas.com\/index.php\/2022\/08\/26\/13o-festival-de-poesia-en-chepen-chepen\/#article\",\"isPartOf\":{\"@id\":\"https:\/\/lascriticas.com\/index.php\/2022\/08\/26\/13o-festival-de-poesia-en-chepen-chepen\/\"},\"author\":{\"name\":\"Julia Wong\",\"@id\":\"https:\/\/lascriticas.com\/#\/schema\/person\/1a1d1da1e273ed112607e61092386186\"},\"headline\":\"13\u00ba Festival Internacional de Poes\u00eda en Chep\u00e9n Chep\u00e9n, versi\u00f3n 2022\",\"datePublished\":\"2022-08-26T18:25:49+00:00\",\"dateModified\":\"2022-09-08T21:38:56+00:00\",\"mainEntityOfPage\":{\"@id\":\"https:\/\/lascriticas.com\/index.php\/2022\/08\/26\/13o-festival-de-poesia-en-chepen-chepen\/\"},\"wordCount\":725,\"commentCount\":0,\"publisher\":{\"@id\":\"https:\/\/lascriticas.com\/#organization\"},\"image\":{\"@id\":\"https:\/\/lascriticas.com\/index.php\/2022\/08\/26\/13o-festival-de-poesia-en-chepen-chepen\/#primaryimage\"},\"thumbnailUrl\":\"https:\/\/lascriticas.com\/wp-content\/uploads\/2022\/08\/festival-poesia-en-chepen.png\",\"keywords\":[\"Chep\u00e9n\",\"encuentro po\u00e9tico\",\"escritura\",\"festival\",\"Per\u00fa\",\"poes\u00eda\"],\"articleSection\":[\"Adelanto\",\"Poes\u00eda\"],\"inLanguage\":\"es\",\"potentialAction\":[{\"@type\":\"CommentAction\",\"name\":\"Comment\",\"target\":[\"https:\/\/lascriticas.com\/index.php\/2022\/08\/26\/13o-festival-de-poesia-en-chepen-chepen\/#respond\"]}]},{\"@type\":\"WebPage\",\"@id\":\"https:\/\/lascriticas.com\/index.php\/2022\/08\/26\/13o-festival-de-poesia-en-chepen-chepen\/\",\"url\":\"https:\/\/lascriticas.com\/index.php\/2022\/08\/26\/13o-festival-de-poesia-en-chepen-chepen\/\",\"name\":\"13\u00ba Festival Internacional de Poes\u00eda en Chep\u00e9n Chep\u00e9n, versi\u00f3n 2022 - Las Cr\u00edticas\",\"isPartOf\":{\"@id\":\"https:\/\/lascriticas.com\/#website\"},\"primaryImageOfPage\":{\"@id\":\"https:\/\/lascriticas.com\/index.php\/2022\/08\/26\/13o-festival-de-poesia-en-chepen-chepen\/#primaryimage\"},\"image\":{\"@id\":\"https:\/\/lascriticas.com\/index.php\/2022\/08\/26\/13o-festival-de-poesia-en-chepen-chepen\/#primaryimage\"},\"thumbnailUrl\":\"https:\/\/lascriticas.com\/wp-content\/uploads\/2022\/08\/festival-poesia-en-chepen.png\",\"datePublished\":\"2022-08-26T18:25:49+00:00\",\"dateModified\":\"2022-09-08T21:38:56+00:00\",\"description\":\"Las variaciones de un cr\u00e1neo desbordado y la po\u00e9tica resplandeciente despu\u00e9s de la tragedia, propuestas del 13\u00ba Festival Internacional de Poes\u00eda en Chep\u00e9n Chep\u00e9n\",\"breadcrumb\":{\"@id\":\"https:\/\/lascriticas.com\/index.php\/2022\/08\/26\/13o-festival-de-poesia-en-chepen-chepen\/#breadcrumb\"},\"inLanguage\":\"es\",\"potentialAction\":[{\"@type\":\"ReadAction\",\"target\":[\"https:\/\/lascriticas.com\/index.php\/2022\/08\/26\/13o-festival-de-poesia-en-chepen-chepen\/\"]}]},{\"@type\":\"ImageObject\",\"inLanguage\":\"es\",\"@id\":\"https:\/\/lascriticas.com\/index.php\/2022\/08\/26\/13o-festival-de-poesia-en-chepen-chepen\/#primaryimage\",\"url\":\"https:\/\/lascriticas.com\/wp-content\/uploads\/2022\/08\/festival-poesia-en-chepen.png\",\"contentUrl\":\"https:\/\/lascriticas.com\/wp-content\/uploads\/2022\/08\/festival-poesia-en-chepen.png\",\"width\":3365,\"height\":1245},{\"@type\":\"BreadcrumbList\",\"@id\":\"https:\/\/lascriticas.com\/index.php\/2022\/08\/26\/13o-festival-de-poesia-en-chepen-chepen\/#breadcrumb\",\"itemListElement\":[{\"@type\":\"ListItem\",\"position\":1,\"name\":\"Inicio\",\"item\":\"https:\/\/lascriticas.com\/\"},{\"@type\":\"ListItem\",\"position\":2,\"name\":\"13\u00ba Festival Internacional de Poes\u00eda en Chep\u00e9n Chep\u00e9n, versi\u00f3n 2022\"}]},{\"@type\":\"WebSite\",\"@id\":\"https:\/\/lascriticas.com\/#website\",\"url\":\"https:\/\/lascriticas.com\/\",\"name\":\"Las Cr\u00edticas\",\"description\":\"Cr\u00edtica literaria hecha por mujeres\",\"publisher\":{\"@id\":\"https:\/\/lascriticas.com\/#organization\"},\"potentialAction\":[{\"@type\":\"SearchAction\",\"target\":{\"@type\":\"EntryPoint\",\"urlTemplate\":\"https:\/\/lascriticas.com\/?s={search_term_string}\"},\"query-input\":{\"@type\":\"PropertyValueSpecification\",\"valueRequired\":true,\"valueName\":\"search_term_string\"}}],\"inLanguage\":\"es\"},{\"@type\":\"Organization\",\"@id\":\"https:\/\/lascriticas.com\/#organization\",\"name\":\"Las Cr\u00edticas\",\"url\":\"https:\/\/lascriticas.com\/\",\"logo\":{\"@type\":\"ImageObject\",\"inLanguage\":\"es\",\"@id\":\"https:\/\/lascriticas.com\/#\/schema\/logo\/image\/\",\"url\":\"https:\/\/lascriticas.com\/wp-content\/uploads\/2016\/09\/Las-Cr\u00edticas.png\",\"contentUrl\":\"https:\/\/lascriticas.com\/wp-content\/uploads\/2016\/09\/Las-Cr\u00edticas.png\",\"width\":372,\"height\":201,\"caption\":\"Las Cr\u00edticas\"},\"image\":{\"@id\":\"https:\/\/lascriticas.com\/#\/schema\/logo\/image\/\"},\"sameAs\":[\"https:\/\/www.facebook.com\/lascriticas\/\",\"https:\/\/x.com\/LasCriticas_com\",\"https:\/\/www.instagram.com\/lascriticas_com\/\",\"https:\/\/www.youtube.com\/channel\/UCd7r-H6EJA4sSXGLX33_iHQ\"]},{\"@type\":\"Person\",\"@id\":\"https:\/\/lascriticas.com\/#\/schema\/person\/1a1d1da1e273ed112607e61092386186\",\"name\":\"Julia Wong\",\"image\":{\"@type\":\"ImageObject\",\"inLanguage\":\"es\",\"@id\":\"https:\/\/lascriticas.com\/#\/schema\/person\/image\/\",\"url\":\"https:\/\/secure.gravatar.com\/avatar\/d513dc4e3f6b0bec1dfed5d367952e0a?s=96&d=mm&r=g\",\"contentUrl\":\"https:\/\/secure.gravatar.com\/avatar\/d513dc4e3f6b0bec1dfed5d367952e0a?s=96&d=mm&r=g\",\"caption\":\"Julia Wong\"},\"url\":\"https:\/\/lascriticas.com\/index.php\/author\/julia-wong\/\"}]}<\/script>\n<!-- \/ Yoast SEO plugin. -->","yoast_head_json":{"title":"13\u00ba Festival Internacional de Poes\u00eda en Chep\u00e9n Chep\u00e9n, versi\u00f3n 2022 - Las Cr\u00edticas","description":"Las variaciones de un cr\u00e1neo desbordado y la po\u00e9tica resplandeciente despu\u00e9s de la tragedia, propuestas del 13\u00ba Festival Internacional de Poes\u00eda en Chep\u00e9n Chep\u00e9n","robots":{"index":"index","follow":"follow","max-snippet":"max-snippet:-1","max-image-preview":"max-image-preview:large","max-video-preview":"max-video-preview:-1"},"canonical":"https:\/\/lascriticas.com\/index.php\/2022\/08\/26\/13o-festival-de-poesia-en-chepen-chepen\/","og_locale":"es_ES","og_type":"article","og_title":"13\u00ba Festival Internacional de Poes\u00eda en Chep\u00e9n Chep\u00e9n, versi\u00f3n 2022 - Las Cr\u00edticas","og_description":"Las variaciones de un cr\u00e1neo desbordado y la po\u00e9tica resplandeciente despu\u00e9s de la tragedia, propuestas del 13\u00ba Festival Internacional de Poes\u00eda en Chep\u00e9n Chep\u00e9n","og_url":"https:\/\/lascriticas.com\/index.php\/2022\/08\/26\/13o-festival-de-poesia-en-chepen-chepen\/","og_site_name":"Las Cr\u00edticas","article_publisher":"https:\/\/www.facebook.com\/lascriticas\/","article_published_time":"2022-08-26T18:25:49+00:00","article_modified_time":"2022-09-08T21:38:56+00:00","og_image":[{"width":3365,"height":1245,"url":"https:\/\/lascriticas.com\/wp-content\/uploads\/2022\/08\/festival-poesia-en-chepen.png","type":"image\/png"}],"author":"Julia Wong","twitter_card":"summary_large_image","twitter_creator":"@LasCriticas_com","twitter_site":"@LasCriticas_com","twitter_misc":{"Escrito por":"Julia Wong","Tiempo de lectura":"3 minutos"},"schema":{"@context":"https:\/\/schema.org","@graph":[{"@type":"Article","@id":"https:\/\/lascriticas.com\/index.php\/2022\/08\/26\/13o-festival-de-poesia-en-chepen-chepen\/#article","isPartOf":{"@id":"https:\/\/lascriticas.com\/index.php\/2022\/08\/26\/13o-festival-de-poesia-en-chepen-chepen\/"},"author":{"name":"Julia Wong","@id":"https:\/\/lascriticas.com\/#\/schema\/person\/1a1d1da1e273ed112607e61092386186"},"headline":"13\u00ba Festival Internacional de Poes\u00eda en Chep\u00e9n Chep\u00e9n, versi\u00f3n 2022","datePublished":"2022-08-26T18:25:49+00:00","dateModified":"2022-09-08T21:38:56+00:00","mainEntityOfPage":{"@id":"https:\/\/lascriticas.com\/index.php\/2022\/08\/26\/13o-festival-de-poesia-en-chepen-chepen\/"},"wordCount":725,"commentCount":0,"publisher":{"@id":"https:\/\/lascriticas.com\/#organization"},"image":{"@id":"https:\/\/lascriticas.com\/index.php\/2022\/08\/26\/13o-festival-de-poesia-en-chepen-chepen\/#primaryimage"},"thumbnailUrl":"https:\/\/lascriticas.com\/wp-content\/uploads\/2022\/08\/festival-poesia-en-chepen.png","keywords":["Chep\u00e9n","encuentro po\u00e9tico","escritura","festival","Per\u00fa","poes\u00eda"],"articleSection":["Adelanto","Poes\u00eda"],"inLanguage":"es","potentialAction":[{"@type":"CommentAction","name":"Comment","target":["https:\/\/lascriticas.com\/index.php\/2022\/08\/26\/13o-festival-de-poesia-en-chepen-chepen\/#respond"]}]},{"@type":"WebPage","@id":"https:\/\/lascriticas.com\/index.php\/2022\/08\/26\/13o-festival-de-poesia-en-chepen-chepen\/","url":"https:\/\/lascriticas.com\/index.php\/2022\/08\/26\/13o-festival-de-poesia-en-chepen-chepen\/","name":"13\u00ba Festival Internacional de Poes\u00eda en Chep\u00e9n Chep\u00e9n, versi\u00f3n 2022 - Las Cr\u00edticas","isPartOf":{"@id":"https:\/\/lascriticas.com\/#website"},"primaryImageOfPage":{"@id":"https:\/\/lascriticas.com\/index.php\/2022\/08\/26\/13o-festival-de-poesia-en-chepen-chepen\/#primaryimage"},"image":{"@id":"https:\/\/lascriticas.com\/index.php\/2022\/08\/26\/13o-festival-de-poesia-en-chepen-chepen\/#primaryimage"},"thumbnailUrl":"https:\/\/lascriticas.com\/wp-content\/uploads\/2022\/08\/festival-poesia-en-chepen.png","datePublished":"2022-08-26T18:25:49+00:00","dateModified":"2022-09-08T21:38:56+00:00","description":"Las variaciones de un cr\u00e1neo desbordado y la po\u00e9tica resplandeciente despu\u00e9s de la tragedia, propuestas del 13\u00ba Festival Internacional de Poes\u00eda en Chep\u00e9n Chep\u00e9n","breadcrumb":{"@id":"https:\/\/lascriticas.com\/index.php\/2022\/08\/26\/13o-festival-de-poesia-en-chepen-chepen\/#breadcrumb"},"inLanguage":"es","potentialAction":[{"@type":"ReadAction","target":["https:\/\/lascriticas.com\/index.php\/2022\/08\/26\/13o-festival-de-poesia-en-chepen-chepen\/"]}]},{"@type":"ImageObject","inLanguage":"es","@id":"https:\/\/lascriticas.com\/index.php\/2022\/08\/26\/13o-festival-de-poesia-en-chepen-chepen\/#primaryimage","url":"https:\/\/lascriticas.com\/wp-content\/uploads\/2022\/08\/festival-poesia-en-chepen.png","contentUrl":"https:\/\/lascriticas.com\/wp-content\/uploads\/2022\/08\/festival-poesia-en-chepen.png","width":3365,"height":1245},{"@type":"BreadcrumbList","@id":"https:\/\/lascriticas.com\/index.php\/2022\/08\/26\/13o-festival-de-poesia-en-chepen-chepen\/#breadcrumb","itemListElement":[{"@type":"ListItem","position":1,"name":"Inicio","item":"https:\/\/lascriticas.com\/"},{"@type":"ListItem","position":2,"name":"13\u00ba Festival Internacional de Poes\u00eda en Chep\u00e9n Chep\u00e9n, versi\u00f3n 2022"}]},{"@type":"WebSite","@id":"https:\/\/lascriticas.com\/#website","url":"https:\/\/lascriticas.com\/","name":"Las Cr\u00edticas","description":"Cr\u00edtica literaria hecha por mujeres","publisher":{"@id":"https:\/\/lascriticas.com\/#organization"},"potentialAction":[{"@type":"SearchAction","target":{"@type":"EntryPoint","urlTemplate":"https:\/\/lascriticas.com\/?s={search_term_string}"},"query-input":{"@type":"PropertyValueSpecification","valueRequired":true,"valueName":"search_term_string"}}],"inLanguage":"es"},{"@type":"Organization","@id":"https:\/\/lascriticas.com\/#organization","name":"Las Cr\u00edticas","url":"https:\/\/lascriticas.com\/","logo":{"@type":"ImageObject","inLanguage":"es","@id":"https:\/\/lascriticas.com\/#\/schema\/logo\/image\/","url":"https:\/\/lascriticas.com\/wp-content\/uploads\/2016\/09\/Las-Cr\u00edticas.png","contentUrl":"https:\/\/lascriticas.com\/wp-content\/uploads\/2016\/09\/Las-Cr\u00edticas.png","width":372,"height":201,"caption":"Las Cr\u00edticas"},"image":{"@id":"https:\/\/lascriticas.com\/#\/schema\/logo\/image\/"},"sameAs":["https:\/\/www.facebook.com\/lascriticas\/","https:\/\/x.com\/LasCriticas_com","https:\/\/www.instagram.com\/lascriticas_com\/","https:\/\/www.youtube.com\/channel\/UCd7r-H6EJA4sSXGLX33_iHQ"]},{"@type":"Person","@id":"https:\/\/lascriticas.com\/#\/schema\/person\/1a1d1da1e273ed112607e61092386186","name":"Julia Wong","image":{"@type":"ImageObject","inLanguage":"es","@id":"https:\/\/lascriticas.com\/#\/schema\/person\/image\/","url":"https:\/\/secure.gravatar.com\/avatar\/d513dc4e3f6b0bec1dfed5d367952e0a?s=96&d=mm&r=g","contentUrl":"https:\/\/secure.gravatar.com\/avatar\/d513dc4e3f6b0bec1dfed5d367952e0a?s=96&d=mm&r=g","caption":"Julia Wong"},"url":"https:\/\/lascriticas.com\/index.php\/author\/julia-wong\/"}]}},"_links":{"self":[{"href":"https:\/\/lascriticas.com\/index.php\/wp-json\/wp\/v2\/posts\/5106"}],"collection":[{"href":"https:\/\/lascriticas.com\/index.php\/wp-json\/wp\/v2\/posts"}],"about":[{"href":"https:\/\/lascriticas.com\/index.php\/wp-json\/wp\/v2\/types\/post"}],"author":[{"embeddable":true,"href":"https:\/\/lascriticas.com\/index.php\/wp-json\/wp\/v2\/users\/12"}],"replies":[{"embeddable":true,"href":"https:\/\/lascriticas.com\/index.php\/wp-json\/wp\/v2\/comments?post=5106"}],"version-history":[{"count":7,"href":"https:\/\/lascriticas.com\/index.php\/wp-json\/wp\/v2\/posts\/5106\/revisions"}],"predecessor-version":[{"id":5151,"href":"https:\/\/lascriticas.com\/index.php\/wp-json\/wp\/v2\/posts\/5106\/revisions\/5151"}],"wp:featuredmedia":[{"embeddable":true,"href":"https:\/\/lascriticas.com\/index.php\/wp-json\/wp\/v2\/media\/5109"}],"wp:attachment":[{"href":"https:\/\/lascriticas.com\/index.php\/wp-json\/wp\/v2\/media?parent=5106"}],"wp:term":[{"taxonomy":"category","embeddable":true,"href":"https:\/\/lascriticas.com\/index.php\/wp-json\/wp\/v2\/categories?post=5106"},{"taxonomy":"post_tag","embeddable":true,"href":"https:\/\/lascriticas.com\/index.php\/wp-json\/wp\/v2\/tags?post=5106"}],"curies":[{"name":"wp","href":"https:\/\/api.w.org\/{rel}","templated":true}]}}