{"id":5057,"date":"2022-08-25T20:34:57","date_gmt":"2022-08-25T18:34:57","guid":{"rendered":"https:\/\/lascriticas.com\/?p=5057"},"modified":"2022-08-26T22:20:29","modified_gmt":"2022-08-26T20:20:29","slug":"el-conspirador-de-mercedes-cabello","status":"publish","type":"post","link":"https:\/\/lascriticas.com\/index.php\/2022\/08\/25\/el-conspirador-de-mercedes-cabello\/","title":{"rendered":"El Conspirador, de Mercedes Cabello"},"content":{"rendered":"<h1><span style=\"font-size: 16px; color: #ffffff;\"><strong>El Conspirador, de Mercedes Cabello<\/strong><\/span><\/h1>\n<p style=\"text-align: justify;\"><span style=\"font-size: 16px;\"><i>El relanzamiento del<strong> Conspirador<\/strong> en el 2021 ha sido preciso y oportuno. <\/i>El Conspirador<i> es una de las mejores novelas de la escritora moqueguana Mercedes Cabello, tanto por la complejidad de los hilos tem\u00e1ticos que entraman la novela, la vigencia del problema que aborda y el estilo ecl\u00e9ctico por el que apuesta la escritora hacia la novela moderna. Esta novela, a pesar de su importancia, ha sido poco difundida e invisibilizada en el canon literario, as\u00ed que el rescate y reedici\u00f3n por parte de <strong>Ediciones MYL<\/strong> es plausible para releer y revalorar la novela. A su vez, <strong>M\u00f3nica C\u00e1rdenas<\/strong>, responsable del estudio cr\u00edtico, presenta una investigaci\u00f3n minuciosa que pr\u00e1cticamente constituye un curso magistral de literatura peruana. Conozco a la investigadora, s\u00e9 de su trayectoria y me es grato apreciar la cosecha de su disciplina y dedicaci\u00f3n. A continuaci\u00f3n, comento algunos elementos de la novela y del estudio cr\u00edtico que hacen de esta reedici\u00f3n una lectura recomendable.<\/i><\/span><\/p>\n<p><span style=\"font-size: 16px;\"><img loading=\"lazy\" decoding=\"async\" class=\"aligncenter wp-image-5090 size-full\" title=\"El Conspirador, de Mercedes Cabello\" src=\"https:\/\/lascriticas.com\/wp-content\/uploads\/2022\/08\/El-Conspirador.gif\" alt=\"\" width=\"252\" height=\"420\" \/><\/span><\/p>\n<p style=\"text-align: justify;\"><span style=\"font-size: 16px;\">Esta sexta novela de Mercedes Cabello, publicada originalmente en 1892, plantea un di\u00e1logo frontal con la problem\u00e1tica de la corrupci\u00f3n en la pol\u00edtica nacional. Desde los albores de nuestra rep\u00fablica, la narrativa de valores patrios ha sido, en m\u00e1s de una ocasi\u00f3n, fachada para los intereses personales dictaminando el destino de la empresa nacional. A fines del siglo XIX, Cabello, adem\u00e1s de cuestionar la futilidad de los l\u00edderes pol\u00edticos, con extrema audacia ingres\u00f3 otras inquisiciones de aparente orden secundario, pero que no dejan de interpelarnos hasta hoy, entre ellas, destacan los roles de g\u00e9nero, la educaci\u00f3n insustancial, el ejercicio pol\u00edtico de la mujer, la migraci\u00f3n interna, el gobierno de las apariencias y la manipulaci\u00f3n de la prensa. <i>El Conspirador <\/i>de Cabello es un texto que mantiene insoslayable vigencia.<span class=\"Apple-converted-space\">\u00a0<\/span><\/span><\/p>\n<p style=\"text-align: justify;\"><span style=\"font-size: 16px;\">Desde el t\u00edtulo se conduce nuestra atenci\u00f3n hacia la vida de un pol\u00edtico corrupto. Enti\u00e9ndase por corrupci\u00f3n el mal uso del poder para obtener ventaja econ\u00f3mica o pol\u00edtica en beneficio personal distorsionando cualquier moral o sistema de por medio a expensas del progreso general. Como refiere C\u00e1rdenas, la escritora ya desde <i><strong>Blanca Sol<\/strong> <\/i>(1888) realiz\u00f3 la apuesta escritural de emplear sujetos antiheroicos como protagonistas para ahondar en la problem\u00e1tica que encarnan. Jorge Bello, protagonista de <i>El Conspirador <\/i>y narrador en primera persona, es un antih\u00e9roe atormentado por sus recuerdos y que, a trav\u00e9s de la elaboraci\u00f3n de su autobiograf\u00eda, intenta encontrar redenci\u00f3n. Valga mencionar que, de acuerdo a <strong>Henzel Riveros<\/strong>, con la explosi\u00f3n de la escritura y las m\u00faltiples revoluciones en el siglo XIX hispanoamericano, \u201c[m]ilitares, periodistas, artistas, pol\u00edticos se dieron a la tarea de plasmar sus recuerdos, con prop\u00f3sitos variados: instruir a las nuevas generaciones, resarcir su nombre de injurias y calumnias, o bien, hablarle a la posteridad, a la \u2018historia\u2019\u201d (2009:22). Es decir, solo ciertos sujetos se permit\u00edan este tipo de escritura por la relevancia social que hab\u00edan tenido. Cabello al proponer su novela en clave autobiogr\u00e1fica, aunque sea ficticia, estar\u00eda respaldando en esta forma textual parte de la verosimilitud de su creaci\u00f3n. Valga se\u00f1alar que es posible entrever la proyecci\u00f3n latinoamericana de este texto, en tanto que constantemente se permea el legado colonial compartido por nuestros pa\u00edses.<\/span><\/p>\n<p style=\"text-align: justify;\"><span style=\"font-size: 16px;\">La novela se construye como la ilusi\u00f3n de atender a la recreaci\u00f3n de pasajes clave de la vida privada y p\u00fablica de Bello, que lo encaminaron a convertirse en un conspirador. Se elabora en ilusoria retrospectiva situaciones de la infancia y la adolescencia, como en un <strong><i>bildungsroman<\/i><\/strong>, cuestionando el modelo de educaci\u00f3n en el hogar y en la escuela. Lo acompa\u00f1amos en su transici\u00f3n definitiva de su Arequipa natal hacia Lima, el centro del poder pol\u00edtico; tambi\u00e9n en su ascenso social como coronel y, posteriormente, al ser reconocido con<span class=\"Apple-converted-space\">\u00a0 <\/span>talento en no tener escr\u00fapulos, en su nombramiento como ministro de Hacienda. Su insustancialidad como ide\u00f3logo pol\u00edtico contrasta con su progresivo performance modelado por los c\u00f3digos de conducta en el circuito lime\u00f1o a trav\u00e9s de los infaltables juegos de apariencias, entre ellos, los realizados mediante la prensa. En lo que parece la antesala al logro de sus fines pol\u00edticos, se despliega un aspecto inesperado en el personaje: se enamora y comparte sus enso\u00f1aciones de conspiraci\u00f3n con Ofelia. Juntos, conciertan agasajos para confabular hasta que empobrecen. Una lecci\u00f3n sugerida es que la pobreza hace muy dif\u00edcil participar en pol\u00edtica. Su colapso econ\u00f3mico ser\u00e1 el inicio del completo fracaso para ambos.<\/span><\/p>\n<p style=\"text-align: justify;\"><span style=\"font-size: 16px;\">En el primer p\u00e1rrafo se\u00f1al\u00e9 que el estudio introductorio que realiza M\u00f3nica C\u00e1rdenas es una <strong>clase magistral de literatura<\/strong> y a continuaci\u00f3n quiero explicar mi entusiasta afirmaci\u00f3n. C\u00e1rdenas al enfocar en el texto, propone con lucidez la lectura de esta novela desde la clave de g\u00e9nero. Como bien se\u00f1ala la investigadora, en <i>El Conspirador<\/i> Cabello subvierte los roles imaginados como naturales asignando a Jorge una extra sensibilidad y a las mujeres de su vida (su t\u00eda y Ofelia) la capacidad de decidir, actuar y resolver. Cabello fue una adelantada a su tiempo que a trav\u00e9s de sus ensayos y novelas estuvo a la vanguardia de la lucha por el derecho de las mujeres a la educaci\u00f3n, al trabajo y a su autonom\u00eda. C\u00e1rdenas nos recuerda adem\u00e1s que Cabello fue una de las intelectuales m\u00e1s importantes en su \u00e9poca, de una indudable erudici\u00f3n, que conoc\u00eda el campo literario de su \u00e9poca y esto se trasluce en su novela. Cabello aplic\u00f3 en <i>El Conspirador <\/i>los preceptos de la novela moderna sobre lo que ella misma teoriz\u00f3 y difundi\u00f3 nutriendo el g\u00e9nero. En la novela se fagocitan recursos literarios del costumbrismo, romanticismo, realismo y naturalismo, lo que enriquece la textura de <i>El Conspirador<\/i>. C\u00e1rdenas enfoca tambi\u00e9n en el contexto literario cultural: en el peruano donde la autora fue parte de la afortunada conjunci\u00f3n de escritoras talentosas que se hicieron progresivamente un espacio de reconocimiento y difusi\u00f3n; as\u00ed como en el contexto internacional pues Cabello fue una \u00e1vida lectora cosmopolita con diversas influencias, entre ellas, la del novelista franc\u00e9s Honor\u00e9 de Balzac y otros intelectuales positivistas. C\u00e1rdenas va un paso m\u00e1s all\u00e1 trazando la resonancia de esta novela en nuestra contemporaneidad, <i>El Conspirador<\/i> toca fibras muy sensibles sobre la construcci\u00f3n de la rep\u00fablica peruana que hasta hoy es tan inestable y fragmentada. La publicaci\u00f3n de Ediciones MYL adem\u00e1s de recordarnos la existencia de esta novela, que se encontraba en un injusto olvido, posee el valor agregado de este excepcional estudio cr\u00edtico introductorio y cuidado del texto ofreciendo as\u00ed puentes de acceso al lector contempor\u00e1neo.<\/span><\/p>\n<p><span style=\"font-size: 16px;\"><strong>Cabello, Mercedes; introducci\u00f3n de M\u00f3nica C\u00e1rdenas. <em>El Conspirador<\/em>. Ediciones MYL, 2021.<\/strong><\/span><\/p>\n<hr \/>\n<p style=\"text-align: justify;\"><span style=\"font-size: 16px; font-family: 'trebuchet ms', geneva, sans-serif;\"><strong>Mercedes Cabello<\/strong> (1845-1909), escritora y ensayista peruana, iniciadora de la novela realista, frecuent\u00f3 las tertulias literarias de Juana Manuela Gorriti. Public\u00f3 seis novelas, entre las que destacan <i>Blanca Sol<\/i> (1888), <i>Las consecuencias<\/i> (1890) y <i>El conspirador<\/i> (1892). Fue una figura importante en las corrientes feministas de su tiempo.<\/span><\/p>\n<p><span style=\"font-size: 16px;\"><a href=\"https:\/\/lascriticas.com\/index.php\/lascriticas\/jannet-torres\/\"><strong><span style=\"font-family: 'trebuchet ms', geneva, sans-serif;\">Acerca de Jannet Torres<\/span><\/strong><\/a><\/span><\/p>\n","protected":false},"excerpt":{"rendered":"<p>El Conspirador, de Mercedes Cabello El relanzamiento del Conspirador en el 2021 ha sido preciso y oportuno. El Conspirador es una de las mejores novelas de la escritora moqueguana Mercedes Cabello, tanto por la complejidad de los hilos tem\u00e1ticos que entraman la novela, la vigencia del problema que aborda y el estilo ecl\u00e9ctico por el&#8230;<\/p>\n","protected":false},"author":90,"featured_media":5092,"comment_status":"open","ping_status":"open","sticky":false,"template":"","format":"standard","meta":{"footnotes":""},"categories":[43,37],"tags":[1042,353,1043,49,412,53,493,84],"yoast_head":"<!-- This site is optimized with the Yoast SEO plugin v23.5 - https:\/\/yoast.com\/wordpress\/plugins\/seo\/ -->\n<title>El Conspirador, de Mercedes Cabello - Las Cr\u00edticas<\/title>\n<meta name=\"description\" content=\"Jannet Torres escribe acerca de la reedici\u00f3n del Conspirador, de Mercedes Cabello, con un estudio introduction de M\u00f3nica C\u00e1rdenas.\" \/>\n<meta name=\"robots\" content=\"index, follow, max-snippet:-1, max-image-preview:large, max-video-preview:-1\" \/>\n<link rel=\"canonical\" href=\"https:\/\/lascriticas.com\/index.php\/2022\/08\/25\/el-conspirador-de-mercedes-cabello\/\" \/>\n<meta property=\"og:locale\" content=\"es_ES\" \/>\n<meta property=\"og:type\" content=\"article\" \/>\n<meta property=\"og:title\" content=\"El Conspirador, de Mercedes Cabello - Las Cr\u00edticas\" \/>\n<meta property=\"og:description\" content=\"Jannet Torres escribe acerca de la reedici\u00f3n del Conspirador, de Mercedes Cabello, con un estudio introduction de M\u00f3nica C\u00e1rdenas.\" \/>\n<meta property=\"og:url\" content=\"https:\/\/lascriticas.com\/index.php\/2022\/08\/25\/el-conspirador-de-mercedes-cabello\/\" \/>\n<meta property=\"og:site_name\" content=\"Las Cr\u00edticas\" \/>\n<meta property=\"article:publisher\" content=\"https:\/\/www.facebook.com\/lascriticas\/\" \/>\n<meta property=\"article:published_time\" content=\"2022-08-25T18:34:57+00:00\" \/>\n<meta property=\"article:modified_time\" content=\"2022-08-26T20:20:29+00:00\" \/>\n<meta property=\"og:image\" content=\"https:\/\/lascriticas.com\/wp-content\/uploads\/2022\/08\/Mercedes-Cabello.jpg\" \/>\n\t<meta property=\"og:image:width\" content=\"1080\" \/>\n\t<meta property=\"og:image:height\" content=\"530\" \/>\n\t<meta property=\"og:image:type\" content=\"image\/jpeg\" \/>\n<meta name=\"author\" content=\"Jannet Torres\" \/>\n<meta name=\"twitter:card\" content=\"summary_large_image\" \/>\n<meta name=\"twitter:creator\" content=\"@LasCriticas_com\" \/>\n<meta name=\"twitter:site\" content=\"@LasCriticas_com\" \/>\n<meta name=\"twitter:label1\" content=\"Escrito por\" \/>\n\t<meta name=\"twitter:data1\" content=\"Jannet Torres\" \/>\n\t<meta name=\"twitter:label2\" content=\"Tiempo de lectura\" \/>\n\t<meta name=\"twitter:data2\" content=\"6 minutos\" \/>\n<script type=\"application\/ld+json\" class=\"yoast-schema-graph\">{\"@context\":\"https:\/\/schema.org\",\"@graph\":[{\"@type\":\"Article\",\"@id\":\"https:\/\/lascriticas.com\/index.php\/2022\/08\/25\/el-conspirador-de-mercedes-cabello\/#article\",\"isPartOf\":{\"@id\":\"https:\/\/lascriticas.com\/index.php\/2022\/08\/25\/el-conspirador-de-mercedes-cabello\/\"},\"author\":{\"name\":\"Jannet Torres\",\"@id\":\"https:\/\/lascriticas.com\/#\/schema\/person\/405ed9b0e46420cf6cd95b367f0e6b9d\"},\"headline\":\"El Conspirador, de Mercedes Cabello\",\"datePublished\":\"2022-08-25T18:34:57+00:00\",\"dateModified\":\"2022-08-26T20:20:29+00:00\",\"mainEntityOfPage\":{\"@id\":\"https:\/\/lascriticas.com\/index.php\/2022\/08\/25\/el-conspirador-de-mercedes-cabello\/\"},\"wordCount\":1227,\"commentCount\":0,\"publisher\":{\"@id\":\"https:\/\/lascriticas.com\/#organization\"},\"image\":{\"@id\":\"https:\/\/lascriticas.com\/index.php\/2022\/08\/25\/el-conspirador-de-mercedes-cabello\/#primaryimage\"},\"thumbnailUrl\":\"https:\/\/lascriticas.com\/wp-content\/uploads\/2022\/08\/Mercedes-Cabello.jpg\",\"keywords\":[\"antih\u00e9roe\",\"bildungsroman\",\"corrupci\u00f3n\",\"g\u00e9nero\",\"literatura peruana\",\"novela\",\"pa\u00eds\",\"pol\u00edtica\"],\"articleSection\":[\"Ficci\u00f3n\",\"Rese\u00f1as\"],\"inLanguage\":\"es\",\"potentialAction\":[{\"@type\":\"CommentAction\",\"name\":\"Comment\",\"target\":[\"https:\/\/lascriticas.com\/index.php\/2022\/08\/25\/el-conspirador-de-mercedes-cabello\/#respond\"]}]},{\"@type\":\"WebPage\",\"@id\":\"https:\/\/lascriticas.com\/index.php\/2022\/08\/25\/el-conspirador-de-mercedes-cabello\/\",\"url\":\"https:\/\/lascriticas.com\/index.php\/2022\/08\/25\/el-conspirador-de-mercedes-cabello\/\",\"name\":\"El Conspirador, de Mercedes Cabello - Las Cr\u00edticas\",\"isPartOf\":{\"@id\":\"https:\/\/lascriticas.com\/#website\"},\"primaryImageOfPage\":{\"@id\":\"https:\/\/lascriticas.com\/index.php\/2022\/08\/25\/el-conspirador-de-mercedes-cabello\/#primaryimage\"},\"image\":{\"@id\":\"https:\/\/lascriticas.com\/index.php\/2022\/08\/25\/el-conspirador-de-mercedes-cabello\/#primaryimage\"},\"thumbnailUrl\":\"https:\/\/lascriticas.com\/wp-content\/uploads\/2022\/08\/Mercedes-Cabello.jpg\",\"datePublished\":\"2022-08-25T18:34:57+00:00\",\"dateModified\":\"2022-08-26T20:20:29+00:00\",\"description\":\"Jannet Torres escribe acerca de la reedici\u00f3n del Conspirador, de Mercedes Cabello, con un estudio introduction de M\u00f3nica C\u00e1rdenas.\",\"breadcrumb\":{\"@id\":\"https:\/\/lascriticas.com\/index.php\/2022\/08\/25\/el-conspirador-de-mercedes-cabello\/#breadcrumb\"},\"inLanguage\":\"es\",\"potentialAction\":[{\"@type\":\"ReadAction\",\"target\":[\"https:\/\/lascriticas.com\/index.php\/2022\/08\/25\/el-conspirador-de-mercedes-cabello\/\"]}]},{\"@type\":\"ImageObject\",\"inLanguage\":\"es\",\"@id\":\"https:\/\/lascriticas.com\/index.php\/2022\/08\/25\/el-conspirador-de-mercedes-cabello\/#primaryimage\",\"url\":\"https:\/\/lascriticas.com\/wp-content\/uploads\/2022\/08\/Mercedes-Cabello.jpg\",\"contentUrl\":\"https:\/\/lascriticas.com\/wp-content\/uploads\/2022\/08\/Mercedes-Cabello.jpg\",\"width\":1080,\"height\":530},{\"@type\":\"BreadcrumbList\",\"@id\":\"https:\/\/lascriticas.com\/index.php\/2022\/08\/25\/el-conspirador-de-mercedes-cabello\/#breadcrumb\",\"itemListElement\":[{\"@type\":\"ListItem\",\"position\":1,\"name\":\"Inicio\",\"item\":\"https:\/\/lascriticas.com\/\"},{\"@type\":\"ListItem\",\"position\":2,\"name\":\"El Conspirador, de Mercedes Cabello\"}]},{\"@type\":\"WebSite\",\"@id\":\"https:\/\/lascriticas.com\/#website\",\"url\":\"https:\/\/lascriticas.com\/\",\"name\":\"Las Cr\u00edticas\",\"description\":\"Cr\u00edtica literaria hecha por mujeres\",\"publisher\":{\"@id\":\"https:\/\/lascriticas.com\/#organization\"},\"potentialAction\":[{\"@type\":\"SearchAction\",\"target\":{\"@type\":\"EntryPoint\",\"urlTemplate\":\"https:\/\/lascriticas.com\/?s={search_term_string}\"},\"query-input\":{\"@type\":\"PropertyValueSpecification\",\"valueRequired\":true,\"valueName\":\"search_term_string\"}}],\"inLanguage\":\"es\"},{\"@type\":\"Organization\",\"@id\":\"https:\/\/lascriticas.com\/#organization\",\"name\":\"Las Cr\u00edticas\",\"url\":\"https:\/\/lascriticas.com\/\",\"logo\":{\"@type\":\"ImageObject\",\"inLanguage\":\"es\",\"@id\":\"https:\/\/lascriticas.com\/#\/schema\/logo\/image\/\",\"url\":\"https:\/\/lascriticas.com\/wp-content\/uploads\/2016\/09\/Las-Cr\u00edticas.png\",\"contentUrl\":\"https:\/\/lascriticas.com\/wp-content\/uploads\/2016\/09\/Las-Cr\u00edticas.png\",\"width\":372,\"height\":201,\"caption\":\"Las Cr\u00edticas\"},\"image\":{\"@id\":\"https:\/\/lascriticas.com\/#\/schema\/logo\/image\/\"},\"sameAs\":[\"https:\/\/www.facebook.com\/lascriticas\/\",\"https:\/\/x.com\/LasCriticas_com\",\"https:\/\/www.instagram.com\/lascriticas_com\/\",\"https:\/\/www.youtube.com\/channel\/UCd7r-H6EJA4sSXGLX33_iHQ\"]},{\"@type\":\"Person\",\"@id\":\"https:\/\/lascriticas.com\/#\/schema\/person\/405ed9b0e46420cf6cd95b367f0e6b9d\",\"name\":\"Jannet Torres\",\"image\":{\"@type\":\"ImageObject\",\"inLanguage\":\"es\",\"@id\":\"https:\/\/lascriticas.com\/#\/schema\/person\/image\/\",\"url\":\"https:\/\/secure.gravatar.com\/avatar\/9d6d7721217535401d73ced4e6177c4f?s=96&d=mm&r=g\",\"contentUrl\":\"https:\/\/secure.gravatar.com\/avatar\/9d6d7721217535401d73ced4e6177c4f?s=96&d=mm&r=g\",\"caption\":\"Jannet Torres\"},\"url\":\"https:\/\/lascriticas.com\/index.php\/author\/jannet-torres\/\"}]}<\/script>\n<!-- \/ Yoast SEO plugin. -->","yoast_head_json":{"title":"El Conspirador, de Mercedes Cabello - Las Cr\u00edticas","description":"Jannet Torres escribe acerca de la reedici\u00f3n del Conspirador, de Mercedes Cabello, con un estudio introduction de M\u00f3nica C\u00e1rdenas.","robots":{"index":"index","follow":"follow","max-snippet":"max-snippet:-1","max-image-preview":"max-image-preview:large","max-video-preview":"max-video-preview:-1"},"canonical":"https:\/\/lascriticas.com\/index.php\/2022\/08\/25\/el-conspirador-de-mercedes-cabello\/","og_locale":"es_ES","og_type":"article","og_title":"El Conspirador, de Mercedes Cabello - Las Cr\u00edticas","og_description":"Jannet Torres escribe acerca de la reedici\u00f3n del Conspirador, de Mercedes Cabello, con un estudio introduction de M\u00f3nica C\u00e1rdenas.","og_url":"https:\/\/lascriticas.com\/index.php\/2022\/08\/25\/el-conspirador-de-mercedes-cabello\/","og_site_name":"Las Cr\u00edticas","article_publisher":"https:\/\/www.facebook.com\/lascriticas\/","article_published_time":"2022-08-25T18:34:57+00:00","article_modified_time":"2022-08-26T20:20:29+00:00","og_image":[{"width":1080,"height":530,"url":"https:\/\/lascriticas.com\/wp-content\/uploads\/2022\/08\/Mercedes-Cabello.jpg","type":"image\/jpeg"}],"author":"Jannet Torres","twitter_card":"summary_large_image","twitter_creator":"@LasCriticas_com","twitter_site":"@LasCriticas_com","twitter_misc":{"Escrito por":"Jannet Torres","Tiempo de lectura":"6 minutos"},"schema":{"@context":"https:\/\/schema.org","@graph":[{"@type":"Article","@id":"https:\/\/lascriticas.com\/index.php\/2022\/08\/25\/el-conspirador-de-mercedes-cabello\/#article","isPartOf":{"@id":"https:\/\/lascriticas.com\/index.php\/2022\/08\/25\/el-conspirador-de-mercedes-cabello\/"},"author":{"name":"Jannet Torres","@id":"https:\/\/lascriticas.com\/#\/schema\/person\/405ed9b0e46420cf6cd95b367f0e6b9d"},"headline":"El Conspirador, de Mercedes Cabello","datePublished":"2022-08-25T18:34:57+00:00","dateModified":"2022-08-26T20:20:29+00:00","mainEntityOfPage":{"@id":"https:\/\/lascriticas.com\/index.php\/2022\/08\/25\/el-conspirador-de-mercedes-cabello\/"},"wordCount":1227,"commentCount":0,"publisher":{"@id":"https:\/\/lascriticas.com\/#organization"},"image":{"@id":"https:\/\/lascriticas.com\/index.php\/2022\/08\/25\/el-conspirador-de-mercedes-cabello\/#primaryimage"},"thumbnailUrl":"https:\/\/lascriticas.com\/wp-content\/uploads\/2022\/08\/Mercedes-Cabello.jpg","keywords":["antih\u00e9roe","bildungsroman","corrupci\u00f3n","g\u00e9nero","literatura peruana","novela","pa\u00eds","pol\u00edtica"],"articleSection":["Ficci\u00f3n","Rese\u00f1as"],"inLanguage":"es","potentialAction":[{"@type":"CommentAction","name":"Comment","target":["https:\/\/lascriticas.com\/index.php\/2022\/08\/25\/el-conspirador-de-mercedes-cabello\/#respond"]}]},{"@type":"WebPage","@id":"https:\/\/lascriticas.com\/index.php\/2022\/08\/25\/el-conspirador-de-mercedes-cabello\/","url":"https:\/\/lascriticas.com\/index.php\/2022\/08\/25\/el-conspirador-de-mercedes-cabello\/","name":"El Conspirador, de Mercedes Cabello - Las Cr\u00edticas","isPartOf":{"@id":"https:\/\/lascriticas.com\/#website"},"primaryImageOfPage":{"@id":"https:\/\/lascriticas.com\/index.php\/2022\/08\/25\/el-conspirador-de-mercedes-cabello\/#primaryimage"},"image":{"@id":"https:\/\/lascriticas.com\/index.php\/2022\/08\/25\/el-conspirador-de-mercedes-cabello\/#primaryimage"},"thumbnailUrl":"https:\/\/lascriticas.com\/wp-content\/uploads\/2022\/08\/Mercedes-Cabello.jpg","datePublished":"2022-08-25T18:34:57+00:00","dateModified":"2022-08-26T20:20:29+00:00","description":"Jannet Torres escribe acerca de la reedici\u00f3n del Conspirador, de Mercedes Cabello, con un estudio introduction de M\u00f3nica C\u00e1rdenas.","breadcrumb":{"@id":"https:\/\/lascriticas.com\/index.php\/2022\/08\/25\/el-conspirador-de-mercedes-cabello\/#breadcrumb"},"inLanguage":"es","potentialAction":[{"@type":"ReadAction","target":["https:\/\/lascriticas.com\/index.php\/2022\/08\/25\/el-conspirador-de-mercedes-cabello\/"]}]},{"@type":"ImageObject","inLanguage":"es","@id":"https:\/\/lascriticas.com\/index.php\/2022\/08\/25\/el-conspirador-de-mercedes-cabello\/#primaryimage","url":"https:\/\/lascriticas.com\/wp-content\/uploads\/2022\/08\/Mercedes-Cabello.jpg","contentUrl":"https:\/\/lascriticas.com\/wp-content\/uploads\/2022\/08\/Mercedes-Cabello.jpg","width":1080,"height":530},{"@type":"BreadcrumbList","@id":"https:\/\/lascriticas.com\/index.php\/2022\/08\/25\/el-conspirador-de-mercedes-cabello\/#breadcrumb","itemListElement":[{"@type":"ListItem","position":1,"name":"Inicio","item":"https:\/\/lascriticas.com\/"},{"@type":"ListItem","position":2,"name":"El Conspirador, de Mercedes Cabello"}]},{"@type":"WebSite","@id":"https:\/\/lascriticas.com\/#website","url":"https:\/\/lascriticas.com\/","name":"Las Cr\u00edticas","description":"Cr\u00edtica literaria hecha por mujeres","publisher":{"@id":"https:\/\/lascriticas.com\/#organization"},"potentialAction":[{"@type":"SearchAction","target":{"@type":"EntryPoint","urlTemplate":"https:\/\/lascriticas.com\/?s={search_term_string}"},"query-input":{"@type":"PropertyValueSpecification","valueRequired":true,"valueName":"search_term_string"}}],"inLanguage":"es"},{"@type":"Organization","@id":"https:\/\/lascriticas.com\/#organization","name":"Las Cr\u00edticas","url":"https:\/\/lascriticas.com\/","logo":{"@type":"ImageObject","inLanguage":"es","@id":"https:\/\/lascriticas.com\/#\/schema\/logo\/image\/","url":"https:\/\/lascriticas.com\/wp-content\/uploads\/2016\/09\/Las-Cr\u00edticas.png","contentUrl":"https:\/\/lascriticas.com\/wp-content\/uploads\/2016\/09\/Las-Cr\u00edticas.png","width":372,"height":201,"caption":"Las Cr\u00edticas"},"image":{"@id":"https:\/\/lascriticas.com\/#\/schema\/logo\/image\/"},"sameAs":["https:\/\/www.facebook.com\/lascriticas\/","https:\/\/x.com\/LasCriticas_com","https:\/\/www.instagram.com\/lascriticas_com\/","https:\/\/www.youtube.com\/channel\/UCd7r-H6EJA4sSXGLX33_iHQ"]},{"@type":"Person","@id":"https:\/\/lascriticas.com\/#\/schema\/person\/405ed9b0e46420cf6cd95b367f0e6b9d","name":"Jannet Torres","image":{"@type":"ImageObject","inLanguage":"es","@id":"https:\/\/lascriticas.com\/#\/schema\/person\/image\/","url":"https:\/\/secure.gravatar.com\/avatar\/9d6d7721217535401d73ced4e6177c4f?s=96&d=mm&r=g","contentUrl":"https:\/\/secure.gravatar.com\/avatar\/9d6d7721217535401d73ced4e6177c4f?s=96&d=mm&r=g","caption":"Jannet Torres"},"url":"https:\/\/lascriticas.com\/index.php\/author\/jannet-torres\/"}]}},"_links":{"self":[{"href":"https:\/\/lascriticas.com\/index.php\/wp-json\/wp\/v2\/posts\/5057"}],"collection":[{"href":"https:\/\/lascriticas.com\/index.php\/wp-json\/wp\/v2\/posts"}],"about":[{"href":"https:\/\/lascriticas.com\/index.php\/wp-json\/wp\/v2\/types\/post"}],"author":[{"embeddable":true,"href":"https:\/\/lascriticas.com\/index.php\/wp-json\/wp\/v2\/users\/90"}],"replies":[{"embeddable":true,"href":"https:\/\/lascriticas.com\/index.php\/wp-json\/wp\/v2\/comments?post=5057"}],"version-history":[{"count":8,"href":"https:\/\/lascriticas.com\/index.php\/wp-json\/wp\/v2\/posts\/5057\/revisions"}],"predecessor-version":[{"id":5125,"href":"https:\/\/lascriticas.com\/index.php\/wp-json\/wp\/v2\/posts\/5057\/revisions\/5125"}],"wp:featuredmedia":[{"embeddable":true,"href":"https:\/\/lascriticas.com\/index.php\/wp-json\/wp\/v2\/media\/5092"}],"wp:attachment":[{"href":"https:\/\/lascriticas.com\/index.php\/wp-json\/wp\/v2\/media?parent=5057"}],"wp:term":[{"taxonomy":"category","embeddable":true,"href":"https:\/\/lascriticas.com\/index.php\/wp-json\/wp\/v2\/categories?post=5057"},{"taxonomy":"post_tag","embeddable":true,"href":"https:\/\/lascriticas.com\/index.php\/wp-json\/wp\/v2\/tags?post=5057"}],"curies":[{"name":"wp","href":"https:\/\/api.w.org\/{rel}","templated":true}]}}