{"id":4970,"date":"2022-06-23T16:00:01","date_gmt":"2022-06-23T14:00:01","guid":{"rendered":"https:\/\/lascriticas.com\/?p=4970"},"modified":"2022-06-25T15:47:17","modified_gmt":"2022-06-25T13:47:17","slug":"segundo-sintoma-de-andrea-cruzado","status":"publish","type":"post","link":"https:\/\/lascriticas.com\/index.php\/2022\/06\/23\/segundo-sintoma-de-andrea-cruzado\/","title":{"rendered":"Segundo s\u00edntoma, de Andrea Cruzado"},"content":{"rendered":"<h1 style=\"text-align: justify;\"><span style=\"font-size: 16px; color: #ffffff;\">Segundo S\u00edntoma, de Andrea Cruzado<\/span><\/h1>\n<p style=\"text-align: justify;\"><span style=\"font-size: 16px;\"><strong>Andrea Cruzado<\/strong> crea una sombra accesoria tras la cortina psicoanal\u00edtica y desvela sus paulatinos descubrimientos. Freud sab\u00eda que las fantas\u00edas de un poeta o de un devoto al arte literaria, era el presagio hacia una verdad mayor: la invenci\u00f3n de una sospecha, porque la enfermedad ha perdido el nombre.<\/span><br \/>\n<span style=\"font-size: 16px;\">Lo importante de esta interesante voz, expuesta en una colecci\u00f3n de versos cuidados con eficacia de cirujano, es que \u201cruge\u201d en la oscuridad y va mostrando caprichosamente sus intersticios patologizados por las mismas teor\u00edas sociales. La poes\u00eda de <strong><em>Segundo S\u00edntoma<\/em> <\/strong>empieza a cobrar vida paralela al lenguaje abri\u00e9ndose camino como sombras dobles. No s\u00f3lo como la posibilidad l\u00f3brega del lenguaje po\u00e9tico o sus im\u00e1genes previamente sazonadas con la perversi\u00f3n de quien sabe d\u00f3nde duele la herida para apretar, sino de quien domina el escenario de un montaje tr\u00e1gico.<\/span><br \/>\n<span style=\"font-size: 16px;\">El <strong>cuerpo enfermo<\/strong> en este conjunto de versos, es un cuerpo m\u00faltiple, pueden ser los hijos, los d\u00e9biles, los iletrados que van al banco, los olvidados o un recorrido desde diferentes \u00e1ngulos; que van desde la desmembraci\u00f3n familiar hasta el acaecer cronol\u00f3gico de un d\u00eda com\u00fan reinventando la violencia dom\u00e9stica con una nueva est\u00e9tica (el robusto y el triste). As\u00ed, estos hijos van dando cabida a la miscel\u00e1nea de posibilidades de un galeno (observador contemplativo con conocimientos pedi\u00e1tricos) que ir\u00e1 revelando el juego de espejos que la desmembraci\u00f3n del\u00a0\u201cPathos\u201d le posibilita a su importancia como observador entrenado.<\/span><br \/>\n<span style=\"font-size: 16px;\">Cruzado quiere herirnos, no con la realidad o con las posibilidades de escape hacia el equilibrio, sino justamente con la profundidad de la herida. La voz po\u00e9tica sala la carne herida con mayor temperatura, para que nosotros los lectores, sintamos su mirada.<\/span><br \/>\n<span style=\"font-size: 16px;\">Hay un juego constante entre mostrar las criaturas incapaces de defenderse por s\u00ed mismas, y los depredadores an\u00f3nimos de la desgracia. S\u00f3lo Jota (j) existe, s\u00f3lo Jota es el \u00fanico interlocutor que ayudar\u00e1 a sostener la crueldad de una mente l\u00facida y consciente sobre la enorme diferencia de ser la segunda en todo. La sombra del hogar, la melancol\u00eda de no ser la primera: ni la enfermedad, ni el primer s\u00edntoma, ni el origen real, sino la derivaci\u00f3n.<\/span><br \/>\n<span style=\"font-size: 16px;\">La gran pregunta que acontece durante estos versos es si ser madre, (por la ternura opacada que empuja el tel\u00f3n para que termine el teatro de sinsabores), es esa voz que se subordina al segundo plano, para permitir la existencia del \u201ctodo\u201d. Lo que ocurre en primer plano, no solo opaca lo que sucede en la cueva, sino las preguntas que reverberan sobre Dios y la incertidumbre que aparecen a medida que se instala un improbable ideario de perfecci\u00f3n, uno que nunca se designa, pero est\u00e1 presente por ese \u00abComo\u00bb, constante que equidista y equipara los sucesos: Costillas como cortinas, o conceptos como espacio o lugar.<\/span><br \/>\n<span style=\"font-size: 16px;\">No es dif\u00edcil terminar la lectura sin sentir que salimos con un irreprochable y necesario tercer s\u00edntoma luego de apreciar la impronta de la flor quebrada en la escritura po\u00e9tica de Cruzado.<\/span><\/p>\n<p><span style=\"font-size: 16px;\"><strong>Cruzado, Andrea. <em>Segundo s\u00edntoma<\/em>, Paloma ajena editores, 2022.<\/strong><\/span><\/p>\n<hr \/>\n<p style=\"text-align: justify;\"><span style=\"font-family: 'trebuchet ms', geneva, sans-serif; font-size: 16px;\"><strong>Andrea Cruzado <\/strong>(Laredo, 1993) es una poeta peruana.\u00a0 Ha publicado <strong><em>Materia<\/em><\/strong><strong>\u00a0(<\/strong><a href=\"https:\/\/www.instagram.com\/palomaeditores\/\"><strong>Paloma Ajena Editores)<\/strong><\/a>\u00a0y <strong><em>Museum<\/em><\/strong><strong>\u00a0(2018<\/strong>).\u00a0<\/span><\/p>\n<p style=\"text-align: justify;\"><a href=\"https:\/\/lascriticas.com\/index.php\/lascriticas\/julia-wong\/\"><strong><span style=\"font-family: 'trebuchet ms', geneva, sans-serif; font-size: 16px;\">Acerca de Julia Wong<\/span><\/strong><\/a><\/p>\n","protected":false},"excerpt":{"rendered":"<p>Segundo S\u00edntoma, de Andrea Cruzado Andrea Cruzado crea una sombra accesoria tras la cortina psicoanal\u00edtica y desvela sus paulatinos descubrimientos. Freud sab\u00eda que las fantas\u00edas de un poeta o de un devoto al arte literaria, era el presagio hacia una verdad mayor: la invenci\u00f3n de una sospecha, porque la enfermedad ha perdido el nombre. Lo&#8230;<\/p>\n","protected":false},"author":12,"featured_media":5033,"comment_status":"open","ping_status":"open","sticky":false,"template":"","format":"standard","meta":{"footnotes":""},"categories":[1,45,37],"tags":[71,621,51,219,305,127,225,57,745,55,1031],"yoast_head":"<!-- This site is optimized with the Yoast SEO plugin v23.5 - https:\/\/yoast.com\/wordpress\/plugins\/seo\/ -->\n<title>Segundo s\u00edntoma, de Andrea Cruzado - Las Cr\u00edticas<\/title>\n<meta name=\"description\" content=\"Julia Wong escribe acerca de Segundo S\u00edntoma, libro de poemas de Andrea Cruzado\" \/>\n<meta name=\"robots\" content=\"index, follow, max-snippet:-1, max-image-preview:large, max-video-preview:-1\" \/>\n<link rel=\"canonical\" href=\"https:\/\/lascriticas.com\/index.php\/2022\/06\/23\/segundo-sintoma-de-andrea-cruzado\/\" \/>\n<meta property=\"og:locale\" content=\"es_ES\" \/>\n<meta property=\"og:type\" content=\"article\" \/>\n<meta property=\"og:title\" content=\"Segundo s\u00edntoma, de Andrea Cruzado - Las Cr\u00edticas\" \/>\n<meta property=\"og:description\" content=\"Julia Wong escribe acerca de Segundo S\u00edntoma, libro de poemas de Andrea Cruzado\" \/>\n<meta property=\"og:url\" content=\"https:\/\/lascriticas.com\/index.php\/2022\/06\/23\/segundo-sintoma-de-andrea-cruzado\/\" \/>\n<meta property=\"og:site_name\" content=\"Las Cr\u00edticas\" \/>\n<meta property=\"article:publisher\" content=\"https:\/\/www.facebook.com\/lascriticas\/\" \/>\n<meta property=\"article:published_time\" content=\"2022-06-23T14:00:01+00:00\" \/>\n<meta property=\"article:modified_time\" content=\"2022-06-25T13:47:17+00:00\" \/>\n<meta property=\"og:image\" content=\"https:\/\/lascriticas.com\/wp-content\/uploads\/2022\/06\/Andrea-Cruzado2.jpg\" \/>\n\t<meta property=\"og:image:width\" content=\"1080\" \/>\n\t<meta property=\"og:image:height\" content=\"530\" \/>\n\t<meta property=\"og:image:type\" content=\"image\/jpeg\" \/>\n<meta name=\"author\" content=\"Julia Wong\" \/>\n<meta name=\"twitter:card\" content=\"summary_large_image\" \/>\n<meta name=\"twitter:creator\" content=\"@LasCriticas_com\" \/>\n<meta name=\"twitter:site\" content=\"@LasCriticas_com\" \/>\n<meta name=\"twitter:label1\" content=\"Escrito por\" \/>\n\t<meta name=\"twitter:data1\" content=\"Julia Wong\" \/>\n\t<meta name=\"twitter:label2\" content=\"Tiempo de lectura\" \/>\n\t<meta name=\"twitter:data2\" content=\"3 minutos\" \/>\n<script type=\"application\/ld+json\" class=\"yoast-schema-graph\">{\"@context\":\"https:\/\/schema.org\",\"@graph\":[{\"@type\":\"Article\",\"@id\":\"https:\/\/lascriticas.com\/index.php\/2022\/06\/23\/segundo-sintoma-de-andrea-cruzado\/#article\",\"isPartOf\":{\"@id\":\"https:\/\/lascriticas.com\/index.php\/2022\/06\/23\/segundo-sintoma-de-andrea-cruzado\/\"},\"author\":{\"name\":\"Julia Wong\",\"@id\":\"https:\/\/lascriticas.com\/#\/schema\/person\/1a1d1da1e273ed112607e61092386186\"},\"headline\":\"Segundo s\u00edntoma, de Andrea Cruzado\",\"datePublished\":\"2022-06-23T14:00:01+00:00\",\"dateModified\":\"2022-06-25T13:47:17+00:00\",\"mainEntityOfPage\":{\"@id\":\"https:\/\/lascriticas.com\/index.php\/2022\/06\/23\/segundo-sintoma-de-andrea-cruzado\/\"},\"wordCount\":572,\"commentCount\":0,\"publisher\":{\"@id\":\"https:\/\/lascriticas.com\/#organization\"},\"image\":{\"@id\":\"https:\/\/lascriticas.com\/index.php\/2022\/06\/23\/segundo-sintoma-de-andrea-cruzado\/#primaryimage\"},\"thumbnailUrl\":\"https:\/\/lascriticas.com\/wp-content\/uploads\/2022\/06\/Andrea-Cruzado2.jpg\",\"keywords\":[\"cuerpo\",\"enfermedad\",\"familia\",\"hijos\",\"hogar\",\"lenguaje\",\"madre\",\"maternidad\",\"padres\",\"poes\u00eda\",\"violencia dom\u00e9stica\"],\"articleSection\":[\"Non class\u00e9\",\"Poes\u00eda\",\"Rese\u00f1as\"],\"inLanguage\":\"es\",\"potentialAction\":[{\"@type\":\"CommentAction\",\"name\":\"Comment\",\"target\":[\"https:\/\/lascriticas.com\/index.php\/2022\/06\/23\/segundo-sintoma-de-andrea-cruzado\/#respond\"]}]},{\"@type\":\"WebPage\",\"@id\":\"https:\/\/lascriticas.com\/index.php\/2022\/06\/23\/segundo-sintoma-de-andrea-cruzado\/\",\"url\":\"https:\/\/lascriticas.com\/index.php\/2022\/06\/23\/segundo-sintoma-de-andrea-cruzado\/\",\"name\":\"Segundo s\u00edntoma, de Andrea Cruzado - Las Cr\u00edticas\",\"isPartOf\":{\"@id\":\"https:\/\/lascriticas.com\/#website\"},\"primaryImageOfPage\":{\"@id\":\"https:\/\/lascriticas.com\/index.php\/2022\/06\/23\/segundo-sintoma-de-andrea-cruzado\/#primaryimage\"},\"image\":{\"@id\":\"https:\/\/lascriticas.com\/index.php\/2022\/06\/23\/segundo-sintoma-de-andrea-cruzado\/#primaryimage\"},\"thumbnailUrl\":\"https:\/\/lascriticas.com\/wp-content\/uploads\/2022\/06\/Andrea-Cruzado2.jpg\",\"datePublished\":\"2022-06-23T14:00:01+00:00\",\"dateModified\":\"2022-06-25T13:47:17+00:00\",\"description\":\"Julia Wong escribe acerca de Segundo S\u00edntoma, libro de poemas de Andrea Cruzado\",\"breadcrumb\":{\"@id\":\"https:\/\/lascriticas.com\/index.php\/2022\/06\/23\/segundo-sintoma-de-andrea-cruzado\/#breadcrumb\"},\"inLanguage\":\"es\",\"potentialAction\":[{\"@type\":\"ReadAction\",\"target\":[\"https:\/\/lascriticas.com\/index.php\/2022\/06\/23\/segundo-sintoma-de-andrea-cruzado\/\"]}]},{\"@type\":\"ImageObject\",\"inLanguage\":\"es\",\"@id\":\"https:\/\/lascriticas.com\/index.php\/2022\/06\/23\/segundo-sintoma-de-andrea-cruzado\/#primaryimage\",\"url\":\"https:\/\/lascriticas.com\/wp-content\/uploads\/2022\/06\/Andrea-Cruzado2.jpg\",\"contentUrl\":\"https:\/\/lascriticas.com\/wp-content\/uploads\/2022\/06\/Andrea-Cruzado2.jpg\",\"width\":1080,\"height\":530},{\"@type\":\"BreadcrumbList\",\"@id\":\"https:\/\/lascriticas.com\/index.php\/2022\/06\/23\/segundo-sintoma-de-andrea-cruzado\/#breadcrumb\",\"itemListElement\":[{\"@type\":\"ListItem\",\"position\":1,\"name\":\"Inicio\",\"item\":\"https:\/\/lascriticas.com\/\"},{\"@type\":\"ListItem\",\"position\":2,\"name\":\"Segundo s\u00edntoma, de Andrea Cruzado\"}]},{\"@type\":\"WebSite\",\"@id\":\"https:\/\/lascriticas.com\/#website\",\"url\":\"https:\/\/lascriticas.com\/\",\"name\":\"Las Cr\u00edticas\",\"description\":\"Cr\u00edtica literaria hecha por mujeres\",\"publisher\":{\"@id\":\"https:\/\/lascriticas.com\/#organization\"},\"potentialAction\":[{\"@type\":\"SearchAction\",\"target\":{\"@type\":\"EntryPoint\",\"urlTemplate\":\"https:\/\/lascriticas.com\/?s={search_term_string}\"},\"query-input\":{\"@type\":\"PropertyValueSpecification\",\"valueRequired\":true,\"valueName\":\"search_term_string\"}}],\"inLanguage\":\"es\"},{\"@type\":\"Organization\",\"@id\":\"https:\/\/lascriticas.com\/#organization\",\"name\":\"Las Cr\u00edticas\",\"url\":\"https:\/\/lascriticas.com\/\",\"logo\":{\"@type\":\"ImageObject\",\"inLanguage\":\"es\",\"@id\":\"https:\/\/lascriticas.com\/#\/schema\/logo\/image\/\",\"url\":\"https:\/\/lascriticas.com\/wp-content\/uploads\/2016\/09\/Las-Cr\u00edticas.png\",\"contentUrl\":\"https:\/\/lascriticas.com\/wp-content\/uploads\/2016\/09\/Las-Cr\u00edticas.png\",\"width\":372,\"height\":201,\"caption\":\"Las Cr\u00edticas\"},\"image\":{\"@id\":\"https:\/\/lascriticas.com\/#\/schema\/logo\/image\/\"},\"sameAs\":[\"https:\/\/www.facebook.com\/lascriticas\/\",\"https:\/\/x.com\/LasCriticas_com\",\"https:\/\/www.instagram.com\/lascriticas_com\/\",\"https:\/\/www.youtube.com\/channel\/UCd7r-H6EJA4sSXGLX33_iHQ\"]},{\"@type\":\"Person\",\"@id\":\"https:\/\/lascriticas.com\/#\/schema\/person\/1a1d1da1e273ed112607e61092386186\",\"name\":\"Julia Wong\",\"image\":{\"@type\":\"ImageObject\",\"inLanguage\":\"es\",\"@id\":\"https:\/\/lascriticas.com\/#\/schema\/person\/image\/\",\"url\":\"https:\/\/secure.gravatar.com\/avatar\/d513dc4e3f6b0bec1dfed5d367952e0a?s=96&d=mm&r=g\",\"contentUrl\":\"https:\/\/secure.gravatar.com\/avatar\/d513dc4e3f6b0bec1dfed5d367952e0a?s=96&d=mm&r=g\",\"caption\":\"Julia Wong\"},\"url\":\"https:\/\/lascriticas.com\/index.php\/author\/julia-wong\/\"}]}<\/script>\n<!-- \/ Yoast SEO plugin. -->","yoast_head_json":{"title":"Segundo s\u00edntoma, de Andrea Cruzado - Las Cr\u00edticas","description":"Julia Wong escribe acerca de Segundo S\u00edntoma, libro de poemas de Andrea Cruzado","robots":{"index":"index","follow":"follow","max-snippet":"max-snippet:-1","max-image-preview":"max-image-preview:large","max-video-preview":"max-video-preview:-1"},"canonical":"https:\/\/lascriticas.com\/index.php\/2022\/06\/23\/segundo-sintoma-de-andrea-cruzado\/","og_locale":"es_ES","og_type":"article","og_title":"Segundo s\u00edntoma, de Andrea Cruzado - Las Cr\u00edticas","og_description":"Julia Wong escribe acerca de Segundo S\u00edntoma, libro de poemas de Andrea Cruzado","og_url":"https:\/\/lascriticas.com\/index.php\/2022\/06\/23\/segundo-sintoma-de-andrea-cruzado\/","og_site_name":"Las Cr\u00edticas","article_publisher":"https:\/\/www.facebook.com\/lascriticas\/","article_published_time":"2022-06-23T14:00:01+00:00","article_modified_time":"2022-06-25T13:47:17+00:00","og_image":[{"width":1080,"height":530,"url":"https:\/\/lascriticas.com\/wp-content\/uploads\/2022\/06\/Andrea-Cruzado2.jpg","type":"image\/jpeg"}],"author":"Julia Wong","twitter_card":"summary_large_image","twitter_creator":"@LasCriticas_com","twitter_site":"@LasCriticas_com","twitter_misc":{"Escrito por":"Julia Wong","Tiempo de lectura":"3 minutos"},"schema":{"@context":"https:\/\/schema.org","@graph":[{"@type":"Article","@id":"https:\/\/lascriticas.com\/index.php\/2022\/06\/23\/segundo-sintoma-de-andrea-cruzado\/#article","isPartOf":{"@id":"https:\/\/lascriticas.com\/index.php\/2022\/06\/23\/segundo-sintoma-de-andrea-cruzado\/"},"author":{"name":"Julia Wong","@id":"https:\/\/lascriticas.com\/#\/schema\/person\/1a1d1da1e273ed112607e61092386186"},"headline":"Segundo s\u00edntoma, de Andrea Cruzado","datePublished":"2022-06-23T14:00:01+00:00","dateModified":"2022-06-25T13:47:17+00:00","mainEntityOfPage":{"@id":"https:\/\/lascriticas.com\/index.php\/2022\/06\/23\/segundo-sintoma-de-andrea-cruzado\/"},"wordCount":572,"commentCount":0,"publisher":{"@id":"https:\/\/lascriticas.com\/#organization"},"image":{"@id":"https:\/\/lascriticas.com\/index.php\/2022\/06\/23\/segundo-sintoma-de-andrea-cruzado\/#primaryimage"},"thumbnailUrl":"https:\/\/lascriticas.com\/wp-content\/uploads\/2022\/06\/Andrea-Cruzado2.jpg","keywords":["cuerpo","enfermedad","familia","hijos","hogar","lenguaje","madre","maternidad","padres","poes\u00eda","violencia dom\u00e9stica"],"articleSection":["Non class\u00e9","Poes\u00eda","Rese\u00f1as"],"inLanguage":"es","potentialAction":[{"@type":"CommentAction","name":"Comment","target":["https:\/\/lascriticas.com\/index.php\/2022\/06\/23\/segundo-sintoma-de-andrea-cruzado\/#respond"]}]},{"@type":"WebPage","@id":"https:\/\/lascriticas.com\/index.php\/2022\/06\/23\/segundo-sintoma-de-andrea-cruzado\/","url":"https:\/\/lascriticas.com\/index.php\/2022\/06\/23\/segundo-sintoma-de-andrea-cruzado\/","name":"Segundo s\u00edntoma, de Andrea Cruzado - Las Cr\u00edticas","isPartOf":{"@id":"https:\/\/lascriticas.com\/#website"},"primaryImageOfPage":{"@id":"https:\/\/lascriticas.com\/index.php\/2022\/06\/23\/segundo-sintoma-de-andrea-cruzado\/#primaryimage"},"image":{"@id":"https:\/\/lascriticas.com\/index.php\/2022\/06\/23\/segundo-sintoma-de-andrea-cruzado\/#primaryimage"},"thumbnailUrl":"https:\/\/lascriticas.com\/wp-content\/uploads\/2022\/06\/Andrea-Cruzado2.jpg","datePublished":"2022-06-23T14:00:01+00:00","dateModified":"2022-06-25T13:47:17+00:00","description":"Julia Wong escribe acerca de Segundo S\u00edntoma, libro de poemas de Andrea Cruzado","breadcrumb":{"@id":"https:\/\/lascriticas.com\/index.php\/2022\/06\/23\/segundo-sintoma-de-andrea-cruzado\/#breadcrumb"},"inLanguage":"es","potentialAction":[{"@type":"ReadAction","target":["https:\/\/lascriticas.com\/index.php\/2022\/06\/23\/segundo-sintoma-de-andrea-cruzado\/"]}]},{"@type":"ImageObject","inLanguage":"es","@id":"https:\/\/lascriticas.com\/index.php\/2022\/06\/23\/segundo-sintoma-de-andrea-cruzado\/#primaryimage","url":"https:\/\/lascriticas.com\/wp-content\/uploads\/2022\/06\/Andrea-Cruzado2.jpg","contentUrl":"https:\/\/lascriticas.com\/wp-content\/uploads\/2022\/06\/Andrea-Cruzado2.jpg","width":1080,"height":530},{"@type":"BreadcrumbList","@id":"https:\/\/lascriticas.com\/index.php\/2022\/06\/23\/segundo-sintoma-de-andrea-cruzado\/#breadcrumb","itemListElement":[{"@type":"ListItem","position":1,"name":"Inicio","item":"https:\/\/lascriticas.com\/"},{"@type":"ListItem","position":2,"name":"Segundo s\u00edntoma, de Andrea Cruzado"}]},{"@type":"WebSite","@id":"https:\/\/lascriticas.com\/#website","url":"https:\/\/lascriticas.com\/","name":"Las Cr\u00edticas","description":"Cr\u00edtica literaria hecha por mujeres","publisher":{"@id":"https:\/\/lascriticas.com\/#organization"},"potentialAction":[{"@type":"SearchAction","target":{"@type":"EntryPoint","urlTemplate":"https:\/\/lascriticas.com\/?s={search_term_string}"},"query-input":{"@type":"PropertyValueSpecification","valueRequired":true,"valueName":"search_term_string"}}],"inLanguage":"es"},{"@type":"Organization","@id":"https:\/\/lascriticas.com\/#organization","name":"Las Cr\u00edticas","url":"https:\/\/lascriticas.com\/","logo":{"@type":"ImageObject","inLanguage":"es","@id":"https:\/\/lascriticas.com\/#\/schema\/logo\/image\/","url":"https:\/\/lascriticas.com\/wp-content\/uploads\/2016\/09\/Las-Cr\u00edticas.png","contentUrl":"https:\/\/lascriticas.com\/wp-content\/uploads\/2016\/09\/Las-Cr\u00edticas.png","width":372,"height":201,"caption":"Las Cr\u00edticas"},"image":{"@id":"https:\/\/lascriticas.com\/#\/schema\/logo\/image\/"},"sameAs":["https:\/\/www.facebook.com\/lascriticas\/","https:\/\/x.com\/LasCriticas_com","https:\/\/www.instagram.com\/lascriticas_com\/","https:\/\/www.youtube.com\/channel\/UCd7r-H6EJA4sSXGLX33_iHQ"]},{"@type":"Person","@id":"https:\/\/lascriticas.com\/#\/schema\/person\/1a1d1da1e273ed112607e61092386186","name":"Julia Wong","image":{"@type":"ImageObject","inLanguage":"es","@id":"https:\/\/lascriticas.com\/#\/schema\/person\/image\/","url":"https:\/\/secure.gravatar.com\/avatar\/d513dc4e3f6b0bec1dfed5d367952e0a?s=96&d=mm&r=g","contentUrl":"https:\/\/secure.gravatar.com\/avatar\/d513dc4e3f6b0bec1dfed5d367952e0a?s=96&d=mm&r=g","caption":"Julia Wong"},"url":"https:\/\/lascriticas.com\/index.php\/author\/julia-wong\/"}]}},"_links":{"self":[{"href":"https:\/\/lascriticas.com\/index.php\/wp-json\/wp\/v2\/posts\/4970"}],"collection":[{"href":"https:\/\/lascriticas.com\/index.php\/wp-json\/wp\/v2\/posts"}],"about":[{"href":"https:\/\/lascriticas.com\/index.php\/wp-json\/wp\/v2\/types\/post"}],"author":[{"embeddable":true,"href":"https:\/\/lascriticas.com\/index.php\/wp-json\/wp\/v2\/users\/12"}],"replies":[{"embeddable":true,"href":"https:\/\/lascriticas.com\/index.php\/wp-json\/wp\/v2\/comments?post=4970"}],"version-history":[{"count":8,"href":"https:\/\/lascriticas.com\/index.php\/wp-json\/wp\/v2\/posts\/4970\/revisions"}],"predecessor-version":[{"id":5034,"href":"https:\/\/lascriticas.com\/index.php\/wp-json\/wp\/v2\/posts\/4970\/revisions\/5034"}],"wp:featuredmedia":[{"embeddable":true,"href":"https:\/\/lascriticas.com\/index.php\/wp-json\/wp\/v2\/media\/5033"}],"wp:attachment":[{"href":"https:\/\/lascriticas.com\/index.php\/wp-json\/wp\/v2\/media?parent=4970"}],"wp:term":[{"taxonomy":"category","embeddable":true,"href":"https:\/\/lascriticas.com\/index.php\/wp-json\/wp\/v2\/categories?post=4970"},{"taxonomy":"post_tag","embeddable":true,"href":"https:\/\/lascriticas.com\/index.php\/wp-json\/wp\/v2\/tags?post=4970"}],"curies":[{"name":"wp","href":"https:\/\/api.w.org\/{rel}","templated":true}]}}