{"id":4959,"date":"2022-06-23T15:55:45","date_gmt":"2022-06-23T13:55:45","guid":{"rendered":"https:\/\/lascriticas.com\/?p=4959"},"modified":"2022-06-23T16:43:24","modified_gmt":"2022-06-23T14:43:24","slug":"este-maldito-sol-de-agosto-de-lilian-elphick","status":"publish","type":"post","link":"https:\/\/lascriticas.com\/index.php\/2022\/06\/23\/este-maldito-sol-de-agosto-de-lilian-elphick\/","title":{"rendered":"Este maldito sol de agosto, de Lilian Elphick"},"content":{"rendered":"<h2><span style=\"font-size: 20px;\"><b>PROCESO DE ESCRITURA EN \u00abESTE MALDITO SOL DE AGOSTO\u00bb, cuento de Lilian Elphick<\/b><\/span><\/h2>\n<p style=\"text-align: justify;\"><span style=\"font-size: 16px;\">El cuento \u00ab<b>Este maldito sol de agosto<\/b>\u00bb es una primicia y reto para la industria editorial, ya que no se compila en los libros de Lilian Elphick; sin embargo, este relato apareci\u00f3, hace d\u00e9cadas, en un peri\u00f3dico en Chile como me confirm\u00f3 su autora. Estos impases ocurren cuando un tesoro no ha sido descubierto. Por tanto, soy portadora de un alumbramiento cuent\u00edstico con su respectivo an\u00e1lisis. Encontramos el texto en <a href=\"http:\/\/letras.mysite.com\"><i>letras.mysite.com<\/i><\/a> (Proyecto Patrimonio). <strong>Lilian Elphick<\/strong> (Santiago de Chile, 1959) estudi\u00f3 literatura en su ciudad natal. En 1990 public\u00f3 su volumen de cuentos <i>La \u00faltima canci\u00f3n de Maggie Alc\u00e1zar<\/i>, a\u00f1o de su consagraci\u00f3n internacional como cuentista al resultar finalista en el <strong>Concurso Cuentos Juan Rulfo<\/strong>, Par\u00eds, Francia. En estas tres d\u00e9cadas, sus textos han sido premiados, publicados en libros, antolog\u00edas y revistas, tanto en Chile como en el extranjero. Su obra fue traducida al franc\u00e9s e italiano. Ella ha destacado como libretista, participante y organizadora de congresos, encuentros de minificci\u00f3n, y en una lista interminable de menciones honrosas y becas. Retornando a su obra, el cr\u00edtico <strong>Diego Mu\u00f1oz Valenzuela<\/strong> dice: \u00aben sus cuentos predomina una visi\u00f3n<b> femenina<\/b> del mundo, afortunadamente m\u00faltiple y heterodoxa, mostrando caras del mismo universo\u2026 estilo matizado con di\u00e1logos\u00bb. Ahora los dejo con este cuento dialogado en forma de <b>carta<\/b> o correspondencia.<\/span><\/p>\n<p style=\"text-align: justify;\"><span style=\"font-size: 16px;\">Sabemos que toda buena pieza literaria nos remite a un cl\u00e1sico o contempor\u00e1neo, por lo menos, sea por proximidad o discrepancia. Con esta premisa, partimos que el relato epistolario \u201c<b>Este maldito sol de agosto<\/b>\u201d, de la brillante cuentista chilena Lilian Elphick, presenta la estructura formal de una carta cl\u00e1sica (fecha, destinatario, cuerpo, despedida y remitente) de corte amical. Pero dentro de esta formalidad, hay un singular acierto, de all\u00ed el asombro que despierta su contenido.<\/span><\/p>\n<p style=\"text-align: justify;\"><span style=\"font-size: 16px;\">Intentamos demostrar que esta carta es un pretexto para exponer los pormenores de un <b>proceso de escritura<\/b>. De este modo, la autora toma su rumbo propio. En este sentido, durante su exposici\u00f3n textual, no hace m\u00e1s que darle un gui\u00f1o a las cartas de <strong>Rainer M. Rilke<\/strong> en las que el autor puntualiza que permanecer\u00e1 exento de opinar sobre los versos de su amigo. Adem\u00e1s, la autora se distancia de las cartas de Van Gogh, que no vislumbran recursos de arte, y de <i>Las cartas para K. Whitmore<\/i>, de poeta <strong>Pedro Salinas<\/strong> (de corte amatorio), quien considera el epistolario como una gran invenci\u00f3n. El historial epistolario es fecundo y abarca siglos.<\/span><\/p>\n<p style=\"text-align: justify;\"><span style=\"font-size: 16px;\"><b>Elphick<\/b> se vale del artilugio de la carta, la cual llamaremos texto por asuntos metodol\u00f3gicos, y al responsable del texto lo nombraremos narrador; a quien le escribe, interlocutor. Una vez renombrados nuestros actantes, desentra\u00f1amos la riqueza textual de \u00ab<b>Este maldito sol de agosto<\/b>\u00bb para develar <b>el proceso de escritura<\/b> expuesto, con rigor y maestr\u00eda, en este cuento.<\/span><\/p>\n<p style=\"text-align: justify;\"><span style=\"font-size: 16px;\">El texto parte de la autodenominaci\u00f3n \u00ab<b>carta<\/b>\u00bb. En otras palabras, el propio texto se define como ese documento, privado en este caso, que se le env\u00eda a una persona determinada como advertimos en las siguientes expresiones \u00ab<i>Esta es una <\/i><i>carta<\/i><i> que te escribo\u201d; \u201cla destruyo para que nadie sino mi recuerdo pueda leer la <\/i><i>carta<\/i><i> que ahora te escribo\u00bb<\/i>.<span class=\"Apple-converted-space\">\u00a0 <\/span>A \u201ccarta\u201d se le adhiere el verbo \u00abescribir\u00bb, como si fueran un par indisoluble o un sustantivo en consonancia con su acci\u00f3n (=carta: escribir). Este verbo principal aparece en \u00ab<i>te e<\/i><i>scrib<\/i><i>o\u00bb<\/i>, \u00ab<i>intento es<\/i><i>cribir<\/i><i>\u00bb<\/i>, \u00ab<i>es<\/i><i>cribir <\/i><i>la nueva novela\u00bb, \u00abel l\u00e1piz e<\/i><i>scribe<\/i><i> autom\u00e1ticamente\u00bb<\/i>. Es decir, el texto -misiva- declara que su contenido \u00ab<i>podr\u00eda llegar a ser una historia, o un cuento<\/i>\u00bb; de ser as\u00ed, al interlocutor \u00abAlex\u00bb se le atribuir\u00eda el rol de personaje. Posteriormente juega con la verosimilitud: \u00ab<i>entre ser sincera o mentir\u00bb<\/i> en <b>su proceso de escritura<\/b>.<\/span><\/p>\n<p style=\"text-align: justify;\"><span style=\"font-size: 16px;\">Otro recurso que predomina es la temporalidad:<span class=\"Apple-converted-space\">\u00a0 <\/span>el tiempo fr\u00edo de agosto como una maldici\u00f3n o reprobaci\u00f3n para la imaginer\u00eda, ya que \u00ab<i>el misterio desaparece<\/i>\u00bb en esta \u00e9poca del a\u00f1o, para dar curso a la letan\u00eda: \u00ab<i>contamos las mismas cosas\u00bb, \u00abrepetici\u00f3n de\u00bb; \u00abcotidianidad pegada\u00bb<\/i>. Resalta que la vivencia es imprescindible para intensificar la escritura (cuento, historia), porque \u00ab<i>las palabras no dan abasto. Es necesaria la magia<\/i>\u00bb. El narrador no soporta la ausencia de personas; busca aliarse de recuerdos, reencuentros o promoverlos, para que todo d\u00e9 como resultante un cuento, seg\u00fan lo testifica en \u00ab(<i>Ves como esto se <\/i><i>parece\u2026a un cuento<\/i><i>)<\/i>\u00bb. Define claramente la posici\u00f3n de inventar -mal menor- frente a mantenerse cercano al interlocutor para vivir muchas vivencias, las cuales usar\u00eda en su narraci\u00f3n, porque vivir apartado de los conocidos o amigos es perjudicial para la escritura, como lo enuncia en \u00ab<i>los amigos son puentes no son islas<\/i>\u00bb. Caso aparte, se\u00f1ala la importancia de los s\u00edmbolos o figuras literarias tal como \u00ab<i>he tenido que ir construyendo <\/i><i>met\u00e1foras<\/i><i> para no terminar en la imprecisi\u00f3n ling\u00fc\u00edstica<\/i>\u00bb.<\/span><\/p>\n<p style=\"text-align: justify;\"><span style=\"font-size: 16px;\">En los enunciados, a pesar de usar el vocablo carta, muestra una rotunda ruptura con su molde tradicional, tal como lo confirma en <i>\u00ab<\/i><i>saltarme frases hechas<\/i><i> de antemano, esas introductorias fastidiosas de \u201cespero que te encuentres bien\u2026\u201d<\/i>\u00bb y otras cursiler\u00edas baratas. Ante tantas imposibilidades, le remarca a su interlocutor que puede ella acudir a su encuentro. Se autodefine como \u00ab<i>la buena<\/i><i> amiga, <\/i><i>la de<\/i><i> paso, <\/i><i>la que<\/i><i> te surte de mermelada <\/i>\u2026\u00bb a manera de aposiciones descriptivas.<\/span><\/p>\n<p style=\"text-align: justify;\"><span style=\"font-size: 16px;\">Adem\u00e1s, observamos alusiones pol\u00edticas como: 4 de septiembre, la planta \u00abrayitos de sol\u00bb para enfatizar el t\u00edtulo, y \u00ab<i>a ras del suelo<\/i>\u00bb en vez de \u201cmirada baja\u201d. Finalmente, el juego de verdad y mentira, y de exagerar es un asunto obligado dado \u201cel sol de agosto\u201d. Despu\u00e9s, remarca su sentimiento mediante el siguiente juego de gradaciones: \u00ab<i>te quiero, te echo de menos (\u2026) te quiero mucho\u00bb.<\/i><\/span><\/p>\n<p style=\"text-align: justify;\"><span style=\"font-size: 16px;\">Como es de esperar, los enunciados usan la segunda persona de manera directa, antepuesta o pospuesta: \u00ab<i>Alex\u00bb y \u00ab<\/i><i>T\u00fa<\/i><i> no sabes; \u00ab<\/i><i>te<\/i><i> escribo<\/i>\u00bb; \u00ab<i>t\u00fa<\/i><i> ya no estab<\/i><i>as<\/i>\u00bb (con \u00e9nfasis \u00e9ste \u00faltimo).<\/span><\/p>\n<p style=\"text-align: justify;\"><span style=\"font-size: 16px;\">En conclusi\u00f3n, el narrador presenta el texto para describir la importancia de las vivencias en el proceso creativo, ya que cualquier sujeto puede convertirse en <strong>personaje<\/strong>. A falta de vivencias, uno recurre al <b>imaginario<\/b>; muchas cosas \u00fanicas sirven de pretexto para esta labor. La <b>cotidianeidad<\/b> no es un buen referente<b>, <\/b>pero puede usarse como \u00faltimo recurso. Para producir un aire fresco, se apela al interlocutor para que retorne o el enunciador ve la posibilidad de ir a su encuentro. Previamente, se interroga, se responde y, sobre todo, le habla a la segunda persona, Alex. Sucintamente, indica la mixtura de verdad y mentira como el m\u00e1s noble juego literario, tal como se aprecia en los enunciados finales \u00ab<i>Qu\u00e9 s\u00e9 yo si viviste en calle Viel. \u00bfNo habr\u00e1 sido en Santiaguillo<\/i>\u00bb? Realmente, magistral el cuento \u00ab<b>El maldito sol de agosto<\/b>\u00bb, so pretexto de mostrar los entresijos <b>del proceso de escritura.<\/b><\/span><\/p>\n<p><span style=\"font-size: 16px;\"><strong>Elphick, Lilian. <em>Este maldito sol de agosto<\/em>. <a href=\"http:\/\/letras.mysite.com\"><i>letras.mysite.com<\/i><\/a><\/strong><\/span><\/p>\n<hr \/>\n<p style=\"text-align: justify;\"><span style=\"font-size: 16px; font-family: 'trebuchet ms', geneva, sans-serif;\"><strong>Lilian Elphick<\/strong> (Chile, 1959) es narradora y editora chilena. Ha publicado, entre otros libros, <i>Ojo travieso\u00a0<\/i>(2007),\u00a0<i>Confesiones de una chica de rojo<\/i> (2013) y <em>K<\/em> (2014). Su cuentos han sido publicamos en numerosas antolog\u00edas y revistas. Es editora de la revista \u00ab<a href=\"http:\/\/revistabrevilla.blogspot.com\">Brevilla<\/a>\u00ab, dedicada a la microficci\u00f3n.<\/span><\/p>\n<p style=\"text-align: justify;\"><span style=\"font-size: 16px;\"><a href=\"https:\/\/lascriticas.com\/index.php\/lascriticas\/carmen-concha-nolte\/\"><span style=\"font-family: 'trebuchet ms', geneva, sans-serif;\"><strong>Acerca de Carmen Colcha-Nolte<\/strong><\/span><\/a><\/span><\/p>\n","protected":false},"excerpt":{"rendered":"<p>PROCESO DE ESCRITURA EN \u00abESTE MALDITO SOL DE AGOSTO\u00bb, cuento de Lilian Elphick El cuento \u00abEste maldito sol de agosto\u00bb es una primicia y reto para la industria editorial, ya que no se compila en los libros de Lilian Elphick; sin embargo, este relato apareci\u00f3, hace d\u00e9cadas, en un peri\u00f3dico en Chile como me confirm\u00f3&#8230;<\/p>\n","protected":false},"author":89,"featured_media":5021,"comment_status":"open","ping_status":"open","sticky":false,"template":"","format":"standard","meta":{"footnotes":""},"categories":[19,43],"tags":[147,56,1032,575,1033],"yoast_head":"<!-- This site is optimized with the Yoast SEO plugin v23.5 - https:\/\/yoast.com\/wordpress\/plugins\/seo\/ -->\n<title>Este maldito sol de agosto, de Lilian Elphick - Las Cr\u00edticas<\/title>\n<meta name=\"description\" content=\"PROCESO DE ESCRITURA EN \u00abESTE MALDITO SOL DE AGOSTO\u00bb, cuento de Lilian Elphick El cuento \u00abEste maldito sol de agosto\u00bb es una primicia y reto para la\" \/>\n<meta name=\"robots\" content=\"index, follow, max-snippet:-1, max-image-preview:large, max-video-preview:-1\" \/>\n<link rel=\"canonical\" href=\"https:\/\/lascriticas.com\/index.php\/2022\/06\/23\/este-maldito-sol-de-agosto-de-lilian-elphick\/\" \/>\n<meta property=\"og:locale\" content=\"es_ES\" \/>\n<meta property=\"og:type\" content=\"article\" \/>\n<meta property=\"og:title\" content=\"Este maldito sol de agosto, de Lilian Elphick - Las Cr\u00edticas\" \/>\n<meta property=\"og:description\" content=\"PROCESO DE ESCRITURA EN \u00abESTE MALDITO SOL DE AGOSTO\u00bb, cuento de Lilian Elphick El cuento \u00abEste maldito sol de agosto\u00bb es una primicia y reto para la\" \/>\n<meta property=\"og:url\" content=\"https:\/\/lascriticas.com\/index.php\/2022\/06\/23\/este-maldito-sol-de-agosto-de-lilian-elphick\/\" \/>\n<meta property=\"og:site_name\" content=\"Las Cr\u00edticas\" \/>\n<meta property=\"article:publisher\" content=\"https:\/\/www.facebook.com\/lascriticas\/\" \/>\n<meta property=\"article:published_time\" content=\"2022-06-23T13:55:45+00:00\" \/>\n<meta property=\"article:modified_time\" content=\"2022-06-23T14:43:24+00:00\" \/>\n<meta property=\"og:image\" content=\"https:\/\/lascriticas.com\/wp-content\/uploads\/2022\/06\/Lilian-Elphick.jpg\" \/>\n\t<meta property=\"og:image:width\" content=\"1080\" \/>\n\t<meta property=\"og:image:height\" content=\"530\" \/>\n\t<meta property=\"og:image:type\" content=\"image\/jpeg\" \/>\n<meta name=\"author\" content=\"Carmen Concha-Nolte\" \/>\n<meta name=\"twitter:card\" content=\"summary_large_image\" \/>\n<meta name=\"twitter:creator\" content=\"@LasCriticas_com\" \/>\n<meta name=\"twitter:site\" content=\"@LasCriticas_com\" \/>\n<meta name=\"twitter:label1\" content=\"Escrito por\" \/>\n\t<meta name=\"twitter:data1\" content=\"Carmen Concha-Nolte\" \/>\n\t<meta name=\"twitter:label2\" content=\"Tiempo de lectura\" \/>\n\t<meta name=\"twitter:data2\" content=\"6 minutos\" \/>\n<script type=\"application\/ld+json\" class=\"yoast-schema-graph\">{\"@context\":\"https:\/\/schema.org\",\"@graph\":[{\"@type\":\"Article\",\"@id\":\"https:\/\/lascriticas.com\/index.php\/2022\/06\/23\/este-maldito-sol-de-agosto-de-lilian-elphick\/#article\",\"isPartOf\":{\"@id\":\"https:\/\/lascriticas.com\/index.php\/2022\/06\/23\/este-maldito-sol-de-agosto-de-lilian-elphick\/\"},\"author\":{\"name\":\"Carmen Concha-Nolte\",\"@id\":\"https:\/\/lascriticas.com\/#\/schema\/person\/fcf204c26033f1a0d7322acf32c33c3c\"},\"headline\":\"Este maldito sol de agosto, de Lilian Elphick\",\"datePublished\":\"2022-06-23T13:55:45+00:00\",\"dateModified\":\"2022-06-23T14:43:24+00:00\",\"mainEntityOfPage\":{\"@id\":\"https:\/\/lascriticas.com\/index.php\/2022\/06\/23\/este-maldito-sol-de-agosto-de-lilian-elphick\/\"},\"wordCount\":1242,\"commentCount\":0,\"publisher\":{\"@id\":\"https:\/\/lascriticas.com\/#organization\"},\"image\":{\"@id\":\"https:\/\/lascriticas.com\/index.php\/2022\/06\/23\/este-maldito-sol-de-agosto-de-lilian-elphick\/#primaryimage\"},\"thumbnailUrl\":\"https:\/\/lascriticas.com\/wp-content\/uploads\/2022\/06\/Lilian-Elphick.jpg\",\"keywords\":[\"Chile\",\"cuento\",\"escriture\",\"literatura chilena\",\"lo cotidiano\"],\"articleSection\":[\"An\u00e1lisis\",\"Ficci\u00f3n\"],\"inLanguage\":\"es\",\"potentialAction\":[{\"@type\":\"CommentAction\",\"name\":\"Comment\",\"target\":[\"https:\/\/lascriticas.com\/index.php\/2022\/06\/23\/este-maldito-sol-de-agosto-de-lilian-elphick\/#respond\"]}]},{\"@type\":\"WebPage\",\"@id\":\"https:\/\/lascriticas.com\/index.php\/2022\/06\/23\/este-maldito-sol-de-agosto-de-lilian-elphick\/\",\"url\":\"https:\/\/lascriticas.com\/index.php\/2022\/06\/23\/este-maldito-sol-de-agosto-de-lilian-elphick\/\",\"name\":\"Este maldito sol de agosto, de Lilian Elphick - Las Cr\u00edticas\",\"isPartOf\":{\"@id\":\"https:\/\/lascriticas.com\/#website\"},\"primaryImageOfPage\":{\"@id\":\"https:\/\/lascriticas.com\/index.php\/2022\/06\/23\/este-maldito-sol-de-agosto-de-lilian-elphick\/#primaryimage\"},\"image\":{\"@id\":\"https:\/\/lascriticas.com\/index.php\/2022\/06\/23\/este-maldito-sol-de-agosto-de-lilian-elphick\/#primaryimage\"},\"thumbnailUrl\":\"https:\/\/lascriticas.com\/wp-content\/uploads\/2022\/06\/Lilian-Elphick.jpg\",\"datePublished\":\"2022-06-23T13:55:45+00:00\",\"dateModified\":\"2022-06-23T14:43:24+00:00\",\"description\":\"PROCESO DE ESCRITURA EN \u00abESTE MALDITO SOL DE AGOSTO\u00bb, cuento de Lilian Elphick El cuento \u00abEste maldito sol de agosto\u00bb es una primicia y reto para la\",\"breadcrumb\":{\"@id\":\"https:\/\/lascriticas.com\/index.php\/2022\/06\/23\/este-maldito-sol-de-agosto-de-lilian-elphick\/#breadcrumb\"},\"inLanguage\":\"es\",\"potentialAction\":[{\"@type\":\"ReadAction\",\"target\":[\"https:\/\/lascriticas.com\/index.php\/2022\/06\/23\/este-maldito-sol-de-agosto-de-lilian-elphick\/\"]}]},{\"@type\":\"ImageObject\",\"inLanguage\":\"es\",\"@id\":\"https:\/\/lascriticas.com\/index.php\/2022\/06\/23\/este-maldito-sol-de-agosto-de-lilian-elphick\/#primaryimage\",\"url\":\"https:\/\/lascriticas.com\/wp-content\/uploads\/2022\/06\/Lilian-Elphick.jpg\",\"contentUrl\":\"https:\/\/lascriticas.com\/wp-content\/uploads\/2022\/06\/Lilian-Elphick.jpg\",\"width\":1080,\"height\":530},{\"@type\":\"BreadcrumbList\",\"@id\":\"https:\/\/lascriticas.com\/index.php\/2022\/06\/23\/este-maldito-sol-de-agosto-de-lilian-elphick\/#breadcrumb\",\"itemListElement\":[{\"@type\":\"ListItem\",\"position\":1,\"name\":\"Inicio\",\"item\":\"https:\/\/lascriticas.com\/\"},{\"@type\":\"ListItem\",\"position\":2,\"name\":\"Este maldito sol de agosto, de Lilian Elphick\"}]},{\"@type\":\"WebSite\",\"@id\":\"https:\/\/lascriticas.com\/#website\",\"url\":\"https:\/\/lascriticas.com\/\",\"name\":\"Las Cr\u00edticas\",\"description\":\"Cr\u00edtica literaria hecha por mujeres\",\"publisher\":{\"@id\":\"https:\/\/lascriticas.com\/#organization\"},\"potentialAction\":[{\"@type\":\"SearchAction\",\"target\":{\"@type\":\"EntryPoint\",\"urlTemplate\":\"https:\/\/lascriticas.com\/?s={search_term_string}\"},\"query-input\":{\"@type\":\"PropertyValueSpecification\",\"valueRequired\":true,\"valueName\":\"search_term_string\"}}],\"inLanguage\":\"es\"},{\"@type\":\"Organization\",\"@id\":\"https:\/\/lascriticas.com\/#organization\",\"name\":\"Las Cr\u00edticas\",\"url\":\"https:\/\/lascriticas.com\/\",\"logo\":{\"@type\":\"ImageObject\",\"inLanguage\":\"es\",\"@id\":\"https:\/\/lascriticas.com\/#\/schema\/logo\/image\/\",\"url\":\"https:\/\/lascriticas.com\/wp-content\/uploads\/2016\/09\/Las-Cr\u00edticas.png\",\"contentUrl\":\"https:\/\/lascriticas.com\/wp-content\/uploads\/2016\/09\/Las-Cr\u00edticas.png\",\"width\":372,\"height\":201,\"caption\":\"Las Cr\u00edticas\"},\"image\":{\"@id\":\"https:\/\/lascriticas.com\/#\/schema\/logo\/image\/\"},\"sameAs\":[\"https:\/\/www.facebook.com\/lascriticas\/\",\"https:\/\/x.com\/LasCriticas_com\",\"https:\/\/www.instagram.com\/lascriticas_com\/\",\"https:\/\/www.youtube.com\/channel\/UCd7r-H6EJA4sSXGLX33_iHQ\"]},{\"@type\":\"Person\",\"@id\":\"https:\/\/lascriticas.com\/#\/schema\/person\/fcf204c26033f1a0d7322acf32c33c3c\",\"name\":\"Carmen Concha-Nolte\",\"image\":{\"@type\":\"ImageObject\",\"inLanguage\":\"es\",\"@id\":\"https:\/\/lascriticas.com\/#\/schema\/person\/image\/\",\"url\":\"https:\/\/secure.gravatar.com\/avatar\/1c71087269b47f6358dfb9070be07ca8?s=96&d=mm&r=g\",\"contentUrl\":\"https:\/\/secure.gravatar.com\/avatar\/1c71087269b47f6358dfb9070be07ca8?s=96&d=mm&r=g\",\"caption\":\"Carmen Concha-Nolte\"},\"url\":\"https:\/\/lascriticas.com\/index.php\/author\/carmen-concha-nolte\/\"}]}<\/script>\n<!-- \/ Yoast SEO plugin. -->","yoast_head_json":{"title":"Este maldito sol de agosto, de Lilian Elphick - Las Cr\u00edticas","description":"PROCESO DE ESCRITURA EN \u00abESTE MALDITO SOL DE AGOSTO\u00bb, cuento de Lilian Elphick El cuento \u00abEste maldito sol de agosto\u00bb es una primicia y reto para la","robots":{"index":"index","follow":"follow","max-snippet":"max-snippet:-1","max-image-preview":"max-image-preview:large","max-video-preview":"max-video-preview:-1"},"canonical":"https:\/\/lascriticas.com\/index.php\/2022\/06\/23\/este-maldito-sol-de-agosto-de-lilian-elphick\/","og_locale":"es_ES","og_type":"article","og_title":"Este maldito sol de agosto, de Lilian Elphick - Las Cr\u00edticas","og_description":"PROCESO DE ESCRITURA EN \u00abESTE MALDITO SOL DE AGOSTO\u00bb, cuento de Lilian Elphick El cuento \u00abEste maldito sol de agosto\u00bb es una primicia y reto para la","og_url":"https:\/\/lascriticas.com\/index.php\/2022\/06\/23\/este-maldito-sol-de-agosto-de-lilian-elphick\/","og_site_name":"Las Cr\u00edticas","article_publisher":"https:\/\/www.facebook.com\/lascriticas\/","article_published_time":"2022-06-23T13:55:45+00:00","article_modified_time":"2022-06-23T14:43:24+00:00","og_image":[{"width":1080,"height":530,"url":"https:\/\/lascriticas.com\/wp-content\/uploads\/2022\/06\/Lilian-Elphick.jpg","type":"image\/jpeg"}],"author":"Carmen Concha-Nolte","twitter_card":"summary_large_image","twitter_creator":"@LasCriticas_com","twitter_site":"@LasCriticas_com","twitter_misc":{"Escrito por":"Carmen Concha-Nolte","Tiempo de lectura":"6 minutos"},"schema":{"@context":"https:\/\/schema.org","@graph":[{"@type":"Article","@id":"https:\/\/lascriticas.com\/index.php\/2022\/06\/23\/este-maldito-sol-de-agosto-de-lilian-elphick\/#article","isPartOf":{"@id":"https:\/\/lascriticas.com\/index.php\/2022\/06\/23\/este-maldito-sol-de-agosto-de-lilian-elphick\/"},"author":{"name":"Carmen Concha-Nolte","@id":"https:\/\/lascriticas.com\/#\/schema\/person\/fcf204c26033f1a0d7322acf32c33c3c"},"headline":"Este maldito sol de agosto, de Lilian Elphick","datePublished":"2022-06-23T13:55:45+00:00","dateModified":"2022-06-23T14:43:24+00:00","mainEntityOfPage":{"@id":"https:\/\/lascriticas.com\/index.php\/2022\/06\/23\/este-maldito-sol-de-agosto-de-lilian-elphick\/"},"wordCount":1242,"commentCount":0,"publisher":{"@id":"https:\/\/lascriticas.com\/#organization"},"image":{"@id":"https:\/\/lascriticas.com\/index.php\/2022\/06\/23\/este-maldito-sol-de-agosto-de-lilian-elphick\/#primaryimage"},"thumbnailUrl":"https:\/\/lascriticas.com\/wp-content\/uploads\/2022\/06\/Lilian-Elphick.jpg","keywords":["Chile","cuento","escriture","literatura chilena","lo cotidiano"],"articleSection":["An\u00e1lisis","Ficci\u00f3n"],"inLanguage":"es","potentialAction":[{"@type":"CommentAction","name":"Comment","target":["https:\/\/lascriticas.com\/index.php\/2022\/06\/23\/este-maldito-sol-de-agosto-de-lilian-elphick\/#respond"]}]},{"@type":"WebPage","@id":"https:\/\/lascriticas.com\/index.php\/2022\/06\/23\/este-maldito-sol-de-agosto-de-lilian-elphick\/","url":"https:\/\/lascriticas.com\/index.php\/2022\/06\/23\/este-maldito-sol-de-agosto-de-lilian-elphick\/","name":"Este maldito sol de agosto, de Lilian Elphick - Las Cr\u00edticas","isPartOf":{"@id":"https:\/\/lascriticas.com\/#website"},"primaryImageOfPage":{"@id":"https:\/\/lascriticas.com\/index.php\/2022\/06\/23\/este-maldito-sol-de-agosto-de-lilian-elphick\/#primaryimage"},"image":{"@id":"https:\/\/lascriticas.com\/index.php\/2022\/06\/23\/este-maldito-sol-de-agosto-de-lilian-elphick\/#primaryimage"},"thumbnailUrl":"https:\/\/lascriticas.com\/wp-content\/uploads\/2022\/06\/Lilian-Elphick.jpg","datePublished":"2022-06-23T13:55:45+00:00","dateModified":"2022-06-23T14:43:24+00:00","description":"PROCESO DE ESCRITURA EN \u00abESTE MALDITO SOL DE AGOSTO\u00bb, cuento de Lilian Elphick El cuento \u00abEste maldito sol de agosto\u00bb es una primicia y reto para la","breadcrumb":{"@id":"https:\/\/lascriticas.com\/index.php\/2022\/06\/23\/este-maldito-sol-de-agosto-de-lilian-elphick\/#breadcrumb"},"inLanguage":"es","potentialAction":[{"@type":"ReadAction","target":["https:\/\/lascriticas.com\/index.php\/2022\/06\/23\/este-maldito-sol-de-agosto-de-lilian-elphick\/"]}]},{"@type":"ImageObject","inLanguage":"es","@id":"https:\/\/lascriticas.com\/index.php\/2022\/06\/23\/este-maldito-sol-de-agosto-de-lilian-elphick\/#primaryimage","url":"https:\/\/lascriticas.com\/wp-content\/uploads\/2022\/06\/Lilian-Elphick.jpg","contentUrl":"https:\/\/lascriticas.com\/wp-content\/uploads\/2022\/06\/Lilian-Elphick.jpg","width":1080,"height":530},{"@type":"BreadcrumbList","@id":"https:\/\/lascriticas.com\/index.php\/2022\/06\/23\/este-maldito-sol-de-agosto-de-lilian-elphick\/#breadcrumb","itemListElement":[{"@type":"ListItem","position":1,"name":"Inicio","item":"https:\/\/lascriticas.com\/"},{"@type":"ListItem","position":2,"name":"Este maldito sol de agosto, de Lilian Elphick"}]},{"@type":"WebSite","@id":"https:\/\/lascriticas.com\/#website","url":"https:\/\/lascriticas.com\/","name":"Las Cr\u00edticas","description":"Cr\u00edtica literaria hecha por mujeres","publisher":{"@id":"https:\/\/lascriticas.com\/#organization"},"potentialAction":[{"@type":"SearchAction","target":{"@type":"EntryPoint","urlTemplate":"https:\/\/lascriticas.com\/?s={search_term_string}"},"query-input":{"@type":"PropertyValueSpecification","valueRequired":true,"valueName":"search_term_string"}}],"inLanguage":"es"},{"@type":"Organization","@id":"https:\/\/lascriticas.com\/#organization","name":"Las Cr\u00edticas","url":"https:\/\/lascriticas.com\/","logo":{"@type":"ImageObject","inLanguage":"es","@id":"https:\/\/lascriticas.com\/#\/schema\/logo\/image\/","url":"https:\/\/lascriticas.com\/wp-content\/uploads\/2016\/09\/Las-Cr\u00edticas.png","contentUrl":"https:\/\/lascriticas.com\/wp-content\/uploads\/2016\/09\/Las-Cr\u00edticas.png","width":372,"height":201,"caption":"Las Cr\u00edticas"},"image":{"@id":"https:\/\/lascriticas.com\/#\/schema\/logo\/image\/"},"sameAs":["https:\/\/www.facebook.com\/lascriticas\/","https:\/\/x.com\/LasCriticas_com","https:\/\/www.instagram.com\/lascriticas_com\/","https:\/\/www.youtube.com\/channel\/UCd7r-H6EJA4sSXGLX33_iHQ"]},{"@type":"Person","@id":"https:\/\/lascriticas.com\/#\/schema\/person\/fcf204c26033f1a0d7322acf32c33c3c","name":"Carmen Concha-Nolte","image":{"@type":"ImageObject","inLanguage":"es","@id":"https:\/\/lascriticas.com\/#\/schema\/person\/image\/","url":"https:\/\/secure.gravatar.com\/avatar\/1c71087269b47f6358dfb9070be07ca8?s=96&d=mm&r=g","contentUrl":"https:\/\/secure.gravatar.com\/avatar\/1c71087269b47f6358dfb9070be07ca8?s=96&d=mm&r=g","caption":"Carmen Concha-Nolte"},"url":"https:\/\/lascriticas.com\/index.php\/author\/carmen-concha-nolte\/"}]}},"_links":{"self":[{"href":"https:\/\/lascriticas.com\/index.php\/wp-json\/wp\/v2\/posts\/4959"}],"collection":[{"href":"https:\/\/lascriticas.com\/index.php\/wp-json\/wp\/v2\/posts"}],"about":[{"href":"https:\/\/lascriticas.com\/index.php\/wp-json\/wp\/v2\/types\/post"}],"author":[{"embeddable":true,"href":"https:\/\/lascriticas.com\/index.php\/wp-json\/wp\/v2\/users\/89"}],"replies":[{"embeddable":true,"href":"https:\/\/lascriticas.com\/index.php\/wp-json\/wp\/v2\/comments?post=4959"}],"version-history":[{"count":6,"href":"https:\/\/lascriticas.com\/index.php\/wp-json\/wp\/v2\/posts\/4959\/revisions"}],"predecessor-version":[{"id":5025,"href":"https:\/\/lascriticas.com\/index.php\/wp-json\/wp\/v2\/posts\/4959\/revisions\/5025"}],"wp:featuredmedia":[{"embeddable":true,"href":"https:\/\/lascriticas.com\/index.php\/wp-json\/wp\/v2\/media\/5021"}],"wp:attachment":[{"href":"https:\/\/lascriticas.com\/index.php\/wp-json\/wp\/v2\/media?parent=4959"}],"wp:term":[{"taxonomy":"category","embeddable":true,"href":"https:\/\/lascriticas.com\/index.php\/wp-json\/wp\/v2\/categories?post=4959"},{"taxonomy":"post_tag","embeddable":true,"href":"https:\/\/lascriticas.com\/index.php\/wp-json\/wp\/v2\/tags?post=4959"}],"curies":[{"name":"wp","href":"https:\/\/api.w.org\/{rel}","templated":true}]}}