{"id":4917,"date":"2022-04-22T16:35:00","date_gmt":"2022-04-22T14:35:00","guid":{"rendered":"https:\/\/lascriticas.com\/?p=4917"},"modified":"2022-04-23T13:48:19","modified_gmt":"2022-04-23T11:48:19","slug":"el-nino-del-metro-de-madeleine-truel","status":"publish","type":"post","link":"https:\/\/lascriticas.com\/index.php\/2022\/04\/22\/el-nino-del-metro-de-madeleine-truel\/","title":{"rendered":"El ni\u00f1o del metro, de Madeleine Truel"},"content":{"rendered":"<h1><span style=\"font-size: 14px; color: #ffffff;\">El ni\u00f1o del metro, de Madeleine Truel<\/span><\/h1>\n<p style=\"text-align: justify;\"><span style=\"font-size: 16px;\">\u201c<i>J\u2019ai \u00e9t\u00e9 un enfant, je ne le suis plus. Je n\u2019en reviens pas<\/i>\u201d, se sorprende Albert Cohen. \u00bfC\u00f3mo traducir la riqueza en doble sentido de aquel pensamiento sin traicionarlo? No me atrever\u00e9. Sin duda lo habr\u00e1 sabido <strong>Madeleine Truel Larrabure<\/strong>, quien, para escribir <strong><i>El ni\u00f1o del metro<\/i><\/strong>, se inspir\u00f3 en la historia del peque\u00f1o <strong>Pascual Behar<\/strong>, hijo de sus vecinos rumanos jud\u00edos en plena ocupaci\u00f3n nazi. Ella habr\u00e1 sentido c\u00f3mo <strong>Albert Cohen<\/strong> que haber sido un ni\u00f1o es quiz\u00e1s el \u00fanico estado del ser humano que desaparece para siempre y permanece a la vez. Que todos tenemos a\u00fan a nuestro ni\u00f1o interior escondido en nuestro propio b\u00fanker, mientras suenan afuera las alarmas de las bombas de la adultez y la civilizaci\u00f3n. Y al cu\u00e1l casi nunca logramos volver desde nuestra posici\u00f3n adulta. Sobre todo, en \u00e9pocas de guerra. Madeleine s\u00ed que lo supo hacer.<span class=\"Apple-converted-space\">\u00a0<\/span><\/span><\/p>\n<p><img loading=\"lazy\" decoding=\"async\" class=\"aligncenter wp-image-4921\" title=\"El ni\u00f1o del metro, de Madeleine Truel\" src=\"https:\/\/lascriticas.com\/wp-content\/uploads\/2022\/04\/El-nino-del-metro.gif\" alt=\"\" width=\"313\" height=\"534\" \/><\/p>\n<p style=\"text-align: justify;\"><span style=\"font-size: 16px;\">Mientras escribo, se repite la historia. Mientras el ni\u00f1o de Madeleine se esconde en el metro de <strong>Par\u00eds del a\u00f1o 1942<\/strong>, otros miles de ni\u00f1os siguen escondi\u00e9ndose en el metro de <strong>Kiev del a\u00f1o 2022<\/strong>. Se confunde la imagen con la de mi padre beb\u00e9 en brazos de su mam\u00e1, mi abuela, escondidos en el s\u00f3tano de un edificio en el mismo Par\u00eds del a\u00f1o 1942. Una bomba acaba de partir el departamento en dos y por suerte, ambos se quedaron del buen lado. Del caso contrario la que escribe nunca jam\u00e1s hubiera podido hacerlo.<\/span><\/p>\n<p style=\"text-align: justify;\"><span style=\"font-size: 16px;\">Mientras avanza mi lectura de <i>El ni\u00f1o del metro<\/i>, dirigida por la precisa traducci\u00f3n al espa\u00f1ol de <strong>Nataly Villena<\/strong> y cuya versi\u00f3n original francesa ni supon\u00eda su existencia, libro que me llega de sorpresa un d\u00eda tranquilo de verano en Lima Per\u00fa, se despierta mi memoria gen\u00e9tica y pol\u00edtica. Tengo la sensaci\u00f3n de encontrarme con una verdadera paisana m\u00eda, es decir, con unas de las pocas con quien puedo compartir dolores k\u00e1rmicos en doble idioma.<span class=\"Apple-converted-space\">\u00a0 <\/span>De las que cruzaron el charco de las historias geopol\u00edticas. De las que pagaron el precio con su propia vida. Mujer. Peruana. Francesa. Artista. Fil\u00f3sofa. Hermana de tres hermanas. Condenadas desde el nacer. Por eso lo devoro de principio a fin.<\/span><\/p>\n<p style=\"text-align: justify;\"><span style=\"font-size: 16px;\">Madeleine Truel. El nombre resuena en mis sue\u00f1os desde que lo escucho. \u00bfHabr\u00e1 conocido a mi abuela en alguno de sus escondites? \u00bfEl ni\u00f1o del metro hubiera podido ser mi padre?<\/span><\/p>\n<p style=\"text-align: justify;\"><span style=\"font-size: 16px;\">\u00bfMadeleine se habr\u00e1 ido de fiestas con <strong>Sylvia Li<\/strong> (tiene mucho de Sylvia Li), la poeta arequipe\u00f1a fantasma que sacamos del olvido con mi doble literaria, <strong>Christiane F\u00e9lip Vidal<\/strong>, hace unos a\u00f1os atr\u00e1s en <strong><a href=\"https:\/\/lascriticas.com\/index.php\/2016\/10\/31\/la-flor-artificial-christiane-felip-sophie-canal\/\"><i>La flor artificial<\/i><\/a><\/strong>, regal\u00e1ndole una historia porque la reclamaba a gritos para reposar en paz, historia de todas las que cruzaron el charco trayendo en su mochila, bombas de tiempo? La historia se repite c\u00f3mo un c\u00edrculo vicioso en el metro de Par\u00eds. Nunca para.<\/span><\/p>\n<p style=\"text-align: justify;\"><span style=\"font-size: 16px;\">\u201c<i>Se trata de un ni\u00f1o que naci\u00f3 en el metro de Par\u00eds y jam\u00e1s sali\u00f3 de all\u00ed<\/i>\u201d. Se trata de resiliencia. Se trata de literatura. De inventar salidas. Con estilo. Con arte. Para seguir viviendo. Cuando todo se va al diablo. El metro de Par\u00eds se vuelve s\u00edmbolo. Quien a\u00fan no lo conoce igual lo sabe. Red subterr\u00e1nea del inframundo. Sus capas son infinitas. Como las de Madeleine. Como las de la Madeleine de Proust. Como las del Per\u00fa. Como las de la infancia. Como las de este libro. Libro infantil. Libro pol\u00edtico. Libro metaf\u00edsico. Libro po\u00e9tico. Libro de resistencia. El ni\u00f1o del metro se esconde parad\u00f3jicamente en el metro oscuro y f\u00e9tido de Par\u00eds para conectarse con lo m\u00e1s luminoso del ser humano, las pulsiones de vida.<span class=\"Apple-converted-space\">\u00a0<\/span><\/span><\/p>\n<p style=\"text-align: justify;\"><span style=\"font-size: 16px;\">Mientras leo <i>El ni\u00f1o del metro<\/i>, se me aparece <strong>Boris Cyrulnik<\/strong>. No hay azar.<span class=\"Apple-converted-space\">\u00a0<\/span><a href=\"http:\/\/www.debats.cat\/es\/ponentes\/boris-cyrulnik\">Boris Cyrulnik<\/a> viene de Ucrania por parte de su padre, dice que las palabras hacen sangrar la memoria (<i>\u201cLes mots font saigner la m\u00e9moire\u201d<\/i>). Que escribir es metamorfosear el dolor. Lo que significa otra manera de servirse de la palabra. Dice que hay dos memorias. La memoria traum\u00e1tica, la que no evoluciona. Pero tambi\u00e9n dice que hay una memoria sana y evolutiva, que no tiene alambres, la que hace que los militares alemanes parezcan guapos, que la sinagoga donde amontonan a los ni\u00f1os jud\u00edos antes de mandarlos a los campos de concentraci\u00f3n sea una fiesta, que los dos escalones que llevan al cuerpo de la Se\u00f1ora Blanchet, la mujer enferma que le salv\u00f3 la vida, sean escaleras del <i>cuirass\u00e9 Potemkine<\/i>; que hace que la sangre de la Se\u00f1ora Blanchet desaparezca para permitir respirar al peque\u00f1o ni\u00f1o de seis a\u00f1os. Boris Cyrulnik dice que un ser humano nace varias veces. Que del primer nacimiento nadie se acuerda, que el segundo nacer aparece con el habla, el tercero con la palabra escrita. Que la resiliencia consiste en transformar la realidad en mito, lo que no significa transformar la realidad en mentira. Que solo la palabra escrita tiene el poder de cambiar la materialidad. Que inventando, uno se vuelve de nuevo maestro de su mundo. Que la palabra oral solo permite crear una relaci\u00f3n con la realidad, pero que la palabra escrita es una apropiaci\u00f3n de su propio mundo a trav\u00e9s del pasado. El ni\u00f1o de Madeleine Truel se esconde en el metro de Par\u00eds como el ni\u00f1o Cyrulnik se esconde bajo el cuerpo moribundo y sangrando de la Se\u00f1ora Blanchet, para seguir en vida.<\/span><\/p>\n<p style=\"text-align: justify;\"><span style=\"font-size: 16px;\"><i>El ni\u00f1o del metro<\/i> me remite a muchas otras obras. Pel\u00edculas: <strong><i>La vida es bella<\/i> de Roberto Benigni<\/strong> (1997), <strong><i>Jeux interdits<\/i><\/strong> (Juegos prohibidos) de <strong>Ren\u00e9 Cl\u00e9ment<\/strong> (1952). Novelas: <strong><i>Una bolsa de canicas <\/i><\/strong>(Un sac de billes) de <strong>Joseph Joffo<\/strong> (1973). Historias vividas: aparte de las de Boris Cyrulnik, las de mis abuelas y abuelos, resistentes ambos. Historias de resiliencia, ni\u00f1os que se esconden bajo los camiones del enemigo para cruzar fronteras y logran sobrevivir. Y m\u00e1s recientemente, migrantes que se escapan de <strong>Afganist\u00e1n<\/strong> escondi\u00e9ndose detr\u00e1s de la rueda de un avi\u00f3n estadounidense, ni\u00f1os de Ucrania, etc.<span class=\"Apple-converted-space\">\u00a0<\/span><\/span><\/p>\n<p style=\"text-align: justify;\"><span style=\"font-size: 16px;\">En el libro de Madeleine el ni\u00f1o es un personaje de un cuadro de <strong>Chagall<\/strong>. Que tambi\u00e9n entre par\u00e9ntesis es de origen ucraniano. Va bailando de estaci\u00f3n en estaci\u00f3n del metro creando una ronda con los dem\u00e1s protagonistas que nacen de los nombres de las paradas. Aprendiendo de poco a poco, como en todos los cuentos de hadas, como en la vida, que lo que aparece en el camino no siempre es buen ejemplo para seguir, aunque sirva, que los nombres de las estaciones a veces enga\u00f1an, Porte Dauphine, Villiers, Marbeuf, Michel-Ange Molitor, Les Gobelins, Mouton-Duvernet, S\u00e8vre Babylone\u2026<span class=\"Apple-converted-space\">\u00a0<\/span><\/span><\/p>\n<p style=\"text-align: justify;\"><span style=\"font-size: 16px;\">Intento trazar la ruta del ni\u00f1o del metro en el mapa real de las estaciones. Buscando un sentido. Como lo har\u00eda <strong>Cort\u00e1zar<\/strong> en uno de sus cuentos. Madeleine frecuent\u00f3 a los surrealistas de hecho. \u00bfHabr\u00e1 dibujado alguna figura secreta en el camino que recoge su ni\u00f1o? Esa es otra de las miles de capas de ese libro: su dimensi\u00f3n aleg\u00f3rica. Como suele ser en las obras \u00fanicas (Madeleine nunca public\u00f3 otra), abre paso a una corriente energ\u00e9tica vital que logra transmutar lo particular en algo universal e intemporal. El ni\u00f1o del metro es algo como el prisionero de la caverna de Plat\u00f3n que logra liberarse gracias a una suerte de dial\u00e9ctica ascendente en varias etapas y gracias a sus opositores. Hay que liberar a la Mudita. Esa es la meta. La mudita en realidad es una estaci\u00f3n del metro de Par\u00eds que significa tambi\u00e9n la muda sin que ning\u00fan franc\u00e9s se haya dado cuenta. Liberar a la muda es darle el poder de la palabra. La palabra libera. Ya lo dijo Plat\u00f3n antes de Freud. Lo que me hace pensar que Madeleine estaba en la corriente. En la corriente de la luz. Es decir, de los valores m\u00e1s altos simbolizados por el sol en casi todas las culturas y que encuentra su m\u00e1xima expresi\u00f3n en el mundo de los Incas c\u00f3mo en la filosof\u00eda de las luces europeas. <strong>Madeleine era francesa, pero se sent\u00eda profundamente peruana<\/strong>.<span class=\"Apple-converted-space\">\u00a0 <\/span>Salvadora de ni\u00f1os (se uni\u00f3 al movimiento de la resistencia falsificando papeles: ahora le dicen la Schindler peruana), sanadora (pas\u00f3 su vida en prisi\u00f3n aliviando el sufrimiento ajeno contando historias del Per\u00fa (le dec\u00edan el p\u00e1jaro de las islas), sacrificada (muri\u00f3 a ra\u00edz de los maltratos de los nazis s\u00f3lo d\u00edas antes de la liberaci\u00f3n de Francia). Y tampoco es azar que al final del cuento, todos los protagonistas de la historia se vuelvan a encontrar en una gran fiesta con muchas luces en la Plaza de las Fiestas, que tambi\u00e9n es el nombre de una estaci\u00f3n del metro de Par\u00eds escondida en lo m\u00e1s oscuro de la ciudad luz.<span class=\"Apple-converted-space\">\u00a0<\/span><\/span><\/p>\n<p style=\"text-align: justify;\"><span style=\"font-size: 16px;\">Me siento realmente muy alegre por la trascendencia que logra este libro tanto en el espacio como en el tiempo, peque\u00f1o en apariencia pero que en lo m\u00e1s profundo de sus entra\u00f1as es la esencia que deber\u00edamos regalar a nuestros hijos, desde la edad m\u00e1s temprana, para ayudarlos a construir una estaci\u00f3n<span class=\"Apple-converted-space\">\u00a0 <\/span>propia en su metro interior, en donde puedan armarse de valor contra las locuras del ser.<\/span><\/p>\n<p style=\"text-align: justify;\"><span style=\"font-size: 16px;\"><b>Truel Larrabure, Madeleine. <i>El ni\u00f1o del metro,<\/i> de Madeleine. Editorial <a href=\"https:\/\/www.facebook.com\/Grafmaq\">Maquinaciones narrativa<\/a>, 2022. <\/b>Traducci\u00f3n del franc\u00e9s al espa\u00f1ol por Nataly Villena. Ilustraciones de Gabriela Quispe.<\/span><\/p>\n<hr \/>\n<p><strong><span style=\"font-family: 'trebuchet ms', geneva, sans-serif; font-size: 16px;\">Madeleine Truel\u00a0<\/span><\/strong><span style=\"font-family: 'trebuchet ms', geneva, sans-serif; font-size: 16px;\">(Lima, 1904 &#8211; Stolpe, 1945), autora franco peruana, combati\u00f3 en la resistencia francesa contra los nazis y ayud\u00f3 a esconder a muchos jud\u00edos. En 1944 fue enviada al campo de concentraci\u00f3n de Sachsenhausen, muri\u00f3 poco despu\u00e9s. <strong><em>El ni\u00f1o del metro<\/em> <\/strong>es su \u00fanico libro.<\/span><\/p>\n<p><span style=\"font-family: 'trebuchet ms', geneva, sans-serif; font-size: 16px;\"><strong><a href=\"https:\/\/lascriticas.com\/index.php\/lascriticas\/sophie-canal\/\">Acerca de Sophie Canal<\/a><\/strong><\/span><\/p>\n","protected":false},"excerpt":{"rendered":"<p>El ni\u00f1o del metro, de Madeleine Truel \u201cJ\u2019ai \u00e9t\u00e9 un enfant, je ne le suis plus. Je n\u2019en reviens pas\u201d, se sorprende Albert Cohen. \u00bfC\u00f3mo traducir la riqueza en doble sentido de aquel pensamiento sin traicionarlo? No me atrever\u00e9. Sin duda lo habr\u00e1 sabido Madeleine Truel Larrabure, quien, para escribir El ni\u00f1o del metro, se&#8230;<\/p>\n","protected":false},"author":8,"featured_media":4925,"comment_status":"open","ping_status":"open","sticky":false,"template":"","format":"standard","meta":{"footnotes":""},"categories":[43,46,37],"tags":[190,56,100,1025,63,70,50,139,1026,88,952,232,105,206,1027,96],"yoast_head":"<!-- This site is optimized with the Yoast SEO plugin v23.5 - https:\/\/yoast.com\/wordpress\/plugins\/seo\/ -->\n<title>El ni\u00f1o del metro, de Madeleine Truel - Las Cr\u00edticas<\/title>\n<meta name=\"description\" content=\"Sophie Canal escribe acerca del libro El ni\u00f1o del metro, de la escritora franco peruana y resistente al nazismo Madeleine Truel Larrabure\" \/>\n<meta name=\"robots\" content=\"index, follow, max-snippet:-1, max-image-preview:large, max-video-preview:-1\" \/>\n<link rel=\"canonical\" href=\"https:\/\/lascriticas.com\/index.php\/2022\/04\/22\/el-nino-del-metro-de-madeleine-truel\/\" \/>\n<meta property=\"og:locale\" content=\"es_ES\" \/>\n<meta property=\"og:type\" content=\"article\" \/>\n<meta property=\"og:title\" content=\"El ni\u00f1o del metro, de Madeleine Truel - Las Cr\u00edticas\" \/>\n<meta property=\"og:description\" content=\"Sophie Canal escribe acerca del libro El ni\u00f1o del metro, de la escritora franco peruana y resistente al nazismo Madeleine Truel Larrabure\" \/>\n<meta property=\"og:url\" content=\"https:\/\/lascriticas.com\/index.php\/2022\/04\/22\/el-nino-del-metro-de-madeleine-truel\/\" \/>\n<meta property=\"og:site_name\" content=\"Las Cr\u00edticas\" \/>\n<meta property=\"article:publisher\" content=\"https:\/\/www.facebook.com\/lascriticas\/\" \/>\n<meta property=\"article:published_time\" content=\"2022-04-22T14:35:00+00:00\" \/>\n<meta property=\"article:modified_time\" content=\"2022-04-23T11:48:19+00:00\" \/>\n<meta property=\"og:image\" content=\"https:\/\/lascriticas.com\/wp-content\/uploads\/2022\/04\/Madeleine.jpg\" \/>\n\t<meta property=\"og:image:width\" content=\"1080\" \/>\n\t<meta property=\"og:image:height\" content=\"530\" \/>\n\t<meta property=\"og:image:type\" content=\"image\/jpeg\" \/>\n<meta name=\"author\" content=\"Sophie Canal\" \/>\n<meta name=\"twitter:card\" content=\"summary_large_image\" \/>\n<meta name=\"twitter:creator\" content=\"@LasCriticas_com\" \/>\n<meta name=\"twitter:site\" content=\"@LasCriticas_com\" \/>\n<meta name=\"twitter:label1\" content=\"Escrito por\" \/>\n\t<meta name=\"twitter:data1\" content=\"Sophie Canal\" \/>\n\t<meta name=\"twitter:label2\" content=\"Tiempo de lectura\" \/>\n\t<meta name=\"twitter:data2\" content=\"8 minutos\" \/>\n<script type=\"application\/ld+json\" class=\"yoast-schema-graph\">{\"@context\":\"https:\/\/schema.org\",\"@graph\":[{\"@type\":\"Article\",\"@id\":\"https:\/\/lascriticas.com\/index.php\/2022\/04\/22\/el-nino-del-metro-de-madeleine-truel\/#article\",\"isPartOf\":{\"@id\":\"https:\/\/lascriticas.com\/index.php\/2022\/04\/22\/el-nino-del-metro-de-madeleine-truel\/\"},\"author\":{\"name\":\"Sophie Canal\",\"@id\":\"https:\/\/lascriticas.com\/#\/schema\/person\/e1c2e9d5ad3cbfa89fc219664619ad6e\"},\"headline\":\"El ni\u00f1o del metro, de Madeleine Truel\",\"datePublished\":\"2022-04-22T14:35:00+00:00\",\"dateModified\":\"2022-04-23T11:48:19+00:00\",\"mainEntityOfPage\":{\"@id\":\"https:\/\/lascriticas.com\/index.php\/2022\/04\/22\/el-nino-del-metro-de-madeleine-truel\/\"},\"wordCount\":1717,\"commentCount\":1,\"publisher\":{\"@id\":\"https:\/\/lascriticas.com\/#organization\"},\"image\":{\"@id\":\"https:\/\/lascriticas.com\/index.php\/2022\/04\/22\/el-nino-del-metro-de-madeleine-truel\/#primaryimage\"},\"thumbnailUrl\":\"https:\/\/lascriticas.com\/wp-content\/uploads\/2022\/04\/Madeleine.jpg\",\"keywords\":[\"ciudad\",\"cuento\",\"escritura\",\"fascismo\",\"Francia\",\"guerra\",\"infancia\",\"libertad\",\"metro\",\"mujer\",\"nazismo\",\"ni\u00f1o\",\"Par\u00eds\",\"resistencia\",\"subterr\u00e1neo\",\"surrealismo\"],\"articleSection\":[\"Ficci\u00f3n\",\"Novela gr\u00e1fica\",\"Rese\u00f1as\"],\"inLanguage\":\"es\",\"potentialAction\":[{\"@type\":\"CommentAction\",\"name\":\"Comment\",\"target\":[\"https:\/\/lascriticas.com\/index.php\/2022\/04\/22\/el-nino-del-metro-de-madeleine-truel\/#respond\"]}]},{\"@type\":\"WebPage\",\"@id\":\"https:\/\/lascriticas.com\/index.php\/2022\/04\/22\/el-nino-del-metro-de-madeleine-truel\/\",\"url\":\"https:\/\/lascriticas.com\/index.php\/2022\/04\/22\/el-nino-del-metro-de-madeleine-truel\/\",\"name\":\"El ni\u00f1o del metro, de Madeleine Truel - Las Cr\u00edticas\",\"isPartOf\":{\"@id\":\"https:\/\/lascriticas.com\/#website\"},\"primaryImageOfPage\":{\"@id\":\"https:\/\/lascriticas.com\/index.php\/2022\/04\/22\/el-nino-del-metro-de-madeleine-truel\/#primaryimage\"},\"image\":{\"@id\":\"https:\/\/lascriticas.com\/index.php\/2022\/04\/22\/el-nino-del-metro-de-madeleine-truel\/#primaryimage\"},\"thumbnailUrl\":\"https:\/\/lascriticas.com\/wp-content\/uploads\/2022\/04\/Madeleine.jpg\",\"datePublished\":\"2022-04-22T14:35:00+00:00\",\"dateModified\":\"2022-04-23T11:48:19+00:00\",\"description\":\"Sophie Canal escribe acerca del libro El ni\u00f1o del metro, de la escritora franco peruana y resistente al nazismo Madeleine Truel Larrabure\",\"breadcrumb\":{\"@id\":\"https:\/\/lascriticas.com\/index.php\/2022\/04\/22\/el-nino-del-metro-de-madeleine-truel\/#breadcrumb\"},\"inLanguage\":\"es\",\"potentialAction\":[{\"@type\":\"ReadAction\",\"target\":[\"https:\/\/lascriticas.com\/index.php\/2022\/04\/22\/el-nino-del-metro-de-madeleine-truel\/\"]}]},{\"@type\":\"ImageObject\",\"inLanguage\":\"es\",\"@id\":\"https:\/\/lascriticas.com\/index.php\/2022\/04\/22\/el-nino-del-metro-de-madeleine-truel\/#primaryimage\",\"url\":\"https:\/\/lascriticas.com\/wp-content\/uploads\/2022\/04\/Madeleine.jpg\",\"contentUrl\":\"https:\/\/lascriticas.com\/wp-content\/uploads\/2022\/04\/Madeleine.jpg\",\"width\":1080,\"height\":530},{\"@type\":\"BreadcrumbList\",\"@id\":\"https:\/\/lascriticas.com\/index.php\/2022\/04\/22\/el-nino-del-metro-de-madeleine-truel\/#breadcrumb\",\"itemListElement\":[{\"@type\":\"ListItem\",\"position\":1,\"name\":\"Inicio\",\"item\":\"https:\/\/lascriticas.com\/\"},{\"@type\":\"ListItem\",\"position\":2,\"name\":\"El ni\u00f1o del metro, de Madeleine Truel\"}]},{\"@type\":\"WebSite\",\"@id\":\"https:\/\/lascriticas.com\/#website\",\"url\":\"https:\/\/lascriticas.com\/\",\"name\":\"Las Cr\u00edticas\",\"description\":\"Cr\u00edtica literaria hecha por mujeres\",\"publisher\":{\"@id\":\"https:\/\/lascriticas.com\/#organization\"},\"potentialAction\":[{\"@type\":\"SearchAction\",\"target\":{\"@type\":\"EntryPoint\",\"urlTemplate\":\"https:\/\/lascriticas.com\/?s={search_term_string}\"},\"query-input\":{\"@type\":\"PropertyValueSpecification\",\"valueRequired\":true,\"valueName\":\"search_term_string\"}}],\"inLanguage\":\"es\"},{\"@type\":\"Organization\",\"@id\":\"https:\/\/lascriticas.com\/#organization\",\"name\":\"Las Cr\u00edticas\",\"url\":\"https:\/\/lascriticas.com\/\",\"logo\":{\"@type\":\"ImageObject\",\"inLanguage\":\"es\",\"@id\":\"https:\/\/lascriticas.com\/#\/schema\/logo\/image\/\",\"url\":\"https:\/\/lascriticas.com\/wp-content\/uploads\/2016\/09\/Las-Cr\u00edticas.png\",\"contentUrl\":\"https:\/\/lascriticas.com\/wp-content\/uploads\/2016\/09\/Las-Cr\u00edticas.png\",\"width\":372,\"height\":201,\"caption\":\"Las Cr\u00edticas\"},\"image\":{\"@id\":\"https:\/\/lascriticas.com\/#\/schema\/logo\/image\/\"},\"sameAs\":[\"https:\/\/www.facebook.com\/lascriticas\/\",\"https:\/\/x.com\/LasCriticas_com\",\"https:\/\/www.instagram.com\/lascriticas_com\/\",\"https:\/\/www.youtube.com\/channel\/UCd7r-H6EJA4sSXGLX33_iHQ\"]},{\"@type\":\"Person\",\"@id\":\"https:\/\/lascriticas.com\/#\/schema\/person\/e1c2e9d5ad3cbfa89fc219664619ad6e\",\"name\":\"Sophie Canal\",\"image\":{\"@type\":\"ImageObject\",\"inLanguage\":\"es\",\"@id\":\"https:\/\/lascriticas.com\/#\/schema\/person\/image\/\",\"url\":\"https:\/\/secure.gravatar.com\/avatar\/3d268c6358441809b7091972428cb7a8?s=96&d=mm&r=g\",\"contentUrl\":\"https:\/\/secure.gravatar.com\/avatar\/3d268c6358441809b7091972428cb7a8?s=96&d=mm&r=g\",\"caption\":\"Sophie Canal\"},\"url\":\"https:\/\/lascriticas.com\/index.php\/author\/sophie-canal\/\"}]}<\/script>\n<!-- \/ Yoast SEO plugin. -->","yoast_head_json":{"title":"El ni\u00f1o del metro, de Madeleine Truel - Las Cr\u00edticas","description":"Sophie Canal escribe acerca del libro El ni\u00f1o del metro, de la escritora franco peruana y resistente al nazismo Madeleine Truel Larrabure","robots":{"index":"index","follow":"follow","max-snippet":"max-snippet:-1","max-image-preview":"max-image-preview:large","max-video-preview":"max-video-preview:-1"},"canonical":"https:\/\/lascriticas.com\/index.php\/2022\/04\/22\/el-nino-del-metro-de-madeleine-truel\/","og_locale":"es_ES","og_type":"article","og_title":"El ni\u00f1o del metro, de Madeleine Truel - Las Cr\u00edticas","og_description":"Sophie Canal escribe acerca del libro El ni\u00f1o del metro, de la escritora franco peruana y resistente al nazismo Madeleine Truel Larrabure","og_url":"https:\/\/lascriticas.com\/index.php\/2022\/04\/22\/el-nino-del-metro-de-madeleine-truel\/","og_site_name":"Las Cr\u00edticas","article_publisher":"https:\/\/www.facebook.com\/lascriticas\/","article_published_time":"2022-04-22T14:35:00+00:00","article_modified_time":"2022-04-23T11:48:19+00:00","og_image":[{"width":1080,"height":530,"url":"https:\/\/lascriticas.com\/wp-content\/uploads\/2022\/04\/Madeleine.jpg","type":"image\/jpeg"}],"author":"Sophie Canal","twitter_card":"summary_large_image","twitter_creator":"@LasCriticas_com","twitter_site":"@LasCriticas_com","twitter_misc":{"Escrito por":"Sophie Canal","Tiempo de lectura":"8 minutos"},"schema":{"@context":"https:\/\/schema.org","@graph":[{"@type":"Article","@id":"https:\/\/lascriticas.com\/index.php\/2022\/04\/22\/el-nino-del-metro-de-madeleine-truel\/#article","isPartOf":{"@id":"https:\/\/lascriticas.com\/index.php\/2022\/04\/22\/el-nino-del-metro-de-madeleine-truel\/"},"author":{"name":"Sophie Canal","@id":"https:\/\/lascriticas.com\/#\/schema\/person\/e1c2e9d5ad3cbfa89fc219664619ad6e"},"headline":"El ni\u00f1o del metro, de Madeleine Truel","datePublished":"2022-04-22T14:35:00+00:00","dateModified":"2022-04-23T11:48:19+00:00","mainEntityOfPage":{"@id":"https:\/\/lascriticas.com\/index.php\/2022\/04\/22\/el-nino-del-metro-de-madeleine-truel\/"},"wordCount":1717,"commentCount":1,"publisher":{"@id":"https:\/\/lascriticas.com\/#organization"},"image":{"@id":"https:\/\/lascriticas.com\/index.php\/2022\/04\/22\/el-nino-del-metro-de-madeleine-truel\/#primaryimage"},"thumbnailUrl":"https:\/\/lascriticas.com\/wp-content\/uploads\/2022\/04\/Madeleine.jpg","keywords":["ciudad","cuento","escritura","fascismo","Francia","guerra","infancia","libertad","metro","mujer","nazismo","ni\u00f1o","Par\u00eds","resistencia","subterr\u00e1neo","surrealismo"],"articleSection":["Ficci\u00f3n","Novela gr\u00e1fica","Rese\u00f1as"],"inLanguage":"es","potentialAction":[{"@type":"CommentAction","name":"Comment","target":["https:\/\/lascriticas.com\/index.php\/2022\/04\/22\/el-nino-del-metro-de-madeleine-truel\/#respond"]}]},{"@type":"WebPage","@id":"https:\/\/lascriticas.com\/index.php\/2022\/04\/22\/el-nino-del-metro-de-madeleine-truel\/","url":"https:\/\/lascriticas.com\/index.php\/2022\/04\/22\/el-nino-del-metro-de-madeleine-truel\/","name":"El ni\u00f1o del metro, de Madeleine Truel - Las Cr\u00edticas","isPartOf":{"@id":"https:\/\/lascriticas.com\/#website"},"primaryImageOfPage":{"@id":"https:\/\/lascriticas.com\/index.php\/2022\/04\/22\/el-nino-del-metro-de-madeleine-truel\/#primaryimage"},"image":{"@id":"https:\/\/lascriticas.com\/index.php\/2022\/04\/22\/el-nino-del-metro-de-madeleine-truel\/#primaryimage"},"thumbnailUrl":"https:\/\/lascriticas.com\/wp-content\/uploads\/2022\/04\/Madeleine.jpg","datePublished":"2022-04-22T14:35:00+00:00","dateModified":"2022-04-23T11:48:19+00:00","description":"Sophie Canal escribe acerca del libro El ni\u00f1o del metro, de la escritora franco peruana y resistente al nazismo Madeleine Truel Larrabure","breadcrumb":{"@id":"https:\/\/lascriticas.com\/index.php\/2022\/04\/22\/el-nino-del-metro-de-madeleine-truel\/#breadcrumb"},"inLanguage":"es","potentialAction":[{"@type":"ReadAction","target":["https:\/\/lascriticas.com\/index.php\/2022\/04\/22\/el-nino-del-metro-de-madeleine-truel\/"]}]},{"@type":"ImageObject","inLanguage":"es","@id":"https:\/\/lascriticas.com\/index.php\/2022\/04\/22\/el-nino-del-metro-de-madeleine-truel\/#primaryimage","url":"https:\/\/lascriticas.com\/wp-content\/uploads\/2022\/04\/Madeleine.jpg","contentUrl":"https:\/\/lascriticas.com\/wp-content\/uploads\/2022\/04\/Madeleine.jpg","width":1080,"height":530},{"@type":"BreadcrumbList","@id":"https:\/\/lascriticas.com\/index.php\/2022\/04\/22\/el-nino-del-metro-de-madeleine-truel\/#breadcrumb","itemListElement":[{"@type":"ListItem","position":1,"name":"Inicio","item":"https:\/\/lascriticas.com\/"},{"@type":"ListItem","position":2,"name":"El ni\u00f1o del metro, de Madeleine Truel"}]},{"@type":"WebSite","@id":"https:\/\/lascriticas.com\/#website","url":"https:\/\/lascriticas.com\/","name":"Las Cr\u00edticas","description":"Cr\u00edtica literaria hecha por mujeres","publisher":{"@id":"https:\/\/lascriticas.com\/#organization"},"potentialAction":[{"@type":"SearchAction","target":{"@type":"EntryPoint","urlTemplate":"https:\/\/lascriticas.com\/?s={search_term_string}"},"query-input":{"@type":"PropertyValueSpecification","valueRequired":true,"valueName":"search_term_string"}}],"inLanguage":"es"},{"@type":"Organization","@id":"https:\/\/lascriticas.com\/#organization","name":"Las Cr\u00edticas","url":"https:\/\/lascriticas.com\/","logo":{"@type":"ImageObject","inLanguage":"es","@id":"https:\/\/lascriticas.com\/#\/schema\/logo\/image\/","url":"https:\/\/lascriticas.com\/wp-content\/uploads\/2016\/09\/Las-Cr\u00edticas.png","contentUrl":"https:\/\/lascriticas.com\/wp-content\/uploads\/2016\/09\/Las-Cr\u00edticas.png","width":372,"height":201,"caption":"Las Cr\u00edticas"},"image":{"@id":"https:\/\/lascriticas.com\/#\/schema\/logo\/image\/"},"sameAs":["https:\/\/www.facebook.com\/lascriticas\/","https:\/\/x.com\/LasCriticas_com","https:\/\/www.instagram.com\/lascriticas_com\/","https:\/\/www.youtube.com\/channel\/UCd7r-H6EJA4sSXGLX33_iHQ"]},{"@type":"Person","@id":"https:\/\/lascriticas.com\/#\/schema\/person\/e1c2e9d5ad3cbfa89fc219664619ad6e","name":"Sophie Canal","image":{"@type":"ImageObject","inLanguage":"es","@id":"https:\/\/lascriticas.com\/#\/schema\/person\/image\/","url":"https:\/\/secure.gravatar.com\/avatar\/3d268c6358441809b7091972428cb7a8?s=96&d=mm&r=g","contentUrl":"https:\/\/secure.gravatar.com\/avatar\/3d268c6358441809b7091972428cb7a8?s=96&d=mm&r=g","caption":"Sophie Canal"},"url":"https:\/\/lascriticas.com\/index.php\/author\/sophie-canal\/"}]}},"_links":{"self":[{"href":"https:\/\/lascriticas.com\/index.php\/wp-json\/wp\/v2\/posts\/4917"}],"collection":[{"href":"https:\/\/lascriticas.com\/index.php\/wp-json\/wp\/v2\/posts"}],"about":[{"href":"https:\/\/lascriticas.com\/index.php\/wp-json\/wp\/v2\/types\/post"}],"author":[{"embeddable":true,"href":"https:\/\/lascriticas.com\/index.php\/wp-json\/wp\/v2\/users\/8"}],"replies":[{"embeddable":true,"href":"https:\/\/lascriticas.com\/index.php\/wp-json\/wp\/v2\/comments?post=4917"}],"version-history":[{"count":8,"href":"https:\/\/lascriticas.com\/index.php\/wp-json\/wp\/v2\/posts\/4917\/revisions"}],"predecessor-version":[{"id":4927,"href":"https:\/\/lascriticas.com\/index.php\/wp-json\/wp\/v2\/posts\/4917\/revisions\/4927"}],"wp:featuredmedia":[{"embeddable":true,"href":"https:\/\/lascriticas.com\/index.php\/wp-json\/wp\/v2\/media\/4925"}],"wp:attachment":[{"href":"https:\/\/lascriticas.com\/index.php\/wp-json\/wp\/v2\/media?parent=4917"}],"wp:term":[{"taxonomy":"category","embeddable":true,"href":"https:\/\/lascriticas.com\/index.php\/wp-json\/wp\/v2\/categories?post=4917"},{"taxonomy":"post_tag","embeddable":true,"href":"https:\/\/lascriticas.com\/index.php\/wp-json\/wp\/v2\/tags?post=4917"}],"curies":[{"name":"wp","href":"https:\/\/api.w.org\/{rel}","templated":true}]}}