{"id":4863,"date":"2022-04-16T16:31:59","date_gmt":"2022-04-16T14:31:59","guid":{"rendered":"https:\/\/lascriticas.com\/?p=4863"},"modified":"2022-04-23T13:33:33","modified_gmt":"2022-04-23T11:33:33","slug":"canto-a-la-hoja-que-cae-de-ursula-alvarado","status":"publish","type":"post","link":"https:\/\/lascriticas.com\/index.php\/2022\/04\/16\/canto-a-la-hoja-que-cae-de-ursula-alvarado\/","title":{"rendered":"Canto a la hoja que cae, de \u00darsula Alvarado"},"content":{"rendered":"<h1><span style=\"font-size: 20px;\">Albricias contra la muerte. Una lectura de Canto a la hoja que cae de \u00darsula Alvarado<\/span><\/h1>\n<p style=\"text-align: justify;\"><span style=\"font-size: 16px;\">El oto\u00f1o presume de su propia m\u00fasica, sus propios ruidos y silencios. As\u00ed mismo la convalecencia, el dolor f\u00edsico, los hospitales tambi\u00e9n tienen su propia m\u00fasica y sus propias palabras.<\/span><\/p>\n<p style=\"text-align: justify;\"><span style=\"font-size: 16px;\">He tenido la suerte de conocer la urdimbre con la que \u00darsula Alvarado teje su voz po\u00e9tica, porque hemos realizado juntas un trabajo de conexi\u00f3n entre varios aspectos de la literatura, la enfermedad y una propuesta comunicativa. Pens\u00e9 que ese aspecto de \u201crespeto est\u00e9tico\u201d facilitar\u00eda adentrarme en la lectura de su hermosa arquitectura oto\u00f1al. No ha sido as\u00ed, creo que por dos razones: dif\u00edcilmente he podido separar la gestora cultural de la artista que pretende hacernos o\u00edr el sonido exacto desde que una hoja se descuelga de su fr\u00e1gil rama, lista para el encuentro con otras formas del mundo.<\/span><\/p>\n<p style=\"text-align: justify;\"><span style=\"font-size: 16px;\"><a href=\"https:\/\/lascriticas.com\/wp-content\/uploads\/2022\/03\/portada-canto-a-la-hoja-que-cae.webp\"><img loading=\"lazy\" decoding=\"async\" class=\"aligncenter size-full wp-image-4865\" src=\"https:\/\/lascriticas.com\/wp-content\/uploads\/2022\/03\/portada-canto-a-la-hoja-que-cae.webp\" alt=\"\" width=\"306\" height=\"447\" \/><\/a><\/span><\/p>\n<p style=\"text-align: justify;\"><span style=\"font-size: 16px;\">Ha sido trabajoso tambi\u00e9n separar la voz po\u00e9tica de la simbolog\u00eda animal y clim\u00e1tica, que no dejan sopesar con facilidad hasta donde la jerarqu\u00eda de la belleza pretende esconder la violenta ra\u00edz de diversas simbiosis femeninas.<\/span><\/p>\n<p style=\"text-align: justify;\"><span style=\"font-size: 16px;\">Caer de la rama, no es morir. Como tampoco estar hospitalizado, doliente o expectante es ser ese \u201clupus an\u00f3malo\u201d, con resentimiento y rabia por su marginalidad, que la Civitas pretende esconder en nosocomios, cuando por alguna raz\u00f3n el cuerpo se duele.<\/span><\/p>\n<p style=\"text-align: justify;\"><span style=\"font-size: 16px;\">Cualquier ser vivo, sea animal, vegetal o en el caso m\u00e1s palpable el sapiens, se duele cuando se transforma y comienza a emitir sonidos diferentes a los de su especie. En el proceso de transformaci\u00f3n, ya sea albergando otro ser vivo, llevando otra luz, otras entidades que le compelen hacia una nueva vitalidad, los procesos dentro de ese ser al desengranarse de su matriz original, consiguen que se verbalicen, semienten y emitan otras tonalidades, hasta aullidos que en un estado de complacencia dif\u00edcilmente se podr\u00edan conseguir.<\/span><\/p>\n<p style=\"text-align: justify;\"><span style=\"font-size: 16px;\">Aun sostienen algunos estudiosos del discurso po\u00e9tico que la gran poiesis es la metamorfosis del pathos iluminada por los dioses. Pues en este conjunto de poemas, cada mega mil\u00edmetro de distancia, desde que la hoja decide abandonar la rama para tornarse cientos de posibilidades aur\u00edferas por su luminosidad o esa alegor\u00eda al Lupus, la jefa alpha de una manada que es comandada en este conjunto de versos por una loba\u2026 La voz po\u00e9tica quiere definitivamente instalarse como la gu\u00eda de toda esa incertidumbre oto\u00f1al, transformadora, tanto de la enfermedad a la salud, de la muerte a la vida, de la gravidez a traer un nuevo ser al mundo y sobre todo, reconoci\u00e9ndose loba en este caso, necesita ser la que contiene a la manada para resguardarla; y no hay mejor manera de contener al reba\u00f1o que prometi\u00e9ndole estabilidad y sanidad a trav\u00e9s del restablecimiento de lo fragmentado,<\/span><\/p>\n<p style=\"text-align: justify;\"><span style=\"font-size: 16px;\">En \u201cConfesi\u00f3n\u201d, encuentro un ars po\u00e9tica muy esclarecedora del proceso transformador y contenedor de todo el poemario:<\/span><\/p>\n<p style=\"text-align: justify;\"><span style=\"font-size: 16px;\"><em>\u00abMe desarman cosas sencillas<\/em><\/span><\/p>\n<p style=\"text-align: justify;\"><span style=\"font-size: 16px;\"><em>tras haber llevado el mundo en la espalda.<\/em><\/span><\/p>\n<p style=\"text-align: justify;\"><span style=\"font-size: 16px;\"><em>Confieso, el dolor persiste.<\/em><\/span><\/p>\n<p style=\"text-align: justify;\"><span style=\"font-size: 16px;\"><em>La cicl\u00f3pea dimensi\u00f3n de mi hu\u00e9sped me confunde<\/em><\/span><\/p>\n<p style=\"text-align: justify;\"><span style=\"font-size: 16px;\"><em>\u00a0 \u00a0 \u00a0 \u00a0 \u00a0 \u00a0 \u00a0 \u00a0 \u00a0 \u00a0 \u00a0 \u00a0 \u00a0 \u00a0 \u00a0 \u00a0 \u00a0 \u00a0 \u00a0 \u00a0 \u00a0 \u00a0 \u00a0 \u00a0 \u00a0 \u00a0 \u00a0 \u00a0 \u00a0 \u00a0 \u00a0 \u00a0 \u00a0 \u00a0 \u00a0 \u00a0 \u00a0 \u00a0 \u00a0\u00e9l adolece de m\u00ed.<\/em><\/span><\/p>\n<p style=\"text-align: justify;\"><span style=\"font-size: 16px;\"><em>Un cuerpo mil veces mordido no sirve de met\u00e1fora,<\/em><\/span><\/p>\n<p style=\"text-align: justify;\"><span style=\"font-size: 16px;\"><em>mis cabellos han hibernado y crecido como \u00e1speras ramas plateadas.<\/em><\/span><\/p>\n<p style=\"text-align: justify;\"><span style=\"font-size: 16px;\"><em>Mi andar no derrama n\u00e9ctar ni perfume<\/em><\/span><\/p>\n<p style=\"text-align: justify;\"><span style=\"font-size: 16px;\"><em>sin embargo, me rodean moscas ciegas<\/em><\/span><\/p>\n<p style=\"text-align: justify;\"><span style=\"font-size: 16px;\"><em>que no encuentran d\u00f3nde posarse.<\/em><\/span><\/p>\n<p style=\"text-align: justify;\"><span style=\"font-size: 16px;\"><em>Este ser que se destensa<\/em><\/span><\/p>\n<p style=\"text-align: justify;\"><span style=\"font-size: 16px;\"><em>defiende su derecho de proclamarse rosa\u2026\u00bb<\/em><\/span><\/p>\n<p style=\"text-align: justify;\"><span style=\"font-size: 16px;\">La hoja ha cantado al caer, la ca\u00edda permitir\u00e1 la elaboraci\u00f3n de \u201cla rosa\u201d, como ep\u00edtome final y en paralelo la Loba protectora ha hecho uso de todos los artificios y capacidades para la restauraci\u00f3n de su especie y del espacio.\u00a0 \u201cKintsugi\u201d, es una pedagog\u00eda donde se suman oto\u00f1o y primavera, pues \u00a0acaba derramando el oro que la\u00a0 alquimia po\u00e9tica \u00a0ha sido capaz de crear a pulso en un tremendo acto de voluntad de sobrevivir al dolor .Loba y voluntad \u00a0salen ganadoras\u00a0 del \u00a0combate vital\u00a0 contra \u00a0fuerzas tan\u00e1ticas \u00a0y\u00a0 se declaran vencedoras ante la hiperqu\u00edmica\u00a0 de los hospitales o el silencio de la manada que\u00a0 ausculta acechante la maternidad fortalecida de quien nunca abandonar\u00e1 sus criaturas aunque hayan desalojado\u00a0 la matriz original.<\/span><\/p>\n<p><span style=\"font-family: georgia, palatino, serif; font-size: 16px;\"><strong>Alvarado, Ursula. <em>Canto a la hoja que cae.\u00a0<\/em><\/strong>Hanan Harawi, 2021.<\/span><\/p>\n<hr \/>\n<p style=\"text-align: justify;\"><span style=\"font-family: 'trebuchet ms', geneva, sans-serif; font-size: 16px;\"><strong>\u00darsula Alvarado Noblecilla (Lima, 1979) <\/strong>es l<\/span><span style=\"font-family: 'trebuchet ms', geneva, sans-serif; font-size: 16px;\">icenciada en Administraci\u00f3n de Turismo (UNMSM), gestora cultural, ilustradora y escritora. Ha publicado en poes\u00eda <strong>Metamorfosis Inversa <\/strong>(Vag\u00f3n Azul Editores, 2015) y <strong>Canto a la hoja que cae<\/strong> (Hanan Harawi Editores, 2021). Ha escrito el guion del video experimental \u00ab<strong>Una ciudad como yo<\/strong>\u00bb, preludio de un ensayo sobre escritoras, poes\u00eda y espacio p\u00fablico.<\/span><\/p>\n<p style=\"text-align: justify;\"><span style=\"font-family: 'trebuchet ms', geneva, sans-serif; font-size: 16px;\">Desde 2018, dirige la Asociaci\u00f3n Cultural <strong>Poes\u00eda en la ciudad<\/strong>.<\/span><\/p>\n<p><a href=\"https:\/\/lascriticas.com\/index.php\/lascriticas\/julia-wong\/\"><span style=\"font-size: 16px; font-family: 'trebuchet ms', geneva, sans-serif;\"><strong>Acerca de Julia Wong<\/strong><\/span><\/a><\/p>\n","protected":false},"excerpt":{"rendered":"<p>Albricias contra la muerte. Una lectura de Canto a la hoja que cae de \u00darsula Alvarado El oto\u00f1o presume de su propia m\u00fasica, sus propios ruidos y silencios. As\u00ed mismo la convalecencia, el dolor f\u00edsico, los hospitales tambi\u00e9n tienen su propia m\u00fasica y sus propias palabras. He tenido la suerte de conocer la urdimbre con&#8230;<\/p>\n","protected":false},"author":12,"featured_media":4939,"comment_status":"open","ping_status":"open","sticky":false,"template":"","format":"standard","meta":{"footnotes":""},"categories":[45,37],"tags":[1020,185,85,88,163,55,108,1019],"yoast_head":"<!-- This site is optimized with the Yoast SEO plugin v23.5 - https:\/\/yoast.com\/wordpress\/plugins\/seo\/ -->\n<title>Canto a la hoja que cae, de \u00darsula Alvarado - Las Cr\u00edticas<\/title>\n<meta name=\"description\" content=\"Albricias contra la muerte. Una lectura de Canto a la hoja que cae de \u00darsula Alvarado El oto\u00f1o presume de su propia m\u00fasica, sus propios ruidos y Julia Wong escribe sobre el poemario Canto a la hoja que cae de \u00darsula Alvarado Noblecilla\" \/>\n<meta name=\"robots\" content=\"index, follow, max-snippet:-1, max-image-preview:large, max-video-preview:-1\" \/>\n<link rel=\"canonical\" href=\"https:\/\/lascriticas.com\/index.php\/2022\/04\/16\/canto-a-la-hoja-que-cae-de-ursula-alvarado\/\" \/>\n<meta property=\"og:locale\" content=\"es_ES\" \/>\n<meta property=\"og:type\" content=\"article\" \/>\n<meta property=\"og:title\" content=\"Canto a la hoja que cae, de \u00darsula Alvarado - Las Cr\u00edticas\" \/>\n<meta property=\"og:description\" content=\"Albricias contra la muerte. Una lectura de Canto a la hoja que cae de \u00darsula Alvarado El oto\u00f1o presume de su propia m\u00fasica, sus propios ruidos y Julia Wong escribe sobre el poemario Canto a la hoja que cae de \u00darsula Alvarado Noblecilla\" \/>\n<meta property=\"og:url\" content=\"https:\/\/lascriticas.com\/index.php\/2022\/04\/16\/canto-a-la-hoja-que-cae-de-ursula-alvarado\/\" \/>\n<meta property=\"og:site_name\" content=\"Las Cr\u00edticas\" \/>\n<meta property=\"article:publisher\" content=\"https:\/\/www.facebook.com\/lascriticas\/\" \/>\n<meta property=\"article:published_time\" content=\"2022-04-16T14:31:59+00:00\" \/>\n<meta property=\"article:modified_time\" content=\"2022-04-23T11:33:33+00:00\" \/>\n<meta property=\"og:image\" content=\"https:\/\/lascriticas.com\/wp-content\/uploads\/2022\/04\/Ursula-Alvarado.jpg\" \/>\n\t<meta property=\"og:image:width\" content=\"1080\" \/>\n\t<meta property=\"og:image:height\" content=\"530\" \/>\n\t<meta property=\"og:image:type\" content=\"image\/jpeg\" \/>\n<meta name=\"author\" content=\"Julia Wong\" \/>\n<meta name=\"twitter:card\" content=\"summary_large_image\" \/>\n<meta name=\"twitter:creator\" content=\"@LasCriticas_com\" \/>\n<meta name=\"twitter:site\" content=\"@LasCriticas_com\" \/>\n<meta name=\"twitter:label1\" content=\"Escrito por\" \/>\n\t<meta name=\"twitter:data1\" content=\"Julia Wong\" \/>\n\t<meta name=\"twitter:label2\" content=\"Tiempo de lectura\" \/>\n\t<meta name=\"twitter:data2\" content=\"4 minutos\" \/>\n<script type=\"application\/ld+json\" class=\"yoast-schema-graph\">{\"@context\":\"https:\/\/schema.org\",\"@graph\":[{\"@type\":\"Article\",\"@id\":\"https:\/\/lascriticas.com\/index.php\/2022\/04\/16\/canto-a-la-hoja-que-cae-de-ursula-alvarado\/#article\",\"isPartOf\":{\"@id\":\"https:\/\/lascriticas.com\/index.php\/2022\/04\/16\/canto-a-la-hoja-que-cae-de-ursula-alvarado\/\"},\"author\":{\"name\":\"Julia Wong\",\"@id\":\"https:\/\/lascriticas.com\/#\/schema\/person\/1a1d1da1e273ed112607e61092386186\"},\"headline\":\"Canto a la hoja que cae, de \u00darsula Alvarado\",\"datePublished\":\"2022-04-16T14:31:59+00:00\",\"dateModified\":\"2022-04-23T11:33:33+00:00\",\"mainEntityOfPage\":{\"@id\":\"https:\/\/lascriticas.com\/index.php\/2022\/04\/16\/canto-a-la-hoja-que-cae-de-ursula-alvarado\/\"},\"wordCount\":819,\"commentCount\":0,\"publisher\":{\"@id\":\"https:\/\/lascriticas.com\/#organization\"},\"image\":{\"@id\":\"https:\/\/lascriticas.com\/index.php\/2022\/04\/16\/canto-a-la-hoja-que-cae-de-ursula-alvarado\/#primaryimage\"},\"thumbnailUrl\":\"https:\/\/lascriticas.com\/wp-content\/uploads\/2022\/04\/Ursula-Alvarado.jpg\",\"keywords\":[\"Hanan Harawi\",\"literatura\",\"lo femenino\",\"mujer\",\"naturaleza\",\"poes\u00eda\",\"sociedad\",\"\u00darsula Alvarado Noblecilla\"],\"articleSection\":[\"Poes\u00eda\",\"Rese\u00f1as\"],\"inLanguage\":\"es\",\"potentialAction\":[{\"@type\":\"CommentAction\",\"name\":\"Comment\",\"target\":[\"https:\/\/lascriticas.com\/index.php\/2022\/04\/16\/canto-a-la-hoja-que-cae-de-ursula-alvarado\/#respond\"]}]},{\"@type\":\"WebPage\",\"@id\":\"https:\/\/lascriticas.com\/index.php\/2022\/04\/16\/canto-a-la-hoja-que-cae-de-ursula-alvarado\/\",\"url\":\"https:\/\/lascriticas.com\/index.php\/2022\/04\/16\/canto-a-la-hoja-que-cae-de-ursula-alvarado\/\",\"name\":\"Canto a la hoja que cae, de \u00darsula Alvarado - Las Cr\u00edticas\",\"isPartOf\":{\"@id\":\"https:\/\/lascriticas.com\/#website\"},\"primaryImageOfPage\":{\"@id\":\"https:\/\/lascriticas.com\/index.php\/2022\/04\/16\/canto-a-la-hoja-que-cae-de-ursula-alvarado\/#primaryimage\"},\"image\":{\"@id\":\"https:\/\/lascriticas.com\/index.php\/2022\/04\/16\/canto-a-la-hoja-que-cae-de-ursula-alvarado\/#primaryimage\"},\"thumbnailUrl\":\"https:\/\/lascriticas.com\/wp-content\/uploads\/2022\/04\/Ursula-Alvarado.jpg\",\"datePublished\":\"2022-04-16T14:31:59+00:00\",\"dateModified\":\"2022-04-23T11:33:33+00:00\",\"description\":\"Albricias contra la muerte. Una lectura de Canto a la hoja que cae de \u00darsula Alvarado El oto\u00f1o presume de su propia m\u00fasica, sus propios ruidos y Julia Wong escribe sobre el poemario Canto a la hoja que cae de \u00darsula Alvarado Noblecilla\",\"breadcrumb\":{\"@id\":\"https:\/\/lascriticas.com\/index.php\/2022\/04\/16\/canto-a-la-hoja-que-cae-de-ursula-alvarado\/#breadcrumb\"},\"inLanguage\":\"es\",\"potentialAction\":[{\"@type\":\"ReadAction\",\"target\":[\"https:\/\/lascriticas.com\/index.php\/2022\/04\/16\/canto-a-la-hoja-que-cae-de-ursula-alvarado\/\"]}]},{\"@type\":\"ImageObject\",\"inLanguage\":\"es\",\"@id\":\"https:\/\/lascriticas.com\/index.php\/2022\/04\/16\/canto-a-la-hoja-que-cae-de-ursula-alvarado\/#primaryimage\",\"url\":\"https:\/\/lascriticas.com\/wp-content\/uploads\/2022\/04\/Ursula-Alvarado.jpg\",\"contentUrl\":\"https:\/\/lascriticas.com\/wp-content\/uploads\/2022\/04\/Ursula-Alvarado.jpg\",\"width\":1080,\"height\":530},{\"@type\":\"BreadcrumbList\",\"@id\":\"https:\/\/lascriticas.com\/index.php\/2022\/04\/16\/canto-a-la-hoja-que-cae-de-ursula-alvarado\/#breadcrumb\",\"itemListElement\":[{\"@type\":\"ListItem\",\"position\":1,\"name\":\"Inicio\",\"item\":\"https:\/\/lascriticas.com\/\"},{\"@type\":\"ListItem\",\"position\":2,\"name\":\"Canto a la hoja que cae, de \u00darsula Alvarado\"}]},{\"@type\":\"WebSite\",\"@id\":\"https:\/\/lascriticas.com\/#website\",\"url\":\"https:\/\/lascriticas.com\/\",\"name\":\"Las Cr\u00edticas\",\"description\":\"Cr\u00edtica literaria hecha por mujeres\",\"publisher\":{\"@id\":\"https:\/\/lascriticas.com\/#organization\"},\"potentialAction\":[{\"@type\":\"SearchAction\",\"target\":{\"@type\":\"EntryPoint\",\"urlTemplate\":\"https:\/\/lascriticas.com\/?s={search_term_string}\"},\"query-input\":{\"@type\":\"PropertyValueSpecification\",\"valueRequired\":true,\"valueName\":\"search_term_string\"}}],\"inLanguage\":\"es\"},{\"@type\":\"Organization\",\"@id\":\"https:\/\/lascriticas.com\/#organization\",\"name\":\"Las Cr\u00edticas\",\"url\":\"https:\/\/lascriticas.com\/\",\"logo\":{\"@type\":\"ImageObject\",\"inLanguage\":\"es\",\"@id\":\"https:\/\/lascriticas.com\/#\/schema\/logo\/image\/\",\"url\":\"https:\/\/lascriticas.com\/wp-content\/uploads\/2016\/09\/Las-Cr\u00edticas.png\",\"contentUrl\":\"https:\/\/lascriticas.com\/wp-content\/uploads\/2016\/09\/Las-Cr\u00edticas.png\",\"width\":372,\"height\":201,\"caption\":\"Las Cr\u00edticas\"},\"image\":{\"@id\":\"https:\/\/lascriticas.com\/#\/schema\/logo\/image\/\"},\"sameAs\":[\"https:\/\/www.facebook.com\/lascriticas\/\",\"https:\/\/x.com\/LasCriticas_com\",\"https:\/\/www.instagram.com\/lascriticas_com\/\",\"https:\/\/www.youtube.com\/channel\/UCd7r-H6EJA4sSXGLX33_iHQ\"]},{\"@type\":\"Person\",\"@id\":\"https:\/\/lascriticas.com\/#\/schema\/person\/1a1d1da1e273ed112607e61092386186\",\"name\":\"Julia Wong\",\"image\":{\"@type\":\"ImageObject\",\"inLanguage\":\"es\",\"@id\":\"https:\/\/lascriticas.com\/#\/schema\/person\/image\/\",\"url\":\"https:\/\/secure.gravatar.com\/avatar\/d513dc4e3f6b0bec1dfed5d367952e0a?s=96&d=mm&r=g\",\"contentUrl\":\"https:\/\/secure.gravatar.com\/avatar\/d513dc4e3f6b0bec1dfed5d367952e0a?s=96&d=mm&r=g\",\"caption\":\"Julia Wong\"},\"url\":\"https:\/\/lascriticas.com\/index.php\/author\/julia-wong\/\"}]}<\/script>\n<!-- \/ Yoast SEO plugin. -->","yoast_head_json":{"title":"Canto a la hoja que cae, de \u00darsula Alvarado - Las Cr\u00edticas","description":"Albricias contra la muerte. Una lectura de Canto a la hoja que cae de \u00darsula Alvarado El oto\u00f1o presume de su propia m\u00fasica, sus propios ruidos y Julia Wong escribe sobre el poemario Canto a la hoja que cae de \u00darsula Alvarado Noblecilla","robots":{"index":"index","follow":"follow","max-snippet":"max-snippet:-1","max-image-preview":"max-image-preview:large","max-video-preview":"max-video-preview:-1"},"canonical":"https:\/\/lascriticas.com\/index.php\/2022\/04\/16\/canto-a-la-hoja-que-cae-de-ursula-alvarado\/","og_locale":"es_ES","og_type":"article","og_title":"Canto a la hoja que cae, de \u00darsula Alvarado - Las Cr\u00edticas","og_description":"Albricias contra la muerte. Una lectura de Canto a la hoja que cae de \u00darsula Alvarado El oto\u00f1o presume de su propia m\u00fasica, sus propios ruidos y Julia Wong escribe sobre el poemario Canto a la hoja que cae de \u00darsula Alvarado Noblecilla","og_url":"https:\/\/lascriticas.com\/index.php\/2022\/04\/16\/canto-a-la-hoja-que-cae-de-ursula-alvarado\/","og_site_name":"Las Cr\u00edticas","article_publisher":"https:\/\/www.facebook.com\/lascriticas\/","article_published_time":"2022-04-16T14:31:59+00:00","article_modified_time":"2022-04-23T11:33:33+00:00","og_image":[{"width":1080,"height":530,"url":"https:\/\/lascriticas.com\/wp-content\/uploads\/2022\/04\/Ursula-Alvarado.jpg","type":"image\/jpeg"}],"author":"Julia Wong","twitter_card":"summary_large_image","twitter_creator":"@LasCriticas_com","twitter_site":"@LasCriticas_com","twitter_misc":{"Escrito por":"Julia Wong","Tiempo de lectura":"4 minutos"},"schema":{"@context":"https:\/\/schema.org","@graph":[{"@type":"Article","@id":"https:\/\/lascriticas.com\/index.php\/2022\/04\/16\/canto-a-la-hoja-que-cae-de-ursula-alvarado\/#article","isPartOf":{"@id":"https:\/\/lascriticas.com\/index.php\/2022\/04\/16\/canto-a-la-hoja-que-cae-de-ursula-alvarado\/"},"author":{"name":"Julia Wong","@id":"https:\/\/lascriticas.com\/#\/schema\/person\/1a1d1da1e273ed112607e61092386186"},"headline":"Canto a la hoja que cae, de \u00darsula Alvarado","datePublished":"2022-04-16T14:31:59+00:00","dateModified":"2022-04-23T11:33:33+00:00","mainEntityOfPage":{"@id":"https:\/\/lascriticas.com\/index.php\/2022\/04\/16\/canto-a-la-hoja-que-cae-de-ursula-alvarado\/"},"wordCount":819,"commentCount":0,"publisher":{"@id":"https:\/\/lascriticas.com\/#organization"},"image":{"@id":"https:\/\/lascriticas.com\/index.php\/2022\/04\/16\/canto-a-la-hoja-que-cae-de-ursula-alvarado\/#primaryimage"},"thumbnailUrl":"https:\/\/lascriticas.com\/wp-content\/uploads\/2022\/04\/Ursula-Alvarado.jpg","keywords":["Hanan Harawi","literatura","lo femenino","mujer","naturaleza","poes\u00eda","sociedad","\u00darsula Alvarado Noblecilla"],"articleSection":["Poes\u00eda","Rese\u00f1as"],"inLanguage":"es","potentialAction":[{"@type":"CommentAction","name":"Comment","target":["https:\/\/lascriticas.com\/index.php\/2022\/04\/16\/canto-a-la-hoja-que-cae-de-ursula-alvarado\/#respond"]}]},{"@type":"WebPage","@id":"https:\/\/lascriticas.com\/index.php\/2022\/04\/16\/canto-a-la-hoja-que-cae-de-ursula-alvarado\/","url":"https:\/\/lascriticas.com\/index.php\/2022\/04\/16\/canto-a-la-hoja-que-cae-de-ursula-alvarado\/","name":"Canto a la hoja que cae, de \u00darsula Alvarado - Las Cr\u00edticas","isPartOf":{"@id":"https:\/\/lascriticas.com\/#website"},"primaryImageOfPage":{"@id":"https:\/\/lascriticas.com\/index.php\/2022\/04\/16\/canto-a-la-hoja-que-cae-de-ursula-alvarado\/#primaryimage"},"image":{"@id":"https:\/\/lascriticas.com\/index.php\/2022\/04\/16\/canto-a-la-hoja-que-cae-de-ursula-alvarado\/#primaryimage"},"thumbnailUrl":"https:\/\/lascriticas.com\/wp-content\/uploads\/2022\/04\/Ursula-Alvarado.jpg","datePublished":"2022-04-16T14:31:59+00:00","dateModified":"2022-04-23T11:33:33+00:00","description":"Albricias contra la muerte. Una lectura de Canto a la hoja que cae de \u00darsula Alvarado El oto\u00f1o presume de su propia m\u00fasica, sus propios ruidos y Julia Wong escribe sobre el poemario Canto a la hoja que cae de \u00darsula Alvarado Noblecilla","breadcrumb":{"@id":"https:\/\/lascriticas.com\/index.php\/2022\/04\/16\/canto-a-la-hoja-que-cae-de-ursula-alvarado\/#breadcrumb"},"inLanguage":"es","potentialAction":[{"@type":"ReadAction","target":["https:\/\/lascriticas.com\/index.php\/2022\/04\/16\/canto-a-la-hoja-que-cae-de-ursula-alvarado\/"]}]},{"@type":"ImageObject","inLanguage":"es","@id":"https:\/\/lascriticas.com\/index.php\/2022\/04\/16\/canto-a-la-hoja-que-cae-de-ursula-alvarado\/#primaryimage","url":"https:\/\/lascriticas.com\/wp-content\/uploads\/2022\/04\/Ursula-Alvarado.jpg","contentUrl":"https:\/\/lascriticas.com\/wp-content\/uploads\/2022\/04\/Ursula-Alvarado.jpg","width":1080,"height":530},{"@type":"BreadcrumbList","@id":"https:\/\/lascriticas.com\/index.php\/2022\/04\/16\/canto-a-la-hoja-que-cae-de-ursula-alvarado\/#breadcrumb","itemListElement":[{"@type":"ListItem","position":1,"name":"Inicio","item":"https:\/\/lascriticas.com\/"},{"@type":"ListItem","position":2,"name":"Canto a la hoja que cae, de \u00darsula Alvarado"}]},{"@type":"WebSite","@id":"https:\/\/lascriticas.com\/#website","url":"https:\/\/lascriticas.com\/","name":"Las Cr\u00edticas","description":"Cr\u00edtica literaria hecha por mujeres","publisher":{"@id":"https:\/\/lascriticas.com\/#organization"},"potentialAction":[{"@type":"SearchAction","target":{"@type":"EntryPoint","urlTemplate":"https:\/\/lascriticas.com\/?s={search_term_string}"},"query-input":{"@type":"PropertyValueSpecification","valueRequired":true,"valueName":"search_term_string"}}],"inLanguage":"es"},{"@type":"Organization","@id":"https:\/\/lascriticas.com\/#organization","name":"Las Cr\u00edticas","url":"https:\/\/lascriticas.com\/","logo":{"@type":"ImageObject","inLanguage":"es","@id":"https:\/\/lascriticas.com\/#\/schema\/logo\/image\/","url":"https:\/\/lascriticas.com\/wp-content\/uploads\/2016\/09\/Las-Cr\u00edticas.png","contentUrl":"https:\/\/lascriticas.com\/wp-content\/uploads\/2016\/09\/Las-Cr\u00edticas.png","width":372,"height":201,"caption":"Las Cr\u00edticas"},"image":{"@id":"https:\/\/lascriticas.com\/#\/schema\/logo\/image\/"},"sameAs":["https:\/\/www.facebook.com\/lascriticas\/","https:\/\/x.com\/LasCriticas_com","https:\/\/www.instagram.com\/lascriticas_com\/","https:\/\/www.youtube.com\/channel\/UCd7r-H6EJA4sSXGLX33_iHQ"]},{"@type":"Person","@id":"https:\/\/lascriticas.com\/#\/schema\/person\/1a1d1da1e273ed112607e61092386186","name":"Julia Wong","image":{"@type":"ImageObject","inLanguage":"es","@id":"https:\/\/lascriticas.com\/#\/schema\/person\/image\/","url":"https:\/\/secure.gravatar.com\/avatar\/d513dc4e3f6b0bec1dfed5d367952e0a?s=96&d=mm&r=g","contentUrl":"https:\/\/secure.gravatar.com\/avatar\/d513dc4e3f6b0bec1dfed5d367952e0a?s=96&d=mm&r=g","caption":"Julia Wong"},"url":"https:\/\/lascriticas.com\/index.php\/author\/julia-wong\/"}]}},"_links":{"self":[{"href":"https:\/\/lascriticas.com\/index.php\/wp-json\/wp\/v2\/posts\/4863"}],"collection":[{"href":"https:\/\/lascriticas.com\/index.php\/wp-json\/wp\/v2\/posts"}],"about":[{"href":"https:\/\/lascriticas.com\/index.php\/wp-json\/wp\/v2\/types\/post"}],"author":[{"embeddable":true,"href":"https:\/\/lascriticas.com\/index.php\/wp-json\/wp\/v2\/users\/12"}],"replies":[{"embeddable":true,"href":"https:\/\/lascriticas.com\/index.php\/wp-json\/wp\/v2\/comments?post=4863"}],"version-history":[{"count":6,"href":"https:\/\/lascriticas.com\/index.php\/wp-json\/wp\/v2\/posts\/4863\/revisions"}],"predecessor-version":[{"id":4941,"href":"https:\/\/lascriticas.com\/index.php\/wp-json\/wp\/v2\/posts\/4863\/revisions\/4941"}],"wp:featuredmedia":[{"embeddable":true,"href":"https:\/\/lascriticas.com\/index.php\/wp-json\/wp\/v2\/media\/4939"}],"wp:attachment":[{"href":"https:\/\/lascriticas.com\/index.php\/wp-json\/wp\/v2\/media?parent=4863"}],"wp:term":[{"taxonomy":"category","embeddable":true,"href":"https:\/\/lascriticas.com\/index.php\/wp-json\/wp\/v2\/categories?post=4863"},{"taxonomy":"post_tag","embeddable":true,"href":"https:\/\/lascriticas.com\/index.php\/wp-json\/wp\/v2\/tags?post=4863"}],"curies":[{"name":"wp","href":"https:\/\/api.w.org\/{rel}","templated":true}]}}