{"id":4755,"date":"2021-10-26T23:52:53","date_gmt":"2021-10-26T21:52:53","guid":{"rendered":"https:\/\/lascriticas.com\/?p=4755"},"modified":"2022-06-25T16:13:51","modified_gmt":"2022-06-25T14:13:51","slug":"la-casa-umbria-de-leda-quintana-rondon","status":"publish","type":"post","link":"https:\/\/lascriticas.com\/index.php\/2021\/10\/26\/la-casa-umbria-de-leda-quintana-rondon\/","title":{"rendered":"La casa umbr\u00eda, de Leda Quintana Rond\u00f3n"},"content":{"rendered":"<h1><span style=\"color: #ffffff;\">La casa umbr\u00eda, de Leda Quintana Rond\u00f3n<\/span><\/h1>\n<p style=\"text-align: justify;\"><span style=\"font-size: 16px;\">Escondida en la sangre de sus ancestros Leda escribe esta oraci\u00f3n que es la \u201cCasa umbr\u00eda\u201d. Una casa sombra construida con los escombros de las otras casas que han habitado sus antepasados. Todas esas casas heridas con sus cuerpos derrotados y victoriosos habitan a Leda. Todas sus casas en guerra explotando en el tiempo como insistentes murmullos que cubren su coraz\u00f3n.<\/span><\/p>\n<p><a href=\"https:\/\/lascriticas.com\/wp-content\/uploads\/2021\/10\/La-casa-Umbria.jpg\"><img loading=\"lazy\" decoding=\"async\" class=\"aligncenter wp-image-4757\" title=\"La casa umbr\u00eda\" src=\"https:\/\/lascriticas.com\/wp-content\/uploads\/2021\/10\/La-casa-Umbria.jpg\" alt=\"\" width=\"385\" height=\"606\" \/><\/a><\/p>\n<p style=\"text-align: justify;\"><span style=\"font-size: 16px;\">En sus cenizas Leda lee y escucha con amor la cura en su coro de voces migrantes resilientes y heroicas, teje un escudo con palabras quechuas para su sanaci\u00f3n, la de su padre y la de toda su familia. En sus cenizas encuentra la piedra que debe ser <em>extra\u00edda, destruida, reconstruida<\/em>. La piedra que es el c\u00e1ncer de su padre. La piedra que muele los pedazos de los hijos muertos de su abuela. La piedra humilde que es este poema que Leda ha venido a ofrendar como ni\u00f1a, hija, hermana, nieta y madre. Aprender a hilar una nueva casa con muchas ventanas para que ingrese la luz ser\u00e1 uno de los mensajes de este largo viaje emprendido por Leda entre las casas umbr\u00edas de Huasta, Yauyos y Lima. En esta nueva casa, pasado y presente comulgar\u00e1n como dos amorosos esposos que han decidido abrazar tiernamente sus columnas y paredes. Los huesos de padres, madres, abuelos, abuelas, hijos, hijas, nietos y nietas arder\u00e1n juntos, pero esta vez la muerte ser\u00e1 vida.<\/span><\/p>\n<p><span style=\"font-size: 16px;\"><strong>Quintana Rond\u00f3n, Leda. <em>La casa umbr\u00eda<\/em>. Astron\u00f3mica, 2021.<\/strong><\/span><\/p>\n<hr \/>\n<p style=\"text-align: justify;\"><span style=\"font-family: 'trebuchet ms', geneva, sans-serif; font-size: 16px;\"><strong>Leda Quintana Rond\u00f3n\u00a0<\/strong> (Lima- Ancash- Yauyos). Educadora , poeta y mediadora de lectura de ra\u00edces andinas y chinas. Es coautora de diversos materiales educativos. Elabor\u00f3 con Mart\u00edn Quintana Chaup\u00edn las antolog\u00edas literarias <em>El Mundo de la Lectura<\/em> 1- 5 y textos escolares del \u00e1rea de Comunicaci\u00f3n para secundaria. Public\u00f3 el libro <em>Escribir como lectores<\/em>. <em>Una comunidad que lee, conversa y escribe<\/em> (Fundaci\u00f3n SM- Comunidades letradas-Aele, 2018). Ha coordinado una muestra de poes\u00eda escrita por poetas peruanas de las \u00faltimas generaciones para la revista peruana de literatura y cultura \u00cdnsula Barataria. Sus poemas han sido difundidos en algunas revistas impresas, blogs, medi\u00e1ticas de poes\u00eda (la comparecencia infinita, Ojo zurdo, Santa Rabia, Liberoam\u00e9rica, meninas vamos ao vira, entre otras). Ha publicado recientemente la edici\u00f3n chilena de su primer poemario <em>La casa umbr\u00eda<\/em> (Rancagua: Contraeditorial Astron\u00f3mica, 2021).<\/span><\/p>\n<p><a href=\"https:\/\/lascriticas.com\/index.php\/lascriticas\/teresa-orbegoso\/\"><strong><span style=\"font-family: 'trebuchet ms', geneva, sans-serif; font-size: 16px;\">Acerca de Teresa Orbegoso<\/span><\/strong><\/a><\/p>\n","protected":false},"excerpt":{"rendered":"<p>La casa umbr\u00eda, de Leda Quintana Rond\u00f3n Escondida en la sangre de sus ancestros Leda escribe esta oraci\u00f3n que es la \u201cCasa umbr\u00eda\u201d. Una casa sombra construida con los escombros de las otras casas que han habitado sus antepasados. Todas esas casas heridas con sus cuerpos derrotados y victoriosos habitan a Leda. Todas sus casas&#8230;<\/p>\n","protected":false},"author":85,"featured_media":4829,"comment_status":"open","ping_status":"open","sticky":false,"template":"","format":"standard","meta":{"footnotes":""},"categories":[45,37],"tags":[992,551,990,766,51,201,989,988,148,59,55,419,991],"yoast_head":"<!-- This site is optimized with the Yoast SEO plugin v23.5 - https:\/\/yoast.com\/wordpress\/plugins\/seo\/ -->\n<title>La casa umbr\u00eda, de Leda Quintana Rond\u00f3n - Las Cr\u00edticas<\/title>\n<meta name=\"description\" content=\"La casa umbr\u00eda, de Leda Quintana Rond\u00f3n Escondida en la sangre de sus ancestros Leda escribe esta oraci\u00f3n que es la \u201cCasa umbr\u00eda\u201d. Una casa sombra Teresa Orbegoso escribe sobre el libro de poes\u00eda: La casa umbr\u00eda de Leda Quintana Rond\u00f3n\" \/>\n<meta name=\"robots\" content=\"index, follow, max-snippet:-1, max-image-preview:large, max-video-preview:-1\" \/>\n<link rel=\"canonical\" href=\"https:\/\/lascriticas.com\/index.php\/2021\/10\/26\/la-casa-umbria-de-leda-quintana-rondon\/\" \/>\n<meta property=\"og:locale\" content=\"es_ES\" \/>\n<meta property=\"og:type\" content=\"article\" \/>\n<meta property=\"og:title\" content=\"La casa umbr\u00eda, de Leda Quintana Rond\u00f3n - Las Cr\u00edticas\" \/>\n<meta property=\"og:description\" content=\"La casa umbr\u00eda, de Leda Quintana Rond\u00f3n Escondida en la sangre de sus ancestros Leda escribe esta oraci\u00f3n que es la \u201cCasa umbr\u00eda\u201d. Una casa sombra Teresa Orbegoso escribe sobre el libro de poes\u00eda: La casa umbr\u00eda de Leda Quintana Rond\u00f3n\" \/>\n<meta property=\"og:url\" content=\"https:\/\/lascriticas.com\/index.php\/2021\/10\/26\/la-casa-umbria-de-leda-quintana-rondon\/\" \/>\n<meta property=\"og:site_name\" content=\"Las Cr\u00edticas\" \/>\n<meta property=\"article:publisher\" content=\"https:\/\/www.facebook.com\/lascriticas\/\" \/>\n<meta property=\"article:published_time\" content=\"2021-10-26T21:52:53+00:00\" \/>\n<meta property=\"article:modified_time\" content=\"2022-06-25T14:13:51+00:00\" \/>\n<meta property=\"og:image\" content=\"https:\/\/lascriticas.com\/wp-content\/uploads\/2021\/10\/Leda-Quintana.jpg\" \/>\n\t<meta property=\"og:image:width\" content=\"1080\" \/>\n\t<meta property=\"og:image:height\" content=\"530\" \/>\n\t<meta property=\"og:image:type\" content=\"image\/jpeg\" \/>\n<meta name=\"author\" content=\"Teresa Orbegoso\" \/>\n<meta name=\"twitter:card\" content=\"summary_large_image\" \/>\n<meta name=\"twitter:creator\" content=\"@LasCriticas_com\" \/>\n<meta name=\"twitter:site\" content=\"@LasCriticas_com\" \/>\n<meta name=\"twitter:label1\" content=\"Escrito por\" \/>\n\t<meta name=\"twitter:data1\" content=\"Teresa Orbegoso\" \/>\n\t<meta name=\"twitter:label2\" content=\"Tiempo de lectura\" \/>\n\t<meta name=\"twitter:data2\" content=\"2 minutos\" \/>\n<script type=\"application\/ld+json\" class=\"yoast-schema-graph\">{\"@context\":\"https:\/\/schema.org\",\"@graph\":[{\"@type\":\"Article\",\"@id\":\"https:\/\/lascriticas.com\/index.php\/2021\/10\/26\/la-casa-umbria-de-leda-quintana-rondon\/#article\",\"isPartOf\":{\"@id\":\"https:\/\/lascriticas.com\/index.php\/2021\/10\/26\/la-casa-umbria-de-leda-quintana-rondon\/\"},\"author\":{\"name\":\"Teresa Orbegoso\",\"@id\":\"https:\/\/lascriticas.com\/#\/schema\/person\/fd978ba72e22f317ea85a9e7f70bebeb\"},\"headline\":\"La casa umbr\u00eda, de Leda Quintana Rond\u00f3n\",\"datePublished\":\"2021-10-26T21:52:53+00:00\",\"dateModified\":\"2022-06-25T14:13:51+00:00\",\"mainEntityOfPage\":{\"@id\":\"https:\/\/lascriticas.com\/index.php\/2021\/10\/26\/la-casa-umbria-de-leda-quintana-rondon\/\"},\"wordCount\":417,\"commentCount\":0,\"publisher\":{\"@id\":\"https:\/\/lascriticas.com\/#organization\"},\"image\":{\"@id\":\"https:\/\/lascriticas.com\/index.php\/2021\/10\/26\/la-casa-umbria-de-leda-quintana-rondon\/#primaryimage\"},\"thumbnailUrl\":\"https:\/\/lascriticas.com\/wp-content\/uploads\/2021\/10\/Leda-Quintana.jpg\",\"keywords\":[\"Ancash\",\"casa\",\"Contraeditorial Astron\u00f3mica\",\"escritoras peruanas\",\"familia\",\"inmigraci\u00f3n\",\"La casa umbr\u00eda\",\"Leda Quintana Rond\u00f3n\",\"migraci\u00f3n\",\"mujeres\",\"poes\u00eda\",\"poes\u00eda peruana\",\"Teresa Orbegoso\"],\"articleSection\":[\"Poes\u00eda\",\"Rese\u00f1as\"],\"inLanguage\":\"es\",\"potentialAction\":[{\"@type\":\"CommentAction\",\"name\":\"Comment\",\"target\":[\"https:\/\/lascriticas.com\/index.php\/2021\/10\/26\/la-casa-umbria-de-leda-quintana-rondon\/#respond\"]}]},{\"@type\":\"WebPage\",\"@id\":\"https:\/\/lascriticas.com\/index.php\/2021\/10\/26\/la-casa-umbria-de-leda-quintana-rondon\/\",\"url\":\"https:\/\/lascriticas.com\/index.php\/2021\/10\/26\/la-casa-umbria-de-leda-quintana-rondon\/\",\"name\":\"La casa umbr\u00eda, de Leda Quintana Rond\u00f3n - Las Cr\u00edticas\",\"isPartOf\":{\"@id\":\"https:\/\/lascriticas.com\/#website\"},\"primaryImageOfPage\":{\"@id\":\"https:\/\/lascriticas.com\/index.php\/2021\/10\/26\/la-casa-umbria-de-leda-quintana-rondon\/#primaryimage\"},\"image\":{\"@id\":\"https:\/\/lascriticas.com\/index.php\/2021\/10\/26\/la-casa-umbria-de-leda-quintana-rondon\/#primaryimage\"},\"thumbnailUrl\":\"https:\/\/lascriticas.com\/wp-content\/uploads\/2021\/10\/Leda-Quintana.jpg\",\"datePublished\":\"2021-10-26T21:52:53+00:00\",\"dateModified\":\"2022-06-25T14:13:51+00:00\",\"description\":\"La casa umbr\u00eda, de Leda Quintana Rond\u00f3n Escondida en la sangre de sus ancestros Leda escribe esta oraci\u00f3n que es la \u201cCasa umbr\u00eda\u201d. Una casa sombra Teresa Orbegoso escribe sobre el libro de poes\u00eda: La casa umbr\u00eda de Leda Quintana Rond\u00f3n\",\"breadcrumb\":{\"@id\":\"https:\/\/lascriticas.com\/index.php\/2021\/10\/26\/la-casa-umbria-de-leda-quintana-rondon\/#breadcrumb\"},\"inLanguage\":\"es\",\"potentialAction\":[{\"@type\":\"ReadAction\",\"target\":[\"https:\/\/lascriticas.com\/index.php\/2021\/10\/26\/la-casa-umbria-de-leda-quintana-rondon\/\"]}]},{\"@type\":\"ImageObject\",\"inLanguage\":\"es\",\"@id\":\"https:\/\/lascriticas.com\/index.php\/2021\/10\/26\/la-casa-umbria-de-leda-quintana-rondon\/#primaryimage\",\"url\":\"https:\/\/lascriticas.com\/wp-content\/uploads\/2021\/10\/Leda-Quintana.jpg\",\"contentUrl\":\"https:\/\/lascriticas.com\/wp-content\/uploads\/2021\/10\/Leda-Quintana.jpg\",\"width\":1080,\"height\":530},{\"@type\":\"BreadcrumbList\",\"@id\":\"https:\/\/lascriticas.com\/index.php\/2021\/10\/26\/la-casa-umbria-de-leda-quintana-rondon\/#breadcrumb\",\"itemListElement\":[{\"@type\":\"ListItem\",\"position\":1,\"name\":\"Inicio\",\"item\":\"https:\/\/lascriticas.com\/\"},{\"@type\":\"ListItem\",\"position\":2,\"name\":\"La casa umbr\u00eda, de Leda Quintana Rond\u00f3n\"}]},{\"@type\":\"WebSite\",\"@id\":\"https:\/\/lascriticas.com\/#website\",\"url\":\"https:\/\/lascriticas.com\/\",\"name\":\"Las Cr\u00edticas\",\"description\":\"Cr\u00edtica literaria hecha por mujeres\",\"publisher\":{\"@id\":\"https:\/\/lascriticas.com\/#organization\"},\"potentialAction\":[{\"@type\":\"SearchAction\",\"target\":{\"@type\":\"EntryPoint\",\"urlTemplate\":\"https:\/\/lascriticas.com\/?s={search_term_string}\"},\"query-input\":{\"@type\":\"PropertyValueSpecification\",\"valueRequired\":true,\"valueName\":\"search_term_string\"}}],\"inLanguage\":\"es\"},{\"@type\":\"Organization\",\"@id\":\"https:\/\/lascriticas.com\/#organization\",\"name\":\"Las Cr\u00edticas\",\"url\":\"https:\/\/lascriticas.com\/\",\"logo\":{\"@type\":\"ImageObject\",\"inLanguage\":\"es\",\"@id\":\"https:\/\/lascriticas.com\/#\/schema\/logo\/image\/\",\"url\":\"https:\/\/lascriticas.com\/wp-content\/uploads\/2016\/09\/Las-Cr\u00edticas.png\",\"contentUrl\":\"https:\/\/lascriticas.com\/wp-content\/uploads\/2016\/09\/Las-Cr\u00edticas.png\",\"width\":372,\"height\":201,\"caption\":\"Las Cr\u00edticas\"},\"image\":{\"@id\":\"https:\/\/lascriticas.com\/#\/schema\/logo\/image\/\"},\"sameAs\":[\"https:\/\/www.facebook.com\/lascriticas\/\",\"https:\/\/x.com\/LasCriticas_com\",\"https:\/\/www.instagram.com\/lascriticas_com\/\",\"https:\/\/www.youtube.com\/channel\/UCd7r-H6EJA4sSXGLX33_iHQ\"]},{\"@type\":\"Person\",\"@id\":\"https:\/\/lascriticas.com\/#\/schema\/person\/fd978ba72e22f317ea85a9e7f70bebeb\",\"name\":\"Teresa Orbegoso\",\"image\":{\"@type\":\"ImageObject\",\"inLanguage\":\"es\",\"@id\":\"https:\/\/lascriticas.com\/#\/schema\/person\/image\/\",\"url\":\"https:\/\/secure.gravatar.com\/avatar\/6dace5ee88a4096991ae313aa886fecd?s=96&d=mm&r=g\",\"contentUrl\":\"https:\/\/secure.gravatar.com\/avatar\/6dace5ee88a4096991ae313aa886fecd?s=96&d=mm&r=g\",\"caption\":\"Teresa Orbegoso\"},\"url\":\"https:\/\/lascriticas.com\/index.php\/author\/teresa-orbegoso\/\"}]}<\/script>\n<!-- \/ Yoast SEO plugin. -->","yoast_head_json":{"title":"La casa umbr\u00eda, de Leda Quintana Rond\u00f3n - Las Cr\u00edticas","description":"La casa umbr\u00eda, de Leda Quintana Rond\u00f3n Escondida en la sangre de sus ancestros Leda escribe esta oraci\u00f3n que es la \u201cCasa umbr\u00eda\u201d. Una casa sombra Teresa Orbegoso escribe sobre el libro de poes\u00eda: La casa umbr\u00eda de Leda Quintana Rond\u00f3n","robots":{"index":"index","follow":"follow","max-snippet":"max-snippet:-1","max-image-preview":"max-image-preview:large","max-video-preview":"max-video-preview:-1"},"canonical":"https:\/\/lascriticas.com\/index.php\/2021\/10\/26\/la-casa-umbria-de-leda-quintana-rondon\/","og_locale":"es_ES","og_type":"article","og_title":"La casa umbr\u00eda, de Leda Quintana Rond\u00f3n - Las Cr\u00edticas","og_description":"La casa umbr\u00eda, de Leda Quintana Rond\u00f3n Escondida en la sangre de sus ancestros Leda escribe esta oraci\u00f3n que es la \u201cCasa umbr\u00eda\u201d. Una casa sombra Teresa Orbegoso escribe sobre el libro de poes\u00eda: La casa umbr\u00eda de Leda Quintana Rond\u00f3n","og_url":"https:\/\/lascriticas.com\/index.php\/2021\/10\/26\/la-casa-umbria-de-leda-quintana-rondon\/","og_site_name":"Las Cr\u00edticas","article_publisher":"https:\/\/www.facebook.com\/lascriticas\/","article_published_time":"2021-10-26T21:52:53+00:00","article_modified_time":"2022-06-25T14:13:51+00:00","og_image":[{"width":1080,"height":530,"url":"https:\/\/lascriticas.com\/wp-content\/uploads\/2021\/10\/Leda-Quintana.jpg","type":"image\/jpeg"}],"author":"Teresa Orbegoso","twitter_card":"summary_large_image","twitter_creator":"@LasCriticas_com","twitter_site":"@LasCriticas_com","twitter_misc":{"Escrito por":"Teresa Orbegoso","Tiempo de lectura":"2 minutos"},"schema":{"@context":"https:\/\/schema.org","@graph":[{"@type":"Article","@id":"https:\/\/lascriticas.com\/index.php\/2021\/10\/26\/la-casa-umbria-de-leda-quintana-rondon\/#article","isPartOf":{"@id":"https:\/\/lascriticas.com\/index.php\/2021\/10\/26\/la-casa-umbria-de-leda-quintana-rondon\/"},"author":{"name":"Teresa Orbegoso","@id":"https:\/\/lascriticas.com\/#\/schema\/person\/fd978ba72e22f317ea85a9e7f70bebeb"},"headline":"La casa umbr\u00eda, de Leda Quintana Rond\u00f3n","datePublished":"2021-10-26T21:52:53+00:00","dateModified":"2022-06-25T14:13:51+00:00","mainEntityOfPage":{"@id":"https:\/\/lascriticas.com\/index.php\/2021\/10\/26\/la-casa-umbria-de-leda-quintana-rondon\/"},"wordCount":417,"commentCount":0,"publisher":{"@id":"https:\/\/lascriticas.com\/#organization"},"image":{"@id":"https:\/\/lascriticas.com\/index.php\/2021\/10\/26\/la-casa-umbria-de-leda-quintana-rondon\/#primaryimage"},"thumbnailUrl":"https:\/\/lascriticas.com\/wp-content\/uploads\/2021\/10\/Leda-Quintana.jpg","keywords":["Ancash","casa","Contraeditorial Astron\u00f3mica","escritoras peruanas","familia","inmigraci\u00f3n","La casa umbr\u00eda","Leda Quintana Rond\u00f3n","migraci\u00f3n","mujeres","poes\u00eda","poes\u00eda peruana","Teresa Orbegoso"],"articleSection":["Poes\u00eda","Rese\u00f1as"],"inLanguage":"es","potentialAction":[{"@type":"CommentAction","name":"Comment","target":["https:\/\/lascriticas.com\/index.php\/2021\/10\/26\/la-casa-umbria-de-leda-quintana-rondon\/#respond"]}]},{"@type":"WebPage","@id":"https:\/\/lascriticas.com\/index.php\/2021\/10\/26\/la-casa-umbria-de-leda-quintana-rondon\/","url":"https:\/\/lascriticas.com\/index.php\/2021\/10\/26\/la-casa-umbria-de-leda-quintana-rondon\/","name":"La casa umbr\u00eda, de Leda Quintana Rond\u00f3n - Las Cr\u00edticas","isPartOf":{"@id":"https:\/\/lascriticas.com\/#website"},"primaryImageOfPage":{"@id":"https:\/\/lascriticas.com\/index.php\/2021\/10\/26\/la-casa-umbria-de-leda-quintana-rondon\/#primaryimage"},"image":{"@id":"https:\/\/lascriticas.com\/index.php\/2021\/10\/26\/la-casa-umbria-de-leda-quintana-rondon\/#primaryimage"},"thumbnailUrl":"https:\/\/lascriticas.com\/wp-content\/uploads\/2021\/10\/Leda-Quintana.jpg","datePublished":"2021-10-26T21:52:53+00:00","dateModified":"2022-06-25T14:13:51+00:00","description":"La casa umbr\u00eda, de Leda Quintana Rond\u00f3n Escondida en la sangre de sus ancestros Leda escribe esta oraci\u00f3n que es la \u201cCasa umbr\u00eda\u201d. Una casa sombra Teresa Orbegoso escribe sobre el libro de poes\u00eda: La casa umbr\u00eda de Leda Quintana Rond\u00f3n","breadcrumb":{"@id":"https:\/\/lascriticas.com\/index.php\/2021\/10\/26\/la-casa-umbria-de-leda-quintana-rondon\/#breadcrumb"},"inLanguage":"es","potentialAction":[{"@type":"ReadAction","target":["https:\/\/lascriticas.com\/index.php\/2021\/10\/26\/la-casa-umbria-de-leda-quintana-rondon\/"]}]},{"@type":"ImageObject","inLanguage":"es","@id":"https:\/\/lascriticas.com\/index.php\/2021\/10\/26\/la-casa-umbria-de-leda-quintana-rondon\/#primaryimage","url":"https:\/\/lascriticas.com\/wp-content\/uploads\/2021\/10\/Leda-Quintana.jpg","contentUrl":"https:\/\/lascriticas.com\/wp-content\/uploads\/2021\/10\/Leda-Quintana.jpg","width":1080,"height":530},{"@type":"BreadcrumbList","@id":"https:\/\/lascriticas.com\/index.php\/2021\/10\/26\/la-casa-umbria-de-leda-quintana-rondon\/#breadcrumb","itemListElement":[{"@type":"ListItem","position":1,"name":"Inicio","item":"https:\/\/lascriticas.com\/"},{"@type":"ListItem","position":2,"name":"La casa umbr\u00eda, de Leda Quintana Rond\u00f3n"}]},{"@type":"WebSite","@id":"https:\/\/lascriticas.com\/#website","url":"https:\/\/lascriticas.com\/","name":"Las Cr\u00edticas","description":"Cr\u00edtica literaria hecha por mujeres","publisher":{"@id":"https:\/\/lascriticas.com\/#organization"},"potentialAction":[{"@type":"SearchAction","target":{"@type":"EntryPoint","urlTemplate":"https:\/\/lascriticas.com\/?s={search_term_string}"},"query-input":{"@type":"PropertyValueSpecification","valueRequired":true,"valueName":"search_term_string"}}],"inLanguage":"es"},{"@type":"Organization","@id":"https:\/\/lascriticas.com\/#organization","name":"Las Cr\u00edticas","url":"https:\/\/lascriticas.com\/","logo":{"@type":"ImageObject","inLanguage":"es","@id":"https:\/\/lascriticas.com\/#\/schema\/logo\/image\/","url":"https:\/\/lascriticas.com\/wp-content\/uploads\/2016\/09\/Las-Cr\u00edticas.png","contentUrl":"https:\/\/lascriticas.com\/wp-content\/uploads\/2016\/09\/Las-Cr\u00edticas.png","width":372,"height":201,"caption":"Las Cr\u00edticas"},"image":{"@id":"https:\/\/lascriticas.com\/#\/schema\/logo\/image\/"},"sameAs":["https:\/\/www.facebook.com\/lascriticas\/","https:\/\/x.com\/LasCriticas_com","https:\/\/www.instagram.com\/lascriticas_com\/","https:\/\/www.youtube.com\/channel\/UCd7r-H6EJA4sSXGLX33_iHQ"]},{"@type":"Person","@id":"https:\/\/lascriticas.com\/#\/schema\/person\/fd978ba72e22f317ea85a9e7f70bebeb","name":"Teresa Orbegoso","image":{"@type":"ImageObject","inLanguage":"es","@id":"https:\/\/lascriticas.com\/#\/schema\/person\/image\/","url":"https:\/\/secure.gravatar.com\/avatar\/6dace5ee88a4096991ae313aa886fecd?s=96&d=mm&r=g","contentUrl":"https:\/\/secure.gravatar.com\/avatar\/6dace5ee88a4096991ae313aa886fecd?s=96&d=mm&r=g","caption":"Teresa Orbegoso"},"url":"https:\/\/lascriticas.com\/index.php\/author\/teresa-orbegoso\/"}]}},"_links":{"self":[{"href":"https:\/\/lascriticas.com\/index.php\/wp-json\/wp\/v2\/posts\/4755"}],"collection":[{"href":"https:\/\/lascriticas.com\/index.php\/wp-json\/wp\/v2\/posts"}],"about":[{"href":"https:\/\/lascriticas.com\/index.php\/wp-json\/wp\/v2\/types\/post"}],"author":[{"embeddable":true,"href":"https:\/\/lascriticas.com\/index.php\/wp-json\/wp\/v2\/users\/85"}],"replies":[{"embeddable":true,"href":"https:\/\/lascriticas.com\/index.php\/wp-json\/wp\/v2\/comments?post=4755"}],"version-history":[{"count":9,"href":"https:\/\/lascriticas.com\/index.php\/wp-json\/wp\/v2\/posts\/4755\/revisions"}],"predecessor-version":[{"id":5039,"href":"https:\/\/lascriticas.com\/index.php\/wp-json\/wp\/v2\/posts\/4755\/revisions\/5039"}],"wp:featuredmedia":[{"embeddable":true,"href":"https:\/\/lascriticas.com\/index.php\/wp-json\/wp\/v2\/media\/4829"}],"wp:attachment":[{"href":"https:\/\/lascriticas.com\/index.php\/wp-json\/wp\/v2\/media?parent=4755"}],"wp:term":[{"taxonomy":"category","embeddable":true,"href":"https:\/\/lascriticas.com\/index.php\/wp-json\/wp\/v2\/categories?post=4755"},{"taxonomy":"post_tag","embeddable":true,"href":"https:\/\/lascriticas.com\/index.php\/wp-json\/wp\/v2\/tags?post=4755"}],"curies":[{"name":"wp","href":"https:\/\/api.w.org\/{rel}","templated":true}]}}