{"id":4509,"date":"2021-08-05T18:10:10","date_gmt":"2021-08-05T16:10:10","guid":{"rendered":"https:\/\/lascriticas.com\/?p=4509"},"modified":"2021-08-06T23:52:45","modified_gmt":"2021-08-06T21:52:45","slug":"las-primas-de-aurora-venturini","status":"publish","type":"post","link":"https:\/\/lascriticas.com\/index.php\/2021\/08\/05\/las-primas-de-aurora-venturini\/","title":{"rendered":"Las primas, de Aurora Venturini"},"content":{"rendered":"<h1><span style=\"font-size: 16px; color: #ffffff;\">Las primas, de Aurora Venturini<\/span><\/h1>\n<p style=\"text-align: justify;\"><span style=\"font-family: georgia, palatino, serif; font-size: 16px;\">Todas las familias guardan un secreto, <b><em>Las primas<\/em>\u00a0<\/b>desentierran a sus muertos. Los monstruos de esta estirpe femenina son una alegor\u00eda que con extraordinario sarcasmo dibuja una sonrisa socarrona en la pluma de quien se sabe digna de un humor negro, interesante y brillante a la vez. <strong>Aurora Venturini<\/strong> es argentina, peronista, criadora de ara\u00f1as y curtidora de otras extra\u00f1ezas como las de negarse a las reglas de puntuaci\u00f3n. Su pluma fresca y chispeante contrasta con los desagravios, las honras, los \u00f3rganos desterrados de sus cuerpos, los abortos y las muertes de sus protagonistas, f\u00e9minas todas. Ninguna destaca por su belleza, son anti hero\u00ednas que en el universo de la Venturini cobran formas grotescas y deplorables, pero a la vez complejamente hermosas y las alcanzamos en su deformidad, quedando enganchados a una lectura tan desconcertante como fascinante de inicio a fin.<\/span><\/p>\n<p><img loading=\"lazy\" decoding=\"async\" class=\"aligncenter wp-image-4591\" title=\"Las primas\" src=\"https:\/\/lascriticas.com\/wp-content\/uploads\/2021\/08\/imagen.png\" alt=\"\" width=\"301\" height=\"426\" \/><\/p>\n<p style=\"text-align: justify;\"><span style=\"font-family: georgia, palatino, serif; font-size: 16px;\"><b><em>Las primas<\/em><\/b>\u00a0posee la catadura de obra maestra, que bien podr\u00eda haber sido escrita por una Venturini de 20 y pico de a\u00f1os, pero lo fue por una mujer pasados los 80. La autora hace un<span class=\"Apple-converted-space\">\u00a0 <\/span>ejercicio delirante de la palabra como porteadora de ese mundo innombrable que se abre ante nuestros ojos como uno de los cuadros de Yuna, la protagonista. Con ella se acunan la madre maestra de puntero, la hermana deforme y con retraso mental, la prima liliputiense y prostituta\u2026<\/span><\/p>\n<blockquote>\n<p style=\"text-align: justify;\"><span style=\"font-family: georgia, palatino, serif; font-size: 16px;\">\u201cEn un espejo que nos enfrenta en la pared observ\u00e9 qu\u00e9 poca cosa \u00e9ramos tanto t\u00eda Nen\u00e9, con el traje que le ajustaba porque estaba gorda y los zapatos tortos y las u\u00f1as pintadas y la cara que se parec\u00eda a las caras que ella pintaba de vaca (no me vas a comer). Pero ahora una vocecita preguntaba porque me vas a matar, pero yo solo la o\u00eda de otra manera\u2026\u201d<\/span><\/p>\n<\/blockquote>\n<p style=\"text-align: justify;\"><span style=\"font-family: georgia, palatino, serif; font-size: 16px;\">Aqu\u00ed todos los hombres han huido, o se han desentendido de sus mujeres y de sus hijas y los que quedan son apenas dignos para ser lastimeras columnas laterales de este escenario de enanas, de mujeres monstruosas, convulsivas, pero a la vez fascinantes y atrayentes a las que se las ve con el lente de la \u201cnormalidad\u201d de lo anormal.<\/span><\/p>\n<blockquote>\n<p style=\"text-align: justify;\"><span style=\"font-family: georgia, palatino, serif; font-size: 16px;\">\u201c&#8230;porque nunca falta lo feo en ning\u00fan paisaje por m\u00e1s bello que sea\u2026\u201d<\/span><\/p>\n<\/blockquote>\n<p style=\"text-align: justify;\"><span style=\"font-family: georgia, palatino, serif; font-size: 16px;\">La exquisita brutalidad con que Venturini viste y desviste a sus personajes, enfrent\u00e1ndonos al menudo arte de apreciarlas a pesar de sus rarezas f\u00edsicas y sobre todo, de sus majader\u00edas de coraz\u00f3n, nos obliga a ser parte de este circo de deformidades de cuerpo y de alma, a mirarlas casi casi sin malicia y no solo a divertirnos con sus perversidades, sino, hasta quererlas.<span class=\"Apple-converted-space\">\u00a0<\/span><\/span><\/p>\n<p style=\"text-align: justify;\"><span style=\"font-family: georgia, palatino, serif; font-size: 16px;\">Aurora Venturini ten\u00eda 85 a\u00f1os cuando obtuvo el <strong>Premio Nueva Novela<\/strong> organizado por el diario P\u00e1gina\/12.\u00a0<b><em>Las primas<\/em><\/b>\u00a0no es una t\u00edpica historia de familia, ni es una historia donde se paseen <a href=\"https:\/\/lascriticas.com\/index.php\/2021\/03\/02\/historia-feminista-de-la-literatura-argentina\/\">\u201clas t\u00edpicas\u201d mujeres<\/a> que encontrar\u00e1s en otras historias. Es una novela \u00fanica y cuya genialidad roza con la turbaci\u00f3n de estar ante una obra maestra, de esas que desconciertan y te dejan \u201cbien tarada\u201d como dir\u00eda la autora.<\/span><\/p>\n<blockquote>\n<p style=\"text-align: justify;\"><span style=\"font-family: georgia, palatino, serif; font-size: 16px;\">\u201c\u2026 si la palabra escrita es tan fatigantemente bobalicona como la hablada por m\u00ed hacia adentro, quien termine esta melopea absurda me maldecir\u00e1 por el tiempo que le hice perder sin poder negar que no pudo dejarme a un lado porque encontr\u00f3 en mis est\u00fapidas amarguras de amor y de muerte, muchas de las vividas por s\u00ed mismo\u2026\u201d<\/span><\/p>\n<\/blockquote>\n<p><strong>Venturini, Aurora. <em>Las primas<\/em>. Estruendomudo, 2013.<\/strong><\/p>\n<hr \/>\n<p style=\"text-align: justify;\"><span style=\"font-family: 'trebuchet ms', geneva, sans-serif; font-size: 16px;\"><strong>Aurora Venturini<\/strong>\u00a0(1921-2015) escritora argentina, tambi\u00e9n fue psic\u00f3loga. Amiga de Eva Per\u00f3n, se exili\u00f3 en Par\u00eds, donde frecuent\u00f3 a los intelectuales de la \u00e9poca. Public\u00f3 m\u00e1s de cuarenta libros, entre los que destaca <em>Las primas<\/em>, libro ganador del Premio Nueva Novela, <em>Las amigas<\/em>, <em>El marido de mi madrastra<\/em>; <em>Nosotros, los Caserta<\/em>; <em>Los rieles<\/em>; <em>Eva, Alfa y Omega<\/em> y <em>Cuentos secretos.<\/em><\/span><\/p>\n<p><span style=\"font-family: 'trebuchet ms', geneva, sans-serif; font-size: 16px;\"><a href=\"https:\/\/lascriticas.com\/index.php\/lascriticas\/edith-vega-centeno-chavez\/\">Acerca de Edith Vega-Centeno<\/a><\/span><\/p>\n","protected":false},"excerpt":{"rendered":"<p>Las primas, de Aurora Venturini Todas las familias guardan un secreto, Las primas\u00a0desentierran a sus muertos. Los monstruos de esta estirpe femenina son una alegor\u00eda que con extraordinario sarcasmo dibuja una sonrisa socarrona en la pluma de quien se sabe digna de un humor negro, interesante y brillante a la vez. Aurora Venturini es argentina,&#8230;<\/p>\n","protected":false},"author":82,"featured_media":4515,"comment_status":"open","ping_status":"open","sticky":false,"template":"","format":"standard","meta":{"footnotes":""},"categories":[43,37],"tags":[98,938,71,239,51,107,939,460,937,110,59,343,53,936,257],"yoast_head":"<!-- This site is optimized with the Yoast SEO plugin v23.5 - https:\/\/yoast.com\/wordpress\/plugins\/seo\/ -->\n<title>Las primas, de Aurora Venturini - Las Cr\u00edticas<\/title>\n<meta name=\"description\" content=\"Edith Vega-Centeno escribe acerca de la novela Las Primas, de la escritora argentina de Aurora Venturini.\" \/>\n<meta name=\"robots\" content=\"index, follow, max-snippet:-1, max-image-preview:large, max-video-preview:-1\" \/>\n<link rel=\"canonical\" href=\"https:\/\/lascriticas.com\/index.php\/2021\/08\/05\/las-primas-de-aurora-venturini\/\" \/>\n<meta property=\"og:locale\" content=\"es_ES\" \/>\n<meta property=\"og:type\" content=\"article\" \/>\n<meta property=\"og:title\" content=\"Las primas, de Aurora Venturini - Las Cr\u00edticas\" \/>\n<meta property=\"og:description\" content=\"Edith Vega-Centeno escribe acerca de la novela Las Primas, de la escritora argentina de Aurora Venturini.\" \/>\n<meta property=\"og:url\" content=\"https:\/\/lascriticas.com\/index.php\/2021\/08\/05\/las-primas-de-aurora-venturini\/\" \/>\n<meta property=\"og:site_name\" content=\"Las Cr\u00edticas\" \/>\n<meta property=\"article:publisher\" content=\"https:\/\/www.facebook.com\/lascriticas\/\" \/>\n<meta property=\"article:published_time\" content=\"2021-08-05T16:10:10+00:00\" \/>\n<meta property=\"article:modified_time\" content=\"2021-08-06T21:52:45+00:00\" \/>\n<meta property=\"og:image\" content=\"https:\/\/lascriticas.com\/wp-content\/uploads\/2021\/08\/Aurora-Venturini.jpg\" \/>\n\t<meta property=\"og:image:width\" content=\"1080\" \/>\n\t<meta property=\"og:image:height\" content=\"530\" \/>\n\t<meta property=\"og:image:type\" content=\"image\/jpeg\" \/>\n<meta name=\"author\" content=\"Edith Vega Centeno\" \/>\n<meta name=\"twitter:card\" content=\"summary_large_image\" \/>\n<meta name=\"twitter:creator\" content=\"@LasCriticas_com\" \/>\n<meta name=\"twitter:site\" content=\"@LasCriticas_com\" \/>\n<meta name=\"twitter:label1\" content=\"Escrito por\" \/>\n\t<meta name=\"twitter:data1\" content=\"Edith Vega Centeno\" \/>\n\t<meta name=\"twitter:label2\" content=\"Tiempo de lectura\" \/>\n\t<meta name=\"twitter:data2\" content=\"3 minutos\" \/>\n<script type=\"application\/ld+json\" class=\"yoast-schema-graph\">{\"@context\":\"https:\/\/schema.org\",\"@graph\":[{\"@type\":\"Article\",\"@id\":\"https:\/\/lascriticas.com\/index.php\/2021\/08\/05\/las-primas-de-aurora-venturini\/#article\",\"isPartOf\":{\"@id\":\"https:\/\/lascriticas.com\/index.php\/2021\/08\/05\/las-primas-de-aurora-venturini\/\"},\"author\":{\"name\":\"Edith Vega Centeno\",\"@id\":\"https:\/\/lascriticas.com\/#\/schema\/person\/89f233da30022c8826e7ebdfc30629a0\"},\"headline\":\"Las primas, de Aurora Venturini\",\"datePublished\":\"2021-08-05T16:10:10+00:00\",\"dateModified\":\"2021-08-06T21:52:45+00:00\",\"mainEntityOfPage\":{\"@id\":\"https:\/\/lascriticas.com\/index.php\/2021\/08\/05\/las-primas-de-aurora-venturini\/\"},\"wordCount\":667,\"commentCount\":0,\"publisher\":{\"@id\":\"https:\/\/lascriticas.com\/#organization\"},\"image\":{\"@id\":\"https:\/\/lascriticas.com\/index.php\/2021\/08\/05\/las-primas-de-aurora-venturini\/#primaryimage\"},\"thumbnailUrl\":\"https:\/\/lascriticas.com\/wp-content\/uploads\/2021\/08\/Aurora-Venturini.jpg\",\"keywords\":[\"amor\",\"belleza\",\"cuerpo\",\"escritora\",\"familia\",\"humor\",\"humor negro\",\"literatura argentina\",\"monstruos\",\"muerte\",\"mujeres\",\"narraci\u00f3n\",\"novela\",\"Premio Novela Nueva\",\"secreto\"],\"articleSection\":[\"Ficci\u00f3n\",\"Rese\u00f1as\"],\"inLanguage\":\"es\",\"potentialAction\":[{\"@type\":\"CommentAction\",\"name\":\"Comment\",\"target\":[\"https:\/\/lascriticas.com\/index.php\/2021\/08\/05\/las-primas-de-aurora-venturini\/#respond\"]}]},{\"@type\":\"WebPage\",\"@id\":\"https:\/\/lascriticas.com\/index.php\/2021\/08\/05\/las-primas-de-aurora-venturini\/\",\"url\":\"https:\/\/lascriticas.com\/index.php\/2021\/08\/05\/las-primas-de-aurora-venturini\/\",\"name\":\"Las primas, de Aurora Venturini - Las Cr\u00edticas\",\"isPartOf\":{\"@id\":\"https:\/\/lascriticas.com\/#website\"},\"primaryImageOfPage\":{\"@id\":\"https:\/\/lascriticas.com\/index.php\/2021\/08\/05\/las-primas-de-aurora-venturini\/#primaryimage\"},\"image\":{\"@id\":\"https:\/\/lascriticas.com\/index.php\/2021\/08\/05\/las-primas-de-aurora-venturini\/#primaryimage\"},\"thumbnailUrl\":\"https:\/\/lascriticas.com\/wp-content\/uploads\/2021\/08\/Aurora-Venturini.jpg\",\"datePublished\":\"2021-08-05T16:10:10+00:00\",\"dateModified\":\"2021-08-06T21:52:45+00:00\",\"description\":\"Edith Vega-Centeno escribe acerca de la novela Las Primas, de la escritora argentina de Aurora Venturini.\",\"breadcrumb\":{\"@id\":\"https:\/\/lascriticas.com\/index.php\/2021\/08\/05\/las-primas-de-aurora-venturini\/#breadcrumb\"},\"inLanguage\":\"es\",\"potentialAction\":[{\"@type\":\"ReadAction\",\"target\":[\"https:\/\/lascriticas.com\/index.php\/2021\/08\/05\/las-primas-de-aurora-venturini\/\"]}]},{\"@type\":\"ImageObject\",\"inLanguage\":\"es\",\"@id\":\"https:\/\/lascriticas.com\/index.php\/2021\/08\/05\/las-primas-de-aurora-venturini\/#primaryimage\",\"url\":\"https:\/\/lascriticas.com\/wp-content\/uploads\/2021\/08\/Aurora-Venturini.jpg\",\"contentUrl\":\"https:\/\/lascriticas.com\/wp-content\/uploads\/2021\/08\/Aurora-Venturini.jpg\",\"width\":1080,\"height\":530,\"caption\":\"Aurora Venturini\"},{\"@type\":\"BreadcrumbList\",\"@id\":\"https:\/\/lascriticas.com\/index.php\/2021\/08\/05\/las-primas-de-aurora-venturini\/#breadcrumb\",\"itemListElement\":[{\"@type\":\"ListItem\",\"position\":1,\"name\":\"Inicio\",\"item\":\"https:\/\/lascriticas.com\/\"},{\"@type\":\"ListItem\",\"position\":2,\"name\":\"Las primas, de Aurora Venturini\"}]},{\"@type\":\"WebSite\",\"@id\":\"https:\/\/lascriticas.com\/#website\",\"url\":\"https:\/\/lascriticas.com\/\",\"name\":\"Las Cr\u00edticas\",\"description\":\"Cr\u00edtica literaria hecha por mujeres\",\"publisher\":{\"@id\":\"https:\/\/lascriticas.com\/#organization\"},\"potentialAction\":[{\"@type\":\"SearchAction\",\"target\":{\"@type\":\"EntryPoint\",\"urlTemplate\":\"https:\/\/lascriticas.com\/?s={search_term_string}\"},\"query-input\":{\"@type\":\"PropertyValueSpecification\",\"valueRequired\":true,\"valueName\":\"search_term_string\"}}],\"inLanguage\":\"es\"},{\"@type\":\"Organization\",\"@id\":\"https:\/\/lascriticas.com\/#organization\",\"name\":\"Las Cr\u00edticas\",\"url\":\"https:\/\/lascriticas.com\/\",\"logo\":{\"@type\":\"ImageObject\",\"inLanguage\":\"es\",\"@id\":\"https:\/\/lascriticas.com\/#\/schema\/logo\/image\/\",\"url\":\"https:\/\/lascriticas.com\/wp-content\/uploads\/2016\/09\/Las-Cr\u00edticas.png\",\"contentUrl\":\"https:\/\/lascriticas.com\/wp-content\/uploads\/2016\/09\/Las-Cr\u00edticas.png\",\"width\":372,\"height\":201,\"caption\":\"Las Cr\u00edticas\"},\"image\":{\"@id\":\"https:\/\/lascriticas.com\/#\/schema\/logo\/image\/\"},\"sameAs\":[\"https:\/\/www.facebook.com\/lascriticas\/\",\"https:\/\/x.com\/LasCriticas_com\",\"https:\/\/www.instagram.com\/lascriticas_com\/\",\"https:\/\/www.youtube.com\/channel\/UCd7r-H6EJA4sSXGLX33_iHQ\"]},{\"@type\":\"Person\",\"@id\":\"https:\/\/lascriticas.com\/#\/schema\/person\/89f233da30022c8826e7ebdfc30629a0\",\"name\":\"Edith Vega Centeno\",\"image\":{\"@type\":\"ImageObject\",\"inLanguage\":\"es\",\"@id\":\"https:\/\/lascriticas.com\/#\/schema\/person\/image\/\",\"url\":\"https:\/\/secure.gravatar.com\/avatar\/7b527eb28e3a2ec4bf848b39369d0391?s=96&d=mm&r=g\",\"contentUrl\":\"https:\/\/secure.gravatar.com\/avatar\/7b527eb28e3a2ec4bf848b39369d0391?s=96&d=mm&r=g\",\"caption\":\"Edith Vega Centeno\"},\"url\":\"https:\/\/lascriticas.com\/index.php\/author\/edith-vega-centeno\/\"}]}<\/script>\n<!-- \/ Yoast SEO plugin. -->","yoast_head_json":{"title":"Las primas, de Aurora Venturini - Las Cr\u00edticas","description":"Edith Vega-Centeno escribe acerca de la novela Las Primas, de la escritora argentina de Aurora Venturini.","robots":{"index":"index","follow":"follow","max-snippet":"max-snippet:-1","max-image-preview":"max-image-preview:large","max-video-preview":"max-video-preview:-1"},"canonical":"https:\/\/lascriticas.com\/index.php\/2021\/08\/05\/las-primas-de-aurora-venturini\/","og_locale":"es_ES","og_type":"article","og_title":"Las primas, de Aurora Venturini - Las Cr\u00edticas","og_description":"Edith Vega-Centeno escribe acerca de la novela Las Primas, de la escritora argentina de Aurora Venturini.","og_url":"https:\/\/lascriticas.com\/index.php\/2021\/08\/05\/las-primas-de-aurora-venturini\/","og_site_name":"Las Cr\u00edticas","article_publisher":"https:\/\/www.facebook.com\/lascriticas\/","article_published_time":"2021-08-05T16:10:10+00:00","article_modified_time":"2021-08-06T21:52:45+00:00","og_image":[{"width":1080,"height":530,"url":"https:\/\/lascriticas.com\/wp-content\/uploads\/2021\/08\/Aurora-Venturini.jpg","type":"image\/jpeg"}],"author":"Edith Vega Centeno","twitter_card":"summary_large_image","twitter_creator":"@LasCriticas_com","twitter_site":"@LasCriticas_com","twitter_misc":{"Escrito por":"Edith Vega Centeno","Tiempo de lectura":"3 minutos"},"schema":{"@context":"https:\/\/schema.org","@graph":[{"@type":"Article","@id":"https:\/\/lascriticas.com\/index.php\/2021\/08\/05\/las-primas-de-aurora-venturini\/#article","isPartOf":{"@id":"https:\/\/lascriticas.com\/index.php\/2021\/08\/05\/las-primas-de-aurora-venturini\/"},"author":{"name":"Edith Vega Centeno","@id":"https:\/\/lascriticas.com\/#\/schema\/person\/89f233da30022c8826e7ebdfc30629a0"},"headline":"Las primas, de Aurora Venturini","datePublished":"2021-08-05T16:10:10+00:00","dateModified":"2021-08-06T21:52:45+00:00","mainEntityOfPage":{"@id":"https:\/\/lascriticas.com\/index.php\/2021\/08\/05\/las-primas-de-aurora-venturini\/"},"wordCount":667,"commentCount":0,"publisher":{"@id":"https:\/\/lascriticas.com\/#organization"},"image":{"@id":"https:\/\/lascriticas.com\/index.php\/2021\/08\/05\/las-primas-de-aurora-venturini\/#primaryimage"},"thumbnailUrl":"https:\/\/lascriticas.com\/wp-content\/uploads\/2021\/08\/Aurora-Venturini.jpg","keywords":["amor","belleza","cuerpo","escritora","familia","humor","humor negro","literatura argentina","monstruos","muerte","mujeres","narraci\u00f3n","novela","Premio Novela Nueva","secreto"],"articleSection":["Ficci\u00f3n","Rese\u00f1as"],"inLanguage":"es","potentialAction":[{"@type":"CommentAction","name":"Comment","target":["https:\/\/lascriticas.com\/index.php\/2021\/08\/05\/las-primas-de-aurora-venturini\/#respond"]}]},{"@type":"WebPage","@id":"https:\/\/lascriticas.com\/index.php\/2021\/08\/05\/las-primas-de-aurora-venturini\/","url":"https:\/\/lascriticas.com\/index.php\/2021\/08\/05\/las-primas-de-aurora-venturini\/","name":"Las primas, de Aurora Venturini - Las Cr\u00edticas","isPartOf":{"@id":"https:\/\/lascriticas.com\/#website"},"primaryImageOfPage":{"@id":"https:\/\/lascriticas.com\/index.php\/2021\/08\/05\/las-primas-de-aurora-venturini\/#primaryimage"},"image":{"@id":"https:\/\/lascriticas.com\/index.php\/2021\/08\/05\/las-primas-de-aurora-venturini\/#primaryimage"},"thumbnailUrl":"https:\/\/lascriticas.com\/wp-content\/uploads\/2021\/08\/Aurora-Venturini.jpg","datePublished":"2021-08-05T16:10:10+00:00","dateModified":"2021-08-06T21:52:45+00:00","description":"Edith Vega-Centeno escribe acerca de la novela Las Primas, de la escritora argentina de Aurora Venturini.","breadcrumb":{"@id":"https:\/\/lascriticas.com\/index.php\/2021\/08\/05\/las-primas-de-aurora-venturini\/#breadcrumb"},"inLanguage":"es","potentialAction":[{"@type":"ReadAction","target":["https:\/\/lascriticas.com\/index.php\/2021\/08\/05\/las-primas-de-aurora-venturini\/"]}]},{"@type":"ImageObject","inLanguage":"es","@id":"https:\/\/lascriticas.com\/index.php\/2021\/08\/05\/las-primas-de-aurora-venturini\/#primaryimage","url":"https:\/\/lascriticas.com\/wp-content\/uploads\/2021\/08\/Aurora-Venturini.jpg","contentUrl":"https:\/\/lascriticas.com\/wp-content\/uploads\/2021\/08\/Aurora-Venturini.jpg","width":1080,"height":530,"caption":"Aurora Venturini"},{"@type":"BreadcrumbList","@id":"https:\/\/lascriticas.com\/index.php\/2021\/08\/05\/las-primas-de-aurora-venturini\/#breadcrumb","itemListElement":[{"@type":"ListItem","position":1,"name":"Inicio","item":"https:\/\/lascriticas.com\/"},{"@type":"ListItem","position":2,"name":"Las primas, de Aurora Venturini"}]},{"@type":"WebSite","@id":"https:\/\/lascriticas.com\/#website","url":"https:\/\/lascriticas.com\/","name":"Las Cr\u00edticas","description":"Cr\u00edtica literaria hecha por mujeres","publisher":{"@id":"https:\/\/lascriticas.com\/#organization"},"potentialAction":[{"@type":"SearchAction","target":{"@type":"EntryPoint","urlTemplate":"https:\/\/lascriticas.com\/?s={search_term_string}"},"query-input":{"@type":"PropertyValueSpecification","valueRequired":true,"valueName":"search_term_string"}}],"inLanguage":"es"},{"@type":"Organization","@id":"https:\/\/lascriticas.com\/#organization","name":"Las Cr\u00edticas","url":"https:\/\/lascriticas.com\/","logo":{"@type":"ImageObject","inLanguage":"es","@id":"https:\/\/lascriticas.com\/#\/schema\/logo\/image\/","url":"https:\/\/lascriticas.com\/wp-content\/uploads\/2016\/09\/Las-Cr\u00edticas.png","contentUrl":"https:\/\/lascriticas.com\/wp-content\/uploads\/2016\/09\/Las-Cr\u00edticas.png","width":372,"height":201,"caption":"Las Cr\u00edticas"},"image":{"@id":"https:\/\/lascriticas.com\/#\/schema\/logo\/image\/"},"sameAs":["https:\/\/www.facebook.com\/lascriticas\/","https:\/\/x.com\/LasCriticas_com","https:\/\/www.instagram.com\/lascriticas_com\/","https:\/\/www.youtube.com\/channel\/UCd7r-H6EJA4sSXGLX33_iHQ"]},{"@type":"Person","@id":"https:\/\/lascriticas.com\/#\/schema\/person\/89f233da30022c8826e7ebdfc30629a0","name":"Edith Vega Centeno","image":{"@type":"ImageObject","inLanguage":"es","@id":"https:\/\/lascriticas.com\/#\/schema\/person\/image\/","url":"https:\/\/secure.gravatar.com\/avatar\/7b527eb28e3a2ec4bf848b39369d0391?s=96&d=mm&r=g","contentUrl":"https:\/\/secure.gravatar.com\/avatar\/7b527eb28e3a2ec4bf848b39369d0391?s=96&d=mm&r=g","caption":"Edith Vega Centeno"},"url":"https:\/\/lascriticas.com\/index.php\/author\/edith-vega-centeno\/"}]}},"_links":{"self":[{"href":"https:\/\/lascriticas.com\/index.php\/wp-json\/wp\/v2\/posts\/4509"}],"collection":[{"href":"https:\/\/lascriticas.com\/index.php\/wp-json\/wp\/v2\/posts"}],"about":[{"href":"https:\/\/lascriticas.com\/index.php\/wp-json\/wp\/v2\/types\/post"}],"author":[{"embeddable":true,"href":"https:\/\/lascriticas.com\/index.php\/wp-json\/wp\/v2\/users\/82"}],"replies":[{"embeddable":true,"href":"https:\/\/lascriticas.com\/index.php\/wp-json\/wp\/v2\/comments?post=4509"}],"version-history":[{"count":7,"href":"https:\/\/lascriticas.com\/index.php\/wp-json\/wp\/v2\/posts\/4509\/revisions"}],"predecessor-version":[{"id":4592,"href":"https:\/\/lascriticas.com\/index.php\/wp-json\/wp\/v2\/posts\/4509\/revisions\/4592"}],"wp:featuredmedia":[{"embeddable":true,"href":"https:\/\/lascriticas.com\/index.php\/wp-json\/wp\/v2\/media\/4515"}],"wp:attachment":[{"href":"https:\/\/lascriticas.com\/index.php\/wp-json\/wp\/v2\/media?parent=4509"}],"wp:term":[{"taxonomy":"category","embeddable":true,"href":"https:\/\/lascriticas.com\/index.php\/wp-json\/wp\/v2\/categories?post=4509"},{"taxonomy":"post_tag","embeddable":true,"href":"https:\/\/lascriticas.com\/index.php\/wp-json\/wp\/v2\/tags?post=4509"}],"curies":[{"name":"wp","href":"https:\/\/api.w.org\/{rel}","templated":true}]}}