{"id":4424,"date":"2021-06-14T23:36:51","date_gmt":"2021-06-14T21:36:51","guid":{"rendered":"https:\/\/lascriticas.com\/?p=4424"},"modified":"2021-06-14T23:42:25","modified_gmt":"2021-06-14T21:42:25","slug":"y-la-muerte-no-tendra-dominio-de-victoria-guerrero","status":"publish","type":"post","link":"https:\/\/lascriticas.com\/index.php\/2021\/06\/14\/y-la-muerte-no-tendra-dominio-de-victoria-guerrero\/","title":{"rendered":"Y la muerte no tendr\u00e1 dominio, de Victoria Guerrero"},"content":{"rendered":"<h1 style=\"text-align: justify;\"><span style=\"font-size: 20px; color: #ffffff;\"><b>Y la muerte no tendr\u00e1 dominio, de Victoria Guerrero<\/b><\/span><\/h1>\n<blockquote>\n<p style=\"text-align: justify;\"><span style=\"font-size: 16px;\">\u00ab\u2026<i>estaba cansada do esforco de<span class=\"Apple-converted-space\">\u00a0 <\/span>animal liberado\u00bb<\/i><\/span><\/p>\n<p style=\"text-align: justify;\"><span style=\"font-size: 16px;\">(Clarice Lispector)<\/span><\/p>\n<\/blockquote>\n<p style=\"text-align: justify;\"><span style=\"font-size: 16px;\">Cada binomio madre-hija es \u00fanico. Cada c\u00e1ncer tambi\u00e9n. Cada animal que usamos en la literatura para representar, fertilidad, creaci\u00f3n, seres lunares, pascuas, fortuna o la persecuci\u00f3n ciega hacia la aventura es un \u201dotro\u201d conejo blanco. <strong>Mary Toft<\/strong>, <strong>Julio Cort\u00e1zar<\/strong>, <strong>Lewis Carroll<\/strong> o <strong><em>Matrix<\/em><\/strong> &#8211; la saga hecha por las hermanas Wachowsky &#8211; cada uno de estos autores ha tenido una propuesta diferenciada en la funci\u00f3n del conejo como s\u00edmbolo.<\/span><\/p>\n<p><img loading=\"lazy\" decoding=\"async\" class=\"aligncenter wp-image-4453 \" title=\"Y la muerte no tendr\u00e1 dominio\" src=\"https:\/\/lascriticas.com\/wp-content\/uploads\/2021\/06\/Y-la-muerte-no-tendra-dominio.jpg\" alt=\"\" width=\"249\" height=\"415\" \/><\/p>\n<p style=\"text-align: justify;\"><span style=\"font-size: 16px;\"><strong>Guerrero Peirano<\/strong> nos lleva a la madriguera de su universo propio y a su complejo binomio madre e hija, y aqu\u00ed se dividen en dos: conejo y liebre.<span class=\"Apple-converted-space\">\u00a0 <\/span>El mismo ejemplar puede ser predador o presa, esclavo o libre.<span class=\"Apple-converted-space\">\u00a0 <\/span>Ella les llama Celadora y Estremecida, Victoria usa la etimolog\u00eda latina para cubrir la necesidad de llamar desde sus roles sensibles para conseguir diferenciarse de todos los dem\u00e1s conejos literarios. Las de Victoria son conejas g\u00f3ticas<span class=\"Apple-converted-space\">\u00a0 <\/span>a pesar de su discapacidad y estar \u201cperuanamente\u201d heridas; Estremecida es tan coneja, tan ilusoria como los conejos de Mary, de Julio, de Alicia o de Neo. Entonces de esta particularidad que trata de reinventar el mundo amit\u00f3tico y lo que se genera cuando se rompe, resulta el privado Universo <b>Madre que no sabe amar<\/b> y <b>Universo Hija poeta<\/b> explicando las diferencias sustanciales de otras madres y otras hijas, volvemos al s\u00edmbolo en tensi\u00f3n, siempre inabarcable entre la vida y la muerte.<span class=\"Apple-converted-space\">\u00a0<\/span><\/span><\/p>\n<p style=\"text-align: justify;\"><span style=\"font-size: 16px;\">En el cristianismo, el conejo es el gran emblema de la fertilidad, a tal punto que se vuelve capaz de \u201cponer huevos\u201d, en las fiestas cristianas. Sin embargo, se sit\u00faa en el imaginario de Guerrero, no s\u00f3lo como coneja \u201cponedora\u201d o dadora de vida, sino como un vac\u00edo potencial que no s\u00f3lo va a permitir la animalidad de lo humano, sino que va a humanizar lo animal. El cuerpo nace, se enferma, se reproduce y muere. Esa ecuaci\u00f3n quiso ser salvada por <strong>Dylan Thomas<\/strong> en un exceso de idealismo rom\u00e1ntico trascendental en su poema \u201cY la muerte no tendr\u00e1 dominio \u201c(<em>The best poems of Dylan Thomas<\/em>) que es una oda al amor sublimado. En el caso de <strong>Victoria<\/strong>, la Celadora y la Estremecida buscan la eternidad a trav\u00e9s de este poeta extranjero y masculino, porque en la celda dial\u00e9ctica lime\u00f1a que habitan, eso resultar\u00eda imposible.<\/span><\/p>\n<p style=\"text-align: justify;\"><span style=\"font-size: 16px;\">\u00bfY ahora qu\u00e9 har\u00e1 la poeta con su ansiada y buscada libertad?<span class=\"Apple-converted-space\">\u00a0<\/span><\/span><\/p>\n<p style=\"text-align: justify;\"><span style=\"font-size: 16px;\">En este texto, entre auto ficcional y profundamente er\u00f3tico. (A pesar de los paseos por el hospital p\u00fablico, el c\u00e1ncer como umbral hacia la descomposici\u00f3n del cuerpo, a pesar de la infertilidad nazi, a pesar de reducir a la madre a un bulto en la noche). Guerrero Peirano usa dos grandes referencias de la literatura universal, la coneja (no es un conejo, es una hembra) y uno de los poemas metaf\u00edsicos m\u00e1s bellos de Thomas con un subrayado misterioso b<strong>uscando<span class=\"Apple-converted-space\">\u00a0<\/span>desdecir una necesaria afirmaci\u00f3n de la eternidad<span class=\"Apple-converted-space\">\u00a0<\/span>por excelencia<\/strong>.<\/span><\/p>\n<p style=\"text-align: justify;\"><span style=\"font-size: 16px;\">Estremecida, tiene una voz discapacitada, una voz que grita por la vida, para que la muerte no la alcance, pero los referentes materiales de la propia historia peruana y sus avatares<span class=\"Apple-converted-space\">\u00a0 <\/span>biogr\u00e1ficos:<span class=\"Apple-converted-space\">\u00a0<\/span>la Voz se siente reducida a su biolog\u00eda, al cuerpo, la enfermedad, la presencia de otros actores en el escenario como el padre, la hermana, el novio de pelo largo, las t\u00edas, los amigos, la universidad, todos son excusas para tachar la vida y dejar que el peso de la negra cronolog\u00eda<span class=\"Apple-converted-space\">\u00a0 <\/span>de un v\u00ednculo atosigador gane la batalla.<\/span><\/p>\n<p style=\"text-align: justify;\"><span style=\"font-size: 16px;\">Desde el t\u00edtulo tachado, la voz po\u00e9tica entra en una tensi\u00f3n insalvable.<span class=\"Apple-converted-space\">\u00a0<\/span><\/span><\/p>\n<blockquote>\n<p style=\"text-align: justify;\"><span style=\"font-size: 16px;\">\u201cLa muerte es obscena<\/span><\/p>\n<p style=\"text-align: justify;\"><span style=\"font-size: 16px;\">Mi madre era un bulto en la cama\u201d<\/span><\/p>\n<\/blockquote>\n<p style=\"text-align: justify;\"><span style=\"font-size: 16px;\">La poeta va con su bistur\u00ed aterrado directo a lo inefable: el fin de la materia. Porque en la construcci\u00f3n de ese binomio, ellas no quisieron seguir al conejo blanco, sino quedarse con la \u201cespina clavada\u201d (la coneja enferma)<span class=\"Apple-converted-space\">\u00a0<\/span>y el opaco mundo de una Lima que disgrega o afecta a sus intelectuales por elementos externos, como la belleza:<\/span><\/p>\n<blockquote>\n<p style=\"text-align: justify;\"><span style=\"font-size: 16px;\">\u201dSi, ten\u00eda una espina clavada en la garganta y no era bella\u201d<\/span><\/p>\n<\/blockquote>\n<p style=\"text-align: justify;\"><span style=\"font-size: 16px;\">La poeta ha buscado su libertad desde el inicio, en<span class=\"Apple-converted-space\">\u00a0<\/span>sus viajes, su universidad sus aviones: todo lo que la diferencia de la madre. Pero cuando consigue esa ansiada libertad, cuando ella o Estremecida podr\u00edan irse corriendo y escapar por fin de las costuras de la prodigiosa memoria materna o de las comparaciones, resulta una tacha, un borr\u00f3n, una contradicci\u00f3n que paraliza.<\/span><\/p>\n<p style=\"text-align: justify;\"><span style=\"font-size: 16px;\">Dice Guerrero Peirano, que cuando un conejo entra en los sue\u00f1os algo no est\u00e1 bien. Una coneja que cela y una coneja que estremece. Conejas que no tienen nada que ver con las otras conejas literarias, conejas que odian y quieren matar, conejas que van descubriendo su papel en la historia de la libertad, pero que contin\u00faan buscando como humanizarse y asumir lo terrible y bello de una libertad despu\u00e9s del<span class=\"Apple-converted-space\">\u00a0 <\/span>cuerpo y sus circunstancias.<\/span><\/p>\n<p style=\"text-align: justify;\"><span style=\"font-size: 16px;\"><strong><span class=\"Apple-converted-space\">Guerrero, Victoria. <em>Y la muerte no tendr\u00e1 dominio<\/em>. Fondo de Cultura econ\u00f3mica. Premio Nacional de Literatura. Per\u00fa, 2020.<\/span><\/strong><\/span><\/p>\n<hr \/>\n<p style=\"text-align: justify;\"><span style=\"font-family: 'trebuchet ms', geneva, sans-serif; font-size: 16px;\"><strong>Victoria Guerrero Peirano<\/strong> (Lima, 1971) es poeta,\u00a0escritora, investigadora, catedr\u00e1tica y activista feminista. Ha publicado numerosos libros de poes\u00eda, entre los que destacan <em>Berl\u00edn<\/em> y\u00a0<i>En un mundo de abdicaciones<\/i>. La novela <i>Un golpe de dados. Novelita sentimental peque\u00f1o burguesa.\u00a0<\/i><em>Y la muerte no tendr\u00e1 dominio<\/em> es su primer libro de no ficci\u00f3n, y mereci\u00f3 el Premio Nacional de Literatura 2020.<\/span><\/p>\n<p><a href=\"https:\/\/lascriticas.com\/index.php\/lascriticas\/julia-wong\/\"><strong><span style=\"font-family: 'trebuchet ms', geneva, sans-serif; font-size: 16px;\">Acerca de Julia Wong<\/span><\/strong><\/a><\/p>\n","protected":false},"excerpt":{"rendered":"<p>Y la muerte no tendr\u00e1 dominio, de Victoria Guerrero \u00ab\u2026estaba cansada do esforco de\u00a0 animal liberado\u00bb (Clarice Lispector) Cada binomio madre-hija es \u00fanico. Cada c\u00e1ncer tambi\u00e9n. Cada animal que usamos en la literatura para representar, fertilidad, creaci\u00f3n, seres lunares, pascuas, fortuna o la persecuci\u00f3n ciega hacia la aventura es un \u201dotro\u201d conejo blanco. Mary Toft,&#8230;<\/p>\n","protected":false},"author":12,"featured_media":4450,"comment_status":"open","ping_status":"open","sticky":false,"template":"","format":"standard","meta":{"footnotes":""},"categories":[849,37],"tags":[98,253,923,71,621,51,320,225,678,110,447,55,924,311],"yoast_head":"<!-- This site is optimized with the Yoast SEO plugin v23.5 - https:\/\/yoast.com\/wordpress\/plugins\/seo\/ -->\n<title>Y la muerte no tendr\u00e1 dominio, de Victoria Guerrero - Las Cr\u00edticas<\/title>\n<meta name=\"description\" content=\"Julia Wong escribe acerca del libro de no ficci\u00f3n Y la muerte no tendr\u00e1 dominio, de la escritora y poeta peruana Victoria Guerrero Peirano.\" \/>\n<meta name=\"robots\" content=\"index, follow, max-snippet:-1, max-image-preview:large, max-video-preview:-1\" \/>\n<link rel=\"canonical\" href=\"https:\/\/lascriticas.com\/index.php\/2021\/06\/14\/y-la-muerte-no-tendra-dominio-de-victoria-guerrero\/\" \/>\n<meta property=\"og:locale\" content=\"es_ES\" \/>\n<meta property=\"og:type\" content=\"article\" \/>\n<meta property=\"og:title\" content=\"Y la muerte no tendr\u00e1 dominio, de Victoria Guerrero - Las Cr\u00edticas\" \/>\n<meta property=\"og:description\" content=\"Julia Wong escribe acerca del libro de no ficci\u00f3n Y la muerte no tendr\u00e1 dominio, de la escritora y poeta peruana Victoria Guerrero Peirano.\" \/>\n<meta property=\"og:url\" content=\"https:\/\/lascriticas.com\/index.php\/2021\/06\/14\/y-la-muerte-no-tendra-dominio-de-victoria-guerrero\/\" \/>\n<meta property=\"og:site_name\" content=\"Las Cr\u00edticas\" \/>\n<meta property=\"article:publisher\" content=\"https:\/\/www.facebook.com\/lascriticas\/\" \/>\n<meta property=\"article:published_time\" content=\"2021-06-14T21:36:51+00:00\" \/>\n<meta property=\"article:modified_time\" content=\"2021-06-14T21:42:25+00:00\" \/>\n<meta property=\"og:image\" content=\"https:\/\/lascriticas.com\/wp-content\/uploads\/2021\/06\/Victoria-Guerrero.jpg\" \/>\n\t<meta property=\"og:image:width\" content=\"1080\" \/>\n\t<meta property=\"og:image:height\" content=\"530\" \/>\n\t<meta property=\"og:image:type\" content=\"image\/jpeg\" \/>\n<meta name=\"author\" content=\"Julia Wong\" \/>\n<meta name=\"twitter:card\" content=\"summary_large_image\" \/>\n<meta name=\"twitter:creator\" content=\"@LasCriticas_com\" \/>\n<meta name=\"twitter:site\" content=\"@LasCriticas_com\" \/>\n<meta name=\"twitter:label1\" content=\"Escrito por\" \/>\n\t<meta name=\"twitter:data1\" content=\"Julia Wong\" \/>\n\t<meta name=\"twitter:label2\" content=\"Tiempo de lectura\" \/>\n\t<meta name=\"twitter:data2\" content=\"5 minutos\" \/>\n<script type=\"application\/ld+json\" class=\"yoast-schema-graph\">{\"@context\":\"https:\/\/schema.org\",\"@graph\":[{\"@type\":\"Article\",\"@id\":\"https:\/\/lascriticas.com\/index.php\/2021\/06\/14\/y-la-muerte-no-tendra-dominio-de-victoria-guerrero\/#article\",\"isPartOf\":{\"@id\":\"https:\/\/lascriticas.com\/index.php\/2021\/06\/14\/y-la-muerte-no-tendra-dominio-de-victoria-guerrero\/\"},\"author\":{\"name\":\"Julia Wong\",\"@id\":\"https:\/\/lascriticas.com\/#\/schema\/person\/1a1d1da1e273ed112607e61092386186\"},\"headline\":\"Y la muerte no tendr\u00e1 dominio, de Victoria Guerrero\",\"datePublished\":\"2021-06-14T21:36:51+00:00\",\"dateModified\":\"2021-06-14T21:42:25+00:00\",\"mainEntityOfPage\":{\"@id\":\"https:\/\/lascriticas.com\/index.php\/2021\/06\/14\/y-la-muerte-no-tendra-dominio-de-victoria-guerrero\/\"},\"wordCount\":954,\"commentCount\":1,\"publisher\":{\"@id\":\"https:\/\/lascriticas.com\/#organization\"},\"image\":{\"@id\":\"https:\/\/lascriticas.com\/index.php\/2021\/06\/14\/y-la-muerte-no-tendra-dominio-de-victoria-guerrero\/#primaryimage\"},\"thumbnailUrl\":\"https:\/\/lascriticas.com\/wp-content\/uploads\/2021\/06\/Victoria-Guerrero.jpg\",\"keywords\":[\"amor\",\"autoficci\u00f3n\",\"c\u00e1ncer\",\"cuerpo\",\"enfermedad\",\"familia\",\"hija\",\"madre\",\"madre e hija\",\"muerte\",\"No ficci\u00f3n\",\"poes\u00eda\",\"Premio Nacional de Literatura\",\"vida\"],\"articleSection\":[\"No ficci\u00f3n\",\"Rese\u00f1as\"],\"inLanguage\":\"es\",\"potentialAction\":[{\"@type\":\"CommentAction\",\"name\":\"Comment\",\"target\":[\"https:\/\/lascriticas.com\/index.php\/2021\/06\/14\/y-la-muerte-no-tendra-dominio-de-victoria-guerrero\/#respond\"]}]},{\"@type\":\"WebPage\",\"@id\":\"https:\/\/lascriticas.com\/index.php\/2021\/06\/14\/y-la-muerte-no-tendra-dominio-de-victoria-guerrero\/\",\"url\":\"https:\/\/lascriticas.com\/index.php\/2021\/06\/14\/y-la-muerte-no-tendra-dominio-de-victoria-guerrero\/\",\"name\":\"Y la muerte no tendr\u00e1 dominio, de Victoria Guerrero - Las Cr\u00edticas\",\"isPartOf\":{\"@id\":\"https:\/\/lascriticas.com\/#website\"},\"primaryImageOfPage\":{\"@id\":\"https:\/\/lascriticas.com\/index.php\/2021\/06\/14\/y-la-muerte-no-tendra-dominio-de-victoria-guerrero\/#primaryimage\"},\"image\":{\"@id\":\"https:\/\/lascriticas.com\/index.php\/2021\/06\/14\/y-la-muerte-no-tendra-dominio-de-victoria-guerrero\/#primaryimage\"},\"thumbnailUrl\":\"https:\/\/lascriticas.com\/wp-content\/uploads\/2021\/06\/Victoria-Guerrero.jpg\",\"datePublished\":\"2021-06-14T21:36:51+00:00\",\"dateModified\":\"2021-06-14T21:42:25+00:00\",\"description\":\"Julia Wong escribe acerca del libro de no ficci\u00f3n Y la muerte no tendr\u00e1 dominio, de la escritora y poeta peruana Victoria Guerrero Peirano.\",\"breadcrumb\":{\"@id\":\"https:\/\/lascriticas.com\/index.php\/2021\/06\/14\/y-la-muerte-no-tendra-dominio-de-victoria-guerrero\/#breadcrumb\"},\"inLanguage\":\"es\",\"potentialAction\":[{\"@type\":\"ReadAction\",\"target\":[\"https:\/\/lascriticas.com\/index.php\/2021\/06\/14\/y-la-muerte-no-tendra-dominio-de-victoria-guerrero\/\"]}]},{\"@type\":\"ImageObject\",\"inLanguage\":\"es\",\"@id\":\"https:\/\/lascriticas.com\/index.php\/2021\/06\/14\/y-la-muerte-no-tendra-dominio-de-victoria-guerrero\/#primaryimage\",\"url\":\"https:\/\/lascriticas.com\/wp-content\/uploads\/2021\/06\/Victoria-Guerrero.jpg\",\"contentUrl\":\"https:\/\/lascriticas.com\/wp-content\/uploads\/2021\/06\/Victoria-Guerrero.jpg\",\"width\":1080,\"height\":530},{\"@type\":\"BreadcrumbList\",\"@id\":\"https:\/\/lascriticas.com\/index.php\/2021\/06\/14\/y-la-muerte-no-tendra-dominio-de-victoria-guerrero\/#breadcrumb\",\"itemListElement\":[{\"@type\":\"ListItem\",\"position\":1,\"name\":\"Inicio\",\"item\":\"https:\/\/lascriticas.com\/\"},{\"@type\":\"ListItem\",\"position\":2,\"name\":\"Y la muerte no tendr\u00e1 dominio, de Victoria Guerrero\"}]},{\"@type\":\"WebSite\",\"@id\":\"https:\/\/lascriticas.com\/#website\",\"url\":\"https:\/\/lascriticas.com\/\",\"name\":\"Las Cr\u00edticas\",\"description\":\"Cr\u00edtica literaria hecha por mujeres\",\"publisher\":{\"@id\":\"https:\/\/lascriticas.com\/#organization\"},\"potentialAction\":[{\"@type\":\"SearchAction\",\"target\":{\"@type\":\"EntryPoint\",\"urlTemplate\":\"https:\/\/lascriticas.com\/?s={search_term_string}\"},\"query-input\":{\"@type\":\"PropertyValueSpecification\",\"valueRequired\":true,\"valueName\":\"search_term_string\"}}],\"inLanguage\":\"es\"},{\"@type\":\"Organization\",\"@id\":\"https:\/\/lascriticas.com\/#organization\",\"name\":\"Las Cr\u00edticas\",\"url\":\"https:\/\/lascriticas.com\/\",\"logo\":{\"@type\":\"ImageObject\",\"inLanguage\":\"es\",\"@id\":\"https:\/\/lascriticas.com\/#\/schema\/logo\/image\/\",\"url\":\"https:\/\/lascriticas.com\/wp-content\/uploads\/2016\/09\/Las-Cr\u00edticas.png\",\"contentUrl\":\"https:\/\/lascriticas.com\/wp-content\/uploads\/2016\/09\/Las-Cr\u00edticas.png\",\"width\":372,\"height\":201,\"caption\":\"Las Cr\u00edticas\"},\"image\":{\"@id\":\"https:\/\/lascriticas.com\/#\/schema\/logo\/image\/\"},\"sameAs\":[\"https:\/\/www.facebook.com\/lascriticas\/\",\"https:\/\/x.com\/LasCriticas_com\",\"https:\/\/www.instagram.com\/lascriticas_com\/\",\"https:\/\/www.youtube.com\/channel\/UCd7r-H6EJA4sSXGLX33_iHQ\"]},{\"@type\":\"Person\",\"@id\":\"https:\/\/lascriticas.com\/#\/schema\/person\/1a1d1da1e273ed112607e61092386186\",\"name\":\"Julia Wong\",\"image\":{\"@type\":\"ImageObject\",\"inLanguage\":\"es\",\"@id\":\"https:\/\/lascriticas.com\/#\/schema\/person\/image\/\",\"url\":\"https:\/\/secure.gravatar.com\/avatar\/d513dc4e3f6b0bec1dfed5d367952e0a?s=96&d=mm&r=g\",\"contentUrl\":\"https:\/\/secure.gravatar.com\/avatar\/d513dc4e3f6b0bec1dfed5d367952e0a?s=96&d=mm&r=g\",\"caption\":\"Julia Wong\"},\"url\":\"https:\/\/lascriticas.com\/index.php\/author\/julia-wong\/\"}]}<\/script>\n<!-- \/ Yoast SEO plugin. -->","yoast_head_json":{"title":"Y la muerte no tendr\u00e1 dominio, de Victoria Guerrero - Las Cr\u00edticas","description":"Julia Wong escribe acerca del libro de no ficci\u00f3n Y la muerte no tendr\u00e1 dominio, de la escritora y poeta peruana Victoria Guerrero Peirano.","robots":{"index":"index","follow":"follow","max-snippet":"max-snippet:-1","max-image-preview":"max-image-preview:large","max-video-preview":"max-video-preview:-1"},"canonical":"https:\/\/lascriticas.com\/index.php\/2021\/06\/14\/y-la-muerte-no-tendra-dominio-de-victoria-guerrero\/","og_locale":"es_ES","og_type":"article","og_title":"Y la muerte no tendr\u00e1 dominio, de Victoria Guerrero - Las Cr\u00edticas","og_description":"Julia Wong escribe acerca del libro de no ficci\u00f3n Y la muerte no tendr\u00e1 dominio, de la escritora y poeta peruana Victoria Guerrero Peirano.","og_url":"https:\/\/lascriticas.com\/index.php\/2021\/06\/14\/y-la-muerte-no-tendra-dominio-de-victoria-guerrero\/","og_site_name":"Las Cr\u00edticas","article_publisher":"https:\/\/www.facebook.com\/lascriticas\/","article_published_time":"2021-06-14T21:36:51+00:00","article_modified_time":"2021-06-14T21:42:25+00:00","og_image":[{"width":1080,"height":530,"url":"https:\/\/lascriticas.com\/wp-content\/uploads\/2021\/06\/Victoria-Guerrero.jpg","type":"image\/jpeg"}],"author":"Julia Wong","twitter_card":"summary_large_image","twitter_creator":"@LasCriticas_com","twitter_site":"@LasCriticas_com","twitter_misc":{"Escrito por":"Julia Wong","Tiempo de lectura":"5 minutos"},"schema":{"@context":"https:\/\/schema.org","@graph":[{"@type":"Article","@id":"https:\/\/lascriticas.com\/index.php\/2021\/06\/14\/y-la-muerte-no-tendra-dominio-de-victoria-guerrero\/#article","isPartOf":{"@id":"https:\/\/lascriticas.com\/index.php\/2021\/06\/14\/y-la-muerte-no-tendra-dominio-de-victoria-guerrero\/"},"author":{"name":"Julia Wong","@id":"https:\/\/lascriticas.com\/#\/schema\/person\/1a1d1da1e273ed112607e61092386186"},"headline":"Y la muerte no tendr\u00e1 dominio, de Victoria Guerrero","datePublished":"2021-06-14T21:36:51+00:00","dateModified":"2021-06-14T21:42:25+00:00","mainEntityOfPage":{"@id":"https:\/\/lascriticas.com\/index.php\/2021\/06\/14\/y-la-muerte-no-tendra-dominio-de-victoria-guerrero\/"},"wordCount":954,"commentCount":1,"publisher":{"@id":"https:\/\/lascriticas.com\/#organization"},"image":{"@id":"https:\/\/lascriticas.com\/index.php\/2021\/06\/14\/y-la-muerte-no-tendra-dominio-de-victoria-guerrero\/#primaryimage"},"thumbnailUrl":"https:\/\/lascriticas.com\/wp-content\/uploads\/2021\/06\/Victoria-Guerrero.jpg","keywords":["amor","autoficci\u00f3n","c\u00e1ncer","cuerpo","enfermedad","familia","hija","madre","madre e hija","muerte","No ficci\u00f3n","poes\u00eda","Premio Nacional de Literatura","vida"],"articleSection":["No ficci\u00f3n","Rese\u00f1as"],"inLanguage":"es","potentialAction":[{"@type":"CommentAction","name":"Comment","target":["https:\/\/lascriticas.com\/index.php\/2021\/06\/14\/y-la-muerte-no-tendra-dominio-de-victoria-guerrero\/#respond"]}]},{"@type":"WebPage","@id":"https:\/\/lascriticas.com\/index.php\/2021\/06\/14\/y-la-muerte-no-tendra-dominio-de-victoria-guerrero\/","url":"https:\/\/lascriticas.com\/index.php\/2021\/06\/14\/y-la-muerte-no-tendra-dominio-de-victoria-guerrero\/","name":"Y la muerte no tendr\u00e1 dominio, de Victoria Guerrero - Las Cr\u00edticas","isPartOf":{"@id":"https:\/\/lascriticas.com\/#website"},"primaryImageOfPage":{"@id":"https:\/\/lascriticas.com\/index.php\/2021\/06\/14\/y-la-muerte-no-tendra-dominio-de-victoria-guerrero\/#primaryimage"},"image":{"@id":"https:\/\/lascriticas.com\/index.php\/2021\/06\/14\/y-la-muerte-no-tendra-dominio-de-victoria-guerrero\/#primaryimage"},"thumbnailUrl":"https:\/\/lascriticas.com\/wp-content\/uploads\/2021\/06\/Victoria-Guerrero.jpg","datePublished":"2021-06-14T21:36:51+00:00","dateModified":"2021-06-14T21:42:25+00:00","description":"Julia Wong escribe acerca del libro de no ficci\u00f3n Y la muerte no tendr\u00e1 dominio, de la escritora y poeta peruana Victoria Guerrero Peirano.","breadcrumb":{"@id":"https:\/\/lascriticas.com\/index.php\/2021\/06\/14\/y-la-muerte-no-tendra-dominio-de-victoria-guerrero\/#breadcrumb"},"inLanguage":"es","potentialAction":[{"@type":"ReadAction","target":["https:\/\/lascriticas.com\/index.php\/2021\/06\/14\/y-la-muerte-no-tendra-dominio-de-victoria-guerrero\/"]}]},{"@type":"ImageObject","inLanguage":"es","@id":"https:\/\/lascriticas.com\/index.php\/2021\/06\/14\/y-la-muerte-no-tendra-dominio-de-victoria-guerrero\/#primaryimage","url":"https:\/\/lascriticas.com\/wp-content\/uploads\/2021\/06\/Victoria-Guerrero.jpg","contentUrl":"https:\/\/lascriticas.com\/wp-content\/uploads\/2021\/06\/Victoria-Guerrero.jpg","width":1080,"height":530},{"@type":"BreadcrumbList","@id":"https:\/\/lascriticas.com\/index.php\/2021\/06\/14\/y-la-muerte-no-tendra-dominio-de-victoria-guerrero\/#breadcrumb","itemListElement":[{"@type":"ListItem","position":1,"name":"Inicio","item":"https:\/\/lascriticas.com\/"},{"@type":"ListItem","position":2,"name":"Y la muerte no tendr\u00e1 dominio, de Victoria Guerrero"}]},{"@type":"WebSite","@id":"https:\/\/lascriticas.com\/#website","url":"https:\/\/lascriticas.com\/","name":"Las Cr\u00edticas","description":"Cr\u00edtica literaria hecha por mujeres","publisher":{"@id":"https:\/\/lascriticas.com\/#organization"},"potentialAction":[{"@type":"SearchAction","target":{"@type":"EntryPoint","urlTemplate":"https:\/\/lascriticas.com\/?s={search_term_string}"},"query-input":{"@type":"PropertyValueSpecification","valueRequired":true,"valueName":"search_term_string"}}],"inLanguage":"es"},{"@type":"Organization","@id":"https:\/\/lascriticas.com\/#organization","name":"Las Cr\u00edticas","url":"https:\/\/lascriticas.com\/","logo":{"@type":"ImageObject","inLanguage":"es","@id":"https:\/\/lascriticas.com\/#\/schema\/logo\/image\/","url":"https:\/\/lascriticas.com\/wp-content\/uploads\/2016\/09\/Las-Cr\u00edticas.png","contentUrl":"https:\/\/lascriticas.com\/wp-content\/uploads\/2016\/09\/Las-Cr\u00edticas.png","width":372,"height":201,"caption":"Las Cr\u00edticas"},"image":{"@id":"https:\/\/lascriticas.com\/#\/schema\/logo\/image\/"},"sameAs":["https:\/\/www.facebook.com\/lascriticas\/","https:\/\/x.com\/LasCriticas_com","https:\/\/www.instagram.com\/lascriticas_com\/","https:\/\/www.youtube.com\/channel\/UCd7r-H6EJA4sSXGLX33_iHQ"]},{"@type":"Person","@id":"https:\/\/lascriticas.com\/#\/schema\/person\/1a1d1da1e273ed112607e61092386186","name":"Julia Wong","image":{"@type":"ImageObject","inLanguage":"es","@id":"https:\/\/lascriticas.com\/#\/schema\/person\/image\/","url":"https:\/\/secure.gravatar.com\/avatar\/d513dc4e3f6b0bec1dfed5d367952e0a?s=96&d=mm&r=g","contentUrl":"https:\/\/secure.gravatar.com\/avatar\/d513dc4e3f6b0bec1dfed5d367952e0a?s=96&d=mm&r=g","caption":"Julia Wong"},"url":"https:\/\/lascriticas.com\/index.php\/author\/julia-wong\/"}]}},"_links":{"self":[{"href":"https:\/\/lascriticas.com\/index.php\/wp-json\/wp\/v2\/posts\/4424"}],"collection":[{"href":"https:\/\/lascriticas.com\/index.php\/wp-json\/wp\/v2\/posts"}],"about":[{"href":"https:\/\/lascriticas.com\/index.php\/wp-json\/wp\/v2\/types\/post"}],"author":[{"embeddable":true,"href":"https:\/\/lascriticas.com\/index.php\/wp-json\/wp\/v2\/users\/12"}],"replies":[{"embeddable":true,"href":"https:\/\/lascriticas.com\/index.php\/wp-json\/wp\/v2\/comments?post=4424"}],"version-history":[{"count":7,"href":"https:\/\/lascriticas.com\/index.php\/wp-json\/wp\/v2\/posts\/4424\/revisions"}],"predecessor-version":[{"id":4455,"href":"https:\/\/lascriticas.com\/index.php\/wp-json\/wp\/v2\/posts\/4424\/revisions\/4455"}],"wp:featuredmedia":[{"embeddable":true,"href":"https:\/\/lascriticas.com\/index.php\/wp-json\/wp\/v2\/media\/4450"}],"wp:attachment":[{"href":"https:\/\/lascriticas.com\/index.php\/wp-json\/wp\/v2\/media?parent=4424"}],"wp:term":[{"taxonomy":"category","embeddable":true,"href":"https:\/\/lascriticas.com\/index.php\/wp-json\/wp\/v2\/categories?post=4424"},{"taxonomy":"post_tag","embeddable":true,"href":"https:\/\/lascriticas.com\/index.php\/wp-json\/wp\/v2\/tags?post=4424"}],"curies":[{"name":"wp","href":"https:\/\/api.w.org\/{rel}","templated":true}]}}