{"id":4323,"date":"2021-04-03T20:39:35","date_gmt":"2021-04-03T18:39:35","guid":{"rendered":"https:\/\/lascriticas.com\/?p=4323"},"modified":"2024-07-15T17:45:53","modified_gmt":"2024-07-15T15:45:53","slug":"al-final-del-miedo-de-cecilia-eudave","status":"publish","type":"post","link":"https:\/\/lascriticas.com\/index.php\/2021\/04\/03\/al-final-del-miedo-de-cecilia-eudave\/","title":{"rendered":"Al final del miedo, de Cecilia Eudave"},"content":{"rendered":"<h1><span style=\"color: #ffffff; font-size: 20px;\">Al final del miedo<\/span><\/h1>\n<p style=\"text-align: justify;\"><span style=\"font-family: georgia, palatino, serif; font-size: 16px;\">Al llegar a la \u00faltima p\u00e1gina de <em><b>Al final del miedo<\/b><\/em>, libro de la escritora mexicana <strong>Cecilia Eudave<\/strong>, he quedado con una sensaci\u00f3n de hoyo negro en el alma y con muchas, muchas preguntas. Es de noche en mi sala y, en medio de mi propia oscuridad, intento analizar, procesar esto que ha provocado en m\u00ed un libro que abre agujeros, boquetes, hoyos, socavones, depresiones en cualquiera que se interne en sus p\u00e1ginas. Entonces decido ensayar un peque\u00f1o texto para invitarles a ustedes, que ahora me leen, a internarse en los pasillos, rincones y laberintos de <strong>este libro tan enigm\u00e1tico y seductor<\/strong> como su autora.<span class=\"Apple-converted-space\">\u00a0<\/span><\/span><\/p>\n<p><img loading=\"lazy\" decoding=\"async\" class=\"aligncenter wp-image-4329\" title=\"Al final del miedo\" src=\"https:\/\/lascriticas.com\/wp-content\/uploads\/2021\/04\/16115661259788483932872_04_h-scaled.jpg\" alt=\"\" width=\"282\" height=\"451\" srcset=\"https:\/\/lascriticas.com\/wp-content\/uploads\/2021\/04\/16115661259788483932872_04_h-scaled.jpg 1600w, https:\/\/lascriticas.com\/wp-content\/uploads\/2021\/04\/16115661259788483932872_04_h-768x1229.jpg 768w, https:\/\/lascriticas.com\/wp-content\/uploads\/2021\/04\/16115661259788483932872_04_h-960x1536.jpg 960w, https:\/\/lascriticas.com\/wp-content\/uploads\/2021\/04\/16115661259788483932872_04_h-1280x2048.jpg 1280w\" sizes=\"(max-width: 282px) 100vw, 282px\" \/><\/p>\n<p style=\"text-align: justify;\"><span style=\"font-family: georgia, palatino, serif; font-size: 16px;\">Huecos, agujeros oscuros que se instalan en nuestro interior. Huecos que est\u00e1n dentro y que tambi\u00e9n est\u00e1n afuera. Huecos que se engullen el amor, la esperanza, la luz, las relaciones, la amistad, la posibilidad de ser felices, el milagro de la vida. Hoyos donde se hunden los logros, la casa linda, la pareja perfecta, lo que nos prometieron que ser\u00eda la felicidad terrena. <strong>\u00abMundos posibles\u00bb<\/strong>, inexplicables, vac\u00edos, amargura y desconfianza en los otros y en uno mismo. Abres el libro y comienza la aventura.<span class=\"Apple-converted-space\">\u00a0 <strong>\u00ab<\/strong><\/span><strong>Siete minutos\u00bb<\/strong><span class=\"Apple-converted-space\">\u00a0 <\/span>y frente a nosotros el primer hueco donde cabe el vac\u00edo de una vida. Caf\u00e9, pereza, cigarrillo, resaca, tiempo, cigarrillo, trago, tiempo y la cascada de pruebas y reflexiones acerca de lo f\u00fatil, del fracaso, del sinsentido de las decisiones. De pronto una mujer diminuta arrastra al protagonista en una vor\u00e1gine de situaciones inusuales y entonces surge la certeza de lo ins\u00edpida o in\u00fatil que resulta la existencia frente a la muerte.<span class=\"Apple-converted-space\">\u00a0<\/span>Socavones oscuros en la memoria. Un <strong>\u00abSereno olvido\u00bb\u00a0<\/strong>en medio de la incertidumbre otorga cierta calma y respiro. \u00bfSer\u00e1 que estamos repletos de gente, repletos de la opini\u00f3n del otro, del juicio, la cr\u00edtica, el dedo se\u00f1alador, del pr\u00f3jimo, el pr\u00f3ximo? \u00bfAcaso el infierno es el otro? \u00bfSer\u00e1 que olvidarles nos trae algo de alivio? Y ser\u00e1 que el tedio de lo cotidiano, lo conocido, la certeza de saber que nada es suficiente, la comparaci\u00f3n con el otro, el deseo de ser el centro, aunque sea una vez, de sobresalir e impresionar, nos empujan a perseguir historias, internarnos en un mercado extra\u00f1o, con tiendas repletas de cosas, objetos diversos, in\u00fatiles o tal vez m\u00e1gicos tratando de encontrar algo que nos haga tan brillantes, interesantes como el otro\u2026 Internarse en mundos extra\u00f1os para lograr salir, as\u00ed sea <strong>\u00ab<\/strong><i><strong>Cazando un d\u00eda de campo\u00bb<\/strong>.<\/i><\/span><\/p>\n<p style=\"text-align: justify;\"><span style=\"font-family: georgia, palatino, serif; font-size: 16px;\">Otro tipo de agujero negro es la noche y sus antros secretos. Un mundo extra\u00f1o, inusual se abre de manera natural en medio de lo cotidiano. A los personajes los conduce el deseo de <i>\u201cprobar algo diferente para recobrar un poco de vitalidad, de euforia\u201d<\/i>. Arriesgarse y sumergirse detr\u00e1s de las puertas de mundos torcidos, violentos, nebulosos atiborrados de personajes dopados, alucinados, \u00bfreales o imaginados?, sacando a flote sus m\u00e1s profundos y retorcidos deseos, pidiendo tan solo <b>deja que sangre<\/b>.<span class=\"Apple-converted-space\">\u00a0 <\/span>Un socav\u00f3n negr\u00edsimo se hace en la cabeza de aquel que cree que busca <strong>\u00abLa verdad verdadera\u00bb<\/strong><b>. <\/b>\u00bfLo que creo es lo que creo, lo que veo y siento, es real? Hasta qu\u00e9 punto esos hoyos de afuera puede que ya<span class=\"Apple-converted-space\">\u00a0 <\/span>est\u00e9n adentro. Y, \u00bfno es un agujero enorme el que se instala en alma cuando t\u00fa sientes que no eres t\u00fa a pesar de ser t\u00fa? Tal vez la liberaci\u00f3n la encuentres en un <strong>\u00ab<\/strong><b>Hotel\u00bb\u00a0<\/b>de mala muerte donde te esp\u00eda aquel a quien no puedes ver. \u00bfAlucinaci\u00f3n o realidad? Alcohol, f\u00e1rmacos, dependencia, el otro que me roba lo que soy yo, o yo misma que no s\u00e9 a ciencia<span class=\"Apple-converted-space\">\u00a0 <\/span>cierta lo que soy o qui\u00e9n soy. El doble, el gemelo, la duda, el temor permanente, la gente que vive en esos<span class=\"Apple-converted-space\">\u00a0 <\/span>otros mundo posibles.<\/span><\/p>\n<p style=\"text-align: justify;\"><span style=\"font-family: georgia, palatino, serif; font-size: 16px;\">Hay boquetes que se instalan en medio de la convivencia. Boquetes que forman un agujero de silencios oscuros, pesados. La esperanza de que algo rellene ese agujero y lo desaparezca es solo un <strong>\u00abEspejismo\u00bb<\/strong>. Entonces, cualquier d\u00eda, el viaje que promete ser el descanso perfecto, la oportunidad so\u00f1ada para por fin tender un puente comunicante, un espacio compartido se ve golpeado por un bulto en el camino<span class=\"Apple-converted-space\">\u00a0 <\/span>y entonces se abre el gran agujero que les llevar\u00e1 hacia caminos inusitados.<\/span><\/p>\n<p style=\"text-align: justify;\"><span style=\"font-family: georgia, palatino, serif; font-size: 16px;\">Y los agujeros se tornan m\u00e1s<span class=\"Apple-converted-space\">\u00a0 <\/span>grandes, presentes, seductores. Y su negrura nos invita a saltar y el apocalipsis podr\u00eda estar cerca. Y las mentiras, las historias, las trampas, traiciones y tedios pronostican una vez m\u00e1s la ruptura. Pero tal vez una luz peque\u00f1\u00edsima de esperanza nos espere<span class=\"Apple-converted-space\">\u00a0<strong>\u00ab<\/strong><\/span><strong>Al final del miedo\u00bb<\/strong>.<\/span><\/p>\n<p><span style=\"font-family: georgia, palatino, serif; font-size: 16px;\"><strong>Eudave, Cecilia. <em>Al final del miedo<\/em>. P\u00e1ginas de espuma, 2021.<\/strong><\/span><\/p>\n<hr \/>\n<p style=\"text-align: justify;\"><span style=\"font-size: 16px; font-family: 'trebuchet ms', geneva, sans-serif;\"><b>Cecilia Eudave<\/b>\u00a0es narradora y ensayista mexicana. Entre su obra creativa se destaca:\u00a0<i>Registro de imposibles<\/i>\u00a0(cuentos, 2000, 2006, 2014),\u00a0<i>Bestiaria vida\u00a0<\/i>(novela, 2008, 2018), con la cual gan\u00f3 el premio de novela Juan Garc\u00eda Ponce,\u00a0<i>T\u00e9cnicamente humanos y otras historias extraviadas<\/i>\u00a0(cuentos, 2010),\u00a0<i>Para viajeros improbables\u00a0<\/i>(microrrelatos, 2011),\u00a0<i>En primera persona\u00a0<\/i>(cuentos, 2014),\u00a0<i>Aislados<\/i>\u00a0(novela, 2015) y\u00a0<i>Microcolapsos<\/i>\u00a0(microrrelato, 2017, 2019). Escribe tambi\u00e9n cuento infantil:\u00a0<i>Pap\u00e1 Oso\u00a0<\/i>(2010) y recientemente\u00a0<i>Bobot<\/i>\u00a0(2018), as\u00ed como novelas para j\u00f3venes. Ha sido traducida a varios idiomas y participado en\u00a0 antolog\u00edas y revistas tanto en su pa\u00eds como en el extranjero. Fue la escritora invitada de honor por el Ministerio de Deporte, Turismo y Cultura de Corea del Sur en 2014. En el 2016 se le otorg\u00f3 la C\u00e1tedra Am\u00e9rica Latina en Toulouse, Francia, y en el 2018 la C\u00e1tedra Dolores Castro por la Universidad Aut\u00f3noma de Aguascalientes, M\u00e9xico.<\/span><\/p>\n<p><a href=\"https:\/\/lascriticas.com\/index.php\/lascriticas\/kathy-serrano\/\"><span style=\"font-size: 16px; font-family: 'trebuchet ms', geneva, sans-serif;\"><strong>Acerca de Kathy Serrano<\/strong><\/span><\/a><\/p>\n<p>&nbsp;<\/p>\n","protected":false},"excerpt":{"rendered":"<p>Al final del miedo Al llegar a la \u00faltima p\u00e1gina de Al final del miedo, libro de la escritora mexicana Cecilia Eudave, he quedado con una sensaci\u00f3n de hoyo negro en el alma y con muchas, muchas preguntas. Es de noche en mi sala y, en medio de mi propia oscuridad, intento analizar, procesar esto&#8230;<\/p>\n","protected":false},"author":80,"featured_media":4364,"comment_status":"open","ping_status":"open","sticky":false,"template":"","format":"standard","meta":{"footnotes":""},"categories":[43,37],"tags":[529,512,871,389,868,471,110,88,342,227,869,870,835,491,872],"yoast_head":"<!-- This site is optimized with the Yoast SEO plugin v23.5 - https:\/\/yoast.com\/wordpress\/plugins\/seo\/ -->\n<title>Al final del miedo, de Cecilia Eudave - Las Cr\u00edticas<\/title>\n<meta name=\"description\" content=\"Al final del miedo Al llegar a la \u00faltima p\u00e1gina de Al final del miedo, libro de la escritora mexicana Cecilia Eudave, he quedado con una sensaci\u00f3n de hoyo\" \/>\n<meta name=\"robots\" content=\"index, follow, max-snippet:-1, max-image-preview:large, max-video-preview:-1\" \/>\n<link rel=\"canonical\" href=\"https:\/\/lascriticas.com\/index.php\/2021\/04\/03\/al-final-del-miedo-de-cecilia-eudave\/\" \/>\n<meta property=\"og:locale\" content=\"es_ES\" \/>\n<meta property=\"og:type\" content=\"article\" \/>\n<meta property=\"og:title\" content=\"Al final del miedo, de Cecilia Eudave - Las Cr\u00edticas\" \/>\n<meta property=\"og:description\" content=\"Al final del miedo Al llegar a la \u00faltima p\u00e1gina de Al final del miedo, libro de la escritora mexicana Cecilia Eudave, he quedado con una sensaci\u00f3n de hoyo\" \/>\n<meta property=\"og:url\" content=\"https:\/\/lascriticas.com\/index.php\/2021\/04\/03\/al-final-del-miedo-de-cecilia-eudave\/\" \/>\n<meta property=\"og:site_name\" content=\"Las Cr\u00edticas\" \/>\n<meta property=\"article:publisher\" content=\"https:\/\/www.facebook.com\/lascriticas\/\" \/>\n<meta property=\"article:published_time\" content=\"2021-04-03T18:39:35+00:00\" \/>\n<meta property=\"article:modified_time\" content=\"2024-07-15T15:45:53+00:00\" \/>\n<meta property=\"og:image\" content=\"https:\/\/lascriticas.com\/wp-content\/uploads\/2021\/05\/Cecilia-Eudave.jpeg\" \/>\n\t<meta property=\"og:image:width\" content=\"1080\" \/>\n\t<meta property=\"og:image:height\" content=\"530\" \/>\n\t<meta property=\"og:image:type\" content=\"image\/jpeg\" \/>\n<meta name=\"author\" content=\"Kathy Serrano\" \/>\n<meta name=\"twitter:card\" content=\"summary_large_image\" \/>\n<meta name=\"twitter:creator\" content=\"@LasCriticas_com\" \/>\n<meta name=\"twitter:site\" content=\"@LasCriticas_com\" \/>\n<meta name=\"twitter:label1\" content=\"Escrito por\" \/>\n\t<meta name=\"twitter:data1\" content=\"Kathy Serrano\" \/>\n\t<meta name=\"twitter:label2\" content=\"Tiempo de lectura\" \/>\n\t<meta name=\"twitter:data2\" content=\"5 minutos\" \/>\n<script type=\"application\/ld+json\" class=\"yoast-schema-graph\">{\"@context\":\"https:\/\/schema.org\",\"@graph\":[{\"@type\":\"Article\",\"@id\":\"https:\/\/lascriticas.com\/index.php\/2021\/04\/03\/al-final-del-miedo-de-cecilia-eudave\/#article\",\"isPartOf\":{\"@id\":\"https:\/\/lascriticas.com\/index.php\/2021\/04\/03\/al-final-del-miedo-de-cecilia-eudave\/\"},\"author\":{\"name\":\"Kathy Serrano\",\"@id\":\"https:\/\/lascriticas.com\/#\/schema\/person\/18fe2559cdc3b63081c7f433374ffef0\"},\"headline\":\"Al final del miedo, de Cecilia Eudave\",\"datePublished\":\"2021-04-03T18:39:35+00:00\",\"dateModified\":\"2024-07-15T15:45:53+00:00\",\"mainEntityOfPage\":{\"@id\":\"https:\/\/lascriticas.com\/index.php\/2021\/04\/03\/al-final-del-miedo-de-cecilia-eudave\/\"},\"wordCount\":962,\"commentCount\":0,\"publisher\":{\"@id\":\"https:\/\/lascriticas.com\/#organization\"},\"image\":{\"@id\":\"https:\/\/lascriticas.com\/index.php\/2021\/04\/03\/al-final-del-miedo-de-cecilia-eudave\/#primaryimage\"},\"thumbnailUrl\":\"https:\/\/lascriticas.com\/wp-content\/uploads\/2021\/05\/Cecilia-Eudave.jpeg\",\"keywords\":[\"cuentos\",\"doble\",\"espejismo\",\"imaginaci\u00f3n\",\"ins\u00f3lito\",\"miedo\",\"muerte\",\"mujer\",\"oscuridad\",\"pareja\",\"realidad\",\"realidades\",\"realidades paralelas\",\"relatos\",\"traici\u00f3n\"],\"articleSection\":[\"Ficci\u00f3n\",\"Rese\u00f1as\"],\"inLanguage\":\"es\",\"potentialAction\":[{\"@type\":\"CommentAction\",\"name\":\"Comment\",\"target\":[\"https:\/\/lascriticas.com\/index.php\/2021\/04\/03\/al-final-del-miedo-de-cecilia-eudave\/#respond\"]}]},{\"@type\":\"WebPage\",\"@id\":\"https:\/\/lascriticas.com\/index.php\/2021\/04\/03\/al-final-del-miedo-de-cecilia-eudave\/\",\"url\":\"https:\/\/lascriticas.com\/index.php\/2021\/04\/03\/al-final-del-miedo-de-cecilia-eudave\/\",\"name\":\"Al final del miedo, de Cecilia Eudave - Las Cr\u00edticas\",\"isPartOf\":{\"@id\":\"https:\/\/lascriticas.com\/#website\"},\"primaryImageOfPage\":{\"@id\":\"https:\/\/lascriticas.com\/index.php\/2021\/04\/03\/al-final-del-miedo-de-cecilia-eudave\/#primaryimage\"},\"image\":{\"@id\":\"https:\/\/lascriticas.com\/index.php\/2021\/04\/03\/al-final-del-miedo-de-cecilia-eudave\/#primaryimage\"},\"thumbnailUrl\":\"https:\/\/lascriticas.com\/wp-content\/uploads\/2021\/05\/Cecilia-Eudave.jpeg\",\"datePublished\":\"2021-04-03T18:39:35+00:00\",\"dateModified\":\"2024-07-15T15:45:53+00:00\",\"description\":\"Al final del miedo Al llegar a la \u00faltima p\u00e1gina de Al final del miedo, libro de la escritora mexicana Cecilia Eudave, he quedado con una sensaci\u00f3n de hoyo\",\"breadcrumb\":{\"@id\":\"https:\/\/lascriticas.com\/index.php\/2021\/04\/03\/al-final-del-miedo-de-cecilia-eudave\/#breadcrumb\"},\"inLanguage\":\"es\",\"potentialAction\":[{\"@type\":\"ReadAction\",\"target\":[\"https:\/\/lascriticas.com\/index.php\/2021\/04\/03\/al-final-del-miedo-de-cecilia-eudave\/\"]}]},{\"@type\":\"ImageObject\",\"inLanguage\":\"es\",\"@id\":\"https:\/\/lascriticas.com\/index.php\/2021\/04\/03\/al-final-del-miedo-de-cecilia-eudave\/#primaryimage\",\"url\":\"https:\/\/lascriticas.com\/wp-content\/uploads\/2021\/05\/Cecilia-Eudave.jpeg\",\"contentUrl\":\"https:\/\/lascriticas.com\/wp-content\/uploads\/2021\/05\/Cecilia-Eudave.jpeg\",\"width\":1080,\"height\":530},{\"@type\":\"BreadcrumbList\",\"@id\":\"https:\/\/lascriticas.com\/index.php\/2021\/04\/03\/al-final-del-miedo-de-cecilia-eudave\/#breadcrumb\",\"itemListElement\":[{\"@type\":\"ListItem\",\"position\":1,\"name\":\"Inicio\",\"item\":\"https:\/\/lascriticas.com\/\"},{\"@type\":\"ListItem\",\"position\":2,\"name\":\"Al final del miedo, de Cecilia Eudave\"}]},{\"@type\":\"WebSite\",\"@id\":\"https:\/\/lascriticas.com\/#website\",\"url\":\"https:\/\/lascriticas.com\/\",\"name\":\"Las Cr\u00edticas\",\"description\":\"Cr\u00edtica literaria hecha por mujeres\",\"publisher\":{\"@id\":\"https:\/\/lascriticas.com\/#organization\"},\"potentialAction\":[{\"@type\":\"SearchAction\",\"target\":{\"@type\":\"EntryPoint\",\"urlTemplate\":\"https:\/\/lascriticas.com\/?s={search_term_string}\"},\"query-input\":{\"@type\":\"PropertyValueSpecification\",\"valueRequired\":true,\"valueName\":\"search_term_string\"}}],\"inLanguage\":\"es\"},{\"@type\":\"Organization\",\"@id\":\"https:\/\/lascriticas.com\/#organization\",\"name\":\"Las Cr\u00edticas\",\"url\":\"https:\/\/lascriticas.com\/\",\"logo\":{\"@type\":\"ImageObject\",\"inLanguage\":\"es\",\"@id\":\"https:\/\/lascriticas.com\/#\/schema\/logo\/image\/\",\"url\":\"https:\/\/lascriticas.com\/wp-content\/uploads\/2016\/09\/Las-Cr\u00edticas.png\",\"contentUrl\":\"https:\/\/lascriticas.com\/wp-content\/uploads\/2016\/09\/Las-Cr\u00edticas.png\",\"width\":372,\"height\":201,\"caption\":\"Las Cr\u00edticas\"},\"image\":{\"@id\":\"https:\/\/lascriticas.com\/#\/schema\/logo\/image\/\"},\"sameAs\":[\"https:\/\/www.facebook.com\/lascriticas\/\",\"https:\/\/x.com\/LasCriticas_com\",\"https:\/\/www.instagram.com\/lascriticas_com\/\",\"https:\/\/www.youtube.com\/channel\/UCd7r-H6EJA4sSXGLX33_iHQ\"]},{\"@type\":\"Person\",\"@id\":\"https:\/\/lascriticas.com\/#\/schema\/person\/18fe2559cdc3b63081c7f433374ffef0\",\"name\":\"Kathy Serrano\",\"image\":{\"@type\":\"ImageObject\",\"inLanguage\":\"es\",\"@id\":\"https:\/\/lascriticas.com\/#\/schema\/person\/image\/\",\"url\":\"https:\/\/secure.gravatar.com\/avatar\/e4fdfaad2564ca9eca88efa51fa63b71?s=96&d=mm&r=g\",\"contentUrl\":\"https:\/\/secure.gravatar.com\/avatar\/e4fdfaad2564ca9eca88efa51fa63b71?s=96&d=mm&r=g\",\"caption\":\"Kathy Serrano\"},\"url\":\"https:\/\/lascriticas.com\/index.php\/author\/kathy-serrano\/\"}]}<\/script>\n<!-- \/ Yoast SEO plugin. -->","yoast_head_json":{"title":"Al final del miedo, de Cecilia Eudave - Las Cr\u00edticas","description":"Al final del miedo Al llegar a la \u00faltima p\u00e1gina de Al final del miedo, libro de la escritora mexicana Cecilia Eudave, he quedado con una sensaci\u00f3n de hoyo","robots":{"index":"index","follow":"follow","max-snippet":"max-snippet:-1","max-image-preview":"max-image-preview:large","max-video-preview":"max-video-preview:-1"},"canonical":"https:\/\/lascriticas.com\/index.php\/2021\/04\/03\/al-final-del-miedo-de-cecilia-eudave\/","og_locale":"es_ES","og_type":"article","og_title":"Al final del miedo, de Cecilia Eudave - Las Cr\u00edticas","og_description":"Al final del miedo Al llegar a la \u00faltima p\u00e1gina de Al final del miedo, libro de la escritora mexicana Cecilia Eudave, he quedado con una sensaci\u00f3n de hoyo","og_url":"https:\/\/lascriticas.com\/index.php\/2021\/04\/03\/al-final-del-miedo-de-cecilia-eudave\/","og_site_name":"Las Cr\u00edticas","article_publisher":"https:\/\/www.facebook.com\/lascriticas\/","article_published_time":"2021-04-03T18:39:35+00:00","article_modified_time":"2024-07-15T15:45:53+00:00","og_image":[{"width":1080,"height":530,"url":"https:\/\/lascriticas.com\/wp-content\/uploads\/2021\/05\/Cecilia-Eudave.jpeg","type":"image\/jpeg"}],"author":"Kathy Serrano","twitter_card":"summary_large_image","twitter_creator":"@LasCriticas_com","twitter_site":"@LasCriticas_com","twitter_misc":{"Escrito por":"Kathy Serrano","Tiempo de lectura":"5 minutos"},"schema":{"@context":"https:\/\/schema.org","@graph":[{"@type":"Article","@id":"https:\/\/lascriticas.com\/index.php\/2021\/04\/03\/al-final-del-miedo-de-cecilia-eudave\/#article","isPartOf":{"@id":"https:\/\/lascriticas.com\/index.php\/2021\/04\/03\/al-final-del-miedo-de-cecilia-eudave\/"},"author":{"name":"Kathy Serrano","@id":"https:\/\/lascriticas.com\/#\/schema\/person\/18fe2559cdc3b63081c7f433374ffef0"},"headline":"Al final del miedo, de Cecilia Eudave","datePublished":"2021-04-03T18:39:35+00:00","dateModified":"2024-07-15T15:45:53+00:00","mainEntityOfPage":{"@id":"https:\/\/lascriticas.com\/index.php\/2021\/04\/03\/al-final-del-miedo-de-cecilia-eudave\/"},"wordCount":962,"commentCount":0,"publisher":{"@id":"https:\/\/lascriticas.com\/#organization"},"image":{"@id":"https:\/\/lascriticas.com\/index.php\/2021\/04\/03\/al-final-del-miedo-de-cecilia-eudave\/#primaryimage"},"thumbnailUrl":"https:\/\/lascriticas.com\/wp-content\/uploads\/2021\/05\/Cecilia-Eudave.jpeg","keywords":["cuentos","doble","espejismo","imaginaci\u00f3n","ins\u00f3lito","miedo","muerte","mujer","oscuridad","pareja","realidad","realidades","realidades paralelas","relatos","traici\u00f3n"],"articleSection":["Ficci\u00f3n","Rese\u00f1as"],"inLanguage":"es","potentialAction":[{"@type":"CommentAction","name":"Comment","target":["https:\/\/lascriticas.com\/index.php\/2021\/04\/03\/al-final-del-miedo-de-cecilia-eudave\/#respond"]}]},{"@type":"WebPage","@id":"https:\/\/lascriticas.com\/index.php\/2021\/04\/03\/al-final-del-miedo-de-cecilia-eudave\/","url":"https:\/\/lascriticas.com\/index.php\/2021\/04\/03\/al-final-del-miedo-de-cecilia-eudave\/","name":"Al final del miedo, de Cecilia Eudave - Las Cr\u00edticas","isPartOf":{"@id":"https:\/\/lascriticas.com\/#website"},"primaryImageOfPage":{"@id":"https:\/\/lascriticas.com\/index.php\/2021\/04\/03\/al-final-del-miedo-de-cecilia-eudave\/#primaryimage"},"image":{"@id":"https:\/\/lascriticas.com\/index.php\/2021\/04\/03\/al-final-del-miedo-de-cecilia-eudave\/#primaryimage"},"thumbnailUrl":"https:\/\/lascriticas.com\/wp-content\/uploads\/2021\/05\/Cecilia-Eudave.jpeg","datePublished":"2021-04-03T18:39:35+00:00","dateModified":"2024-07-15T15:45:53+00:00","description":"Al final del miedo Al llegar a la \u00faltima p\u00e1gina de Al final del miedo, libro de la escritora mexicana Cecilia Eudave, he quedado con una sensaci\u00f3n de hoyo","breadcrumb":{"@id":"https:\/\/lascriticas.com\/index.php\/2021\/04\/03\/al-final-del-miedo-de-cecilia-eudave\/#breadcrumb"},"inLanguage":"es","potentialAction":[{"@type":"ReadAction","target":["https:\/\/lascriticas.com\/index.php\/2021\/04\/03\/al-final-del-miedo-de-cecilia-eudave\/"]}]},{"@type":"ImageObject","inLanguage":"es","@id":"https:\/\/lascriticas.com\/index.php\/2021\/04\/03\/al-final-del-miedo-de-cecilia-eudave\/#primaryimage","url":"https:\/\/lascriticas.com\/wp-content\/uploads\/2021\/05\/Cecilia-Eudave.jpeg","contentUrl":"https:\/\/lascriticas.com\/wp-content\/uploads\/2021\/05\/Cecilia-Eudave.jpeg","width":1080,"height":530},{"@type":"BreadcrumbList","@id":"https:\/\/lascriticas.com\/index.php\/2021\/04\/03\/al-final-del-miedo-de-cecilia-eudave\/#breadcrumb","itemListElement":[{"@type":"ListItem","position":1,"name":"Inicio","item":"https:\/\/lascriticas.com\/"},{"@type":"ListItem","position":2,"name":"Al final del miedo, de Cecilia Eudave"}]},{"@type":"WebSite","@id":"https:\/\/lascriticas.com\/#website","url":"https:\/\/lascriticas.com\/","name":"Las Cr\u00edticas","description":"Cr\u00edtica literaria hecha por mujeres","publisher":{"@id":"https:\/\/lascriticas.com\/#organization"},"potentialAction":[{"@type":"SearchAction","target":{"@type":"EntryPoint","urlTemplate":"https:\/\/lascriticas.com\/?s={search_term_string}"},"query-input":{"@type":"PropertyValueSpecification","valueRequired":true,"valueName":"search_term_string"}}],"inLanguage":"es"},{"@type":"Organization","@id":"https:\/\/lascriticas.com\/#organization","name":"Las Cr\u00edticas","url":"https:\/\/lascriticas.com\/","logo":{"@type":"ImageObject","inLanguage":"es","@id":"https:\/\/lascriticas.com\/#\/schema\/logo\/image\/","url":"https:\/\/lascriticas.com\/wp-content\/uploads\/2016\/09\/Las-Cr\u00edticas.png","contentUrl":"https:\/\/lascriticas.com\/wp-content\/uploads\/2016\/09\/Las-Cr\u00edticas.png","width":372,"height":201,"caption":"Las Cr\u00edticas"},"image":{"@id":"https:\/\/lascriticas.com\/#\/schema\/logo\/image\/"},"sameAs":["https:\/\/www.facebook.com\/lascriticas\/","https:\/\/x.com\/LasCriticas_com","https:\/\/www.instagram.com\/lascriticas_com\/","https:\/\/www.youtube.com\/channel\/UCd7r-H6EJA4sSXGLX33_iHQ"]},{"@type":"Person","@id":"https:\/\/lascriticas.com\/#\/schema\/person\/18fe2559cdc3b63081c7f433374ffef0","name":"Kathy Serrano","image":{"@type":"ImageObject","inLanguage":"es","@id":"https:\/\/lascriticas.com\/#\/schema\/person\/image\/","url":"https:\/\/secure.gravatar.com\/avatar\/e4fdfaad2564ca9eca88efa51fa63b71?s=96&d=mm&r=g","contentUrl":"https:\/\/secure.gravatar.com\/avatar\/e4fdfaad2564ca9eca88efa51fa63b71?s=96&d=mm&r=g","caption":"Kathy Serrano"},"url":"https:\/\/lascriticas.com\/index.php\/author\/kathy-serrano\/"}]}},"_links":{"self":[{"href":"https:\/\/lascriticas.com\/index.php\/wp-json\/wp\/v2\/posts\/4323"}],"collection":[{"href":"https:\/\/lascriticas.com\/index.php\/wp-json\/wp\/v2\/posts"}],"about":[{"href":"https:\/\/lascriticas.com\/index.php\/wp-json\/wp\/v2\/types\/post"}],"author":[{"embeddable":true,"href":"https:\/\/lascriticas.com\/index.php\/wp-json\/wp\/v2\/users\/80"}],"replies":[{"embeddable":true,"href":"https:\/\/lascriticas.com\/index.php\/wp-json\/wp\/v2\/comments?post=4323"}],"version-history":[{"count":11,"href":"https:\/\/lascriticas.com\/index.php\/wp-json\/wp\/v2\/posts\/4323\/revisions"}],"predecessor-version":[{"id":4375,"href":"https:\/\/lascriticas.com\/index.php\/wp-json\/wp\/v2\/posts\/4323\/revisions\/4375"}],"wp:featuredmedia":[{"embeddable":true,"href":"https:\/\/lascriticas.com\/index.php\/wp-json\/wp\/v2\/media\/4364"}],"wp:attachment":[{"href":"https:\/\/lascriticas.com\/index.php\/wp-json\/wp\/v2\/media?parent=4323"}],"wp:term":[{"taxonomy":"category","embeddable":true,"href":"https:\/\/lascriticas.com\/index.php\/wp-json\/wp\/v2\/categories?post=4323"},{"taxonomy":"post_tag","embeddable":true,"href":"https:\/\/lascriticas.com\/index.php\/wp-json\/wp\/v2\/tags?post=4323"}],"curies":[{"name":"wp","href":"https:\/\/api.w.org\/{rel}","templated":true}]}}