{"id":4009,"date":"2021-04-02T14:00:46","date_gmt":"2021-04-02T12:00:46","guid":{"rendered":"https:\/\/lascriticas.com\/?p=4009"},"modified":"2024-07-15T17:43:54","modified_gmt":"2024-07-15T15:43:54","slug":"amarillo-amar-y-yo-ocre-de-karina-maccio","status":"publish","type":"post","link":"https:\/\/lascriticas.com\/index.php\/2021\/04\/02\/amarillo-amar-y-yo-ocre-de-karina-maccio\/","title":{"rendered":"Amarillo (amar y yo) Ocre, de Karina Maccio"},"content":{"rendered":"<h2><b>Casi como el sol<\/b><\/h2>\n<p style=\"text-align: justify;\"><span style=\"font-size: 16px;\">\u00bfC\u00f3mo recurrir al dominio del color en Poes\u00eda, sin tener presentes a Baudelaire y a Goethe? Supongo que es un ejercicio que todos empezamos en el jard\u00edn de la infancia. Teor\u00edas, desde los iluminatti hasta la f\u00edsica cu\u00e1ntica pueden proponernos astucias innecesarias para contribuir a una est\u00e9tica naturalista en la arquitectura del cuerpo y el s\u00edmbolo.<\/span><\/p>\n<p style=\"text-align: justify;\"><span style=\"font-size: 16px;\">En el 2012 pasaron dos acontecimientos fuertes y remecedores en mi proceso creativo. Dej\u00e9 Buenos Aires por motivos de salud y trabaj\u00e9 como curadora en una exposici\u00f3n en Hong Kong, a la que denomin\u00e9 \u201cOcre-amarillo\u201d y se refer\u00eda a la migraci\u00f3n China en Per\u00fa. Fueron cincuenta y dos fotograf\u00edas tomadas por peruanos y argentinos, expuestas en el centro Cultural de Kowloon.<\/span><\/p>\n<p style=\"text-align: justify;\"><span style=\"font-size: 16px;\">Me gustaba mucho usar color en la palabra, no como adjetivo sino invocando la idea de Goethe.<span class=\"Apple-converted-space\">\u00a0 <\/span>Renombrar a trav\u00e9s del color. Aunque el azul, <em>blue<\/em> o <em>bleu<\/em>, me ten\u00eda un poco cansada por limitarnos a reverenciar la sem\u00e1ntica francesa.<\/span><\/p>\n<p style=\"text-align: justify;\"><span style=\"font-size: 16px;\">Con impronta Sino-latina me abander\u00e9 con el color amarillo para expresar muchas cosas en fotograf\u00eda y poes\u00eda. El amarillo, result\u00f3 una soluci\u00f3n: observ\u00e9 mucho el proceso de los otros desde la propia historia. Lo resaltable es que jam\u00e1s imagin\u00e9 que un color tan estridente para la est\u00e9tica porte\u00f1a de Buenos Aires (salvo las propuestas de <strong>Xul Solar<\/strong>), podr\u00eda llegar a calar tan hondo en la po\u00e9tica de una joven escritora que parec\u00eda experimentar con las mismas preguntas y cuerpos iluminados que<span class=\"Apple-converted-space\">\u00a0 <\/span>a m\u00ed me interesaban (incluso Bruce Lee como emblema en la inclusi\u00f3n del mundo amarillo en la costa oeste de los Estados Unidos). La luz, los colores que van m\u00e1s all\u00e1 de las tradiciones europeas difundidas en las aulas, el uso de idiomas, vocablos, la destrucci\u00f3n de la moral y el significado, el sonido en la repetici\u00f3n, lo barroco, todas esas cosas que yo las ten\u00eda muy presentes desde Alemania en la palabra y del color en la migraci\u00f3n China en Per\u00fa, parecieron ser una bisagra que me volv\u00eda a la pregunta de si los porte\u00f1os son siempre tan actuales, porque adem\u00e1s de<span class=\"Apple-converted-space\">\u00a0 <\/span>visionarios, convocan la transparencia de su liviandad hacia un discurso m\u00e1s amplio, ampliar la gama le hace m\u00e1s solidarios con muchas de las f\u00f3rmulas contempor\u00e1neas.<\/span><\/p>\n<p>&nbsp;<\/p>\n<p><span style=\"font-size: 16px;\"><img loading=\"lazy\" decoding=\"async\" class=\"aligncenter wp-image-4032 \" title=\"Amarillo (amar y yo) Ocre\" src=\"https:\/\/lascriticas.com\/wp-content\/uploads\/2021\/02\/amarillo-amar-y-yo-vol-1-ocre-karina-maccio.jpg\" alt=\"\" width=\"302\" height=\"445\" \/><\/span><\/p>\n<p>&nbsp;<\/p>\n<p style=\"text-align: justify;\"><span style=\"font-size: 16px;\"><strong><i>Amarillo (amar y yo)<\/i> <\/strong>parec\u00eda una propuesta f\u00e1cil, hasta de frescura orgi\u00e1stica sutil, como la de \u201clos peores poemas de amor\u201d de <strong>Karina Macci\u00f3<\/strong>, ese andar ligero que la volv\u00eda ubicua, imitando a Santa Ana; sin embargo, acerc\u00e1ndola a un filtro filos\u00f3fico-introspectivo, redescubro una necesidad de sistematizar movimiento, acci\u00f3n, color y sobre todo pedagog\u00eda de la modernidad. \u00bfC\u00f3mo reestetizar las palabras, d\u00e1ndoles otro matiz para provocar nuevas armon\u00edas? Karina consciente (o no) le estaba abriendo la puerta a una nueva composici\u00f3n de asi\u00e1ticos contempor\u00e1neos buscando situarse en la poes\u00eda argentina (latinoamericana) y la legitimaci\u00f3n de espacios j\u00f3venes, que fueran tanto f\u00edsico, como virtuales o afectivos, en una nueva poes\u00eda sin castraciones latinas que gritaba por ser tomada en cuenta.<\/span><\/p>\n<p style=\"text-align: justify;\"><span style=\"font-size: 16px;\">Buenos Aires, como otras capitales latinoamericanas, tiene sus vacas sagradas. El grupo de <strong>Viajera<\/strong> no ten\u00eda intenciones de sacralidad y menos competitividad de eliminatorias con las otras propuestas po\u00e9ticas que pod\u00edan parecer m\u00e1s serias o pol\u00edticamente correctas.<\/span><\/p>\n<p style=\"text-align: justify;\"><span style=\"font-size: 16px;\">Con <i>Amarillo<\/i> pasa como dice Baudelaire, cito un p\u00e1rrafo de <i>Curiosidades est\u00e9ticas<\/i>:<\/span><\/p>\n<blockquote>\n<p style=\"text-align: justify;\"><span style=\"font-size: 16px;\">El aire desempe\u00f1a un papel tan importante en la teor\u00eda del color, que si, un paisajista pintara las hojas de los \u00e1rboles tal como las ve, obtendr\u00eda un tono falso; dado que hay un espacio de aire mucho menor entre el espectador y el cuadro, que entre el espectador y la naturaleza.<\/span><\/p>\n<p style=\"text-align: justify;\"><span style=\"font-size: 16px;\">Los enga\u00f1os son continuamente necesarios, aun para llegar a un efecto ilusorio. La armon\u00eda es la base de la teor\u00eda del color.<\/span><\/p>\n<p style=\"text-align: justify;\"><span style=\"font-size: 16px;\">La melod\u00eda es la unidad en el color, o el color general. La melod\u00eda requiere una conclusi\u00f3n; es un conjunto en que todos los efectos concurren a un efecto general.<\/span><\/p>\n<p style=\"text-align: justify;\"><span style=\"font-size: 16px;\">Por eso la melod\u00eda deja en el esp\u00edritu un profundo recuerdo. A la mayor parte de nuestros j\u00f3venes coloristas les falta melod\u00eda.<\/span><\/p>\n<p style=\"text-align: justify;\"><span style=\"font-size: 16px;\">La mejor manera de saber si un cuadro es melodioso, consiste en mirarlo desde bastante lejos como para no comprender su tema ni sus l\u00edneas. Si es melodioso, tiene aun as\u00ed un sentido y ha tomado desde entonces su lugar en el repertorio de recuerdos.<\/span><\/p>\n<p style=\"text-align: justify;\"><span style=\"font-size: 16px;\">El estilo y el sentimiento en el color provienen de la elecci\u00f3n y la elecci\u00f3n depende del temperamento.<\/span><\/p>\n<\/blockquote>\n<p style=\"text-align: justify;\"><span style=\"font-size: 16px;\">Karina tiene el temperamento necesario para mantenernos en un \u201c<em>high<\/em>\u201d durante la lectura de <i>Amarillo Ocre<\/i>, porque nos manosea para perturbarnos y renovarnos precisamente de esa est\u00e9tica multiling\u00fce y pl\u00e1stica de Baires, que precisa desencasillar las cosas en apreciaciones<span class=\"Apple-converted-space\">\u00a0 <\/span>ortodoxas.<\/span><\/p>\n<p style=\"text-align: justify;\"><span style=\"font-size: 16px;\">Desde y para Viajera, la propuesta de Karina es obviamente un arco\u00edris no de siete, sino de una multiplicidad de colores que permite la inclusi\u00f3n glamorosa y magn\u00e1nima de esas combinaciones, sabidur\u00edas policromas, poli\u00e1ndricas y polig\u00e1micas de la diversidad humana en<span class=\"Apple-converted-space\">\u00a0 <\/span>la construcci\u00f3n de nuevas bellezas y luminosidades.<\/span><\/p>\n<p><span style=\"font-size: 16px;\"><strong>Maccio, Karina. <em>Amarillo (amar y yo) Ocre<\/em>. <a href=\"https:\/\/viajeraeditorial.com.ar\/libros\/amarillo-amar-y-yo-vol-1-ocre-karina-maccio.html\">Viajera editorial<\/a>, 2018.<\/strong><\/span><\/p>\n<hr \/>\n<p style=\"text-align: justify;\"><span style=\"font-size: 16px; font-family: 'trebuchet ms', geneva, sans-serif;\"><strong>Karina Maccio<\/strong> <b>(<\/b>Buenos Aires, 1974). Es licenciada y profesora en letras, editora y traductora. Ha publicado entre otros los poemarios\u00a0<em>Mis peores poemas de amor <\/em>(2012); <em>Diario de la Transformaci\u00f3n <\/em>(2011); <em>La p\u00e9rdida o La perdida<\/em>, (2008); <em>Impresos en rojo<\/em> (2006); <em>Lestrygonia<\/em> (2003); <em>Ferina<\/em> (2001); Mis peores poemas de amor biling\u00fce, en traducci\u00f3n de Annie McDermott, <em>My love worst poems<\/em> en 2014.<\/span><\/p>\n<p><span style=\"font-size: 16px;\"><strong><a href=\"https:\/\/lascriticas.com\/index.php\/lascriticas\/julia-wong\/\"><span style=\"font-family: 'trebuchet ms', geneva, sans-serif;\">Acerca de Julia Wong<\/span><\/a><\/strong><\/span><\/p>\n","protected":false},"excerpt":{"rendered":"<p>Casi como el sol \u00bfC\u00f3mo recurrir al dominio del color en Poes\u00eda, sin tener presentes a Baudelaire y a Goethe? Supongo que es un ejercicio que todos empezamos en el jard\u00edn de la infancia. Teor\u00edas, desde los iluminatti hasta la f\u00edsica cu\u00e1ntica pueden proponernos astucias innecesarias para contribuir a una est\u00e9tica naturalista en la arquitectura&#8230;<\/p>\n","protected":false},"author":12,"featured_media":4028,"comment_status":"open","ping_status":"open","sticky":false,"template":"","format":"standard","meta":{"footnotes":""},"categories":[45,37],"tags":[783,672,360,784,151,670,782,100,781,55,762,792,671],"yoast_head":"<!-- This site is optimized with the Yoast SEO plugin v23.5 - https:\/\/yoast.com\/wordpress\/plugins\/seo\/ -->\n<title>Amarillo (amar y yo) Ocre, de Karina Maccio - Las Cr\u00edticas<\/title>\n<meta name=\"description\" content=\"Julia Wong escribe acerca del libro Amarillo (amar y yo) Ocre, de la poeta argentina Karina Macci\u00f3.\" \/>\n<meta name=\"robots\" content=\"index, follow, max-snippet:-1, max-image-preview:large, max-video-preview:-1\" \/>\n<link rel=\"canonical\" href=\"https:\/\/lascriticas.com\/index.php\/2021\/04\/02\/amarillo-amar-y-yo-ocre-de-karina-maccio\/\" \/>\n<meta property=\"og:locale\" content=\"es_ES\" \/>\n<meta property=\"og:type\" content=\"article\" \/>\n<meta property=\"og:title\" content=\"Amarillo (amar y yo) Ocre, de Karina Maccio - Las Cr\u00edticas\" \/>\n<meta property=\"og:description\" content=\"Julia Wong escribe acerca del libro Amarillo (amar y yo) Ocre, de la poeta argentina Karina Macci\u00f3.\" \/>\n<meta property=\"og:url\" content=\"https:\/\/lascriticas.com\/index.php\/2021\/04\/02\/amarillo-amar-y-yo-ocre-de-karina-maccio\/\" \/>\n<meta property=\"og:site_name\" content=\"Las Cr\u00edticas\" \/>\n<meta property=\"article:publisher\" content=\"https:\/\/www.facebook.com\/lascriticas\/\" \/>\n<meta property=\"article:published_time\" content=\"2021-04-02T12:00:46+00:00\" \/>\n<meta property=\"article:modified_time\" content=\"2024-07-15T15:43:54+00:00\" \/>\n<meta property=\"og:image\" content=\"https:\/\/lascriticas.com\/wp-content\/uploads\/2021\/02\/karina-maccio.jpeg\" \/>\n\t<meta property=\"og:image:width\" content=\"1080\" \/>\n\t<meta property=\"og:image:height\" content=\"530\" \/>\n\t<meta property=\"og:image:type\" content=\"image\/jpeg\" \/>\n<meta name=\"author\" content=\"Julia Wong\" \/>\n<meta name=\"twitter:card\" content=\"summary_large_image\" \/>\n<meta name=\"twitter:creator\" content=\"@LasCriticas_com\" \/>\n<meta name=\"twitter:site\" content=\"@LasCriticas_com\" \/>\n<meta name=\"twitter:label1\" content=\"Escrito por\" \/>\n\t<meta name=\"twitter:data1\" content=\"Julia Wong\" \/>\n\t<meta name=\"twitter:label2\" content=\"Tiempo de lectura\" \/>\n\t<meta name=\"twitter:data2\" content=\"4 minutos\" \/>\n<script type=\"application\/ld+json\" class=\"yoast-schema-graph\">{\"@context\":\"https:\/\/schema.org\",\"@graph\":[{\"@type\":\"Article\",\"@id\":\"https:\/\/lascriticas.com\/index.php\/2021\/04\/02\/amarillo-amar-y-yo-ocre-de-karina-maccio\/#article\",\"isPartOf\":{\"@id\":\"https:\/\/lascriticas.com\/index.php\/2021\/04\/02\/amarillo-amar-y-yo-ocre-de-karina-maccio\/\"},\"author\":{\"name\":\"Julia Wong\",\"@id\":\"https:\/\/lascriticas.com\/#\/schema\/person\/1a1d1da1e273ed112607e61092386186\"},\"headline\":\"Amarillo (amar y yo) Ocre, de Karina Maccio\",\"datePublished\":\"2021-04-02T12:00:46+00:00\",\"dateModified\":\"2024-07-15T15:43:54+00:00\",\"mainEntityOfPage\":{\"@id\":\"https:\/\/lascriticas.com\/index.php\/2021\/04\/02\/amarillo-amar-y-yo-ocre-de-karina-maccio\/\"},\"wordCount\":984,\"commentCount\":0,\"publisher\":{\"@id\":\"https:\/\/lascriticas.com\/#organization\"},\"image\":{\"@id\":\"https:\/\/lascriticas.com\/index.php\/2021\/04\/02\/amarillo-amar-y-yo-ocre-de-karina-maccio\/#primaryimage\"},\"thumbnailUrl\":\"https:\/\/lascriticas.com\/wp-content\/uploads\/2021\/02\/karina-maccio.jpeg\",\"keywords\":[\"aire\",\"amarillo\",\"Am\u00e9rica Latina\",\"Asia\",\"China\",\"color\",\"elementos\",\"escritura\",\"experimentaci\u00f3n\",\"poes\u00eda\",\"poes\u00eda argentina\",\"po\u00e9tica\",\"simbolismo\"],\"articleSection\":[\"Poes\u00eda\",\"Rese\u00f1as\"],\"inLanguage\":\"es\",\"potentialAction\":[{\"@type\":\"CommentAction\",\"name\":\"Comment\",\"target\":[\"https:\/\/lascriticas.com\/index.php\/2021\/04\/02\/amarillo-amar-y-yo-ocre-de-karina-maccio\/#respond\"]}]},{\"@type\":\"WebPage\",\"@id\":\"https:\/\/lascriticas.com\/index.php\/2021\/04\/02\/amarillo-amar-y-yo-ocre-de-karina-maccio\/\",\"url\":\"https:\/\/lascriticas.com\/index.php\/2021\/04\/02\/amarillo-amar-y-yo-ocre-de-karina-maccio\/\",\"name\":\"Amarillo (amar y yo) Ocre, de Karina Maccio - Las Cr\u00edticas\",\"isPartOf\":{\"@id\":\"https:\/\/lascriticas.com\/#website\"},\"primaryImageOfPage\":{\"@id\":\"https:\/\/lascriticas.com\/index.php\/2021\/04\/02\/amarillo-amar-y-yo-ocre-de-karina-maccio\/#primaryimage\"},\"image\":{\"@id\":\"https:\/\/lascriticas.com\/index.php\/2021\/04\/02\/amarillo-amar-y-yo-ocre-de-karina-maccio\/#primaryimage\"},\"thumbnailUrl\":\"https:\/\/lascriticas.com\/wp-content\/uploads\/2021\/02\/karina-maccio.jpeg\",\"datePublished\":\"2021-04-02T12:00:46+00:00\",\"dateModified\":\"2024-07-15T15:43:54+00:00\",\"description\":\"Julia Wong escribe acerca del libro Amarillo (amar y yo) Ocre, de la poeta argentina Karina Macci\u00f3.\",\"breadcrumb\":{\"@id\":\"https:\/\/lascriticas.com\/index.php\/2021\/04\/02\/amarillo-amar-y-yo-ocre-de-karina-maccio\/#breadcrumb\"},\"inLanguage\":\"es\",\"potentialAction\":[{\"@type\":\"ReadAction\",\"target\":[\"https:\/\/lascriticas.com\/index.php\/2021\/04\/02\/amarillo-amar-y-yo-ocre-de-karina-maccio\/\"]}]},{\"@type\":\"ImageObject\",\"inLanguage\":\"es\",\"@id\":\"https:\/\/lascriticas.com\/index.php\/2021\/04\/02\/amarillo-amar-y-yo-ocre-de-karina-maccio\/#primaryimage\",\"url\":\"https:\/\/lascriticas.com\/wp-content\/uploads\/2021\/02\/karina-maccio.jpeg\",\"contentUrl\":\"https:\/\/lascriticas.com\/wp-content\/uploads\/2021\/02\/karina-maccio.jpeg\",\"width\":1080,\"height\":530},{\"@type\":\"BreadcrumbList\",\"@id\":\"https:\/\/lascriticas.com\/index.php\/2021\/04\/02\/amarillo-amar-y-yo-ocre-de-karina-maccio\/#breadcrumb\",\"itemListElement\":[{\"@type\":\"ListItem\",\"position\":1,\"name\":\"Inicio\",\"item\":\"https:\/\/lascriticas.com\/\"},{\"@type\":\"ListItem\",\"position\":2,\"name\":\"Amarillo (amar y yo) Ocre, de Karina Maccio\"}]},{\"@type\":\"WebSite\",\"@id\":\"https:\/\/lascriticas.com\/#website\",\"url\":\"https:\/\/lascriticas.com\/\",\"name\":\"Las Cr\u00edticas\",\"description\":\"Cr\u00edtica literaria hecha por mujeres\",\"publisher\":{\"@id\":\"https:\/\/lascriticas.com\/#organization\"},\"potentialAction\":[{\"@type\":\"SearchAction\",\"target\":{\"@type\":\"EntryPoint\",\"urlTemplate\":\"https:\/\/lascriticas.com\/?s={search_term_string}\"},\"query-input\":{\"@type\":\"PropertyValueSpecification\",\"valueRequired\":true,\"valueName\":\"search_term_string\"}}],\"inLanguage\":\"es\"},{\"@type\":\"Organization\",\"@id\":\"https:\/\/lascriticas.com\/#organization\",\"name\":\"Las Cr\u00edticas\",\"url\":\"https:\/\/lascriticas.com\/\",\"logo\":{\"@type\":\"ImageObject\",\"inLanguage\":\"es\",\"@id\":\"https:\/\/lascriticas.com\/#\/schema\/logo\/image\/\",\"url\":\"https:\/\/lascriticas.com\/wp-content\/uploads\/2016\/09\/Las-Cr\u00edticas.png\",\"contentUrl\":\"https:\/\/lascriticas.com\/wp-content\/uploads\/2016\/09\/Las-Cr\u00edticas.png\",\"width\":372,\"height\":201,\"caption\":\"Las Cr\u00edticas\"},\"image\":{\"@id\":\"https:\/\/lascriticas.com\/#\/schema\/logo\/image\/\"},\"sameAs\":[\"https:\/\/www.facebook.com\/lascriticas\/\",\"https:\/\/x.com\/LasCriticas_com\",\"https:\/\/www.instagram.com\/lascriticas_com\/\",\"https:\/\/www.youtube.com\/channel\/UCd7r-H6EJA4sSXGLX33_iHQ\"]},{\"@type\":\"Person\",\"@id\":\"https:\/\/lascriticas.com\/#\/schema\/person\/1a1d1da1e273ed112607e61092386186\",\"name\":\"Julia Wong\",\"image\":{\"@type\":\"ImageObject\",\"inLanguage\":\"es\",\"@id\":\"https:\/\/lascriticas.com\/#\/schema\/person\/image\/\",\"url\":\"https:\/\/secure.gravatar.com\/avatar\/d513dc4e3f6b0bec1dfed5d367952e0a?s=96&d=mm&r=g\",\"contentUrl\":\"https:\/\/secure.gravatar.com\/avatar\/d513dc4e3f6b0bec1dfed5d367952e0a?s=96&d=mm&r=g\",\"caption\":\"Julia Wong\"},\"url\":\"https:\/\/lascriticas.com\/index.php\/author\/julia-wong\/\"}]}<\/script>\n<!-- \/ Yoast SEO plugin. -->","yoast_head_json":{"title":"Amarillo (amar y yo) Ocre, de Karina Maccio - Las Cr\u00edticas","description":"Julia Wong escribe acerca del libro Amarillo (amar y yo) Ocre, de la poeta argentina Karina Macci\u00f3.","robots":{"index":"index","follow":"follow","max-snippet":"max-snippet:-1","max-image-preview":"max-image-preview:large","max-video-preview":"max-video-preview:-1"},"canonical":"https:\/\/lascriticas.com\/index.php\/2021\/04\/02\/amarillo-amar-y-yo-ocre-de-karina-maccio\/","og_locale":"es_ES","og_type":"article","og_title":"Amarillo (amar y yo) Ocre, de Karina Maccio - Las Cr\u00edticas","og_description":"Julia Wong escribe acerca del libro Amarillo (amar y yo) Ocre, de la poeta argentina Karina Macci\u00f3.","og_url":"https:\/\/lascriticas.com\/index.php\/2021\/04\/02\/amarillo-amar-y-yo-ocre-de-karina-maccio\/","og_site_name":"Las Cr\u00edticas","article_publisher":"https:\/\/www.facebook.com\/lascriticas\/","article_published_time":"2021-04-02T12:00:46+00:00","article_modified_time":"2024-07-15T15:43:54+00:00","og_image":[{"width":1080,"height":530,"url":"https:\/\/lascriticas.com\/wp-content\/uploads\/2021\/02\/karina-maccio.jpeg","type":"image\/jpeg"}],"author":"Julia Wong","twitter_card":"summary_large_image","twitter_creator":"@LasCriticas_com","twitter_site":"@LasCriticas_com","twitter_misc":{"Escrito por":"Julia Wong","Tiempo de lectura":"4 minutos"},"schema":{"@context":"https:\/\/schema.org","@graph":[{"@type":"Article","@id":"https:\/\/lascriticas.com\/index.php\/2021\/04\/02\/amarillo-amar-y-yo-ocre-de-karina-maccio\/#article","isPartOf":{"@id":"https:\/\/lascriticas.com\/index.php\/2021\/04\/02\/amarillo-amar-y-yo-ocre-de-karina-maccio\/"},"author":{"name":"Julia Wong","@id":"https:\/\/lascriticas.com\/#\/schema\/person\/1a1d1da1e273ed112607e61092386186"},"headline":"Amarillo (amar y yo) Ocre, de Karina Maccio","datePublished":"2021-04-02T12:00:46+00:00","dateModified":"2024-07-15T15:43:54+00:00","mainEntityOfPage":{"@id":"https:\/\/lascriticas.com\/index.php\/2021\/04\/02\/amarillo-amar-y-yo-ocre-de-karina-maccio\/"},"wordCount":984,"commentCount":0,"publisher":{"@id":"https:\/\/lascriticas.com\/#organization"},"image":{"@id":"https:\/\/lascriticas.com\/index.php\/2021\/04\/02\/amarillo-amar-y-yo-ocre-de-karina-maccio\/#primaryimage"},"thumbnailUrl":"https:\/\/lascriticas.com\/wp-content\/uploads\/2021\/02\/karina-maccio.jpeg","keywords":["aire","amarillo","Am\u00e9rica Latina","Asia","China","color","elementos","escritura","experimentaci\u00f3n","poes\u00eda","poes\u00eda argentina","po\u00e9tica","simbolismo"],"articleSection":["Poes\u00eda","Rese\u00f1as"],"inLanguage":"es","potentialAction":[{"@type":"CommentAction","name":"Comment","target":["https:\/\/lascriticas.com\/index.php\/2021\/04\/02\/amarillo-amar-y-yo-ocre-de-karina-maccio\/#respond"]}]},{"@type":"WebPage","@id":"https:\/\/lascriticas.com\/index.php\/2021\/04\/02\/amarillo-amar-y-yo-ocre-de-karina-maccio\/","url":"https:\/\/lascriticas.com\/index.php\/2021\/04\/02\/amarillo-amar-y-yo-ocre-de-karina-maccio\/","name":"Amarillo (amar y yo) Ocre, de Karina Maccio - Las Cr\u00edticas","isPartOf":{"@id":"https:\/\/lascriticas.com\/#website"},"primaryImageOfPage":{"@id":"https:\/\/lascriticas.com\/index.php\/2021\/04\/02\/amarillo-amar-y-yo-ocre-de-karina-maccio\/#primaryimage"},"image":{"@id":"https:\/\/lascriticas.com\/index.php\/2021\/04\/02\/amarillo-amar-y-yo-ocre-de-karina-maccio\/#primaryimage"},"thumbnailUrl":"https:\/\/lascriticas.com\/wp-content\/uploads\/2021\/02\/karina-maccio.jpeg","datePublished":"2021-04-02T12:00:46+00:00","dateModified":"2024-07-15T15:43:54+00:00","description":"Julia Wong escribe acerca del libro Amarillo (amar y yo) Ocre, de la poeta argentina Karina Macci\u00f3.","breadcrumb":{"@id":"https:\/\/lascriticas.com\/index.php\/2021\/04\/02\/amarillo-amar-y-yo-ocre-de-karina-maccio\/#breadcrumb"},"inLanguage":"es","potentialAction":[{"@type":"ReadAction","target":["https:\/\/lascriticas.com\/index.php\/2021\/04\/02\/amarillo-amar-y-yo-ocre-de-karina-maccio\/"]}]},{"@type":"ImageObject","inLanguage":"es","@id":"https:\/\/lascriticas.com\/index.php\/2021\/04\/02\/amarillo-amar-y-yo-ocre-de-karina-maccio\/#primaryimage","url":"https:\/\/lascriticas.com\/wp-content\/uploads\/2021\/02\/karina-maccio.jpeg","contentUrl":"https:\/\/lascriticas.com\/wp-content\/uploads\/2021\/02\/karina-maccio.jpeg","width":1080,"height":530},{"@type":"BreadcrumbList","@id":"https:\/\/lascriticas.com\/index.php\/2021\/04\/02\/amarillo-amar-y-yo-ocre-de-karina-maccio\/#breadcrumb","itemListElement":[{"@type":"ListItem","position":1,"name":"Inicio","item":"https:\/\/lascriticas.com\/"},{"@type":"ListItem","position":2,"name":"Amarillo (amar y yo) Ocre, de Karina Maccio"}]},{"@type":"WebSite","@id":"https:\/\/lascriticas.com\/#website","url":"https:\/\/lascriticas.com\/","name":"Las Cr\u00edticas","description":"Cr\u00edtica literaria hecha por mujeres","publisher":{"@id":"https:\/\/lascriticas.com\/#organization"},"potentialAction":[{"@type":"SearchAction","target":{"@type":"EntryPoint","urlTemplate":"https:\/\/lascriticas.com\/?s={search_term_string}"},"query-input":{"@type":"PropertyValueSpecification","valueRequired":true,"valueName":"search_term_string"}}],"inLanguage":"es"},{"@type":"Organization","@id":"https:\/\/lascriticas.com\/#organization","name":"Las Cr\u00edticas","url":"https:\/\/lascriticas.com\/","logo":{"@type":"ImageObject","inLanguage":"es","@id":"https:\/\/lascriticas.com\/#\/schema\/logo\/image\/","url":"https:\/\/lascriticas.com\/wp-content\/uploads\/2016\/09\/Las-Cr\u00edticas.png","contentUrl":"https:\/\/lascriticas.com\/wp-content\/uploads\/2016\/09\/Las-Cr\u00edticas.png","width":372,"height":201,"caption":"Las Cr\u00edticas"},"image":{"@id":"https:\/\/lascriticas.com\/#\/schema\/logo\/image\/"},"sameAs":["https:\/\/www.facebook.com\/lascriticas\/","https:\/\/x.com\/LasCriticas_com","https:\/\/www.instagram.com\/lascriticas_com\/","https:\/\/www.youtube.com\/channel\/UCd7r-H6EJA4sSXGLX33_iHQ"]},{"@type":"Person","@id":"https:\/\/lascriticas.com\/#\/schema\/person\/1a1d1da1e273ed112607e61092386186","name":"Julia Wong","image":{"@type":"ImageObject","inLanguage":"es","@id":"https:\/\/lascriticas.com\/#\/schema\/person\/image\/","url":"https:\/\/secure.gravatar.com\/avatar\/d513dc4e3f6b0bec1dfed5d367952e0a?s=96&d=mm&r=g","contentUrl":"https:\/\/secure.gravatar.com\/avatar\/d513dc4e3f6b0bec1dfed5d367952e0a?s=96&d=mm&r=g","caption":"Julia Wong"},"url":"https:\/\/lascriticas.com\/index.php\/author\/julia-wong\/"}]}},"_links":{"self":[{"href":"https:\/\/lascriticas.com\/index.php\/wp-json\/wp\/v2\/posts\/4009"}],"collection":[{"href":"https:\/\/lascriticas.com\/index.php\/wp-json\/wp\/v2\/posts"}],"about":[{"href":"https:\/\/lascriticas.com\/index.php\/wp-json\/wp\/v2\/types\/post"}],"author":[{"embeddable":true,"href":"https:\/\/lascriticas.com\/index.php\/wp-json\/wp\/v2\/users\/12"}],"replies":[{"embeddable":true,"href":"https:\/\/lascriticas.com\/index.php\/wp-json\/wp\/v2\/comments?post=4009"}],"version-history":[{"count":6,"href":"https:\/\/lascriticas.com\/index.php\/wp-json\/wp\/v2\/posts\/4009\/revisions"}],"predecessor-version":[{"id":4035,"href":"https:\/\/lascriticas.com\/index.php\/wp-json\/wp\/v2\/posts\/4009\/revisions\/4035"}],"wp:featuredmedia":[{"embeddable":true,"href":"https:\/\/lascriticas.com\/index.php\/wp-json\/wp\/v2\/media\/4028"}],"wp:attachment":[{"href":"https:\/\/lascriticas.com\/index.php\/wp-json\/wp\/v2\/media?parent=4009"}],"wp:term":[{"taxonomy":"category","embeddable":true,"href":"https:\/\/lascriticas.com\/index.php\/wp-json\/wp\/v2\/categories?post=4009"},{"taxonomy":"post_tag","embeddable":true,"href":"https:\/\/lascriticas.com\/index.php\/wp-json\/wp\/v2\/tags?post=4009"}],"curies":[{"name":"wp","href":"https:\/\/api.w.org\/{rel}","templated":true}]}}