{"id":3354,"date":"2020-07-23T17:15:13","date_gmt":"2020-07-23T15:15:13","guid":{"rendered":"http:\/\/lascriticas.com\/?p=3354"},"modified":"2020-10-18T22:40:58","modified_gmt":"2020-10-18T20:40:58","slug":"la-trampa-de-magda-portal","status":"publish","type":"post","link":"https:\/\/lascriticas.com\/index.php\/2020\/07\/23\/la-trampa-de-magda-portal\/","title":{"rendered":"La trampa, de Magda Portal"},"content":{"rendered":"<p>[3d-flip-book mode=\u00bbthumbnail-lightbox\u00bb id=\u00bb3356&#8243;][\/3d-flip-book]<\/p>\n<p>&nbsp;<\/p>\n<p>&nbsp;<\/p>\n<p>&nbsp;<\/p>\n<p>&nbsp;<\/p>\n<p>&nbsp;<\/p>\n<p>&nbsp;<\/p>\n<p>&nbsp;<\/p>\n<p>&nbsp;<\/p>\n<p>&nbsp;<\/p>\n<p>&nbsp;<\/p>\n<p>&nbsp;<\/p>\n<p>&nbsp;<\/p>\n<p>&nbsp;<\/p>\n<p>&nbsp;<\/p>\n<hr \/>\n<p style=\"text-align: justify;\"><span style=\"font-family: 'trebuchet ms', geneva, sans-serif; font-size: 16px;\"><strong>Magda Portal\u00a0<\/strong>(Lima, 1900-1989).\u00a0Naci\u00f3 en Barranco. Su vida y su obra literaria siempre mir\u00f3 al mar. Poeta, narradora y pol\u00edtica, fundadora del APRA. Fue la primera directora del Fondo de Cultura Econ\u00f3mica en Lima y presidenta de la Asociaci\u00f3n Nacional de Escritores y Artistas.<\/span><\/p>\n<p style=\"text-align: justify;\"><span style=\"font-family: 'trebuchet ms', geneva, sans-serif; font-size: 16px;\">Desarroll\u00f3 una de las m\u00e1s valoradas obras po\u00e9ticas en el Per\u00fa con libros como <em>\u00c1nima absorta<\/em> (1924), <em>Vidrios de amor<\/em> (1925), <em>Una esperanza i el mar<\/em> (1927), <em>Costa Sur<\/em> (1945), <em>Destino del hombre<\/em> (1948) y <em>Constancia del ser<\/em> (1965). En narrativa public\u00f3 <em>El derecho de matar<\/em> (1926), conjunto de cuentos escritos en colaboraci\u00f3n con Seraf\u00edn Delmar, y la novela <em>La trampa<\/em> (1957).<\/span><\/p>\n<p style=\"text-align: justify;\"><span style=\"font-family: 'trebuchet ms', geneva, sans-serif; font-size: 16px;\">Como parte de su militancia pol\u00edtica public\u00f3 diversos ensayos como <em>Am\u00e9rica Latina frente al imperialismo<\/em> (1929), <em>Hacia la mujer nueva<\/em> (1933), E<em>l partido aprista frente al momento actual. Qui\u00e9nes traicionan al pueblo<\/em> (1950), <em>Flora Trist\u00e1n, la precursora<\/em> (1944, 1983), entre otras.<\/span><\/p>\n<p>&nbsp;<\/p>\n","protected":false},"excerpt":{"rendered":"<p>[3d-flip-book mode=\u00bbthumbnail-lightbox\u00bb id=\u00bb3356&#8243;][\/3d-flip-book] &nbsp; &nbsp; &nbsp; &nbsp; &nbsp; &nbsp; &nbsp; &nbsp; &nbsp; &nbsp; &nbsp; &nbsp; &nbsp; &nbsp; Magda Portal\u00a0(Lima, 1900-1989).\u00a0Naci\u00f3 en Barranco. Su vida y su obra literaria siempre mir\u00f3 al mar. Poeta, narradora y pol\u00edtica, fundadora del APRA. Fue la primera directora del Fondo de Cultura Econ\u00f3mica en Lima y presidenta de la Asociaci\u00f3n&#8230;<\/p>\n","protected":false},"author":70,"featured_media":3364,"comment_status":"open","ping_status":"open","sticky":false,"template":"","format":"standard","meta":{"footnotes":""},"categories":[240],"tags":[315,687,53,62,84],"yoast_head":"<!-- This site is optimized with the Yoast SEO plugin v23.5 - https:\/\/yoast.com\/wordpress\/plugins\/seo\/ -->\n<title>La trampa, de Magda Portal - Las Cr\u00edticas<\/title>\n<meta name=\"description\" content=\"La trampa es la primera novela de la escritora y mujer pol\u00edtica peruana Magda Portal. Aqu\u00ed podr\u00e1 leer algunas p\u00e1ginas del libro.\" \/>\n<meta name=\"robots\" content=\"index, follow, max-snippet:-1, max-image-preview:large, max-video-preview:-1\" \/>\n<link rel=\"canonical\" href=\"https:\/\/lascriticas.com\/index.php\/2020\/07\/23\/la-trampa-de-magda-portal\/\" \/>\n<meta property=\"og:locale\" content=\"es_ES\" \/>\n<meta property=\"og:type\" content=\"article\" \/>\n<meta property=\"og:title\" content=\"La trampa, de Magda Portal\" \/>\n<meta property=\"og:description\" content=\"Primeras p\u00e1ginas de esta novela en lectura libre\" \/>\n<meta property=\"og:url\" content=\"https:\/\/lascriticas.com\/index.php\/2020\/07\/23\/la-trampa-de-magda-portal\/\" \/>\n<meta property=\"og:site_name\" content=\"Las Cr\u00edticas\" \/>\n<meta property=\"article:publisher\" content=\"https:\/\/www.facebook.com\/lascriticas\/\" \/>\n<meta property=\"article:published_time\" content=\"2020-07-23T15:15:13+00:00\" \/>\n<meta property=\"article:modified_time\" content=\"2020-10-18T20:40:58+00:00\" \/>\n<meta property=\"og:image\" content=\"https:\/\/lascriticas.com\/wp-content\/uploads\/2020\/07\/Magda-Portal.jpg\" \/>\n\t<meta property=\"og:image:width\" content=\"1080\" \/>\n\t<meta property=\"og:image:height\" content=\"530\" \/>\n\t<meta property=\"og:image:type\" content=\"image\/jpeg\" \/>\n<meta name=\"author\" content=\"Magda Portal\" \/>\n<meta name=\"twitter:card\" content=\"summary_large_image\" \/>\n<meta name=\"twitter:title\" content=\"La trampa, de Magda Portal\" \/>\n<meta name=\"twitter:description\" content=\"Primeras p\u00e1ginas de esta novela, aqu\u00ed\" \/>\n<meta name=\"twitter:creator\" content=\"@LasCriticas_com\" \/>\n<meta name=\"twitter:site\" content=\"@LasCriticas_com\" \/>\n<meta name=\"twitter:label1\" content=\"Escrito por\" \/>\n\t<meta name=\"twitter:data1\" content=\"Magda Portal\" \/>\n\t<meta name=\"twitter:label2\" content=\"Tiempo de lectura\" \/>\n\t<meta name=\"twitter:data2\" content=\"1 minuto\" \/>\n<script type=\"application\/ld+json\" class=\"yoast-schema-graph\">{\"@context\":\"https:\/\/schema.org\",\"@graph\":[{\"@type\":\"Article\",\"@id\":\"https:\/\/lascriticas.com\/index.php\/2020\/07\/23\/la-trampa-de-magda-portal\/#article\",\"isPartOf\":{\"@id\":\"https:\/\/lascriticas.com\/index.php\/2020\/07\/23\/la-trampa-de-magda-portal\/\"},\"author\":{\"name\":\"Magda Portal\",\"@id\":\"https:\/\/lascriticas.com\/#\/schema\/person\/f0721883d2c6ab3c5164b15e6b5c426a\"},\"headline\":\"La trampa, de Magda Portal\",\"datePublished\":\"2020-07-23T15:15:13+00:00\",\"dateModified\":\"2020-10-18T20:40:58+00:00\",\"mainEntityOfPage\":{\"@id\":\"https:\/\/lascriticas.com\/index.php\/2020\/07\/23\/la-trampa-de-magda-portal\/\"},\"wordCount\":171,\"commentCount\":1,\"publisher\":{\"@id\":\"https:\/\/lascriticas.com\/#organization\"},\"image\":{\"@id\":\"https:\/\/lascriticas.com\/index.php\/2020\/07\/23\/la-trampa-de-magda-portal\/#primaryimage\"},\"thumbnailUrl\":\"https:\/\/lascriticas.com\/wp-content\/uploads\/2020\/07\/Magda-Portal.jpg\",\"keywords\":[\"adelanto\",\"mujer pol\u00edtica\",\"novela\",\"Per\u00fa\",\"pol\u00edtica\"],\"articleSection\":[\"Adelanto\"],\"inLanguage\":\"es\",\"potentialAction\":[{\"@type\":\"CommentAction\",\"name\":\"Comment\",\"target\":[\"https:\/\/lascriticas.com\/index.php\/2020\/07\/23\/la-trampa-de-magda-portal\/#respond\"]}]},{\"@type\":\"WebPage\",\"@id\":\"https:\/\/lascriticas.com\/index.php\/2020\/07\/23\/la-trampa-de-magda-portal\/\",\"url\":\"https:\/\/lascriticas.com\/index.php\/2020\/07\/23\/la-trampa-de-magda-portal\/\",\"name\":\"La trampa, de Magda Portal - Las Cr\u00edticas\",\"isPartOf\":{\"@id\":\"https:\/\/lascriticas.com\/#website\"},\"primaryImageOfPage\":{\"@id\":\"https:\/\/lascriticas.com\/index.php\/2020\/07\/23\/la-trampa-de-magda-portal\/#primaryimage\"},\"image\":{\"@id\":\"https:\/\/lascriticas.com\/index.php\/2020\/07\/23\/la-trampa-de-magda-portal\/#primaryimage\"},\"thumbnailUrl\":\"https:\/\/lascriticas.com\/wp-content\/uploads\/2020\/07\/Magda-Portal.jpg\",\"datePublished\":\"2020-07-23T15:15:13+00:00\",\"dateModified\":\"2020-10-18T20:40:58+00:00\",\"description\":\"La trampa es la primera novela de la escritora y mujer pol\u00edtica peruana Magda Portal. Aqu\u00ed podr\u00e1 leer algunas p\u00e1ginas del libro.\",\"breadcrumb\":{\"@id\":\"https:\/\/lascriticas.com\/index.php\/2020\/07\/23\/la-trampa-de-magda-portal\/#breadcrumb\"},\"inLanguage\":\"es\",\"potentialAction\":[{\"@type\":\"ReadAction\",\"target\":[\"https:\/\/lascriticas.com\/index.php\/2020\/07\/23\/la-trampa-de-magda-portal\/\"]}]},{\"@type\":\"ImageObject\",\"inLanguage\":\"es\",\"@id\":\"https:\/\/lascriticas.com\/index.php\/2020\/07\/23\/la-trampa-de-magda-portal\/#primaryimage\",\"url\":\"https:\/\/lascriticas.com\/wp-content\/uploads\/2020\/07\/Magda-Portal.jpg\",\"contentUrl\":\"https:\/\/lascriticas.com\/wp-content\/uploads\/2020\/07\/Magda-Portal.jpg\",\"width\":1080,\"height\":530},{\"@type\":\"BreadcrumbList\",\"@id\":\"https:\/\/lascriticas.com\/index.php\/2020\/07\/23\/la-trampa-de-magda-portal\/#breadcrumb\",\"itemListElement\":[{\"@type\":\"ListItem\",\"position\":1,\"name\":\"Inicio\",\"item\":\"https:\/\/lascriticas.com\/\"},{\"@type\":\"ListItem\",\"position\":2,\"name\":\"La trampa, de Magda Portal\"}]},{\"@type\":\"WebSite\",\"@id\":\"https:\/\/lascriticas.com\/#website\",\"url\":\"https:\/\/lascriticas.com\/\",\"name\":\"Las Cr\u00edticas\",\"description\":\"Cr\u00edtica literaria hecha por mujeres\",\"publisher\":{\"@id\":\"https:\/\/lascriticas.com\/#organization\"},\"potentialAction\":[{\"@type\":\"SearchAction\",\"target\":{\"@type\":\"EntryPoint\",\"urlTemplate\":\"https:\/\/lascriticas.com\/?s={search_term_string}\"},\"query-input\":{\"@type\":\"PropertyValueSpecification\",\"valueRequired\":true,\"valueName\":\"search_term_string\"}}],\"inLanguage\":\"es\"},{\"@type\":\"Organization\",\"@id\":\"https:\/\/lascriticas.com\/#organization\",\"name\":\"Las Cr\u00edticas\",\"url\":\"https:\/\/lascriticas.com\/\",\"logo\":{\"@type\":\"ImageObject\",\"inLanguage\":\"es\",\"@id\":\"https:\/\/lascriticas.com\/#\/schema\/logo\/image\/\",\"url\":\"https:\/\/lascriticas.com\/wp-content\/uploads\/2016\/09\/Las-Cr\u00edticas.png\",\"contentUrl\":\"https:\/\/lascriticas.com\/wp-content\/uploads\/2016\/09\/Las-Cr\u00edticas.png\",\"width\":372,\"height\":201,\"caption\":\"Las Cr\u00edticas\"},\"image\":{\"@id\":\"https:\/\/lascriticas.com\/#\/schema\/logo\/image\/\"},\"sameAs\":[\"https:\/\/www.facebook.com\/lascriticas\/\",\"https:\/\/x.com\/LasCriticas_com\",\"https:\/\/www.instagram.com\/lascriticas_com\/\",\"https:\/\/www.youtube.com\/channel\/UCd7r-H6EJA4sSXGLX33_iHQ\"]},{\"@type\":\"Person\",\"@id\":\"https:\/\/lascriticas.com\/#\/schema\/person\/f0721883d2c6ab3c5164b15e6b5c426a\",\"name\":\"Magda Portal\",\"image\":{\"@type\":\"ImageObject\",\"inLanguage\":\"es\",\"@id\":\"https:\/\/lascriticas.com\/#\/schema\/person\/image\/\",\"url\":\"https:\/\/secure.gravatar.com\/avatar\/d9ac3a281492d64f1502220c8592ad81?s=96&d=mm&r=g\",\"contentUrl\":\"https:\/\/secure.gravatar.com\/avatar\/d9ac3a281492d64f1502220c8592ad81?s=96&d=mm&r=g\",\"caption\":\"Magda Portal\"},\"url\":\"https:\/\/lascriticas.com\/index.php\/author\/magda-portal\/\"}]}<\/script>\n<!-- \/ Yoast SEO plugin. -->","yoast_head_json":{"title":"La trampa, de Magda Portal - Las Cr\u00edticas","description":"La trampa es la primera novela de la escritora y mujer pol\u00edtica peruana Magda Portal. Aqu\u00ed podr\u00e1 leer algunas p\u00e1ginas del libro.","robots":{"index":"index","follow":"follow","max-snippet":"max-snippet:-1","max-image-preview":"max-image-preview:large","max-video-preview":"max-video-preview:-1"},"canonical":"https:\/\/lascriticas.com\/index.php\/2020\/07\/23\/la-trampa-de-magda-portal\/","og_locale":"es_ES","og_type":"article","og_title":"La trampa, de Magda Portal","og_description":"Primeras p\u00e1ginas de esta novela en lectura libre","og_url":"https:\/\/lascriticas.com\/index.php\/2020\/07\/23\/la-trampa-de-magda-portal\/","og_site_name":"Las Cr\u00edticas","article_publisher":"https:\/\/www.facebook.com\/lascriticas\/","article_published_time":"2020-07-23T15:15:13+00:00","article_modified_time":"2020-10-18T20:40:58+00:00","og_image":[{"width":1080,"height":530,"url":"https:\/\/lascriticas.com\/wp-content\/uploads\/2020\/07\/Magda-Portal.jpg","type":"image\/jpeg"}],"author":"Magda Portal","twitter_card":"summary_large_image","twitter_title":"La trampa, de Magda Portal","twitter_description":"Primeras p\u00e1ginas de esta novela, aqu\u00ed","twitter_creator":"@LasCriticas_com","twitter_site":"@LasCriticas_com","twitter_misc":{"Escrito por":"Magda Portal","Tiempo de lectura":"1 minuto"},"schema":{"@context":"https:\/\/schema.org","@graph":[{"@type":"Article","@id":"https:\/\/lascriticas.com\/index.php\/2020\/07\/23\/la-trampa-de-magda-portal\/#article","isPartOf":{"@id":"https:\/\/lascriticas.com\/index.php\/2020\/07\/23\/la-trampa-de-magda-portal\/"},"author":{"name":"Magda Portal","@id":"https:\/\/lascriticas.com\/#\/schema\/person\/f0721883d2c6ab3c5164b15e6b5c426a"},"headline":"La trampa, de Magda Portal","datePublished":"2020-07-23T15:15:13+00:00","dateModified":"2020-10-18T20:40:58+00:00","mainEntityOfPage":{"@id":"https:\/\/lascriticas.com\/index.php\/2020\/07\/23\/la-trampa-de-magda-portal\/"},"wordCount":171,"commentCount":1,"publisher":{"@id":"https:\/\/lascriticas.com\/#organization"},"image":{"@id":"https:\/\/lascriticas.com\/index.php\/2020\/07\/23\/la-trampa-de-magda-portal\/#primaryimage"},"thumbnailUrl":"https:\/\/lascriticas.com\/wp-content\/uploads\/2020\/07\/Magda-Portal.jpg","keywords":["adelanto","mujer pol\u00edtica","novela","Per\u00fa","pol\u00edtica"],"articleSection":["Adelanto"],"inLanguage":"es","potentialAction":[{"@type":"CommentAction","name":"Comment","target":["https:\/\/lascriticas.com\/index.php\/2020\/07\/23\/la-trampa-de-magda-portal\/#respond"]}]},{"@type":"WebPage","@id":"https:\/\/lascriticas.com\/index.php\/2020\/07\/23\/la-trampa-de-magda-portal\/","url":"https:\/\/lascriticas.com\/index.php\/2020\/07\/23\/la-trampa-de-magda-portal\/","name":"La trampa, de Magda Portal - Las Cr\u00edticas","isPartOf":{"@id":"https:\/\/lascriticas.com\/#website"},"primaryImageOfPage":{"@id":"https:\/\/lascriticas.com\/index.php\/2020\/07\/23\/la-trampa-de-magda-portal\/#primaryimage"},"image":{"@id":"https:\/\/lascriticas.com\/index.php\/2020\/07\/23\/la-trampa-de-magda-portal\/#primaryimage"},"thumbnailUrl":"https:\/\/lascriticas.com\/wp-content\/uploads\/2020\/07\/Magda-Portal.jpg","datePublished":"2020-07-23T15:15:13+00:00","dateModified":"2020-10-18T20:40:58+00:00","description":"La trampa es la primera novela de la escritora y mujer pol\u00edtica peruana Magda Portal. Aqu\u00ed podr\u00e1 leer algunas p\u00e1ginas del libro.","breadcrumb":{"@id":"https:\/\/lascriticas.com\/index.php\/2020\/07\/23\/la-trampa-de-magda-portal\/#breadcrumb"},"inLanguage":"es","potentialAction":[{"@type":"ReadAction","target":["https:\/\/lascriticas.com\/index.php\/2020\/07\/23\/la-trampa-de-magda-portal\/"]}]},{"@type":"ImageObject","inLanguage":"es","@id":"https:\/\/lascriticas.com\/index.php\/2020\/07\/23\/la-trampa-de-magda-portal\/#primaryimage","url":"https:\/\/lascriticas.com\/wp-content\/uploads\/2020\/07\/Magda-Portal.jpg","contentUrl":"https:\/\/lascriticas.com\/wp-content\/uploads\/2020\/07\/Magda-Portal.jpg","width":1080,"height":530},{"@type":"BreadcrumbList","@id":"https:\/\/lascriticas.com\/index.php\/2020\/07\/23\/la-trampa-de-magda-portal\/#breadcrumb","itemListElement":[{"@type":"ListItem","position":1,"name":"Inicio","item":"https:\/\/lascriticas.com\/"},{"@type":"ListItem","position":2,"name":"La trampa, de Magda Portal"}]},{"@type":"WebSite","@id":"https:\/\/lascriticas.com\/#website","url":"https:\/\/lascriticas.com\/","name":"Las Cr\u00edticas","description":"Cr\u00edtica literaria hecha por mujeres","publisher":{"@id":"https:\/\/lascriticas.com\/#organization"},"potentialAction":[{"@type":"SearchAction","target":{"@type":"EntryPoint","urlTemplate":"https:\/\/lascriticas.com\/?s={search_term_string}"},"query-input":{"@type":"PropertyValueSpecification","valueRequired":true,"valueName":"search_term_string"}}],"inLanguage":"es"},{"@type":"Organization","@id":"https:\/\/lascriticas.com\/#organization","name":"Las Cr\u00edticas","url":"https:\/\/lascriticas.com\/","logo":{"@type":"ImageObject","inLanguage":"es","@id":"https:\/\/lascriticas.com\/#\/schema\/logo\/image\/","url":"https:\/\/lascriticas.com\/wp-content\/uploads\/2016\/09\/Las-Cr\u00edticas.png","contentUrl":"https:\/\/lascriticas.com\/wp-content\/uploads\/2016\/09\/Las-Cr\u00edticas.png","width":372,"height":201,"caption":"Las Cr\u00edticas"},"image":{"@id":"https:\/\/lascriticas.com\/#\/schema\/logo\/image\/"},"sameAs":["https:\/\/www.facebook.com\/lascriticas\/","https:\/\/x.com\/LasCriticas_com","https:\/\/www.instagram.com\/lascriticas_com\/","https:\/\/www.youtube.com\/channel\/UCd7r-H6EJA4sSXGLX33_iHQ"]},{"@type":"Person","@id":"https:\/\/lascriticas.com\/#\/schema\/person\/f0721883d2c6ab3c5164b15e6b5c426a","name":"Magda Portal","image":{"@type":"ImageObject","inLanguage":"es","@id":"https:\/\/lascriticas.com\/#\/schema\/person\/image\/","url":"https:\/\/secure.gravatar.com\/avatar\/d9ac3a281492d64f1502220c8592ad81?s=96&d=mm&r=g","contentUrl":"https:\/\/secure.gravatar.com\/avatar\/d9ac3a281492d64f1502220c8592ad81?s=96&d=mm&r=g","caption":"Magda Portal"},"url":"https:\/\/lascriticas.com\/index.php\/author\/magda-portal\/"}]}},"_links":{"self":[{"href":"https:\/\/lascriticas.com\/index.php\/wp-json\/wp\/v2\/posts\/3354"}],"collection":[{"href":"https:\/\/lascriticas.com\/index.php\/wp-json\/wp\/v2\/posts"}],"about":[{"href":"https:\/\/lascriticas.com\/index.php\/wp-json\/wp\/v2\/types\/post"}],"author":[{"embeddable":true,"href":"https:\/\/lascriticas.com\/index.php\/wp-json\/wp\/v2\/users\/70"}],"replies":[{"embeddable":true,"href":"https:\/\/lascriticas.com\/index.php\/wp-json\/wp\/v2\/comments?post=3354"}],"version-history":[{"count":10,"href":"https:\/\/lascriticas.com\/index.php\/wp-json\/wp\/v2\/posts\/3354\/revisions"}],"predecessor-version":[{"id":4072,"href":"https:\/\/lascriticas.com\/index.php\/wp-json\/wp\/v2\/posts\/3354\/revisions\/4072"}],"wp:featuredmedia":[{"embeddable":true,"href":"https:\/\/lascriticas.com\/index.php\/wp-json\/wp\/v2\/media\/3364"}],"wp:attachment":[{"href":"https:\/\/lascriticas.com\/index.php\/wp-json\/wp\/v2\/media?parent=3354"}],"wp:term":[{"taxonomy":"category","embeddable":true,"href":"https:\/\/lascriticas.com\/index.php\/wp-json\/wp\/v2\/categories?post=3354"},{"taxonomy":"post_tag","embeddable":true,"href":"https:\/\/lascriticas.com\/index.php\/wp-json\/wp\/v2\/tags?post=3354"}],"curies":[{"name":"wp","href":"https:\/\/api.w.org\/{rel}","templated":true}]}}