{"id":2998,"date":"2019-12-26T14:31:51","date_gmt":"2019-12-26T13:31:51","guid":{"rendered":"http:\/\/lascriticas.com\/?p=2998"},"modified":"2020-01-02T14:44:47","modified_gmt":"2020-01-02T13:44:47","slug":"nadie-nos-extranara-de-luis-francisco-palomino","status":"publish","type":"post","link":"https:\/\/lascriticas.com\/index.php\/2019\/12\/26\/nadie-nos-extranara-de-luis-francisco-palomino\/","title":{"rendered":"Nadie nos extra\u00f1ar\u00e1, de Luis Francisco Palomino"},"content":{"rendered":"<h2><span style=\"color: #ffffff; font-size: 16px;\"><b><i>Nadie nos extra\u00f1ar\u00e1,<\/i><\/b><b> de Luis Francisco Palomino<\/b><\/span><\/h2>\n<p style=\"text-align: justify;\"><span style=\"font-size: 16px;\">Las sociedades forman ciudades. En los nueve cuentos que componen <strong><i>Nadie nos extra\u00f1ar\u00e1<\/i><\/strong> del joven escritor peruano <strong>Luis Francisco Palomino<\/strong>, los anhelos y las angustias de sus personajes <strong><i>millenials<\/i> <\/strong>no solo describen las transiciones a la brutal realidad del mundo adulto, sino que nos introducen a otro protagonista: la ciudad. Casi todos los relatos ocurren en el distrito lime\u00f1o de <strong>San Juan de Miraflores<\/strong>, el cual escapa a los lugares que, com\u00fanmente, encontramos en cuentos y novelas peruanas. Contrario a las encantadoras de calles de Miraflores o Barranco que llevan al mar o a la arquitectura imponente de las casonas del centro de Lima, Palomino nos sumerge en un espacio donde el <i>glamour<\/i> es inalcanzable, mientras que la informalidad, la violencia, la desigualdad econ\u00f3mica, el caos del tr\u00e1nsito vehicular y la delincuencia se apodera de la ciudad.<span class=\"Apple-converted-space\">\u00a0<\/span><\/span><\/p>\n<p>&nbsp;<\/p>\n<p style=\"text-align: justify;\"><span style=\"font-size: 16px;\"><img loading=\"lazy\" decoding=\"async\" class=\"aligncenter wp-image-3001 \" title=\"Nadie nos extra\u00f1ar\u00e1\" src=\"http:\/\/lascriticas.com\/wp-content\/uploads\/2019\/12\/portada-268x400.jpg\" alt=\"\" width=\"259\" height=\"387\" \/><\/span><\/p>\n<p style=\"text-align: justify;\"><span style=\"font-size: 16px;\">Con una interesante soltura en su escritura, los di\u00e1logos de los personajes nos cuentan entrel\u00edneas la ciudad que hemos construido y todos los males sociales que la aquejan, partiendo primero de c\u00f3mo la pobreza est\u00e1 siempre presente. As\u00ed encontramos en los cuentos <i>Una virgen para Pap\u00e1 Noel, Javier Prado, La Marina <\/i>y<i> El reto del maniqu\u00ed<\/i> <strong>el desconsuelo de ser pobre<\/strong>. El agotamiento y la inestabilidad de las condiciones laborales que viven los personajes no hace m\u00e1s que incrementar el anhelo de salir a toda costa de esa realidad como en este fragmento de Javier Prado, La Marina:<\/span><\/p>\n<blockquote>\n<p style=\"text-align: justify;\"><span style=\"font-size: 16px;\">Ese iba a ser su \u00faltimo d\u00eda como usuario del transporte p\u00fablico. Por la noche ir\u00eda con su esposa a dar la inicial de la 4&#215;4 que pagar\u00eda durante los pr\u00f3ximos cuarentaiocho meses. En el futuro, pensaba, ya no tendr\u00eda que lidiar con los groseros cobradores de la l\u00ednea Ori\u00f3n, quienes le pon\u00edan mala cara cuando pagaba con un billete de veinte soles y ni siquiera le daban las gracias cuando \u00e9l se preocupaba por tratarlos con amabilidad. (p.49)<\/span><\/p>\n<\/blockquote>\n<p style=\"text-align: justify;\"><span style=\"font-size: 16px;\"><strong>Los personajes no se resignan a la marginalidad<\/strong>, ni a vivir en inmersos en la violencia de la que son presa como en el agitado cuento <i>La primera piedra<\/i>, que es una carrera por sobrevivir al peligro de la noche de las calles de San Juan de Miraflores o el perturbador relato llamado <i>Turbo Berguer<\/i> que narra la manipulaci\u00f3n y la violaci\u00f3n sexual de adolescentes que solo quer\u00edan \u201chacerse hombres\u201d. <i>Ropa interior<\/i> es, quiz\u00e1s, el cuento que narra c\u00f3mo la delincuencia se adue\u00f1a del barrio y lo convierte en tierra de nadie donde cualquier bala perdida caerle a un vecino.<\/span><\/p>\n<p style=\"text-align: justify;\"><span style=\"font-size: 16px;\">La incertidumbre de vivir y \u00bfc\u00f3mo no sentir angustia sobre el futuro si el sistema pol\u00edtico y econ\u00f3mico del siglo XXI es, con frecuencia, apocal\u00edptico? La generaci\u00f3n <i>millenial<\/i> es la que lleva sobre sus hombros la b\u00fasqueda de soluciones a conflictos sociales, medioambientales generados en el siglo pasado. Es la <strong>generaci\u00f3n de la dislocaci\u00f3n<\/strong> en una cultura global, seg\u00fan <strong>Arjun Appadurai<\/strong> \u00bfdemasiada responsabilidad? En una metr\u00f3polis donde la aceptaci\u00f3n de los dem\u00e1s y la adicci\u00f3n al \u00e9xito lo es todo, entonces, queda preguntarnos quienes viven en las periferias del sistema y por qu\u00e9 son olvidados. Luis Francisco Palomino logra retratar la asfixiante y agotada vida del adolescente en una ciudad llena de habitantes solitarios encerrados en sus propios mundos. Seres que solo se juntan cuando coinciden en un lugar p\u00fablico. Por ello, la calle es el segundo protagonista en todos los cuentos. Es ah\u00ed donde todos somos iguales. Todos somos ciudadanos\u2026aunque muchos no quieran entenderlo.<\/span><\/p>\n<p style=\"text-align: justify;\"><span style=\"font-size: 16px;\">El ge\u00f3grafo y profesor de antropolog\u00eda, David Harvey, en una entrevista del a\u00f1o 2018 dijo que: \u201c(\u2026) ahora no construimos ciudades para que la gente viva, las construimos para que la gente invierta en ellas. Y a los inversores no les importa necesariamente la calidad de vida en la ciudad, y esa es una de las cosas negativas.\u201d Quiz\u00e1s, por esto Luis Francisco Palomino, en su primer buen libro, nos presenta esos ciudadanos lejanos de la riqueza material, pero que existen y construyen, como pueden, una sociedad a espaldas de los privilegiados que no los extra\u00f1ar\u00e1n.<\/span><\/p>\n<p style=\"text-align: justify;\"><strong>Palomino, Luis Francisco. <em>Nadie nos extra\u00f1ar\u00e1<\/em>. Animal de Invierno. Colecci\u00f3n La Jaur\u00eda, 2019.<\/strong><\/p>\n<hr \/>\n<p style=\"text-align: justify;\"><span style=\"font-family: 'trebuchet ms', geneva, sans-serif;\"><strong>Luis Francisco Palomino<\/strong> es periodista punk y vive en San Juan de Miraflores. Naci\u00f3 en 1991, el mismo d\u00eda que Pel\u00e9 y Charly Garc\u00eda. Uno de sus cuentos gan\u00f3 los Juegos Florales de la PUCP en el 2013. Cuando ten\u00eda cinco kilos menos, particip\u00f3 del campeonato de improvisaci\u00f3n literaria Lucha Libro, en el que fue finalista.<\/span><\/p>\n<p><a href=\"http:\/\/lascriticas.com\/index.php\/lascriticas\/diana-felix\/\"><strong><span style=\"font-family: 'trebuchet ms', geneva, sans-serif;\">Acerca de Diana F\u00e9lix<\/span><\/strong><\/a><\/p>\n","protected":false},"excerpt":{"rendered":"<p>Nadie nos extra\u00f1ar\u00e1, de Luis Francisco Palomino Las sociedades forman ciudades. En los nueve cuentos que componen Nadie nos extra\u00f1ar\u00e1 del joven escritor peruano Luis Francisco Palomino, los anhelos y las angustias de sus personajes millenials no solo describen las transiciones a la brutal realidad del mundo adulto, sino que nos introducen a otro protagonista:&#8230;<\/p>\n","protected":false},"author":47,"featured_media":3000,"comment_status":"open","ping_status":"open","sticky":false,"template":"","format":"standard","meta":{"footnotes":""},"categories":[43,37],"tags":[190,56,599,540,158,579,596,598,522,412,207,597,293,87],"yoast_head":"<!-- This site is optimized with the Yoast SEO plugin v23.5 - https:\/\/yoast.com\/wordpress\/plugins\/seo\/ -->\n<title>Nadie nos extra\u00f1ar\u00e1, de Luis Francisco Palomino - Las Cr\u00edticas<\/title>\n<meta name=\"description\" content=\"Diana F\u00e9lix rese\u00f1a del libro de cuentos de Luis Francisco Palomino, publicado por Animal de invierno en el 2019.\" \/>\n<meta name=\"robots\" content=\"index, follow, max-snippet:-1, max-image-preview:large, max-video-preview:-1\" \/>\n<link rel=\"canonical\" href=\"https:\/\/lascriticas.com\/index.php\/2019\/12\/26\/nadie-nos-extranara-de-luis-francisco-palomino\/\" \/>\n<meta property=\"og:locale\" content=\"es_ES\" \/>\n<meta property=\"og:type\" content=\"article\" \/>\n<meta property=\"og:title\" content=\"Nadie nos extra\u00f1ar\u00e1, de Luis Francisco Palomino - Las Cr\u00edticas\" \/>\n<meta property=\"og:description\" content=\"Diana F\u00e9lix rese\u00f1a del libro de cuentos de Luis Francisco Palomino, publicado por Animal de invierno en el 2019.\" \/>\n<meta property=\"og:url\" content=\"https:\/\/lascriticas.com\/index.php\/2019\/12\/26\/nadie-nos-extranara-de-luis-francisco-palomino\/\" \/>\n<meta property=\"og:site_name\" content=\"Las Cr\u00edticas\" \/>\n<meta property=\"article:publisher\" content=\"https:\/\/www.facebook.com\/lascriticas\/\" \/>\n<meta property=\"article:published_time\" content=\"2019-12-26T13:31:51+00:00\" \/>\n<meta property=\"article:modified_time\" content=\"2020-01-02T13:44:47+00:00\" \/>\n<meta property=\"og:image\" content=\"https:\/\/lascriticas.com\/wp-content\/uploads\/2019\/12\/Luis-Francisco-Palomino-VF.png\" \/>\n\t<meta property=\"og:image:width\" content=\"1080\" \/>\n\t<meta property=\"og:image:height\" content=\"530\" \/>\n\t<meta property=\"og:image:type\" content=\"image\/png\" \/>\n<meta name=\"author\" content=\"Diana F\u00e9lix\" \/>\n<meta name=\"twitter:card\" content=\"summary_large_image\" \/>\n<meta name=\"twitter:creator\" content=\"@LasCriticas_com\" \/>\n<meta name=\"twitter:site\" content=\"@LasCriticas_com\" \/>\n<meta name=\"twitter:label1\" content=\"Escrito por\" \/>\n\t<meta name=\"twitter:data1\" content=\"Diana F\u00e9lix\" \/>\n\t<meta name=\"twitter:label2\" content=\"Tiempo de lectura\" \/>\n\t<meta name=\"twitter:data2\" content=\"4 minutos\" \/>\n<script type=\"application\/ld+json\" class=\"yoast-schema-graph\">{\"@context\":\"https:\/\/schema.org\",\"@graph\":[{\"@type\":\"Article\",\"@id\":\"https:\/\/lascriticas.com\/index.php\/2019\/12\/26\/nadie-nos-extranara-de-luis-francisco-palomino\/#article\",\"isPartOf\":{\"@id\":\"https:\/\/lascriticas.com\/index.php\/2019\/12\/26\/nadie-nos-extranara-de-luis-francisco-palomino\/\"},\"author\":{\"name\":\"Diana F\u00e9lix\",\"@id\":\"https:\/\/lascriticas.com\/#\/schema\/person\/d5534f68f142353846e3bc860a12b1f1\"},\"headline\":\"Nadie nos extra\u00f1ar\u00e1, de Luis Francisco Palomino\",\"datePublished\":\"2019-12-26T13:31:51+00:00\",\"dateModified\":\"2020-01-02T13:44:47+00:00\",\"mainEntityOfPage\":{\"@id\":\"https:\/\/lascriticas.com\/index.php\/2019\/12\/26\/nadie-nos-extranara-de-luis-francisco-palomino\/\"},\"wordCount\":803,\"commentCount\":1,\"publisher\":{\"@id\":\"https:\/\/lascriticas.com\/#organization\"},\"image\":{\"@id\":\"https:\/\/lascriticas.com\/index.php\/2019\/12\/26\/nadie-nos-extranara-de-luis-francisco-palomino\/#primaryimage\"},\"thumbnailUrl\":\"https:\/\/lascriticas.com\/wp-content\/uploads\/2019\/12\/Luis-Francisco-Palomino-VF.png\",\"keywords\":[\"ciudad\",\"cuento\",\"desigualdad econ\u00f3mica\",\"escritor\",\"exclusi\u00f3n\",\"futuro\",\"geograf\u00eda\",\"informalidad\",\"Lima\",\"literatura peruana\",\"marginalidad\",\"millenials\",\"pobreza\",\"violencia\"],\"articleSection\":[\"Ficci\u00f3n\",\"Rese\u00f1as\"],\"inLanguage\":\"es\",\"potentialAction\":[{\"@type\":\"CommentAction\",\"name\":\"Comment\",\"target\":[\"https:\/\/lascriticas.com\/index.php\/2019\/12\/26\/nadie-nos-extranara-de-luis-francisco-palomino\/#respond\"]}]},{\"@type\":\"WebPage\",\"@id\":\"https:\/\/lascriticas.com\/index.php\/2019\/12\/26\/nadie-nos-extranara-de-luis-francisco-palomino\/\",\"url\":\"https:\/\/lascriticas.com\/index.php\/2019\/12\/26\/nadie-nos-extranara-de-luis-francisco-palomino\/\",\"name\":\"Nadie nos extra\u00f1ar\u00e1, de Luis Francisco Palomino - Las Cr\u00edticas\",\"isPartOf\":{\"@id\":\"https:\/\/lascriticas.com\/#website\"},\"primaryImageOfPage\":{\"@id\":\"https:\/\/lascriticas.com\/index.php\/2019\/12\/26\/nadie-nos-extranara-de-luis-francisco-palomino\/#primaryimage\"},\"image\":{\"@id\":\"https:\/\/lascriticas.com\/index.php\/2019\/12\/26\/nadie-nos-extranara-de-luis-francisco-palomino\/#primaryimage\"},\"thumbnailUrl\":\"https:\/\/lascriticas.com\/wp-content\/uploads\/2019\/12\/Luis-Francisco-Palomino-VF.png\",\"datePublished\":\"2019-12-26T13:31:51+00:00\",\"dateModified\":\"2020-01-02T13:44:47+00:00\",\"description\":\"Diana F\u00e9lix rese\u00f1a del libro de cuentos de Luis Francisco Palomino, publicado por Animal de invierno en el 2019.\",\"breadcrumb\":{\"@id\":\"https:\/\/lascriticas.com\/index.php\/2019\/12\/26\/nadie-nos-extranara-de-luis-francisco-palomino\/#breadcrumb\"},\"inLanguage\":\"es\",\"potentialAction\":[{\"@type\":\"ReadAction\",\"target\":[\"https:\/\/lascriticas.com\/index.php\/2019\/12\/26\/nadie-nos-extranara-de-luis-francisco-palomino\/\"]}]},{\"@type\":\"ImageObject\",\"inLanguage\":\"es\",\"@id\":\"https:\/\/lascriticas.com\/index.php\/2019\/12\/26\/nadie-nos-extranara-de-luis-francisco-palomino\/#primaryimage\",\"url\":\"https:\/\/lascriticas.com\/wp-content\/uploads\/2019\/12\/Luis-Francisco-Palomino-VF.png\",\"contentUrl\":\"https:\/\/lascriticas.com\/wp-content\/uploads\/2019\/12\/Luis-Francisco-Palomino-VF.png\",\"width\":1080,\"height\":530},{\"@type\":\"BreadcrumbList\",\"@id\":\"https:\/\/lascriticas.com\/index.php\/2019\/12\/26\/nadie-nos-extranara-de-luis-francisco-palomino\/#breadcrumb\",\"itemListElement\":[{\"@type\":\"ListItem\",\"position\":1,\"name\":\"Inicio\",\"item\":\"https:\/\/lascriticas.com\/\"},{\"@type\":\"ListItem\",\"position\":2,\"name\":\"Nadie nos extra\u00f1ar\u00e1, de Luis Francisco Palomino\"}]},{\"@type\":\"WebSite\",\"@id\":\"https:\/\/lascriticas.com\/#website\",\"url\":\"https:\/\/lascriticas.com\/\",\"name\":\"Las Cr\u00edticas\",\"description\":\"Cr\u00edtica literaria hecha por mujeres\",\"publisher\":{\"@id\":\"https:\/\/lascriticas.com\/#organization\"},\"potentialAction\":[{\"@type\":\"SearchAction\",\"target\":{\"@type\":\"EntryPoint\",\"urlTemplate\":\"https:\/\/lascriticas.com\/?s={search_term_string}\"},\"query-input\":{\"@type\":\"PropertyValueSpecification\",\"valueRequired\":true,\"valueName\":\"search_term_string\"}}],\"inLanguage\":\"es\"},{\"@type\":\"Organization\",\"@id\":\"https:\/\/lascriticas.com\/#organization\",\"name\":\"Las Cr\u00edticas\",\"url\":\"https:\/\/lascriticas.com\/\",\"logo\":{\"@type\":\"ImageObject\",\"inLanguage\":\"es\",\"@id\":\"https:\/\/lascriticas.com\/#\/schema\/logo\/image\/\",\"url\":\"https:\/\/lascriticas.com\/wp-content\/uploads\/2016\/09\/Las-Cr\u00edticas.png\",\"contentUrl\":\"https:\/\/lascriticas.com\/wp-content\/uploads\/2016\/09\/Las-Cr\u00edticas.png\",\"width\":372,\"height\":201,\"caption\":\"Las Cr\u00edticas\"},\"image\":{\"@id\":\"https:\/\/lascriticas.com\/#\/schema\/logo\/image\/\"},\"sameAs\":[\"https:\/\/www.facebook.com\/lascriticas\/\",\"https:\/\/x.com\/LasCriticas_com\",\"https:\/\/www.instagram.com\/lascriticas_com\/\",\"https:\/\/www.youtube.com\/channel\/UCd7r-H6EJA4sSXGLX33_iHQ\"]},{\"@type\":\"Person\",\"@id\":\"https:\/\/lascriticas.com\/#\/schema\/person\/d5534f68f142353846e3bc860a12b1f1\",\"name\":\"Diana F\u00e9lix\",\"image\":{\"@type\":\"ImageObject\",\"inLanguage\":\"es\",\"@id\":\"https:\/\/lascriticas.com\/#\/schema\/person\/image\/\",\"url\":\"https:\/\/secure.gravatar.com\/avatar\/f8ccdeff503521f08d381bce590fab28?s=96&d=mm&r=g\",\"contentUrl\":\"https:\/\/secure.gravatar.com\/avatar\/f8ccdeff503521f08d381bce590fab28?s=96&d=mm&r=g\",\"caption\":\"Diana F\u00e9lix\"},\"url\":\"https:\/\/lascriticas.com\/index.php\/author\/diana-felix\/\"}]}<\/script>\n<!-- \/ Yoast SEO plugin. -->","yoast_head_json":{"title":"Nadie nos extra\u00f1ar\u00e1, de Luis Francisco Palomino - Las Cr\u00edticas","description":"Diana F\u00e9lix rese\u00f1a del libro de cuentos de Luis Francisco Palomino, publicado por Animal de invierno en el 2019.","robots":{"index":"index","follow":"follow","max-snippet":"max-snippet:-1","max-image-preview":"max-image-preview:large","max-video-preview":"max-video-preview:-1"},"canonical":"https:\/\/lascriticas.com\/index.php\/2019\/12\/26\/nadie-nos-extranara-de-luis-francisco-palomino\/","og_locale":"es_ES","og_type":"article","og_title":"Nadie nos extra\u00f1ar\u00e1, de Luis Francisco Palomino - Las Cr\u00edticas","og_description":"Diana F\u00e9lix rese\u00f1a del libro de cuentos de Luis Francisco Palomino, publicado por Animal de invierno en el 2019.","og_url":"https:\/\/lascriticas.com\/index.php\/2019\/12\/26\/nadie-nos-extranara-de-luis-francisco-palomino\/","og_site_name":"Las Cr\u00edticas","article_publisher":"https:\/\/www.facebook.com\/lascriticas\/","article_published_time":"2019-12-26T13:31:51+00:00","article_modified_time":"2020-01-02T13:44:47+00:00","og_image":[{"width":1080,"height":530,"url":"https:\/\/lascriticas.com\/wp-content\/uploads\/2019\/12\/Luis-Francisco-Palomino-VF.png","type":"image\/png"}],"author":"Diana F\u00e9lix","twitter_card":"summary_large_image","twitter_creator":"@LasCriticas_com","twitter_site":"@LasCriticas_com","twitter_misc":{"Escrito por":"Diana F\u00e9lix","Tiempo de lectura":"4 minutos"},"schema":{"@context":"https:\/\/schema.org","@graph":[{"@type":"Article","@id":"https:\/\/lascriticas.com\/index.php\/2019\/12\/26\/nadie-nos-extranara-de-luis-francisco-palomino\/#article","isPartOf":{"@id":"https:\/\/lascriticas.com\/index.php\/2019\/12\/26\/nadie-nos-extranara-de-luis-francisco-palomino\/"},"author":{"name":"Diana F\u00e9lix","@id":"https:\/\/lascriticas.com\/#\/schema\/person\/d5534f68f142353846e3bc860a12b1f1"},"headline":"Nadie nos extra\u00f1ar\u00e1, de Luis Francisco Palomino","datePublished":"2019-12-26T13:31:51+00:00","dateModified":"2020-01-02T13:44:47+00:00","mainEntityOfPage":{"@id":"https:\/\/lascriticas.com\/index.php\/2019\/12\/26\/nadie-nos-extranara-de-luis-francisco-palomino\/"},"wordCount":803,"commentCount":1,"publisher":{"@id":"https:\/\/lascriticas.com\/#organization"},"image":{"@id":"https:\/\/lascriticas.com\/index.php\/2019\/12\/26\/nadie-nos-extranara-de-luis-francisco-palomino\/#primaryimage"},"thumbnailUrl":"https:\/\/lascriticas.com\/wp-content\/uploads\/2019\/12\/Luis-Francisco-Palomino-VF.png","keywords":["ciudad","cuento","desigualdad econ\u00f3mica","escritor","exclusi\u00f3n","futuro","geograf\u00eda","informalidad","Lima","literatura peruana","marginalidad","millenials","pobreza","violencia"],"articleSection":["Ficci\u00f3n","Rese\u00f1as"],"inLanguage":"es","potentialAction":[{"@type":"CommentAction","name":"Comment","target":["https:\/\/lascriticas.com\/index.php\/2019\/12\/26\/nadie-nos-extranara-de-luis-francisco-palomino\/#respond"]}]},{"@type":"WebPage","@id":"https:\/\/lascriticas.com\/index.php\/2019\/12\/26\/nadie-nos-extranara-de-luis-francisco-palomino\/","url":"https:\/\/lascriticas.com\/index.php\/2019\/12\/26\/nadie-nos-extranara-de-luis-francisco-palomino\/","name":"Nadie nos extra\u00f1ar\u00e1, de Luis Francisco Palomino - Las Cr\u00edticas","isPartOf":{"@id":"https:\/\/lascriticas.com\/#website"},"primaryImageOfPage":{"@id":"https:\/\/lascriticas.com\/index.php\/2019\/12\/26\/nadie-nos-extranara-de-luis-francisco-palomino\/#primaryimage"},"image":{"@id":"https:\/\/lascriticas.com\/index.php\/2019\/12\/26\/nadie-nos-extranara-de-luis-francisco-palomino\/#primaryimage"},"thumbnailUrl":"https:\/\/lascriticas.com\/wp-content\/uploads\/2019\/12\/Luis-Francisco-Palomino-VF.png","datePublished":"2019-12-26T13:31:51+00:00","dateModified":"2020-01-02T13:44:47+00:00","description":"Diana F\u00e9lix rese\u00f1a del libro de cuentos de Luis Francisco Palomino, publicado por Animal de invierno en el 2019.","breadcrumb":{"@id":"https:\/\/lascriticas.com\/index.php\/2019\/12\/26\/nadie-nos-extranara-de-luis-francisco-palomino\/#breadcrumb"},"inLanguage":"es","potentialAction":[{"@type":"ReadAction","target":["https:\/\/lascriticas.com\/index.php\/2019\/12\/26\/nadie-nos-extranara-de-luis-francisco-palomino\/"]}]},{"@type":"ImageObject","inLanguage":"es","@id":"https:\/\/lascriticas.com\/index.php\/2019\/12\/26\/nadie-nos-extranara-de-luis-francisco-palomino\/#primaryimage","url":"https:\/\/lascriticas.com\/wp-content\/uploads\/2019\/12\/Luis-Francisco-Palomino-VF.png","contentUrl":"https:\/\/lascriticas.com\/wp-content\/uploads\/2019\/12\/Luis-Francisco-Palomino-VF.png","width":1080,"height":530},{"@type":"BreadcrumbList","@id":"https:\/\/lascriticas.com\/index.php\/2019\/12\/26\/nadie-nos-extranara-de-luis-francisco-palomino\/#breadcrumb","itemListElement":[{"@type":"ListItem","position":1,"name":"Inicio","item":"https:\/\/lascriticas.com\/"},{"@type":"ListItem","position":2,"name":"Nadie nos extra\u00f1ar\u00e1, de Luis Francisco Palomino"}]},{"@type":"WebSite","@id":"https:\/\/lascriticas.com\/#website","url":"https:\/\/lascriticas.com\/","name":"Las Cr\u00edticas","description":"Cr\u00edtica literaria hecha por mujeres","publisher":{"@id":"https:\/\/lascriticas.com\/#organization"},"potentialAction":[{"@type":"SearchAction","target":{"@type":"EntryPoint","urlTemplate":"https:\/\/lascriticas.com\/?s={search_term_string}"},"query-input":{"@type":"PropertyValueSpecification","valueRequired":true,"valueName":"search_term_string"}}],"inLanguage":"es"},{"@type":"Organization","@id":"https:\/\/lascriticas.com\/#organization","name":"Las Cr\u00edticas","url":"https:\/\/lascriticas.com\/","logo":{"@type":"ImageObject","inLanguage":"es","@id":"https:\/\/lascriticas.com\/#\/schema\/logo\/image\/","url":"https:\/\/lascriticas.com\/wp-content\/uploads\/2016\/09\/Las-Cr\u00edticas.png","contentUrl":"https:\/\/lascriticas.com\/wp-content\/uploads\/2016\/09\/Las-Cr\u00edticas.png","width":372,"height":201,"caption":"Las Cr\u00edticas"},"image":{"@id":"https:\/\/lascriticas.com\/#\/schema\/logo\/image\/"},"sameAs":["https:\/\/www.facebook.com\/lascriticas\/","https:\/\/x.com\/LasCriticas_com","https:\/\/www.instagram.com\/lascriticas_com\/","https:\/\/www.youtube.com\/channel\/UCd7r-H6EJA4sSXGLX33_iHQ"]},{"@type":"Person","@id":"https:\/\/lascriticas.com\/#\/schema\/person\/d5534f68f142353846e3bc860a12b1f1","name":"Diana F\u00e9lix","image":{"@type":"ImageObject","inLanguage":"es","@id":"https:\/\/lascriticas.com\/#\/schema\/person\/image\/","url":"https:\/\/secure.gravatar.com\/avatar\/f8ccdeff503521f08d381bce590fab28?s=96&d=mm&r=g","contentUrl":"https:\/\/secure.gravatar.com\/avatar\/f8ccdeff503521f08d381bce590fab28?s=96&d=mm&r=g","caption":"Diana F\u00e9lix"},"url":"https:\/\/lascriticas.com\/index.php\/author\/diana-felix\/"}]}},"_links":{"self":[{"href":"https:\/\/lascriticas.com\/index.php\/wp-json\/wp\/v2\/posts\/2998"}],"collection":[{"href":"https:\/\/lascriticas.com\/index.php\/wp-json\/wp\/v2\/posts"}],"about":[{"href":"https:\/\/lascriticas.com\/index.php\/wp-json\/wp\/v2\/types\/post"}],"author":[{"embeddable":true,"href":"https:\/\/lascriticas.com\/index.php\/wp-json\/wp\/v2\/users\/47"}],"replies":[{"embeddable":true,"href":"https:\/\/lascriticas.com\/index.php\/wp-json\/wp\/v2\/comments?post=2998"}],"version-history":[{"count":6,"href":"https:\/\/lascriticas.com\/index.php\/wp-json\/wp\/v2\/posts\/2998\/revisions"}],"predecessor-version":[{"id":3102,"href":"https:\/\/lascriticas.com\/index.php\/wp-json\/wp\/v2\/posts\/2998\/revisions\/3102"}],"wp:featuredmedia":[{"embeddable":true,"href":"https:\/\/lascriticas.com\/index.php\/wp-json\/wp\/v2\/media\/3000"}],"wp:attachment":[{"href":"https:\/\/lascriticas.com\/index.php\/wp-json\/wp\/v2\/media?parent=2998"}],"wp:term":[{"taxonomy":"category","embeddable":true,"href":"https:\/\/lascriticas.com\/index.php\/wp-json\/wp\/v2\/categories?post=2998"},{"taxonomy":"post_tag","embeddable":true,"href":"https:\/\/lascriticas.com\/index.php\/wp-json\/wp\/v2\/tags?post=2998"}],"curies":[{"name":"wp","href":"https:\/\/api.w.org\/{rel}","templated":true}]}}