{"id":2971,"date":"2019-11-21T23:14:50","date_gmt":"2019-11-21T22:14:50","guid":{"rendered":"http:\/\/lascriticas.com\/?p=2971"},"modified":"2019-11-21T23:14:26","modified_gmt":"2019-11-21T22:14:26","slug":"nuestro-homenaje-a-patricia-de-souza","status":"publish","type":"post","link":"https:\/\/lascriticas.com\/index.php\/2019\/11\/21\/nuestro-homenaje-a-patricia-de-souza\/","title":{"rendered":"Nuestro homenaje a Patricia de Souza"},"content":{"rendered":"<p>&nbsp;<\/p>\n<h2><span style=\"color: #ffffff; font-size: 20px;\">Nuestro homenaje a Patricia de Souza<\/span><\/h2>\n<p style=\"text-align: justify;\"><span style=\"font-size: 16px;\">La repentina partida de la escritora y ensayista peruana Patricia de Souza, nos dej\u00f3 con la sensaci\u00f3n de lo inacabado.<span class=\"Apple-converted-space\">\u00a0<\/span><\/span><\/p>\n<p style=\"text-align: justify;\"><span style=\"font-size: 16px;\">Se detiene de repente una producci\u00f3n fecunda y una reflexi\u00f3n no solo intensa, sino, sobre todo, original, coherente y libre.<span class=\"Apple-converted-space\">\u00a0<\/span><\/span><\/p>\n<p style=\"text-align: justify;\"><span style=\"font-size: 16px;\">Patricia de Souza vivi\u00f3 plenamente en literatura. Su trabajo de ficci\u00f3n y sus ensayos acerca del feminismo, as\u00ed como de la condici\u00f3n de la mujer en el campo literario; su exigencia por descolonizar el lenguaje, nos aparecen como fascinantes terrenos de exploraci\u00f3n y con certeza, a partir de hoy, de estudio. Entrar en su obra, tanto narrativa como ensay\u00edstica siempre fue y ser\u00e1 un desaf\u00edo apasionante.<\/span><\/p>\n<p style=\"text-align: justify;\"><span style=\"font-size: 16px;\">En su libro <em>Mujeres que trepan a los \u00e1rboles<\/em>, Patricia de Souza\u00a0escribe una frase que define perfectamente su modo de hacer en la literatura:<\/span><\/p>\n<blockquote><p><em><span style=\"font-size: 16px;\">Nunca he podido renunciar y algo en m\u00ed se rebela contra esa fatalidad, siente ganas de revancha, necesidad de escribir para vengar una raza, la de las mujeres. Toda experiencia es escritura porque desea salir del encierro, desea liberarse, pero la libertad nunca llega del todo.<span class=\"Apple-converted-space\">\u00a0<\/span><\/span><\/em><\/p><\/blockquote>\n<p>&nbsp;<\/p>\n<p style=\"text-align: justify;\"><span style=\"font-size: 16px;\">Por su persistencia en escribir en el Per\u00fa en los dur\u00edsimos a\u00f1os ochenta; por lograr hacerse un espacio literario en un ambiente cultural machista y conservador; por imponer una voz singular a fuerza de tes\u00f3n y trabajo; por conseguir, de manera autodidacta, expresar con brillantez y profundidad, fuera de todo academicismo, sus intuiciones acerca de la literatura; por todo ese camino desbrozado sola, entre dos continentes, rodeada de dificultades, ese camino por el que hoy pasamos muchas de nosotras, le agradecemos.<\/span><\/p>\n<p style=\"text-align: justify;\"><span class=\"Apple-converted-space\" style=\"font-size: 16px;\">\u00a0<\/span><\/p>\n<p style=\"text-align: justify;\"><span style=\"font-size: 16px;\">Esta entrega de Las Cr\u00edticas re\u00fane textos suyos, entrevistas y algunos textos de homenaje de otras escritoras que compartieron momentos inolvidables con ella.<\/span><\/p>\n","protected":false},"excerpt":{"rendered":"<p>&nbsp; Nuestro homenaje a Patricia de Souza La repentina partida de la escritora y ensayista peruana Patricia de Souza, nos dej\u00f3 con la sensaci\u00f3n de lo inacabado.\u00a0 Se detiene de repente una producci\u00f3n fecunda y una reflexi\u00f3n no solo intensa, sino, sobre todo, original, coherente y libre.\u00a0 Patricia de Souza vivi\u00f3 plenamente en literatura. Su&#8230;<\/p>\n","protected":false},"author":1,"featured_media":1704,"comment_status":"open","ping_status":"open","sticky":false,"template":"","format":"standard","meta":{"footnotes":""},"categories":[17],"tags":[310,594,137,100,47,592,127,595],"yoast_head":"<!-- This site is optimized with the Yoast SEO plugin v23.5 - https:\/\/yoast.com\/wordpress\/plugins\/seo\/ -->\n<title>Nuestro homenaje a Patricia de Souza - Las Cr\u00edticas<\/title>\n<meta name=\"description\" content=\"La repentina partida de la escritora y ensayista peruana Patricia de Souza, detiene una producci\u00f3n fecunda y una reflexi\u00f3n original y profunda.\" \/>\n<meta name=\"robots\" content=\"index, follow, max-snippet:-1, max-image-preview:large, max-video-preview:-1\" \/>\n<link rel=\"canonical\" href=\"https:\/\/lascriticas.com\/index.php\/2019\/11\/21\/nuestro-homenaje-a-patricia-de-souza\/\" \/>\n<meta property=\"og:locale\" content=\"es_ES\" \/>\n<meta property=\"og:type\" content=\"article\" \/>\n<meta property=\"og:title\" content=\"Nuestro homenaje a Patricia de Souza - Las Cr\u00edticas\" \/>\n<meta property=\"og:description\" content=\"La repentina partida de la escritora y ensayista peruana Patricia de Souza, detiene una producci\u00f3n fecunda y una reflexi\u00f3n original y profunda.\" \/>\n<meta property=\"og:url\" content=\"https:\/\/lascriticas.com\/index.php\/2019\/11\/21\/nuestro-homenaje-a-patricia-de-souza\/\" \/>\n<meta property=\"og:site_name\" content=\"Las Cr\u00edticas\" \/>\n<meta property=\"article:publisher\" content=\"https:\/\/www.facebook.com\/lascriticas\/\" \/>\n<meta property=\"article:published_time\" content=\"2019-11-21T22:14:50+00:00\" \/>\n<meta property=\"article:modified_time\" content=\"2019-11-21T22:14:26+00:00\" \/>\n<meta property=\"og:image\" content=\"https:\/\/lascriticas.com\/wp-content\/uploads\/2017\/07\/PatriciaDeSouza3.jpg\" \/>\n\t<meta property=\"og:image:width\" content=\"1080\" \/>\n\t<meta property=\"og:image:height\" content=\"559\" \/>\n\t<meta property=\"og:image:type\" content=\"image\/jpeg\" \/>\n<meta name=\"author\" content=\"Nataly Villena\" \/>\n<meta name=\"twitter:card\" content=\"summary_large_image\" \/>\n<meta name=\"twitter:creator\" content=\"@LasCriticas_com\" \/>\n<meta name=\"twitter:site\" content=\"@LasCriticas_com\" \/>\n<meta name=\"twitter:label1\" content=\"Escrito por\" \/>\n\t<meta name=\"twitter:data1\" content=\"Nataly Villena\" \/>\n\t<meta name=\"twitter:label2\" content=\"Tiempo de lectura\" \/>\n\t<meta name=\"twitter:data2\" content=\"2 minutos\" \/>\n<script type=\"application\/ld+json\" class=\"yoast-schema-graph\">{\"@context\":\"https:\/\/schema.org\",\"@graph\":[{\"@type\":\"Article\",\"@id\":\"https:\/\/lascriticas.com\/index.php\/2019\/11\/21\/nuestro-homenaje-a-patricia-de-souza\/#article\",\"isPartOf\":{\"@id\":\"https:\/\/lascriticas.com\/index.php\/2019\/11\/21\/nuestro-homenaje-a-patricia-de-souza\/\"},\"author\":{\"name\":\"Nataly Villena\",\"@id\":\"https:\/\/lascriticas.com\/#\/schema\/person\/d6d6b2c48587ed55bd0f8312241d40b5\"},\"headline\":\"Nuestro homenaje a Patricia de Souza\",\"datePublished\":\"2019-11-21T22:14:50+00:00\",\"dateModified\":\"2019-11-21T22:14:26+00:00\",\"mainEntityOfPage\":{\"@id\":\"https:\/\/lascriticas.com\/index.php\/2019\/11\/21\/nuestro-homenaje-a-patricia-de-souza\/\"},\"wordCount\":308,\"commentCount\":1,\"publisher\":{\"@id\":\"https:\/\/lascriticas.com\/#organization\"},\"image\":{\"@id\":\"https:\/\/lascriticas.com\/index.php\/2019\/11\/21\/nuestro-homenaje-a-patricia-de-souza\/#primaryimage\"},\"thumbnailUrl\":\"https:\/\/lascriticas.com\/wp-content\/uploads\/2017\/07\/PatriciaDeSouza3.jpg\",\"keywords\":[\"creaci\u00f3n\",\"descolonizaci\u00f3n\",\"ensayo\",\"escritura\",\"feminismo\",\"homenaje\",\"lenguaje\",\"literatura. mujer\"],\"articleSection\":[\"Breves\"],\"inLanguage\":\"es\",\"potentialAction\":[{\"@type\":\"CommentAction\",\"name\":\"Comment\",\"target\":[\"https:\/\/lascriticas.com\/index.php\/2019\/11\/21\/nuestro-homenaje-a-patricia-de-souza\/#respond\"]}]},{\"@type\":\"WebPage\",\"@id\":\"https:\/\/lascriticas.com\/index.php\/2019\/11\/21\/nuestro-homenaje-a-patricia-de-souza\/\",\"url\":\"https:\/\/lascriticas.com\/index.php\/2019\/11\/21\/nuestro-homenaje-a-patricia-de-souza\/\",\"name\":\"Nuestro homenaje a Patricia de Souza - Las Cr\u00edticas\",\"isPartOf\":{\"@id\":\"https:\/\/lascriticas.com\/#website\"},\"primaryImageOfPage\":{\"@id\":\"https:\/\/lascriticas.com\/index.php\/2019\/11\/21\/nuestro-homenaje-a-patricia-de-souza\/#primaryimage\"},\"image\":{\"@id\":\"https:\/\/lascriticas.com\/index.php\/2019\/11\/21\/nuestro-homenaje-a-patricia-de-souza\/#primaryimage\"},\"thumbnailUrl\":\"https:\/\/lascriticas.com\/wp-content\/uploads\/2017\/07\/PatriciaDeSouza3.jpg\",\"datePublished\":\"2019-11-21T22:14:50+00:00\",\"dateModified\":\"2019-11-21T22:14:26+00:00\",\"description\":\"La repentina partida de la escritora y ensayista peruana Patricia de Souza, detiene una producci\u00f3n fecunda y una reflexi\u00f3n original y profunda.\",\"breadcrumb\":{\"@id\":\"https:\/\/lascriticas.com\/index.php\/2019\/11\/21\/nuestro-homenaje-a-patricia-de-souza\/#breadcrumb\"},\"inLanguage\":\"es\",\"potentialAction\":[{\"@type\":\"ReadAction\",\"target\":[\"https:\/\/lascriticas.com\/index.php\/2019\/11\/21\/nuestro-homenaje-a-patricia-de-souza\/\"]}]},{\"@type\":\"ImageObject\",\"inLanguage\":\"es\",\"@id\":\"https:\/\/lascriticas.com\/index.php\/2019\/11\/21\/nuestro-homenaje-a-patricia-de-souza\/#primaryimage\",\"url\":\"https:\/\/lascriticas.com\/wp-content\/uploads\/2017\/07\/PatriciaDeSouza3.jpg\",\"contentUrl\":\"https:\/\/lascriticas.com\/wp-content\/uploads\/2017\/07\/PatriciaDeSouza3.jpg\",\"width\":1080,\"height\":559},{\"@type\":\"BreadcrumbList\",\"@id\":\"https:\/\/lascriticas.com\/index.php\/2019\/11\/21\/nuestro-homenaje-a-patricia-de-souza\/#breadcrumb\",\"itemListElement\":[{\"@type\":\"ListItem\",\"position\":1,\"name\":\"Inicio\",\"item\":\"https:\/\/lascriticas.com\/\"},{\"@type\":\"ListItem\",\"position\":2,\"name\":\"Nuestro homenaje a Patricia de Souza\"}]},{\"@type\":\"WebSite\",\"@id\":\"https:\/\/lascriticas.com\/#website\",\"url\":\"https:\/\/lascriticas.com\/\",\"name\":\"Las Cr\u00edticas\",\"description\":\"Cr\u00edtica literaria hecha por mujeres\",\"publisher\":{\"@id\":\"https:\/\/lascriticas.com\/#organization\"},\"potentialAction\":[{\"@type\":\"SearchAction\",\"target\":{\"@type\":\"EntryPoint\",\"urlTemplate\":\"https:\/\/lascriticas.com\/?s={search_term_string}\"},\"query-input\":{\"@type\":\"PropertyValueSpecification\",\"valueRequired\":true,\"valueName\":\"search_term_string\"}}],\"inLanguage\":\"es\"},{\"@type\":\"Organization\",\"@id\":\"https:\/\/lascriticas.com\/#organization\",\"name\":\"Las Cr\u00edticas\",\"url\":\"https:\/\/lascriticas.com\/\",\"logo\":{\"@type\":\"ImageObject\",\"inLanguage\":\"es\",\"@id\":\"https:\/\/lascriticas.com\/#\/schema\/logo\/image\/\",\"url\":\"https:\/\/lascriticas.com\/wp-content\/uploads\/2016\/09\/Las-Cr\u00edticas.png\",\"contentUrl\":\"https:\/\/lascriticas.com\/wp-content\/uploads\/2016\/09\/Las-Cr\u00edticas.png\",\"width\":372,\"height\":201,\"caption\":\"Las Cr\u00edticas\"},\"image\":{\"@id\":\"https:\/\/lascriticas.com\/#\/schema\/logo\/image\/\"},\"sameAs\":[\"https:\/\/www.facebook.com\/lascriticas\/\",\"https:\/\/x.com\/LasCriticas_com\",\"https:\/\/www.instagram.com\/lascriticas_com\/\",\"https:\/\/www.youtube.com\/channel\/UCd7r-H6EJA4sSXGLX33_iHQ\"]},{\"@type\":\"Person\",\"@id\":\"https:\/\/lascriticas.com\/#\/schema\/person\/d6d6b2c48587ed55bd0f8312241d40b5\",\"name\":\"Nataly Villena\",\"image\":{\"@type\":\"ImageObject\",\"inLanguage\":\"es\",\"@id\":\"https:\/\/lascriticas.com\/#\/schema\/person\/image\/\",\"url\":\"https:\/\/secure.gravatar.com\/avatar\/ddb8dc9b399b88ad441934c4e474adba?s=96&d=mm&r=g\",\"contentUrl\":\"https:\/\/secure.gravatar.com\/avatar\/ddb8dc9b399b88ad441934c4e474adba?s=96&d=mm&r=g\",\"caption\":\"Nataly Villena\"},\"url\":\"https:\/\/lascriticas.com\/index.php\/author\/admin4220\/\"}]}<\/script>\n<!-- \/ Yoast SEO plugin. -->","yoast_head_json":{"title":"Nuestro homenaje a Patricia de Souza - Las Cr\u00edticas","description":"La repentina partida de la escritora y ensayista peruana Patricia de Souza, detiene una producci\u00f3n fecunda y una reflexi\u00f3n original y profunda.","robots":{"index":"index","follow":"follow","max-snippet":"max-snippet:-1","max-image-preview":"max-image-preview:large","max-video-preview":"max-video-preview:-1"},"canonical":"https:\/\/lascriticas.com\/index.php\/2019\/11\/21\/nuestro-homenaje-a-patricia-de-souza\/","og_locale":"es_ES","og_type":"article","og_title":"Nuestro homenaje a Patricia de Souza - Las Cr\u00edticas","og_description":"La repentina partida de la escritora y ensayista peruana Patricia de Souza, detiene una producci\u00f3n fecunda y una reflexi\u00f3n original y profunda.","og_url":"https:\/\/lascriticas.com\/index.php\/2019\/11\/21\/nuestro-homenaje-a-patricia-de-souza\/","og_site_name":"Las Cr\u00edticas","article_publisher":"https:\/\/www.facebook.com\/lascriticas\/","article_published_time":"2019-11-21T22:14:50+00:00","article_modified_time":"2019-11-21T22:14:26+00:00","og_image":[{"width":1080,"height":559,"url":"https:\/\/lascriticas.com\/wp-content\/uploads\/2017\/07\/PatriciaDeSouza3.jpg","type":"image\/jpeg"}],"author":"Nataly Villena","twitter_card":"summary_large_image","twitter_creator":"@LasCriticas_com","twitter_site":"@LasCriticas_com","twitter_misc":{"Escrito por":"Nataly Villena","Tiempo de lectura":"2 minutos"},"schema":{"@context":"https:\/\/schema.org","@graph":[{"@type":"Article","@id":"https:\/\/lascriticas.com\/index.php\/2019\/11\/21\/nuestro-homenaje-a-patricia-de-souza\/#article","isPartOf":{"@id":"https:\/\/lascriticas.com\/index.php\/2019\/11\/21\/nuestro-homenaje-a-patricia-de-souza\/"},"author":{"name":"Nataly Villena","@id":"https:\/\/lascriticas.com\/#\/schema\/person\/d6d6b2c48587ed55bd0f8312241d40b5"},"headline":"Nuestro homenaje a Patricia de Souza","datePublished":"2019-11-21T22:14:50+00:00","dateModified":"2019-11-21T22:14:26+00:00","mainEntityOfPage":{"@id":"https:\/\/lascriticas.com\/index.php\/2019\/11\/21\/nuestro-homenaje-a-patricia-de-souza\/"},"wordCount":308,"commentCount":1,"publisher":{"@id":"https:\/\/lascriticas.com\/#organization"},"image":{"@id":"https:\/\/lascriticas.com\/index.php\/2019\/11\/21\/nuestro-homenaje-a-patricia-de-souza\/#primaryimage"},"thumbnailUrl":"https:\/\/lascriticas.com\/wp-content\/uploads\/2017\/07\/PatriciaDeSouza3.jpg","keywords":["creaci\u00f3n","descolonizaci\u00f3n","ensayo","escritura","feminismo","homenaje","lenguaje","literatura. mujer"],"articleSection":["Breves"],"inLanguage":"es","potentialAction":[{"@type":"CommentAction","name":"Comment","target":["https:\/\/lascriticas.com\/index.php\/2019\/11\/21\/nuestro-homenaje-a-patricia-de-souza\/#respond"]}]},{"@type":"WebPage","@id":"https:\/\/lascriticas.com\/index.php\/2019\/11\/21\/nuestro-homenaje-a-patricia-de-souza\/","url":"https:\/\/lascriticas.com\/index.php\/2019\/11\/21\/nuestro-homenaje-a-patricia-de-souza\/","name":"Nuestro homenaje a Patricia de Souza - Las Cr\u00edticas","isPartOf":{"@id":"https:\/\/lascriticas.com\/#website"},"primaryImageOfPage":{"@id":"https:\/\/lascriticas.com\/index.php\/2019\/11\/21\/nuestro-homenaje-a-patricia-de-souza\/#primaryimage"},"image":{"@id":"https:\/\/lascriticas.com\/index.php\/2019\/11\/21\/nuestro-homenaje-a-patricia-de-souza\/#primaryimage"},"thumbnailUrl":"https:\/\/lascriticas.com\/wp-content\/uploads\/2017\/07\/PatriciaDeSouza3.jpg","datePublished":"2019-11-21T22:14:50+00:00","dateModified":"2019-11-21T22:14:26+00:00","description":"La repentina partida de la escritora y ensayista peruana Patricia de Souza, detiene una producci\u00f3n fecunda y una reflexi\u00f3n original y profunda.","breadcrumb":{"@id":"https:\/\/lascriticas.com\/index.php\/2019\/11\/21\/nuestro-homenaje-a-patricia-de-souza\/#breadcrumb"},"inLanguage":"es","potentialAction":[{"@type":"ReadAction","target":["https:\/\/lascriticas.com\/index.php\/2019\/11\/21\/nuestro-homenaje-a-patricia-de-souza\/"]}]},{"@type":"ImageObject","inLanguage":"es","@id":"https:\/\/lascriticas.com\/index.php\/2019\/11\/21\/nuestro-homenaje-a-patricia-de-souza\/#primaryimage","url":"https:\/\/lascriticas.com\/wp-content\/uploads\/2017\/07\/PatriciaDeSouza3.jpg","contentUrl":"https:\/\/lascriticas.com\/wp-content\/uploads\/2017\/07\/PatriciaDeSouza3.jpg","width":1080,"height":559},{"@type":"BreadcrumbList","@id":"https:\/\/lascriticas.com\/index.php\/2019\/11\/21\/nuestro-homenaje-a-patricia-de-souza\/#breadcrumb","itemListElement":[{"@type":"ListItem","position":1,"name":"Inicio","item":"https:\/\/lascriticas.com\/"},{"@type":"ListItem","position":2,"name":"Nuestro homenaje a Patricia de Souza"}]},{"@type":"WebSite","@id":"https:\/\/lascriticas.com\/#website","url":"https:\/\/lascriticas.com\/","name":"Las Cr\u00edticas","description":"Cr\u00edtica literaria hecha por mujeres","publisher":{"@id":"https:\/\/lascriticas.com\/#organization"},"potentialAction":[{"@type":"SearchAction","target":{"@type":"EntryPoint","urlTemplate":"https:\/\/lascriticas.com\/?s={search_term_string}"},"query-input":{"@type":"PropertyValueSpecification","valueRequired":true,"valueName":"search_term_string"}}],"inLanguage":"es"},{"@type":"Organization","@id":"https:\/\/lascriticas.com\/#organization","name":"Las Cr\u00edticas","url":"https:\/\/lascriticas.com\/","logo":{"@type":"ImageObject","inLanguage":"es","@id":"https:\/\/lascriticas.com\/#\/schema\/logo\/image\/","url":"https:\/\/lascriticas.com\/wp-content\/uploads\/2016\/09\/Las-Cr\u00edticas.png","contentUrl":"https:\/\/lascriticas.com\/wp-content\/uploads\/2016\/09\/Las-Cr\u00edticas.png","width":372,"height":201,"caption":"Las Cr\u00edticas"},"image":{"@id":"https:\/\/lascriticas.com\/#\/schema\/logo\/image\/"},"sameAs":["https:\/\/www.facebook.com\/lascriticas\/","https:\/\/x.com\/LasCriticas_com","https:\/\/www.instagram.com\/lascriticas_com\/","https:\/\/www.youtube.com\/channel\/UCd7r-H6EJA4sSXGLX33_iHQ"]},{"@type":"Person","@id":"https:\/\/lascriticas.com\/#\/schema\/person\/d6d6b2c48587ed55bd0f8312241d40b5","name":"Nataly Villena","image":{"@type":"ImageObject","inLanguage":"es","@id":"https:\/\/lascriticas.com\/#\/schema\/person\/image\/","url":"https:\/\/secure.gravatar.com\/avatar\/ddb8dc9b399b88ad441934c4e474adba?s=96&d=mm&r=g","contentUrl":"https:\/\/secure.gravatar.com\/avatar\/ddb8dc9b399b88ad441934c4e474adba?s=96&d=mm&r=g","caption":"Nataly Villena"},"url":"https:\/\/lascriticas.com\/index.php\/author\/admin4220\/"}]}},"_links":{"self":[{"href":"https:\/\/lascriticas.com\/index.php\/wp-json\/wp\/v2\/posts\/2971"}],"collection":[{"href":"https:\/\/lascriticas.com\/index.php\/wp-json\/wp\/v2\/posts"}],"about":[{"href":"https:\/\/lascriticas.com\/index.php\/wp-json\/wp\/v2\/types\/post"}],"author":[{"embeddable":true,"href":"https:\/\/lascriticas.com\/index.php\/wp-json\/wp\/v2\/users\/1"}],"replies":[{"embeddable":true,"href":"https:\/\/lascriticas.com\/index.php\/wp-json\/wp\/v2\/comments?post=2971"}],"version-history":[{"count":8,"href":"https:\/\/lascriticas.com\/index.php\/wp-json\/wp\/v2\/posts\/2971\/revisions"}],"predecessor-version":[{"id":2979,"href":"https:\/\/lascriticas.com\/index.php\/wp-json\/wp\/v2\/posts\/2971\/revisions\/2979"}],"wp:featuredmedia":[{"embeddable":true,"href":"https:\/\/lascriticas.com\/index.php\/wp-json\/wp\/v2\/media\/1704"}],"wp:attachment":[{"href":"https:\/\/lascriticas.com\/index.php\/wp-json\/wp\/v2\/media?parent=2971"}],"wp:term":[{"taxonomy":"category","embeddable":true,"href":"https:\/\/lascriticas.com\/index.php\/wp-json\/wp\/v2\/categories?post=2971"},{"taxonomy":"post_tag","embeddable":true,"href":"https:\/\/lascriticas.com\/index.php\/wp-json\/wp\/v2\/tags?post=2971"}],"curies":[{"name":"wp","href":"https:\/\/api.w.org\/{rel}","templated":true}]}}