{"id":2941,"date":"2019-11-21T23:06:23","date_gmt":"2019-11-21T22:06:23","guid":{"rendered":"http:\/\/lascriticas.com\/?p=2941"},"modified":"2019-11-21T23:24:05","modified_gmt":"2019-11-21T22:24:05","slug":"patricia-de-souza-por-grecia-caceres","status":"publish","type":"post","link":"https:\/\/lascriticas.com\/index.php\/2019\/11\/21\/patricia-de-souza-por-grecia-caceres\/","title":{"rendered":"\u00abA Patricia, un mucho inmenso, septentrional, completo,  feroz, de calma chica\u00bb"},"content":{"rendered":"<h2>\u00abA Patricia, <em>un mucho inmenso, septentrional, completo,<\/em><\/h2>\n<h2><em>feroz, de calma chica<\/em>\u00ab<\/h2>\n<p style=\"text-align: justify;\"><span style=\"font-size: 16px;\">Patricia era la \u00fanica persona en el mundo que me llamaba Grec, a mis hijos \u00ablos infantes\u00bb y a Olivier \u00abtu\u00bb Olivier.\u00a0Han sido a\u00f1os de amistad entre Lima\/Par\u00eds\/Pau\/Madrid\/Barcelona y Caracas. Ella se mov\u00eda como el segundero del reloj y yo era la manecilla de las horas. Ella me escrib\u00eda o me llamaba y cuando pasaba por Par\u00eds se quedaba a dormir en el sal\u00f3n donde instal\u00e1bamos un colch\u00f3n que luego devino en sof\u00e1 plegable.<span class=\"Apple-converted-space\">\u00a0<\/span><\/span><\/p>\n<p style=\"text-align: justify;\"><span style=\"font-size: 16px;\">Patricia me conoci\u00f3 embarazada de mi primera hija, Alma, durante el verano de 1998. Yo estaba por publicar <i>La espera posible<\/i>, mi primera novela, con El santo oficio, ella era ya era reconocida como la \u00fanica novelista de su generaci\u00f3n plena de grandes poetas y acababa de publicar <i>La mentira de un fauno<\/i> con Lengua de trapo. Un d\u00eda me llam\u00f3 a la casa de mis padres y declar\u00f3 con la autoridad que siempre tuvo: tenemos que conocernos, somos las dos \u00fanicas novelistas peruanas actuales.<\/span><\/p>\n<p style=\"text-align: justify;\"><span style=\"font-size: 16px;\">La conoc\u00ed, me desconcert\u00f3 su manera de hablar, de amedrentar a veces, aparentando una seguridad en ella misma que estaba lejos de poseer. Patricia era una guerrera, nada le fue dado en la vida f\u00e1cilmente, se educ\u00f3 ella misma, leyendo mucho, escuchando a los dem\u00e1s, afirm\u00e1ndose, viajando, amando, admirando a sus amigos, la bohemia lime\u00f1a de entonces.<span class=\"Apple-converted-space\">\u00a0<\/span><\/span><\/p>\n<p style=\"text-align: justify;\"><span style=\"font-size: 16px;\">Patricia era tambi\u00e9n una figura de los medios. Periodista, nunca dej\u00f3 de colaborar con diferentes revistas. En su escritura, consuetudinaria, cercana a la cr\u00f3nica o al diario, se pod\u00eda adivinar esta pr\u00e1ctica constante con la realidad y la publicaci\u00f3n. Amaba apasionadamente la prensa, todos los d\u00edas le\u00eda los peri\u00f3dicos franceses, espa\u00f1oles, peruanos, a los que juzgaba, con detenimiento. Le\u00eda muchos ensayos y filosof\u00eda, en el fondo siempre estaba leyendo o escribiendo y, en sociedad, hablaba con mucho color y gracia pero tambi\u00e9n pasi\u00f3n y violencia.<\/span><\/p>\n<p style=\"text-align: justify;\"><span style=\"font-size: 16px;\">Su lucha contra la injusticia la empez\u00f3 muy joven, consciente de su diferencia con las otras ni\u00f1as, consciente de sus limitaciones pero tambi\u00e9n de sus inmensas ambiciones. Como un personaje de Dickens, valerosa y notable, atraves\u00f3 pruebas diversas que la hirieron y la fortalecieron en su vehemente deseo de escribir. Ella ten\u00eda que encarnarse en el lenguaje, desbarat\u00e1ndolo, sac\u00e1ndolo de su centro, de sus h\u00e1bitos patriarcales, de sus man\u00edas displicentes para llevarlo hacia una cierta marginalidad que era la suya, la que eligi\u00f3 en la vida.<span class=\"Apple-converted-space\">\u00a0<\/span><\/span><\/p>\n<p style=\"text-align: justify;\"><span style=\"font-size: 16px;\">Con el Per\u00fa, que siempre critic\u00f3, era exigente hasta el delirio. Los franceses tampoco escapaban a su ojo cr\u00edtico a pesar de poseer ella una alma a lo 1789, revolucionaria, idealista y fundamentalmente enciclopedista. Los espa\u00f1oles le daban risa a veces, creo que los hombres le pod\u00edan gustar m\u00e1s all\u00e1 de lo razonable\u2026 pero el pa\u00eds que am\u00f3 fue Venezuela, sus a\u00f1os all\u00e1 junto a Olivier. Patricia vivi\u00f3 en Caracas los a\u00f1os m\u00e1s esperanzadores del chavismo y encontr\u00f3 en esa tierra hermosa un marco cuya naturaleza apaciguaba sus combates.<span class=\"Apple-converted-space\">\u00a0<\/span><\/span><\/p>\n<p style=\"text-align: justify;\"><span style=\"font-size: 16px;\">Trabaj\u00f3 mucho sobre la obra de Flora Trist\u00e1n, a quien dedic\u00f3 su tesis doctoral. Flora, la paria que era tambi\u00e9n una peregrina, ten\u00eda mucho en com\u00fan con Patricia, el compromiso social y con la literatura, el \u00e9xito precoz, la muerte prematura. Flora fue una luchadora que dio todo por encarar la injusticia y luchar contra ella con ideas, gracias al intelecto. Flora fue hija de peruano y francesa e in\u00fatilmente reclam\u00f3 su herencia, lo que le correspond\u00eda por justicia. El Per\u00fa le fue ingrato, como a muchos, como a tantos escritores y poetas cuya obra no fue reconocida a la medida de su dimensi\u00f3n. Ella mir\u00f3 de frente el Per\u00fa, pa\u00eds de ensue\u00f1os, tierra del oro, y denunci\u00f3 como Patricia esa sociedad post-colonial que vive aferrada a valores falsos y al no reconocimiento de su verdadero rostro mestizo.<span class=\"Apple-converted-space\">\u00a0<\/span><\/span><\/p>\n<p style=\"text-align: justify;\"><span style=\"font-size: 16px;\">En sus obras Patricia da la cara, dice las cosas dif\u00edciles de escuchar, habla de esa verg\u00fcenza extra\u00f1a y profunda de no corresponder al ideal que la patria ha forjado de lo que es ser peruana. Ese extra\u00f1o pudor que hace que se esconda la genialidad, la excepcionalidad en todo, con el deber de ser discreta y gris, no llamar la atenci\u00f3n, contentarse elegantemente con lo que se le quiera dar, como si cada d\u00eda debi\u00e9ramos demostrar que este pa\u00eds es nuestro y podemos construirlo.<span class=\"Apple-converted-space\">\u00a0<\/span><\/span><\/p>\n<p style=\"text-align: justify;\"><span style=\"font-size: 16px;\">Patricia, paria imaginaria, pod\u00eda en esa posici\u00f3n ser f\u00e1cilmente rechazada. Nadie quiere ver la faceta insoportable, el cuerpo que no se amolda al ideal, el lugar que no es leg\u00edtimo puesto que en el fondo todos somos hijos bastardos de la \u00f1usta y el conquistador; hasta nuestro habla, ese lenguaje que Patricia tanto am\u00f3, era prestado, impregnado como est\u00e1 de todas aquellas servidumbres de los colonizados, de aquellos que se desquitan sobre las mujeres el ser tan poco \u00abhombres\u00bb ante el colono.<span class=\"Apple-converted-space\">\u00a0<\/span><\/span><\/p>\n<p style=\"text-align: justify;\"><span style=\"font-size: 16px;\">La escritura de Patricia est\u00e1 llena de esa violencia, de esa rabia que va de ella a los dem\u00e1s y de los dem\u00e1s hacia ella en un juego cruel, puesto que los libros deben llegar a su destino que es el lector y que ese acceso est\u00e1 muy bien controlado por aquellos que ya tienen un lugar en el parnaso, aquellos que temen perderlo, aquellos que temen ver u o\u00edr las verdades que tan dif\u00edcilmente ellos callan o maquillan. Por eso vivir fuera, pretender ganarse un p\u00fablico lector que no est\u00e9 contaminado por esa colonizaci\u00f3n de lenguaje, mente y costumbres era una buena soluci\u00f3n, no solo para Patricia sino para muchos escritores y escritoras.<\/span><\/p>\n<p style=\"text-align: justify;\"><span style=\"font-size: 16px;\">Patricia fue tejiendo una red de amigos escritores en Chile, Argentina, Espa\u00f1a, M\u00e9xico, Francia. Se hall\u00f3 a veces en amistades generosas, public\u00f3 en editoriales valientes y valiosas pero cuando regresaba a Lima a ver a su familia, a hablar de sus libros, volv\u00eda siempre quejosa y decepcionada por la estrechez de un mercado que no pod\u00eda\/quer\u00eda acogerla. No cabe en estas l\u00edneas conmovidas que escribo, embargada por la pena de haber perdido a una amiga\/colega (como me llamaba ella escandalosamente), sacar a la luz mezquindades e ignorancias. Sin embargo, estoy segura de que el tiempo ser\u00e1 justo con la obra de Patricia, cuyos \u00faltimos libros se alejaron de la ficci\u00f3n o auto-ficci\u00f3n que la ocup\u00f3 unos a\u00f1os dirigi\u00e9ndose sensiblemente hacia la reflexi\u00f3n, el ensayo, ese territorio entre el yo y los dem\u00e1s en el que se entabla la igualdad a trav\u00e9s de las ideas sentidas, pasando por el cuerpo, la experiencia, lo sufrido y lo hermoso de la vida.<span class=\"Apple-converted-space\">\u00a0 \u00a0<\/span><\/span><\/p>\n<p style=\"text-align: justify;\"><span style=\"font-size: 16px;\">Este \u00faltimo a\u00f1o fue duro. Patricia estaba lejos, en Pau, desde hac\u00eda a\u00f1os y la ve\u00eda menos. Nos le\u00edamos mutuamente. Ella coment\u00f3 mi \u00faltima novela, yo le\u00ed extractos de <em>Electra<\/em> en alg\u00fan evento; pero los tiempos eran dif\u00edciles, la situaci\u00f3n en Venezuela la preocupaba y sufr\u00eda por ese pa\u00eds m\u00e1s que por el Per\u00fa. Ese cari\u00f1o le atrajo mucha hostilidad y cr\u00edtica y era dif\u00edcil hablar con ella de ese tema. Estaba herida y reaccionaba, como siempre, a su manera totalizadora aunque cuando estaba ante la hoja en blanco su pensamiento se hac\u00eda complejo y tierno, englobando toda su experiencia, todo su ser sensible en el mundo.<\/span><\/p>\n<p style=\"text-align: justify;\"><span style=\"font-size: 16px;\">A\u00f1o cruel, en el que la enfermedad atac\u00f3 salvajemente no dej\u00e1ndonos el tiempo de reaccionar. Ella tem\u00eda a la muerte, lo dec\u00eda maldici\u00e9ndola, sin entender por qu\u00e9 le pasaba a ella algo as\u00ed. La incomprensi\u00f3n le era insoportable, ella quer\u00eda entender. Toda su vida se fue tratando de hacer inteligible su presencia en el mundo y su amor por el lenguaje al que pretendi\u00f3 descolonizar.<\/span><\/p>\n<p style=\"text-align: justify;\"><span style=\"font-size: 16px;\">Patricia escogi\u00f3 solo tareas dif\u00edciles que le llevaron enteramente la vida y el tiempo, su cuerpo y su alma entre los cuales no hab\u00eda frontera alguna. Patricia fue la \u00faltima persona que conoc\u00ed que defendiera sus ideales sin temer ning\u00fan desd\u00e9n o rid\u00edculo, sus opiniones o posturas eran claras, con la precisi\u00f3n y limpieza del corte quir\u00fargico. Pero se nos ha ido esta guardiana incorruptible antes de que pudiera cerrar el c\u00edrculo de su pensamiento.<span class=\"Apple-converted-space\">\u00a0<\/span><\/span><\/p>\n<p style=\"text-align: justify;\"><span style=\"font-size: 16px;\">Ahora nos toca leer y publicar su obra, hacerla llegar, como ya se est\u00e1 dando, a nuevos p\u00fablicos<span class=\"Apple-converted-space\">\u00a0<\/span>con la esperanza viva que el paso de Patricia sobre la tierra haya allanado en algo para las generaciones venideras las durezas del camino siempre escarpado del pensamiento y la creaci\u00f3n.<\/span><\/p>\n<p>&nbsp;<\/p>\n<p><span style=\"font-family: 'trebuchet ms', geneva, sans-serif; font-size: 16px;\"><strong>Texto de la escritora y poeta peruana<\/strong> <a href=\"http:\/\/lascriticas.com\/index.php\/lascriticas\/grecia-caceres\/\"><strong>Grecia C\u00e1ceres.<\/strong><\/a><\/span><\/p>\n<p style=\"text-align: justify;\"><span class=\"Apple-converted-space\">\u00a0\u00a0 \u00a0<\/span><\/p>\n","protected":false},"excerpt":{"rendered":"<p>\u00abA Patricia, un mucho inmenso, septentrional, completo, feroz, de calma chica\u00ab Patricia era la \u00fanica persona en el mundo que me llamaba Grec, a mis hijos \u00ablos infantes\u00bb y a Olivier \u00abtu\u00bb Olivier.\u00a0Han sido a\u00f1os de amistad entre Lima\/Par\u00eds\/Pau\/Madrid\/Barcelona y Caracas. Ella se mov\u00eda como el segundero del reloj y yo era la manecilla de&#8230;<\/p>\n","protected":false},"author":37,"featured_media":1936,"comment_status":"open","ping_status":"open","sticky":false,"template":"","format":"standard","meta":{"footnotes":""},"categories":[19],"tags":[142,239,63,49,592,127,139,185,593,62,162],"yoast_head":"<!-- This site is optimized with the Yoast SEO plugin v23.5 - https:\/\/yoast.com\/wordpress\/plugins\/seo\/ -->\n<title>&quot;A Patricia, un mucho inmenso, septentrional, completo, feroz, de calma chica&quot; - Las Cr\u00edticas<\/title>\n<meta name=\"description\" content=\"&quot;Toda su vida se fue tratando de hacer inteligible su presencia en el mundo y su amor por el lenguaje al que pretendi\u00f3 descolonizar&quot;\" \/>\n<meta name=\"robots\" content=\"index, follow, max-snippet:-1, max-image-preview:large, max-video-preview:-1\" \/>\n<link rel=\"canonical\" href=\"https:\/\/lascriticas.com\/index.php\/2019\/11\/21\/patricia-de-souza-por-grecia-caceres\/\" \/>\n<meta property=\"og:locale\" content=\"es_ES\" \/>\n<meta property=\"og:type\" content=\"article\" \/>\n<meta property=\"og:title\" content=\"&quot;A Patricia, un mucho inmenso, septentrional, completo, feroz, de calma chica&quot; - Las Cr\u00edticas\" \/>\n<meta property=\"og:description\" content=\"&quot;Toda su vida se fue tratando de hacer inteligible su presencia en el mundo y su amor por el lenguaje al que pretendi\u00f3 descolonizar&quot;\" \/>\n<meta property=\"og:url\" content=\"https:\/\/lascriticas.com\/index.php\/2019\/11\/21\/patricia-de-souza-por-grecia-caceres\/\" \/>\n<meta property=\"og:site_name\" content=\"Las Cr\u00edticas\" \/>\n<meta property=\"article:publisher\" content=\"https:\/\/www.facebook.com\/lascriticas\/\" \/>\n<meta property=\"article:published_time\" content=\"2019-11-21T22:06:23+00:00\" \/>\n<meta property=\"article:modified_time\" content=\"2019-11-21T22:24:05+00:00\" \/>\n<meta property=\"og:image\" content=\"https:\/\/lascriticas.com\/wp-content\/uploads\/2017\/10\/PatriciaSouza.jpg\" \/>\n\t<meta property=\"og:image:width\" content=\"1080\" \/>\n\t<meta property=\"og:image:height\" content=\"530\" \/>\n\t<meta property=\"og:image:type\" content=\"image\/jpeg\" \/>\n<meta name=\"author\" content=\"Grecia C\u00e1ceres\" \/>\n<meta name=\"twitter:card\" content=\"summary_large_image\" \/>\n<meta name=\"twitter:creator\" content=\"@LasCriticas_com\" \/>\n<meta name=\"twitter:site\" content=\"@LasCriticas_com\" \/>\n<meta name=\"twitter:label1\" content=\"Escrito por\" \/>\n\t<meta name=\"twitter:data1\" content=\"Grecia C\u00e1ceres\" \/>\n\t<meta name=\"twitter:label2\" content=\"Tiempo de lectura\" \/>\n\t<meta name=\"twitter:data2\" content=\"7 minutos\" \/>\n<script type=\"application\/ld+json\" class=\"yoast-schema-graph\">{\"@context\":\"https:\/\/schema.org\",\"@graph\":[{\"@type\":\"Article\",\"@id\":\"https:\/\/lascriticas.com\/index.php\/2019\/11\/21\/patricia-de-souza-por-grecia-caceres\/#article\",\"isPartOf\":{\"@id\":\"https:\/\/lascriticas.com\/index.php\/2019\/11\/21\/patricia-de-souza-por-grecia-caceres\/\"},\"author\":{\"name\":\"Grecia C\u00e1ceres\",\"@id\":\"https:\/\/lascriticas.com\/#\/schema\/person\/034f51d6872bc80ea9a9c81dc1865c3f\"},\"headline\":\"\u00abA Patricia, un mucho inmenso, septentrional, completo, feroz, de calma chica\u00bb\",\"datePublished\":\"2019-11-21T22:06:23+00:00\",\"dateModified\":\"2019-11-21T22:24:05+00:00\",\"mainEntityOfPage\":{\"@id\":\"https:\/\/lascriticas.com\/index.php\/2019\/11\/21\/patricia-de-souza-por-grecia-caceres\/\"},\"wordCount\":1503,\"commentCount\":0,\"publisher\":{\"@id\":\"https:\/\/lascriticas.com\/#organization\"},\"image\":{\"@id\":\"https:\/\/lascriticas.com\/index.php\/2019\/11\/21\/patricia-de-souza-por-grecia-caceres\/#primaryimage\"},\"thumbnailUrl\":\"https:\/\/lascriticas.com\/wp-content\/uploads\/2017\/10\/PatriciaSouza.jpg\",\"keywords\":[\"descolonizar\",\"escritora\",\"Francia\",\"g\u00e9nero\",\"homenaje\",\"lenguaje\",\"libertad\",\"literatura\",\"Patricia de Souza\",\"Per\u00fa\",\"viaje\"],\"articleSection\":[\"An\u00e1lisis\"],\"inLanguage\":\"es\",\"potentialAction\":[{\"@type\":\"CommentAction\",\"name\":\"Comment\",\"target\":[\"https:\/\/lascriticas.com\/index.php\/2019\/11\/21\/patricia-de-souza-por-grecia-caceres\/#respond\"]}]},{\"@type\":\"WebPage\",\"@id\":\"https:\/\/lascriticas.com\/index.php\/2019\/11\/21\/patricia-de-souza-por-grecia-caceres\/\",\"url\":\"https:\/\/lascriticas.com\/index.php\/2019\/11\/21\/patricia-de-souza-por-grecia-caceres\/\",\"name\":\"\\\"A Patricia, un mucho inmenso, septentrional, completo, feroz, de calma chica\\\" - Las Cr\u00edticas\",\"isPartOf\":{\"@id\":\"https:\/\/lascriticas.com\/#website\"},\"primaryImageOfPage\":{\"@id\":\"https:\/\/lascriticas.com\/index.php\/2019\/11\/21\/patricia-de-souza-por-grecia-caceres\/#primaryimage\"},\"image\":{\"@id\":\"https:\/\/lascriticas.com\/index.php\/2019\/11\/21\/patricia-de-souza-por-grecia-caceres\/#primaryimage\"},\"thumbnailUrl\":\"https:\/\/lascriticas.com\/wp-content\/uploads\/2017\/10\/PatriciaSouza.jpg\",\"datePublished\":\"2019-11-21T22:06:23+00:00\",\"dateModified\":\"2019-11-21T22:24:05+00:00\",\"description\":\"\\\"Toda su vida se fue tratando de hacer inteligible su presencia en el mundo y su amor por el lenguaje al que pretendi\u00f3 descolonizar\\\"\",\"breadcrumb\":{\"@id\":\"https:\/\/lascriticas.com\/index.php\/2019\/11\/21\/patricia-de-souza-por-grecia-caceres\/#breadcrumb\"},\"inLanguage\":\"es\",\"potentialAction\":[{\"@type\":\"ReadAction\",\"target\":[\"https:\/\/lascriticas.com\/index.php\/2019\/11\/21\/patricia-de-souza-por-grecia-caceres\/\"]}]},{\"@type\":\"ImageObject\",\"inLanguage\":\"es\",\"@id\":\"https:\/\/lascriticas.com\/index.php\/2019\/11\/21\/patricia-de-souza-por-grecia-caceres\/#primaryimage\",\"url\":\"https:\/\/lascriticas.com\/wp-content\/uploads\/2017\/10\/PatriciaSouza.jpg\",\"contentUrl\":\"https:\/\/lascriticas.com\/wp-content\/uploads\/2017\/10\/PatriciaSouza.jpg\",\"width\":1080,\"height\":530,\"caption\":\"Patricia de Souza\"},{\"@type\":\"BreadcrumbList\",\"@id\":\"https:\/\/lascriticas.com\/index.php\/2019\/11\/21\/patricia-de-souza-por-grecia-caceres\/#breadcrumb\",\"itemListElement\":[{\"@type\":\"ListItem\",\"position\":1,\"name\":\"Inicio\",\"item\":\"https:\/\/lascriticas.com\/\"},{\"@type\":\"ListItem\",\"position\":2,\"name\":\"\u00abA Patricia, un mucho inmenso, septentrional, completo, feroz, de calma chica\u00bb\"}]},{\"@type\":\"WebSite\",\"@id\":\"https:\/\/lascriticas.com\/#website\",\"url\":\"https:\/\/lascriticas.com\/\",\"name\":\"Las Cr\u00edticas\",\"description\":\"Cr\u00edtica literaria hecha por mujeres\",\"publisher\":{\"@id\":\"https:\/\/lascriticas.com\/#organization\"},\"potentialAction\":[{\"@type\":\"SearchAction\",\"target\":{\"@type\":\"EntryPoint\",\"urlTemplate\":\"https:\/\/lascriticas.com\/?s={search_term_string}\"},\"query-input\":{\"@type\":\"PropertyValueSpecification\",\"valueRequired\":true,\"valueName\":\"search_term_string\"}}],\"inLanguage\":\"es\"},{\"@type\":\"Organization\",\"@id\":\"https:\/\/lascriticas.com\/#organization\",\"name\":\"Las Cr\u00edticas\",\"url\":\"https:\/\/lascriticas.com\/\",\"logo\":{\"@type\":\"ImageObject\",\"inLanguage\":\"es\",\"@id\":\"https:\/\/lascriticas.com\/#\/schema\/logo\/image\/\",\"url\":\"https:\/\/lascriticas.com\/wp-content\/uploads\/2016\/09\/Las-Cr\u00edticas.png\",\"contentUrl\":\"https:\/\/lascriticas.com\/wp-content\/uploads\/2016\/09\/Las-Cr\u00edticas.png\",\"width\":372,\"height\":201,\"caption\":\"Las Cr\u00edticas\"},\"image\":{\"@id\":\"https:\/\/lascriticas.com\/#\/schema\/logo\/image\/\"},\"sameAs\":[\"https:\/\/www.facebook.com\/lascriticas\/\",\"https:\/\/x.com\/LasCriticas_com\",\"https:\/\/www.instagram.com\/lascriticas_com\/\",\"https:\/\/www.youtube.com\/channel\/UCd7r-H6EJA4sSXGLX33_iHQ\"]},{\"@type\":\"Person\",\"@id\":\"https:\/\/lascriticas.com\/#\/schema\/person\/034f51d6872bc80ea9a9c81dc1865c3f\",\"name\":\"Grecia C\u00e1ceres\",\"image\":{\"@type\":\"ImageObject\",\"inLanguage\":\"es\",\"@id\":\"https:\/\/lascriticas.com\/#\/schema\/person\/image\/\",\"url\":\"https:\/\/secure.gravatar.com\/avatar\/744bd4782928ef3b1af5f4b53e90dd21?s=96&d=mm&r=g\",\"contentUrl\":\"https:\/\/secure.gravatar.com\/avatar\/744bd4782928ef3b1af5f4b53e90dd21?s=96&d=mm&r=g\",\"caption\":\"Grecia C\u00e1ceres\"},\"url\":\"https:\/\/lascriticas.com\/index.php\/author\/grecia-caceres\/\"}]}<\/script>\n<!-- \/ Yoast SEO plugin. -->","yoast_head_json":{"title":"\"A Patricia, un mucho inmenso, septentrional, completo, feroz, de calma chica\" - Las Cr\u00edticas","description":"\"Toda su vida se fue tratando de hacer inteligible su presencia en el mundo y su amor por el lenguaje al que pretendi\u00f3 descolonizar\"","robots":{"index":"index","follow":"follow","max-snippet":"max-snippet:-1","max-image-preview":"max-image-preview:large","max-video-preview":"max-video-preview:-1"},"canonical":"https:\/\/lascriticas.com\/index.php\/2019\/11\/21\/patricia-de-souza-por-grecia-caceres\/","og_locale":"es_ES","og_type":"article","og_title":"\"A Patricia, un mucho inmenso, septentrional, completo, feroz, de calma chica\" - Las Cr\u00edticas","og_description":"\"Toda su vida se fue tratando de hacer inteligible su presencia en el mundo y su amor por el lenguaje al que pretendi\u00f3 descolonizar\"","og_url":"https:\/\/lascriticas.com\/index.php\/2019\/11\/21\/patricia-de-souza-por-grecia-caceres\/","og_site_name":"Las Cr\u00edticas","article_publisher":"https:\/\/www.facebook.com\/lascriticas\/","article_published_time":"2019-11-21T22:06:23+00:00","article_modified_time":"2019-11-21T22:24:05+00:00","og_image":[{"width":1080,"height":530,"url":"https:\/\/lascriticas.com\/wp-content\/uploads\/2017\/10\/PatriciaSouza.jpg","type":"image\/jpeg"}],"author":"Grecia C\u00e1ceres","twitter_card":"summary_large_image","twitter_creator":"@LasCriticas_com","twitter_site":"@LasCriticas_com","twitter_misc":{"Escrito por":"Grecia C\u00e1ceres","Tiempo de lectura":"7 minutos"},"schema":{"@context":"https:\/\/schema.org","@graph":[{"@type":"Article","@id":"https:\/\/lascriticas.com\/index.php\/2019\/11\/21\/patricia-de-souza-por-grecia-caceres\/#article","isPartOf":{"@id":"https:\/\/lascriticas.com\/index.php\/2019\/11\/21\/patricia-de-souza-por-grecia-caceres\/"},"author":{"name":"Grecia C\u00e1ceres","@id":"https:\/\/lascriticas.com\/#\/schema\/person\/034f51d6872bc80ea9a9c81dc1865c3f"},"headline":"\u00abA Patricia, un mucho inmenso, septentrional, completo, feroz, de calma chica\u00bb","datePublished":"2019-11-21T22:06:23+00:00","dateModified":"2019-11-21T22:24:05+00:00","mainEntityOfPage":{"@id":"https:\/\/lascriticas.com\/index.php\/2019\/11\/21\/patricia-de-souza-por-grecia-caceres\/"},"wordCount":1503,"commentCount":0,"publisher":{"@id":"https:\/\/lascriticas.com\/#organization"},"image":{"@id":"https:\/\/lascriticas.com\/index.php\/2019\/11\/21\/patricia-de-souza-por-grecia-caceres\/#primaryimage"},"thumbnailUrl":"https:\/\/lascriticas.com\/wp-content\/uploads\/2017\/10\/PatriciaSouza.jpg","keywords":["descolonizar","escritora","Francia","g\u00e9nero","homenaje","lenguaje","libertad","literatura","Patricia de Souza","Per\u00fa","viaje"],"articleSection":["An\u00e1lisis"],"inLanguage":"es","potentialAction":[{"@type":"CommentAction","name":"Comment","target":["https:\/\/lascriticas.com\/index.php\/2019\/11\/21\/patricia-de-souza-por-grecia-caceres\/#respond"]}]},{"@type":"WebPage","@id":"https:\/\/lascriticas.com\/index.php\/2019\/11\/21\/patricia-de-souza-por-grecia-caceres\/","url":"https:\/\/lascriticas.com\/index.php\/2019\/11\/21\/patricia-de-souza-por-grecia-caceres\/","name":"\"A Patricia, un mucho inmenso, septentrional, completo, feroz, de calma chica\" - Las Cr\u00edticas","isPartOf":{"@id":"https:\/\/lascriticas.com\/#website"},"primaryImageOfPage":{"@id":"https:\/\/lascriticas.com\/index.php\/2019\/11\/21\/patricia-de-souza-por-grecia-caceres\/#primaryimage"},"image":{"@id":"https:\/\/lascriticas.com\/index.php\/2019\/11\/21\/patricia-de-souza-por-grecia-caceres\/#primaryimage"},"thumbnailUrl":"https:\/\/lascriticas.com\/wp-content\/uploads\/2017\/10\/PatriciaSouza.jpg","datePublished":"2019-11-21T22:06:23+00:00","dateModified":"2019-11-21T22:24:05+00:00","description":"\"Toda su vida se fue tratando de hacer inteligible su presencia en el mundo y su amor por el lenguaje al que pretendi\u00f3 descolonizar\"","breadcrumb":{"@id":"https:\/\/lascriticas.com\/index.php\/2019\/11\/21\/patricia-de-souza-por-grecia-caceres\/#breadcrumb"},"inLanguage":"es","potentialAction":[{"@type":"ReadAction","target":["https:\/\/lascriticas.com\/index.php\/2019\/11\/21\/patricia-de-souza-por-grecia-caceres\/"]}]},{"@type":"ImageObject","inLanguage":"es","@id":"https:\/\/lascriticas.com\/index.php\/2019\/11\/21\/patricia-de-souza-por-grecia-caceres\/#primaryimage","url":"https:\/\/lascriticas.com\/wp-content\/uploads\/2017\/10\/PatriciaSouza.jpg","contentUrl":"https:\/\/lascriticas.com\/wp-content\/uploads\/2017\/10\/PatriciaSouza.jpg","width":1080,"height":530,"caption":"Patricia de Souza"},{"@type":"BreadcrumbList","@id":"https:\/\/lascriticas.com\/index.php\/2019\/11\/21\/patricia-de-souza-por-grecia-caceres\/#breadcrumb","itemListElement":[{"@type":"ListItem","position":1,"name":"Inicio","item":"https:\/\/lascriticas.com\/"},{"@type":"ListItem","position":2,"name":"\u00abA Patricia, un mucho inmenso, septentrional, completo, feroz, de calma chica\u00bb"}]},{"@type":"WebSite","@id":"https:\/\/lascriticas.com\/#website","url":"https:\/\/lascriticas.com\/","name":"Las Cr\u00edticas","description":"Cr\u00edtica literaria hecha por mujeres","publisher":{"@id":"https:\/\/lascriticas.com\/#organization"},"potentialAction":[{"@type":"SearchAction","target":{"@type":"EntryPoint","urlTemplate":"https:\/\/lascriticas.com\/?s={search_term_string}"},"query-input":{"@type":"PropertyValueSpecification","valueRequired":true,"valueName":"search_term_string"}}],"inLanguage":"es"},{"@type":"Organization","@id":"https:\/\/lascriticas.com\/#organization","name":"Las Cr\u00edticas","url":"https:\/\/lascriticas.com\/","logo":{"@type":"ImageObject","inLanguage":"es","@id":"https:\/\/lascriticas.com\/#\/schema\/logo\/image\/","url":"https:\/\/lascriticas.com\/wp-content\/uploads\/2016\/09\/Las-Cr\u00edticas.png","contentUrl":"https:\/\/lascriticas.com\/wp-content\/uploads\/2016\/09\/Las-Cr\u00edticas.png","width":372,"height":201,"caption":"Las Cr\u00edticas"},"image":{"@id":"https:\/\/lascriticas.com\/#\/schema\/logo\/image\/"},"sameAs":["https:\/\/www.facebook.com\/lascriticas\/","https:\/\/x.com\/LasCriticas_com","https:\/\/www.instagram.com\/lascriticas_com\/","https:\/\/www.youtube.com\/channel\/UCd7r-H6EJA4sSXGLX33_iHQ"]},{"@type":"Person","@id":"https:\/\/lascriticas.com\/#\/schema\/person\/034f51d6872bc80ea9a9c81dc1865c3f","name":"Grecia C\u00e1ceres","image":{"@type":"ImageObject","inLanguage":"es","@id":"https:\/\/lascriticas.com\/#\/schema\/person\/image\/","url":"https:\/\/secure.gravatar.com\/avatar\/744bd4782928ef3b1af5f4b53e90dd21?s=96&d=mm&r=g","contentUrl":"https:\/\/secure.gravatar.com\/avatar\/744bd4782928ef3b1af5f4b53e90dd21?s=96&d=mm&r=g","caption":"Grecia C\u00e1ceres"},"url":"https:\/\/lascriticas.com\/index.php\/author\/grecia-caceres\/"}]}},"_links":{"self":[{"href":"https:\/\/lascriticas.com\/index.php\/wp-json\/wp\/v2\/posts\/2941"}],"collection":[{"href":"https:\/\/lascriticas.com\/index.php\/wp-json\/wp\/v2\/posts"}],"about":[{"href":"https:\/\/lascriticas.com\/index.php\/wp-json\/wp\/v2\/types\/post"}],"author":[{"embeddable":true,"href":"https:\/\/lascriticas.com\/index.php\/wp-json\/wp\/v2\/users\/37"}],"replies":[{"embeddable":true,"href":"https:\/\/lascriticas.com\/index.php\/wp-json\/wp\/v2\/comments?post=2941"}],"version-history":[{"count":11,"href":"https:\/\/lascriticas.com\/index.php\/wp-json\/wp\/v2\/posts\/2941\/revisions"}],"predecessor-version":[{"id":2991,"href":"https:\/\/lascriticas.com\/index.php\/wp-json\/wp\/v2\/posts\/2941\/revisions\/2991"}],"wp:featuredmedia":[{"embeddable":true,"href":"https:\/\/lascriticas.com\/index.php\/wp-json\/wp\/v2\/media\/1936"}],"wp:attachment":[{"href":"https:\/\/lascriticas.com\/index.php\/wp-json\/wp\/v2\/media?parent=2941"}],"wp:term":[{"taxonomy":"category","embeddable":true,"href":"https:\/\/lascriticas.com\/index.php\/wp-json\/wp\/v2\/categories?post=2941"},{"taxonomy":"post_tag","embeddable":true,"href":"https:\/\/lascriticas.com\/index.php\/wp-json\/wp\/v2\/tags?post=2941"}],"curies":[{"name":"wp","href":"https:\/\/api.w.org\/{rel}","templated":true}]}}