{"id":2923,"date":"2019-11-21T22:44:46","date_gmt":"2019-11-21T21:44:46","guid":{"rendered":"http:\/\/lascriticas.com\/?p=2923"},"modified":"2019-11-21T22:46:17","modified_gmt":"2019-11-21T21:46:17","slug":"una-forma-de-desobediencia-clara-es-no-aceptar-que-te-colonicen-entrevista-a-patricia-de-souza-por-gabriela-wiener","status":"publish","type":"post","link":"https:\/\/lascriticas.com\/index.php\/2019\/11\/21\/una-forma-de-desobediencia-clara-es-no-aceptar-que-te-colonicen-entrevista-a-patricia-de-souza-por-gabriela-wiener\/","title":{"rendered":"\u201cUna forma de desobediencia clara es no aceptar que te colonicen\u201d. Entrevista a Patricia de Souza, por Gabriela Wiener"},"content":{"rendered":"<h2 dir=\"ltr\"><span style=\"color: #ffffff;\">\u201cUna forma de desobediencia clara es no aceptar que te colonicen\u201d<\/span><\/h2>\n<p dir=\"ltr\" style=\"text-align: justify;\"><span style=\"font-size: 16px;\">\u201c\u00bfNo es una locura un lenguaje que se ignora dentro de un cuerpo, de una vida, una existencia, un lenguaje sin rostro?\u201d, escribe Patricia de Souza en su libro <strong>Descolonizar el lenguaje<\/strong> (Los libros de la mujer rota), edici\u00f3n chilena de este conjunto de ensayos que la escritora y estudiosa peruana dedica al legado espiritual de un pu\u00f1ado de m\u00edticas desobedientes y a la reflexi\u00f3n cr\u00edtica y liberadora de la experiencia intelectual y la identidad femeninas. \u201cLo que quise decir es que hay que ocupar la vida, encarnarla, salir de esa ausencia en la que se puede vivir siendo mujer\u2013explica la autora de novelas como <em>El \u00faltimo cuerpo de \u00darsula<\/em> y <em>Verg\u00fcenza<\/em> , desde su actual residencia en Francia, donde vive hace a\u00f1os\u2013. Hay una ausencia de sujeto, de subjetividad en la lengua al hablar con instrumentos que no nos pertenecen. Lo que ha habido es una imagen de consenso sobre una manera de entender y leer el mundo. Lo que hubo (y hay) es dominaci\u00f3n\u201d.<\/span><\/p>\n<p dir=\"ltr\" style=\"text-align: justify;\"><span style=\"font-size: 16px;\"><strong>\u00bfCu\u00e1les son los pasos a seguir para descolonizar el lenguaje?<\/strong><\/span><\/p>\n<p dir=\"ltr\" style=\"text-align: justify;\"><span style=\"font-size: 16px;\">Es tiempo propicio para que se diversifique el lenguaje, sobre todo para las mujeres que somos capital simb\u00f3lico en esa \u00abforma\u00bb de interpretar el mundo, que es ahora mismo un credo neoliberal y un dictamen mundial siempre maniqueo, estereotipado y lejos de la vida concreta. El \u00abvicariato\u00bb, es decir el poder laico del dinero y la religi\u00f3n, nos sigue viendo como objetos intercambiables, mujeres para armar, tipo Ikea. Hay que cambiar de chip. Descolonizarse. Como dec\u00eda <strong>Simone Weil<\/strong>, arrancar el \u00e1rbol para plantarlo de nuevo.<\/span><\/p>\n<p dir=\"ltr\" style=\"text-align: justify;\"><span style=\"font-size: 16px;\"><strong>\u00bfQu\u00e9 tienen en com\u00fan Flora Trist\u00e1n, Blanca Varela, Marguerite Duras, Simone Weil, Teresa de \u00c1vila, Joyce Mansour, Catherine Pozzi, Elena Garro\u2026<\/strong><\/span><\/p>\n<p dir=\"ltr\" style=\"text-align: justify;\"><span style=\"font-size: 16px;\">Son mujeres que pueden ayudar a construir nuevos arquetipos menos esmaltados. Creo que las mujeres sufrimos de im\u00e1genes que no sean binarias, madre-prostituta, por ejemplo, y es en el terreno del lenguaje en donde se puede cambiar el esquema para replantear lo que se acepta como \u00abverdad natural\u00bb.\u00a0 Son mujeres que salieron a la plaza p\u00fablica, no a gritar (que encaja muy bien en el papel de hist\u00e9rica), sino a hablar, a crear sentido. Aunque las instituciones evolucionen, lo que m\u00e1s lento evoluciona es la mentalidad, por eso hay esa separaci\u00f3n entre lo que se dice y se hace.<\/span><\/p>\n<p dir=\"ltr\" style=\"text-align: justify;\"><span style=\"font-size: 16px;\"><strong>\u00bfCu\u00e1les son los mejores ejemplos de desobediencia femenina que encontraremos en este libro?<\/strong><\/span><\/p>\n<p dir=\"ltr\" style=\"text-align: justify;\"><span style=\"font-size: 16px;\">Una forma de desobediencia clara es no aceptar que te colonicen. Escribir es una manera de desmontar esa dominaci\u00f3n masculina globalizada, sea cual sea la elecci\u00f3n sexual, gay o trans&#8230; Hay una frase que me gusta mucho de <strong>Flora Trist\u00e1n<\/strong>: \u201cLo importante es nombrar\u201d. Levantar la voz es un acto de desobediencia civil. Escribir novelas es tambi\u00e9n una forma de desobedecer el mandato de la tribu, es entrar en el mundo \u00abmasculino del discurso\u00bb. Las mujeres debemos descolonizarnos, desaculturarnos, para poder emprender nuestro propio camino, \u00a0soltar las ataduras&#8230; O cortarlas.<\/span><\/p>\n<p dir=\"ltr\" style=\"text-align: justify;\"><span style=\"font-size: 16px;\"><strong>Dices: \u201cuna mujer sin relato es una mujer inexistente\u00bb? \u00bfC\u00f3mo podemos hacer una revoluci\u00f3n no elitista, que incluya y libere, tambi\u00e9n desde el discurso?<\/strong><\/span><\/p>\n<p dir=\"ltr\" style=\"text-align: justify;\"><span style=\"font-size: 16px;\">Se hacen muchas leyes, pero la sociedad no las sigue. La palabra testimonial de las mujeres est\u00e1 neutralizada, estigmatizada como falsa, incluida en el decorado. Una legislaci\u00f3n que no se reproduce en la vida com\u00fan, infantiliza, salva conciencias, pero no cambia nada. Lo de relato siempre lo digo, se trata de decirse con sus propios instrumentos, es una \u00abnarratolog\u00eda\u00bb aplicada a la vida que tiene que ver con crear trama, poder escribirnos con nuestros c\u00f3digos. No todas ser\u00e1n escritoras, porque eso exige una pasi\u00f3n (y cierto entorno), pero podr\u00e1n salir del sujeto-objeto. Una revoluci\u00f3n cop\u00e9rnica de pensamiento es necesaria, pero no desde una manera elitista de ver las cosas, es decir, superior, inferior, sino m\u00e1s como un tejido que se ensanche abarcando otros horizontes. Como es ahora la comunidad hablante mundial de las redes sociales.<\/span><\/p>\n<p dir=\"ltr\" style=\"text-align: justify;\"><span style=\"font-size: 16px;\"><strong>As\u00ed, es tu propio lenguaje tambi\u00e9n importante en este libro. \u00bfPor qu\u00e9 eliges la primera persona y el tono confesional en un libro de ensayos como este?<\/strong><\/span><\/p>\n<p dir=\"ltr\" style=\"text-align: justify;\"><span style=\"font-size: 16px;\">La primera persona es subversiva cuando viene de una mujer. Se hace pol\u00edtica porque nos sacude los esquemas de la organizaci\u00f3n social naturalizada, es decir, que el lugar que ocupamos en la sociedad nos corresponde por ser mujeres (sic). El tono confesional es porque no se trata de \u00abproducir\u00bb un discurso midiendo el alcance medi\u00e1tico, sino construir, traducir, ocupar el lenguaje para justamente, hacer ver una subjetividad. La espontaneidad es mal tolerada en la \u00e9poca de la contabilidad, el c\u00e1lculo moral y el maquillaje, vivimos con muchas m\u00e1scaras. Y algunas asfixian.<\/span><\/p>\n<p dir=\"ltr\" style=\"text-align: justify;\"><span style=\"font-size: 16px;\"><strong>\u00bfPor qu\u00e9 los temas de g\u00e9nero importan tan poco en el Per\u00fa y sus diversos espacios de debate, sin que la literatura sea una excepci\u00f3n?<\/strong><\/span><\/p>\n<p dir=\"ltr\" style=\"text-align: justify;\"><span style=\"font-size: 16px;\">En el Per\u00fa estamos bajo dominio de la doxa neoliberal, es decir, lo social y lo individual prima sobre lo colectivo, el \u00abbien com\u00fan\u00bb. No se piensa en el aborto porque no es un tema que cotice en la bolsa de valores (sic), sino aquellos que den m\u00e1s visibilidad y rindan m\u00e1s votos, es totalmente clientelista.\u00a0 Nuestra lentitud en materia de derechos de la mujer tambi\u00e9n tiene que ver con los distintos feminismos, no hay uno solo, y entiendo que se quiera salir del dominio europeo o norteamericano, aunque eso no deber\u00eda impedir un debate.<\/span><\/p>\n<p dir=\"ltr\" style=\"text-align: justify;\"><span style=\"font-size: 16px;\"><strong>Francia, Europa y sus (refugiados) expulsados. \u00bfC\u00f3mo es dormir con el enemigo? \u00bfSe duerme, se sue\u00f1a, se tienen pesadillas?<\/strong><\/span><\/p>\n<p dir=\"ltr\" style=\"text-align: justify;\"><span style=\"font-size: 16px;\">El primer enemigo lo llevamos dentro. Es una intuici\u00f3n fuerte: luchar contra nuestras propias limitaciones, nuestras fobias y miedos. De ah\u00ed a que una geograf\u00eda nos defina, no estoy segura, es m\u00e1s el mapa del modelo de civilizaci\u00f3n indolente y ego\u00edsta el que est\u00e1 llevando a una crisis horrenda y a la impasibilidad. Hay gente que se implica, pero otros solo quieren echarlos ignorando que mueran en condiciones infames. No creo en la maldad como ontolog\u00eda, sino como experiencia, es decir, que una situaci\u00f3n puede sacar lo peor o lo mejor de cada persona. Hay que ver que la cultura no detiene esto, pero si hay poes\u00eda, tal vez no haya ganas de hacer da\u00f1o.<\/span><\/p>\n<p dir=\"ltr\" style=\"text-align: justify;\"><span style=\"font-family: 'trebuchet ms', geneva, sans-serif; font-size: 16px;\">Entrevista hecha en el 2017 y publicada por el diario La Rep\u00fablica.<\/span><\/p>\n<p dir=\"ltr\"><span style=\"font-family: 'trebuchet ms', geneva, sans-serif; font-size: 16px;\"><a href=\"http:\/\/lascriticas.com\/index.php\/lascriticas\/gabriela-wiener\/\"><strong>Acerca de Gabriela Wiener<\/strong><\/a><\/span><\/p>\n","protected":false},"excerpt":{"rendered":"<p>\u201cUna forma de desobediencia clara es no aceptar que te colonicen\u201d \u201c\u00bfNo es una locura un lenguaje que se ignora dentro de un cuerpo, de una vida, una existencia, un lenguaje sin rostro?\u201d, escribe Patricia de Souza en su libro Descolonizar el lenguaje (Los libros de la mujer rota), edici\u00f3n chilena de este conjunto de&#8230;<\/p>\n","protected":false},"author":64,"featured_media":2960,"comment_status":"open","ping_status":"open","sticky":false,"template":"","format":"standard","meta":{"footnotes":""},"categories":[143],"tags":[590,142,591,144,47,49,185,88],"yoast_head":"<!-- This site is optimized with the Yoast SEO plugin v23.5 - https:\/\/yoast.com\/wordpress\/plugins\/seo\/ -->\n<title>\u201cUna forma de desobediencia clara es no aceptar que te colonicen\u201d. Entrevista a Patricia de Souza, por Gabriela Wiener - Las Cr\u00edticas<\/title>\n<meta name=\"description\" content=\"\u201cUna forma de desobediencia clara es no aceptar que te colonicen\u201d \u201c\u00bfNo es una locura un lenguaje que se ignora dentro de un cuerpo, de una vida, una\" \/>\n<meta name=\"robots\" content=\"index, follow, max-snippet:-1, max-image-preview:large, max-video-preview:-1\" \/>\n<link rel=\"canonical\" href=\"https:\/\/lascriticas.com\/index.php\/2019\/11\/21\/una-forma-de-desobediencia-clara-es-no-aceptar-que-te-colonicen-entrevista-a-patricia-de-souza-por-gabriela-wiener\/\" \/>\n<meta property=\"og:locale\" content=\"es_ES\" \/>\n<meta property=\"og:type\" content=\"article\" \/>\n<meta property=\"og:title\" content=\"\u201cUna forma de desobediencia clara es no aceptar que te colonicen\u201d. Entrevista a Patricia de Souza, por Gabriela Wiener - Las Cr\u00edticas\" \/>\n<meta property=\"og:description\" content=\"\u201cUna forma de desobediencia clara es no aceptar que te colonicen\u201d \u201c\u00bfNo es una locura un lenguaje que se ignora dentro de un cuerpo, de una vida, una\" \/>\n<meta property=\"og:url\" content=\"https:\/\/lascriticas.com\/index.php\/2019\/11\/21\/una-forma-de-desobediencia-clara-es-no-aceptar-que-te-colonicen-entrevista-a-patricia-de-souza-por-gabriela-wiener\/\" \/>\n<meta property=\"og:site_name\" content=\"Las Cr\u00edticas\" \/>\n<meta property=\"article:publisher\" content=\"https:\/\/www.facebook.com\/lascriticas\/\" \/>\n<meta property=\"article:published_time\" content=\"2019-11-21T21:44:46+00:00\" \/>\n<meta property=\"article:modified_time\" content=\"2019-11-21T21:46:17+00:00\" \/>\n<meta property=\"og:image\" content=\"https:\/\/lascriticas.com\/wp-content\/uploads\/2019\/11\/Descolonizar-Patricia.jpg\" \/>\n\t<meta property=\"og:image:width\" content=\"1077\" \/>\n\t<meta property=\"og:image:height\" content=\"530\" \/>\n\t<meta property=\"og:image:type\" content=\"image\/jpeg\" \/>\n<meta name=\"author\" content=\"Gabriela Wiener\" \/>\n<meta name=\"twitter:card\" content=\"summary_large_image\" \/>\n<meta name=\"twitter:creator\" content=\"@LasCriticas_com\" \/>\n<meta name=\"twitter:site\" content=\"@LasCriticas_com\" \/>\n<meta name=\"twitter:label1\" content=\"Escrito por\" \/>\n\t<meta name=\"twitter:data1\" content=\"Gabriela Wiener\" \/>\n\t<meta name=\"twitter:label2\" content=\"Tiempo de lectura\" \/>\n\t<meta name=\"twitter:data2\" content=\"6 minutos\" \/>\n<script type=\"application\/ld+json\" class=\"yoast-schema-graph\">{\"@context\":\"https:\/\/schema.org\",\"@graph\":[{\"@type\":\"Article\",\"@id\":\"https:\/\/lascriticas.com\/index.php\/2019\/11\/21\/una-forma-de-desobediencia-clara-es-no-aceptar-que-te-colonicen-entrevista-a-patricia-de-souza-por-gabriela-wiener\/#article\",\"isPartOf\":{\"@id\":\"https:\/\/lascriticas.com\/index.php\/2019\/11\/21\/una-forma-de-desobediencia-clara-es-no-aceptar-que-te-colonicen-entrevista-a-patricia-de-souza-por-gabriela-wiener\/\"},\"author\":{\"name\":\"Gabriela Wiener\",\"@id\":\"https:\/\/lascriticas.com\/#\/schema\/person\/7e49a4cf9377f508137866159111aadf\"},\"headline\":\"\u201cUna forma de desobediencia clara es no aceptar que te colonicen\u201d. Entrevista a Patricia de Souza, por Gabriela Wiener\",\"datePublished\":\"2019-11-21T21:44:46+00:00\",\"dateModified\":\"2019-11-21T21:46:17+00:00\",\"mainEntityOfPage\":{\"@id\":\"https:\/\/lascriticas.com\/index.php\/2019\/11\/21\/una-forma-de-desobediencia-clara-es-no-aceptar-que-te-colonicen-entrevista-a-patricia-de-souza-por-gabriela-wiener\/\"},\"wordCount\":1122,\"commentCount\":0,\"publisher\":{\"@id\":\"https:\/\/lascriticas.com\/#organization\"},\"image\":{\"@id\":\"https:\/\/lascriticas.com\/index.php\/2019\/11\/21\/una-forma-de-desobediencia-clara-es-no-aceptar-que-te-colonicen-entrevista-a-patricia-de-souza-por-gabriela-wiener\/#primaryimage\"},\"thumbnailUrl\":\"https:\/\/lascriticas.com\/wp-content\/uploads\/2019\/11\/Descolonizar-Patricia.jpg\",\"keywords\":[\"arquetipos\",\"descolonizar\",\"desobediencia\",\"entrevista\",\"feminismo\",\"g\u00e9nero\",\"literatura\",\"mujer\"],\"articleSection\":[\"Entrevista\"],\"inLanguage\":\"es\",\"potentialAction\":[{\"@type\":\"CommentAction\",\"name\":\"Comment\",\"target\":[\"https:\/\/lascriticas.com\/index.php\/2019\/11\/21\/una-forma-de-desobediencia-clara-es-no-aceptar-que-te-colonicen-entrevista-a-patricia-de-souza-por-gabriela-wiener\/#respond\"]}]},{\"@type\":\"WebPage\",\"@id\":\"https:\/\/lascriticas.com\/index.php\/2019\/11\/21\/una-forma-de-desobediencia-clara-es-no-aceptar-que-te-colonicen-entrevista-a-patricia-de-souza-por-gabriela-wiener\/\",\"url\":\"https:\/\/lascriticas.com\/index.php\/2019\/11\/21\/una-forma-de-desobediencia-clara-es-no-aceptar-que-te-colonicen-entrevista-a-patricia-de-souza-por-gabriela-wiener\/\",\"name\":\"\u201cUna forma de desobediencia clara es no aceptar que te colonicen\u201d. Entrevista a Patricia de Souza, por Gabriela Wiener - Las Cr\u00edticas\",\"isPartOf\":{\"@id\":\"https:\/\/lascriticas.com\/#website\"},\"primaryImageOfPage\":{\"@id\":\"https:\/\/lascriticas.com\/index.php\/2019\/11\/21\/una-forma-de-desobediencia-clara-es-no-aceptar-que-te-colonicen-entrevista-a-patricia-de-souza-por-gabriela-wiener\/#primaryimage\"},\"image\":{\"@id\":\"https:\/\/lascriticas.com\/index.php\/2019\/11\/21\/una-forma-de-desobediencia-clara-es-no-aceptar-que-te-colonicen-entrevista-a-patricia-de-souza-por-gabriela-wiener\/#primaryimage\"},\"thumbnailUrl\":\"https:\/\/lascriticas.com\/wp-content\/uploads\/2019\/11\/Descolonizar-Patricia.jpg\",\"datePublished\":\"2019-11-21T21:44:46+00:00\",\"dateModified\":\"2019-11-21T21:46:17+00:00\",\"description\":\"\u201cUna forma de desobediencia clara es no aceptar que te colonicen\u201d \u201c\u00bfNo es una locura un lenguaje que se ignora dentro de un cuerpo, de una vida, una\",\"breadcrumb\":{\"@id\":\"https:\/\/lascriticas.com\/index.php\/2019\/11\/21\/una-forma-de-desobediencia-clara-es-no-aceptar-que-te-colonicen-entrevista-a-patricia-de-souza-por-gabriela-wiener\/#breadcrumb\"},\"inLanguage\":\"es\",\"potentialAction\":[{\"@type\":\"ReadAction\",\"target\":[\"https:\/\/lascriticas.com\/index.php\/2019\/11\/21\/una-forma-de-desobediencia-clara-es-no-aceptar-que-te-colonicen-entrevista-a-patricia-de-souza-por-gabriela-wiener\/\"]}]},{\"@type\":\"ImageObject\",\"inLanguage\":\"es\",\"@id\":\"https:\/\/lascriticas.com\/index.php\/2019\/11\/21\/una-forma-de-desobediencia-clara-es-no-aceptar-que-te-colonicen-entrevista-a-patricia-de-souza-por-gabriela-wiener\/#primaryimage\",\"url\":\"https:\/\/lascriticas.com\/wp-content\/uploads\/2019\/11\/Descolonizar-Patricia.jpg\",\"contentUrl\":\"https:\/\/lascriticas.com\/wp-content\/uploads\/2019\/11\/Descolonizar-Patricia.jpg\",\"width\":1077,\"height\":530},{\"@type\":\"BreadcrumbList\",\"@id\":\"https:\/\/lascriticas.com\/index.php\/2019\/11\/21\/una-forma-de-desobediencia-clara-es-no-aceptar-que-te-colonicen-entrevista-a-patricia-de-souza-por-gabriela-wiener\/#breadcrumb\",\"itemListElement\":[{\"@type\":\"ListItem\",\"position\":1,\"name\":\"Inicio\",\"item\":\"https:\/\/lascriticas.com\/\"},{\"@type\":\"ListItem\",\"position\":2,\"name\":\"\u201cUna forma de desobediencia clara es no aceptar que te colonicen\u201d. Entrevista a Patricia de Souza, por Gabriela Wiener\"}]},{\"@type\":\"WebSite\",\"@id\":\"https:\/\/lascriticas.com\/#website\",\"url\":\"https:\/\/lascriticas.com\/\",\"name\":\"Las Cr\u00edticas\",\"description\":\"Cr\u00edtica literaria hecha por mujeres\",\"publisher\":{\"@id\":\"https:\/\/lascriticas.com\/#organization\"},\"potentialAction\":[{\"@type\":\"SearchAction\",\"target\":{\"@type\":\"EntryPoint\",\"urlTemplate\":\"https:\/\/lascriticas.com\/?s={search_term_string}\"},\"query-input\":{\"@type\":\"PropertyValueSpecification\",\"valueRequired\":true,\"valueName\":\"search_term_string\"}}],\"inLanguage\":\"es\"},{\"@type\":\"Organization\",\"@id\":\"https:\/\/lascriticas.com\/#organization\",\"name\":\"Las Cr\u00edticas\",\"url\":\"https:\/\/lascriticas.com\/\",\"logo\":{\"@type\":\"ImageObject\",\"inLanguage\":\"es\",\"@id\":\"https:\/\/lascriticas.com\/#\/schema\/logo\/image\/\",\"url\":\"https:\/\/lascriticas.com\/wp-content\/uploads\/2016\/09\/Las-Cr\u00edticas.png\",\"contentUrl\":\"https:\/\/lascriticas.com\/wp-content\/uploads\/2016\/09\/Las-Cr\u00edticas.png\",\"width\":372,\"height\":201,\"caption\":\"Las Cr\u00edticas\"},\"image\":{\"@id\":\"https:\/\/lascriticas.com\/#\/schema\/logo\/image\/\"},\"sameAs\":[\"https:\/\/www.facebook.com\/lascriticas\/\",\"https:\/\/x.com\/LasCriticas_com\",\"https:\/\/www.instagram.com\/lascriticas_com\/\",\"https:\/\/www.youtube.com\/channel\/UCd7r-H6EJA4sSXGLX33_iHQ\"]},{\"@type\":\"Person\",\"@id\":\"https:\/\/lascriticas.com\/#\/schema\/person\/7e49a4cf9377f508137866159111aadf\",\"name\":\"Gabriela Wiener\",\"image\":{\"@type\":\"ImageObject\",\"inLanguage\":\"es\",\"@id\":\"https:\/\/lascriticas.com\/#\/schema\/person\/image\/\",\"url\":\"https:\/\/secure.gravatar.com\/avatar\/524488775e59dd5c3540d8784755fdac?s=96&d=mm&r=g\",\"contentUrl\":\"https:\/\/secure.gravatar.com\/avatar\/524488775e59dd5c3540d8784755fdac?s=96&d=mm&r=g\",\"caption\":\"Gabriela Wiener\"},\"url\":\"https:\/\/lascriticas.com\/index.php\/author\/gabriela-wiener\/\"}]}<\/script>\n<!-- \/ Yoast SEO plugin. -->","yoast_head_json":{"title":"\u201cUna forma de desobediencia clara es no aceptar que te colonicen\u201d. Entrevista a Patricia de Souza, por Gabriela Wiener - Las Cr\u00edticas","description":"\u201cUna forma de desobediencia clara es no aceptar que te colonicen\u201d \u201c\u00bfNo es una locura un lenguaje que se ignora dentro de un cuerpo, de una vida, una","robots":{"index":"index","follow":"follow","max-snippet":"max-snippet:-1","max-image-preview":"max-image-preview:large","max-video-preview":"max-video-preview:-1"},"canonical":"https:\/\/lascriticas.com\/index.php\/2019\/11\/21\/una-forma-de-desobediencia-clara-es-no-aceptar-que-te-colonicen-entrevista-a-patricia-de-souza-por-gabriela-wiener\/","og_locale":"es_ES","og_type":"article","og_title":"\u201cUna forma de desobediencia clara es no aceptar que te colonicen\u201d. Entrevista a Patricia de Souza, por Gabriela Wiener - Las Cr\u00edticas","og_description":"\u201cUna forma de desobediencia clara es no aceptar que te colonicen\u201d \u201c\u00bfNo es una locura un lenguaje que se ignora dentro de un cuerpo, de una vida, una","og_url":"https:\/\/lascriticas.com\/index.php\/2019\/11\/21\/una-forma-de-desobediencia-clara-es-no-aceptar-que-te-colonicen-entrevista-a-patricia-de-souza-por-gabriela-wiener\/","og_site_name":"Las Cr\u00edticas","article_publisher":"https:\/\/www.facebook.com\/lascriticas\/","article_published_time":"2019-11-21T21:44:46+00:00","article_modified_time":"2019-11-21T21:46:17+00:00","og_image":[{"width":1077,"height":530,"url":"https:\/\/lascriticas.com\/wp-content\/uploads\/2019\/11\/Descolonizar-Patricia.jpg","type":"image\/jpeg"}],"author":"Gabriela Wiener","twitter_card":"summary_large_image","twitter_creator":"@LasCriticas_com","twitter_site":"@LasCriticas_com","twitter_misc":{"Escrito por":"Gabriela Wiener","Tiempo de lectura":"6 minutos"},"schema":{"@context":"https:\/\/schema.org","@graph":[{"@type":"Article","@id":"https:\/\/lascriticas.com\/index.php\/2019\/11\/21\/una-forma-de-desobediencia-clara-es-no-aceptar-que-te-colonicen-entrevista-a-patricia-de-souza-por-gabriela-wiener\/#article","isPartOf":{"@id":"https:\/\/lascriticas.com\/index.php\/2019\/11\/21\/una-forma-de-desobediencia-clara-es-no-aceptar-que-te-colonicen-entrevista-a-patricia-de-souza-por-gabriela-wiener\/"},"author":{"name":"Gabriela Wiener","@id":"https:\/\/lascriticas.com\/#\/schema\/person\/7e49a4cf9377f508137866159111aadf"},"headline":"\u201cUna forma de desobediencia clara es no aceptar que te colonicen\u201d. Entrevista a Patricia de Souza, por Gabriela Wiener","datePublished":"2019-11-21T21:44:46+00:00","dateModified":"2019-11-21T21:46:17+00:00","mainEntityOfPage":{"@id":"https:\/\/lascriticas.com\/index.php\/2019\/11\/21\/una-forma-de-desobediencia-clara-es-no-aceptar-que-te-colonicen-entrevista-a-patricia-de-souza-por-gabriela-wiener\/"},"wordCount":1122,"commentCount":0,"publisher":{"@id":"https:\/\/lascriticas.com\/#organization"},"image":{"@id":"https:\/\/lascriticas.com\/index.php\/2019\/11\/21\/una-forma-de-desobediencia-clara-es-no-aceptar-que-te-colonicen-entrevista-a-patricia-de-souza-por-gabriela-wiener\/#primaryimage"},"thumbnailUrl":"https:\/\/lascriticas.com\/wp-content\/uploads\/2019\/11\/Descolonizar-Patricia.jpg","keywords":["arquetipos","descolonizar","desobediencia","entrevista","feminismo","g\u00e9nero","literatura","mujer"],"articleSection":["Entrevista"],"inLanguage":"es","potentialAction":[{"@type":"CommentAction","name":"Comment","target":["https:\/\/lascriticas.com\/index.php\/2019\/11\/21\/una-forma-de-desobediencia-clara-es-no-aceptar-que-te-colonicen-entrevista-a-patricia-de-souza-por-gabriela-wiener\/#respond"]}]},{"@type":"WebPage","@id":"https:\/\/lascriticas.com\/index.php\/2019\/11\/21\/una-forma-de-desobediencia-clara-es-no-aceptar-que-te-colonicen-entrevista-a-patricia-de-souza-por-gabriela-wiener\/","url":"https:\/\/lascriticas.com\/index.php\/2019\/11\/21\/una-forma-de-desobediencia-clara-es-no-aceptar-que-te-colonicen-entrevista-a-patricia-de-souza-por-gabriela-wiener\/","name":"\u201cUna forma de desobediencia clara es no aceptar que te colonicen\u201d. Entrevista a Patricia de Souza, por Gabriela Wiener - Las Cr\u00edticas","isPartOf":{"@id":"https:\/\/lascriticas.com\/#website"},"primaryImageOfPage":{"@id":"https:\/\/lascriticas.com\/index.php\/2019\/11\/21\/una-forma-de-desobediencia-clara-es-no-aceptar-que-te-colonicen-entrevista-a-patricia-de-souza-por-gabriela-wiener\/#primaryimage"},"image":{"@id":"https:\/\/lascriticas.com\/index.php\/2019\/11\/21\/una-forma-de-desobediencia-clara-es-no-aceptar-que-te-colonicen-entrevista-a-patricia-de-souza-por-gabriela-wiener\/#primaryimage"},"thumbnailUrl":"https:\/\/lascriticas.com\/wp-content\/uploads\/2019\/11\/Descolonizar-Patricia.jpg","datePublished":"2019-11-21T21:44:46+00:00","dateModified":"2019-11-21T21:46:17+00:00","description":"\u201cUna forma de desobediencia clara es no aceptar que te colonicen\u201d \u201c\u00bfNo es una locura un lenguaje que se ignora dentro de un cuerpo, de una vida, una","breadcrumb":{"@id":"https:\/\/lascriticas.com\/index.php\/2019\/11\/21\/una-forma-de-desobediencia-clara-es-no-aceptar-que-te-colonicen-entrevista-a-patricia-de-souza-por-gabriela-wiener\/#breadcrumb"},"inLanguage":"es","potentialAction":[{"@type":"ReadAction","target":["https:\/\/lascriticas.com\/index.php\/2019\/11\/21\/una-forma-de-desobediencia-clara-es-no-aceptar-que-te-colonicen-entrevista-a-patricia-de-souza-por-gabriela-wiener\/"]}]},{"@type":"ImageObject","inLanguage":"es","@id":"https:\/\/lascriticas.com\/index.php\/2019\/11\/21\/una-forma-de-desobediencia-clara-es-no-aceptar-que-te-colonicen-entrevista-a-patricia-de-souza-por-gabriela-wiener\/#primaryimage","url":"https:\/\/lascriticas.com\/wp-content\/uploads\/2019\/11\/Descolonizar-Patricia.jpg","contentUrl":"https:\/\/lascriticas.com\/wp-content\/uploads\/2019\/11\/Descolonizar-Patricia.jpg","width":1077,"height":530},{"@type":"BreadcrumbList","@id":"https:\/\/lascriticas.com\/index.php\/2019\/11\/21\/una-forma-de-desobediencia-clara-es-no-aceptar-que-te-colonicen-entrevista-a-patricia-de-souza-por-gabriela-wiener\/#breadcrumb","itemListElement":[{"@type":"ListItem","position":1,"name":"Inicio","item":"https:\/\/lascriticas.com\/"},{"@type":"ListItem","position":2,"name":"\u201cUna forma de desobediencia clara es no aceptar que te colonicen\u201d. Entrevista a Patricia de Souza, por Gabriela Wiener"}]},{"@type":"WebSite","@id":"https:\/\/lascriticas.com\/#website","url":"https:\/\/lascriticas.com\/","name":"Las Cr\u00edticas","description":"Cr\u00edtica literaria hecha por mujeres","publisher":{"@id":"https:\/\/lascriticas.com\/#organization"},"potentialAction":[{"@type":"SearchAction","target":{"@type":"EntryPoint","urlTemplate":"https:\/\/lascriticas.com\/?s={search_term_string}"},"query-input":{"@type":"PropertyValueSpecification","valueRequired":true,"valueName":"search_term_string"}}],"inLanguage":"es"},{"@type":"Organization","@id":"https:\/\/lascriticas.com\/#organization","name":"Las Cr\u00edticas","url":"https:\/\/lascriticas.com\/","logo":{"@type":"ImageObject","inLanguage":"es","@id":"https:\/\/lascriticas.com\/#\/schema\/logo\/image\/","url":"https:\/\/lascriticas.com\/wp-content\/uploads\/2016\/09\/Las-Cr\u00edticas.png","contentUrl":"https:\/\/lascriticas.com\/wp-content\/uploads\/2016\/09\/Las-Cr\u00edticas.png","width":372,"height":201,"caption":"Las Cr\u00edticas"},"image":{"@id":"https:\/\/lascriticas.com\/#\/schema\/logo\/image\/"},"sameAs":["https:\/\/www.facebook.com\/lascriticas\/","https:\/\/x.com\/LasCriticas_com","https:\/\/www.instagram.com\/lascriticas_com\/","https:\/\/www.youtube.com\/channel\/UCd7r-H6EJA4sSXGLX33_iHQ"]},{"@type":"Person","@id":"https:\/\/lascriticas.com\/#\/schema\/person\/7e49a4cf9377f508137866159111aadf","name":"Gabriela Wiener","image":{"@type":"ImageObject","inLanguage":"es","@id":"https:\/\/lascriticas.com\/#\/schema\/person\/image\/","url":"https:\/\/secure.gravatar.com\/avatar\/524488775e59dd5c3540d8784755fdac?s=96&d=mm&r=g","contentUrl":"https:\/\/secure.gravatar.com\/avatar\/524488775e59dd5c3540d8784755fdac?s=96&d=mm&r=g","caption":"Gabriela Wiener"},"url":"https:\/\/lascriticas.com\/index.php\/author\/gabriela-wiener\/"}]}},"_links":{"self":[{"href":"https:\/\/lascriticas.com\/index.php\/wp-json\/wp\/v2\/posts\/2923"}],"collection":[{"href":"https:\/\/lascriticas.com\/index.php\/wp-json\/wp\/v2\/posts"}],"about":[{"href":"https:\/\/lascriticas.com\/index.php\/wp-json\/wp\/v2\/types\/post"}],"author":[{"embeddable":true,"href":"https:\/\/lascriticas.com\/index.php\/wp-json\/wp\/v2\/users\/64"}],"replies":[{"embeddable":true,"href":"https:\/\/lascriticas.com\/index.php\/wp-json\/wp\/v2\/comments?post=2923"}],"version-history":[{"count":6,"href":"https:\/\/lascriticas.com\/index.php\/wp-json\/wp\/v2\/posts\/2923\/revisions"}],"predecessor-version":[{"id":2962,"href":"https:\/\/lascriticas.com\/index.php\/wp-json\/wp\/v2\/posts\/2923\/revisions\/2962"}],"wp:featuredmedia":[{"embeddable":true,"href":"https:\/\/lascriticas.com\/index.php\/wp-json\/wp\/v2\/media\/2960"}],"wp:attachment":[{"href":"https:\/\/lascriticas.com\/index.php\/wp-json\/wp\/v2\/media?parent=2923"}],"wp:term":[{"taxonomy":"category","embeddable":true,"href":"https:\/\/lascriticas.com\/index.php\/wp-json\/wp\/v2\/categories?post=2923"},{"taxonomy":"post_tag","embeddable":true,"href":"https:\/\/lascriticas.com\/index.php\/wp-json\/wp\/v2\/tags?post=2923"}],"curies":[{"name":"wp","href":"https:\/\/api.w.org\/{rel}","templated":true}]}}