{"id":2459,"date":"2018-09-05T23:10:55","date_gmt":"2018-09-05T21:10:55","guid":{"rendered":"http:\/\/lascriticas.com\/?p=2459"},"modified":"2018-09-05T23:10:55","modified_gmt":"2018-09-05T21:10:55","slug":"temporada-de-huracanes-de-fernanda-melchor","status":"publish","type":"post","link":"https:\/\/lascriticas.com\/index.php\/2018\/09\/05\/temporada-de-huracanes-de-fernanda-melchor\/","title":{"rendered":"Temporada de\u00a0huracanes, de Fernanda Melchor"},"content":{"rendered":"<h2><span style=\"color: #ffffff;\"><strong><em>Temporada de huracanes<\/em><\/strong><\/span><\/h2>\n<p style=\"text-align: justify;\"><span style=\"font-size: 16px;\">Con justa raz\u00f3n <strong><em>Temporada de huracanes<\/em><\/strong> ha sido le\u00edda por cierta cr\u00edtica como una novela negra;\u00a0es, despu\u00e9s de todo, la historia de un asesinato y de la b\u00fasqueda de un asesino. Del mismo modo,\u00a0son conocidas las incursiones de su autora en la <strong>cr\u00f3nica policial<\/strong> como parte de su labor de\u00a0periodista y su inter\u00e9s por la nota roja. Sin embargo, el retrato que se hace de los personajes en la\u00a0novela es tan minuciosamente preciso y a la vez descarnado que es posible afirmar que ser\u00eda\u00a0injusto etiquetarla solo como una narraci\u00f3n de tema policial.<\/span><\/p>\n<p style=\"text-align: justify;\"><span style=\"font-size: 16px;\"><img loading=\"lazy\" decoding=\"async\" class=\"alignright wp-image-2470 size-medium\" title=\"Temporada de huracanes\" src=\"http:\/\/lascriticas.com\/wp-content\/uploads\/2018\/08\/Temporada-de-huracanes-251x400.png\" alt=\"Temporada de huracanes\" width=\"251\" height=\"400\" \/>En una entrevista para el diario El Pa\u00eds, <strong>Fernanda Melchor<\/strong> afirma que ser escritora es \u201cdedicar la vida a\u00a0buscar la verdad a trav\u00e9s de la mentira\u201d y es eso justamente lo que hace en \u00e9sta, su \u00faltima novela.<\/span><\/p>\n<p style=\"text-align: justify;\"><span style=\"font-size: 16px;\">A partir del hallazgo del cuerpo sin vida de la bruja del pueblo, la escritora mexicana devela en\u00a0<em>Temporada de huracanes<\/em> una serie de situaciones desgarradoras en la vida de quienes habitan la\u00a0zona veracruzana de <strong>La Matosa<\/strong>, lugar en el que se lleva a cabo el horrendo crimen. Con gran\u00a0maestr\u00eda, conduce al lector por entre las madejas de un relato que combina amores secretos y\u00a0odios apasionados, dolor, violencia extrema y desamparo antes de desembocar en la revelaci\u00f3n\u00a0de la identidad del asesino y de sus motivaciones. Y en lo que puede considerarse como una\u00a0muestra de la habilidad de la autora para cautivar a sus lectores, cabe agregar que todos los\u00a0hallazgos se van produciendo a expensas del lector, sin que \u00e9ste se d\u00e9 casi por enterado ni pueda\u00a0ejercer mayor control; para cuando logra hacerlo es ya demasiado tarde y la novela ha llegado a\u00a0su fin.<\/span><\/p>\n<p style=\"text-align: justify;\"><span style=\"font-size: 16px;\">Aunque el objetivo \u00faltimo de <em>Temporada de huracanes<\/em> es identificar al personaje que acaba con\u00a0la vida de la Bruja Chica, Melchor coloca en un segundo plano los m\u00f3viles y la\u00a0identidad del criminal y, en lugar de ello, desv\u00eda el inter\u00e9s del lector por el qui\u00e9n o el c\u00f3mo para\u00a0situarlo en el por qu\u00e9. Esta interrogante, m\u00e1s que aludir a los motivos del asesinato, se dirige a\u00a0tratar de entender la raz\u00f3n por la cual el foco de la novela son personajes que en un primer\u00a0momento no parecen ser relevantes porque no se relacionan directamente con la v\u00edctima. M\u00e1s\u00a0adelante, sin embargo, el lector descubrir\u00e1 que la participaci\u00f3n de \u00e9stos resulta central para el\u00a0desarrollo y construcci\u00f3n de la trama. As\u00ed, el hecho de que sus emociones, inseguridades y\u00a0deseos intr\u00ednsecos sean develados en profundidad al asumir posiciones protag\u00f3nicas en cada\u00a0cap\u00edtulo (ocho, en total) produce en el lector la suspensi\u00f3n moment\u00e1nea de su af\u00e1n por descubrir\u00a0al homicida y lo <strong>fuerza a ser testigo de la precariedad de la sociedad a la que pertenecen<\/strong> y en la\u00a0que fen\u00f3menos como el machismo, la homofobia, la agresi\u00f3n sexual, la pobreza material y el\u00a0desamparo emocional subyacen a la violencia extrema que los acoge.<\/span><\/p>\n<p style=\"text-align: justify;\"><span style=\"font-size: 16px;\">Adem\u00e1s de los varios actos brutales que caracterizan <em>Temporada de huracanes<\/em>, llama la atenci\u00f3n\u00a0el grotesco uso del lenguaje que hace la autora para relatarlos. Como en una suerte de <strong>vor\u00e1gine\u00a0ling\u00fc\u00edstica<\/strong>, donde resalta un bajtiniano coro polif\u00f3nico de voces, la verborrea que llena las\u00a0doscientas y pico p\u00e1ginas que conforman la novela genera un efecto abrumador en el lector que\u00a0le impide desmarcarse de los crueles incidentes a los que est\u00e1n expuestos sus protagonistas y es\u00a0por ello que la narraci\u00f3n termina siendo tan agobiante como cautivadora.<\/span><\/p>\n<p style=\"text-align: justify;\"><span style=\"font-size: 16px;\">A medida que se van revelando las historias personales de la Bruja, Yesenia, Luismi, Munra,\u00a0Brando y Norma, sale a la luz el grado de marginaci\u00f3n y maltrato al que los personajes est\u00e1n\u00a0sometidos y a la vez someten, as\u00ed como el amor, odio y auto-destrucci\u00f3n que los lleva a cometer\u00a0actos violentos como la \u00fanica forma que conocen de sobrevivir. Estamos, pues, y sin \u00e1nimo de\u00a0exagerar, ante una novela soberbia en su composici\u00f3n y estructura e intensa en su cr\u00f3nica de los\u00a0hechos y en la que, poco a poco y con destreza, su autora va dejando ver los rincones m\u00e1s\u00a0oscuros del alma de sus personajes con el prop\u00f3sito de humanizarlos antes que de justificarlos.<\/span><\/p>\n<p style=\"text-align: justify;\"><span style=\"font-size: 16px;\">Con algunas <strong>reminiscencias del boom<\/strong> (la misma Melchor admite haber le\u00eddo <em>El oto\u00f1o del\u00a0patriarca<\/em>) o de su compatriota Rulfo, la escritora veracruzana recurre m\u00ednimamente al uso de\u00a0signos de puntuaci\u00f3n y es eficaz en la introducci\u00f3n de <strong>regionalismos y leyendas populares<\/strong>. No\u00a0obstante, la creaci\u00f3n de una narrativa diferente a la de sus predecesores se percibe en lo brutal\u00a0del relato, en la caracterizaci\u00f3n s\u00f3lida de personajes deleznables y al mismo tiempo\u00a0desprotegidos y en el uso de un lenguaje coloquial, \u00e1gil y contundente que logra dibujarlos tanto\u00a0en sus miserias como en sus virtudes.<\/span><\/p>\n<p style=\"text-align: justify;\"><span style=\"font-size: 16px;\">Fernanda Melchor sabe hilar finamente la mara\u00f1a de sentimientos y sucesos que ocupan la vida\u00a0de sus protagonistas mediante detalles verbales o descripciones agudas de sus rasgos f\u00edsicos y\u00a0psicol\u00f3gicos y sin caer en estereotipos o formas clich\u00e9. Asimismo, usa el s\u00edmbolo del hurac\u00e1n al\u00a0principio y al final de su novela como un recordatorio del destino tr\u00e1gico de los habitantes de La\u00a0Matosa. Detr\u00e1s del desprecio y la curiosidad que ejerce la Bruja, de la pasi\u00f3n reprimida de\u00a0Brando, del rencor de Yesenia, de la invalidez de Munra, de la mentira de Luismi y del abandono\u00a0de Norma se esconde la necesidad imperiosa de obtener el amor que no les ha sido dado, la cual\u00a0es tambi\u00e9n, ir\u00f3nicamente, la causa final de su ca\u00edda.<\/span><\/p>\n<p style=\"text-align: justify;\"><span style=\"font-size: 16px;\"><strong>Melchor, Fernanda.\u00a0<em>Temporada de huracanes<\/em>.\u00a0Literatura Random House, 2017.<\/strong><\/span><\/p>\n<hr \/>\n<p style=\"text-align: justify;\"><span style=\"font-family: 'trebuchet ms', geneva, sans-serif;\"><strong>Fernanda Melchor<\/strong> (Veracruz, 1982) es escritora, periodista y ensayista. Ha ganado varios\u00a0premios de cuento, ensayo y cr\u00f3nica y ha publicado en diferentes revistas y peri\u00f3dicos. Entre sus\u00a0obras se encuentran la cr\u00f3nica <em>Aqu\u00ed no es Miami<\/em> y las novelas <em>Falsa liebre<\/em> y <em>Temporada de\u00a0Huracanes<\/em>.<\/span><\/p>\n<p><strong><span style=\"font-family: 'trebuchet ms', geneva, sans-serif;\"><a href=\"http:\/\/lascriticas.com\/index.php\/lascriticas\/lisette-balabarca-fataccioli\/\">Acerca de Lisette Balabarca<\/a><\/span><\/strong><\/p>\n","protected":false},"excerpt":{"rendered":"<p>Temporada de huracanes Con justa raz\u00f3n Temporada de huracanes ha sido le\u00edda por cierta cr\u00edtica como una novela negra;\u00a0es, despu\u00e9s de todo, la historia de un asesinato y de la b\u00fasqueda de un asesino. Del mismo modo,\u00a0son conocidas las incursiones de su autora en la cr\u00f3nica policial como parte de su labor de\u00a0periodista y su&#8230;<\/p>\n","protected":false},"author":61,"featured_media":2473,"comment_status":"open","ping_status":"open","sticky":false,"template":"","format":"standard","meta":{"footnotes":""},"categories":[43,37],"tags":[448,347,246,273,127,405,146,453,454,293,104,87],"yoast_head":"<!-- This site is optimized with the Yoast SEO plugin v23.5 - https:\/\/yoast.com\/wordpress\/plugins\/seo\/ -->\n<title>Temporada de\u00a0huracanes, de Fernanda Melchor - Las Cr\u00edticas<\/title>\n<meta name=\"description\" content=\"En Temporada de huracanes, Fernanda Melchor escribe un relato que combina amores secretos y\u00a0odios apasionados, dolor, violencia extrema y desamparo.\" \/>\n<meta name=\"robots\" content=\"index, follow, max-snippet:-1, max-image-preview:large, max-video-preview:-1\" \/>\n<link rel=\"canonical\" href=\"https:\/\/lascriticas.com\/index.php\/2018\/09\/05\/temporada-de-huracanes-de-fernanda-melchor\/\" \/>\n<meta property=\"og:locale\" content=\"es_ES\" \/>\n<meta property=\"og:type\" content=\"article\" \/>\n<meta property=\"og:title\" content=\"Temporada de\u00a0huracanes, de Fernanda Melchor - Las Cr\u00edticas\" \/>\n<meta property=\"og:description\" content=\"En Temporada de huracanes, Fernanda Melchor escribe un relato que combina amores secretos y\u00a0odios apasionados, dolor, violencia extrema y desamparo.\" \/>\n<meta property=\"og:url\" content=\"https:\/\/lascriticas.com\/index.php\/2018\/09\/05\/temporada-de-huracanes-de-fernanda-melchor\/\" \/>\n<meta property=\"og:site_name\" content=\"Las Cr\u00edticas\" \/>\n<meta property=\"article:publisher\" content=\"https:\/\/www.facebook.com\/lascriticas\/\" \/>\n<meta property=\"article:published_time\" content=\"2018-09-05T21:10:55+00:00\" \/>\n<meta property=\"og:image\" content=\"https:\/\/lascriticas.com\/wp-content\/uploads\/2018\/09\/Fernanda-Melchor.jpg\" \/>\n\t<meta property=\"og:image:width\" content=\"3061\" \/>\n\t<meta property=\"og:image:height\" content=\"1502\" \/>\n\t<meta property=\"og:image:type\" content=\"image\/jpeg\" \/>\n<meta name=\"author\" content=\"Lisette Balabarca Fataccioli\" \/>\n<meta name=\"twitter:card\" content=\"summary_large_image\" \/>\n<meta name=\"twitter:creator\" content=\"@LasCriticas_com\" \/>\n<meta name=\"twitter:site\" content=\"@LasCriticas_com\" \/>\n<meta name=\"twitter:label1\" content=\"Escrito por\" \/>\n\t<meta name=\"twitter:data1\" content=\"Lisette Balabarca Fataccioli\" \/>\n\t<meta name=\"twitter:label2\" content=\"Tiempo de lectura\" \/>\n\t<meta name=\"twitter:data2\" content=\"5 minutos\" \/>\n<script type=\"application\/ld+json\" class=\"yoast-schema-graph\">{\"@context\":\"https:\/\/schema.org\",\"@graph\":[{\"@type\":\"Article\",\"@id\":\"https:\/\/lascriticas.com\/index.php\/2018\/09\/05\/temporada-de-huracanes-de-fernanda-melchor\/#article\",\"isPartOf\":{\"@id\":\"https:\/\/lascriticas.com\/index.php\/2018\/09\/05\/temporada-de-huracanes-de-fernanda-melchor\/\"},\"author\":{\"name\":\"Lisette Balabarca Fataccioli\",\"@id\":\"https:\/\/lascriticas.com\/#\/schema\/person\/43fc658671400a655a1d14e897a42a1a\"},\"headline\":\"Temporada de\u00a0huracanes, de Fernanda Melchor\",\"datePublished\":\"2018-09-05T21:10:55+00:00\",\"dateModified\":\"2018-09-05T21:10:55+00:00\",\"mainEntityOfPage\":{\"@id\":\"https:\/\/lascriticas.com\/index.php\/2018\/09\/05\/temporada-de-huracanes-de-fernanda-melchor\/\"},\"wordCount\":1055,\"commentCount\":1,\"publisher\":{\"@id\":\"https:\/\/lascriticas.com\/#organization\"},\"image\":{\"@id\":\"https:\/\/lascriticas.com\/index.php\/2018\/09\/05\/temporada-de-huracanes-de-fernanda-melchor\/#primaryimage\"},\"thumbnailUrl\":\"https:\/\/lascriticas.com\/wp-content\/uploads\/2018\/09\/Fernanda-Melchor.jpg\",\"keywords\":[\"crimen\",\"dolor\",\"homofobia\",\"homosexualidad\",\"lenguaje\",\"machismo\",\"M\u00e9xico\",\"novela mexicana\",\"novela negra\",\"pobreza\",\"violaci\u00f3n\",\"violencia\"],\"articleSection\":[\"Ficci\u00f3n\",\"Rese\u00f1as\"],\"inLanguage\":\"es\",\"potentialAction\":[{\"@type\":\"CommentAction\",\"name\":\"Comment\",\"target\":[\"https:\/\/lascriticas.com\/index.php\/2018\/09\/05\/temporada-de-huracanes-de-fernanda-melchor\/#respond\"]}]},{\"@type\":\"WebPage\",\"@id\":\"https:\/\/lascriticas.com\/index.php\/2018\/09\/05\/temporada-de-huracanes-de-fernanda-melchor\/\",\"url\":\"https:\/\/lascriticas.com\/index.php\/2018\/09\/05\/temporada-de-huracanes-de-fernanda-melchor\/\",\"name\":\"Temporada de\u00a0huracanes, de Fernanda Melchor - Las Cr\u00edticas\",\"isPartOf\":{\"@id\":\"https:\/\/lascriticas.com\/#website\"},\"primaryImageOfPage\":{\"@id\":\"https:\/\/lascriticas.com\/index.php\/2018\/09\/05\/temporada-de-huracanes-de-fernanda-melchor\/#primaryimage\"},\"image\":{\"@id\":\"https:\/\/lascriticas.com\/index.php\/2018\/09\/05\/temporada-de-huracanes-de-fernanda-melchor\/#primaryimage\"},\"thumbnailUrl\":\"https:\/\/lascriticas.com\/wp-content\/uploads\/2018\/09\/Fernanda-Melchor.jpg\",\"datePublished\":\"2018-09-05T21:10:55+00:00\",\"dateModified\":\"2018-09-05T21:10:55+00:00\",\"description\":\"En Temporada de huracanes, Fernanda Melchor escribe un relato que combina amores secretos y\u00a0odios apasionados, dolor, violencia extrema y desamparo.\",\"breadcrumb\":{\"@id\":\"https:\/\/lascriticas.com\/index.php\/2018\/09\/05\/temporada-de-huracanes-de-fernanda-melchor\/#breadcrumb\"},\"inLanguage\":\"es\",\"potentialAction\":[{\"@type\":\"ReadAction\",\"target\":[\"https:\/\/lascriticas.com\/index.php\/2018\/09\/05\/temporada-de-huracanes-de-fernanda-melchor\/\"]}]},{\"@type\":\"ImageObject\",\"inLanguage\":\"es\",\"@id\":\"https:\/\/lascriticas.com\/index.php\/2018\/09\/05\/temporada-de-huracanes-de-fernanda-melchor\/#primaryimage\",\"url\":\"https:\/\/lascriticas.com\/wp-content\/uploads\/2018\/09\/Fernanda-Melchor.jpg\",\"contentUrl\":\"https:\/\/lascriticas.com\/wp-content\/uploads\/2018\/09\/Fernanda-Melchor.jpg\",\"width\":3061,\"height\":1502},{\"@type\":\"BreadcrumbList\",\"@id\":\"https:\/\/lascriticas.com\/index.php\/2018\/09\/05\/temporada-de-huracanes-de-fernanda-melchor\/#breadcrumb\",\"itemListElement\":[{\"@type\":\"ListItem\",\"position\":1,\"name\":\"Inicio\",\"item\":\"https:\/\/lascriticas.com\/\"},{\"@type\":\"ListItem\",\"position\":2,\"name\":\"Temporada de\u00a0huracanes, de Fernanda Melchor\"}]},{\"@type\":\"WebSite\",\"@id\":\"https:\/\/lascriticas.com\/#website\",\"url\":\"https:\/\/lascriticas.com\/\",\"name\":\"Las Cr\u00edticas\",\"description\":\"Cr\u00edtica literaria hecha por mujeres\",\"publisher\":{\"@id\":\"https:\/\/lascriticas.com\/#organization\"},\"potentialAction\":[{\"@type\":\"SearchAction\",\"target\":{\"@type\":\"EntryPoint\",\"urlTemplate\":\"https:\/\/lascriticas.com\/?s={search_term_string}\"},\"query-input\":{\"@type\":\"PropertyValueSpecification\",\"valueRequired\":true,\"valueName\":\"search_term_string\"}}],\"inLanguage\":\"es\"},{\"@type\":\"Organization\",\"@id\":\"https:\/\/lascriticas.com\/#organization\",\"name\":\"Las Cr\u00edticas\",\"url\":\"https:\/\/lascriticas.com\/\",\"logo\":{\"@type\":\"ImageObject\",\"inLanguage\":\"es\",\"@id\":\"https:\/\/lascriticas.com\/#\/schema\/logo\/image\/\",\"url\":\"https:\/\/lascriticas.com\/wp-content\/uploads\/2016\/09\/Las-Cr\u00edticas.png\",\"contentUrl\":\"https:\/\/lascriticas.com\/wp-content\/uploads\/2016\/09\/Las-Cr\u00edticas.png\",\"width\":372,\"height\":201,\"caption\":\"Las Cr\u00edticas\"},\"image\":{\"@id\":\"https:\/\/lascriticas.com\/#\/schema\/logo\/image\/\"},\"sameAs\":[\"https:\/\/www.facebook.com\/lascriticas\/\",\"https:\/\/x.com\/LasCriticas_com\",\"https:\/\/www.instagram.com\/lascriticas_com\/\",\"https:\/\/www.youtube.com\/channel\/UCd7r-H6EJA4sSXGLX33_iHQ\"]},{\"@type\":\"Person\",\"@id\":\"https:\/\/lascriticas.com\/#\/schema\/person\/43fc658671400a655a1d14e897a42a1a\",\"name\":\"Lisette Balabarca Fataccioli\",\"image\":{\"@type\":\"ImageObject\",\"inLanguage\":\"es\",\"@id\":\"https:\/\/lascriticas.com\/#\/schema\/person\/image\/\",\"url\":\"https:\/\/secure.gravatar.com\/avatar\/73e4e916791f80477a37ab5ee39bdd0c?s=96&d=mm&r=g\",\"contentUrl\":\"https:\/\/secure.gravatar.com\/avatar\/73e4e916791f80477a37ab5ee39bdd0c?s=96&d=mm&r=g\",\"caption\":\"Lisette Balabarca Fataccioli\"},\"url\":\"https:\/\/lascriticas.com\/index.php\/author\/lisette-balabarca-fataccioli\/\"}]}<\/script>\n<!-- \/ Yoast SEO plugin. -->","yoast_head_json":{"title":"Temporada de\u00a0huracanes, de Fernanda Melchor - Las Cr\u00edticas","description":"En Temporada de huracanes, Fernanda Melchor escribe un relato que combina amores secretos y\u00a0odios apasionados, dolor, violencia extrema y desamparo.","robots":{"index":"index","follow":"follow","max-snippet":"max-snippet:-1","max-image-preview":"max-image-preview:large","max-video-preview":"max-video-preview:-1"},"canonical":"https:\/\/lascriticas.com\/index.php\/2018\/09\/05\/temporada-de-huracanes-de-fernanda-melchor\/","og_locale":"es_ES","og_type":"article","og_title":"Temporada de\u00a0huracanes, de Fernanda Melchor - Las Cr\u00edticas","og_description":"En Temporada de huracanes, Fernanda Melchor escribe un relato que combina amores secretos y\u00a0odios apasionados, dolor, violencia extrema y desamparo.","og_url":"https:\/\/lascriticas.com\/index.php\/2018\/09\/05\/temporada-de-huracanes-de-fernanda-melchor\/","og_site_name":"Las Cr\u00edticas","article_publisher":"https:\/\/www.facebook.com\/lascriticas\/","article_published_time":"2018-09-05T21:10:55+00:00","og_image":[{"width":3061,"height":1502,"url":"https:\/\/lascriticas.com\/wp-content\/uploads\/2018\/09\/Fernanda-Melchor.jpg","type":"image\/jpeg"}],"author":"Lisette Balabarca Fataccioli","twitter_card":"summary_large_image","twitter_creator":"@LasCriticas_com","twitter_site":"@LasCriticas_com","twitter_misc":{"Escrito por":"Lisette Balabarca Fataccioli","Tiempo de lectura":"5 minutos"},"schema":{"@context":"https:\/\/schema.org","@graph":[{"@type":"Article","@id":"https:\/\/lascriticas.com\/index.php\/2018\/09\/05\/temporada-de-huracanes-de-fernanda-melchor\/#article","isPartOf":{"@id":"https:\/\/lascriticas.com\/index.php\/2018\/09\/05\/temporada-de-huracanes-de-fernanda-melchor\/"},"author":{"name":"Lisette Balabarca Fataccioli","@id":"https:\/\/lascriticas.com\/#\/schema\/person\/43fc658671400a655a1d14e897a42a1a"},"headline":"Temporada de\u00a0huracanes, de Fernanda Melchor","datePublished":"2018-09-05T21:10:55+00:00","dateModified":"2018-09-05T21:10:55+00:00","mainEntityOfPage":{"@id":"https:\/\/lascriticas.com\/index.php\/2018\/09\/05\/temporada-de-huracanes-de-fernanda-melchor\/"},"wordCount":1055,"commentCount":1,"publisher":{"@id":"https:\/\/lascriticas.com\/#organization"},"image":{"@id":"https:\/\/lascriticas.com\/index.php\/2018\/09\/05\/temporada-de-huracanes-de-fernanda-melchor\/#primaryimage"},"thumbnailUrl":"https:\/\/lascriticas.com\/wp-content\/uploads\/2018\/09\/Fernanda-Melchor.jpg","keywords":["crimen","dolor","homofobia","homosexualidad","lenguaje","machismo","M\u00e9xico","novela mexicana","novela negra","pobreza","violaci\u00f3n","violencia"],"articleSection":["Ficci\u00f3n","Rese\u00f1as"],"inLanguage":"es","potentialAction":[{"@type":"CommentAction","name":"Comment","target":["https:\/\/lascriticas.com\/index.php\/2018\/09\/05\/temporada-de-huracanes-de-fernanda-melchor\/#respond"]}]},{"@type":"WebPage","@id":"https:\/\/lascriticas.com\/index.php\/2018\/09\/05\/temporada-de-huracanes-de-fernanda-melchor\/","url":"https:\/\/lascriticas.com\/index.php\/2018\/09\/05\/temporada-de-huracanes-de-fernanda-melchor\/","name":"Temporada de\u00a0huracanes, de Fernanda Melchor - Las Cr\u00edticas","isPartOf":{"@id":"https:\/\/lascriticas.com\/#website"},"primaryImageOfPage":{"@id":"https:\/\/lascriticas.com\/index.php\/2018\/09\/05\/temporada-de-huracanes-de-fernanda-melchor\/#primaryimage"},"image":{"@id":"https:\/\/lascriticas.com\/index.php\/2018\/09\/05\/temporada-de-huracanes-de-fernanda-melchor\/#primaryimage"},"thumbnailUrl":"https:\/\/lascriticas.com\/wp-content\/uploads\/2018\/09\/Fernanda-Melchor.jpg","datePublished":"2018-09-05T21:10:55+00:00","dateModified":"2018-09-05T21:10:55+00:00","description":"En Temporada de huracanes, Fernanda Melchor escribe un relato que combina amores secretos y\u00a0odios apasionados, dolor, violencia extrema y desamparo.","breadcrumb":{"@id":"https:\/\/lascriticas.com\/index.php\/2018\/09\/05\/temporada-de-huracanes-de-fernanda-melchor\/#breadcrumb"},"inLanguage":"es","potentialAction":[{"@type":"ReadAction","target":["https:\/\/lascriticas.com\/index.php\/2018\/09\/05\/temporada-de-huracanes-de-fernanda-melchor\/"]}]},{"@type":"ImageObject","inLanguage":"es","@id":"https:\/\/lascriticas.com\/index.php\/2018\/09\/05\/temporada-de-huracanes-de-fernanda-melchor\/#primaryimage","url":"https:\/\/lascriticas.com\/wp-content\/uploads\/2018\/09\/Fernanda-Melchor.jpg","contentUrl":"https:\/\/lascriticas.com\/wp-content\/uploads\/2018\/09\/Fernanda-Melchor.jpg","width":3061,"height":1502},{"@type":"BreadcrumbList","@id":"https:\/\/lascriticas.com\/index.php\/2018\/09\/05\/temporada-de-huracanes-de-fernanda-melchor\/#breadcrumb","itemListElement":[{"@type":"ListItem","position":1,"name":"Inicio","item":"https:\/\/lascriticas.com\/"},{"@type":"ListItem","position":2,"name":"Temporada de\u00a0huracanes, de Fernanda Melchor"}]},{"@type":"WebSite","@id":"https:\/\/lascriticas.com\/#website","url":"https:\/\/lascriticas.com\/","name":"Las Cr\u00edticas","description":"Cr\u00edtica literaria hecha por mujeres","publisher":{"@id":"https:\/\/lascriticas.com\/#organization"},"potentialAction":[{"@type":"SearchAction","target":{"@type":"EntryPoint","urlTemplate":"https:\/\/lascriticas.com\/?s={search_term_string}"},"query-input":{"@type":"PropertyValueSpecification","valueRequired":true,"valueName":"search_term_string"}}],"inLanguage":"es"},{"@type":"Organization","@id":"https:\/\/lascriticas.com\/#organization","name":"Las Cr\u00edticas","url":"https:\/\/lascriticas.com\/","logo":{"@type":"ImageObject","inLanguage":"es","@id":"https:\/\/lascriticas.com\/#\/schema\/logo\/image\/","url":"https:\/\/lascriticas.com\/wp-content\/uploads\/2016\/09\/Las-Cr\u00edticas.png","contentUrl":"https:\/\/lascriticas.com\/wp-content\/uploads\/2016\/09\/Las-Cr\u00edticas.png","width":372,"height":201,"caption":"Las Cr\u00edticas"},"image":{"@id":"https:\/\/lascriticas.com\/#\/schema\/logo\/image\/"},"sameAs":["https:\/\/www.facebook.com\/lascriticas\/","https:\/\/x.com\/LasCriticas_com","https:\/\/www.instagram.com\/lascriticas_com\/","https:\/\/www.youtube.com\/channel\/UCd7r-H6EJA4sSXGLX33_iHQ"]},{"@type":"Person","@id":"https:\/\/lascriticas.com\/#\/schema\/person\/43fc658671400a655a1d14e897a42a1a","name":"Lisette Balabarca Fataccioli","image":{"@type":"ImageObject","inLanguage":"es","@id":"https:\/\/lascriticas.com\/#\/schema\/person\/image\/","url":"https:\/\/secure.gravatar.com\/avatar\/73e4e916791f80477a37ab5ee39bdd0c?s=96&d=mm&r=g","contentUrl":"https:\/\/secure.gravatar.com\/avatar\/73e4e916791f80477a37ab5ee39bdd0c?s=96&d=mm&r=g","caption":"Lisette Balabarca Fataccioli"},"url":"https:\/\/lascriticas.com\/index.php\/author\/lisette-balabarca-fataccioli\/"}]}},"_links":{"self":[{"href":"https:\/\/lascriticas.com\/index.php\/wp-json\/wp\/v2\/posts\/2459"}],"collection":[{"href":"https:\/\/lascriticas.com\/index.php\/wp-json\/wp\/v2\/posts"}],"about":[{"href":"https:\/\/lascriticas.com\/index.php\/wp-json\/wp\/v2\/types\/post"}],"author":[{"embeddable":true,"href":"https:\/\/lascriticas.com\/index.php\/wp-json\/wp\/v2\/users\/61"}],"replies":[{"embeddable":true,"href":"https:\/\/lascriticas.com\/index.php\/wp-json\/wp\/v2\/comments?post=2459"}],"version-history":[{"count":9,"href":"https:\/\/lascriticas.com\/index.php\/wp-json\/wp\/v2\/posts\/2459\/revisions"}],"predecessor-version":[{"id":2476,"href":"https:\/\/lascriticas.com\/index.php\/wp-json\/wp\/v2\/posts\/2459\/revisions\/2476"}],"wp:featuredmedia":[{"embeddable":true,"href":"https:\/\/lascriticas.com\/index.php\/wp-json\/wp\/v2\/media\/2473"}],"wp:attachment":[{"href":"https:\/\/lascriticas.com\/index.php\/wp-json\/wp\/v2\/media?parent=2459"}],"wp:term":[{"taxonomy":"category","embeddable":true,"href":"https:\/\/lascriticas.com\/index.php\/wp-json\/wp\/v2\/categories?post=2459"},{"taxonomy":"post_tag","embeddable":true,"href":"https:\/\/lascriticas.com\/index.php\/wp-json\/wp\/v2\/tags?post=2459"}],"curies":[{"name":"wp","href":"https:\/\/api.w.org\/{rel}","templated":true}]}}