{"id":2381,"date":"2018-07-03T11:27:28","date_gmt":"2018-07-03T09:27:28","guid":{"rendered":"http:\/\/lascriticas.com\/?p=2381"},"modified":"2021-08-06T23:24:29","modified_gmt":"2021-08-06T21:24:29","slug":"entrevista-a-karina-pacheco","status":"publish","type":"post","link":"https:\/\/lascriticas.com\/index.php\/2018\/07\/03\/entrevista-a-karina-pacheco\/","title":{"rendered":"Entrevista a Karina Pacheco"},"content":{"rendered":"<h2><i>\u201cLo social y lo pol\u00edtico son temas que me tocan y que he explorado y sentido cerca desde diferentes niveles\u201d<\/i><\/h2>\n<p style=\"text-align: justify;\"><span style=\"font-family: 'trebuchet ms', geneva, sans-serif; font-size: 20px;\">La escritora y poeta Patricia Colchado entrevista a la novelista peruana Karina Pacheco acerca de su obra y su trabajo creativo.<\/span><\/p>\n<h4 style=\"text-align: justify;\"><b style=\"font-size: 16px;\">\u00bfQu\u00e9 lecturas y experiencias estimularon la escritura de tu primera novela <i>La voluntad del molle<\/i>?<\/b><\/h4>\n<p style=\"text-align: justify;\"><span style=\"font-size: 16px;\">Experiencias de tipo personal, as\u00ed como mis lecturas antropol\u00f3gicas y literarias de la violencia pol\u00edtica en el Per\u00fa y Am\u00e9rica Latina. En el primer caso, al volver al Per\u00fa a fines de 2004, despu\u00e9s de nueve a\u00f1os de vida en Espa\u00f1a, me reencontr\u00e9 con algo que ya conoc\u00eda pero que ahora observaba con mayor esc\u00e1ndalo: la naturalidad con la que, en las diferentes esferas de la vida peruana, se ejerce y asume el racismo, la desigualdad m\u00e1s grosera y el abuso de poder. Respecto a las lecturas antropol\u00f3gicas, hab\u00eda trabajado y tenido mucho inter\u00e9s por los asuntos vinculados al racismo, la violencia pol\u00edtica y la construcci\u00f3n de imaginarios, valores sociales e identidades; pero a la hora de abordar aquello que me chocaba en ese retorno, me daba cuenta de que el lenguaje acad\u00e9mico me constre\u00f1\u00eda. Y estaba la literatura. No ha sido parte de mi formaci\u00f3n universitaria pero siempre ha sido una presencia esencial en mi vida. Una de mis preferencias ha sido la literatura que a trav\u00e9s de temas \u00edntimos enfoca tambi\u00e9n realidades e historias m\u00e1s amplias. Solo el lenguaje de la literatura era v\u00e1lido para indagar y expresar todo aquello. As\u00ed surgi\u00f3 <i>La voluntad del molle.<\/i><\/span><\/p>\n<h4 style=\"text-align: justify;\"><b>Las relaciones y secretos familiares son una constante en tu po\u00e9tica. Pienso en \u00abCabeza y orqu\u00eddeas\u00bb o en \u00abLa sangre, el polvo, la nieve\u00bb. \u00bfA qu\u00e9 se debe?<\/b><\/h4>\n<p style=\"text-align: justify;\"><span style=\"font-size: 16px;\">No ha sido una elecci\u00f3n deliberada, as\u00ed que no s\u00e9 si pueda responder bien a tu pregunta. Es, sin embargo, algo que ya en varias ocasiones me han hecho notar. Quiz\u00e1s se debe a que a lo largo de mi vida, tanto como oyente de historias personales o como antrop\u00f3loga, en el relato grande de las cosas que la gente comparte con naturalidad o sin miedo, me ha llamado la atenci\u00f3n e incluso perturbado los silencios y cambios de tema, lo que no se dice pero flota en el aire, o finalmente el descubrimiento de secretos que han sido guardados durante a\u00f1os, a veces durante generaciones. Por lo general, los secretos se guardan para encubrir situaciones que averg\u00fcenzan o que son prohibidas por la sociedad, o a veces para proteger a los seres queridos del dolor ocasionado por verg\u00fcenzas o humillaciones sufridas, aun de manera injusta; por tanto, esos grandes secretos casi siempre suponen tragedias \u00edntimas de una densidad inquietante, y no pocas veces est\u00e1n enlazadas a opresiones, prejuicios o violencias que abarcan al conjunto mayor de la sociedad. Esto, en literatura, da mucho para explorar y expresar.<\/span><\/p>\n<h4 style=\"text-align: justify;\"><b>La desaparici\u00f3n y la ausencia son otros temas recurrentes en tu narrativa.<\/b><\/h4>\n<p style=\"text-align: justify;\"><span style=\"font-size: 16px;\">La desaparici\u00f3n de una persona, como pudiera ser tambi\u00e9n la del mundo que conocimos (pienso, por ejemplo, en la Espa\u00f1a de los exiliados republicanos, la Siria, la Venezuela o el Afganist\u00e1n que a\u00f1os atr\u00e1s conocieron los migrantes que huyen de pa\u00edses tan devastados que nunca volver\u00e1n a ser lo que fueron) deja a los que se van y quedan con muchas preguntas, culpas, la nostalgia de lo que no podr\u00e1 ser m\u00e1s (esa \u00abmemoria del bien perdido\u00bb, acu\u00f1ada por el Inca Garcilaso de la Vega para referirse al mundo inca desaparecido, frase que da t\u00edtulo a un gran libro de Max Hern\u00e1ndez). De otro lado, las ausencias tambi\u00e9n nos conforman; casi siempre pensamos en qu\u00e9 o qui\u00e9nes han influido en nuestras vidas o en lo que hacemos; pero si observamos con detenimiento, veremos que lo que falta, lo que por distintos motivos fue arrancado de nuestras vidas, tambi\u00e9n puede determinar mucho del rumbo que seguimos, de la mirada con la que enfocamos el mundo. Desaparici\u00f3n y ausencia, no s\u00e9 por qu\u00e9, son dos constantes que me atraviesan hondamente y por tanto se expresan en mis libros.<\/span><\/p>\n<h4><img loading=\"lazy\" decoding=\"async\" class=\"alignnone size-full wp-image-2391\" src=\"https:\/\/lascriticas.com\/wp-content\/uploads\/2018\/06\/Libros-Autora-KPacheco.jpg\" alt=\"\" width=\"4128\" height=\"2322\" srcset=\"https:\/\/lascriticas.com\/wp-content\/uploads\/2018\/06\/Libros-Autora-KPacheco.jpg 4128w, https:\/\/lascriticas.com\/wp-content\/uploads\/2018\/06\/Libros-Autora-KPacheco-500x280.jpg 500w, https:\/\/lascriticas.com\/wp-content\/uploads\/2018\/06\/Libros-Autora-KPacheco-768x432.jpg 768w\" sizes=\"(max-width: 4128px) 100vw, 4128px\" \/><\/h4>\n<h4 style=\"text-align: justify;\"><b>Tus novelas tienen como protagonistas a mujeres luchadoras, rebeldes, decididas, como Coralia en <i>El bosque de tu nombre<\/i> o Aira en <i>Las orillas del aire<\/i>. Consideras que hay una necesidad, una preocupaci\u00f3n -de las escritoras, m\u00e1s que de los escritores peruanos- por crear personajes femeninos fuertes, por dejar atr\u00e1s el papel sumiso, secundario de la mujer, como se le acostumbraba a presentarla?<\/b><\/h4>\n<p style=\"text-align: justify;\"><span style=\"font-size: 16px;\">Desde el siglo XIX en que aparecen las primeras novelas peruanas y hasta bien avanzado el siglo XX la tendencia general en la narrativa peruana, escrita en gran medida por varones, fue construir personajes femeninos muy marcados por estereotipos, sea la mujer pasiva que cuida o acata la tragedia -sin lo que hoy denominamos \u00abagencia\u00bb propia-, la <i>femme fatale<\/i> que seduce y entrampa a trav\u00e9s del sexo, o la villana y la chismosa. La complejidad en los personajes femeninos solo aparece excepcionalmente. Ese es un punto a favor en mucha de la literatura escrita por mujeres desde el pasado hasta hoy, no se cae en el estereotipo f\u00e1cil de los personajes masculinos y se presenta personajes femeninos m\u00e1s complejos y diversos. Yo trato tambi\u00e9n de explorar en esos otros caracteres, y no como una idealizaci\u00f3n, sino porque a lo largo de mi vida he conocido personajes as\u00ed. La literatura es ficci\u00f3n, pero debe expresar una realidad o sus met\u00e1foras, no sus estereotipos; salvo que nuestra intenci\u00f3n manifiesta sea escribir s\u00e1tiras o comedias.<\/span><\/p>\n<h4 style=\"text-align: justify;\"><b>Ya que hemos mencionado \u00abLas orillas del aire\u00bb, tu \u00faltima novela, \u00bfc\u00f3mo la ubicas dentro de tu producci\u00f3n literaria?<\/b><\/h4>\n<p style=\"text-align: justify;\"><span style=\"font-size: 16px;\">Es la novela cuyas semillas estuvieron por m\u00e1s tiempo plantadas y acaso es la que sintetiza m\u00e1s varios asuntos que me invitan a una exploraci\u00f3n contante: memorias sangrantes \u00edntimas y colectivas, desaparici\u00f3n y ausencia, la naturaleza y la historia como escenarios o personajes significativos. La imagen de ese r\u00edo de silencio que sobrevino tras el shock de Fujimori en 1990 y nos pulveriz\u00f3 como sociedad decente, la vi directamente y me persegu\u00eda. La ausencia de la mujer que desaparece en un lago y todas las consecuencias que deja en la vida de sus hijos (una que se acomoda al privilegio que le toca, el otro que construye su vida en oposici\u00f3n al autoritarismo paterno); y la exploraci\u00f3n de una arque\u00f3loga en la selva que va construyendo su identidad y su historia familiar a trav\u00e9s de los reflejos que halla en fragmentos de restos precolombinos, en las memorias que le son relatadas por gentes que pertenecieron a mundos en extinci\u00f3n, o por el contacto mismo de su cuerpo con esos escenarios tan intensos y radicalmente distintos a los de su vida urbana: la selva, el r\u00edo, las monta\u00f1as.<\/span><\/p>\n<h4 style=\"text-align: justify;\"><b>Tu novela <i>El bosque de tu nombre<\/i> est\u00e1 ambientada durante los a\u00f1os del conflicto armado interno en Guatemala. \u00bfQu\u00e9 fuentes hist\u00f3ricas y sociol\u00f3gicas te ayudaron en la elaboraci\u00f3n de este libro y qu\u00e9 te motivo a escribirlo?<\/b><\/h4>\n<p style=\"text-align: justify;\"><span style=\"font-size: 16px;\">La primera motivaci\u00f3n, imagino, vino mucho antes de que empezara a escribir literatura. Ocurri\u00f3 cuando descubr\u00ed que el horror y la impunidad de la violencia pol\u00edtica en Guatemala superaba con creces, tanto en t\u00e9rminos de muertos como en la sevicia cometida, a todo lo sufrido en otros pa\u00edses de Am\u00e9rica Latina, y que adem\u00e1s fue ah\u00ed donde se experimentaron muchos de los m\u00e9todos represivos que luego se extender\u00edan por el continente. Me qued\u00e9 pasmada y empec\u00e9 a prestar mayor atenci\u00f3n a las noticias que llegaran de Guatemala. M\u00e1s adelante, cuando trabajaba en Espa\u00f1a, en medio de la organizaci\u00f3n de unos seminarios sobre comisiones de la verdad y la protecci\u00f3n de defensores de derechos humanos en Am\u00e9rica Latina, saltaba a la vista que Guatemala, ya concluido el conflicto armado, segu\u00eda terriblemente azotada por la impunidad y otros tipos de violencia. Todo ello me dejaba cargada de preguntas. Una de ellas es \u00bfc\u00f3mo sobrevive alguien que ha sufrido la p\u00e9rdida en condiciones de horror de un ser querido? Si yo, que no lo viv\u00ed de cerca, me sent\u00eda estremecida y aterrada por esa historia, \u00bfc\u00f3mo la viv\u00edan quienes la han sobrevivido de cerca? El a\u00f1o 2009 estaba de vuelta en Madrid y se me ocurri\u00f3 que deb\u00eda escribir un cuento largo que explorase el asunto; mientras avanzaba las primeras p\u00e1ginas me di cuenta que necesitaba documentarme m\u00e1s y que aquello ser\u00eda un novela. Renunci\u00e9 a dos trabajos y me dediqu\u00e9 de lleno a investigar en documentos hist\u00f3ricos y literarios relevantes en la Biblioteca Nacional de Madrid, tambi\u00e9n escrib\u00ed un primer borrador. M\u00e1s adelante renunci\u00e9 a otro trabajo para poder profundizar m\u00e1s en la documentaci\u00f3n para la novela y el a\u00f1o 2012 pas\u00e9 una temporada larga acudiendo a la Green Library de la Universidad de Stanford. Parad\u00f3jicamente, cuanto m\u00e1s ahondaba en el tema, m\u00e1s tem\u00eda pasar un tiempo en Guatemala, viajando como mujer sola, con pocos contactos all\u00ed. Pero una vez que lo hice, me di cuenta de algo dif\u00edcil de expresar con palabras: los lugares que han albergado y todav\u00eda albergan tanto dolor e injusticias hist\u00f3ricas, tambi\u00e9n dan lugar (de manera para m\u00ed inexplicable) a una cantidad impresionante de gente buena, valerosa, que sigue apostando por la vida, por la justicia y la reparaci\u00f3n de las heridas. De todas maneras, la novela est\u00e1 escrita desde la voz de un narrador que vive en Londres, hijo de un exiliado guatemalteco de las primeras generaciones (a\u00f1os 60); de esa manera pod\u00eda abordar un relato que se aproximara a mi experiencia de narradora que escribe desde una distancia temporal y geogr\u00e1fica.<\/span><\/p>\n<h4 style=\"text-align: justify;\"><b>En tus novelas abordas la problem\u00e1tica pol\u00edtica y social de nuestro pa\u00eds. \u00bfPiensas que la literatura debe servir como medio de denuncia?<\/b><\/h4>\n<p style=\"text-align: justify;\"><span style=\"font-size: 16px;\">Yo creo que la literatura es libertad y no debe ser redirigida a ning\u00fan fin. Debe nutrirse de autoexigencia en honor a las palabras mismas, pero tambi\u00e9n de pasi\u00f3n por lo que una hace. Yo escribo sobre temas que me apasionan, inquietan, mueven y conmueven. Lo social y lo pol\u00edtico son temas que me tocan y que he explorado y sentido cerca desde diferentes niveles.<\/span><\/p>\n<h4 style=\"text-align: justify;\"><b>Tus cuentos \u00abAlma alga\u00bb, \u00abEl violinista de las monta<\/b><b>\u00f1<\/b><b>as, \u00abPiel de oso\u00bb se inscriben dentro del realismo m\u00e1gico. Desde tu mirada de antrop\u00f3loga,\u00a0 \u00bfpor qu\u00e9 son importantes los mitos?<\/b><\/h4>\n<p style=\"text-align: justify;\"><span style=\"font-size: 16px;\">Yo los inscribir\u00e1 m\u00e1s dentro del campo de la \u00abmitoliteratura\u00bb (por inventarme un t\u00e9rmino, si es que no existe ya); ese que le da vueltas de tuerca a mitos ya conocidos, o inventa mitos inexistentes con el lenguaje de los antiguos. M\u00e1s que como antrop\u00f3loga, podr\u00eda decir que desde ni\u00f1a he sentido una fascinaci\u00f3n por la mitolog\u00eda del mundo; por la diversidad asombrosa con la que los seres humanos han dado respuestas y explicaciones al origen de las cosas. Y el mito tiene ese fuerza: procedente de sociedades muy distintas y\/o de tiempos inmemoriales, parece guardar la esencia de quienes exploraron en esas preguntas por primera vez y se mantiene en el tiempo como una suerte de or\u00e1culo que no te da una respuesta concreta: s\u00ed o no, esto o aquello; por el contrario, sugiere, y la sugerencia es un campo abierto para el vuelo literario; es tambi\u00e9n una invitaci\u00f3n a indagar en el mismo lenguaje. Yo encuentro en los mitos mucho de poes\u00eda.<\/span><\/p>\n<h4 style=\"text-align: justify;\"><b>\u00bfPercibes una tendencia predominante en la narrativa peruana actual?<\/b><\/h4>\n<p style=\"text-align: justify;\"><span style=\"font-size: 16px;\">Como tendencia actual, me parece distinguir una narrativa m\u00e1s urbana e inscrita en el presente. Todo esto con voces y estilos diversos, uno de los predominantes hoy es el de la \u00abautoficci\u00f3n\u00bb.<\/span><\/p>\n<h4 style=\"text-align: justify;\"><b>\u00bfC\u00f3mo surgi\u00f3 la idea de crear tu propio sello editorial?<\/b><\/h4>\n<p style=\"text-align: justify;\"><span style=\"font-size: 16px;\">Por amor al arte y por una apuesta por la descentralizaci\u00f3n. Me dedico cada vez m\u00e1s a la literatura, pero como lectora no dejo de amar la historia y la antropolog\u00eda. Crear una editorial con estas tres l\u00edneas permit\u00eda y permite enlazarlas en algo tan quijotesco en el Per\u00fa como es la edici\u00f3n y publicaci\u00f3n de libros con calidad est\u00e9tica y de contenidos. Hacerlo desde mi ciudad, el Cusco, que ha tenido una rica tradici\u00f3n de publicaciones que hoy se ha reducido mucho, significa igualmente aportar, no solo con palabras, a la tan necesaria descentralizaci\u00f3n del imaginario (tambi\u00e9n cultural) peruano. No es sencillo porque no podemos sustentarnos de la labor editorial. Por ello mismo publicamos pocos libros al a\u00f1o, pero nos preocupa que cada uno de ellos ofrezca contenidos de gran calidad, en el dise\u00f1o de sus portadas siempre han participado amigos del mundo del arte, y en el proceso de edici\u00f3n hemos entablado relaciones muy ricas con las y los autores. Esa es, sin duda, la mayor ganancia, algo que no se mide con dinero.<\/span><\/p>\n<h4 style=\"text-align: justify;\"><b>\u00bfCu\u00e1l es la l\u00ednea editorial de <a href=\"https:\/\/www.facebook.com\/CequesEditores\/\">Ceques<\/a>? \u00bfY c\u00f3mo ves el mercado editorial en el Per\u00fa?<\/b><\/h4>\n<p style=\"text-align: justify;\"><span style=\"font-size: 16px;\">Literatura, historia y antropolog\u00eda andino-amaz\u00f3nica.<\/span><\/p>\n<p style=\"text-align: justify;\"><span style=\"font-size: 16px;\">La irrupci\u00f3n de las editoriales independientes ha enriquecido profunda y extensamente la oferta editorial en el Per\u00fa; pero los obst\u00e1culos son muchos, por un lado, los \u00edndices de lectura son muy bajos en nuestro pa\u00eds y la mayor\u00eda de lectores piensa que el costo de un libro es papel y tinta (muchos autores noveles confunden incluso editorial con imprenta) y desconoce todo el trabajo de los autores, de los editores y dise\u00f1adores, de las pruebas, de los altos porcentajes que debemos pagar a distribuidores o librer\u00edas. Adem\u00e1s, a mayor tiraje, m\u00e1s bajo el costo final de un libro. Pero los altos tirajes solo se los pueden permitir las grandes editoriales; en el caso de las peque\u00f1as, por lo general son tirajes de 500 ejemplares que demoran en ser vendidos, ello hace que el costo de impresi\u00f3n por libro sea bastante m\u00e1s alto y que el p\u00fablico se decante por otros libros m\u00e1s comerciales y de bajo coste.<\/span><\/p>\n<h4 style=\"text-align: justify;\"><b>Finalmente, Karina, \u00bfen qu\u00e9 proyectos literarios y\/o editoriales vienes trabajando?<\/b><\/h4>\n<p style=\"text-align: justify;\"><span style=\"font-size: 16px;\">Para septiembre u octubre de este a\u00f1o est\u00e1 prevista la publicaci\u00f3n de mi nuevo libro de cuentos, con la caracter\u00edstica de los anteriores (diversidad de temas y voces, algunos\u00a0 con ese toque de \u00abmitoliteratura\u00bb). De otro lado, desde el a\u00f1o pasado he estado investigando, sobre todo en hemerotecas y mediante entrevistas, sobre el Per\u00fa y el Cusco de inicios de los a\u00f1os ochenta, para una nueva novela cuyas primeras p\u00e1ginas ya he empezado a escribir.<\/span><\/p>\n<p style=\"text-align: justify;\"><span style=\"font-size: 16px;\">En Ceques, la editorial, me he tomado este a\u00f1o sab\u00e1tico para poder abordar trabajos remunerados, un viaje so\u00f1ado y tener m\u00e1s tiempo para avanzar con la nueva novela. De todas maneras, en agosto publicaremos una nueva edici\u00f3n ampliada y revisada de un libro agotado hace mucho y bastante pertinente para esta \u00e9poca donde lo femenino en la literatura se abre como un abanico: <i>El abanico y la cigarrera. La primera generaci\u00f3n de mujeres ilustradas en el Per\u00fa, <\/i>de Francesca Denegri, que traer\u00e1 un pr\u00f3logo de Ana Peluffo y un ep\u00edlogo de la autora. Tambi\u00e9n estamos participando en la organizaci\u00f3n del I Congreso Internacional \u00abClorinda Matto de Turner\u00bb, que se realizar\u00e1 en el Cusco en noviembre de 2018.<\/span><\/p>\n<p style=\"text-align: right;\"><span style=\"font-size: 16px;\">Cusco, 9 de junio de 2018.<\/span><\/p>\n<hr \/>\n<p style=\"text-align: justify;\"><span style=\"font-family: 'trebuchet ms', geneva, sans-serif; font-size: 16px;\"><strong>Karina Pacheco Medrano<\/strong> es escritora y editora peruana. Es doctora en antropolog\u00eda de Am\u00e9rica y autora de numerosos ensayos en ciencias sociales. Autora de numerosas novelas y libros de cuentos, es una de las narradoras peruanas m\u00e1s destacadas de la actualidad. Dirige la editorial Ceques, vive y escribe en el Cusco.<\/span><\/p>\n<p><span style=\"font-size: 16px;\"><strong><a href=\"https:\/\/lascriticas.com\/index.php\/lascriticas\/patricia-colchado\/\"><span style=\"font-family: 'trebuchet ms', geneva, sans-serif;\">Acerca de Patricia Colchado<\/span><\/a><\/strong><\/span><\/p>\n","protected":false},"excerpt":{"rendered":"<p>\u201cLo social y lo pol\u00edtico son temas que me tocan y que he explorado y sentido cerca desde diferentes niveles\u201d La escritora y poeta Patricia Colchado entrevista a la novelista peruana Karina Pacheco acerca de su obra y su trabajo creativo. \u00bfQu\u00e9 lecturas y experiencias estimularon la escritura de tu primera novela La voluntad del&#8230;<\/p>\n","protected":false},"author":53,"featured_media":2402,"comment_status":"open","ping_status":"open","sticky":false,"template":"","format":"standard","meta":{"footnotes":""},"categories":[143],"tags":[116,56,195,430,435,436,432,434,144,239,100,431,51,412,88,169,163,53,62,129,257,108,433,87],"yoast_head":"<!-- This site is optimized with the Yoast SEO plugin v23.5 - https:\/\/yoast.com\/wordpress\/plugins\/seo\/ -->\n<title>Entrevista a Karina Pacheco - Las Cr\u00edticas<\/title>\n<meta name=\"description\" content=\"\u201cLo social y lo pol\u00edtico son temas que me tocan y que he explorado y sentido cerca desde diferentes niveles\u201d, dice la escritora\" \/>\n<meta name=\"robots\" content=\"index, follow, max-snippet:-1, max-image-preview:large, max-video-preview:-1\" \/>\n<link rel=\"canonical\" href=\"https:\/\/lascriticas.com\/index.php\/2018\/07\/03\/entrevista-a-karina-pacheco\/\" \/>\n<meta property=\"og:locale\" content=\"es_ES\" \/>\n<meta property=\"og:type\" content=\"article\" \/>\n<meta property=\"og:title\" content=\"Entrevista a Karina Pacheco - Las Cr\u00edticas\" \/>\n<meta property=\"og:description\" content=\"\u201cLo social y lo pol\u00edtico son temas que me tocan y que he explorado y sentido cerca desde diferentes niveles\u201d, dice la escritora\" \/>\n<meta property=\"og:url\" content=\"https:\/\/lascriticas.com\/index.php\/2018\/07\/03\/entrevista-a-karina-pacheco\/\" \/>\n<meta property=\"og:site_name\" content=\"Las Cr\u00edticas\" \/>\n<meta property=\"article:publisher\" content=\"https:\/\/www.facebook.com\/lascriticas\/\" \/>\n<meta property=\"article:published_time\" content=\"2018-07-03T09:27:28+00:00\" \/>\n<meta property=\"article:modified_time\" content=\"2021-08-06T21:24:29+00:00\" \/>\n<meta property=\"og:image\" content=\"https:\/\/lascriticas.com\/wp-content\/uploads\/2018\/06\/Karina_ok1.jpg\" \/>\n\t<meta property=\"og:image:width\" content=\"1080\" \/>\n\t<meta property=\"og:image:height\" content=\"530\" \/>\n\t<meta property=\"og:image:type\" content=\"image\/jpeg\" \/>\n<meta name=\"author\" content=\"Patricia Colchado\" \/>\n<meta name=\"twitter:card\" content=\"summary_large_image\" \/>\n<meta name=\"twitter:creator\" content=\"@LasCriticas_com\" \/>\n<meta name=\"twitter:site\" content=\"@LasCriticas_com\" \/>\n<meta name=\"twitter:label1\" content=\"Escrito por\" \/>\n\t<meta name=\"twitter:data1\" content=\"Patricia Colchado\" \/>\n\t<meta name=\"twitter:label2\" content=\"Tiempo de lectura\" \/>\n\t<meta name=\"twitter:data2\" content=\"12 minutos\" \/>\n<script type=\"application\/ld+json\" class=\"yoast-schema-graph\">{\"@context\":\"https:\/\/schema.org\",\"@graph\":[{\"@type\":\"Article\",\"@id\":\"https:\/\/lascriticas.com\/index.php\/2018\/07\/03\/entrevista-a-karina-pacheco\/#article\",\"isPartOf\":{\"@id\":\"https:\/\/lascriticas.com\/index.php\/2018\/07\/03\/entrevista-a-karina-pacheco\/\"},\"author\":{\"name\":\"Patricia Colchado\",\"@id\":\"https:\/\/lascriticas.com\/#\/schema\/person\/e93165aa836a7052f27568b4fd83bdee\"},\"headline\":\"Entrevista a Karina Pacheco\",\"datePublished\":\"2018-07-03T09:27:28+00:00\",\"dateModified\":\"2021-08-06T21:24:29+00:00\",\"mainEntityOfPage\":{\"@id\":\"https:\/\/lascriticas.com\/index.php\/2018\/07\/03\/entrevista-a-karina-pacheco\/\"},\"wordCount\":2715,\"commentCount\":0,\"publisher\":{\"@id\":\"https:\/\/lascriticas.com\/#organization\"},\"image\":{\"@id\":\"https:\/\/lascriticas.com\/index.php\/2018\/07\/03\/entrevista-a-karina-pacheco\/#primaryimage\"},\"thumbnailUrl\":\"https:\/\/lascriticas.com\/wp-content\/uploads\/2018\/06\/Karina_ok1.jpg\",\"keywords\":[\"antropolog\u00eda\",\"cuento\",\"Cusco\",\"cusque\u00f1a\",\"desaparici\u00f3n\",\"discriminaci\u00f3n\",\"edici\u00f3n\",\"empoderamiento\",\"entrevista\",\"escritora\",\"escritura\",\"escritura de mujeres\",\"familia\",\"literatura peruana\",\"mujer\",\"narrativa\",\"naturaleza\",\"novela\",\"Per\u00fa\",\"racismo\",\"secreto\",\"sociedad\",\"sociolog\u00eda\",\"violencia\"],\"articleSection\":[\"Entrevista\"],\"inLanguage\":\"es\",\"potentialAction\":[{\"@type\":\"CommentAction\",\"name\":\"Comment\",\"target\":[\"https:\/\/lascriticas.com\/index.php\/2018\/07\/03\/entrevista-a-karina-pacheco\/#respond\"]}]},{\"@type\":\"WebPage\",\"@id\":\"https:\/\/lascriticas.com\/index.php\/2018\/07\/03\/entrevista-a-karina-pacheco\/\",\"url\":\"https:\/\/lascriticas.com\/index.php\/2018\/07\/03\/entrevista-a-karina-pacheco\/\",\"name\":\"Entrevista a Karina Pacheco - Las Cr\u00edticas\",\"isPartOf\":{\"@id\":\"https:\/\/lascriticas.com\/#website\"},\"primaryImageOfPage\":{\"@id\":\"https:\/\/lascriticas.com\/index.php\/2018\/07\/03\/entrevista-a-karina-pacheco\/#primaryimage\"},\"image\":{\"@id\":\"https:\/\/lascriticas.com\/index.php\/2018\/07\/03\/entrevista-a-karina-pacheco\/#primaryimage\"},\"thumbnailUrl\":\"https:\/\/lascriticas.com\/wp-content\/uploads\/2018\/06\/Karina_ok1.jpg\",\"datePublished\":\"2018-07-03T09:27:28+00:00\",\"dateModified\":\"2021-08-06T21:24:29+00:00\",\"description\":\"\u201cLo social y lo pol\u00edtico son temas que me tocan y que he explorado y sentido cerca desde diferentes niveles\u201d, dice la escritora\",\"breadcrumb\":{\"@id\":\"https:\/\/lascriticas.com\/index.php\/2018\/07\/03\/entrevista-a-karina-pacheco\/#breadcrumb\"},\"inLanguage\":\"es\",\"potentialAction\":[{\"@type\":\"ReadAction\",\"target\":[\"https:\/\/lascriticas.com\/index.php\/2018\/07\/03\/entrevista-a-karina-pacheco\/\"]}]},{\"@type\":\"ImageObject\",\"inLanguage\":\"es\",\"@id\":\"https:\/\/lascriticas.com\/index.php\/2018\/07\/03\/entrevista-a-karina-pacheco\/#primaryimage\",\"url\":\"https:\/\/lascriticas.com\/wp-content\/uploads\/2018\/06\/Karina_ok1.jpg\",\"contentUrl\":\"https:\/\/lascriticas.com\/wp-content\/uploads\/2018\/06\/Karina_ok1.jpg\",\"width\":1080,\"height\":530,\"caption\":\"Karina Pacheco\"},{\"@type\":\"BreadcrumbList\",\"@id\":\"https:\/\/lascriticas.com\/index.php\/2018\/07\/03\/entrevista-a-karina-pacheco\/#breadcrumb\",\"itemListElement\":[{\"@type\":\"ListItem\",\"position\":1,\"name\":\"Inicio\",\"item\":\"https:\/\/lascriticas.com\/\"},{\"@type\":\"ListItem\",\"position\":2,\"name\":\"Entrevista a Karina Pacheco\"}]},{\"@type\":\"WebSite\",\"@id\":\"https:\/\/lascriticas.com\/#website\",\"url\":\"https:\/\/lascriticas.com\/\",\"name\":\"Las Cr\u00edticas\",\"description\":\"Cr\u00edtica literaria hecha por mujeres\",\"publisher\":{\"@id\":\"https:\/\/lascriticas.com\/#organization\"},\"potentialAction\":[{\"@type\":\"SearchAction\",\"target\":{\"@type\":\"EntryPoint\",\"urlTemplate\":\"https:\/\/lascriticas.com\/?s={search_term_string}\"},\"query-input\":{\"@type\":\"PropertyValueSpecification\",\"valueRequired\":true,\"valueName\":\"search_term_string\"}}],\"inLanguage\":\"es\"},{\"@type\":\"Organization\",\"@id\":\"https:\/\/lascriticas.com\/#organization\",\"name\":\"Las Cr\u00edticas\",\"url\":\"https:\/\/lascriticas.com\/\",\"logo\":{\"@type\":\"ImageObject\",\"inLanguage\":\"es\",\"@id\":\"https:\/\/lascriticas.com\/#\/schema\/logo\/image\/\",\"url\":\"https:\/\/lascriticas.com\/wp-content\/uploads\/2016\/09\/Las-Cr\u00edticas.png\",\"contentUrl\":\"https:\/\/lascriticas.com\/wp-content\/uploads\/2016\/09\/Las-Cr\u00edticas.png\",\"width\":372,\"height\":201,\"caption\":\"Las Cr\u00edticas\"},\"image\":{\"@id\":\"https:\/\/lascriticas.com\/#\/schema\/logo\/image\/\"},\"sameAs\":[\"https:\/\/www.facebook.com\/lascriticas\/\",\"https:\/\/x.com\/LasCriticas_com\",\"https:\/\/www.instagram.com\/lascriticas_com\/\",\"https:\/\/www.youtube.com\/channel\/UCd7r-H6EJA4sSXGLX33_iHQ\"]},{\"@type\":\"Person\",\"@id\":\"https:\/\/lascriticas.com\/#\/schema\/person\/e93165aa836a7052f27568b4fd83bdee\",\"name\":\"Patricia Colchado\",\"image\":{\"@type\":\"ImageObject\",\"inLanguage\":\"es\",\"@id\":\"https:\/\/lascriticas.com\/#\/schema\/person\/image\/\",\"url\":\"https:\/\/secure.gravatar.com\/avatar\/a5a6630691142047566805e1f0cad379?s=96&d=mm&r=g\",\"contentUrl\":\"https:\/\/secure.gravatar.com\/avatar\/a5a6630691142047566805e1f0cad379?s=96&d=mm&r=g\",\"caption\":\"Patricia Colchado\"},\"url\":\"https:\/\/lascriticas.com\/index.php\/author\/patricia-colchado\/\"}]}<\/script>\n<!-- \/ Yoast SEO plugin. -->","yoast_head_json":{"title":"Entrevista a Karina Pacheco - Las Cr\u00edticas","description":"\u201cLo social y lo pol\u00edtico son temas que me tocan y que he explorado y sentido cerca desde diferentes niveles\u201d, dice la escritora","robots":{"index":"index","follow":"follow","max-snippet":"max-snippet:-1","max-image-preview":"max-image-preview:large","max-video-preview":"max-video-preview:-1"},"canonical":"https:\/\/lascriticas.com\/index.php\/2018\/07\/03\/entrevista-a-karina-pacheco\/","og_locale":"es_ES","og_type":"article","og_title":"Entrevista a Karina Pacheco - Las Cr\u00edticas","og_description":"\u201cLo social y lo pol\u00edtico son temas que me tocan y que he explorado y sentido cerca desde diferentes niveles\u201d, dice la escritora","og_url":"https:\/\/lascriticas.com\/index.php\/2018\/07\/03\/entrevista-a-karina-pacheco\/","og_site_name":"Las Cr\u00edticas","article_publisher":"https:\/\/www.facebook.com\/lascriticas\/","article_published_time":"2018-07-03T09:27:28+00:00","article_modified_time":"2021-08-06T21:24:29+00:00","og_image":[{"width":1080,"height":530,"url":"https:\/\/lascriticas.com\/wp-content\/uploads\/2018\/06\/Karina_ok1.jpg","type":"image\/jpeg"}],"author":"Patricia Colchado","twitter_card":"summary_large_image","twitter_creator":"@LasCriticas_com","twitter_site":"@LasCriticas_com","twitter_misc":{"Escrito por":"Patricia Colchado","Tiempo de lectura":"12 minutos"},"schema":{"@context":"https:\/\/schema.org","@graph":[{"@type":"Article","@id":"https:\/\/lascriticas.com\/index.php\/2018\/07\/03\/entrevista-a-karina-pacheco\/#article","isPartOf":{"@id":"https:\/\/lascriticas.com\/index.php\/2018\/07\/03\/entrevista-a-karina-pacheco\/"},"author":{"name":"Patricia Colchado","@id":"https:\/\/lascriticas.com\/#\/schema\/person\/e93165aa836a7052f27568b4fd83bdee"},"headline":"Entrevista a Karina Pacheco","datePublished":"2018-07-03T09:27:28+00:00","dateModified":"2021-08-06T21:24:29+00:00","mainEntityOfPage":{"@id":"https:\/\/lascriticas.com\/index.php\/2018\/07\/03\/entrevista-a-karina-pacheco\/"},"wordCount":2715,"commentCount":0,"publisher":{"@id":"https:\/\/lascriticas.com\/#organization"},"image":{"@id":"https:\/\/lascriticas.com\/index.php\/2018\/07\/03\/entrevista-a-karina-pacheco\/#primaryimage"},"thumbnailUrl":"https:\/\/lascriticas.com\/wp-content\/uploads\/2018\/06\/Karina_ok1.jpg","keywords":["antropolog\u00eda","cuento","Cusco","cusque\u00f1a","desaparici\u00f3n","discriminaci\u00f3n","edici\u00f3n","empoderamiento","entrevista","escritora","escritura","escritura de mujeres","familia","literatura peruana","mujer","narrativa","naturaleza","novela","Per\u00fa","racismo","secreto","sociedad","sociolog\u00eda","violencia"],"articleSection":["Entrevista"],"inLanguage":"es","potentialAction":[{"@type":"CommentAction","name":"Comment","target":["https:\/\/lascriticas.com\/index.php\/2018\/07\/03\/entrevista-a-karina-pacheco\/#respond"]}]},{"@type":"WebPage","@id":"https:\/\/lascriticas.com\/index.php\/2018\/07\/03\/entrevista-a-karina-pacheco\/","url":"https:\/\/lascriticas.com\/index.php\/2018\/07\/03\/entrevista-a-karina-pacheco\/","name":"Entrevista a Karina Pacheco - Las Cr\u00edticas","isPartOf":{"@id":"https:\/\/lascriticas.com\/#website"},"primaryImageOfPage":{"@id":"https:\/\/lascriticas.com\/index.php\/2018\/07\/03\/entrevista-a-karina-pacheco\/#primaryimage"},"image":{"@id":"https:\/\/lascriticas.com\/index.php\/2018\/07\/03\/entrevista-a-karina-pacheco\/#primaryimage"},"thumbnailUrl":"https:\/\/lascriticas.com\/wp-content\/uploads\/2018\/06\/Karina_ok1.jpg","datePublished":"2018-07-03T09:27:28+00:00","dateModified":"2021-08-06T21:24:29+00:00","description":"\u201cLo social y lo pol\u00edtico son temas que me tocan y que he explorado y sentido cerca desde diferentes niveles\u201d, dice la escritora","breadcrumb":{"@id":"https:\/\/lascriticas.com\/index.php\/2018\/07\/03\/entrevista-a-karina-pacheco\/#breadcrumb"},"inLanguage":"es","potentialAction":[{"@type":"ReadAction","target":["https:\/\/lascriticas.com\/index.php\/2018\/07\/03\/entrevista-a-karina-pacheco\/"]}]},{"@type":"ImageObject","inLanguage":"es","@id":"https:\/\/lascriticas.com\/index.php\/2018\/07\/03\/entrevista-a-karina-pacheco\/#primaryimage","url":"https:\/\/lascriticas.com\/wp-content\/uploads\/2018\/06\/Karina_ok1.jpg","contentUrl":"https:\/\/lascriticas.com\/wp-content\/uploads\/2018\/06\/Karina_ok1.jpg","width":1080,"height":530,"caption":"Karina Pacheco"},{"@type":"BreadcrumbList","@id":"https:\/\/lascriticas.com\/index.php\/2018\/07\/03\/entrevista-a-karina-pacheco\/#breadcrumb","itemListElement":[{"@type":"ListItem","position":1,"name":"Inicio","item":"https:\/\/lascriticas.com\/"},{"@type":"ListItem","position":2,"name":"Entrevista a Karina Pacheco"}]},{"@type":"WebSite","@id":"https:\/\/lascriticas.com\/#website","url":"https:\/\/lascriticas.com\/","name":"Las Cr\u00edticas","description":"Cr\u00edtica literaria hecha por mujeres","publisher":{"@id":"https:\/\/lascriticas.com\/#organization"},"potentialAction":[{"@type":"SearchAction","target":{"@type":"EntryPoint","urlTemplate":"https:\/\/lascriticas.com\/?s={search_term_string}"},"query-input":{"@type":"PropertyValueSpecification","valueRequired":true,"valueName":"search_term_string"}}],"inLanguage":"es"},{"@type":"Organization","@id":"https:\/\/lascriticas.com\/#organization","name":"Las Cr\u00edticas","url":"https:\/\/lascriticas.com\/","logo":{"@type":"ImageObject","inLanguage":"es","@id":"https:\/\/lascriticas.com\/#\/schema\/logo\/image\/","url":"https:\/\/lascriticas.com\/wp-content\/uploads\/2016\/09\/Las-Cr\u00edticas.png","contentUrl":"https:\/\/lascriticas.com\/wp-content\/uploads\/2016\/09\/Las-Cr\u00edticas.png","width":372,"height":201,"caption":"Las Cr\u00edticas"},"image":{"@id":"https:\/\/lascriticas.com\/#\/schema\/logo\/image\/"},"sameAs":["https:\/\/www.facebook.com\/lascriticas\/","https:\/\/x.com\/LasCriticas_com","https:\/\/www.instagram.com\/lascriticas_com\/","https:\/\/www.youtube.com\/channel\/UCd7r-H6EJA4sSXGLX33_iHQ"]},{"@type":"Person","@id":"https:\/\/lascriticas.com\/#\/schema\/person\/e93165aa836a7052f27568b4fd83bdee","name":"Patricia Colchado","image":{"@type":"ImageObject","inLanguage":"es","@id":"https:\/\/lascriticas.com\/#\/schema\/person\/image\/","url":"https:\/\/secure.gravatar.com\/avatar\/a5a6630691142047566805e1f0cad379?s=96&d=mm&r=g","contentUrl":"https:\/\/secure.gravatar.com\/avatar\/a5a6630691142047566805e1f0cad379?s=96&d=mm&r=g","caption":"Patricia Colchado"},"url":"https:\/\/lascriticas.com\/index.php\/author\/patricia-colchado\/"}]}},"_links":{"self":[{"href":"https:\/\/lascriticas.com\/index.php\/wp-json\/wp\/v2\/posts\/2381"}],"collection":[{"href":"https:\/\/lascriticas.com\/index.php\/wp-json\/wp\/v2\/posts"}],"about":[{"href":"https:\/\/lascriticas.com\/index.php\/wp-json\/wp\/v2\/types\/post"}],"author":[{"embeddable":true,"href":"https:\/\/lascriticas.com\/index.php\/wp-json\/wp\/v2\/users\/53"}],"replies":[{"embeddable":true,"href":"https:\/\/lascriticas.com\/index.php\/wp-json\/wp\/v2\/comments?post=2381"}],"version-history":[{"count":12,"href":"https:\/\/lascriticas.com\/index.php\/wp-json\/wp\/v2\/posts\/2381\/revisions"}],"predecessor-version":[{"id":4630,"href":"https:\/\/lascriticas.com\/index.php\/wp-json\/wp\/v2\/posts\/2381\/revisions\/4630"}],"wp:featuredmedia":[{"embeddable":true,"href":"https:\/\/lascriticas.com\/index.php\/wp-json\/wp\/v2\/media\/2402"}],"wp:attachment":[{"href":"https:\/\/lascriticas.com\/index.php\/wp-json\/wp\/v2\/media?parent=2381"}],"wp:term":[{"taxonomy":"category","embeddable":true,"href":"https:\/\/lascriticas.com\/index.php\/wp-json\/wp\/v2\/categories?post=2381"},{"taxonomy":"post_tag","embeddable":true,"href":"https:\/\/lascriticas.com\/index.php\/wp-json\/wp\/v2\/tags?post=2381"}],"curies":[{"name":"wp","href":"https:\/\/api.w.org\/{rel}","templated":true}]}}