{"id":1741,"date":"2019-11-21T22:42:34","date_gmt":"2019-11-21T21:42:34","guid":{"rendered":"http:\/\/lascriticas.com\/?p=1741"},"modified":"2021-08-06T23:50:28","modified_gmt":"2021-08-06T21:50:28","slug":"otra-lectura-mar-afuera-grecia-caceres","status":"publish","type":"post","link":"https:\/\/lascriticas.com\/index.php\/2019\/11\/21\/otra-lectura-mar-afuera-grecia-caceres\/","title":{"rendered":"Otra lectura de \u00abMar afuera\u00bb, de Grecia C\u00e1ceres"},"content":{"rendered":"<h2>Escribir en tiempos revueltos<\/h2>\n<p style=\"text-align: justify;\"><span style=\"font-size: 16px;\">En tiempos revueltos, dif\u00edcil mantener la atenci\u00f3n despierta y el pulso firme. Y sin embargo <strong>Grecia C\u00e1ceres<\/strong>, que ha publicado m\u00e1s de cuatro novelas y varios libros de poes\u00eda, no flaquea. Esta vez se trata de la novela <strong><i>Mar afuera<\/i><\/strong>, editada por el fondo de la Universidad C\u00e9sar Vallejo, en Lima. Ante una ausencia casi total de cr\u00edtica en el Per\u00fa, las pocas que existen no llegan a formar un cuerpo cr\u00edtico capaz de hacer un seguimiento de autoras y autores, es m\u00e1s predispuesta al marketing que al an\u00e1lisis, son expeditivas, resumen y cuentan. Rara vez ayudan a quienes leen a entender los libros, inscribi\u00e9ndolos en una continuidad hist\u00f3rica de autore.as, incluso se dir\u00eda que la cr\u00edtica no incluye a aquellas autoras que est\u00e1n fuera, de ah\u00ed que el t\u00edtulo de la novela tambi\u00e9n sugiera lo mismo, el mar arroja, como arroja el propio pa\u00eds de origen. Las autoras la mayor parte de las veces son secretas (una ant\u00f3loga norteamericana me cont\u00f3 que cuando se preparaba a hacer una antolog\u00eda peruana, la mayor\u00eda de hombres autores entrevistados no nombr\u00f3 a ninguna mujer, sic), permanecen encerradas bajo cerrojo en una habitaci\u00f3n sin luz, justamente, el \u201ccuarto propio\u201d, aqu\u00ed se trata tambi\u00e9n de eso. No por nada en esta novela el personaje se encuentra cerca a un terreno en obras (un edificio en construcci\u00f3n) y escucha los ruidos que la rodean, observa a los obreros y aprende, o se ve obligada, a tener una conciencia de su propia situaci\u00f3n como mujer, sola y extranjera. Encima pre\u00f1ada precozmente, y m\u00e1s tarde, madre de varios hijos. Creo que cierta opacidad de la historia obedece tambi\u00e9n al esfuerzo de memoria y a la timidez del personaje para verse con nitidez. <strong>Toda mujer es siempre una actriz de segundo orden en el largometraje humano.<\/strong> Un borrador de su existencia como ser humano.<\/span><\/p>\n<p style=\"text-align: justify;\"><span style=\"font-size: 16px;\">Miranda es entonces esa mujer que, a partir de un conjunto de sensaciones y elucubraciones <strong>construye desde los escombros su vida pasada en el Per\u00fa<\/strong>, precisamente en una Lima que se ha transformado a toda velocidad, casi irreconocible para alguien que la visita desde la distancia que da el desarraigo. Solo unos espor\u00e1dicos viajes a la sierra, a la isla Taquile, aparecen como tel\u00f3n de fondo, apenas esbozados en tonos evanescentes. Miranda es tambi\u00e9n una mujer que sigue los movimientos de su vida sin tiempo para organizar una trama (los hijos, el trabajo dom\u00e9stico), una narraci\u00f3n (de ah\u00ed que en el texto aparezcan solo con subt\u00edtulos) y, a fuerza de evocar, se sienta alejada finalmente de su propia tradici\u00f3n. La paradoja es que nunca se separa realmente de ella aliment\u00e1ndola a trav\u00e9s de esos otros rostros extranjeros que viven en Par\u00eds y que son tambi\u00e9n, de alguna manera, desclasados. Las situaciones son muchas veces de novela de aprendizaje sentimental: la ni\u00f1a que descubre su sexualidad, o las ilusiones destruidas de una joven que vive la neurosis de la edad en una Lima que se abre al mundo, en un pa\u00eds dominado por la especulaci\u00f3n y los dict\u00e1menes (a\u00f1os 80) del FMI, muchas veces atrapada en ese cuento de hadas cuya imagen- espejo se rompe cuando se encuentra con la cruel realidad. De hecho hay ingredientes de novela cl\u00e1sica en Grecia, algo que nos deja con un sabor de <i>Vintage<\/i>, aquel vestido victoriano que vemos en una vitrina y queremos tener, disfrutando de su textura y sus formas suaves y sinuosas, en una especie de olvido inmediato de nuestro propio presente acelerado. La autora tiene ese <strong>gusto por el detalle, la narraci\u00f3n, el cuento, la mirada afinada que observa el mundo sin perderse dentro de \u00e9l<\/strong> y construye un personaje atento a las voces del pasado, modos, palabras que, con el tiempo, son visibles en el texto, y muestran marcas de vida carnales, sonoras.<\/span><\/p>\n<p style=\"text-align: justify;\"><span style=\"font-size: 16px;\">El cuidado que pone Grecia C\u00e1ceres en su libro es importante, hay una <strong>vocaci\u00f3n de orfebre y de bordadora<\/strong>, que me hace pensar tambi\u00e9n en los cuadros de luz dorada, donde una mujer inclina el rostro sobre la tela, jalando de un hilo ensartado en una fina aguja. Ese hilo recorre los espacios pasados, el presente, aunque haya varios temas esbozados que hubiesen podido ser explotados con m\u00e1s tiempo (la aparici\u00f3n del tema del narcotr\u00e1fico, o de Sendero Luminoso), y no sean acaso los que m\u00e1s me tocan, sino aquella de la mujer, Miranda, sola, aparentemente exitosa y sin embargo tan fr\u00e1gil. Es su desarraigo, y sus ganas de lograr existir en medio de la indiferencia parisina, su necesidad de encajar el mundo du su arcaico Per\u00fa inmerso en el devenir-mundo, y al mismo tiempo ser buena madre, mujer independiente, enamorarse, continuar existiendo, lo que m\u00e1s nos conmueve.<\/span><\/p>\n<p><span style=\"font-size: 16px;\"><strong>C\u00e1ceres, Grecia. Mar afuera. Lima:\u00a0<\/strong><strong>Fondo de la Universidad C\u00e9sar Vallejo, 2017.<\/strong><\/span><\/p>\n<hr \/>\n<p style=\"text-align: justify;\"><span style=\"font-size: 16px;\"><strong>Grecia C\u00e1ceres<\/strong> es poeta y escritora peruana.\u00a0Ha publicado las novelas <i>La espera posible<\/i> (1998), <i>La vida violeta<\/i> (2003), <i>Fin d\u2019apr\u00e8s-midi <\/i>(2003), <i>La colecci\u00f3n<\/i> (2012) y <i>Mar afuera<\/i> (2017) as\u00ed como dos libros de poes\u00eda <i>De las causas y los principios: venenos\/embelesos<\/i> (1992) y <i>En brazos de la carne <\/i>(2006). Vive en Par\u00eds.<\/span><\/p>\n<p style=\"text-align: justify;\"><span style=\"font-size: 16px;\"><a href=\"https:\/\/lascriticas.com\/index.php\/lascriticas\/patricia-de-souza\/\"><strong>Acerca de Patricia de Souza<\/strong><\/a><\/span><\/p>\n","protected":false},"excerpt":{"rendered":"<p>Escribir en tiempos revueltos En tiempos revueltos, dif\u00edcil mantener la atenci\u00f3n despierta y el pulso firme. Y sin embargo Grecia C\u00e1ceres, que ha publicado m\u00e1s de cuatro novelas y varios libros de poes\u00eda, no flaquea. Esta vez se trata de la novela Mar afuera, editada por el fondo de la Universidad C\u00e9sar Vallejo, en Lima&#8230;.<\/p>\n","protected":false},"author":25,"featured_media":1742,"comment_status":"open","ping_status":"open","sticky":false,"template":"","format":"standard","meta":{"footnotes":""},"categories":[43,37],"tags":[98,131,174,85,88,53,105,62,84,108],"yoast_head":"<!-- This site is optimized with the Yoast SEO plugin v23.5 - https:\/\/yoast.com\/wordpress\/plugins\/seo\/ -->\n<title>Otra lectura de &quot;Mar afuera&quot;, de Grecia C\u00e1ceres - Las Cr\u00edticas<\/title>\n<meta name=\"description\" content=\"Escribir en tiempos revueltos En tiempos revueltos, dif\u00edcil mantener la atenci\u00f3n despierta y el pulso firme. Y sin embargo Grecia C\u00e1ceres, que ha\" \/>\n<meta name=\"robots\" content=\"index, follow, max-snippet:-1, max-image-preview:large, max-video-preview:-1\" \/>\n<link rel=\"canonical\" href=\"https:\/\/lascriticas.com\/index.php\/2019\/11\/21\/otra-lectura-mar-afuera-grecia-caceres\/\" \/>\n<meta property=\"og:locale\" content=\"es_ES\" \/>\n<meta property=\"og:type\" content=\"article\" \/>\n<meta property=\"og:title\" content=\"Otra lectura de &quot;Mar afuera&quot;, de Grecia C\u00e1ceres - Las Cr\u00edticas\" \/>\n<meta property=\"og:description\" content=\"Escribir en tiempos revueltos En tiempos revueltos, dif\u00edcil mantener la atenci\u00f3n despierta y el pulso firme. Y sin embargo Grecia C\u00e1ceres, que ha\" \/>\n<meta property=\"og:url\" content=\"https:\/\/lascriticas.com\/index.php\/2019\/11\/21\/otra-lectura-mar-afuera-grecia-caceres\/\" \/>\n<meta property=\"og:site_name\" content=\"Las Cr\u00edticas\" \/>\n<meta property=\"article:publisher\" content=\"https:\/\/www.facebook.com\/lascriticas\/\" \/>\n<meta property=\"article:published_time\" content=\"2019-11-21T21:42:34+00:00\" \/>\n<meta property=\"article:modified_time\" content=\"2021-08-06T21:50:28+00:00\" \/>\n<meta property=\"og:image\" content=\"https:\/\/lascriticas.com\/wp-content\/uploads\/2017\/07\/Mar-afuera-cDavid-Trawin.jpg\" \/>\n\t<meta property=\"og:image:width\" content=\"1030\" \/>\n\t<meta property=\"og:image:height\" content=\"576\" \/>\n\t<meta property=\"og:image:type\" content=\"image\/jpeg\" \/>\n<meta name=\"author\" content=\"Patricia De Souza\" \/>\n<meta name=\"twitter:card\" content=\"summary_large_image\" \/>\n<meta name=\"twitter:creator\" content=\"@LasCriticas_com\" \/>\n<meta name=\"twitter:site\" content=\"@LasCriticas_com\" \/>\n<meta name=\"twitter:label1\" content=\"Escrito por\" \/>\n\t<meta name=\"twitter:data1\" content=\"Patricia De Souza\" \/>\n\t<meta name=\"twitter:label2\" content=\"Tiempo de lectura\" \/>\n\t<meta name=\"twitter:data2\" content=\"4 minutos\" \/>\n<script type=\"application\/ld+json\" class=\"yoast-schema-graph\">{\"@context\":\"https:\/\/schema.org\",\"@graph\":[{\"@type\":\"Article\",\"@id\":\"https:\/\/lascriticas.com\/index.php\/2019\/11\/21\/otra-lectura-mar-afuera-grecia-caceres\/#article\",\"isPartOf\":{\"@id\":\"https:\/\/lascriticas.com\/index.php\/2019\/11\/21\/otra-lectura-mar-afuera-grecia-caceres\/\"},\"author\":{\"name\":\"Patricia De Souza\",\"@id\":\"https:\/\/lascriticas.com\/#\/schema\/person\/4021d7c514c870001c09db59a7f92c59\"},\"headline\":\"Otra lectura de \u00abMar afuera\u00bb, de Grecia C\u00e1ceres\",\"datePublished\":\"2019-11-21T21:42:34+00:00\",\"dateModified\":\"2021-08-06T21:50:28+00:00\",\"mainEntityOfPage\":{\"@id\":\"https:\/\/lascriticas.com\/index.php\/2019\/11\/21\/otra-lectura-mar-afuera-grecia-caceres\/\"},\"wordCount\":916,\"commentCount\":0,\"publisher\":{\"@id\":\"https:\/\/lascriticas.com\/#organization\"},\"image\":{\"@id\":\"https:\/\/lascriticas.com\/index.php\/2019\/11\/21\/otra-lectura-mar-afuera-grecia-caceres\/#primaryimage\"},\"thumbnailUrl\":\"https:\/\/lascriticas.com\/wp-content\/uploads\/2017\/07\/Mar-afuera-cDavid-Trawin.jpg\",\"keywords\":[\"amor\",\"exilio\",\"ficci\u00f3n\",\"lo femenino\",\"mujer\",\"novela\",\"Par\u00eds\",\"Per\u00fa\",\"pol\u00edtica\",\"sociedad\"],\"articleSection\":[\"Ficci\u00f3n\",\"Rese\u00f1as\"],\"inLanguage\":\"es\",\"potentialAction\":[{\"@type\":\"CommentAction\",\"name\":\"Comment\",\"target\":[\"https:\/\/lascriticas.com\/index.php\/2019\/11\/21\/otra-lectura-mar-afuera-grecia-caceres\/#respond\"]}]},{\"@type\":\"WebPage\",\"@id\":\"https:\/\/lascriticas.com\/index.php\/2019\/11\/21\/otra-lectura-mar-afuera-grecia-caceres\/\",\"url\":\"https:\/\/lascriticas.com\/index.php\/2019\/11\/21\/otra-lectura-mar-afuera-grecia-caceres\/\",\"name\":\"Otra lectura de \\\"Mar afuera\\\", de Grecia C\u00e1ceres - Las Cr\u00edticas\",\"isPartOf\":{\"@id\":\"https:\/\/lascriticas.com\/#website\"},\"primaryImageOfPage\":{\"@id\":\"https:\/\/lascriticas.com\/index.php\/2019\/11\/21\/otra-lectura-mar-afuera-grecia-caceres\/#primaryimage\"},\"image\":{\"@id\":\"https:\/\/lascriticas.com\/index.php\/2019\/11\/21\/otra-lectura-mar-afuera-grecia-caceres\/#primaryimage\"},\"thumbnailUrl\":\"https:\/\/lascriticas.com\/wp-content\/uploads\/2017\/07\/Mar-afuera-cDavid-Trawin.jpg\",\"datePublished\":\"2019-11-21T21:42:34+00:00\",\"dateModified\":\"2021-08-06T21:50:28+00:00\",\"description\":\"Escribir en tiempos revueltos En tiempos revueltos, dif\u00edcil mantener la atenci\u00f3n despierta y el pulso firme. Y sin embargo Grecia C\u00e1ceres, que ha\",\"breadcrumb\":{\"@id\":\"https:\/\/lascriticas.com\/index.php\/2019\/11\/21\/otra-lectura-mar-afuera-grecia-caceres\/#breadcrumb\"},\"inLanguage\":\"es\",\"potentialAction\":[{\"@type\":\"ReadAction\",\"target\":[\"https:\/\/lascriticas.com\/index.php\/2019\/11\/21\/otra-lectura-mar-afuera-grecia-caceres\/\"]}]},{\"@type\":\"ImageObject\",\"inLanguage\":\"es\",\"@id\":\"https:\/\/lascriticas.com\/index.php\/2019\/11\/21\/otra-lectura-mar-afuera-grecia-caceres\/#primaryimage\",\"url\":\"https:\/\/lascriticas.com\/wp-content\/uploads\/2017\/07\/Mar-afuera-cDavid-Trawin.jpg\",\"contentUrl\":\"https:\/\/lascriticas.com\/wp-content\/uploads\/2017\/07\/Mar-afuera-cDavid-Trawin.jpg\",\"width\":1030,\"height\":576},{\"@type\":\"BreadcrumbList\",\"@id\":\"https:\/\/lascriticas.com\/index.php\/2019\/11\/21\/otra-lectura-mar-afuera-grecia-caceres\/#breadcrumb\",\"itemListElement\":[{\"@type\":\"ListItem\",\"position\":1,\"name\":\"Inicio\",\"item\":\"https:\/\/lascriticas.com\/\"},{\"@type\":\"ListItem\",\"position\":2,\"name\":\"Otra lectura de \u00abMar afuera\u00bb, de Grecia C\u00e1ceres\"}]},{\"@type\":\"WebSite\",\"@id\":\"https:\/\/lascriticas.com\/#website\",\"url\":\"https:\/\/lascriticas.com\/\",\"name\":\"Las Cr\u00edticas\",\"description\":\"Cr\u00edtica literaria hecha por mujeres\",\"publisher\":{\"@id\":\"https:\/\/lascriticas.com\/#organization\"},\"potentialAction\":[{\"@type\":\"SearchAction\",\"target\":{\"@type\":\"EntryPoint\",\"urlTemplate\":\"https:\/\/lascriticas.com\/?s={search_term_string}\"},\"query-input\":{\"@type\":\"PropertyValueSpecification\",\"valueRequired\":true,\"valueName\":\"search_term_string\"}}],\"inLanguage\":\"es\"},{\"@type\":\"Organization\",\"@id\":\"https:\/\/lascriticas.com\/#organization\",\"name\":\"Las Cr\u00edticas\",\"url\":\"https:\/\/lascriticas.com\/\",\"logo\":{\"@type\":\"ImageObject\",\"inLanguage\":\"es\",\"@id\":\"https:\/\/lascriticas.com\/#\/schema\/logo\/image\/\",\"url\":\"https:\/\/lascriticas.com\/wp-content\/uploads\/2016\/09\/Las-Cr\u00edticas.png\",\"contentUrl\":\"https:\/\/lascriticas.com\/wp-content\/uploads\/2016\/09\/Las-Cr\u00edticas.png\",\"width\":372,\"height\":201,\"caption\":\"Las Cr\u00edticas\"},\"image\":{\"@id\":\"https:\/\/lascriticas.com\/#\/schema\/logo\/image\/\"},\"sameAs\":[\"https:\/\/www.facebook.com\/lascriticas\/\",\"https:\/\/x.com\/LasCriticas_com\",\"https:\/\/www.instagram.com\/lascriticas_com\/\",\"https:\/\/www.youtube.com\/channel\/UCd7r-H6EJA4sSXGLX33_iHQ\"]},{\"@type\":\"Person\",\"@id\":\"https:\/\/lascriticas.com\/#\/schema\/person\/4021d7c514c870001c09db59a7f92c59\",\"name\":\"Patricia De Souza\",\"image\":{\"@type\":\"ImageObject\",\"inLanguage\":\"es\",\"@id\":\"https:\/\/lascriticas.com\/#\/schema\/person\/image\/\",\"url\":\"https:\/\/secure.gravatar.com\/avatar\/2150c864ef0fdc37b08e93b2ab6ed3f3?s=96&d=mm&r=g\",\"contentUrl\":\"https:\/\/secure.gravatar.com\/avatar\/2150c864ef0fdc37b08e93b2ab6ed3f3?s=96&d=mm&r=g\",\"caption\":\"Patricia De Souza\"},\"url\":\"https:\/\/lascriticas.com\/index.php\/author\/patricia-de-souza\/\"}]}<\/script>\n<!-- \/ Yoast SEO plugin. -->","yoast_head_json":{"title":"Otra lectura de \"Mar afuera\", de Grecia C\u00e1ceres - Las Cr\u00edticas","description":"Escribir en tiempos revueltos En tiempos revueltos, dif\u00edcil mantener la atenci\u00f3n despierta y el pulso firme. Y sin embargo Grecia C\u00e1ceres, que ha","robots":{"index":"index","follow":"follow","max-snippet":"max-snippet:-1","max-image-preview":"max-image-preview:large","max-video-preview":"max-video-preview:-1"},"canonical":"https:\/\/lascriticas.com\/index.php\/2019\/11\/21\/otra-lectura-mar-afuera-grecia-caceres\/","og_locale":"es_ES","og_type":"article","og_title":"Otra lectura de \"Mar afuera\", de Grecia C\u00e1ceres - Las Cr\u00edticas","og_description":"Escribir en tiempos revueltos En tiempos revueltos, dif\u00edcil mantener la atenci\u00f3n despierta y el pulso firme. Y sin embargo Grecia C\u00e1ceres, que ha","og_url":"https:\/\/lascriticas.com\/index.php\/2019\/11\/21\/otra-lectura-mar-afuera-grecia-caceres\/","og_site_name":"Las Cr\u00edticas","article_publisher":"https:\/\/www.facebook.com\/lascriticas\/","article_published_time":"2019-11-21T21:42:34+00:00","article_modified_time":"2021-08-06T21:50:28+00:00","og_image":[{"width":1030,"height":576,"url":"https:\/\/lascriticas.com\/wp-content\/uploads\/2017\/07\/Mar-afuera-cDavid-Trawin.jpg","type":"image\/jpeg"}],"author":"Patricia De Souza","twitter_card":"summary_large_image","twitter_creator":"@LasCriticas_com","twitter_site":"@LasCriticas_com","twitter_misc":{"Escrito por":"Patricia De Souza","Tiempo de lectura":"4 minutos"},"schema":{"@context":"https:\/\/schema.org","@graph":[{"@type":"Article","@id":"https:\/\/lascriticas.com\/index.php\/2019\/11\/21\/otra-lectura-mar-afuera-grecia-caceres\/#article","isPartOf":{"@id":"https:\/\/lascriticas.com\/index.php\/2019\/11\/21\/otra-lectura-mar-afuera-grecia-caceres\/"},"author":{"name":"Patricia De Souza","@id":"https:\/\/lascriticas.com\/#\/schema\/person\/4021d7c514c870001c09db59a7f92c59"},"headline":"Otra lectura de \u00abMar afuera\u00bb, de Grecia C\u00e1ceres","datePublished":"2019-11-21T21:42:34+00:00","dateModified":"2021-08-06T21:50:28+00:00","mainEntityOfPage":{"@id":"https:\/\/lascriticas.com\/index.php\/2019\/11\/21\/otra-lectura-mar-afuera-grecia-caceres\/"},"wordCount":916,"commentCount":0,"publisher":{"@id":"https:\/\/lascriticas.com\/#organization"},"image":{"@id":"https:\/\/lascriticas.com\/index.php\/2019\/11\/21\/otra-lectura-mar-afuera-grecia-caceres\/#primaryimage"},"thumbnailUrl":"https:\/\/lascriticas.com\/wp-content\/uploads\/2017\/07\/Mar-afuera-cDavid-Trawin.jpg","keywords":["amor","exilio","ficci\u00f3n","lo femenino","mujer","novela","Par\u00eds","Per\u00fa","pol\u00edtica","sociedad"],"articleSection":["Ficci\u00f3n","Rese\u00f1as"],"inLanguage":"es","potentialAction":[{"@type":"CommentAction","name":"Comment","target":["https:\/\/lascriticas.com\/index.php\/2019\/11\/21\/otra-lectura-mar-afuera-grecia-caceres\/#respond"]}]},{"@type":"WebPage","@id":"https:\/\/lascriticas.com\/index.php\/2019\/11\/21\/otra-lectura-mar-afuera-grecia-caceres\/","url":"https:\/\/lascriticas.com\/index.php\/2019\/11\/21\/otra-lectura-mar-afuera-grecia-caceres\/","name":"Otra lectura de \"Mar afuera\", de Grecia C\u00e1ceres - Las Cr\u00edticas","isPartOf":{"@id":"https:\/\/lascriticas.com\/#website"},"primaryImageOfPage":{"@id":"https:\/\/lascriticas.com\/index.php\/2019\/11\/21\/otra-lectura-mar-afuera-grecia-caceres\/#primaryimage"},"image":{"@id":"https:\/\/lascriticas.com\/index.php\/2019\/11\/21\/otra-lectura-mar-afuera-grecia-caceres\/#primaryimage"},"thumbnailUrl":"https:\/\/lascriticas.com\/wp-content\/uploads\/2017\/07\/Mar-afuera-cDavid-Trawin.jpg","datePublished":"2019-11-21T21:42:34+00:00","dateModified":"2021-08-06T21:50:28+00:00","description":"Escribir en tiempos revueltos En tiempos revueltos, dif\u00edcil mantener la atenci\u00f3n despierta y el pulso firme. Y sin embargo Grecia C\u00e1ceres, que ha","breadcrumb":{"@id":"https:\/\/lascriticas.com\/index.php\/2019\/11\/21\/otra-lectura-mar-afuera-grecia-caceres\/#breadcrumb"},"inLanguage":"es","potentialAction":[{"@type":"ReadAction","target":["https:\/\/lascriticas.com\/index.php\/2019\/11\/21\/otra-lectura-mar-afuera-grecia-caceres\/"]}]},{"@type":"ImageObject","inLanguage":"es","@id":"https:\/\/lascriticas.com\/index.php\/2019\/11\/21\/otra-lectura-mar-afuera-grecia-caceres\/#primaryimage","url":"https:\/\/lascriticas.com\/wp-content\/uploads\/2017\/07\/Mar-afuera-cDavid-Trawin.jpg","contentUrl":"https:\/\/lascriticas.com\/wp-content\/uploads\/2017\/07\/Mar-afuera-cDavid-Trawin.jpg","width":1030,"height":576},{"@type":"BreadcrumbList","@id":"https:\/\/lascriticas.com\/index.php\/2019\/11\/21\/otra-lectura-mar-afuera-grecia-caceres\/#breadcrumb","itemListElement":[{"@type":"ListItem","position":1,"name":"Inicio","item":"https:\/\/lascriticas.com\/"},{"@type":"ListItem","position":2,"name":"Otra lectura de \u00abMar afuera\u00bb, de Grecia C\u00e1ceres"}]},{"@type":"WebSite","@id":"https:\/\/lascriticas.com\/#website","url":"https:\/\/lascriticas.com\/","name":"Las Cr\u00edticas","description":"Cr\u00edtica literaria hecha por mujeres","publisher":{"@id":"https:\/\/lascriticas.com\/#organization"},"potentialAction":[{"@type":"SearchAction","target":{"@type":"EntryPoint","urlTemplate":"https:\/\/lascriticas.com\/?s={search_term_string}"},"query-input":{"@type":"PropertyValueSpecification","valueRequired":true,"valueName":"search_term_string"}}],"inLanguage":"es"},{"@type":"Organization","@id":"https:\/\/lascriticas.com\/#organization","name":"Las Cr\u00edticas","url":"https:\/\/lascriticas.com\/","logo":{"@type":"ImageObject","inLanguage":"es","@id":"https:\/\/lascriticas.com\/#\/schema\/logo\/image\/","url":"https:\/\/lascriticas.com\/wp-content\/uploads\/2016\/09\/Las-Cr\u00edticas.png","contentUrl":"https:\/\/lascriticas.com\/wp-content\/uploads\/2016\/09\/Las-Cr\u00edticas.png","width":372,"height":201,"caption":"Las Cr\u00edticas"},"image":{"@id":"https:\/\/lascriticas.com\/#\/schema\/logo\/image\/"},"sameAs":["https:\/\/www.facebook.com\/lascriticas\/","https:\/\/x.com\/LasCriticas_com","https:\/\/www.instagram.com\/lascriticas_com\/","https:\/\/www.youtube.com\/channel\/UCd7r-H6EJA4sSXGLX33_iHQ"]},{"@type":"Person","@id":"https:\/\/lascriticas.com\/#\/schema\/person\/4021d7c514c870001c09db59a7f92c59","name":"Patricia De Souza","image":{"@type":"ImageObject","inLanguage":"es","@id":"https:\/\/lascriticas.com\/#\/schema\/person\/image\/","url":"https:\/\/secure.gravatar.com\/avatar\/2150c864ef0fdc37b08e93b2ab6ed3f3?s=96&d=mm&r=g","contentUrl":"https:\/\/secure.gravatar.com\/avatar\/2150c864ef0fdc37b08e93b2ab6ed3f3?s=96&d=mm&r=g","caption":"Patricia De Souza"},"url":"https:\/\/lascriticas.com\/index.php\/author\/patricia-de-souza\/"}]}},"_links":{"self":[{"href":"https:\/\/lascriticas.com\/index.php\/wp-json\/wp\/v2\/posts\/1741"}],"collection":[{"href":"https:\/\/lascriticas.com\/index.php\/wp-json\/wp\/v2\/posts"}],"about":[{"href":"https:\/\/lascriticas.com\/index.php\/wp-json\/wp\/v2\/types\/post"}],"author":[{"embeddable":true,"href":"https:\/\/lascriticas.com\/index.php\/wp-json\/wp\/v2\/users\/25"}],"replies":[{"embeddable":true,"href":"https:\/\/lascriticas.com\/index.php\/wp-json\/wp\/v2\/comments?post=1741"}],"version-history":[{"count":2,"href":"https:\/\/lascriticas.com\/index.php\/wp-json\/wp\/v2\/posts\/1741\/revisions"}],"predecessor-version":[{"id":4644,"href":"https:\/\/lascriticas.com\/index.php\/wp-json\/wp\/v2\/posts\/1741\/revisions\/4644"}],"wp:featuredmedia":[{"embeddable":true,"href":"https:\/\/lascriticas.com\/index.php\/wp-json\/wp\/v2\/media\/1742"}],"wp:attachment":[{"href":"https:\/\/lascriticas.com\/index.php\/wp-json\/wp\/v2\/media?parent=1741"}],"wp:term":[{"taxonomy":"category","embeddable":true,"href":"https:\/\/lascriticas.com\/index.php\/wp-json\/wp\/v2\/categories?post=1741"},{"taxonomy":"post_tag","embeddable":true,"href":"https:\/\/lascriticas.com\/index.php\/wp-json\/wp\/v2\/tags?post=1741"}],"curies":[{"name":"wp","href":"https:\/\/api.w.org\/{rel}","templated":true}]}}