{"id":1612,"date":"2017-06-20T01:03:40","date_gmt":"2017-06-19T23:03:40","guid":{"rendered":"http:\/\/lascriticas.com\/?p=1612"},"modified":"2017-09-25T23:26:31","modified_gmt":"2017-09-25T21:26:31","slug":"fragmento-novela-mar-afuera-grecia-caceres","status":"publish","type":"post","link":"https:\/\/lascriticas.com\/index.php\/2017\/06\/20\/fragmento-novela-mar-afuera-grecia-caceres\/","title":{"rendered":"Fragmento de la novela \u00abMar afuera\u00bb, de Grecia C\u00e1ceres"},"content":{"rendered":"<h4>Los esc\u00e1ndalos de Lima<\/h4>\n<p style=\"text-align: justify;\">Nunca pens\u00f3 que formar\u00eda parte de los esc\u00e1ndalos de Lima. La prensa amarilla, los malintencionados e insidiosos pasquines, sus periodistas \u00e1vidos de carne fresca, listos a destruir reputaciones, hundir partidos, clases sociales o grupos humanos enteros en la hecatombe de sus primeras planas&#8230; Su caso era atrayente y contaba con todos los ingredientes que adoran ellos y sus lectores, acostumbrados a leer historias s\u00f3rdidas que, en el rev\u00e9s de la ejemplaridad, llevan a conclusiones oscuras sobre la humanidad y su destino.<\/p>\n<p style=\"text-align: justify;\"><img loading=\"lazy\" decoding=\"async\" class=\"alignright wp-image-1613\" title=\"Portada de Mar afuera\" src=\"http:\/\/lascriticas.com\/wp-content\/uploads\/2017\/05\/18718357_10154398715751254_873721366_n.jpg\" alt=\"\" width=\"248\" height=\"398\" \/><\/p>\n<p style=\"text-align: justify;\">Miranda nunca le\u00eda los peri\u00f3dicos. Justamente, no formaba parte de los lectores potenciales. Prefer\u00eda mantenerse al margen y limpia de toda actualidad. El presente siempre le hab\u00eda parecido ilusorio, aunque el paso a la edad adulta exigiese de ella un profundo esfuerzo de credulidad, pues deb\u00eda actuar como si las cosas fueran importantes y los eventos, reales.<\/p>\n<p style=\"text-align: justify;\">Desde ni\u00f1a hab\u00eda constatado que un hecho simple era interpretado diferente y con absoluta sinceridad por cada individuo, presente o ausente, en dicho suceso. De ni\u00f1a, eso la hac\u00eda re\u00edr mucho. Nadie a su alrededor parec\u00eda darse cuenta de algo tan evidente. Todos segu\u00edan esforz\u00e1ndose en creer en \u201csu\u201d versi\u00f3n de las cosas como la \u201cverdadera\u201d. En el colegio a veces jugaba con eso, de manera experimental, para verificar su exactitud. Entonces lanzaba una bola que segu\u00eda su camino solita por todas las clases del colegio. Al final, tel\u00e9fono malogrado, todo estaba tergiversado y la bola volv\u00eda a ella modificada y atestada por muchos testigos de buena fe.<\/p>\n<p style=\"text-align: justify;\">\u00bfC\u00f3mo creer en la prensa, entonces? \u00bfO en la justicia? \u00bfQui\u00e9n hubiera pensado entonces que un d\u00eda se ver\u00eda confrontada a ambas, de cara a su ineficacia y mala fe?<\/p>\n<p style=\"text-align: justify;\">Uno de esos d\u00edas confusos que siguieron al esc\u00e1ndalo, ella le hab\u00eda abierto la puerta a un supuesto cartero que hab\u00eda comenzado a fotografiarla con un flash, sin m\u00e1s ni m\u00e1s, empuj\u00e1ndola de paso hacia el interior de la casa que termin\u00f3 por fotografiar a la velocidad de la luz antes de salir corriendo y huir sobre una moto. Todo sucedi\u00f3 tan r\u00e1pido y de manera tan sorpresiva que Miranda no pudo pronunciar una palabra ni gritar su indignaci\u00f3n. Nadie de los que se hallaban en la casa en ese momento not\u00f3 la intrusi\u00f3n. Ella tampoco lo mencion\u00f3, avergonzada. Al d\u00eda siguiente en primera plana salieron sus fotos, terribles, con los ojos desorbitados y los cabellos despeinados. Era realmente el retrato de una loca, de una asesina, que se expon\u00eda a la opini\u00f3n p\u00fablica, a la reacci\u00f3n epid\u00e9rmica de una bestia de mil cabezas, sedienta de sangre y sexo.<\/p>\n<p style=\"text-align: justify;\">Los esc\u00e1ndalos rompen la serena continuidad de los d\u00edas. Los esc\u00e1ndalos rasgan los cromos prefabricados del inconsciente colectivo. Las lindas son malas; las feas, inteligentes; los ricos, imp\u00fadicos; los pobres, rebeldes, y hasta los homosexuales pueden ser sanguinarios y las amas de casa asesinar al marido&#8230; Todos se asombran y se unen en un gran \u201c\u00a1oh!\u201d alrededor del hecho detestable y a\u00fan m\u00e1s asqueroso porque expuesto, como una herida sanguinolenta, a la prensa y a cada quien. Ya en la \u00e9poca de Sendero Luminoso, lo desgarrador era cosa de todos los d\u00edas: la carne herida, explotada, vuelta al rev\u00e9s aparec\u00eda colgada en todos los quioscos de peri\u00f3dicos a\u00fan m\u00e1s horrible a causa de los colores de mala calidad de los pasquines.<\/p>\n<p style=\"text-align: justify;\">Y \u00bfqui\u00e9n era ella? La ni\u00f1a linda, de buena familia envuelta en una desaparici\u00f3n misteriosa. De su lado ten\u00eda de seguro a los jueces y a las autoridades. \u00bfLa estar\u00e1n protegiendo? Miranda. Cada d\u00eda m\u00e1s culpable por m\u00e1s expuesta. Fotografiada en el tribunal con su enorme panza de gemelos, ojerosa y fr\u00e1gil, ped\u00eda compasi\u00f3n. Ofrecida\u00a0como una v\u00edctima del ritmo acelerado de la opini\u00f3n p\u00fablica, era la presa del voraz apetito de esc\u00e1ndalos de la sociedad.<\/p>\n<p style=\"text-align: justify;\"><strong>Fragmento de <em>Mar afuera<\/em>, <a href=\"http:\/\/www.publicacionesucv.com\">Fondo editorial de la Universidad C\u00e9sar Vallejo<\/a>, p. 26-28.<\/strong><\/p>\n<p style=\"text-align: justify;\"><span style=\"font-size: 12px;\">Foto de la autora : Romain Boutillier<\/span><\/p>\n<hr \/>\n<p style=\"text-align: justify;\"><span style=\"font-family: 'trebuchet ms', geneva, sans-serif;\"><strong>Grecia C\u00e1ceres<\/strong> (Per\u00fa, 1968). Estudi\u00f3 ling\u00fc\u00edstica en la Universidad Cat\u00f3lica del Per\u00fa y realiz\u00f3 un doctorado en la Universidad Par\u00eds 8. En Par\u00eds dirige el departamento Am\u00e9rica Latina del IESA y es una figura importante del medio cultural.\u00a0Ha publicado dos libros de poes\u00eda y cuatro novelas en el Per\u00fa y en Francia, entre ellas, <em>La espera posible<\/em> (1998), <em>La vida violeta<\/em> (2003),<em> Atardecer<\/em> (2003) y <em>La colecci\u00f3n<\/em> (2012).<\/span><\/p>\n","protected":false},"excerpt":{"rendered":"<p>Los esc\u00e1ndalos de Lima Nunca pens\u00f3 que formar\u00eda parte de los esc\u00e1ndalos de Lima. La prensa amarilla, los malintencionados e insidiosos pasquines, sus periodistas \u00e1vidos de carne fresca, listos a destruir reputaciones, hundir partidos, clases sociales o grupos humanos enteros en la hecatombe de sus primeras planas&#8230; Su caso era atrayente y contaba con todos&#8230;<\/p>\n","protected":false},"author":37,"featured_media":1615,"comment_status":"open","ping_status":"open","sticky":false,"template":"","format":"standard","meta":{"footnotes":""},"categories":[240],"tags":[239,51,287,63,88,53,62,108],"yoast_head":"<!-- This site is optimized with the Yoast SEO plugin v23.5 - https:\/\/yoast.com\/wordpress\/plugins\/seo\/ -->\n<title>Fragmento de la novela &quot;Mar afuera&quot;, de Grecia C\u00e1ceres - Las Cr\u00edticas<\/title>\n<meta name=\"description\" content=\"Este es un fragmento de la novela Mar afuera, de Grecia C\u00e1ceres, escritora peruana que reside en Par\u00eds, publicada en el Per\u00fa.\" \/>\n<meta name=\"robots\" content=\"index, follow, max-snippet:-1, max-image-preview:large, max-video-preview:-1\" \/>\n<link rel=\"canonical\" href=\"https:\/\/lascriticas.com\/index.php\/2017\/06\/20\/fragmento-novela-mar-afuera-grecia-caceres\/\" \/>\n<meta property=\"og:locale\" content=\"es_ES\" \/>\n<meta property=\"og:type\" content=\"article\" \/>\n<meta property=\"og:title\" content=\"Fragmento de la novela &quot;Mar afuera&quot;, de Grecia C\u00e1ceres - Las Cr\u00edticas\" \/>\n<meta property=\"og:description\" content=\"Este es un fragmento de la novela Mar afuera, de Grecia C\u00e1ceres, escritora peruana que reside en Par\u00eds, publicada en el Per\u00fa.\" \/>\n<meta property=\"og:url\" content=\"https:\/\/lascriticas.com\/index.php\/2017\/06\/20\/fragmento-novela-mar-afuera-grecia-caceres\/\" \/>\n<meta property=\"og:site_name\" content=\"Las Cr\u00edticas\" \/>\n<meta property=\"article:publisher\" content=\"https:\/\/www.facebook.com\/lascriticas\/\" \/>\n<meta property=\"article:published_time\" content=\"2017-06-19T23:03:40+00:00\" \/>\n<meta property=\"article:modified_time\" content=\"2017-09-25T21:26:31+00:00\" \/>\n<meta property=\"og:image\" content=\"https:\/\/lascriticas.com\/wp-content\/uploads\/2017\/05\/Grecia-Caceres-@Romain-Boutiliier.jpg\" \/>\n\t<meta property=\"og:image:width\" content=\"960\" \/>\n\t<meta property=\"og:image:height\" content=\"960\" \/>\n\t<meta property=\"og:image:type\" content=\"image\/jpeg\" \/>\n<meta name=\"author\" content=\"Grecia C\u00e1ceres\" \/>\n<meta name=\"twitter:card\" content=\"summary_large_image\" \/>\n<meta name=\"twitter:creator\" content=\"@LasCriticas_com\" \/>\n<meta name=\"twitter:site\" content=\"@LasCriticas_com\" \/>\n<meta name=\"twitter:label1\" content=\"Escrito por\" \/>\n\t<meta name=\"twitter:data1\" content=\"Grecia C\u00e1ceres\" \/>\n\t<meta name=\"twitter:label2\" content=\"Tiempo de lectura\" \/>\n\t<meta name=\"twitter:data2\" content=\"4 minutos\" \/>\n<script type=\"application\/ld+json\" class=\"yoast-schema-graph\">{\"@context\":\"https:\/\/schema.org\",\"@graph\":[{\"@type\":\"Article\",\"@id\":\"https:\/\/lascriticas.com\/index.php\/2017\/06\/20\/fragmento-novela-mar-afuera-grecia-caceres\/#article\",\"isPartOf\":{\"@id\":\"https:\/\/lascriticas.com\/index.php\/2017\/06\/20\/fragmento-novela-mar-afuera-grecia-caceres\/\"},\"author\":{\"name\":\"Grecia C\u00e1ceres\",\"@id\":\"https:\/\/lascriticas.com\/#\/schema\/person\/034f51d6872bc80ea9a9c81dc1865c3f\"},\"headline\":\"Fragmento de la novela \u00abMar afuera\u00bb, de Grecia C\u00e1ceres\",\"datePublished\":\"2017-06-19T23:03:40+00:00\",\"dateModified\":\"2017-09-25T21:26:31+00:00\",\"mainEntityOfPage\":{\"@id\":\"https:\/\/lascriticas.com\/index.php\/2017\/06\/20\/fragmento-novela-mar-afuera-grecia-caceres\/\"},\"wordCount\":796,\"commentCount\":1,\"publisher\":{\"@id\":\"https:\/\/lascriticas.com\/#organization\"},\"image\":{\"@id\":\"https:\/\/lascriticas.com\/index.php\/2017\/06\/20\/fragmento-novela-mar-afuera-grecia-caceres\/#primaryimage\"},\"thumbnailUrl\":\"https:\/\/lascriticas.com\/wp-content\/uploads\/2017\/05\/Grecia-Caceres-@Romain-Boutiliier.jpg\",\"keywords\":[\"escritora\",\"familia\",\"fragmento\",\"Francia\",\"mujer\",\"novela\",\"Per\u00fa\",\"sociedad\"],\"articleSection\":[\"Adelanto\"],\"inLanguage\":\"es\",\"potentialAction\":[{\"@type\":\"CommentAction\",\"name\":\"Comment\",\"target\":[\"https:\/\/lascriticas.com\/index.php\/2017\/06\/20\/fragmento-novela-mar-afuera-grecia-caceres\/#respond\"]}]},{\"@type\":\"WebPage\",\"@id\":\"https:\/\/lascriticas.com\/index.php\/2017\/06\/20\/fragmento-novela-mar-afuera-grecia-caceres\/\",\"url\":\"https:\/\/lascriticas.com\/index.php\/2017\/06\/20\/fragmento-novela-mar-afuera-grecia-caceres\/\",\"name\":\"Fragmento de la novela \\\"Mar afuera\\\", de Grecia C\u00e1ceres - Las Cr\u00edticas\",\"isPartOf\":{\"@id\":\"https:\/\/lascriticas.com\/#website\"},\"primaryImageOfPage\":{\"@id\":\"https:\/\/lascriticas.com\/index.php\/2017\/06\/20\/fragmento-novela-mar-afuera-grecia-caceres\/#primaryimage\"},\"image\":{\"@id\":\"https:\/\/lascriticas.com\/index.php\/2017\/06\/20\/fragmento-novela-mar-afuera-grecia-caceres\/#primaryimage\"},\"thumbnailUrl\":\"https:\/\/lascriticas.com\/wp-content\/uploads\/2017\/05\/Grecia-Caceres-@Romain-Boutiliier.jpg\",\"datePublished\":\"2017-06-19T23:03:40+00:00\",\"dateModified\":\"2017-09-25T21:26:31+00:00\",\"description\":\"Este es un fragmento de la novela Mar afuera, de Grecia C\u00e1ceres, escritora peruana que reside en Par\u00eds, publicada en el Per\u00fa.\",\"breadcrumb\":{\"@id\":\"https:\/\/lascriticas.com\/index.php\/2017\/06\/20\/fragmento-novela-mar-afuera-grecia-caceres\/#breadcrumb\"},\"inLanguage\":\"es\",\"potentialAction\":[{\"@type\":\"ReadAction\",\"target\":[\"https:\/\/lascriticas.com\/index.php\/2017\/06\/20\/fragmento-novela-mar-afuera-grecia-caceres\/\"]}]},{\"@type\":\"ImageObject\",\"inLanguage\":\"es\",\"@id\":\"https:\/\/lascriticas.com\/index.php\/2017\/06\/20\/fragmento-novela-mar-afuera-grecia-caceres\/#primaryimage\",\"url\":\"https:\/\/lascriticas.com\/wp-content\/uploads\/2017\/05\/Grecia-Caceres-@Romain-Boutiliier.jpg\",\"contentUrl\":\"https:\/\/lascriticas.com\/wp-content\/uploads\/2017\/05\/Grecia-Caceres-@Romain-Boutiliier.jpg\",\"width\":960,\"height\":960},{\"@type\":\"BreadcrumbList\",\"@id\":\"https:\/\/lascriticas.com\/index.php\/2017\/06\/20\/fragmento-novela-mar-afuera-grecia-caceres\/#breadcrumb\",\"itemListElement\":[{\"@type\":\"ListItem\",\"position\":1,\"name\":\"Inicio\",\"item\":\"https:\/\/lascriticas.com\/\"},{\"@type\":\"ListItem\",\"position\":2,\"name\":\"Fragmento de la novela \u00abMar afuera\u00bb, de Grecia C\u00e1ceres\"}]},{\"@type\":\"WebSite\",\"@id\":\"https:\/\/lascriticas.com\/#website\",\"url\":\"https:\/\/lascriticas.com\/\",\"name\":\"Las Cr\u00edticas\",\"description\":\"Cr\u00edtica literaria hecha por mujeres\",\"publisher\":{\"@id\":\"https:\/\/lascriticas.com\/#organization\"},\"potentialAction\":[{\"@type\":\"SearchAction\",\"target\":{\"@type\":\"EntryPoint\",\"urlTemplate\":\"https:\/\/lascriticas.com\/?s={search_term_string}\"},\"query-input\":{\"@type\":\"PropertyValueSpecification\",\"valueRequired\":true,\"valueName\":\"search_term_string\"}}],\"inLanguage\":\"es\"},{\"@type\":\"Organization\",\"@id\":\"https:\/\/lascriticas.com\/#organization\",\"name\":\"Las Cr\u00edticas\",\"url\":\"https:\/\/lascriticas.com\/\",\"logo\":{\"@type\":\"ImageObject\",\"inLanguage\":\"es\",\"@id\":\"https:\/\/lascriticas.com\/#\/schema\/logo\/image\/\",\"url\":\"https:\/\/lascriticas.com\/wp-content\/uploads\/2016\/09\/Las-Cr\u00edticas.png\",\"contentUrl\":\"https:\/\/lascriticas.com\/wp-content\/uploads\/2016\/09\/Las-Cr\u00edticas.png\",\"width\":372,\"height\":201,\"caption\":\"Las Cr\u00edticas\"},\"image\":{\"@id\":\"https:\/\/lascriticas.com\/#\/schema\/logo\/image\/\"},\"sameAs\":[\"https:\/\/www.facebook.com\/lascriticas\/\",\"https:\/\/x.com\/LasCriticas_com\",\"https:\/\/www.instagram.com\/lascriticas_com\/\",\"https:\/\/www.youtube.com\/channel\/UCd7r-H6EJA4sSXGLX33_iHQ\"]},{\"@type\":\"Person\",\"@id\":\"https:\/\/lascriticas.com\/#\/schema\/person\/034f51d6872bc80ea9a9c81dc1865c3f\",\"name\":\"Grecia C\u00e1ceres\",\"image\":{\"@type\":\"ImageObject\",\"inLanguage\":\"es\",\"@id\":\"https:\/\/lascriticas.com\/#\/schema\/person\/image\/\",\"url\":\"https:\/\/secure.gravatar.com\/avatar\/744bd4782928ef3b1af5f4b53e90dd21?s=96&d=mm&r=g\",\"contentUrl\":\"https:\/\/secure.gravatar.com\/avatar\/744bd4782928ef3b1af5f4b53e90dd21?s=96&d=mm&r=g\",\"caption\":\"Grecia C\u00e1ceres\"},\"url\":\"https:\/\/lascriticas.com\/index.php\/author\/grecia-caceres\/\"}]}<\/script>\n<!-- \/ Yoast SEO plugin. -->","yoast_head_json":{"title":"Fragmento de la novela \"Mar afuera\", de Grecia C\u00e1ceres - Las Cr\u00edticas","description":"Este es un fragmento de la novela Mar afuera, de Grecia C\u00e1ceres, escritora peruana que reside en Par\u00eds, publicada en el Per\u00fa.","robots":{"index":"index","follow":"follow","max-snippet":"max-snippet:-1","max-image-preview":"max-image-preview:large","max-video-preview":"max-video-preview:-1"},"canonical":"https:\/\/lascriticas.com\/index.php\/2017\/06\/20\/fragmento-novela-mar-afuera-grecia-caceres\/","og_locale":"es_ES","og_type":"article","og_title":"Fragmento de la novela \"Mar afuera\", de Grecia C\u00e1ceres - Las Cr\u00edticas","og_description":"Este es un fragmento de la novela Mar afuera, de Grecia C\u00e1ceres, escritora peruana que reside en Par\u00eds, publicada en el Per\u00fa.","og_url":"https:\/\/lascriticas.com\/index.php\/2017\/06\/20\/fragmento-novela-mar-afuera-grecia-caceres\/","og_site_name":"Las Cr\u00edticas","article_publisher":"https:\/\/www.facebook.com\/lascriticas\/","article_published_time":"2017-06-19T23:03:40+00:00","article_modified_time":"2017-09-25T21:26:31+00:00","og_image":[{"width":960,"height":960,"url":"https:\/\/lascriticas.com\/wp-content\/uploads\/2017\/05\/Grecia-Caceres-@Romain-Boutiliier.jpg","type":"image\/jpeg"}],"author":"Grecia C\u00e1ceres","twitter_card":"summary_large_image","twitter_creator":"@LasCriticas_com","twitter_site":"@LasCriticas_com","twitter_misc":{"Escrito por":"Grecia C\u00e1ceres","Tiempo de lectura":"4 minutos"},"schema":{"@context":"https:\/\/schema.org","@graph":[{"@type":"Article","@id":"https:\/\/lascriticas.com\/index.php\/2017\/06\/20\/fragmento-novela-mar-afuera-grecia-caceres\/#article","isPartOf":{"@id":"https:\/\/lascriticas.com\/index.php\/2017\/06\/20\/fragmento-novela-mar-afuera-grecia-caceres\/"},"author":{"name":"Grecia C\u00e1ceres","@id":"https:\/\/lascriticas.com\/#\/schema\/person\/034f51d6872bc80ea9a9c81dc1865c3f"},"headline":"Fragmento de la novela \u00abMar afuera\u00bb, de Grecia C\u00e1ceres","datePublished":"2017-06-19T23:03:40+00:00","dateModified":"2017-09-25T21:26:31+00:00","mainEntityOfPage":{"@id":"https:\/\/lascriticas.com\/index.php\/2017\/06\/20\/fragmento-novela-mar-afuera-grecia-caceres\/"},"wordCount":796,"commentCount":1,"publisher":{"@id":"https:\/\/lascriticas.com\/#organization"},"image":{"@id":"https:\/\/lascriticas.com\/index.php\/2017\/06\/20\/fragmento-novela-mar-afuera-grecia-caceres\/#primaryimage"},"thumbnailUrl":"https:\/\/lascriticas.com\/wp-content\/uploads\/2017\/05\/Grecia-Caceres-@Romain-Boutiliier.jpg","keywords":["escritora","familia","fragmento","Francia","mujer","novela","Per\u00fa","sociedad"],"articleSection":["Adelanto"],"inLanguage":"es","potentialAction":[{"@type":"CommentAction","name":"Comment","target":["https:\/\/lascriticas.com\/index.php\/2017\/06\/20\/fragmento-novela-mar-afuera-grecia-caceres\/#respond"]}]},{"@type":"WebPage","@id":"https:\/\/lascriticas.com\/index.php\/2017\/06\/20\/fragmento-novela-mar-afuera-grecia-caceres\/","url":"https:\/\/lascriticas.com\/index.php\/2017\/06\/20\/fragmento-novela-mar-afuera-grecia-caceres\/","name":"Fragmento de la novela \"Mar afuera\", de Grecia C\u00e1ceres - Las Cr\u00edticas","isPartOf":{"@id":"https:\/\/lascriticas.com\/#website"},"primaryImageOfPage":{"@id":"https:\/\/lascriticas.com\/index.php\/2017\/06\/20\/fragmento-novela-mar-afuera-grecia-caceres\/#primaryimage"},"image":{"@id":"https:\/\/lascriticas.com\/index.php\/2017\/06\/20\/fragmento-novela-mar-afuera-grecia-caceres\/#primaryimage"},"thumbnailUrl":"https:\/\/lascriticas.com\/wp-content\/uploads\/2017\/05\/Grecia-Caceres-@Romain-Boutiliier.jpg","datePublished":"2017-06-19T23:03:40+00:00","dateModified":"2017-09-25T21:26:31+00:00","description":"Este es un fragmento de la novela Mar afuera, de Grecia C\u00e1ceres, escritora peruana que reside en Par\u00eds, publicada en el Per\u00fa.","breadcrumb":{"@id":"https:\/\/lascriticas.com\/index.php\/2017\/06\/20\/fragmento-novela-mar-afuera-grecia-caceres\/#breadcrumb"},"inLanguage":"es","potentialAction":[{"@type":"ReadAction","target":["https:\/\/lascriticas.com\/index.php\/2017\/06\/20\/fragmento-novela-mar-afuera-grecia-caceres\/"]}]},{"@type":"ImageObject","inLanguage":"es","@id":"https:\/\/lascriticas.com\/index.php\/2017\/06\/20\/fragmento-novela-mar-afuera-grecia-caceres\/#primaryimage","url":"https:\/\/lascriticas.com\/wp-content\/uploads\/2017\/05\/Grecia-Caceres-@Romain-Boutiliier.jpg","contentUrl":"https:\/\/lascriticas.com\/wp-content\/uploads\/2017\/05\/Grecia-Caceres-@Romain-Boutiliier.jpg","width":960,"height":960},{"@type":"BreadcrumbList","@id":"https:\/\/lascriticas.com\/index.php\/2017\/06\/20\/fragmento-novela-mar-afuera-grecia-caceres\/#breadcrumb","itemListElement":[{"@type":"ListItem","position":1,"name":"Inicio","item":"https:\/\/lascriticas.com\/"},{"@type":"ListItem","position":2,"name":"Fragmento de la novela \u00abMar afuera\u00bb, de Grecia C\u00e1ceres"}]},{"@type":"WebSite","@id":"https:\/\/lascriticas.com\/#website","url":"https:\/\/lascriticas.com\/","name":"Las Cr\u00edticas","description":"Cr\u00edtica literaria hecha por mujeres","publisher":{"@id":"https:\/\/lascriticas.com\/#organization"},"potentialAction":[{"@type":"SearchAction","target":{"@type":"EntryPoint","urlTemplate":"https:\/\/lascriticas.com\/?s={search_term_string}"},"query-input":{"@type":"PropertyValueSpecification","valueRequired":true,"valueName":"search_term_string"}}],"inLanguage":"es"},{"@type":"Organization","@id":"https:\/\/lascriticas.com\/#organization","name":"Las Cr\u00edticas","url":"https:\/\/lascriticas.com\/","logo":{"@type":"ImageObject","inLanguage":"es","@id":"https:\/\/lascriticas.com\/#\/schema\/logo\/image\/","url":"https:\/\/lascriticas.com\/wp-content\/uploads\/2016\/09\/Las-Cr\u00edticas.png","contentUrl":"https:\/\/lascriticas.com\/wp-content\/uploads\/2016\/09\/Las-Cr\u00edticas.png","width":372,"height":201,"caption":"Las Cr\u00edticas"},"image":{"@id":"https:\/\/lascriticas.com\/#\/schema\/logo\/image\/"},"sameAs":["https:\/\/www.facebook.com\/lascriticas\/","https:\/\/x.com\/LasCriticas_com","https:\/\/www.instagram.com\/lascriticas_com\/","https:\/\/www.youtube.com\/channel\/UCd7r-H6EJA4sSXGLX33_iHQ"]},{"@type":"Person","@id":"https:\/\/lascriticas.com\/#\/schema\/person\/034f51d6872bc80ea9a9c81dc1865c3f","name":"Grecia C\u00e1ceres","image":{"@type":"ImageObject","inLanguage":"es","@id":"https:\/\/lascriticas.com\/#\/schema\/person\/image\/","url":"https:\/\/secure.gravatar.com\/avatar\/744bd4782928ef3b1af5f4b53e90dd21?s=96&d=mm&r=g","contentUrl":"https:\/\/secure.gravatar.com\/avatar\/744bd4782928ef3b1af5f4b53e90dd21?s=96&d=mm&r=g","caption":"Grecia C\u00e1ceres"},"url":"https:\/\/lascriticas.com\/index.php\/author\/grecia-caceres\/"}]}},"_links":{"self":[{"href":"https:\/\/lascriticas.com\/index.php\/wp-json\/wp\/v2\/posts\/1612"}],"collection":[{"href":"https:\/\/lascriticas.com\/index.php\/wp-json\/wp\/v2\/posts"}],"about":[{"href":"https:\/\/lascriticas.com\/index.php\/wp-json\/wp\/v2\/types\/post"}],"author":[{"embeddable":true,"href":"https:\/\/lascriticas.com\/index.php\/wp-json\/wp\/v2\/users\/37"}],"replies":[{"embeddable":true,"href":"https:\/\/lascriticas.com\/index.php\/wp-json\/wp\/v2\/comments?post=1612"}],"version-history":[{"count":11,"href":"https:\/\/lascriticas.com\/index.php\/wp-json\/wp\/v2\/posts\/1612\/revisions"}],"predecessor-version":[{"id":1822,"href":"https:\/\/lascriticas.com\/index.php\/wp-json\/wp\/v2\/posts\/1612\/revisions\/1822"}],"wp:featuredmedia":[{"embeddable":true,"href":"https:\/\/lascriticas.com\/index.php\/wp-json\/wp\/v2\/media\/1615"}],"wp:attachment":[{"href":"https:\/\/lascriticas.com\/index.php\/wp-json\/wp\/v2\/media?parent=1612"}],"wp:term":[{"taxonomy":"category","embeddable":true,"href":"https:\/\/lascriticas.com\/index.php\/wp-json\/wp\/v2\/categories?post=1612"},{"taxonomy":"post_tag","embeddable":true,"href":"https:\/\/lascriticas.com\/index.php\/wp-json\/wp\/v2\/tags?post=1612"}],"curies":[{"name":"wp","href":"https:\/\/api.w.org\/{rel}","templated":true}]}}