{"id":1578,"date":"2017-05-12T19:07:04","date_gmt":"2017-05-12T17:07:04","guid":{"rendered":"http:\/\/lascriticas.com\/?p=1578"},"modified":"2017-10-25T12:56:08","modified_gmt":"2017-10-25T10:56:08","slug":"ser-madre","status":"publish","type":"post","link":"https:\/\/lascriticas.com\/index.php\/2017\/05\/12\/ser-madre\/","title":{"rendered":"Todas las madres. Modos de ser o no ser madre"},"content":{"rendered":"<p style=\"text-align: justify;\">La maternidad, el ser madre, es ese salto hacia la materia desconocida. Idealizada durante siglos, la maternidad se observa hoy de un modo m\u00e1s honesto. Tener hijos es todo salvo una experiencia tranquila. La mayor parte de veces supone una fractura. Una rompe con el mundo como lo conoc\u00eda, con el entorno social, incluso con la pareja, a veces solo\u00a0consigo misma, pero de ning\u00fan modo queda intacta. Hay que dar mucho de s\u00ed, f\u00edsica y mentalmente. Una cree estar lista, haber visto lo suficiente, exprimido hasta la \u00faltima gota de su libertad y se siente capaz de acoger una vida. Pero la maternidad se revela como mucho m\u00e1s que eso, como un salto a lo desconocido, a la vulnerabilidad extrema, a la fatiga infinita, a un amor abrasador y tambi\u00e9n a ese odio de aspectos de una\u00a0misma que aparecen como reflejos magnificados\u00a0en el nuevo ser. Es un incesante ejercicio para situarse en el justo medio: saber dar y saber guardarse. Lo uno tan vital como lo otro.<\/p>\n<p style=\"text-align: justify;\">Hay miles de modos de ser madre. Y tambi\u00e9n de no serlo. En esta entrega, les invitamos a descubrir en <a href=\"http:\/\/lascriticas.com\/index.php\/2017\/05\/12\/tala-de-gabriela-mistral\/\"><strong><em>Tala<\/em><\/strong>, de Gabriela Mistral<\/a>, la mitificaci\u00f3n de la madre humana; el parto y la violencia obst\u00e9trica en <strong><a href=\"http:\/\/lascriticas.com\/index.php\/2017\/05\/12\/mi-padre-es-mi-madre-y-mi-madre-es-mi-padre\/\">\u00ab<\/a><a href=\"http:\/\/lascriticas.com\/index.php\/2017\/05\/12\/con-dolor-daras-luz-los-hijos-parto\/\">Con dolor dar\u00e1s a luz a tus hijos<\/a><a href=\"http:\/\/lascriticas.com\/index.php\/2017\/05\/12\/mi-padre-es-mi-madre-y-mi-madre-es-mi-padre\/\">\u00bb<\/a><\/strong>; el desaf\u00edo\u00a0de criar a gemelas, en <strong><a href=\"http:\/\/lascriticas.com\/index.php\/2017\/05\/12\/mi-padre-es-mi-madre-y-mi-madre-es-mi-padre\/\">\u00ab<\/a><a href=\"http:\/\/lascriticas.com\/index.php\/2017\/05\/12\/multiplicate-por-dos\/\">Multipl\u00edcate por dos<\/a><a href=\"http:\/\/lascriticas.com\/index.php\/2017\/05\/12\/mi-padre-es-mi-madre-y-mi-madre-es-mi-padre\/\">\u00bb<\/a><\/strong>; la llegada de los hijos y su partida, en clave po\u00e9tica, en los <a href=\"http:\/\/lascriticas.com\/index.php\/2017\/05\/12\/dos-poemas-sobre-maternidad\/\">dos poemas<\/a> de Yuliana Ortiz, y <strong><a href=\"http:\/\/lascriticas.com\/index.php\/2017\/05\/12\/mi-casa-de-cuervos\/\">Mi casa de cuervos<\/a><\/strong>, de Grecia C\u00e1ceres; el cuestionamiento a los roles otorgados en la familia, en\u00a0<strong><a href=\"http:\/\/lascriticas.com\/index.php\/2017\/05\/12\/mi-padre-es-mi-madre-y-mi-madre-es-mi-padre\/\">\u00abMi padre es mi madre y mi madre es mi padre\u00bb<\/a><\/strong>; la culpabilizaci\u00f3n social al rechazo de la maternidad en la <a href=\"http:\/\/lascriticas.com\/index.php\/2017\/05\/12\/la-figurante-de-a-b-yehoshua\/\">rese\u00f1a de <strong><em>La figurante<\/em><\/strong><\/a>, de A.B. Yehoshua; el rechazo de la maternidad plenamente asumido, en <strong><a href=\"http:\/\/lascriticas.com\/index.php\/2017\/05\/12\/nulipara-de-hoy\/\"><em>Nul\u00edpara de hoy<\/em><\/a><\/strong>, de Ofelia Huamanchumo; todos los cuestionamientos acerca de la maternidad que propone <a href=\"http:\/\/lascriticas.com\/index.php\/2017\/05\/12\/mamma-napoli-maternidad-y-amistad-en-dos-amigas-de-elena-ferrante\/\">la lectura de la tetralog\u00eda de Elena Ferrante <strong><em>Dos amigas<\/em><\/strong><\/a>; y la maternidad ejercida\u00a0como una suerte de fascismo en <a href=\"http:\/\/lascriticas.com\/index.php\/2016\/10\/31\/hildegart-o-el-proyecto-superwoman-de-barbara-casper\/\">la pel\u00edcula <\/a><em><strong>Hildegart o el proyecto superwoman<\/strong>.<\/em><\/p>\n<p style=\"text-align: justify;\">La\u00a0serie\u00a0<strong><span style=\"color: #0000ee;\"><u>El sue\u00f1o y la teta<\/u><\/span><\/strong>,\u00a0de Malena Mart\u00ednez, nos propone, finalmente, un recorrido por el inicio de la maternidad en im\u00e1genes.<\/p>\n<p>&nbsp;<\/p>\n<p>&nbsp;<\/p>\n","protected":false},"excerpt":{"rendered":"<p>La maternidad, el ser madre, es ese salto hacia la materia desconocida. Idealizada durante siglos, la maternidad se observa hoy de un modo m\u00e1s honesto. Tener hijos es todo salvo una experiencia tranquila. La mayor parte de veces supone una fractura. Una rompe con el mundo como lo conoc\u00eda, con el entorno social, incluso con&#8230;<\/p>\n","protected":false},"author":1,"featured_media":1597,"comment_status":"open","ping_status":"open","sticky":false,"template":"","format":"standard","meta":{"footnotes":""},"categories":[19],"tags":[316,51,49,219,50,85,57,88,59,220,58,54,55,92,108,103,87],"yoast_head":"<!-- This site is optimized with the Yoast SEO plugin v23.5 - https:\/\/yoast.com\/wordpress\/plugins\/seo\/ -->\n<title>Todas las madres. Modos de ser o no ser madre - Las Cr\u00edticas<\/title>\n<meta name=\"description\" content=\"Presentaci\u00f3n de la entrega especial de Las Cr\u00edticas dedicada a la maternidad, el ser o no ser madre, vistos desde diversos \u00e1ngulos.\" \/>\n<meta name=\"robots\" content=\"index, follow, max-snippet:-1, max-image-preview:large, max-video-preview:-1\" \/>\n<link rel=\"canonical\" href=\"https:\/\/lascriticas.com\/index.php\/2017\/05\/12\/ser-madre\/\" \/>\n<meta property=\"og:locale\" content=\"es_ES\" \/>\n<meta property=\"og:type\" content=\"article\" \/>\n<meta property=\"og:title\" content=\"Todas las madres. Modos de ser o no ser madre - Las Cr\u00edticas\" \/>\n<meta property=\"og:description\" content=\"Presentaci\u00f3n de la entrega especial de Las Cr\u00edticas dedicada a la maternidad, el ser o no ser madre, vistos desde diversos \u00e1ngulos.\" \/>\n<meta property=\"og:url\" content=\"https:\/\/lascriticas.com\/index.php\/2017\/05\/12\/ser-madre\/\" \/>\n<meta property=\"og:site_name\" content=\"Las Cr\u00edticas\" \/>\n<meta property=\"article:publisher\" content=\"https:\/\/www.facebook.com\/lascriticas\/\" \/>\n<meta property=\"article:published_time\" content=\"2017-05-12T17:07:04+00:00\" \/>\n<meta property=\"article:modified_time\" content=\"2017-10-25T10:56:08+00:00\" \/>\n<meta property=\"og:image\" content=\"https:\/\/lascriticas.com\/wp-content\/uploads\/2017\/05\/mom-large570.jpg\" \/>\n\t<meta property=\"og:image:width\" content=\"1080\" \/>\n\t<meta property=\"og:image:height\" content=\"599\" \/>\n\t<meta property=\"og:image:type\" content=\"image\/jpeg\" \/>\n<meta name=\"author\" content=\"Nataly Villena\" \/>\n<meta name=\"twitter:card\" content=\"summary_large_image\" \/>\n<meta name=\"twitter:creator\" content=\"@LasCriticas_com\" \/>\n<meta name=\"twitter:site\" content=\"@LasCriticas_com\" \/>\n<meta name=\"twitter:label1\" content=\"Escrito por\" \/>\n\t<meta name=\"twitter:data1\" content=\"Nataly Villena\" \/>\n\t<meta name=\"twitter:label2\" content=\"Tiempo de lectura\" \/>\n\t<meta name=\"twitter:data2\" content=\"2 minutos\" \/>\n<script type=\"application\/ld+json\" class=\"yoast-schema-graph\">{\"@context\":\"https:\/\/schema.org\",\"@graph\":[{\"@type\":\"Article\",\"@id\":\"https:\/\/lascriticas.com\/index.php\/2017\/05\/12\/ser-madre\/#article\",\"isPartOf\":{\"@id\":\"https:\/\/lascriticas.com\/index.php\/2017\/05\/12\/ser-madre\/\"},\"author\":{\"name\":\"Nataly Villena\",\"@id\":\"https:\/\/lascriticas.com\/#\/schema\/person\/d6d6b2c48587ed55bd0f8312241d40b5\"},\"headline\":\"Todas las madres. Modos de ser o no ser madre\",\"datePublished\":\"2017-05-12T17:07:04+00:00\",\"dateModified\":\"2017-10-25T10:56:08+00:00\",\"mainEntityOfPage\":{\"@id\":\"https:\/\/lascriticas.com\/index.php\/2017\/05\/12\/ser-madre\/\"},\"wordCount\":397,\"commentCount\":0,\"publisher\":{\"@id\":\"https:\/\/lascriticas.com\/#organization\"},\"image\":{\"@id\":\"https:\/\/lascriticas.com\/index.php\/2017\/05\/12\/ser-madre\/#primaryimage\"},\"thumbnailUrl\":\"https:\/\/lascriticas.com\/wp-content\/uploads\/2017\/05\/mom-large570.jpg\",\"keywords\":[\"editorial\",\"familia\",\"g\u00e9nero\",\"hijos\",\"infancia\",\"lo femenino\",\"maternidad\",\"mujer\",\"mujeres\",\"parto\",\"paternidad\",\"poemas\",\"poes\u00eda\",\"relato\",\"sociedad\",\"testimonio\",\"violencia\"],\"articleSection\":[\"An\u00e1lisis\"],\"inLanguage\":\"es\",\"potentialAction\":[{\"@type\":\"CommentAction\",\"name\":\"Comment\",\"target\":[\"https:\/\/lascriticas.com\/index.php\/2017\/05\/12\/ser-madre\/#respond\"]}]},{\"@type\":\"WebPage\",\"@id\":\"https:\/\/lascriticas.com\/index.php\/2017\/05\/12\/ser-madre\/\",\"url\":\"https:\/\/lascriticas.com\/index.php\/2017\/05\/12\/ser-madre\/\",\"name\":\"Todas las madres. Modos de ser o no ser madre - Las Cr\u00edticas\",\"isPartOf\":{\"@id\":\"https:\/\/lascriticas.com\/#website\"},\"primaryImageOfPage\":{\"@id\":\"https:\/\/lascriticas.com\/index.php\/2017\/05\/12\/ser-madre\/#primaryimage\"},\"image\":{\"@id\":\"https:\/\/lascriticas.com\/index.php\/2017\/05\/12\/ser-madre\/#primaryimage\"},\"thumbnailUrl\":\"https:\/\/lascriticas.com\/wp-content\/uploads\/2017\/05\/mom-large570.jpg\",\"datePublished\":\"2017-05-12T17:07:04+00:00\",\"dateModified\":\"2017-10-25T10:56:08+00:00\",\"description\":\"Presentaci\u00f3n de la entrega especial de Las Cr\u00edticas dedicada a la maternidad, el ser o no ser madre, vistos desde diversos \u00e1ngulos.\",\"breadcrumb\":{\"@id\":\"https:\/\/lascriticas.com\/index.php\/2017\/05\/12\/ser-madre\/#breadcrumb\"},\"inLanguage\":\"es\",\"potentialAction\":[{\"@type\":\"ReadAction\",\"target\":[\"https:\/\/lascriticas.com\/index.php\/2017\/05\/12\/ser-madre\/\"]}]},{\"@type\":\"ImageObject\",\"inLanguage\":\"es\",\"@id\":\"https:\/\/lascriticas.com\/index.php\/2017\/05\/12\/ser-madre\/#primaryimage\",\"url\":\"https:\/\/lascriticas.com\/wp-content\/uploads\/2017\/05\/mom-large570.jpg\",\"contentUrl\":\"https:\/\/lascriticas.com\/wp-content\/uploads\/2017\/05\/mom-large570.jpg\",\"width\":1080,\"height\":599,\"caption\":\"Detalle de madre con su ni\u00f1o reci\u00e9n nacido\"},{\"@type\":\"BreadcrumbList\",\"@id\":\"https:\/\/lascriticas.com\/index.php\/2017\/05\/12\/ser-madre\/#breadcrumb\",\"itemListElement\":[{\"@type\":\"ListItem\",\"position\":1,\"name\":\"Inicio\",\"item\":\"https:\/\/lascriticas.com\/\"},{\"@type\":\"ListItem\",\"position\":2,\"name\":\"Todas las madres. Modos de ser o no ser madre\"}]},{\"@type\":\"WebSite\",\"@id\":\"https:\/\/lascriticas.com\/#website\",\"url\":\"https:\/\/lascriticas.com\/\",\"name\":\"Las Cr\u00edticas\",\"description\":\"Cr\u00edtica literaria hecha por mujeres\",\"publisher\":{\"@id\":\"https:\/\/lascriticas.com\/#organization\"},\"potentialAction\":[{\"@type\":\"SearchAction\",\"target\":{\"@type\":\"EntryPoint\",\"urlTemplate\":\"https:\/\/lascriticas.com\/?s={search_term_string}\"},\"query-input\":{\"@type\":\"PropertyValueSpecification\",\"valueRequired\":true,\"valueName\":\"search_term_string\"}}],\"inLanguage\":\"es\"},{\"@type\":\"Organization\",\"@id\":\"https:\/\/lascriticas.com\/#organization\",\"name\":\"Las Cr\u00edticas\",\"url\":\"https:\/\/lascriticas.com\/\",\"logo\":{\"@type\":\"ImageObject\",\"inLanguage\":\"es\",\"@id\":\"https:\/\/lascriticas.com\/#\/schema\/logo\/image\/\",\"url\":\"https:\/\/lascriticas.com\/wp-content\/uploads\/2016\/09\/Las-Cr\u00edticas.png\",\"contentUrl\":\"https:\/\/lascriticas.com\/wp-content\/uploads\/2016\/09\/Las-Cr\u00edticas.png\",\"width\":372,\"height\":201,\"caption\":\"Las Cr\u00edticas\"},\"image\":{\"@id\":\"https:\/\/lascriticas.com\/#\/schema\/logo\/image\/\"},\"sameAs\":[\"https:\/\/www.facebook.com\/lascriticas\/\",\"https:\/\/x.com\/LasCriticas_com\",\"https:\/\/www.instagram.com\/lascriticas_com\/\",\"https:\/\/www.youtube.com\/channel\/UCd7r-H6EJA4sSXGLX33_iHQ\"]},{\"@type\":\"Person\",\"@id\":\"https:\/\/lascriticas.com\/#\/schema\/person\/d6d6b2c48587ed55bd0f8312241d40b5\",\"name\":\"Nataly Villena\",\"image\":{\"@type\":\"ImageObject\",\"inLanguage\":\"es\",\"@id\":\"https:\/\/lascriticas.com\/#\/schema\/person\/image\/\",\"url\":\"https:\/\/secure.gravatar.com\/avatar\/ddb8dc9b399b88ad441934c4e474adba?s=96&d=mm&r=g\",\"contentUrl\":\"https:\/\/secure.gravatar.com\/avatar\/ddb8dc9b399b88ad441934c4e474adba?s=96&d=mm&r=g\",\"caption\":\"Nataly Villena\"},\"url\":\"https:\/\/lascriticas.com\/index.php\/author\/admin4220\/\"}]}<\/script>\n<!-- \/ Yoast SEO plugin. -->","yoast_head_json":{"title":"Todas las madres. Modos de ser o no ser madre - Las Cr\u00edticas","description":"Presentaci\u00f3n de la entrega especial de Las Cr\u00edticas dedicada a la maternidad, el ser o no ser madre, vistos desde diversos \u00e1ngulos.","robots":{"index":"index","follow":"follow","max-snippet":"max-snippet:-1","max-image-preview":"max-image-preview:large","max-video-preview":"max-video-preview:-1"},"canonical":"https:\/\/lascriticas.com\/index.php\/2017\/05\/12\/ser-madre\/","og_locale":"es_ES","og_type":"article","og_title":"Todas las madres. Modos de ser o no ser madre - Las Cr\u00edticas","og_description":"Presentaci\u00f3n de la entrega especial de Las Cr\u00edticas dedicada a la maternidad, el ser o no ser madre, vistos desde diversos \u00e1ngulos.","og_url":"https:\/\/lascriticas.com\/index.php\/2017\/05\/12\/ser-madre\/","og_site_name":"Las Cr\u00edticas","article_publisher":"https:\/\/www.facebook.com\/lascriticas\/","article_published_time":"2017-05-12T17:07:04+00:00","article_modified_time":"2017-10-25T10:56:08+00:00","og_image":[{"width":1080,"height":599,"url":"https:\/\/lascriticas.com\/wp-content\/uploads\/2017\/05\/mom-large570.jpg","type":"image\/jpeg"}],"author":"Nataly Villena","twitter_card":"summary_large_image","twitter_creator":"@LasCriticas_com","twitter_site":"@LasCriticas_com","twitter_misc":{"Escrito por":"Nataly Villena","Tiempo de lectura":"2 minutos"},"schema":{"@context":"https:\/\/schema.org","@graph":[{"@type":"Article","@id":"https:\/\/lascriticas.com\/index.php\/2017\/05\/12\/ser-madre\/#article","isPartOf":{"@id":"https:\/\/lascriticas.com\/index.php\/2017\/05\/12\/ser-madre\/"},"author":{"name":"Nataly Villena","@id":"https:\/\/lascriticas.com\/#\/schema\/person\/d6d6b2c48587ed55bd0f8312241d40b5"},"headline":"Todas las madres. Modos de ser o no ser madre","datePublished":"2017-05-12T17:07:04+00:00","dateModified":"2017-10-25T10:56:08+00:00","mainEntityOfPage":{"@id":"https:\/\/lascriticas.com\/index.php\/2017\/05\/12\/ser-madre\/"},"wordCount":397,"commentCount":0,"publisher":{"@id":"https:\/\/lascriticas.com\/#organization"},"image":{"@id":"https:\/\/lascriticas.com\/index.php\/2017\/05\/12\/ser-madre\/#primaryimage"},"thumbnailUrl":"https:\/\/lascriticas.com\/wp-content\/uploads\/2017\/05\/mom-large570.jpg","keywords":["editorial","familia","g\u00e9nero","hijos","infancia","lo femenino","maternidad","mujer","mujeres","parto","paternidad","poemas","poes\u00eda","relato","sociedad","testimonio","violencia"],"articleSection":["An\u00e1lisis"],"inLanguage":"es","potentialAction":[{"@type":"CommentAction","name":"Comment","target":["https:\/\/lascriticas.com\/index.php\/2017\/05\/12\/ser-madre\/#respond"]}]},{"@type":"WebPage","@id":"https:\/\/lascriticas.com\/index.php\/2017\/05\/12\/ser-madre\/","url":"https:\/\/lascriticas.com\/index.php\/2017\/05\/12\/ser-madre\/","name":"Todas las madres. Modos de ser o no ser madre - Las Cr\u00edticas","isPartOf":{"@id":"https:\/\/lascriticas.com\/#website"},"primaryImageOfPage":{"@id":"https:\/\/lascriticas.com\/index.php\/2017\/05\/12\/ser-madre\/#primaryimage"},"image":{"@id":"https:\/\/lascriticas.com\/index.php\/2017\/05\/12\/ser-madre\/#primaryimage"},"thumbnailUrl":"https:\/\/lascriticas.com\/wp-content\/uploads\/2017\/05\/mom-large570.jpg","datePublished":"2017-05-12T17:07:04+00:00","dateModified":"2017-10-25T10:56:08+00:00","description":"Presentaci\u00f3n de la entrega especial de Las Cr\u00edticas dedicada a la maternidad, el ser o no ser madre, vistos desde diversos \u00e1ngulos.","breadcrumb":{"@id":"https:\/\/lascriticas.com\/index.php\/2017\/05\/12\/ser-madre\/#breadcrumb"},"inLanguage":"es","potentialAction":[{"@type":"ReadAction","target":["https:\/\/lascriticas.com\/index.php\/2017\/05\/12\/ser-madre\/"]}]},{"@type":"ImageObject","inLanguage":"es","@id":"https:\/\/lascriticas.com\/index.php\/2017\/05\/12\/ser-madre\/#primaryimage","url":"https:\/\/lascriticas.com\/wp-content\/uploads\/2017\/05\/mom-large570.jpg","contentUrl":"https:\/\/lascriticas.com\/wp-content\/uploads\/2017\/05\/mom-large570.jpg","width":1080,"height":599,"caption":"Detalle de madre con su ni\u00f1o reci\u00e9n nacido"},{"@type":"BreadcrumbList","@id":"https:\/\/lascriticas.com\/index.php\/2017\/05\/12\/ser-madre\/#breadcrumb","itemListElement":[{"@type":"ListItem","position":1,"name":"Inicio","item":"https:\/\/lascriticas.com\/"},{"@type":"ListItem","position":2,"name":"Todas las madres. Modos de ser o no ser madre"}]},{"@type":"WebSite","@id":"https:\/\/lascriticas.com\/#website","url":"https:\/\/lascriticas.com\/","name":"Las Cr\u00edticas","description":"Cr\u00edtica literaria hecha por mujeres","publisher":{"@id":"https:\/\/lascriticas.com\/#organization"},"potentialAction":[{"@type":"SearchAction","target":{"@type":"EntryPoint","urlTemplate":"https:\/\/lascriticas.com\/?s={search_term_string}"},"query-input":{"@type":"PropertyValueSpecification","valueRequired":true,"valueName":"search_term_string"}}],"inLanguage":"es"},{"@type":"Organization","@id":"https:\/\/lascriticas.com\/#organization","name":"Las Cr\u00edticas","url":"https:\/\/lascriticas.com\/","logo":{"@type":"ImageObject","inLanguage":"es","@id":"https:\/\/lascriticas.com\/#\/schema\/logo\/image\/","url":"https:\/\/lascriticas.com\/wp-content\/uploads\/2016\/09\/Las-Cr\u00edticas.png","contentUrl":"https:\/\/lascriticas.com\/wp-content\/uploads\/2016\/09\/Las-Cr\u00edticas.png","width":372,"height":201,"caption":"Las Cr\u00edticas"},"image":{"@id":"https:\/\/lascriticas.com\/#\/schema\/logo\/image\/"},"sameAs":["https:\/\/www.facebook.com\/lascriticas\/","https:\/\/x.com\/LasCriticas_com","https:\/\/www.instagram.com\/lascriticas_com\/","https:\/\/www.youtube.com\/channel\/UCd7r-H6EJA4sSXGLX33_iHQ"]},{"@type":"Person","@id":"https:\/\/lascriticas.com\/#\/schema\/person\/d6d6b2c48587ed55bd0f8312241d40b5","name":"Nataly Villena","image":{"@type":"ImageObject","inLanguage":"es","@id":"https:\/\/lascriticas.com\/#\/schema\/person\/image\/","url":"https:\/\/secure.gravatar.com\/avatar\/ddb8dc9b399b88ad441934c4e474adba?s=96&d=mm&r=g","contentUrl":"https:\/\/secure.gravatar.com\/avatar\/ddb8dc9b399b88ad441934c4e474adba?s=96&d=mm&r=g","caption":"Nataly Villena"},"url":"https:\/\/lascriticas.com\/index.php\/author\/admin4220\/"}]}},"_links":{"self":[{"href":"https:\/\/lascriticas.com\/index.php\/wp-json\/wp\/v2\/posts\/1578"}],"collection":[{"href":"https:\/\/lascriticas.com\/index.php\/wp-json\/wp\/v2\/posts"}],"about":[{"href":"https:\/\/lascriticas.com\/index.php\/wp-json\/wp\/v2\/types\/post"}],"author":[{"embeddable":true,"href":"https:\/\/lascriticas.com\/index.php\/wp-json\/wp\/v2\/users\/1"}],"replies":[{"embeddable":true,"href":"https:\/\/lascriticas.com\/index.php\/wp-json\/wp\/v2\/comments?post=1578"}],"version-history":[{"count":8,"href":"https:\/\/lascriticas.com\/index.php\/wp-json\/wp\/v2\/posts\/1578\/revisions"}],"predecessor-version":[{"id":1833,"href":"https:\/\/lascriticas.com\/index.php\/wp-json\/wp\/v2\/posts\/1578\/revisions\/1833"}],"wp:featuredmedia":[{"embeddable":true,"href":"https:\/\/lascriticas.com\/index.php\/wp-json\/wp\/v2\/media\/1597"}],"wp:attachment":[{"href":"https:\/\/lascriticas.com\/index.php\/wp-json\/wp\/v2\/media?parent=1578"}],"wp:term":[{"taxonomy":"category","embeddable":true,"href":"https:\/\/lascriticas.com\/index.php\/wp-json\/wp\/v2\/categories?post=1578"},{"taxonomy":"post_tag","embeddable":true,"href":"https:\/\/lascriticas.com\/index.php\/wp-json\/wp\/v2\/tags?post=1578"}],"curies":[{"name":"wp","href":"https:\/\/api.w.org\/{rel}","templated":true}]}}