{"id":1546,"date":"2017-05-12T19:52:31","date_gmt":"2017-05-12T17:52:31","guid":{"rendered":"http:\/\/lascriticas.com\/?p=1546"},"modified":"2017-05-12T19:52:31","modified_gmt":"2017-05-12T17:52:31","slug":"multiplicate-por-dos","status":"publish","type":"post","link":"https:\/\/lascriticas.com\/index.php\/2017\/05\/12\/multiplicate-por-dos\/","title":{"rendered":"Multipl\u00edcate por dos"},"content":{"rendered":"<p style=\"text-align: justify;\">No te creas nada de lo que te cuenten sobre la maternidad, ni lo bueno ni lo malo. No creas ni lo que voy a decirte en este art\u00edculo porque hay algo en todo este tema que es esencial: <strong>la maternidad es algo muy personal<\/strong>. Cada una lo vive como quiere, puede o le dejan.<\/p>\n<p style=\"text-align: justify;\">En mi maternidad hubo un elemento sorprendente. Nosotros (mi marido y yo) est\u00e1bamos buscando el embarazo pero no pod\u00edamos ni so\u00f1ar que fueran a venir dos de golpe. Sin embargo as\u00ed fue y cuando nos dijeron que esper\u00e1bamos gemelos nos echamos a re\u00edr\u2026 Inconscientes.<\/p>\n<p style=\"text-align: justify;\">S\u00ed, digo bien, inconscientes porque no sab\u00edamos que nos \u00edbamos a enfrentar a un embarazo muy problem\u00e1tico (con s\u00edndrome de transfusi\u00f3n feto fetal incluido), y porque la carga de trabajo que dos beb\u00e9s traen consigo es brutal. Contribuy\u00f3 bastante a nuestra inconsciencia sobre el trabajo, el hecho de iban a ser nuestras primeras hijas (suena raro \u00bfno?).<\/p>\n<p style=\"text-align: justify;\">Abordamos el embarazo como pudimos, con la angustia de una operaci\u00f3n en el sexto mes de embarazo y un reposo severo. En la semana treinta y seis (casi treinta y siete) programaron una ces\u00e1rea y conoc\u00ed a mis hijas, Julia y Patricia. Pasaron solo una semana en la incubadora, no es mucho tiempo si te paras a pensarlo, lo justo para ir haci\u00e9ndote a la idea de lo que se te viene encima. Sin embargo reconozco que en aquel momento se nos hizo un mundo y sub\u00edamos cada tres horas a ver c\u00f3mo iban avanzando.<\/p>\n<p style=\"text-align: justify;\">Ninguno de los dos lo sab\u00edamos, pero el d\u00eda que cruzamos las puertas de casa con los capazos de las ni\u00f1as daba oficialmente comienzo una de las \u00e9pocas m\u00e1s agotadoras de nuestra existencia y que viene durando diez a\u00f1os. El agotamiento ha ido variando seg\u00fan lo han hecho ellas. Al principio ten\u00edamos unas diecis\u00e9is tomas diarias (ocho cada ni\u00f1a), diecis\u00e9is cambios de pa\u00f1ales, dos ba\u00f1os diarios y muy pocas horas de sue\u00f1o. En ese plan os pod\u00e9is imaginar que hab\u00eda ocasiones en las que no sab\u00eda ni en qu\u00e9 mundo viv\u00eda. Me ca\u00eda de la cama tratando de llegar a la cuna donde me hab\u00eda parecido o\u00edrlas llorar o, de repente, me encontraba en su habitaci\u00f3n sin saber c\u00f3mo hab\u00eda llegado hasta all\u00ed. Despu\u00e9s pasamos a las papillas y cocin\u00e1bamos cantidades industriales, como si un regimiento de militares desdentados fuera a venir a comer a casa un d\u00eda s\u00ed y otro tambi\u00e9n. Mi calidad de vida se resinti\u00f3 (s\u00e9 que esto suena fatal viniendo de una madre, pero no deja de ser cierto). Sin embargo, al tiempo que comenc\u00e9 a sentir ese agotamiento (casi perpetuo) tambi\u00e9n sent\u00ed un enamoramiento brutal. No s\u00e9, creo que nunca he estado tan enamorada de otras personas como lo estoy de ellas (entended que es una forma diferente de lo que siento por mi compa\u00f1ero de vicisitudes). El arrobamiento era extraordinario, las miraba y lloraba, las miraba y me re\u00eda, las miraba\u2026 y me ca\u00eda de sue\u00f1o. Ahora contin\u00fao enamorada pero de otra forma, digamos que tengo el sentimiento bajo control.<\/p>\n<p style=\"text-align: justify;\">Una de las cosas que debo agradecer a mis hijas y mi marido (hay m\u00e1s pero quiero hacer menci\u00f3n a esta), es que me han ayudado a superar complejos. A m\u00ed me encantaba escribir, pero pensaba que lo hac\u00eda fatal. Estaba tan angustiada con el hecho de hacerlo mal que ni siquiera me permit\u00eda escribir, no es que quemase las cosas, es que no pod\u00eda escribir una l\u00ednea. Luego nacieron ellas y pas\u00e9 a hacer tantas cosas y asumir tantas responsabilidades, que llegu\u00e9 a la conclusi\u00f3n (ilusa de m\u00ed) de que pod\u00eda escribir, subir una monta\u00f1a o hacer lo que me diera la gana. Y aqu\u00ed me ten\u00e9is, dando la tabarra a base de bien. \u00bfHabr\u00eda llegado a afrontar mi deseo de escribir sin ellas? No lo s\u00e9, creo que habr\u00eda tardado m\u00e1s tiempo o tal vez no lo habr\u00eda hecho porque despu\u00e9s de todo en treinta y tres a\u00f1os no hab\u00eda logrado hilar palabra.<\/p>\n<p style=\"text-align: justify;\">Por otro lado, tener hijas gemelas es una de las cosas m\u00e1s curiosas que te pueden pasar. Imaginad a dos personas gen\u00e9ticamente id\u00e9nticas, pero diferentes en su forma de ser. Completamente distintas y requiriendo una atenci\u00f3n que tambi\u00e9n debe adaptarse a cada una. Hemos querido que tuvieran siempre conciencia de que no son la misma persona, que se les da un trato individual. Y es que una de las preocupaciones que he tenido es la forma en la que los dem\u00e1s se refieren a los gemelos (tambi\u00e9n determinados mellizos) como si fueran un ente, no individuos. Eso es algo que me enfada mucho, lo reconozco. Los gemelares no son un espect\u00e1culo circense, no van siempre iguales, no sienten dolor si le pegan a su hermano en la otra punta del mundo, ni le duelen los pies cuando su hermana lleva unos tacones de doce cent\u00edmetros (aunque a ese punto todav\u00eda no hemos llegado). Eso s\u00ed, se contagian las enfermedades, como casi todos los hermanos de edades similares, en un plazo que suele rondar las setenta y dos horas. Me gustar\u00eda que las personas que nos rodean fueran conscientes de esta circunstancia y las valorasen por lo que son cada una, porque creo que cada ni\u00f1o tiene mucho que ofrecer. Otra cosa que me fastidiaba mucho cuando eran peque\u00f1as es que hab\u00eda gente que pr\u00e1cticamente me daba el p\u00e9same por tener dos ni\u00f1as al mismo tiempo (me entraban unas ganas de arrearles con lo primero que tuviera entre manos), por no hablar de los que me suger\u00edan que era mejor que hubiera tenido una ni\u00f1a y un ni\u00f1o al mismo tiempo\u2026 como si fuera posible elegir o fuera a emparejarlos como parte de una camada de canarios. Cuando eres madre (o padre) de gemelos tienes que escuchar estupideces frente a las que no siempre puedes reaccionar.<\/p>\n<p style=\"text-align: justify;\">Tener una compa\u00f1era de juegos de forma permanente es algo id\u00edlico para cualquier ni\u00f1a (o ni\u00f1o) del mundo y as\u00ed se pasan la vida, dibujando, jugando, ri\u00f1endo (a ratos) y riendo. Debe ser algo muy especial tener a quien se vincule a ti de esa manera, ya antes de nacer. A veces les pregunto qu\u00e9 se siente siendo gemelas y me responden que nada, creo que es porque no se han parado a reflexionar o quieren mantener en secreto lo que efectivamente guarda de especial esa relaci\u00f3n (insisto es especial, no paranormal).<\/p>\n<p style=\"text-align: justify;\">He aprendido mucho con ellas y me queda mucho camino por andar. Es un camino desigual tiene trechos llanos y anchos; curvas empinadas; peque\u00f1as lomas y monta\u00f1as que cuesta la vida misma subir. Hay que ajustarse al momento y disfrutarlo porque no sabes qu\u00e9 vas a encontrar despu\u00e9s. Es un trabajo constante, como de artesano que estuviera realizando la obra de su vida, esperando que uniendo una pieza de aqu\u00ed otra de all\u00ed, puliendo, recomponiendo y pegando, la obra que surgi\u00f3 (casi por sorpresa) llegu\u00e9 a ser espl\u00e9ndida. Me gustar\u00eda que fueran personas felices y debo prestar toda mi colaboraci\u00f3n para que as\u00ed sea.<\/p>\n<p style=\"text-align: justify;\">La maternidad no es la panacea para solucionar problemas, ni aquello a lo que ninguna mujer debe tender. Creo\u00a0 que una mujer no es menos ni m\u00e1s por el hecho de no ser madre. La maternidad no es un valle de l\u00e1grimas, ni un estado perpetuo de alegr\u00eda. Es una experiencia personal en la que hay de todo. Si adem\u00e1s tienes la\u00a0 (buena) suerte de poner dos beb\u00e9s al mismo tiempo en tu vida, la experiencia aumenta potencialmente su intensidad en todos los aspectos. As\u00ed que si inesperadamente te toca multiplicarte por dos, no lo dudes, est\u00e1s de suerte, pero cu\u00eddate mucho, descansa todo lo que puedas, no te obsesiones con la perfecci\u00f3n (no existe) y aprende a delegar.<\/p>\n<p style=\"text-align: justify;\"><span style=\"font-size: 10px;\">Foto: Ariko Inaoka.<\/span><\/p>\n<hr \/>\n<p style=\"text-align: justify;\"><span style=\"font-family: 'trebuchet ms', geneva, sans-serif;\"><a href=\"http:\/\/lascriticas.com\/index.php\/lascriticas\/anabel-rodriguez\/\"><strong>Anabel Rodr\u00edguez<\/strong><\/a> se define como \u00ababogada, escritora y domadora de fieras\u00bb. Escribe para El Correo de Andaluc\u00eda. Su novela Azar\u00eda ha sido un \u00e9xito en Espa\u00f1a. Escribe regularmente en su blog\u00a0<a href=\"http:\/\/anabelrodriguezescritora.com\">http:\/\/anabelrodriguezescritora.com<\/a><\/span><\/p>\n","protected":false},"excerpt":{"rendered":"<p>No te creas nada de lo que te cuenten sobre la maternidad, ni lo bueno ni lo malo. No creas ni lo que voy a decirte en este art\u00edculo porque hay algo en todo este tema que es esencial: la maternidad es algo muy personal. Cada una lo vive como quiere, puede o le dejan&#8230;.<\/p>\n","protected":false},"author":18,"featured_media":1552,"comment_status":"open","ping_status":"open","sticky":false,"template":"","format":"standard","meta":{"footnotes":""},"categories":[19],"tags":[236,226,51,57,88,59,232,231,220],"yoast_head":"<!-- This site is optimized with the Yoast SEO plugin v23.5 - https:\/\/yoast.com\/wordpress\/plugins\/seo\/ -->\n<title>Multipl\u00edcate por dos - Las Cr\u00edticas<\/title>\n<meta name=\"description\" content=\"&quot;no pod\u00edamos ni so\u00f1ar que fueran a venir dos de golpe. Sin embargo as\u00ed fue y cuando nos dijeron que esper\u00e1bamos gemelos nos echamos a re\u00edr...&quot;\" \/>\n<meta name=\"robots\" content=\"index, follow, max-snippet:-1, max-image-preview:large, max-video-preview:-1\" \/>\n<link rel=\"canonical\" href=\"https:\/\/lascriticas.com\/index.php\/2017\/05\/12\/multiplicate-por-dos\/\" \/>\n<meta property=\"og:locale\" content=\"es_ES\" \/>\n<meta property=\"og:type\" content=\"article\" \/>\n<meta property=\"og:title\" content=\"Multipl\u00edcate por dos - Las Cr\u00edticas\" \/>\n<meta property=\"og:description\" content=\"&quot;no pod\u00edamos ni so\u00f1ar que fueran a venir dos de golpe. Sin embargo as\u00ed fue y cuando nos dijeron que esper\u00e1bamos gemelos nos echamos a re\u00edr...&quot;\" \/>\n<meta property=\"og:url\" content=\"https:\/\/lascriticas.com\/index.php\/2017\/05\/12\/multiplicate-por-dos\/\" \/>\n<meta property=\"og:site_name\" content=\"Las Cr\u00edticas\" \/>\n<meta property=\"article:publisher\" content=\"https:\/\/www.facebook.com\/lascriticas\/\" \/>\n<meta property=\"article:published_time\" content=\"2017-05-12T17:52:31+00:00\" \/>\n<meta property=\"og:image\" content=\"https:\/\/lascriticas.com\/wp-content\/uploads\/2017\/05\/identical-twins-erna-hrefna-photography-iceland-ariko-inaoka-12.jpg\" \/>\n\t<meta property=\"og:image:width\" content=\"1080\" \/>\n\t<meta property=\"og:image:height\" content=\"553\" \/>\n\t<meta property=\"og:image:type\" content=\"image\/jpeg\" \/>\n<meta name=\"author\" content=\"Anabel Rodr\u00edguez\" \/>\n<meta name=\"twitter:card\" content=\"summary_large_image\" \/>\n<meta name=\"twitter:creator\" content=\"@LasCriticas_com\" \/>\n<meta name=\"twitter:site\" content=\"@LasCriticas_com\" \/>\n<meta name=\"twitter:label1\" content=\"Escrito por\" \/>\n\t<meta name=\"twitter:data1\" content=\"Anabel Rodr\u00edguez\" \/>\n\t<meta name=\"twitter:label2\" content=\"Tiempo de lectura\" \/>\n\t<meta name=\"twitter:data2\" content=\"7 minutos\" \/>\n<script type=\"application\/ld+json\" class=\"yoast-schema-graph\">{\"@context\":\"https:\/\/schema.org\",\"@graph\":[{\"@type\":\"Article\",\"@id\":\"https:\/\/lascriticas.com\/index.php\/2017\/05\/12\/multiplicate-por-dos\/#article\",\"isPartOf\":{\"@id\":\"https:\/\/lascriticas.com\/index.php\/2017\/05\/12\/multiplicate-por-dos\/\"},\"author\":{\"name\":\"Anabel Rodr\u00edguez\",\"@id\":\"https:\/\/lascriticas.com\/#\/schema\/person\/db538c2add338646ed92fdad884f16fc\"},\"headline\":\"Multipl\u00edcate por dos\",\"datePublished\":\"2017-05-12T17:52:31+00:00\",\"dateModified\":\"2017-05-12T17:52:31+00:00\",\"mainEntityOfPage\":{\"@id\":\"https:\/\/lascriticas.com\/index.php\/2017\/05\/12\/multiplicate-por-dos\/\"},\"wordCount\":1433,\"commentCount\":1,\"publisher\":{\"@id\":\"https:\/\/lascriticas.com\/#organization\"},\"image\":{\"@id\":\"https:\/\/lascriticas.com\/index.php\/2017\/05\/12\/multiplicate-por-dos\/#primaryimage\"},\"thumbnailUrl\":\"https:\/\/lascriticas.com\/wp-content\/uploads\/2017\/05\/identical-twins-erna-hrefna-photography-iceland-ariko-inaoka-12.jpg\",\"keywords\":[\"crianza\",\"embarazo\",\"familia\",\"maternidad\",\"mujer\",\"mujeres\",\"ni\u00f1o\",\"ni\u00f1os\",\"parto\"],\"articleSection\":[\"An\u00e1lisis\"],\"inLanguage\":\"es\",\"potentialAction\":[{\"@type\":\"CommentAction\",\"name\":\"Comment\",\"target\":[\"https:\/\/lascriticas.com\/index.php\/2017\/05\/12\/multiplicate-por-dos\/#respond\"]}]},{\"@type\":\"WebPage\",\"@id\":\"https:\/\/lascriticas.com\/index.php\/2017\/05\/12\/multiplicate-por-dos\/\",\"url\":\"https:\/\/lascriticas.com\/index.php\/2017\/05\/12\/multiplicate-por-dos\/\",\"name\":\"Multipl\u00edcate por dos - Las Cr\u00edticas\",\"isPartOf\":{\"@id\":\"https:\/\/lascriticas.com\/#website\"},\"primaryImageOfPage\":{\"@id\":\"https:\/\/lascriticas.com\/index.php\/2017\/05\/12\/multiplicate-por-dos\/#primaryimage\"},\"image\":{\"@id\":\"https:\/\/lascriticas.com\/index.php\/2017\/05\/12\/multiplicate-por-dos\/#primaryimage\"},\"thumbnailUrl\":\"https:\/\/lascriticas.com\/wp-content\/uploads\/2017\/05\/identical-twins-erna-hrefna-photography-iceland-ariko-inaoka-12.jpg\",\"datePublished\":\"2017-05-12T17:52:31+00:00\",\"dateModified\":\"2017-05-12T17:52:31+00:00\",\"description\":\"\\\"no pod\u00edamos ni so\u00f1ar que fueran a venir dos de golpe. Sin embargo as\u00ed fue y cuando nos dijeron que esper\u00e1bamos gemelos nos echamos a re\u00edr...\\\"\",\"breadcrumb\":{\"@id\":\"https:\/\/lascriticas.com\/index.php\/2017\/05\/12\/multiplicate-por-dos\/#breadcrumb\"},\"inLanguage\":\"es\",\"potentialAction\":[{\"@type\":\"ReadAction\",\"target\":[\"https:\/\/lascriticas.com\/index.php\/2017\/05\/12\/multiplicate-por-dos\/\"]}]},{\"@type\":\"ImageObject\",\"inLanguage\":\"es\",\"@id\":\"https:\/\/lascriticas.com\/index.php\/2017\/05\/12\/multiplicate-por-dos\/#primaryimage\",\"url\":\"https:\/\/lascriticas.com\/wp-content\/uploads\/2017\/05\/identical-twins-erna-hrefna-photography-iceland-ariko-inaoka-12.jpg\",\"contentUrl\":\"https:\/\/lascriticas.com\/wp-content\/uploads\/2017\/05\/identical-twins-erna-hrefna-photography-iceland-ariko-inaoka-12.jpg\",\"width\":1080,\"height\":553},{\"@type\":\"BreadcrumbList\",\"@id\":\"https:\/\/lascriticas.com\/index.php\/2017\/05\/12\/multiplicate-por-dos\/#breadcrumb\",\"itemListElement\":[{\"@type\":\"ListItem\",\"position\":1,\"name\":\"Inicio\",\"item\":\"https:\/\/lascriticas.com\/\"},{\"@type\":\"ListItem\",\"position\":2,\"name\":\"Multipl\u00edcate por dos\"}]},{\"@type\":\"WebSite\",\"@id\":\"https:\/\/lascriticas.com\/#website\",\"url\":\"https:\/\/lascriticas.com\/\",\"name\":\"Las Cr\u00edticas\",\"description\":\"Cr\u00edtica literaria hecha por mujeres\",\"publisher\":{\"@id\":\"https:\/\/lascriticas.com\/#organization\"},\"potentialAction\":[{\"@type\":\"SearchAction\",\"target\":{\"@type\":\"EntryPoint\",\"urlTemplate\":\"https:\/\/lascriticas.com\/?s={search_term_string}\"},\"query-input\":{\"@type\":\"PropertyValueSpecification\",\"valueRequired\":true,\"valueName\":\"search_term_string\"}}],\"inLanguage\":\"es\"},{\"@type\":\"Organization\",\"@id\":\"https:\/\/lascriticas.com\/#organization\",\"name\":\"Las Cr\u00edticas\",\"url\":\"https:\/\/lascriticas.com\/\",\"logo\":{\"@type\":\"ImageObject\",\"inLanguage\":\"es\",\"@id\":\"https:\/\/lascriticas.com\/#\/schema\/logo\/image\/\",\"url\":\"https:\/\/lascriticas.com\/wp-content\/uploads\/2016\/09\/Las-Cr\u00edticas.png\",\"contentUrl\":\"https:\/\/lascriticas.com\/wp-content\/uploads\/2016\/09\/Las-Cr\u00edticas.png\",\"width\":372,\"height\":201,\"caption\":\"Las Cr\u00edticas\"},\"image\":{\"@id\":\"https:\/\/lascriticas.com\/#\/schema\/logo\/image\/\"},\"sameAs\":[\"https:\/\/www.facebook.com\/lascriticas\/\",\"https:\/\/x.com\/LasCriticas_com\",\"https:\/\/www.instagram.com\/lascriticas_com\/\",\"https:\/\/www.youtube.com\/channel\/UCd7r-H6EJA4sSXGLX33_iHQ\"]},{\"@type\":\"Person\",\"@id\":\"https:\/\/lascriticas.com\/#\/schema\/person\/db538c2add338646ed92fdad884f16fc\",\"name\":\"Anabel Rodr\u00edguez\",\"image\":{\"@type\":\"ImageObject\",\"inLanguage\":\"es\",\"@id\":\"https:\/\/lascriticas.com\/#\/schema\/person\/image\/\",\"url\":\"https:\/\/secure.gravatar.com\/avatar\/ca78778aa105337dac4004bde9006016?s=96&d=mm&r=g\",\"contentUrl\":\"https:\/\/secure.gravatar.com\/avatar\/ca78778aa105337dac4004bde9006016?s=96&d=mm&r=g\",\"caption\":\"Anabel Rodr\u00edguez\"},\"url\":\"https:\/\/lascriticas.com\/index.php\/author\/anabel-rodriguez\/\"}]}<\/script>\n<!-- \/ Yoast SEO plugin. -->","yoast_head_json":{"title":"Multipl\u00edcate por dos - Las Cr\u00edticas","description":"\"no pod\u00edamos ni so\u00f1ar que fueran a venir dos de golpe. Sin embargo as\u00ed fue y cuando nos dijeron que esper\u00e1bamos gemelos nos echamos a re\u00edr...\"","robots":{"index":"index","follow":"follow","max-snippet":"max-snippet:-1","max-image-preview":"max-image-preview:large","max-video-preview":"max-video-preview:-1"},"canonical":"https:\/\/lascriticas.com\/index.php\/2017\/05\/12\/multiplicate-por-dos\/","og_locale":"es_ES","og_type":"article","og_title":"Multipl\u00edcate por dos - Las Cr\u00edticas","og_description":"\"no pod\u00edamos ni so\u00f1ar que fueran a venir dos de golpe. Sin embargo as\u00ed fue y cuando nos dijeron que esper\u00e1bamos gemelos nos echamos a re\u00edr...\"","og_url":"https:\/\/lascriticas.com\/index.php\/2017\/05\/12\/multiplicate-por-dos\/","og_site_name":"Las Cr\u00edticas","article_publisher":"https:\/\/www.facebook.com\/lascriticas\/","article_published_time":"2017-05-12T17:52:31+00:00","og_image":[{"width":1080,"height":553,"url":"https:\/\/lascriticas.com\/wp-content\/uploads\/2017\/05\/identical-twins-erna-hrefna-photography-iceland-ariko-inaoka-12.jpg","type":"image\/jpeg"}],"author":"Anabel Rodr\u00edguez","twitter_card":"summary_large_image","twitter_creator":"@LasCriticas_com","twitter_site":"@LasCriticas_com","twitter_misc":{"Escrito por":"Anabel Rodr\u00edguez","Tiempo de lectura":"7 minutos"},"schema":{"@context":"https:\/\/schema.org","@graph":[{"@type":"Article","@id":"https:\/\/lascriticas.com\/index.php\/2017\/05\/12\/multiplicate-por-dos\/#article","isPartOf":{"@id":"https:\/\/lascriticas.com\/index.php\/2017\/05\/12\/multiplicate-por-dos\/"},"author":{"name":"Anabel Rodr\u00edguez","@id":"https:\/\/lascriticas.com\/#\/schema\/person\/db538c2add338646ed92fdad884f16fc"},"headline":"Multipl\u00edcate por dos","datePublished":"2017-05-12T17:52:31+00:00","dateModified":"2017-05-12T17:52:31+00:00","mainEntityOfPage":{"@id":"https:\/\/lascriticas.com\/index.php\/2017\/05\/12\/multiplicate-por-dos\/"},"wordCount":1433,"commentCount":1,"publisher":{"@id":"https:\/\/lascriticas.com\/#organization"},"image":{"@id":"https:\/\/lascriticas.com\/index.php\/2017\/05\/12\/multiplicate-por-dos\/#primaryimage"},"thumbnailUrl":"https:\/\/lascriticas.com\/wp-content\/uploads\/2017\/05\/identical-twins-erna-hrefna-photography-iceland-ariko-inaoka-12.jpg","keywords":["crianza","embarazo","familia","maternidad","mujer","mujeres","ni\u00f1o","ni\u00f1os","parto"],"articleSection":["An\u00e1lisis"],"inLanguage":"es","potentialAction":[{"@type":"CommentAction","name":"Comment","target":["https:\/\/lascriticas.com\/index.php\/2017\/05\/12\/multiplicate-por-dos\/#respond"]}]},{"@type":"WebPage","@id":"https:\/\/lascriticas.com\/index.php\/2017\/05\/12\/multiplicate-por-dos\/","url":"https:\/\/lascriticas.com\/index.php\/2017\/05\/12\/multiplicate-por-dos\/","name":"Multipl\u00edcate por dos - Las Cr\u00edticas","isPartOf":{"@id":"https:\/\/lascriticas.com\/#website"},"primaryImageOfPage":{"@id":"https:\/\/lascriticas.com\/index.php\/2017\/05\/12\/multiplicate-por-dos\/#primaryimage"},"image":{"@id":"https:\/\/lascriticas.com\/index.php\/2017\/05\/12\/multiplicate-por-dos\/#primaryimage"},"thumbnailUrl":"https:\/\/lascriticas.com\/wp-content\/uploads\/2017\/05\/identical-twins-erna-hrefna-photography-iceland-ariko-inaoka-12.jpg","datePublished":"2017-05-12T17:52:31+00:00","dateModified":"2017-05-12T17:52:31+00:00","description":"\"no pod\u00edamos ni so\u00f1ar que fueran a venir dos de golpe. Sin embargo as\u00ed fue y cuando nos dijeron que esper\u00e1bamos gemelos nos echamos a re\u00edr...\"","breadcrumb":{"@id":"https:\/\/lascriticas.com\/index.php\/2017\/05\/12\/multiplicate-por-dos\/#breadcrumb"},"inLanguage":"es","potentialAction":[{"@type":"ReadAction","target":["https:\/\/lascriticas.com\/index.php\/2017\/05\/12\/multiplicate-por-dos\/"]}]},{"@type":"ImageObject","inLanguage":"es","@id":"https:\/\/lascriticas.com\/index.php\/2017\/05\/12\/multiplicate-por-dos\/#primaryimage","url":"https:\/\/lascriticas.com\/wp-content\/uploads\/2017\/05\/identical-twins-erna-hrefna-photography-iceland-ariko-inaoka-12.jpg","contentUrl":"https:\/\/lascriticas.com\/wp-content\/uploads\/2017\/05\/identical-twins-erna-hrefna-photography-iceland-ariko-inaoka-12.jpg","width":1080,"height":553},{"@type":"BreadcrumbList","@id":"https:\/\/lascriticas.com\/index.php\/2017\/05\/12\/multiplicate-por-dos\/#breadcrumb","itemListElement":[{"@type":"ListItem","position":1,"name":"Inicio","item":"https:\/\/lascriticas.com\/"},{"@type":"ListItem","position":2,"name":"Multipl\u00edcate por dos"}]},{"@type":"WebSite","@id":"https:\/\/lascriticas.com\/#website","url":"https:\/\/lascriticas.com\/","name":"Las Cr\u00edticas","description":"Cr\u00edtica literaria hecha por mujeres","publisher":{"@id":"https:\/\/lascriticas.com\/#organization"},"potentialAction":[{"@type":"SearchAction","target":{"@type":"EntryPoint","urlTemplate":"https:\/\/lascriticas.com\/?s={search_term_string}"},"query-input":{"@type":"PropertyValueSpecification","valueRequired":true,"valueName":"search_term_string"}}],"inLanguage":"es"},{"@type":"Organization","@id":"https:\/\/lascriticas.com\/#organization","name":"Las Cr\u00edticas","url":"https:\/\/lascriticas.com\/","logo":{"@type":"ImageObject","inLanguage":"es","@id":"https:\/\/lascriticas.com\/#\/schema\/logo\/image\/","url":"https:\/\/lascriticas.com\/wp-content\/uploads\/2016\/09\/Las-Cr\u00edticas.png","contentUrl":"https:\/\/lascriticas.com\/wp-content\/uploads\/2016\/09\/Las-Cr\u00edticas.png","width":372,"height":201,"caption":"Las Cr\u00edticas"},"image":{"@id":"https:\/\/lascriticas.com\/#\/schema\/logo\/image\/"},"sameAs":["https:\/\/www.facebook.com\/lascriticas\/","https:\/\/x.com\/LasCriticas_com","https:\/\/www.instagram.com\/lascriticas_com\/","https:\/\/www.youtube.com\/channel\/UCd7r-H6EJA4sSXGLX33_iHQ"]},{"@type":"Person","@id":"https:\/\/lascriticas.com\/#\/schema\/person\/db538c2add338646ed92fdad884f16fc","name":"Anabel Rodr\u00edguez","image":{"@type":"ImageObject","inLanguage":"es","@id":"https:\/\/lascriticas.com\/#\/schema\/person\/image\/","url":"https:\/\/secure.gravatar.com\/avatar\/ca78778aa105337dac4004bde9006016?s=96&d=mm&r=g","contentUrl":"https:\/\/secure.gravatar.com\/avatar\/ca78778aa105337dac4004bde9006016?s=96&d=mm&r=g","caption":"Anabel Rodr\u00edguez"},"url":"https:\/\/lascriticas.com\/index.php\/author\/anabel-rodriguez\/"}]}},"_links":{"self":[{"href":"https:\/\/lascriticas.com\/index.php\/wp-json\/wp\/v2\/posts\/1546"}],"collection":[{"href":"https:\/\/lascriticas.com\/index.php\/wp-json\/wp\/v2\/posts"}],"about":[{"href":"https:\/\/lascriticas.com\/index.php\/wp-json\/wp\/v2\/types\/post"}],"author":[{"embeddable":true,"href":"https:\/\/lascriticas.com\/index.php\/wp-json\/wp\/v2\/users\/18"}],"replies":[{"embeddable":true,"href":"https:\/\/lascriticas.com\/index.php\/wp-json\/wp\/v2\/comments?post=1546"}],"version-history":[{"count":5,"href":"https:\/\/lascriticas.com\/index.php\/wp-json\/wp\/v2\/posts\/1546\/revisions"}],"predecessor-version":[{"id":1553,"href":"https:\/\/lascriticas.com\/index.php\/wp-json\/wp\/v2\/posts\/1546\/revisions\/1553"}],"wp:featuredmedia":[{"embeddable":true,"href":"https:\/\/lascriticas.com\/index.php\/wp-json\/wp\/v2\/media\/1552"}],"wp:attachment":[{"href":"https:\/\/lascriticas.com\/index.php\/wp-json\/wp\/v2\/media?parent=1546"}],"wp:term":[{"taxonomy":"category","embeddable":true,"href":"https:\/\/lascriticas.com\/index.php\/wp-json\/wp\/v2\/categories?post=1546"},{"taxonomy":"post_tag","embeddable":true,"href":"https:\/\/lascriticas.com\/index.php\/wp-json\/wp\/v2\/tags?post=1546"}],"curies":[{"name":"wp","href":"https:\/\/api.w.org\/{rel}","templated":true}]}}