{"id":1478,"date":"2017-05-12T19:54:33","date_gmt":"2017-05-12T17:54:33","guid":{"rendered":"http:\/\/lascriticas.com\/?p=1478"},"modified":"2020-06-04T10:11:40","modified_gmt":"2020-06-04T08:11:40","slug":"mi-padre-es-mi-madre-y-mi-madre-es-mi-padre","status":"publish","type":"post","link":"https:\/\/lascriticas.com\/index.php\/2017\/05\/12\/mi-padre-es-mi-madre-y-mi-madre-es-mi-padre\/","title":{"rendered":"\u00abMi padre es mi madre y mi madre es mi padre\u00bb"},"content":{"rendered":"<h3 style=\"text-align: justify;\">Testimonio<\/h3>\n<p style=\"text-align: justify;\"><span style=\"font-size: 16px;\">\u00abMi padre es mi madre y mi madre es mi padre\u00bb. Se lo dec\u00eda a otras ni\u00f1as sin entender mucho de g\u00e9neros y roles. Dec\u00eda lo que sent\u00eda: era mi verdad. Qu\u00e9 modelo de madre pudo tener mi padre, que perdi\u00f3 a la suya a los once a\u00f1os, no lo s\u00e9. De ni\u00f1a recib\u00ed de \u00e9l su cari\u00f1o y un mar de emociones que arrop\u00e9 durante bastante tiempo con el nombre de ternura. A cambio yo le brindaba mi amor incondicional. Que mi padre muriera era el m\u00e1s terrible de los pensamientos, mucho peor que el de mi propia muerte. Supongo que esta relaci\u00f3n paternofilial condicion\u00f3 de por vida mi trato con los hombres: siempre he tenido buenos amigos, amigos verdaderos varones. Sin esa huella masculina, mi biograf\u00eda, sin duda ser\u00eda otra.<\/span><\/p>\n<p style=\"text-align: justify;\"><span style=\"font-size: 16px;\">Mi madre. Universitaria, formada, mi madre representaba la frivolidad, la hipocres\u00eda y la despiadada raz\u00f3n. Tambi\u00e9n la crueldad, el narcisismo y el maltrato. Simpat\u00eda y generosidad impostadas fuera de casa, manipulaciones y abusos de todo tipo en el interior de ella. Un ser frustrado, eg\u00f3latra y violento. Jam\u00e1s pidi\u00f3 perd\u00f3n a nadie por nada. La culpa eran los otros, de los que nunca dijo, una vez cerrada la puerta, nada bueno.<\/span><\/p>\n<p style=\"text-align: justify;\"><span style=\"font-size: 16px;\">De m\u00ed como madre no puedo hablar, uno a s\u00ed mismo no sabe (\u00bfno debe?) describirse. Quienes mejor nos describen son los dem\u00e1s, por lo que tendr\u00e1n que hacerlo mis hijos. No tengo idea del tipo de madre que para ellos soy o qu\u00e9 recuerdo dejar\u00e9 en ellos. Los quiero, los cuido y hago lo que puedo por guiarlos. Crecen lejos de mi lengua y mi cultura y soy consciente de que ello me empuja a habitar un segundo plano (un plano inclinado) en su crianza. Los primeros a\u00f1os fueron muy duros. Hubo momentos de tremendo cansancio y de aburrimiento fiero y atroz. Llantos, comidas, pa\u00f1ales, viajes, desvelos, esperas. Necesidades b\u00e1sicas que no dejaban espacio para nada m\u00e1s. No poder cultivar la vida interior (intelectual y sensorial), trajo consigo (\u00a1trae a\u00fan!) dosis notables de sufrimiento. Ellos lo saben. Van comprendiendo. No somos buenos o malos. Somos complejos.<\/span><\/p>\n<p style=\"text-align: justify;\"><span style=\"font-size: 16px;\">Los humanos somos la especie en menor peligro de extinci\u00f3n y la que m\u00e1s amenaza nuestro planeta. Reproducirse debe ser una opci\u00f3n, nunca una obligaci\u00f3n. No me arrepiento de haber tenido hijos, pero me alegro de que crezcan. Pienso que podr\u00eda haber sido igualmente feliz sin ellos.<\/span><\/p>\n<hr \/>\n<p style=\"text-align: justify;\"><span style=\"font-family: 'trebuchet ms', geneva, sans-serif;\"><span id=\"yui_3_16_0_ym19_1_1477084789412_20228\"><span id=\"yui_3_16_0_ym19_1_1477084789412_20229\"><a href=\"http:\/\/lascriticas.com\/index.php\/lascriticas\/leonor-ruiz\/\"><strong>Leonor Ruiz<\/strong><\/a> es cr\u00edtica literaria y soci\u00f3loga especializada en demograf\u00eda y <\/span><\/span><span id=\"yui_3_16_0_ym19_1_1477084789412_5512\"><span id=\"yui_3_16_0_ym19_1_1477084789412_8422\"><span id=\"yui_3_16_0_ym19_1_1477084789412_17127\"><span id=\"yui_3_16_0_ym19_1_1477084789412_17128\">estudios de g\u00e9nero<\/span><\/span>. Desde el a\u00f1o 2000 reside e<\/span>n los Pa\u00edses Bajos, donde trabaja como profesora<\/span><span id=\"yui_3_16_0_ym19_1_1477084789412_5656\"><span id=\"yui_3_16_0_ym19_1_1477084789412_5513\">\u00a0de espa\u00f1ol y literatura desde hace m\u00e1s de una d\u00e9cada.<\/span><\/span><\/span><\/p>\n","protected":false},"excerpt":{"rendered":"<p>Testimonio \u00abMi padre es mi madre y mi madre es mi padre\u00bb. Se lo dec\u00eda a otras ni\u00f1as sin entender mucho de g\u00e9neros y roles. Dec\u00eda lo que sent\u00eda: era mi verdad. Qu\u00e9 modelo de madre pudo tener mi padre, que perdi\u00f3 a la suya a los once a\u00f1os, no lo s\u00e9. De ni\u00f1a recib\u00ed&#8230;<\/p>\n","protected":false},"author":28,"featured_media":1588,"comment_status":"open","ping_status":"open","sticky":false,"template":"","format":"standard","meta":{"footnotes":""},"categories":[17],"tags":[98,95,51,49,219,85,86,57,58,108,103],"yoast_head":"<!-- This site is optimized with the Yoast SEO plugin v23.5 - https:\/\/yoast.com\/wordpress\/plugins\/seo\/ -->\n<title>\u00abMi padre es mi madre y mi madre es mi padre\u00bb - Las Cr\u00edticas<\/title>\n<meta name=\"description\" content=\"&quot;De m\u00ed como madre no puedo hablar, uno a s\u00ed mismo no sabe (\u00bfno debe?) describirse. Quienes mejor nos describen son los otros...&quot;\" \/>\n<meta name=\"robots\" content=\"index, follow, max-snippet:-1, max-image-preview:large, max-video-preview:-1\" \/>\n<link rel=\"canonical\" href=\"https:\/\/lascriticas.com\/index.php\/2017\/05\/12\/mi-padre-es-mi-madre-y-mi-madre-es-mi-padre\/\" \/>\n<meta property=\"og:locale\" content=\"es_ES\" \/>\n<meta property=\"og:type\" content=\"article\" \/>\n<meta property=\"og:title\" content=\"\u00abMi padre es mi madre y mi madre es mi padre\u00bb - Las Cr\u00edticas\" \/>\n<meta property=\"og:description\" content=\"&quot;De m\u00ed como madre no puedo hablar, uno a s\u00ed mismo no sabe (\u00bfno debe?) describirse. Quienes mejor nos describen son los otros...&quot;\" \/>\n<meta property=\"og:url\" content=\"https:\/\/lascriticas.com\/index.php\/2017\/05\/12\/mi-padre-es-mi-madre-y-mi-madre-es-mi-padre\/\" \/>\n<meta property=\"og:site_name\" content=\"Las Cr\u00edticas\" \/>\n<meta property=\"article:publisher\" content=\"https:\/\/www.facebook.com\/lascriticas\/\" \/>\n<meta property=\"article:published_time\" content=\"2017-05-12T17:54:33+00:00\" \/>\n<meta property=\"article:modified_time\" content=\"2020-06-04T08:11:40+00:00\" \/>\n<meta property=\"og:image\" content=\"https:\/\/lascriticas.com\/wp-content\/uploads\/2017\/05\/mother-2085053_1920-1.jpg\" \/>\n\t<meta property=\"og:image:width\" content=\"1080\" \/>\n\t<meta property=\"og:image:height\" content=\"598\" \/>\n\t<meta property=\"og:image:type\" content=\"image\/jpeg\" \/>\n<meta name=\"author\" content=\"Leonor Ruiz\" \/>\n<meta name=\"twitter:card\" content=\"summary_large_image\" \/>\n<meta name=\"twitter:creator\" content=\"@LasCriticas_com\" \/>\n<meta name=\"twitter:site\" content=\"@LasCriticas_com\" \/>\n<meta name=\"twitter:label1\" content=\"Escrito por\" \/>\n\t<meta name=\"twitter:data1\" content=\"Leonor Ruiz\" \/>\n\t<meta name=\"twitter:label2\" content=\"Tiempo de lectura\" \/>\n\t<meta name=\"twitter:data2\" content=\"2 minutos\" \/>\n<script type=\"application\/ld+json\" class=\"yoast-schema-graph\">{\"@context\":\"https:\/\/schema.org\",\"@graph\":[{\"@type\":\"Article\",\"@id\":\"https:\/\/lascriticas.com\/index.php\/2017\/05\/12\/mi-padre-es-mi-madre-y-mi-madre-es-mi-padre\/#article\",\"isPartOf\":{\"@id\":\"https:\/\/lascriticas.com\/index.php\/2017\/05\/12\/mi-padre-es-mi-madre-y-mi-madre-es-mi-padre\/\"},\"author\":{\"name\":\"Leonor Ruiz\",\"@id\":\"https:\/\/lascriticas.com\/#\/schema\/person\/4b77d32c6e0f61f302dea7103b597896\"},\"headline\":\"\u00abMi padre es mi madre y mi madre es mi padre\u00bb\",\"datePublished\":\"2017-05-12T17:54:33+00:00\",\"dateModified\":\"2020-06-04T08:11:40+00:00\",\"mainEntityOfPage\":{\"@id\":\"https:\/\/lascriticas.com\/index.php\/2017\/05\/12\/mi-padre-es-mi-madre-y-mi-madre-es-mi-padre\/\"},\"wordCount\":485,\"commentCount\":0,\"publisher\":{\"@id\":\"https:\/\/lascriticas.com\/#organization\"},\"image\":{\"@id\":\"https:\/\/lascriticas.com\/index.php\/2017\/05\/12\/mi-padre-es-mi-madre-y-mi-madre-es-mi-padre\/#primaryimage\"},\"thumbnailUrl\":\"https:\/\/lascriticas.com\/wp-content\/uploads\/2017\/05\/mother-2085053_1920-1.jpg\",\"keywords\":[\"amor\",\"biograf\u00eda\",\"familia\",\"g\u00e9nero\",\"hijos\",\"lo femenino\",\"lo masculino\",\"maternidad\",\"paternidad\",\"sociedad\",\"testimonio\"],\"articleSection\":[\"Breves\"],\"inLanguage\":\"es\",\"potentialAction\":[{\"@type\":\"CommentAction\",\"name\":\"Comment\",\"target\":[\"https:\/\/lascriticas.com\/index.php\/2017\/05\/12\/mi-padre-es-mi-madre-y-mi-madre-es-mi-padre\/#respond\"]}]},{\"@type\":\"WebPage\",\"@id\":\"https:\/\/lascriticas.com\/index.php\/2017\/05\/12\/mi-padre-es-mi-madre-y-mi-madre-es-mi-padre\/\",\"url\":\"https:\/\/lascriticas.com\/index.php\/2017\/05\/12\/mi-padre-es-mi-madre-y-mi-madre-es-mi-padre\/\",\"name\":\"\u00abMi padre es mi madre y mi madre es mi padre\u00bb - Las Cr\u00edticas\",\"isPartOf\":{\"@id\":\"https:\/\/lascriticas.com\/#website\"},\"primaryImageOfPage\":{\"@id\":\"https:\/\/lascriticas.com\/index.php\/2017\/05\/12\/mi-padre-es-mi-madre-y-mi-madre-es-mi-padre\/#primaryimage\"},\"image\":{\"@id\":\"https:\/\/lascriticas.com\/index.php\/2017\/05\/12\/mi-padre-es-mi-madre-y-mi-madre-es-mi-padre\/#primaryimage\"},\"thumbnailUrl\":\"https:\/\/lascriticas.com\/wp-content\/uploads\/2017\/05\/mother-2085053_1920-1.jpg\",\"datePublished\":\"2017-05-12T17:54:33+00:00\",\"dateModified\":\"2020-06-04T08:11:40+00:00\",\"description\":\"\\\"De m\u00ed como madre no puedo hablar, uno a s\u00ed mismo no sabe (\u00bfno debe?) describirse. Quienes mejor nos describen son los otros...\\\"\",\"breadcrumb\":{\"@id\":\"https:\/\/lascriticas.com\/index.php\/2017\/05\/12\/mi-padre-es-mi-madre-y-mi-madre-es-mi-padre\/#breadcrumb\"},\"inLanguage\":\"es\",\"potentialAction\":[{\"@type\":\"ReadAction\",\"target\":[\"https:\/\/lascriticas.com\/index.php\/2017\/05\/12\/mi-padre-es-mi-madre-y-mi-madre-es-mi-padre\/\"]}]},{\"@type\":\"ImageObject\",\"inLanguage\":\"es\",\"@id\":\"https:\/\/lascriticas.com\/index.php\/2017\/05\/12\/mi-padre-es-mi-madre-y-mi-madre-es-mi-padre\/#primaryimage\",\"url\":\"https:\/\/lascriticas.com\/wp-content\/uploads\/2017\/05\/mother-2085053_1920-1.jpg\",\"contentUrl\":\"https:\/\/lascriticas.com\/wp-content\/uploads\/2017\/05\/mother-2085053_1920-1.jpg\",\"width\":1080,\"height\":598},{\"@type\":\"BreadcrumbList\",\"@id\":\"https:\/\/lascriticas.com\/index.php\/2017\/05\/12\/mi-padre-es-mi-madre-y-mi-madre-es-mi-padre\/#breadcrumb\",\"itemListElement\":[{\"@type\":\"ListItem\",\"position\":1,\"name\":\"Inicio\",\"item\":\"https:\/\/lascriticas.com\/\"},{\"@type\":\"ListItem\",\"position\":2,\"name\":\"\u00abMi padre es mi madre y mi madre es mi padre\u00bb\"}]},{\"@type\":\"WebSite\",\"@id\":\"https:\/\/lascriticas.com\/#website\",\"url\":\"https:\/\/lascriticas.com\/\",\"name\":\"Las Cr\u00edticas\",\"description\":\"Cr\u00edtica literaria hecha por mujeres\",\"publisher\":{\"@id\":\"https:\/\/lascriticas.com\/#organization\"},\"potentialAction\":[{\"@type\":\"SearchAction\",\"target\":{\"@type\":\"EntryPoint\",\"urlTemplate\":\"https:\/\/lascriticas.com\/?s={search_term_string}\"},\"query-input\":{\"@type\":\"PropertyValueSpecification\",\"valueRequired\":true,\"valueName\":\"search_term_string\"}}],\"inLanguage\":\"es\"},{\"@type\":\"Organization\",\"@id\":\"https:\/\/lascriticas.com\/#organization\",\"name\":\"Las Cr\u00edticas\",\"url\":\"https:\/\/lascriticas.com\/\",\"logo\":{\"@type\":\"ImageObject\",\"inLanguage\":\"es\",\"@id\":\"https:\/\/lascriticas.com\/#\/schema\/logo\/image\/\",\"url\":\"https:\/\/lascriticas.com\/wp-content\/uploads\/2016\/09\/Las-Cr\u00edticas.png\",\"contentUrl\":\"https:\/\/lascriticas.com\/wp-content\/uploads\/2016\/09\/Las-Cr\u00edticas.png\",\"width\":372,\"height\":201,\"caption\":\"Las Cr\u00edticas\"},\"image\":{\"@id\":\"https:\/\/lascriticas.com\/#\/schema\/logo\/image\/\"},\"sameAs\":[\"https:\/\/www.facebook.com\/lascriticas\/\",\"https:\/\/x.com\/LasCriticas_com\",\"https:\/\/www.instagram.com\/lascriticas_com\/\",\"https:\/\/www.youtube.com\/channel\/UCd7r-H6EJA4sSXGLX33_iHQ\"]},{\"@type\":\"Person\",\"@id\":\"https:\/\/lascriticas.com\/#\/schema\/person\/4b77d32c6e0f61f302dea7103b597896\",\"name\":\"Leonor Ruiz\",\"image\":{\"@type\":\"ImageObject\",\"inLanguage\":\"es\",\"@id\":\"https:\/\/lascriticas.com\/#\/schema\/person\/image\/\",\"url\":\"https:\/\/secure.gravatar.com\/avatar\/f18924529a979aed1e90994ac454574a?s=96&d=mm&r=g\",\"contentUrl\":\"https:\/\/secure.gravatar.com\/avatar\/f18924529a979aed1e90994ac454574a?s=96&d=mm&r=g\",\"caption\":\"Leonor Ruiz\"},\"url\":\"https:\/\/lascriticas.com\/index.php\/author\/leonor-ruiz\/\"}]}<\/script>\n<!-- \/ Yoast SEO plugin. -->","yoast_head_json":{"title":"\u00abMi padre es mi madre y mi madre es mi padre\u00bb - Las Cr\u00edticas","description":"\"De m\u00ed como madre no puedo hablar, uno a s\u00ed mismo no sabe (\u00bfno debe?) describirse. Quienes mejor nos describen son los otros...\"","robots":{"index":"index","follow":"follow","max-snippet":"max-snippet:-1","max-image-preview":"max-image-preview:large","max-video-preview":"max-video-preview:-1"},"canonical":"https:\/\/lascriticas.com\/index.php\/2017\/05\/12\/mi-padre-es-mi-madre-y-mi-madre-es-mi-padre\/","og_locale":"es_ES","og_type":"article","og_title":"\u00abMi padre es mi madre y mi madre es mi padre\u00bb - Las Cr\u00edticas","og_description":"\"De m\u00ed como madre no puedo hablar, uno a s\u00ed mismo no sabe (\u00bfno debe?) describirse. Quienes mejor nos describen son los otros...\"","og_url":"https:\/\/lascriticas.com\/index.php\/2017\/05\/12\/mi-padre-es-mi-madre-y-mi-madre-es-mi-padre\/","og_site_name":"Las Cr\u00edticas","article_publisher":"https:\/\/www.facebook.com\/lascriticas\/","article_published_time":"2017-05-12T17:54:33+00:00","article_modified_time":"2020-06-04T08:11:40+00:00","og_image":[{"width":1080,"height":598,"url":"https:\/\/lascriticas.com\/wp-content\/uploads\/2017\/05\/mother-2085053_1920-1.jpg","type":"image\/jpeg"}],"author":"Leonor Ruiz","twitter_card":"summary_large_image","twitter_creator":"@LasCriticas_com","twitter_site":"@LasCriticas_com","twitter_misc":{"Escrito por":"Leonor Ruiz","Tiempo de lectura":"2 minutos"},"schema":{"@context":"https:\/\/schema.org","@graph":[{"@type":"Article","@id":"https:\/\/lascriticas.com\/index.php\/2017\/05\/12\/mi-padre-es-mi-madre-y-mi-madre-es-mi-padre\/#article","isPartOf":{"@id":"https:\/\/lascriticas.com\/index.php\/2017\/05\/12\/mi-padre-es-mi-madre-y-mi-madre-es-mi-padre\/"},"author":{"name":"Leonor Ruiz","@id":"https:\/\/lascriticas.com\/#\/schema\/person\/4b77d32c6e0f61f302dea7103b597896"},"headline":"\u00abMi padre es mi madre y mi madre es mi padre\u00bb","datePublished":"2017-05-12T17:54:33+00:00","dateModified":"2020-06-04T08:11:40+00:00","mainEntityOfPage":{"@id":"https:\/\/lascriticas.com\/index.php\/2017\/05\/12\/mi-padre-es-mi-madre-y-mi-madre-es-mi-padre\/"},"wordCount":485,"commentCount":0,"publisher":{"@id":"https:\/\/lascriticas.com\/#organization"},"image":{"@id":"https:\/\/lascriticas.com\/index.php\/2017\/05\/12\/mi-padre-es-mi-madre-y-mi-madre-es-mi-padre\/#primaryimage"},"thumbnailUrl":"https:\/\/lascriticas.com\/wp-content\/uploads\/2017\/05\/mother-2085053_1920-1.jpg","keywords":["amor","biograf\u00eda","familia","g\u00e9nero","hijos","lo femenino","lo masculino","maternidad","paternidad","sociedad","testimonio"],"articleSection":["Breves"],"inLanguage":"es","potentialAction":[{"@type":"CommentAction","name":"Comment","target":["https:\/\/lascriticas.com\/index.php\/2017\/05\/12\/mi-padre-es-mi-madre-y-mi-madre-es-mi-padre\/#respond"]}]},{"@type":"WebPage","@id":"https:\/\/lascriticas.com\/index.php\/2017\/05\/12\/mi-padre-es-mi-madre-y-mi-madre-es-mi-padre\/","url":"https:\/\/lascriticas.com\/index.php\/2017\/05\/12\/mi-padre-es-mi-madre-y-mi-madre-es-mi-padre\/","name":"\u00abMi padre es mi madre y mi madre es mi padre\u00bb - Las Cr\u00edticas","isPartOf":{"@id":"https:\/\/lascriticas.com\/#website"},"primaryImageOfPage":{"@id":"https:\/\/lascriticas.com\/index.php\/2017\/05\/12\/mi-padre-es-mi-madre-y-mi-madre-es-mi-padre\/#primaryimage"},"image":{"@id":"https:\/\/lascriticas.com\/index.php\/2017\/05\/12\/mi-padre-es-mi-madre-y-mi-madre-es-mi-padre\/#primaryimage"},"thumbnailUrl":"https:\/\/lascriticas.com\/wp-content\/uploads\/2017\/05\/mother-2085053_1920-1.jpg","datePublished":"2017-05-12T17:54:33+00:00","dateModified":"2020-06-04T08:11:40+00:00","description":"\"De m\u00ed como madre no puedo hablar, uno a s\u00ed mismo no sabe (\u00bfno debe?) describirse. Quienes mejor nos describen son los otros...\"","breadcrumb":{"@id":"https:\/\/lascriticas.com\/index.php\/2017\/05\/12\/mi-padre-es-mi-madre-y-mi-madre-es-mi-padre\/#breadcrumb"},"inLanguage":"es","potentialAction":[{"@type":"ReadAction","target":["https:\/\/lascriticas.com\/index.php\/2017\/05\/12\/mi-padre-es-mi-madre-y-mi-madre-es-mi-padre\/"]}]},{"@type":"ImageObject","inLanguage":"es","@id":"https:\/\/lascriticas.com\/index.php\/2017\/05\/12\/mi-padre-es-mi-madre-y-mi-madre-es-mi-padre\/#primaryimage","url":"https:\/\/lascriticas.com\/wp-content\/uploads\/2017\/05\/mother-2085053_1920-1.jpg","contentUrl":"https:\/\/lascriticas.com\/wp-content\/uploads\/2017\/05\/mother-2085053_1920-1.jpg","width":1080,"height":598},{"@type":"BreadcrumbList","@id":"https:\/\/lascriticas.com\/index.php\/2017\/05\/12\/mi-padre-es-mi-madre-y-mi-madre-es-mi-padre\/#breadcrumb","itemListElement":[{"@type":"ListItem","position":1,"name":"Inicio","item":"https:\/\/lascriticas.com\/"},{"@type":"ListItem","position":2,"name":"\u00abMi padre es mi madre y mi madre es mi padre\u00bb"}]},{"@type":"WebSite","@id":"https:\/\/lascriticas.com\/#website","url":"https:\/\/lascriticas.com\/","name":"Las Cr\u00edticas","description":"Cr\u00edtica literaria hecha por mujeres","publisher":{"@id":"https:\/\/lascriticas.com\/#organization"},"potentialAction":[{"@type":"SearchAction","target":{"@type":"EntryPoint","urlTemplate":"https:\/\/lascriticas.com\/?s={search_term_string}"},"query-input":{"@type":"PropertyValueSpecification","valueRequired":true,"valueName":"search_term_string"}}],"inLanguage":"es"},{"@type":"Organization","@id":"https:\/\/lascriticas.com\/#organization","name":"Las Cr\u00edticas","url":"https:\/\/lascriticas.com\/","logo":{"@type":"ImageObject","inLanguage":"es","@id":"https:\/\/lascriticas.com\/#\/schema\/logo\/image\/","url":"https:\/\/lascriticas.com\/wp-content\/uploads\/2016\/09\/Las-Cr\u00edticas.png","contentUrl":"https:\/\/lascriticas.com\/wp-content\/uploads\/2016\/09\/Las-Cr\u00edticas.png","width":372,"height":201,"caption":"Las Cr\u00edticas"},"image":{"@id":"https:\/\/lascriticas.com\/#\/schema\/logo\/image\/"},"sameAs":["https:\/\/www.facebook.com\/lascriticas\/","https:\/\/x.com\/LasCriticas_com","https:\/\/www.instagram.com\/lascriticas_com\/","https:\/\/www.youtube.com\/channel\/UCd7r-H6EJA4sSXGLX33_iHQ"]},{"@type":"Person","@id":"https:\/\/lascriticas.com\/#\/schema\/person\/4b77d32c6e0f61f302dea7103b597896","name":"Leonor Ruiz","image":{"@type":"ImageObject","inLanguage":"es","@id":"https:\/\/lascriticas.com\/#\/schema\/person\/image\/","url":"https:\/\/secure.gravatar.com\/avatar\/f18924529a979aed1e90994ac454574a?s=96&d=mm&r=g","contentUrl":"https:\/\/secure.gravatar.com\/avatar\/f18924529a979aed1e90994ac454574a?s=96&d=mm&r=g","caption":"Leonor Ruiz"},"url":"https:\/\/lascriticas.com\/index.php\/author\/leonor-ruiz\/"}]}},"_links":{"self":[{"href":"https:\/\/lascriticas.com\/index.php\/wp-json\/wp\/v2\/posts\/1478"}],"collection":[{"href":"https:\/\/lascriticas.com\/index.php\/wp-json\/wp\/v2\/posts"}],"about":[{"href":"https:\/\/lascriticas.com\/index.php\/wp-json\/wp\/v2\/types\/post"}],"author":[{"embeddable":true,"href":"https:\/\/lascriticas.com\/index.php\/wp-json\/wp\/v2\/users\/28"}],"replies":[{"embeddable":true,"href":"https:\/\/lascriticas.com\/index.php\/wp-json\/wp\/v2\/comments?post=1478"}],"version-history":[{"count":7,"href":"https:\/\/lascriticas.com\/index.php\/wp-json\/wp\/v2\/posts\/1478\/revisions"}],"predecessor-version":[{"id":3319,"href":"https:\/\/lascriticas.com\/index.php\/wp-json\/wp\/v2\/posts\/1478\/revisions\/3319"}],"wp:featuredmedia":[{"embeddable":true,"href":"https:\/\/lascriticas.com\/index.php\/wp-json\/wp\/v2\/media\/1588"}],"wp:attachment":[{"href":"https:\/\/lascriticas.com\/index.php\/wp-json\/wp\/v2\/media?parent=1478"}],"wp:term":[{"taxonomy":"category","embeddable":true,"href":"https:\/\/lascriticas.com\/index.php\/wp-json\/wp\/v2\/categories?post=1478"},{"taxonomy":"post_tag","embeddable":true,"href":"https:\/\/lascriticas.com\/index.php\/wp-json\/wp\/v2\/tags?post=1478"}],"curies":[{"name":"wp","href":"https:\/\/api.w.org\/{rel}","templated":true}]}}