{"id":1384,"date":"2018-01-29T12:22:07","date_gmt":"2018-01-29T11:22:07","guid":{"rendered":"http:\/\/lascriticas.com\/?p=1384"},"modified":"2018-01-29T12:22:07","modified_gmt":"2018-01-29T11:22:07","slug":"buena-alumna-de-paula-porroni","status":"publish","type":"post","link":"https:\/\/lascriticas.com\/index.php\/2018\/01\/29\/buena-alumna-de-paula-porroni\/","title":{"rendered":"Buena alumna, de Paula Porroni"},"content":{"rendered":"<h2><span style=\"color: #ffffff;\">Buena alumna<\/span><\/h2>\n<p style=\"text-align: justify;\"><span style=\"font-size: 16px;\">Paula Porroni naci\u00f3 en Buenos Aires y vive en alg\u00fan lugar de Europa. <strong><i>Buena alumna<\/i><\/strong> fue, en 2016, su primera zambullida oficial<i> <\/i>en la ficci\u00f3n.<\/span><\/p>\n<p style=\"text-align: justify;\"><span style=\"font-size: 16px;\">Cambridge, Inglaterra. Una joven regresa a la ciudad donde curs\u00f3 Historia del Arte. Hija \u00fanica, padre muerto, ahorros familiares en mengua. La madre prometi\u00f3 enviarle dinero desde Argentina durante un a\u00f1o m\u00e1s. Como toda madre, aguarda \u00abel tropiezo de su hija\u00bb. La hija, <i>como toda hija<\/i>, se propone alejarse de la \u00f3rbita materna, abrirse camino como sea, progresar.<\/span><\/p>\n<p style=\"text-align: justify;\"><span style=\"font-size: 16px;\"><img loading=\"lazy\" decoding=\"async\" class=\"alignright wp-image-2218\" title=\"Buena alumna\" src=\"http:\/\/lascriticas.com\/wp-content\/uploads\/2017\/03\/Buena-alumna.jpg\" alt=\"Buena alumna\" width=\"283\" height=\"425\" \/>Da Porroni con el tono correcto en esta historia llena de autolaceraci\u00f3n y aspereza con un estilo duro, incisivo, que arropa el contenido como guante perfecto: \u00abQuisiera que miles de manos me aniquilaran a golpes. O que me clavaran en el ojo una aguja de tejer\u00bb.<\/span><\/p>\n<p style=\"text-align: justify;\"><span style=\"font-size: 16px;\">La soledad, el miedo al fracaso y la ausencia de v\u00ednculos profundos vertebran el relato y descabezan en la protagonista cualquier indicio de certidumbre personal. El temor a decepcionar a los dem\u00e1s \u2014incluso al padre muerto\u2014, a no cumplir con lo que tambi\u00e9n ella espera de s\u00ed misma, acompa\u00f1a cada movimiento para llegar a un punto mutilador: \u00abAgradezco que pap\u00e1 se haya muerto tantos a\u00f1os atr\u00e1s. Si pap\u00e1 viviera, tal vez un nuevo infarto lo matar\u00eda producto de la desilusi\u00f3n. Como consecuencia del fracaso completo, profundo, indignante, de la hija\u00bb.<\/span><\/p>\n<p style=\"text-align: justify;\"><span style=\"font-size: 16px;\">Entrar en la <strong>edad adulta<\/strong> pasa por conseguir un trabajo y hacerse cargo de las circunstancias, perspectivas improbables para esta <i>buena alumna<\/i>. De poco sirve ser aplicada \u2014ser <i>buena alumna<\/i>\u2014 sin confianza ni ambici\u00f3n perseverantes: las oportunidades se desvanecen como si las rozara una goma de borrar. \u00abEs porque me falta voluntad y disciplina que fracaso\u00bb.<\/span><\/p>\n<p style=\"text-align: justify;\"><span style=\"font-size: 16px;\">Transcurre el tiempo, pasan las semanas, y sobre ese yo fr\u00e1gil y cr\u00edtico se acumulan a quintales la culpa y la desorientaci\u00f3n. La excelencia educativa de la universidad donde estudi\u00f3 no ayuda: <\/span><\/p>\n<blockquote>\n<p style=\"text-align: justify;\"><span style=\"font-size: 16px;\">\u00abAhora corrijo. Raspo, raspo. Hasta dejar solo un hueso pulido. Busco en m\u00ed esa lengua de muertos. Esa lengua \u00e1rida. Inf\u00e9rtil. Porque as\u00ed fuimos entrenados. En la mejor universidad del mundo. Para crear un paisaje glacial de palabras\u00bb.\u00a0<\/span><\/p>\n<\/blockquote>\n<p style=\"text-align: justify;\"><span style=\"font-size: 16px;\">Autolesi\u00f3n a autolesi\u00f3n, la novela avanza: \u00abCamino hasta el ba\u00f1o y con toda mi fuerza estrello el pie contra el marco. Me inmovilizo. Inhalo. Calculo y vuelvo a estrellarlo. Siento un crujido y una oleada caliente, una alarma ilimitada, algo que se suelta y sube y rodea el pie y la pierna, sube hasta la ingle, la cara y los ojos, y despu\u00e9s se expande y me envuelve completa, abraza mi cuerpo, abrig\u00e1ndolo\u00bb. [\u2026] \u00abAbro la puerta del ba\u00f1o, encajo tres dedos entre el marco met\u00e1lico y la puerta, y cierro. Y entonces todo se detiene. Un cortocircuito. Un vac\u00edo. Como un martillazo en la sien. Apoyo la frente contra la puerta. Siento una arcada. Basura. Basura. Perdedora. Voy a quedarme atr\u00e1s, siempre atr\u00e1s. Incapaz de siquiera pasar la entrevista de una expolit\u00e9cnica\u00bb. [\u2026] \u00abMe arranco un pedazo de u\u00f1a. Prometo que este nuevo a\u00f1o voy a esforzarme a\u00fan m\u00e1s. Voy a darlo todo de m\u00ed misma. Todo lo que tengo. No voy a vivir extraviada. No voy a ser un cero a la izquierda\u00bb.\u00a0<\/span><\/p>\n<p style=\"text-align: justify;\"><span style=\"font-size: 16px;\">La crudeza del <i>mundo desarrollado <\/i>se filtra y muestra su aridez en cada rendija: la apat\u00eda, el aislamiento, el individualismo descarnado, la falta de sentido vital. \u00abDesde hace d\u00edas casi no hablo con nadie. Solo intercambios cortos con las empleadas de los negocios, del metro, del supermercado\u00bb. Experiencias cotidianas \u2014por exceso: familiares\u2014 entre tantos expatriados, empujados o hundidos en la deriva formativo-laboral.<\/span><\/p>\n<blockquote><p><span style=\"font-size: 16px;\">\u00abMam\u00e1 se niega. Planta los pies. Quiere de vuelta a su hija, su \u00fanica hija. Su inversi\u00f3n fallida\u00bb.<\/span><\/p><\/blockquote>\n<p style=\"text-align: justify;\"><span style=\"font-size: 16px;\">Ojal\u00e1 lleguen m\u00e1s \u00f3peras primas como esta <i>Buena alumna<\/i>. Ojal\u00e1 no se lastime m\u00e1s.<\/span><\/p>\n<p><b>Porroni, Paula. <i>Buena alumna<\/i>.\u00a0<\/b><b>Editorial <a href=\"http:\/\/www.editorialminuscula.com\/blog\/2016\/10\/14\/proximamente-buena-alumna-de-paula-porroni\/\">Min\u00fascula<\/a>, 2016.<\/b><\/p>\n<hr \/>\n<p><span style=\"font-family: 'trebuchet ms', geneva, sans-serif; font-size: 16px;\"><strong>Paula Porroni<\/strong> (Buenos Aires, 1977) es escritora. M\u00e1ster en Estudios Latinoamericanos en la Universidad de Cambridge, se gradu\u00f3 en Escritura Creativa en Espa\u00f1ol en la Universidad de Nueva York. Vive en Londres.<\/span><\/p>\n<p><a href=\"http:\/\/lascriticas.com\/index.php\/lascriticas\/leonor-ruiz\/\"><strong><span style=\"font-family: 'trebuchet ms', geneva, sans-serif; font-size: 16px;\">Acerca de Leonor Ruiz<\/span><\/strong><\/a><\/p>\n","protected":false},"excerpt":{"rendered":"<p>Buena alumna Paula Porroni naci\u00f3 en Buenos Aires y vive en alg\u00fan lugar de Europa. Buena alumna fue, en 2016, su primera zambullida oficial en la ficci\u00f3n. Cambridge, Inglaterra. Una joven regresa a la ciudad donde curs\u00f3 Historia del Arte. Hija \u00fanica, padre muerto, ahorros familiares en mengua. La madre prometi\u00f3 enviarle dinero desde Argentina&#8230;<\/p>\n","protected":false},"author":28,"featured_media":2219,"comment_status":"open","ping_status":"open","sticky":false,"template":"","format":"standard","meta":{"footnotes":""},"categories":[43,37],"tags":[65,401,353,399,51,402,400,88,59,53,99],"yoast_head":"<!-- This site is optimized with the Yoast SEO plugin v23.5 - https:\/\/yoast.com\/wordpress\/plugins\/seo\/ -->\n<title>Buena alumna, de Paula Porroni - Las Cr\u00edticas<\/title>\n<meta name=\"description\" content=\"La soledad, el miedo al fracaso y la ausencia de v\u00ednculos profundos vertebran el relato de &quot;Buena alumna&quot;.\" \/>\n<meta name=\"robots\" content=\"index, follow, max-snippet:-1, max-image-preview:large, max-video-preview:-1\" \/>\n<link rel=\"canonical\" href=\"https:\/\/lascriticas.com\/index.php\/2018\/01\/29\/buena-alumna-de-paula-porroni\/\" \/>\n<meta property=\"og:locale\" content=\"es_ES\" \/>\n<meta property=\"og:type\" content=\"article\" \/>\n<meta property=\"og:title\" content=\"Buena alumna, de Paula Porroni - Las Cr\u00edticas\" \/>\n<meta property=\"og:description\" content=\"La soledad, el miedo al fracaso y la ausencia de v\u00ednculos profundos vertebran el relato de &quot;Buena alumna&quot;.\" \/>\n<meta property=\"og:url\" content=\"https:\/\/lascriticas.com\/index.php\/2018\/01\/29\/buena-alumna-de-paula-porroni\/\" \/>\n<meta property=\"og:site_name\" content=\"Las Cr\u00edticas\" \/>\n<meta property=\"article:publisher\" content=\"https:\/\/www.facebook.com\/lascriticas\/\" \/>\n<meta property=\"article:published_time\" content=\"2018-01-29T11:22:07+00:00\" \/>\n<meta property=\"og:image\" content=\"https:\/\/lascriticas.com\/wp-content\/uploads\/2017\/03\/Paula-Porroni.jpg\" \/>\n\t<meta property=\"og:image:width\" content=\"1080\" \/>\n\t<meta property=\"og:image:height\" content=\"529\" \/>\n\t<meta property=\"og:image:type\" content=\"image\/jpeg\" \/>\n<meta name=\"author\" content=\"Leonor Ruiz\" \/>\n<meta name=\"twitter:card\" content=\"summary_large_image\" \/>\n<meta name=\"twitter:creator\" content=\"@LasCriticas_com\" \/>\n<meta name=\"twitter:site\" content=\"@LasCriticas_com\" \/>\n<meta name=\"twitter:label1\" content=\"Escrito por\" \/>\n\t<meta name=\"twitter:data1\" content=\"Leonor Ruiz\" \/>\n\t<meta name=\"twitter:label2\" content=\"Tiempo de lectura\" \/>\n\t<meta name=\"twitter:data2\" content=\"3 minutos\" \/>\n<script type=\"application\/ld+json\" class=\"yoast-schema-graph\">{\"@context\":\"https:\/\/schema.org\",\"@graph\":[{\"@type\":\"Article\",\"@id\":\"https:\/\/lascriticas.com\/index.php\/2018\/01\/29\/buena-alumna-de-paula-porroni\/#article\",\"isPartOf\":{\"@id\":\"https:\/\/lascriticas.com\/index.php\/2018\/01\/29\/buena-alumna-de-paula-porroni\/\"},\"author\":{\"name\":\"Leonor Ruiz\",\"@id\":\"https:\/\/lascriticas.com\/#\/schema\/person\/4b77d32c6e0f61f302dea7103b597896\"},\"headline\":\"Buena alumna, de Paula Porroni\",\"datePublished\":\"2018-01-29T11:22:07+00:00\",\"dateModified\":\"2018-01-29T11:22:07+00:00\",\"mainEntityOfPage\":{\"@id\":\"https:\/\/lascriticas.com\/index.php\/2018\/01\/29\/buena-alumna-de-paula-porroni\/\"},\"wordCount\":700,\"commentCount\":0,\"publisher\":{\"@id\":\"https:\/\/lascriticas.com\/#organization\"},\"image\":{\"@id\":\"https:\/\/lascriticas.com\/index.php\/2018\/01\/29\/buena-alumna-de-paula-porroni\/#primaryimage\"},\"thumbnailUrl\":\"https:\/\/lascriticas.com\/wp-content\/uploads\/2017\/03\/Paula-Porroni.jpg\",\"keywords\":[\"Argentina\",\"autolesi\u00f3n\",\"bildungsroman\",\"crecer\",\"familia\",\"individualismo\",\"juventud\",\"mujer\",\"mujeres\",\"novela\",\"soledad\"],\"articleSection\":[\"Ficci\u00f3n\",\"Rese\u00f1as\"],\"inLanguage\":\"es\",\"potentialAction\":[{\"@type\":\"CommentAction\",\"name\":\"Comment\",\"target\":[\"https:\/\/lascriticas.com\/index.php\/2018\/01\/29\/buena-alumna-de-paula-porroni\/#respond\"]}]},{\"@type\":\"WebPage\",\"@id\":\"https:\/\/lascriticas.com\/index.php\/2018\/01\/29\/buena-alumna-de-paula-porroni\/\",\"url\":\"https:\/\/lascriticas.com\/index.php\/2018\/01\/29\/buena-alumna-de-paula-porroni\/\",\"name\":\"Buena alumna, de Paula Porroni - Las Cr\u00edticas\",\"isPartOf\":{\"@id\":\"https:\/\/lascriticas.com\/#website\"},\"primaryImageOfPage\":{\"@id\":\"https:\/\/lascriticas.com\/index.php\/2018\/01\/29\/buena-alumna-de-paula-porroni\/#primaryimage\"},\"image\":{\"@id\":\"https:\/\/lascriticas.com\/index.php\/2018\/01\/29\/buena-alumna-de-paula-porroni\/#primaryimage\"},\"thumbnailUrl\":\"https:\/\/lascriticas.com\/wp-content\/uploads\/2017\/03\/Paula-Porroni.jpg\",\"datePublished\":\"2018-01-29T11:22:07+00:00\",\"dateModified\":\"2018-01-29T11:22:07+00:00\",\"description\":\"La soledad, el miedo al fracaso y la ausencia de v\u00ednculos profundos vertebran el relato de \\\"Buena alumna\\\".\",\"breadcrumb\":{\"@id\":\"https:\/\/lascriticas.com\/index.php\/2018\/01\/29\/buena-alumna-de-paula-porroni\/#breadcrumb\"},\"inLanguage\":\"es\",\"potentialAction\":[{\"@type\":\"ReadAction\",\"target\":[\"https:\/\/lascriticas.com\/index.php\/2018\/01\/29\/buena-alumna-de-paula-porroni\/\"]}]},{\"@type\":\"ImageObject\",\"inLanguage\":\"es\",\"@id\":\"https:\/\/lascriticas.com\/index.php\/2018\/01\/29\/buena-alumna-de-paula-porroni\/#primaryimage\",\"url\":\"https:\/\/lascriticas.com\/wp-content\/uploads\/2017\/03\/Paula-Porroni.jpg\",\"contentUrl\":\"https:\/\/lascriticas.com\/wp-content\/uploads\/2017\/03\/Paula-Porroni.jpg\",\"width\":1080,\"height\":529,\"caption\":\"Paula Porroni\"},{\"@type\":\"BreadcrumbList\",\"@id\":\"https:\/\/lascriticas.com\/index.php\/2018\/01\/29\/buena-alumna-de-paula-porroni\/#breadcrumb\",\"itemListElement\":[{\"@type\":\"ListItem\",\"position\":1,\"name\":\"Inicio\",\"item\":\"https:\/\/lascriticas.com\/\"},{\"@type\":\"ListItem\",\"position\":2,\"name\":\"Buena alumna, de Paula Porroni\"}]},{\"@type\":\"WebSite\",\"@id\":\"https:\/\/lascriticas.com\/#website\",\"url\":\"https:\/\/lascriticas.com\/\",\"name\":\"Las Cr\u00edticas\",\"description\":\"Cr\u00edtica literaria hecha por mujeres\",\"publisher\":{\"@id\":\"https:\/\/lascriticas.com\/#organization\"},\"potentialAction\":[{\"@type\":\"SearchAction\",\"target\":{\"@type\":\"EntryPoint\",\"urlTemplate\":\"https:\/\/lascriticas.com\/?s={search_term_string}\"},\"query-input\":{\"@type\":\"PropertyValueSpecification\",\"valueRequired\":true,\"valueName\":\"search_term_string\"}}],\"inLanguage\":\"es\"},{\"@type\":\"Organization\",\"@id\":\"https:\/\/lascriticas.com\/#organization\",\"name\":\"Las Cr\u00edticas\",\"url\":\"https:\/\/lascriticas.com\/\",\"logo\":{\"@type\":\"ImageObject\",\"inLanguage\":\"es\",\"@id\":\"https:\/\/lascriticas.com\/#\/schema\/logo\/image\/\",\"url\":\"https:\/\/lascriticas.com\/wp-content\/uploads\/2016\/09\/Las-Cr\u00edticas.png\",\"contentUrl\":\"https:\/\/lascriticas.com\/wp-content\/uploads\/2016\/09\/Las-Cr\u00edticas.png\",\"width\":372,\"height\":201,\"caption\":\"Las Cr\u00edticas\"},\"image\":{\"@id\":\"https:\/\/lascriticas.com\/#\/schema\/logo\/image\/\"},\"sameAs\":[\"https:\/\/www.facebook.com\/lascriticas\/\",\"https:\/\/x.com\/LasCriticas_com\",\"https:\/\/www.instagram.com\/lascriticas_com\/\",\"https:\/\/www.youtube.com\/channel\/UCd7r-H6EJA4sSXGLX33_iHQ\"]},{\"@type\":\"Person\",\"@id\":\"https:\/\/lascriticas.com\/#\/schema\/person\/4b77d32c6e0f61f302dea7103b597896\",\"name\":\"Leonor Ruiz\",\"image\":{\"@type\":\"ImageObject\",\"inLanguage\":\"es\",\"@id\":\"https:\/\/lascriticas.com\/#\/schema\/person\/image\/\",\"url\":\"https:\/\/secure.gravatar.com\/avatar\/f18924529a979aed1e90994ac454574a?s=96&d=mm&r=g\",\"contentUrl\":\"https:\/\/secure.gravatar.com\/avatar\/f18924529a979aed1e90994ac454574a?s=96&d=mm&r=g\",\"caption\":\"Leonor Ruiz\"},\"url\":\"https:\/\/lascriticas.com\/index.php\/author\/leonor-ruiz\/\"}]}<\/script>\n<!-- \/ Yoast SEO plugin. -->","yoast_head_json":{"title":"Buena alumna, de Paula Porroni - Las Cr\u00edticas","description":"La soledad, el miedo al fracaso y la ausencia de v\u00ednculos profundos vertebran el relato de \"Buena alumna\".","robots":{"index":"index","follow":"follow","max-snippet":"max-snippet:-1","max-image-preview":"max-image-preview:large","max-video-preview":"max-video-preview:-1"},"canonical":"https:\/\/lascriticas.com\/index.php\/2018\/01\/29\/buena-alumna-de-paula-porroni\/","og_locale":"es_ES","og_type":"article","og_title":"Buena alumna, de Paula Porroni - Las Cr\u00edticas","og_description":"La soledad, el miedo al fracaso y la ausencia de v\u00ednculos profundos vertebran el relato de \"Buena alumna\".","og_url":"https:\/\/lascriticas.com\/index.php\/2018\/01\/29\/buena-alumna-de-paula-porroni\/","og_site_name":"Las Cr\u00edticas","article_publisher":"https:\/\/www.facebook.com\/lascriticas\/","article_published_time":"2018-01-29T11:22:07+00:00","og_image":[{"width":1080,"height":529,"url":"https:\/\/lascriticas.com\/wp-content\/uploads\/2017\/03\/Paula-Porroni.jpg","type":"image\/jpeg"}],"author":"Leonor Ruiz","twitter_card":"summary_large_image","twitter_creator":"@LasCriticas_com","twitter_site":"@LasCriticas_com","twitter_misc":{"Escrito por":"Leonor Ruiz","Tiempo de lectura":"3 minutos"},"schema":{"@context":"https:\/\/schema.org","@graph":[{"@type":"Article","@id":"https:\/\/lascriticas.com\/index.php\/2018\/01\/29\/buena-alumna-de-paula-porroni\/#article","isPartOf":{"@id":"https:\/\/lascriticas.com\/index.php\/2018\/01\/29\/buena-alumna-de-paula-porroni\/"},"author":{"name":"Leonor Ruiz","@id":"https:\/\/lascriticas.com\/#\/schema\/person\/4b77d32c6e0f61f302dea7103b597896"},"headline":"Buena alumna, de Paula Porroni","datePublished":"2018-01-29T11:22:07+00:00","dateModified":"2018-01-29T11:22:07+00:00","mainEntityOfPage":{"@id":"https:\/\/lascriticas.com\/index.php\/2018\/01\/29\/buena-alumna-de-paula-porroni\/"},"wordCount":700,"commentCount":0,"publisher":{"@id":"https:\/\/lascriticas.com\/#organization"},"image":{"@id":"https:\/\/lascriticas.com\/index.php\/2018\/01\/29\/buena-alumna-de-paula-porroni\/#primaryimage"},"thumbnailUrl":"https:\/\/lascriticas.com\/wp-content\/uploads\/2017\/03\/Paula-Porroni.jpg","keywords":["Argentina","autolesi\u00f3n","bildungsroman","crecer","familia","individualismo","juventud","mujer","mujeres","novela","soledad"],"articleSection":["Ficci\u00f3n","Rese\u00f1as"],"inLanguage":"es","potentialAction":[{"@type":"CommentAction","name":"Comment","target":["https:\/\/lascriticas.com\/index.php\/2018\/01\/29\/buena-alumna-de-paula-porroni\/#respond"]}]},{"@type":"WebPage","@id":"https:\/\/lascriticas.com\/index.php\/2018\/01\/29\/buena-alumna-de-paula-porroni\/","url":"https:\/\/lascriticas.com\/index.php\/2018\/01\/29\/buena-alumna-de-paula-porroni\/","name":"Buena alumna, de Paula Porroni - Las Cr\u00edticas","isPartOf":{"@id":"https:\/\/lascriticas.com\/#website"},"primaryImageOfPage":{"@id":"https:\/\/lascriticas.com\/index.php\/2018\/01\/29\/buena-alumna-de-paula-porroni\/#primaryimage"},"image":{"@id":"https:\/\/lascriticas.com\/index.php\/2018\/01\/29\/buena-alumna-de-paula-porroni\/#primaryimage"},"thumbnailUrl":"https:\/\/lascriticas.com\/wp-content\/uploads\/2017\/03\/Paula-Porroni.jpg","datePublished":"2018-01-29T11:22:07+00:00","dateModified":"2018-01-29T11:22:07+00:00","description":"La soledad, el miedo al fracaso y la ausencia de v\u00ednculos profundos vertebran el relato de \"Buena alumna\".","breadcrumb":{"@id":"https:\/\/lascriticas.com\/index.php\/2018\/01\/29\/buena-alumna-de-paula-porroni\/#breadcrumb"},"inLanguage":"es","potentialAction":[{"@type":"ReadAction","target":["https:\/\/lascriticas.com\/index.php\/2018\/01\/29\/buena-alumna-de-paula-porroni\/"]}]},{"@type":"ImageObject","inLanguage":"es","@id":"https:\/\/lascriticas.com\/index.php\/2018\/01\/29\/buena-alumna-de-paula-porroni\/#primaryimage","url":"https:\/\/lascriticas.com\/wp-content\/uploads\/2017\/03\/Paula-Porroni.jpg","contentUrl":"https:\/\/lascriticas.com\/wp-content\/uploads\/2017\/03\/Paula-Porroni.jpg","width":1080,"height":529,"caption":"Paula Porroni"},{"@type":"BreadcrumbList","@id":"https:\/\/lascriticas.com\/index.php\/2018\/01\/29\/buena-alumna-de-paula-porroni\/#breadcrumb","itemListElement":[{"@type":"ListItem","position":1,"name":"Inicio","item":"https:\/\/lascriticas.com\/"},{"@type":"ListItem","position":2,"name":"Buena alumna, de Paula Porroni"}]},{"@type":"WebSite","@id":"https:\/\/lascriticas.com\/#website","url":"https:\/\/lascriticas.com\/","name":"Las Cr\u00edticas","description":"Cr\u00edtica literaria hecha por mujeres","publisher":{"@id":"https:\/\/lascriticas.com\/#organization"},"potentialAction":[{"@type":"SearchAction","target":{"@type":"EntryPoint","urlTemplate":"https:\/\/lascriticas.com\/?s={search_term_string}"},"query-input":{"@type":"PropertyValueSpecification","valueRequired":true,"valueName":"search_term_string"}}],"inLanguage":"es"},{"@type":"Organization","@id":"https:\/\/lascriticas.com\/#organization","name":"Las Cr\u00edticas","url":"https:\/\/lascriticas.com\/","logo":{"@type":"ImageObject","inLanguage":"es","@id":"https:\/\/lascriticas.com\/#\/schema\/logo\/image\/","url":"https:\/\/lascriticas.com\/wp-content\/uploads\/2016\/09\/Las-Cr\u00edticas.png","contentUrl":"https:\/\/lascriticas.com\/wp-content\/uploads\/2016\/09\/Las-Cr\u00edticas.png","width":372,"height":201,"caption":"Las Cr\u00edticas"},"image":{"@id":"https:\/\/lascriticas.com\/#\/schema\/logo\/image\/"},"sameAs":["https:\/\/www.facebook.com\/lascriticas\/","https:\/\/x.com\/LasCriticas_com","https:\/\/www.instagram.com\/lascriticas_com\/","https:\/\/www.youtube.com\/channel\/UCd7r-H6EJA4sSXGLX33_iHQ"]},{"@type":"Person","@id":"https:\/\/lascriticas.com\/#\/schema\/person\/4b77d32c6e0f61f302dea7103b597896","name":"Leonor Ruiz","image":{"@type":"ImageObject","inLanguage":"es","@id":"https:\/\/lascriticas.com\/#\/schema\/person\/image\/","url":"https:\/\/secure.gravatar.com\/avatar\/f18924529a979aed1e90994ac454574a?s=96&d=mm&r=g","contentUrl":"https:\/\/secure.gravatar.com\/avatar\/f18924529a979aed1e90994ac454574a?s=96&d=mm&r=g","caption":"Leonor Ruiz"},"url":"https:\/\/lascriticas.com\/index.php\/author\/leonor-ruiz\/"}]}},"_links":{"self":[{"href":"https:\/\/lascriticas.com\/index.php\/wp-json\/wp\/v2\/posts\/1384"}],"collection":[{"href":"https:\/\/lascriticas.com\/index.php\/wp-json\/wp\/v2\/posts"}],"about":[{"href":"https:\/\/lascriticas.com\/index.php\/wp-json\/wp\/v2\/types\/post"}],"author":[{"embeddable":true,"href":"https:\/\/lascriticas.com\/index.php\/wp-json\/wp\/v2\/users\/28"}],"replies":[{"embeddable":true,"href":"https:\/\/lascriticas.com\/index.php\/wp-json\/wp\/v2\/comments?post=1384"}],"version-history":[{"count":5,"href":"https:\/\/lascriticas.com\/index.php\/wp-json\/wp\/v2\/posts\/1384\/revisions"}],"predecessor-version":[{"id":2222,"href":"https:\/\/lascriticas.com\/index.php\/wp-json\/wp\/v2\/posts\/1384\/revisions\/2222"}],"wp:featuredmedia":[{"embeddable":true,"href":"https:\/\/lascriticas.com\/index.php\/wp-json\/wp\/v2\/media\/2219"}],"wp:attachment":[{"href":"https:\/\/lascriticas.com\/index.php\/wp-json\/wp\/v2\/media?parent=1384"}],"wp:term":[{"taxonomy":"category","embeddable":true,"href":"https:\/\/lascriticas.com\/index.php\/wp-json\/wp\/v2\/categories?post=1384"},{"taxonomy":"post_tag","embeddable":true,"href":"https:\/\/lascriticas.com\/index.php\/wp-json\/wp\/v2\/tags?post=1384"}],"curies":[{"name":"wp","href":"https:\/\/api.w.org\/{rel}","templated":true}]}}