{"id":1095,"date":"2016-12-31T11:10:45","date_gmt":"2016-12-31T10:10:45","guid":{"rendered":"http:\/\/lascriticas.com\/?p=1095"},"modified":"2017-01-20T12:13:47","modified_gmt":"2017-01-20T11:13:47","slug":"cabalgando-lejanias-maria-paz-valdebenito","status":"publish","type":"post","link":"https:\/\/lascriticas.com\/index.php\/2016\/12\/31\/cabalgando-lejanias-maria-paz-valdebenito\/","title":{"rendered":"Cabalgando lejan\u00edas, de Mar\u00eda Paz Valdebenito"},"content":{"rendered":"<h2>El libro<\/h2>\n<p style=\"text-align: justify;\">A mediados de julio recib\u00ed un mensaje de Charlie Boliviani director de <em>Todos tus cr\u00edmenes quedar\u00e1n impunes<\/em> -ciudadano un tanto ficticio que m\u00e1s bien parece extra\u00eddo de un libro de Roberto Bola\u00f1o-, que junto con John Mart\u00ednez Gonzales, editor de <strong><em>Hanan Harawi<\/em><\/strong>, hab\u00eda empezado un proyecto para lanzar en primera instancia una colecci\u00f3n de fanzines de cuatro autoras de diferentes pa\u00edses. Acept\u00e9 sin titubear. Luego, para mi sorpresa y la de todas por supuesto, la colecci\u00f3n pas\u00f3 de ser una de fanzines a la oportunidad de publicar un libro. As\u00ed que gustosa prepar\u00e9 mis textos y los envi\u00e9. Nunca y me tomo el atrevimiento de hablar en plural, nos imaginamos d\u00f3nde ni c\u00f3mo iba a terminar esta aventura. La cuesti\u00f3n es que a principios de noviembre nuestra colecci\u00f3n <strong><em>El \u00e1rbol migratorio<\/em><\/strong>, co-edici\u00f3n peruano-ecuatoriana, vio la luz y con ella se hizo tangible el viaje a Rancagua y a Santiago de Chile, donde pudimos compartir y conocernos las autoras y editores. Esta colecci\u00f3n est\u00e1 conformada por cuatro libros: <em>Nadie nos Habita<\/em> de Lisset Orihuela (Per\u00fa); <em>El peligro de encender la luz<\/em> de Pamela Rahn; <em>Sovoz<\/em> de mi autor\u00eda y el \u00faltimo, <em>Cabalgando lejan\u00edas<\/em>, antolog\u00eda po\u00e9tica de Mar\u00eda Paz Valdebenito (Santiago, Chile 1987) que me caus\u00f3 una gran admiraci\u00f3n y varios sentimientos encontrados.<\/p>\n<p style=\"text-align: justify;\"><img loading=\"lazy\" decoding=\"async\" class=\"alignnone size-full wp-image-1137\" src=\"http:\/\/lascriticas.com\/wp-content\/uploads\/2016\/12\/mar\u00eda.jpg\" alt=\"\" width=\"960\" height=\"551\" srcset=\"https:\/\/lascriticas.com\/wp-content\/uploads\/2016\/12\/mar\u00eda.jpg 960w, https:\/\/lascriticas.com\/wp-content\/uploads\/2016\/12\/mar\u00eda-768x441.jpg 768w\" sizes=\"(max-width: 960px) 100vw, 960px\" \/><\/p>\n<h2>Cabalgando lejan\u00edas<\/h2>\n<p style=\"text-align: justify;\">Esta antolog\u00eda es un <strong>museo de derrotas, desarraigo y resistencia<\/strong>. Una prueba fiel de c\u00f3mo la lucha constante, el sufrimiento y el apego a principios, nos pueden hacer vivir odiseas verdaderas. Y finalmente ver c\u00f3mo el producto de tanto sudor y l\u00e1grimas gesta algo hermoso. En <strong><em>El pintor de la ciudad de Ata<\/em><\/strong> la primera parte del mismo, Paz se desnuda complemente mostr\u00e1ndonos la incertidumbre que puede causar dejar nuestras tierras por buscar mejores d\u00edas en continentes lejanos. No solo eso, sino el constante cambio y movimiento que podemos sentir sin salir de nuestra casa. Esa desesperaci\u00f3n\u00a0 y ansiedad que dan los cambios internos, cito:<\/p>\n<p style=\"text-align: justify;\">\u201cSi se entendiesen los misterios<br \/>\nSi yo hablase lenguas humanas.<br \/>\nEn el bosque de los cedros<br \/>\nmi casa comienza a inundarse\u201d.<\/p>\n<p>\u201cAcept\u00e9 que su amante me gritara<br \/>\ny me dej\u00e9 explotar<br \/>\na cambio de un lugar para dormir<br \/>\nen un continente<br \/>\nque no tiene nada que ver con el m\u00edo (&#8230;)<br \/>\nCuando acabe el d\u00eda<br \/>\ntocar\u00e9 por primera vez a los perros callejeros<br \/>\ny dir\u00e9 en catal\u00e1n<br \/>\n<em>adeu<\/em> (adi\u00f3s)<br \/>\nLa \u00fanica palabra<br \/>\nque en Andorra la Vella aprend\u00ed a decir\u201d<\/p>\n<p style=\"text-align: justify;\">La valent\u00eda de asumirse mediocre, de nadar todo el tiempo <strong>a contracorriente<\/strong> y llorarle a ratos al papel. El acto salvaje de no dejarse explotar y abandonar los propios sue\u00f1os antes que la dignidad. La furia de las palabras de una mujer que se empodera constantemente y por completo son solo un par de las cualidades que destaco de esta obra.<\/p>\n<p style=\"text-align: justify;\">Para terminar les comparto un peque\u00f1o verso de <em>Declaraci\u00f3n para no morir<\/em>, segunda parte del poemario:<\/p>\n<p>\u201c\u00bfLibros y poemas tus hijos comer\u00e1n?<br \/>\n\u00a1Mejor lev\u00e1ntate de tus pensamientos y trabaja!<br \/>\n\u00bfQu\u00e9 har\u00e1s<br \/>\nperdida hija<br \/>\ncuando yo y tu padre ya no estemos?<br \/>\nEl fuego se apaga<br \/>\ny una vez m\u00e1s<br \/>\nno hay \u00e1rbol cerca que me pueda dar le\u00f1a\u201d<\/p>\n<p><strong>Valdebenito, Mar\u00eda Paz. Cabalgando lejan\u00edas, Lima, Hanan Harawi, 2016.<\/strong><\/p>\n<hr \/>\n<p style=\"text-align: justify;\"><span style=\"font-family: 'trebuchet ms', geneva, sans-serif; font-size: 16px;\"><strong>Mar\u00eda Paz Valdebenito<\/strong> (Santiago de Chile, Chile, 1987)<\/span><br \/>\n<span style=\"font-family: 'trebuchet ms', geneva, sans-serif; font-size: 16px;\"> Escritora e investigadora independiente de asuntos socioecon\u00f3micos latinoamericanos. Ha sido publicada en diversas antolog\u00edas po\u00e9ticas (Chile, Espa\u00f1a, EE.UU, Ecuador) y ha obtenido algunos reconocimientos de car\u00e1cter nacional e internacional, entre ellos, Premio Juegos Literarios Gabriela Mistral, g\u00e9nero poes\u00eda (2007), Primer Lugar Concurso de Cuentos Breves, Universidad Tecnol\u00f3gica Metropolitana (2007), Premio IX Certamen de Creaci\u00f3n Literaria Juvenil Poeta Garc\u00eda Guti\u00e9rrez, Espa\u00f1a (2015), Primer Lugar 25\u00b0 Concurso Literario Escritores para Chile 2016.<\/span><\/p>\n<p style=\"text-align: justify;\"><span style=\"color: #808080;\"><a style=\"color: #808080;\" href=\"http:\/\/lascriticas.com\/index.php\/lascriticas\/yuliana-ortiz\/\"><strong><span style=\"font-family: 'trebuchet ms', geneva, sans-serif; font-size: 16px;\">Acerca de Yuliana Ortiz<\/span><\/strong><\/a><\/span><\/p>\n","protected":false},"excerpt":{"rendered":"<p>El libro A mediados de julio recib\u00ed un mensaje de Charlie Boliviani director de Todos tus cr\u00edmenes quedar\u00e1n impunes -ciudadano un tanto ficticio que m\u00e1s bien parece extra\u00eddo de un libro de Roberto Bola\u00f1o-, que junto con John Mart\u00ednez Gonzales, editor de Hanan Harawi, hab\u00eda empezado un proyecto para lanzar en primera instancia una colecci\u00f3n&#8230;<\/p>\n","protected":false},"author":15,"featured_media":1140,"comment_status":"open","ping_status":"open","sticky":false,"template":"","format":"standard","meta":{"footnotes":""},"categories":[45,37],"tags":[147,148,55],"yoast_head":"<!-- This site is optimized with the Yoast SEO plugin v23.5 - https:\/\/yoast.com\/wordpress\/plugins\/seo\/ -->\n<title>Cabalgando lejan\u00edas, de Mar\u00eda Paz Valdebenito - Las Cr\u00edticas<\/title>\n<meta name=\"description\" content=\"Esta antolog\u00eda es un museo de derrotas, desarraigo y resistencia. Ver c\u00f3mo el producto de tanto sudor y l\u00e1grimas gesta algo hermoso.\" \/>\n<meta name=\"robots\" content=\"index, follow, max-snippet:-1, max-image-preview:large, max-video-preview:-1\" \/>\n<link rel=\"canonical\" href=\"https:\/\/lascriticas.com\/index.php\/2016\/12\/31\/cabalgando-lejanias-maria-paz-valdebenito\/\" \/>\n<meta property=\"og:locale\" content=\"es_ES\" \/>\n<meta property=\"og:type\" content=\"article\" \/>\n<meta property=\"og:title\" content=\"Cabalgando lejan\u00edas, de Mar\u00eda Paz Valdebenito - Las Cr\u00edticas\" \/>\n<meta property=\"og:description\" content=\"Esta antolog\u00eda es un museo de derrotas, desarraigo y resistencia. Ver c\u00f3mo el producto de tanto sudor y l\u00e1grimas gesta algo hermoso.\" \/>\n<meta property=\"og:url\" content=\"https:\/\/lascriticas.com\/index.php\/2016\/12\/31\/cabalgando-lejanias-maria-paz-valdebenito\/\" \/>\n<meta property=\"og:site_name\" content=\"Las Cr\u00edticas\" \/>\n<meta property=\"article:publisher\" content=\"https:\/\/www.facebook.com\/lascriticas\/\" \/>\n<meta property=\"article:published_time\" content=\"2016-12-31T10:10:45+00:00\" \/>\n<meta property=\"article:modified_time\" content=\"2017-01-20T11:13:47+00:00\" \/>\n<meta property=\"og:image\" content=\"https:\/\/lascriticas.com\/wp-content\/uploads\/2016\/12\/Foto-Jos\u00e9-Ma\u00f1odes.jpg\" \/>\n\t<meta property=\"og:image:width\" content=\"960\" \/>\n\t<meta property=\"og:image:height\" content=\"640\" \/>\n\t<meta property=\"og:image:type\" content=\"image\/jpeg\" \/>\n<meta name=\"author\" content=\"Yuliana Ortiz\" \/>\n<meta name=\"twitter:card\" content=\"summary_large_image\" \/>\n<meta name=\"twitter:creator\" content=\"@LasCriticas_com\" \/>\n<meta name=\"twitter:site\" content=\"@LasCriticas_com\" \/>\n<meta name=\"twitter:label1\" content=\"Escrito por\" \/>\n\t<meta name=\"twitter:data1\" content=\"Yuliana Ortiz\" \/>\n\t<meta name=\"twitter:label2\" content=\"Tiempo de lectura\" \/>\n\t<meta name=\"twitter:data2\" content=\"3 minutos\" \/>\n<script type=\"application\/ld+json\" class=\"yoast-schema-graph\">{\"@context\":\"https:\/\/schema.org\",\"@graph\":[{\"@type\":\"Article\",\"@id\":\"https:\/\/lascriticas.com\/index.php\/2016\/12\/31\/cabalgando-lejanias-maria-paz-valdebenito\/#article\",\"isPartOf\":{\"@id\":\"https:\/\/lascriticas.com\/index.php\/2016\/12\/31\/cabalgando-lejanias-maria-paz-valdebenito\/\"},\"author\":{\"name\":\"Yuliana Ortiz\",\"@id\":\"https:\/\/lascriticas.com\/#\/schema\/person\/89bd2c558fe18c83d0032961f2d20682\"},\"headline\":\"Cabalgando lejan\u00edas, de Mar\u00eda Paz Valdebenito\",\"datePublished\":\"2016-12-31T10:10:45+00:00\",\"dateModified\":\"2017-01-20T11:13:47+00:00\",\"mainEntityOfPage\":{\"@id\":\"https:\/\/lascriticas.com\/index.php\/2016\/12\/31\/cabalgando-lejanias-maria-paz-valdebenito\/\"},\"wordCount\":668,\"commentCount\":0,\"publisher\":{\"@id\":\"https:\/\/lascriticas.com\/#organization\"},\"image\":{\"@id\":\"https:\/\/lascriticas.com\/index.php\/2016\/12\/31\/cabalgando-lejanias-maria-paz-valdebenito\/#primaryimage\"},\"thumbnailUrl\":\"https:\/\/lascriticas.com\/wp-content\/uploads\/2016\/12\/Foto-Jos\u00e9-Ma\u00f1odes.jpg\",\"keywords\":[\"Chile\",\"migraci\u00f3n\",\"poes\u00eda\"],\"articleSection\":[\"Poes\u00eda\",\"Rese\u00f1as\"],\"inLanguage\":\"es\",\"potentialAction\":[{\"@type\":\"CommentAction\",\"name\":\"Comment\",\"target\":[\"https:\/\/lascriticas.com\/index.php\/2016\/12\/31\/cabalgando-lejanias-maria-paz-valdebenito\/#respond\"]}]},{\"@type\":\"WebPage\",\"@id\":\"https:\/\/lascriticas.com\/index.php\/2016\/12\/31\/cabalgando-lejanias-maria-paz-valdebenito\/\",\"url\":\"https:\/\/lascriticas.com\/index.php\/2016\/12\/31\/cabalgando-lejanias-maria-paz-valdebenito\/\",\"name\":\"Cabalgando lejan\u00edas, de Mar\u00eda Paz Valdebenito - Las Cr\u00edticas\",\"isPartOf\":{\"@id\":\"https:\/\/lascriticas.com\/#website\"},\"primaryImageOfPage\":{\"@id\":\"https:\/\/lascriticas.com\/index.php\/2016\/12\/31\/cabalgando-lejanias-maria-paz-valdebenito\/#primaryimage\"},\"image\":{\"@id\":\"https:\/\/lascriticas.com\/index.php\/2016\/12\/31\/cabalgando-lejanias-maria-paz-valdebenito\/#primaryimage\"},\"thumbnailUrl\":\"https:\/\/lascriticas.com\/wp-content\/uploads\/2016\/12\/Foto-Jos\u00e9-Ma\u00f1odes.jpg\",\"datePublished\":\"2016-12-31T10:10:45+00:00\",\"dateModified\":\"2017-01-20T11:13:47+00:00\",\"description\":\"Esta antolog\u00eda es un museo de derrotas, desarraigo y resistencia. Ver c\u00f3mo el producto de tanto sudor y l\u00e1grimas gesta algo hermoso.\",\"breadcrumb\":{\"@id\":\"https:\/\/lascriticas.com\/index.php\/2016\/12\/31\/cabalgando-lejanias-maria-paz-valdebenito\/#breadcrumb\"},\"inLanguage\":\"es\",\"potentialAction\":[{\"@type\":\"ReadAction\",\"target\":[\"https:\/\/lascriticas.com\/index.php\/2016\/12\/31\/cabalgando-lejanias-maria-paz-valdebenito\/\"]}]},{\"@type\":\"ImageObject\",\"inLanguage\":\"es\",\"@id\":\"https:\/\/lascriticas.com\/index.php\/2016\/12\/31\/cabalgando-lejanias-maria-paz-valdebenito\/#primaryimage\",\"url\":\"https:\/\/lascriticas.com\/wp-content\/uploads\/2016\/12\/Foto-Jos\u00e9-Ma\u00f1odes.jpg\",\"contentUrl\":\"https:\/\/lascriticas.com\/wp-content\/uploads\/2016\/12\/Foto-Jos\u00e9-Ma\u00f1odes.jpg\",\"width\":960,\"height\":640},{\"@type\":\"BreadcrumbList\",\"@id\":\"https:\/\/lascriticas.com\/index.php\/2016\/12\/31\/cabalgando-lejanias-maria-paz-valdebenito\/#breadcrumb\",\"itemListElement\":[{\"@type\":\"ListItem\",\"position\":1,\"name\":\"Inicio\",\"item\":\"https:\/\/lascriticas.com\/\"},{\"@type\":\"ListItem\",\"position\":2,\"name\":\"Cabalgando lejan\u00edas, de Mar\u00eda Paz Valdebenito\"}]},{\"@type\":\"WebSite\",\"@id\":\"https:\/\/lascriticas.com\/#website\",\"url\":\"https:\/\/lascriticas.com\/\",\"name\":\"Las Cr\u00edticas\",\"description\":\"Cr\u00edtica literaria hecha por mujeres\",\"publisher\":{\"@id\":\"https:\/\/lascriticas.com\/#organization\"},\"potentialAction\":[{\"@type\":\"SearchAction\",\"target\":{\"@type\":\"EntryPoint\",\"urlTemplate\":\"https:\/\/lascriticas.com\/?s={search_term_string}\"},\"query-input\":{\"@type\":\"PropertyValueSpecification\",\"valueRequired\":true,\"valueName\":\"search_term_string\"}}],\"inLanguage\":\"es\"},{\"@type\":\"Organization\",\"@id\":\"https:\/\/lascriticas.com\/#organization\",\"name\":\"Las Cr\u00edticas\",\"url\":\"https:\/\/lascriticas.com\/\",\"logo\":{\"@type\":\"ImageObject\",\"inLanguage\":\"es\",\"@id\":\"https:\/\/lascriticas.com\/#\/schema\/logo\/image\/\",\"url\":\"https:\/\/lascriticas.com\/wp-content\/uploads\/2016\/09\/Las-Cr\u00edticas.png\",\"contentUrl\":\"https:\/\/lascriticas.com\/wp-content\/uploads\/2016\/09\/Las-Cr\u00edticas.png\",\"width\":372,\"height\":201,\"caption\":\"Las Cr\u00edticas\"},\"image\":{\"@id\":\"https:\/\/lascriticas.com\/#\/schema\/logo\/image\/\"},\"sameAs\":[\"https:\/\/www.facebook.com\/lascriticas\/\",\"https:\/\/x.com\/LasCriticas_com\",\"https:\/\/www.instagram.com\/lascriticas_com\/\",\"https:\/\/www.youtube.com\/channel\/UCd7r-H6EJA4sSXGLX33_iHQ\"]},{\"@type\":\"Person\",\"@id\":\"https:\/\/lascriticas.com\/#\/schema\/person\/89bd2c558fe18c83d0032961f2d20682\",\"name\":\"Yuliana Ortiz\",\"image\":{\"@type\":\"ImageObject\",\"inLanguage\":\"es\",\"@id\":\"https:\/\/lascriticas.com\/#\/schema\/person\/image\/\",\"url\":\"https:\/\/secure.gravatar.com\/avatar\/9dca984e78c76a3e2fe1c19eec4fd08d?s=96&d=mm&r=g\",\"contentUrl\":\"https:\/\/secure.gravatar.com\/avatar\/9dca984e78c76a3e2fe1c19eec4fd08d?s=96&d=mm&r=g\",\"caption\":\"Yuliana Ortiz\"},\"url\":\"https:\/\/lascriticas.com\/index.php\/author\/yuliana-ortiz\/\"}]}<\/script>\n<!-- \/ Yoast SEO plugin. -->","yoast_head_json":{"title":"Cabalgando lejan\u00edas, de Mar\u00eda Paz Valdebenito - Las Cr\u00edticas","description":"Esta antolog\u00eda es un museo de derrotas, desarraigo y resistencia. Ver c\u00f3mo el producto de tanto sudor y l\u00e1grimas gesta algo hermoso.","robots":{"index":"index","follow":"follow","max-snippet":"max-snippet:-1","max-image-preview":"max-image-preview:large","max-video-preview":"max-video-preview:-1"},"canonical":"https:\/\/lascriticas.com\/index.php\/2016\/12\/31\/cabalgando-lejanias-maria-paz-valdebenito\/","og_locale":"es_ES","og_type":"article","og_title":"Cabalgando lejan\u00edas, de Mar\u00eda Paz Valdebenito - Las Cr\u00edticas","og_description":"Esta antolog\u00eda es un museo de derrotas, desarraigo y resistencia. Ver c\u00f3mo el producto de tanto sudor y l\u00e1grimas gesta algo hermoso.","og_url":"https:\/\/lascriticas.com\/index.php\/2016\/12\/31\/cabalgando-lejanias-maria-paz-valdebenito\/","og_site_name":"Las Cr\u00edticas","article_publisher":"https:\/\/www.facebook.com\/lascriticas\/","article_published_time":"2016-12-31T10:10:45+00:00","article_modified_time":"2017-01-20T11:13:47+00:00","og_image":[{"width":960,"height":640,"url":"https:\/\/lascriticas.com\/wp-content\/uploads\/2016\/12\/Foto-Jos\u00e9-Ma\u00f1odes.jpg","type":"image\/jpeg"}],"author":"Yuliana Ortiz","twitter_card":"summary_large_image","twitter_creator":"@LasCriticas_com","twitter_site":"@LasCriticas_com","twitter_misc":{"Escrito por":"Yuliana Ortiz","Tiempo de lectura":"3 minutos"},"schema":{"@context":"https:\/\/schema.org","@graph":[{"@type":"Article","@id":"https:\/\/lascriticas.com\/index.php\/2016\/12\/31\/cabalgando-lejanias-maria-paz-valdebenito\/#article","isPartOf":{"@id":"https:\/\/lascriticas.com\/index.php\/2016\/12\/31\/cabalgando-lejanias-maria-paz-valdebenito\/"},"author":{"name":"Yuliana Ortiz","@id":"https:\/\/lascriticas.com\/#\/schema\/person\/89bd2c558fe18c83d0032961f2d20682"},"headline":"Cabalgando lejan\u00edas, de Mar\u00eda Paz Valdebenito","datePublished":"2016-12-31T10:10:45+00:00","dateModified":"2017-01-20T11:13:47+00:00","mainEntityOfPage":{"@id":"https:\/\/lascriticas.com\/index.php\/2016\/12\/31\/cabalgando-lejanias-maria-paz-valdebenito\/"},"wordCount":668,"commentCount":0,"publisher":{"@id":"https:\/\/lascriticas.com\/#organization"},"image":{"@id":"https:\/\/lascriticas.com\/index.php\/2016\/12\/31\/cabalgando-lejanias-maria-paz-valdebenito\/#primaryimage"},"thumbnailUrl":"https:\/\/lascriticas.com\/wp-content\/uploads\/2016\/12\/Foto-Jos\u00e9-Ma\u00f1odes.jpg","keywords":["Chile","migraci\u00f3n","poes\u00eda"],"articleSection":["Poes\u00eda","Rese\u00f1as"],"inLanguage":"es","potentialAction":[{"@type":"CommentAction","name":"Comment","target":["https:\/\/lascriticas.com\/index.php\/2016\/12\/31\/cabalgando-lejanias-maria-paz-valdebenito\/#respond"]}]},{"@type":"WebPage","@id":"https:\/\/lascriticas.com\/index.php\/2016\/12\/31\/cabalgando-lejanias-maria-paz-valdebenito\/","url":"https:\/\/lascriticas.com\/index.php\/2016\/12\/31\/cabalgando-lejanias-maria-paz-valdebenito\/","name":"Cabalgando lejan\u00edas, de Mar\u00eda Paz Valdebenito - Las Cr\u00edticas","isPartOf":{"@id":"https:\/\/lascriticas.com\/#website"},"primaryImageOfPage":{"@id":"https:\/\/lascriticas.com\/index.php\/2016\/12\/31\/cabalgando-lejanias-maria-paz-valdebenito\/#primaryimage"},"image":{"@id":"https:\/\/lascriticas.com\/index.php\/2016\/12\/31\/cabalgando-lejanias-maria-paz-valdebenito\/#primaryimage"},"thumbnailUrl":"https:\/\/lascriticas.com\/wp-content\/uploads\/2016\/12\/Foto-Jos\u00e9-Ma\u00f1odes.jpg","datePublished":"2016-12-31T10:10:45+00:00","dateModified":"2017-01-20T11:13:47+00:00","description":"Esta antolog\u00eda es un museo de derrotas, desarraigo y resistencia. Ver c\u00f3mo el producto de tanto sudor y l\u00e1grimas gesta algo hermoso.","breadcrumb":{"@id":"https:\/\/lascriticas.com\/index.php\/2016\/12\/31\/cabalgando-lejanias-maria-paz-valdebenito\/#breadcrumb"},"inLanguage":"es","potentialAction":[{"@type":"ReadAction","target":["https:\/\/lascriticas.com\/index.php\/2016\/12\/31\/cabalgando-lejanias-maria-paz-valdebenito\/"]}]},{"@type":"ImageObject","inLanguage":"es","@id":"https:\/\/lascriticas.com\/index.php\/2016\/12\/31\/cabalgando-lejanias-maria-paz-valdebenito\/#primaryimage","url":"https:\/\/lascriticas.com\/wp-content\/uploads\/2016\/12\/Foto-Jos\u00e9-Ma\u00f1odes.jpg","contentUrl":"https:\/\/lascriticas.com\/wp-content\/uploads\/2016\/12\/Foto-Jos\u00e9-Ma\u00f1odes.jpg","width":960,"height":640},{"@type":"BreadcrumbList","@id":"https:\/\/lascriticas.com\/index.php\/2016\/12\/31\/cabalgando-lejanias-maria-paz-valdebenito\/#breadcrumb","itemListElement":[{"@type":"ListItem","position":1,"name":"Inicio","item":"https:\/\/lascriticas.com\/"},{"@type":"ListItem","position":2,"name":"Cabalgando lejan\u00edas, de Mar\u00eda Paz Valdebenito"}]},{"@type":"WebSite","@id":"https:\/\/lascriticas.com\/#website","url":"https:\/\/lascriticas.com\/","name":"Las Cr\u00edticas","description":"Cr\u00edtica literaria hecha por mujeres","publisher":{"@id":"https:\/\/lascriticas.com\/#organization"},"potentialAction":[{"@type":"SearchAction","target":{"@type":"EntryPoint","urlTemplate":"https:\/\/lascriticas.com\/?s={search_term_string}"},"query-input":{"@type":"PropertyValueSpecification","valueRequired":true,"valueName":"search_term_string"}}],"inLanguage":"es"},{"@type":"Organization","@id":"https:\/\/lascriticas.com\/#organization","name":"Las Cr\u00edticas","url":"https:\/\/lascriticas.com\/","logo":{"@type":"ImageObject","inLanguage":"es","@id":"https:\/\/lascriticas.com\/#\/schema\/logo\/image\/","url":"https:\/\/lascriticas.com\/wp-content\/uploads\/2016\/09\/Las-Cr\u00edticas.png","contentUrl":"https:\/\/lascriticas.com\/wp-content\/uploads\/2016\/09\/Las-Cr\u00edticas.png","width":372,"height":201,"caption":"Las Cr\u00edticas"},"image":{"@id":"https:\/\/lascriticas.com\/#\/schema\/logo\/image\/"},"sameAs":["https:\/\/www.facebook.com\/lascriticas\/","https:\/\/x.com\/LasCriticas_com","https:\/\/www.instagram.com\/lascriticas_com\/","https:\/\/www.youtube.com\/channel\/UCd7r-H6EJA4sSXGLX33_iHQ"]},{"@type":"Person","@id":"https:\/\/lascriticas.com\/#\/schema\/person\/89bd2c558fe18c83d0032961f2d20682","name":"Yuliana Ortiz","image":{"@type":"ImageObject","inLanguage":"es","@id":"https:\/\/lascriticas.com\/#\/schema\/person\/image\/","url":"https:\/\/secure.gravatar.com\/avatar\/9dca984e78c76a3e2fe1c19eec4fd08d?s=96&d=mm&r=g","contentUrl":"https:\/\/secure.gravatar.com\/avatar\/9dca984e78c76a3e2fe1c19eec4fd08d?s=96&d=mm&r=g","caption":"Yuliana Ortiz"},"url":"https:\/\/lascriticas.com\/index.php\/author\/yuliana-ortiz\/"}]}},"_links":{"self":[{"href":"https:\/\/lascriticas.com\/index.php\/wp-json\/wp\/v2\/posts\/1095"}],"collection":[{"href":"https:\/\/lascriticas.com\/index.php\/wp-json\/wp\/v2\/posts"}],"about":[{"href":"https:\/\/lascriticas.com\/index.php\/wp-json\/wp\/v2\/types\/post"}],"author":[{"embeddable":true,"href":"https:\/\/lascriticas.com\/index.php\/wp-json\/wp\/v2\/users\/15"}],"replies":[{"embeddable":true,"href":"https:\/\/lascriticas.com\/index.php\/wp-json\/wp\/v2\/comments?post=1095"}],"version-history":[{"count":8,"href":"https:\/\/lascriticas.com\/index.php\/wp-json\/wp\/v2\/posts\/1095\/revisions"}],"predecessor-version":[{"id":1190,"href":"https:\/\/lascriticas.com\/index.php\/wp-json\/wp\/v2\/posts\/1095\/revisions\/1190"}],"wp:featuredmedia":[{"embeddable":true,"href":"https:\/\/lascriticas.com\/index.php\/wp-json\/wp\/v2\/media\/1140"}],"wp:attachment":[{"href":"https:\/\/lascriticas.com\/index.php\/wp-json\/wp\/v2\/media?parent=1095"}],"wp:term":[{"taxonomy":"category","embeddable":true,"href":"https:\/\/lascriticas.com\/index.php\/wp-json\/wp\/v2\/categories?post=1095"},{"taxonomy":"post_tag","embeddable":true,"href":"https:\/\/lascriticas.com\/index.php\/wp-json\/wp\/v2\/tags?post=1095"}],"curies":[{"name":"wp","href":"https:\/\/api.w.org\/{rel}","templated":true}]}}